{"id":5928,"date":"2015-08-04T00:00:00","date_gmt":"2015-08-03T22:00:00","guid":{"rendered":"http:\/\/physiotherapybarcelona.net\/sabes-que-el-grado-en-fisioterapia-internacional-te-ofrece-un-amplio-abanico-de-salidas-profesionales-matriculate-en-septiembre-en-el-campus-de-barcelona\/"},"modified":"2015-08-04T00:00:00","modified_gmt":"2015-08-03T22:00:00","slug":"sabes-que-el-grado-en-fisioterapia-internacional-te-ofrece-un-amplio-abanico-de-salidas-profesionales-matriculate-en-septiembre-en-el-campus-de-barcelona","status":"publish","type":"post","link":"https:\/\/barcelona.euses.cat\/es\/sabes-que-el-grado-en-fisioterapia-internacional-te-ofrece-un-amplio-abanico-de-salidas-profesionales-matriculate-en-septiembre-en-el-campus-de-barcelona\/","title":{"rendered":"\u00bfSabes que el Grado en Fisioterapia Internacional te ofrece un amplio abanico de salidas profesionales? Matric\u00falate en septiembre en el Campus de Barcelona"},"content":{"rendered":"<p>Sin necesidad de hacer un ERASMUS, tienes la posibilidad de estudiar fisioterapia en ingl\u00e9s en Barcelona. Esta es una importante ventaja del Grado en Fisioterapia Internacional de la Escuela de Nuevas Tecnolog\u00edas Interactivas (ENTI-UB) y de la Escuela de la Salud y el Deporte (EUSES-UdG), de cara a facilitar tu futuro acceso al mercado laboral. Pero no es el \u00fanico tambi\u00e9n contar\u00e1s con un profesorado cualificado y gracias a la presencia de ENTI y EUSES, aprender\u00e1s a aplicar las nuevas tecnolog\u00edas en el \u00e1mbito de la fisioterapia.<\/p>\n<p>Por tanto, una vez hayas finalizado este Grado, optar\u00e1s a un amplio abanico de salidas profesionales:<\/p>\n<ul>\n<li><strong>Sector m\u00e9dico<\/strong>. Podr\u00e1s ejercer en diversas ramas de la medicina. Cabe destacar: la traumatolog\u00eda, centrada en las lesiones deportivas; la pediatr\u00eda; las afecciones cardiorrespiratorias; la ergonom\u00eda; la neurolog\u00eda; el uro-ginecolog\u00eda o la reumatolog\u00eda.<\/li>\n<\/ul>\n<ul>\n<li><strong>Docencia<\/strong>. Si tienes vocaci\u00f3n por la ense\u00f1anza, una de las salidas profesionales en alza es la de profesor de fisioterapia. Precisamente el desarrollo profesional acad\u00e9mico se ha convertido en la actualidad, un foco de gran inter\u00e9s en el mundo de la fisioterapia.<\/li>\n<\/ul>\n<ul>\n<li><strong>Profesional aut\u00f3nomo<\/strong>. Otra posibilidad es ejercer la profesi\u00f3n de manera aut\u00f3noma, trabajando en tu propio centro de rehabilitaci\u00f3n o bien, integr\u00e1ndose en equipos multidisciplinares, es decir, en cl\u00ednicas, centros de atenci\u00f3n primaria, hospitales o mutuas.<\/li>\n<\/ul>\n<ul>\n<li><strong>Campo de la innovaci\u00f3n tecnol\u00f3gica<\/strong>. Gracias a la presencia de ENTIDAD, escuela pionera en nuevas tecnolog\u00edas, alcanzar\u00e1s los conocimientos necesarios para desarrollarse profesionalmente en el \u00e1mbito de la aplicaci\u00f3n tecnol\u00f3gica en el campo de la fisioterapia. Un \u00e1mbito innovador, en potencia y con un amplio espectro de desarrollo en nuestra sociedad, pues une aspectos tan relevantes como la atenci\u00f3n sanitaria y las nuevas tecnolog\u00edas.<\/li>\n<\/ul>\n<p>Por tanto, con el Grado en Fisioterapia Internacional UB-UdG, aprender\u00e1s los diferentes aspectos de la fisioterapia desde la valoraci\u00f3n, el diagn\u00f3stico, el dise\u00f1o y el desarrollo de tratamientos, incorporando las TIC sanitarias. Y todo ello, estudiando en ingl\u00e9s en la mejor universidad de Barcelona.<\/p>\n<p>Prepara tu futuro profesional con \u00e9xito. Matric\u00falate en septiembre al <a href=\"http:\/\/goo.gl\/mbwYgX\"><strong>Grado en Fisioterapia Internacional UB-UdG<\/strong><\/a>.<\/p>\n<p>&nbsp;<\/p>\n","protected":false},"excerpt":{"rendered":"<p>Sin necesidad de hacer un ERASMUS, tienes la posibilidad de estudiar fisioterapia en ingl\u00e9s en Barcelona. Esta es una importante ventaja del Grado en Fisioterapia Internacional de la Escuela de Nuevas Tecnolog\u00edas Interactivas (ENTI-UB) y de la Escuela de la Salud y el Deporte (EUSES-UdG), de cara a facilitar tu futuro acceso al mercado laboral. [&hellip;]<\/p>\n","protected":false},"author":1,"featured_media":5451,"comment_status":"closed","ping_status":"closed","sticky":false,"template":"","format":"standard","meta":{"_acf_changed":false,"inline_featured_image":false,"_joinchat":[],"footnotes":""},"categories":[1],"tags":[44],"class_list":["post-5928","post","type-post","status-publish","format-standard","has-post-thumbnail","hentry","category-sin-categorizar","tag-castellano"],"acf":[],"yoast_head":"<!-- This site is optimized with the Yoast SEO plugin v27.4 - https:\/\/yoast.com\/product\/yoast-seo-wordpress\/ -->\n<title>\u00bfSabes que el Grado en Fisioterapia Internacional te ofrece un amplio abanico de salidas profesionales? Matric\u00falate en septiembre en el Campus de Barcelona | EUSES - Campus de Bellvitge (Barcelona)<\/title>\n<meta name=\"robots\" content=\"index, follow, max-snippet:-1, max-image-preview:large, max-video-preview:-1\" \/>\n<link rel=\"canonical\" href=\"https:\/\/barcelona.euses.cat\/es\/sabes-que-el-grado-en-fisioterapia-internacional-te-ofrece-un-amplio-abanico-de-salidas-profesionales-matriculate-en-septiembre-en-el-campus-de-barcelona\/\" \/>\n<meta property=\"og:locale\" content=\"es_ES\" \/>\n<meta property=\"og:type\" content=\"article\" \/>\n<meta property=\"og:title\" content=\"\u00bfSabes que el Grado en Fisioterapia Internacional te ofrece un amplio abanico de salidas profesionales? Matric\u00falate en septiembre en el Campus de Barcelona | EUSES - Campus de Bellvitge (Barcelona)\" \/>\n<meta property=\"og:description\" content=\"Sin necesidad de hacer un ERASMUS, tienes la posibilidad de estudiar fisioterapia en ingl\u00e9s en Barcelona. Esta es una importante ventaja del Grado en Fisioterapia Internacional de la Escuela de Nuevas Tecnolog\u00edas Interactivas (ENTI-UB) y de la Escuela de la Salud y el Deporte (EUSES-UdG), de cara a facilitar tu futuro acceso al mercado laboral. [&hellip;]\" \/>\n<meta property=\"og:url\" content=\"https:\/\/barcelona.euses.cat\/es\/sabes-que-el-grado-en-fisioterapia-internacional-te-ofrece-un-amplio-abanico-de-salidas-profesionales-matriculate-en-septiembre-en-el-campus-de-barcelona\/\" \/>\n<meta property=\"og:site_name\" content=\"EUSES - Campus de Bellvitge (Barcelona)\" \/>\n<meta property=\"article:publisher\" content=\"https:\/\/www.facebook.com\/PhysioBCN\/\" \/>\n<meta property=\"article:published_time\" content=\"2015-08-03T22:00:00+00:00\" \/>\n<meta property=\"og:image\" content=\"https:\/\/barcelona.euses.cat\/wp-content\/uploads\/2018\/02\/Saps-que-el-Grau-en-Fisioter\u00e0pia-Internacional-t\u2019ofereix-un-ampli-ventall-de-sortides-professionals.-Matricula\u2019t-al-setembre-al-Campus-de-Barcelona.jpg\" \/>\n\t<meta property=\"og:image:width\" content=\"982\" \/>\n\t<meta property=\"og:image:height\" content=\"654\" \/>\n\t<meta property=\"og:image:type\" content=\"image\/jpeg\" \/>\n<meta name=\"author\" content=\"neorg\" \/>\n<meta name=\"twitter:card\" content=\"summary_large_image\" \/>\n<meta name=\"twitter:label1\" content=\"Escrito por\" \/>\n\t<meta name=\"twitter:data1\" content=\"neorg\" \/>\n\t<meta name=\"twitter:label2\" content=\"Tiempo de lectura\" \/>\n\t<meta name=\"twitter:data2\" content=\"2 minutos\" \/>\n<script type=\"application\/ld+json\" class=\"yoast-schema-graph\">{\"@context\":\"https:\\\/\\\/schema.org\",\"@graph\":[{\"@type\":\"Article\",\"@id\":\"https:\\\/\\\/barcelona.euses.cat\\\/es\\\/sabes-que-el-grado-en-fisioterapia-internacional-te-ofrece-un-amplio-abanico-de-salidas-profesionales-matriculate-en-septiembre-en-el-campus-de-barcelona\\\/#article\",\"isPartOf\":{\"@id\":\"https:\\\/\\\/barcelona.euses.cat\\\/es\\\/sabes-que-el-grado-en-fisioterapia-internacional-te-ofrece-un-amplio-abanico-de-salidas-profesionales-matriculate-en-septiembre-en-el-campus-de-barcelona\\\/\"},\"author\":{\"name\":\"neorg\",\"@id\":\"https:\\\/\\\/barcelona.euses.cat\\\/ca\\\/#\\\/schema\\\/person\\\/c3074ca9d956eacf02e41e2ff78e53ab\"},\"headline\":\"\u00bfSabes que el Grado en Fisioterapia Internacional te ofrece un amplio abanico de salidas profesionales? Matric\u00falate en septiembre en el Campus de Barcelona\",\"datePublished\":\"2015-08-03T22:00:00+00:00\",\"mainEntityOfPage\":{\"@id\":\"https:\\\/\\\/barcelona.euses.cat\\\/es\\\/sabes-que-el-grado-en-fisioterapia-internacional-te-ofrece-un-amplio-abanico-de-salidas-profesionales-matriculate-en-septiembre-en-el-campus-de-barcelona\\\/\"},\"wordCount\":401,\"image\":{\"@id\":\"https:\\\/\\\/barcelona.euses.cat\\\/es\\\/sabes-que-el-grado-en-fisioterapia-internacional-te-ofrece-un-amplio-abanico-de-salidas-profesionales-matriculate-en-septiembre-en-el-campus-de-barcelona\\\/#primaryimage\"},\"thumbnailUrl\":\"https:\\\/\\\/barcelona.euses.cat\\\/wp-content\\\/uploads\\\/2018\\\/02\\\/Saps-que-el-Grau-en-Fisioter\u00e0pia-Internacional-t\u2019ofereix-un-ampli-ventall-de-sortides-professionals.-Matricula\u2019t-al-setembre-al-Campus-de-Barcelona.jpg\",\"keywords\":[\"Castellano\"],\"articleSection\":[\"Sin categorizar\"],\"inLanguage\":\"es\"},{\"@type\":\"WebPage\",\"@id\":\"https:\\\/\\\/barcelona.euses.cat\\\/es\\\/sabes-que-el-grado-en-fisioterapia-internacional-te-ofrece-un-amplio-abanico-de-salidas-profesionales-matriculate-en-septiembre-en-el-campus-de-barcelona\\\/\",\"url\":\"https:\\\/\\\/barcelona.euses.cat\\\/es\\\/sabes-que-el-grado-en-fisioterapia-internacional-te-ofrece-un-amplio-abanico-de-salidas-profesionales-matriculate-en-septiembre-en-el-campus-de-barcelona\\\/\",\"name\":\"\u00bfSabes que el Grado en Fisioterapia Internacional te ofrece un amplio abanico de salidas profesionales? Matric\u00falate en septiembre en el Campus de Barcelona | EUSES - Campus de Bellvitge (Barcelona)\",\"isPartOf\":{\"@id\":\"https:\\\/\\\/barcelona.euses.cat\\\/ca\\\/#website\"},\"primaryImageOfPage\":{\"@id\":\"https:\\\/\\\/barcelona.euses.cat\\\/es\\\/sabes-que-el-grado-en-fisioterapia-internacional-te-ofrece-un-amplio-abanico-de-salidas-profesionales-matriculate-en-septiembre-en-el-campus-de-barcelona\\\/#primaryimage\"},\"image\":{\"@id\":\"https:\\\/\\\/barcelona.euses.cat\\\/es\\\/sabes-que-el-grado-en-fisioterapia-internacional-te-ofrece-un-amplio-abanico-de-salidas-profesionales-matriculate-en-septiembre-en-el-campus-de-barcelona\\\/#primaryimage\"},\"thumbnailUrl\":\"https:\\\/\\\/barcelona.euses.cat\\\/wp-content\\\/uploads\\\/2018\\\/02\\\/Saps-que-el-Grau-en-Fisioter\u00e0pia-Internacional-t\u2019ofereix-un-ampli-ventall-de-sortides-professionals.-Matricula\u2019t-al-setembre-al-Campus-de-Barcelona.jpg\",\"datePublished\":\"2015-08-03T22:00:00+00:00\",\"author\":{\"@id\":\"https:\\\/\\\/barcelona.euses.cat\\\/ca\\\/#\\\/schema\\\/person\\\/c3074ca9d956eacf02e41e2ff78e53ab\"},\"breadcrumb\":{\"@id\":\"https:\\\/\\\/barcelona.euses.cat\\\/es\\\/sabes-que-el-grado-en-fisioterapia-internacional-te-ofrece-un-amplio-abanico-de-salidas-profesionales-matriculate-en-septiembre-en-el-campus-de-barcelona\\\/#breadcrumb\"},\"inLanguage\":\"es\",\"potentialAction\":[{\"@type\":\"ReadAction\",\"target\":[\"https:\\\/\\\/barcelona.euses.cat\\\/es\\\/sabes-que-el-grado-en-fisioterapia-internacional-te-ofrece-un-amplio-abanico-de-salidas-profesionales-matriculate-en-septiembre-en-el-campus-de-barcelona\\\/\"]}]},{\"@type\":\"ImageObject\",\"inLanguage\":\"es\",\"@id\":\"https:\\\/\\\/barcelona.euses.cat\\\/es\\\/sabes-que-el-grado-en-fisioterapia-internacional-te-ofrece-un-amplio-abanico-de-salidas-profesionales-matriculate-en-septiembre-en-el-campus-de-barcelona\\\/#primaryimage\",\"url\":\"https:\\\/\\\/barcelona.euses.cat\\\/wp-content\\\/uploads\\\/2018\\\/02\\\/Saps-que-el-Grau-en-Fisioter\u00e0pia-Internacional-t\u2019ofereix-un-ampli-ventall-de-sortides-professionals.-Matricula\u2019t-al-setembre-al-Campus-de-Barcelona.jpg\",\"contentUrl\":\"https:\\\/\\\/barcelona.euses.cat\\\/wp-content\\\/uploads\\\/2018\\\/02\\\/Saps-que-el-Grau-en-Fisioter\u00e0pia-Internacional-t\u2019ofereix-un-ampli-ventall-de-sortides-professionals.-Matricula\u2019t-al-setembre-al-Campus-de-Barcelona.jpg\",\"width\":982,\"height\":654},{\"@type\":\"BreadcrumbList\",\"@id\":\"https:\\\/\\\/barcelona.euses.cat\\\/es\\\/sabes-que-el-grado-en-fisioterapia-internacional-te-ofrece-un-amplio-abanico-de-salidas-profesionales-matriculate-en-septiembre-en-el-campus-de-barcelona\\\/#breadcrumb\",\"itemListElement\":[{\"@type\":\"ListItem\",\"position\":1,\"name\":\"Portada\",\"item\":\"https:\\\/\\\/barcelona.euses.cat\\\/es\\\/\"},{\"@type\":\"ListItem\",\"position\":2,\"name\":\"\u00bfSabes que el Grado en Fisioterapia Internacional te ofrece un amplio abanico de salidas profesionales? Matric\u00falate en septiembre en el Campus de Barcelona\"}]},{\"@type\":\"WebSite\",\"@id\":\"https:\\\/\\\/barcelona.euses.cat\\\/ca\\\/#website\",\"url\":\"https:\\\/\\\/barcelona.euses.cat\\\/ca\\\/\",\"name\":\"EUSES - Campus de Bellvitge (Barcelona)\",\"description\":\"EUSES, Escuela Universitaria de Fisioterapia Internacional en Barcelona\",\"potentialAction\":[{\"@type\":\"SearchAction\",\"target\":{\"@type\":\"EntryPoint\",\"urlTemplate\":\"https:\\\/\\\/barcelona.euses.cat\\\/ca\\\/?s={search_term_string}\"},\"query-input\":{\"@type\":\"PropertyValueSpecification\",\"valueRequired\":true,\"valueName\":\"search_term_string\"}}],\"inLanguage\":\"es\"},{\"@type\":\"Person\",\"@id\":\"https:\\\/\\\/barcelona.euses.cat\\\/ca\\\/#\\\/schema\\\/person\\\/c3074ca9d956eacf02e41e2ff78e53ab\",\"name\":\"neorg\",\"image\":{\"@type\":\"ImageObject\",\"inLanguage\":\"es\",\"@id\":\"https:\\\/\\\/secure.gravatar.com\\\/avatar\\\/709d3d8015183afa7401c02e2291a538cbfd4ffe62f4d86ce5f4871f22e86b09?s=96&d=mm&r=g\",\"url\":\"https:\\\/\\\/secure.gravatar.com\\\/avatar\\\/709d3d8015183afa7401c02e2291a538cbfd4ffe62f4d86ce5f4871f22e86b09?s=96&d=mm&r=g\",\"contentUrl\":\"https:\\\/\\\/secure.gravatar.com\\\/avatar\\\/709d3d8015183afa7401c02e2291a538cbfd4ffe62f4d86ce5f4871f22e86b09?s=96&d=mm&r=g\",\"caption\":\"neorg\"},\"url\":\"https:\\\/\\\/barcelona.euses.cat\\\/es\\\/author\\\/neorg\\\/\"}]}<\/script>\n<!-- \/ Yoast SEO plugin. -->","yoast_head_json":{"title":"\u00bfSabes que el Grado en Fisioterapia Internacional te ofrece un amplio abanico de salidas profesionales? Matric\u00falate en septiembre en el Campus de Barcelona | EUSES - Campus de Bellvitge (Barcelona)","robots":{"index":"index","follow":"follow","max-snippet":"max-snippet:-1","max-image-preview":"max-image-preview:large","max-video-preview":"max-video-preview:-1"},"canonical":"https:\/\/barcelona.euses.cat\/es\/sabes-que-el-grado-en-fisioterapia-internacional-te-ofrece-un-amplio-abanico-de-salidas-profesionales-matriculate-en-septiembre-en-el-campus-de-barcelona\/","og_locale":"es_ES","og_type":"article","og_title":"\u00bfSabes que el Grado en Fisioterapia Internacional te ofrece un amplio abanico de salidas profesionales? Matric\u00falate en septiembre en el Campus de Barcelona | EUSES - Campus de Bellvitge (Barcelona)","og_description":"Sin necesidad de hacer un ERASMUS, tienes la posibilidad de estudiar fisioterapia en ingl\u00e9s en Barcelona. Esta es una importante ventaja del Grado en Fisioterapia Internacional de la Escuela de Nuevas Tecnolog\u00edas Interactivas (ENTI-UB) y de la Escuela de la Salud y el Deporte (EUSES-UdG), de cara a facilitar tu futuro acceso al mercado laboral. [&hellip;]","og_url":"https:\/\/barcelona.euses.cat\/es\/sabes-que-el-grado-en-fisioterapia-internacional-te-ofrece-un-amplio-abanico-de-salidas-profesionales-matriculate-en-septiembre-en-el-campus-de-barcelona\/","og_site_name":"EUSES - Campus de Bellvitge (Barcelona)","article_publisher":"https:\/\/www.facebook.com\/PhysioBCN\/","article_published_time":"2015-08-03T22:00:00+00:00","og_image":[{"width":982,"height":654,"url":"https:\/\/barcelona.euses.cat\/wp-content\/uploads\/2018\/02\/Saps-que-el-Grau-en-Fisioter\u00e0pia-Internacional-t\u2019ofereix-un-ampli-ventall-de-sortides-professionals.-Matricula\u2019t-al-setembre-al-Campus-de-Barcelona.jpg","type":"image\/jpeg"}],"author":"neorg","twitter_card":"summary_large_image","twitter_misc":{"Escrito por":"neorg","Tiempo de lectura":"2 minutos"},"schema":{"@context":"https:\/\/schema.org","@graph":[{"@type":"Article","@id":"https:\/\/barcelona.euses.cat\/es\/sabes-que-el-grado-en-fisioterapia-internacional-te-ofrece-un-amplio-abanico-de-salidas-profesionales-matriculate-en-septiembre-en-el-campus-de-barcelona\/#article","isPartOf":{"@id":"https:\/\/barcelona.euses.cat\/es\/sabes-que-el-grado-en-fisioterapia-internacional-te-ofrece-un-amplio-abanico-de-salidas-profesionales-matriculate-en-septiembre-en-el-campus-de-barcelona\/"},"author":{"name":"neorg","@id":"https:\/\/barcelona.euses.cat\/ca\/#\/schema\/person\/c3074ca9d956eacf02e41e2ff78e53ab"},"headline":"\u00bfSabes que el Grado en Fisioterapia Internacional te ofrece un amplio abanico de salidas profesionales? Matric\u00falate en septiembre en el Campus de Barcelona","datePublished":"2015-08-03T22:00:00+00:00","mainEntityOfPage":{"@id":"https:\/\/barcelona.euses.cat\/es\/sabes-que-el-grado-en-fisioterapia-internacional-te-ofrece-un-amplio-abanico-de-salidas-profesionales-matriculate-en-septiembre-en-el-campus-de-barcelona\/"},"wordCount":401,"image":{"@id":"https:\/\/barcelona.euses.cat\/es\/sabes-que-el-grado-en-fisioterapia-internacional-te-ofrece-un-amplio-abanico-de-salidas-profesionales-matriculate-en-septiembre-en-el-campus-de-barcelona\/#primaryimage"},"thumbnailUrl":"https:\/\/barcelona.euses.cat\/wp-content\/uploads\/2018\/02\/Saps-que-el-Grau-en-Fisioter\u00e0pia-Internacional-t\u2019ofereix-un-ampli-ventall-de-sortides-professionals.-Matricula\u2019t-al-setembre-al-Campus-de-Barcelona.jpg","keywords":["Castellano"],"articleSection":["Sin categorizar"],"inLanguage":"es"},{"@type":"WebPage","@id":"https:\/\/barcelona.euses.cat\/es\/sabes-que-el-grado-en-fisioterapia-internacional-te-ofrece-un-amplio-abanico-de-salidas-profesionales-matriculate-en-septiembre-en-el-campus-de-barcelona\/","url":"https:\/\/barcelona.euses.cat\/es\/sabes-que-el-grado-en-fisioterapia-internacional-te-ofrece-un-amplio-abanico-de-salidas-profesionales-matriculate-en-septiembre-en-el-campus-de-barcelona\/","name":"\u00bfSabes que el Grado en Fisioterapia Internacional te ofrece un amplio abanico de salidas profesionales? Matric\u00falate en septiembre en el Campus de Barcelona | EUSES - Campus de Bellvitge (Barcelona)","isPartOf":{"@id":"https:\/\/barcelona.euses.cat\/ca\/#website"},"primaryImageOfPage":{"@id":"https:\/\/barcelona.euses.cat\/es\/sabes-que-el-grado-en-fisioterapia-internacional-te-ofrece-un-amplio-abanico-de-salidas-profesionales-matriculate-en-septiembre-en-el-campus-de-barcelona\/#primaryimage"},"image":{"@id":"https:\/\/barcelona.euses.cat\/es\/sabes-que-el-grado-en-fisioterapia-internacional-te-ofrece-un-amplio-abanico-de-salidas-profesionales-matriculate-en-septiembre-en-el-campus-de-barcelona\/#primaryimage"},"thumbnailUrl":"https:\/\/barcelona.euses.cat\/wp-content\/uploads\/2018\/02\/Saps-que-el-Grau-en-Fisioter\u00e0pia-Internacional-t\u2019ofereix-un-ampli-ventall-de-sortides-professionals.-Matricula\u2019t-al-setembre-al-Campus-de-Barcelona.jpg","datePublished":"2015-08-03T22:00:00+00:00","author":{"@id":"https:\/\/barcelona.euses.cat\/ca\/#\/schema\/person\/c3074ca9d956eacf02e41e2ff78e53ab"},"breadcrumb":{"@id":"https:\/\/barcelona.euses.cat\/es\/sabes-que-el-grado-en-fisioterapia-internacional-te-ofrece-un-amplio-abanico-de-salidas-profesionales-matriculate-en-septiembre-en-el-campus-de-barcelona\/#breadcrumb"},"inLanguage":"es","potentialAction":[{"@type":"ReadAction","target":["https:\/\/barcelona.euses.cat\/es\/sabes-que-el-grado-en-fisioterapia-internacional-te-ofrece-un-amplio-abanico-de-salidas-profesionales-matriculate-en-septiembre-en-el-campus-de-barcelona\/"]}]},{"@type":"ImageObject","inLanguage":"es","@id":"https:\/\/barcelona.euses.cat\/es\/sabes-que-el-grado-en-fisioterapia-internacional-te-ofrece-un-amplio-abanico-de-salidas-profesionales-matriculate-en-septiembre-en-el-campus-de-barcelona\/#primaryimage","url":"https:\/\/barcelona.euses.cat\/wp-content\/uploads\/2018\/02\/Saps-que-el-Grau-en-Fisioter\u00e0pia-Internacional-t\u2019ofereix-un-ampli-ventall-de-sortides-professionals.-Matricula\u2019t-al-setembre-al-Campus-de-Barcelona.jpg","contentUrl":"https:\/\/barcelona.euses.cat\/wp-content\/uploads\/2018\/02\/Saps-que-el-Grau-en-Fisioter\u00e0pia-Internacional-t\u2019ofereix-un-ampli-ventall-de-sortides-professionals.-Matricula\u2019t-al-setembre-al-Campus-de-Barcelona.jpg","width":982,"height":654},{"@type":"BreadcrumbList","@id":"https:\/\/barcelona.euses.cat\/es\/sabes-que-el-grado-en-fisioterapia-internacional-te-ofrece-un-amplio-abanico-de-salidas-profesionales-matriculate-en-septiembre-en-el-campus-de-barcelona\/#breadcrumb","itemListElement":[{"@type":"ListItem","position":1,"name":"Portada","item":"https:\/\/barcelona.euses.cat\/es\/"},{"@type":"ListItem","position":2,"name":"\u00bfSabes que el Grado en Fisioterapia Internacional te ofrece un amplio abanico de salidas profesionales? Matric\u00falate en septiembre en el Campus de Barcelona"}]},{"@type":"WebSite","@id":"https:\/\/barcelona.euses.cat\/ca\/#website","url":"https:\/\/barcelona.euses.cat\/ca\/","name":"EUSES - Campus de Bellvitge (Barcelona)","description":"EUSES, Escuela Universitaria de Fisioterapia Internacional en Barcelona","potentialAction":[{"@type":"SearchAction","target":{"@type":"EntryPoint","urlTemplate":"https:\/\/barcelona.euses.cat\/ca\/?s={search_term_string}"},"query-input":{"@type":"PropertyValueSpecification","valueRequired":true,"valueName":"search_term_string"}}],"inLanguage":"es"},{"@type":"Person","@id":"https:\/\/barcelona.euses.cat\/ca\/#\/schema\/person\/c3074ca9d956eacf02e41e2ff78e53ab","name":"neorg","image":{"@type":"ImageObject","inLanguage":"es","@id":"https:\/\/secure.gravatar.com\/avatar\/709d3d8015183afa7401c02e2291a538cbfd4ffe62f4d86ce5f4871f22e86b09?s=96&d=mm&r=g","url":"https:\/\/secure.gravatar.com\/avatar\/709d3d8015183afa7401c02e2291a538cbfd4ffe62f4d86ce5f4871f22e86b09?s=96&d=mm&r=g","contentUrl":"https:\/\/secure.gravatar.com\/avatar\/709d3d8015183afa7401c02e2291a538cbfd4ffe62f4d86ce5f4871f22e86b09?s=96&d=mm&r=g","caption":"neorg"},"url":"https:\/\/barcelona.euses.cat\/es\/author\/neorg\/"}]}},"_links":{"self":[{"href":"https:\/\/barcelona.euses.cat\/es\/wp-json\/wp\/v2\/posts\/5928","targetHints":{"allow":["GET"]}}],"collection":[{"href":"https:\/\/barcelona.euses.cat\/es\/wp-json\/wp\/v2\/posts"}],"about":[{"href":"https:\/\/barcelona.euses.cat\/es\/wp-json\/wp\/v2\/types\/post"}],"author":[{"embeddable":true,"href":"https:\/\/barcelona.euses.cat\/es\/wp-json\/wp\/v2\/users\/1"}],"replies":[{"embeddable":true,"href":"https:\/\/barcelona.euses.cat\/es\/wp-json\/wp\/v2\/comments?post=5928"}],"version-history":[{"count":0,"href":"https:\/\/barcelona.euses.cat\/es\/wp-json\/wp\/v2\/posts\/5928\/revisions"}],"wp:featuredmedia":[{"embeddable":true,"href":"https:\/\/barcelona.euses.cat\/es\/wp-json\/wp\/v2\/media\/5451"}],"wp:attachment":[{"href":"https:\/\/barcelona.euses.cat\/es\/wp-json\/wp\/v2\/media?parent=5928"}],"wp:term":[{"taxonomy":"category","embeddable":true,"href":"https:\/\/barcelona.euses.cat\/es\/wp-json\/wp\/v2\/categories?post=5928"},{"taxonomy":"post_tag","embeddable":true,"href":"https:\/\/barcelona.euses.cat\/es\/wp-json\/wp\/v2\/tags?post=5928"}],"curies":[{"name":"wp","href":"https:\/\/api.w.org\/{rel}","templated":true}]}}