{"id":5927,"date":"2015-08-07T00:00:00","date_gmt":"2015-08-06T22:00:00","guid":{"rendered":"http:\/\/physiotherapybarcelona.net\/ya-has-decidido-que-estudiaras-a-partir-de-septiembre-matriculate-en-el-grado-en-fisioterapia-internacional-en-el-campus-de-barcelona-todavia-estas-a-tiempo\/"},"modified":"2015-08-07T00:00:00","modified_gmt":"2015-08-06T22:00:00","slug":"ya-has-decidido-que-estudiaras-a-partir-de-septiembre-matriculate-en-el-grado-en-fisioterapia-internacional-en-el-campus-de-barcelona-todavia-estas-a-tiempo","status":"publish","type":"post","link":"https:\/\/barcelona.euses.cat\/es\/ya-has-decidido-que-estudiaras-a-partir-de-septiembre-matriculate-en-el-grado-en-fisioterapia-internacional-en-el-campus-de-barcelona-todavia-estas-a-tiempo\/","title":{"rendered":"\u00bfYa has decidido qu\u00e9 estudiar\u00e1s a partir de septiembre? Matric\u00falate en el Grado en Fisioterapia Internacional en el Campus de Barcelona. Todav\u00eda est\u00e1s a tiempo"},"content":{"rendered":"<p>Si decides estudiar el <strong>Grado en Fisioterapia Internacional<\/strong>, de l\u2019<strong>Escola de Noves Tecnologies Interactives (ENTI-UB) <\/strong>y<strong> de l\u2019Escola de la Salut i l\u2019Esport (EUSES-UdG)<\/strong> en el <strong>Campus de Barcelona<\/strong>, \u200b\u200bcontar\u00e1s con una <strong>doble ventaja<\/strong>. Por un lado, la aplicaci\u00f3n de las <strong>nuevas tecnolog\u00edas<\/strong> en el \u00e1mbito de la <strong>fisioterapia<\/strong> y por otro, la <strong>formaci\u00f3n<\/strong> \u00edntegramente en <strong>lengua<\/strong> <strong>inglesa<\/strong>. Estos dos aspectos te dotar\u00e1n de un <strong>perfil profesional<\/strong> mucho <strong>m\u00e1s competitivo<\/strong> en el <strong>mercado laboral<\/strong>.<\/p>\n<p>El <strong>plan de estudios<\/strong> de este <strong>Grado<\/strong> se basa en la <strong>excelencia<\/strong> acad\u00e9mica. Por tanto, como alumno obtendr\u00e1s una <strong>formaci\u00f3n de calidad<\/strong>, actualizada, din\u00e1mica y pr\u00e1ctica con una clara <strong>orientaci\u00f3n al mundo profesional<\/strong>. Adem\u00e1s gracias a la presencia de <strong>ENTI-UB<\/strong>, escuela pionera en nuevas tecnolog\u00edas, ir\u00e1s m\u00e1s all\u00e1 de las cl\u00e1sicas terapias manuales, aprendiendo a desarrollar <strong>herramientas de valoraci\u00f3n desde la fisioterapia<\/strong>; aplicando los \u00faltimos <strong>avances tecnol\u00f3gicos<\/strong> e incluso, generando <strong>nuevas aplicaciones tecnol\u00f3gicas<\/strong>, propias del <strong>m-<\/strong><strong>health<\/strong>, aplicadas al \u00e1mbito de la <strong>fisioterapia<\/strong>.<\/p>\n<p>Todo ello de la mano de un <strong>equipo docente de calidad, vocacional<\/strong> y directamente vinculado con el <strong>mundo profesional<\/strong>. Una vez finalices esta titulaci\u00f3n, dispondr\u00e1s de los elementos esenciales para convertirte en un <strong>nuevo profesional<\/strong> con <strong>car\u00e1cter internacional<\/strong>, con capacidad de a\u00f1adir <strong>calidad al servicio asistencial<\/strong> y crear <strong>nuevos recursos<\/strong>. Todo ello facilitar\u00e1 tu <strong>futura inserci\u00f3n laboral<\/strong> tanto en el <strong>mercado nacional como europeo<\/strong>.<\/p>\n<p>Adem\u00e1s, desde un primer momento, en este <strong>Grado<\/strong> se incentiva <strong>la vertiente pr\u00e1ctica<\/strong>. Es decir, desde el primer curso, podr\u00e1s implementar los conocimientos te\u00f3ricos con los pr\u00e1cticums. En este sentido, cabe destacar que esta titulaci\u00f3n dispone de <strong>m\u00e1s de<\/strong> <strong>1.000 convenios de pr\u00e1cticas<\/strong> al a\u00f1o en <strong>centros<\/strong> distribuidos por toda <strong>Catalu\u00f1a y Francia<\/strong>. Por otra parte, tambi\u00e9n cabe mencionar que podr\u00e1s acceder a <strong>diversos programas de intercambio internacional<\/strong>, as\u00ed como, la posterior ampliaci\u00f3n y continuaci\u00f3n de estudios de <strong>postgrado en otros pa\u00edses<\/strong>.<\/p>\n<p>Elige la <strong>mejor universidad de Barcelona<\/strong> en <strong>ingl\u00e9s<\/strong> para aprender las <strong>nuevas tendencias<\/strong> en <strong>fisioterapia<\/strong>. Estudia el <a href=\"http:\/\/goo.gl\/FxJCL2\"><strong>Grado en Fisioterapia Internacional UB-UdG<\/strong><\/a>.<\/p>\n<p>&nbsp;<\/p>\n<p>&nbsp;<\/p>\n","protected":false},"excerpt":{"rendered":"<p>Si decides estudiar el Grado en Fisioterapia Internacional, de l\u2019Escola de Noves Tecnologies Interactives (ENTI-UB) y de l\u2019Escola de la Salut i l\u2019Esport (EUSES-UdG) en el Campus de Barcelona, \u200b\u200bcontar\u00e1s con una doble ventaja. Por un lado, la aplicaci\u00f3n de las nuevas tecnolog\u00edas en el \u00e1mbito de la fisioterapia y por otro, la formaci\u00f3n \u00edntegramente [&hellip;]<\/p>\n","protected":false},"author":1,"featured_media":5626,"comment_status":"closed","ping_status":"closed","sticky":false,"template":"","format":"standard","meta":{"_acf_changed":false,"inline_featured_image":false,"_joinchat":[],"footnotes":""},"categories":[1],"tags":[44],"class_list":["post-5927","post","type-post","status-publish","format-standard","has-post-thumbnail","hentry","category-sin-categorizar","tag-castellano"],"acf":[],"yoast_head":"<!-- This site is optimized with the Yoast SEO plugin v27.4 - https:\/\/yoast.com\/product\/yoast-seo-wordpress\/ -->\n<title>\u00bfYa has decidido qu\u00e9 estudiar\u00e1s a partir de septiembre? Matric\u00falate en el Grado en Fisioterapia Internacional en el Campus de Barcelona. Todav\u00eda est\u00e1s a tiempo | EUSES - Campus de Bellvitge (Barcelona)<\/title>\n<meta name=\"robots\" content=\"index, follow, max-snippet:-1, max-image-preview:large, max-video-preview:-1\" \/>\n<link rel=\"canonical\" href=\"https:\/\/barcelona.euses.cat\/es\/ya-has-decidido-que-estudiaras-a-partir-de-septiembre-matriculate-en-el-grado-en-fisioterapia-internacional-en-el-campus-de-barcelona-todavia-estas-a-tiempo\/\" \/>\n<meta property=\"og:locale\" content=\"es_ES\" \/>\n<meta property=\"og:type\" content=\"article\" \/>\n<meta property=\"og:title\" content=\"\u00bfYa has decidido qu\u00e9 estudiar\u00e1s a partir de septiembre? Matric\u00falate en el Grado en Fisioterapia Internacional en el Campus de Barcelona. Todav\u00eda est\u00e1s a tiempo | EUSES - Campus de Bellvitge (Barcelona)\" \/>\n<meta property=\"og:description\" content=\"Si decides estudiar el Grado en Fisioterapia Internacional, de l\u2019Escola de Noves Tecnologies Interactives (ENTI-UB) y de l\u2019Escola de la Salut i l\u2019Esport (EUSES-UdG) en el Campus de Barcelona, \u200b\u200bcontar\u00e1s con una doble ventaja. Por un lado, la aplicaci\u00f3n de las nuevas tecnolog\u00edas en el \u00e1mbito de la fisioterapia y por otro, la formaci\u00f3n \u00edntegramente [&hellip;]\" \/>\n<meta property=\"og:url\" content=\"https:\/\/barcelona.euses.cat\/es\/ya-has-decidido-que-estudiaras-a-partir-de-septiembre-matriculate-en-el-grado-en-fisioterapia-internacional-en-el-campus-de-barcelona-todavia-estas-a-tiempo\/\" \/>\n<meta property=\"og:site_name\" content=\"EUSES - Campus de Bellvitge (Barcelona)\" \/>\n<meta property=\"article:publisher\" content=\"https:\/\/www.facebook.com\/PhysioBCN\/\" \/>\n<meta property=\"article:published_time\" content=\"2015-08-06T22:00:00+00:00\" \/>\n<meta property=\"og:image\" content=\"https:\/\/barcelona.euses.cat\/wp-content\/uploads\/2018\/02\/Ja-has-decidit-qu\u00e8-estudiar\u00e0s-al-setembre.-Matricula\u2019t-al-Grau-en-Fisioter\u00e0pia-Internacional-al-Campus-de-Barcelona.jpg\" \/>\n\t<meta property=\"og:image:width\" content=\"922\" \/>\n\t<meta property=\"og:image:height\" content=\"614\" \/>\n\t<meta property=\"og:image:type\" content=\"image\/jpeg\" \/>\n<meta name=\"author\" content=\"neorg\" \/>\n<meta name=\"twitter:card\" content=\"summary_large_image\" \/>\n<meta name=\"twitter:label1\" content=\"Escrito por\" \/>\n\t<meta name=\"twitter:data1\" content=\"neorg\" \/>\n\t<meta name=\"twitter:label2\" content=\"Tiempo de lectura\" \/>\n\t<meta name=\"twitter:data2\" content=\"2 minutos\" \/>\n<script type=\"application\/ld+json\" class=\"yoast-schema-graph\">{\"@context\":\"https:\\\/\\\/schema.org\",\"@graph\":[{\"@type\":\"Article\",\"@id\":\"https:\\\/\\\/barcelona.euses.cat\\\/es\\\/ya-has-decidido-que-estudiaras-a-partir-de-septiembre-matriculate-en-el-grado-en-fisioterapia-internacional-en-el-campus-de-barcelona-todavia-estas-a-tiempo\\\/#article\",\"isPartOf\":{\"@id\":\"https:\\\/\\\/barcelona.euses.cat\\\/es\\\/ya-has-decidido-que-estudiaras-a-partir-de-septiembre-matriculate-en-el-grado-en-fisioterapia-internacional-en-el-campus-de-barcelona-todavia-estas-a-tiempo\\\/\"},\"author\":{\"name\":\"neorg\",\"@id\":\"https:\\\/\\\/barcelona.euses.cat\\\/ca\\\/#\\\/schema\\\/person\\\/c3074ca9d956eacf02e41e2ff78e53ab\"},\"headline\":\"\u00bfYa has decidido qu\u00e9 estudiar\u00e1s a partir de septiembre? Matric\u00falate en el Grado en Fisioterapia Internacional en el Campus de Barcelona. Todav\u00eda est\u00e1s a tiempo\",\"datePublished\":\"2015-08-06T22:00:00+00:00\",\"mainEntityOfPage\":{\"@id\":\"https:\\\/\\\/barcelona.euses.cat\\\/es\\\/ya-has-decidido-que-estudiaras-a-partir-de-septiembre-matriculate-en-el-grado-en-fisioterapia-internacional-en-el-campus-de-barcelona-todavia-estas-a-tiempo\\\/\"},\"wordCount\":399,\"image\":{\"@id\":\"https:\\\/\\\/barcelona.euses.cat\\\/es\\\/ya-has-decidido-que-estudiaras-a-partir-de-septiembre-matriculate-en-el-grado-en-fisioterapia-internacional-en-el-campus-de-barcelona-todavia-estas-a-tiempo\\\/#primaryimage\"},\"thumbnailUrl\":\"https:\\\/\\\/barcelona.euses.cat\\\/wp-content\\\/uploads\\\/2018\\\/02\\\/Ja-has-decidit-qu\u00e8-estudiar\u00e0s-al-setembre.-Matricula\u2019t-al-Grau-en-Fisioter\u00e0pia-Internacional-al-Campus-de-Barcelona.jpg\",\"keywords\":[\"Castellano\"],\"articleSection\":[\"Sin categorizar\"],\"inLanguage\":\"es\"},{\"@type\":\"WebPage\",\"@id\":\"https:\\\/\\\/barcelona.euses.cat\\\/es\\\/ya-has-decidido-que-estudiaras-a-partir-de-septiembre-matriculate-en-el-grado-en-fisioterapia-internacional-en-el-campus-de-barcelona-todavia-estas-a-tiempo\\\/\",\"url\":\"https:\\\/\\\/barcelona.euses.cat\\\/es\\\/ya-has-decidido-que-estudiaras-a-partir-de-septiembre-matriculate-en-el-grado-en-fisioterapia-internacional-en-el-campus-de-barcelona-todavia-estas-a-tiempo\\\/\",\"name\":\"\u00bfYa has decidido qu\u00e9 estudiar\u00e1s a partir de septiembre? Matric\u00falate en el Grado en Fisioterapia Internacional en el Campus de Barcelona. Todav\u00eda est\u00e1s a tiempo | EUSES - Campus de Bellvitge (Barcelona)\",\"isPartOf\":{\"@id\":\"https:\\\/\\\/barcelona.euses.cat\\\/ca\\\/#website\"},\"primaryImageOfPage\":{\"@id\":\"https:\\\/\\\/barcelona.euses.cat\\\/es\\\/ya-has-decidido-que-estudiaras-a-partir-de-septiembre-matriculate-en-el-grado-en-fisioterapia-internacional-en-el-campus-de-barcelona-todavia-estas-a-tiempo\\\/#primaryimage\"},\"image\":{\"@id\":\"https:\\\/\\\/barcelona.euses.cat\\\/es\\\/ya-has-decidido-que-estudiaras-a-partir-de-septiembre-matriculate-en-el-grado-en-fisioterapia-internacional-en-el-campus-de-barcelona-todavia-estas-a-tiempo\\\/#primaryimage\"},\"thumbnailUrl\":\"https:\\\/\\\/barcelona.euses.cat\\\/wp-content\\\/uploads\\\/2018\\\/02\\\/Ja-has-decidit-qu\u00e8-estudiar\u00e0s-al-setembre.-Matricula\u2019t-al-Grau-en-Fisioter\u00e0pia-Internacional-al-Campus-de-Barcelona.jpg\",\"datePublished\":\"2015-08-06T22:00:00+00:00\",\"author\":{\"@id\":\"https:\\\/\\\/barcelona.euses.cat\\\/ca\\\/#\\\/schema\\\/person\\\/c3074ca9d956eacf02e41e2ff78e53ab\"},\"breadcrumb\":{\"@id\":\"https:\\\/\\\/barcelona.euses.cat\\\/es\\\/ya-has-decidido-que-estudiaras-a-partir-de-septiembre-matriculate-en-el-grado-en-fisioterapia-internacional-en-el-campus-de-barcelona-todavia-estas-a-tiempo\\\/#breadcrumb\"},\"inLanguage\":\"es\",\"potentialAction\":[{\"@type\":\"ReadAction\",\"target\":[\"https:\\\/\\\/barcelona.euses.cat\\\/es\\\/ya-has-decidido-que-estudiaras-a-partir-de-septiembre-matriculate-en-el-grado-en-fisioterapia-internacional-en-el-campus-de-barcelona-todavia-estas-a-tiempo\\\/\"]}]},{\"@type\":\"ImageObject\",\"inLanguage\":\"es\",\"@id\":\"https:\\\/\\\/barcelona.euses.cat\\\/es\\\/ya-has-decidido-que-estudiaras-a-partir-de-septiembre-matriculate-en-el-grado-en-fisioterapia-internacional-en-el-campus-de-barcelona-todavia-estas-a-tiempo\\\/#primaryimage\",\"url\":\"https:\\\/\\\/barcelona.euses.cat\\\/wp-content\\\/uploads\\\/2018\\\/02\\\/Ja-has-decidit-qu\u00e8-estudiar\u00e0s-al-setembre.-Matricula\u2019t-al-Grau-en-Fisioter\u00e0pia-Internacional-al-Campus-de-Barcelona.jpg\",\"contentUrl\":\"https:\\\/\\\/barcelona.euses.cat\\\/wp-content\\\/uploads\\\/2018\\\/02\\\/Ja-has-decidit-qu\u00e8-estudiar\u00e0s-al-setembre.-Matricula\u2019t-al-Grau-en-Fisioter\u00e0pia-Internacional-al-Campus-de-Barcelona.jpg\",\"width\":922,\"height\":614},{\"@type\":\"BreadcrumbList\",\"@id\":\"https:\\\/\\\/barcelona.euses.cat\\\/es\\\/ya-has-decidido-que-estudiaras-a-partir-de-septiembre-matriculate-en-el-grado-en-fisioterapia-internacional-en-el-campus-de-barcelona-todavia-estas-a-tiempo\\\/#breadcrumb\",\"itemListElement\":[{\"@type\":\"ListItem\",\"position\":1,\"name\":\"Portada\",\"item\":\"https:\\\/\\\/barcelona.euses.cat\\\/es\\\/\"},{\"@type\":\"ListItem\",\"position\":2,\"name\":\"\u00bfYa has decidido qu\u00e9 estudiar\u00e1s a partir de septiembre? Matric\u00falate en el Grado en Fisioterapia Internacional en el Campus de Barcelona. Todav\u00eda est\u00e1s a tiempo\"}]},{\"@type\":\"WebSite\",\"@id\":\"https:\\\/\\\/barcelona.euses.cat\\\/ca\\\/#website\",\"url\":\"https:\\\/\\\/barcelona.euses.cat\\\/ca\\\/\",\"name\":\"EUSES - Campus de Bellvitge (Barcelona)\",\"description\":\"EUSES, Escuela Universitaria de Fisioterapia Internacional en Barcelona\",\"potentialAction\":[{\"@type\":\"SearchAction\",\"target\":{\"@type\":\"EntryPoint\",\"urlTemplate\":\"https:\\\/\\\/barcelona.euses.cat\\\/ca\\\/?s={search_term_string}\"},\"query-input\":{\"@type\":\"PropertyValueSpecification\",\"valueRequired\":true,\"valueName\":\"search_term_string\"}}],\"inLanguage\":\"es\"},{\"@type\":\"Person\",\"@id\":\"https:\\\/\\\/barcelona.euses.cat\\\/ca\\\/#\\\/schema\\\/person\\\/c3074ca9d956eacf02e41e2ff78e53ab\",\"name\":\"neorg\",\"image\":{\"@type\":\"ImageObject\",\"inLanguage\":\"es\",\"@id\":\"https:\\\/\\\/secure.gravatar.com\\\/avatar\\\/709d3d8015183afa7401c02e2291a538cbfd4ffe62f4d86ce5f4871f22e86b09?s=96&d=mm&r=g\",\"url\":\"https:\\\/\\\/secure.gravatar.com\\\/avatar\\\/709d3d8015183afa7401c02e2291a538cbfd4ffe62f4d86ce5f4871f22e86b09?s=96&d=mm&r=g\",\"contentUrl\":\"https:\\\/\\\/secure.gravatar.com\\\/avatar\\\/709d3d8015183afa7401c02e2291a538cbfd4ffe62f4d86ce5f4871f22e86b09?s=96&d=mm&r=g\",\"caption\":\"neorg\"},\"url\":\"https:\\\/\\\/barcelona.euses.cat\\\/es\\\/author\\\/neorg\\\/\"}]}<\/script>\n<!-- \/ Yoast SEO plugin. -->","yoast_head_json":{"title":"\u00bfYa has decidido qu\u00e9 estudiar\u00e1s a partir de septiembre? Matric\u00falate en el Grado en Fisioterapia Internacional en el Campus de Barcelona. Todav\u00eda est\u00e1s a tiempo | EUSES - Campus de Bellvitge (Barcelona)","robots":{"index":"index","follow":"follow","max-snippet":"max-snippet:-1","max-image-preview":"max-image-preview:large","max-video-preview":"max-video-preview:-1"},"canonical":"https:\/\/barcelona.euses.cat\/es\/ya-has-decidido-que-estudiaras-a-partir-de-septiembre-matriculate-en-el-grado-en-fisioterapia-internacional-en-el-campus-de-barcelona-todavia-estas-a-tiempo\/","og_locale":"es_ES","og_type":"article","og_title":"\u00bfYa has decidido qu\u00e9 estudiar\u00e1s a partir de septiembre? Matric\u00falate en el Grado en Fisioterapia Internacional en el Campus de Barcelona. Todav\u00eda est\u00e1s a tiempo | EUSES - Campus de Bellvitge (Barcelona)","og_description":"Si decides estudiar el Grado en Fisioterapia Internacional, de l\u2019Escola de Noves Tecnologies Interactives (ENTI-UB) y de l\u2019Escola de la Salut i l\u2019Esport (EUSES-UdG) en el Campus de Barcelona, \u200b\u200bcontar\u00e1s con una doble ventaja. Por un lado, la aplicaci\u00f3n de las nuevas tecnolog\u00edas en el \u00e1mbito de la fisioterapia y por otro, la formaci\u00f3n \u00edntegramente [&hellip;]","og_url":"https:\/\/barcelona.euses.cat\/es\/ya-has-decidido-que-estudiaras-a-partir-de-septiembre-matriculate-en-el-grado-en-fisioterapia-internacional-en-el-campus-de-barcelona-todavia-estas-a-tiempo\/","og_site_name":"EUSES - Campus de Bellvitge (Barcelona)","article_publisher":"https:\/\/www.facebook.com\/PhysioBCN\/","article_published_time":"2015-08-06T22:00:00+00:00","og_image":[{"width":922,"height":614,"url":"https:\/\/barcelona.euses.cat\/wp-content\/uploads\/2018\/02\/Ja-has-decidit-qu\u00e8-estudiar\u00e0s-al-setembre.-Matricula\u2019t-al-Grau-en-Fisioter\u00e0pia-Internacional-al-Campus-de-Barcelona.jpg","type":"image\/jpeg"}],"author":"neorg","twitter_card":"summary_large_image","twitter_misc":{"Escrito por":"neorg","Tiempo de lectura":"2 minutos"},"schema":{"@context":"https:\/\/schema.org","@graph":[{"@type":"Article","@id":"https:\/\/barcelona.euses.cat\/es\/ya-has-decidido-que-estudiaras-a-partir-de-septiembre-matriculate-en-el-grado-en-fisioterapia-internacional-en-el-campus-de-barcelona-todavia-estas-a-tiempo\/#article","isPartOf":{"@id":"https:\/\/barcelona.euses.cat\/es\/ya-has-decidido-que-estudiaras-a-partir-de-septiembre-matriculate-en-el-grado-en-fisioterapia-internacional-en-el-campus-de-barcelona-todavia-estas-a-tiempo\/"},"author":{"name":"neorg","@id":"https:\/\/barcelona.euses.cat\/ca\/#\/schema\/person\/c3074ca9d956eacf02e41e2ff78e53ab"},"headline":"\u00bfYa has decidido qu\u00e9 estudiar\u00e1s a partir de septiembre? Matric\u00falate en el Grado en Fisioterapia Internacional en el Campus de Barcelona. Todav\u00eda est\u00e1s a tiempo","datePublished":"2015-08-06T22:00:00+00:00","mainEntityOfPage":{"@id":"https:\/\/barcelona.euses.cat\/es\/ya-has-decidido-que-estudiaras-a-partir-de-septiembre-matriculate-en-el-grado-en-fisioterapia-internacional-en-el-campus-de-barcelona-todavia-estas-a-tiempo\/"},"wordCount":399,"image":{"@id":"https:\/\/barcelona.euses.cat\/es\/ya-has-decidido-que-estudiaras-a-partir-de-septiembre-matriculate-en-el-grado-en-fisioterapia-internacional-en-el-campus-de-barcelona-todavia-estas-a-tiempo\/#primaryimage"},"thumbnailUrl":"https:\/\/barcelona.euses.cat\/wp-content\/uploads\/2018\/02\/Ja-has-decidit-qu\u00e8-estudiar\u00e0s-al-setembre.-Matricula\u2019t-al-Grau-en-Fisioter\u00e0pia-Internacional-al-Campus-de-Barcelona.jpg","keywords":["Castellano"],"articleSection":["Sin categorizar"],"inLanguage":"es"},{"@type":"WebPage","@id":"https:\/\/barcelona.euses.cat\/es\/ya-has-decidido-que-estudiaras-a-partir-de-septiembre-matriculate-en-el-grado-en-fisioterapia-internacional-en-el-campus-de-barcelona-todavia-estas-a-tiempo\/","url":"https:\/\/barcelona.euses.cat\/es\/ya-has-decidido-que-estudiaras-a-partir-de-septiembre-matriculate-en-el-grado-en-fisioterapia-internacional-en-el-campus-de-barcelona-todavia-estas-a-tiempo\/","name":"\u00bfYa has decidido qu\u00e9 estudiar\u00e1s a partir de septiembre? Matric\u00falate en el Grado en Fisioterapia Internacional en el Campus de Barcelona. Todav\u00eda est\u00e1s a tiempo | EUSES - Campus de Bellvitge (Barcelona)","isPartOf":{"@id":"https:\/\/barcelona.euses.cat\/ca\/#website"},"primaryImageOfPage":{"@id":"https:\/\/barcelona.euses.cat\/es\/ya-has-decidido-que-estudiaras-a-partir-de-septiembre-matriculate-en-el-grado-en-fisioterapia-internacional-en-el-campus-de-barcelona-todavia-estas-a-tiempo\/#primaryimage"},"image":{"@id":"https:\/\/barcelona.euses.cat\/es\/ya-has-decidido-que-estudiaras-a-partir-de-septiembre-matriculate-en-el-grado-en-fisioterapia-internacional-en-el-campus-de-barcelona-todavia-estas-a-tiempo\/#primaryimage"},"thumbnailUrl":"https:\/\/barcelona.euses.cat\/wp-content\/uploads\/2018\/02\/Ja-has-decidit-qu\u00e8-estudiar\u00e0s-al-setembre.-Matricula\u2019t-al-Grau-en-Fisioter\u00e0pia-Internacional-al-Campus-de-Barcelona.jpg","datePublished":"2015-08-06T22:00:00+00:00","author":{"@id":"https:\/\/barcelona.euses.cat\/ca\/#\/schema\/person\/c3074ca9d956eacf02e41e2ff78e53ab"},"breadcrumb":{"@id":"https:\/\/barcelona.euses.cat\/es\/ya-has-decidido-que-estudiaras-a-partir-de-septiembre-matriculate-en-el-grado-en-fisioterapia-internacional-en-el-campus-de-barcelona-todavia-estas-a-tiempo\/#breadcrumb"},"inLanguage":"es","potentialAction":[{"@type":"ReadAction","target":["https:\/\/barcelona.euses.cat\/es\/ya-has-decidido-que-estudiaras-a-partir-de-septiembre-matriculate-en-el-grado-en-fisioterapia-internacional-en-el-campus-de-barcelona-todavia-estas-a-tiempo\/"]}]},{"@type":"ImageObject","inLanguage":"es","@id":"https:\/\/barcelona.euses.cat\/es\/ya-has-decidido-que-estudiaras-a-partir-de-septiembre-matriculate-en-el-grado-en-fisioterapia-internacional-en-el-campus-de-barcelona-todavia-estas-a-tiempo\/#primaryimage","url":"https:\/\/barcelona.euses.cat\/wp-content\/uploads\/2018\/02\/Ja-has-decidit-qu\u00e8-estudiar\u00e0s-al-setembre.-Matricula\u2019t-al-Grau-en-Fisioter\u00e0pia-Internacional-al-Campus-de-Barcelona.jpg","contentUrl":"https:\/\/barcelona.euses.cat\/wp-content\/uploads\/2018\/02\/Ja-has-decidit-qu\u00e8-estudiar\u00e0s-al-setembre.-Matricula\u2019t-al-Grau-en-Fisioter\u00e0pia-Internacional-al-Campus-de-Barcelona.jpg","width":922,"height":614},{"@type":"BreadcrumbList","@id":"https:\/\/barcelona.euses.cat\/es\/ya-has-decidido-que-estudiaras-a-partir-de-septiembre-matriculate-en-el-grado-en-fisioterapia-internacional-en-el-campus-de-barcelona-todavia-estas-a-tiempo\/#breadcrumb","itemListElement":[{"@type":"ListItem","position":1,"name":"Portada","item":"https:\/\/barcelona.euses.cat\/es\/"},{"@type":"ListItem","position":2,"name":"\u00bfYa has decidido qu\u00e9 estudiar\u00e1s a partir de septiembre? Matric\u00falate en el Grado en Fisioterapia Internacional en el Campus de Barcelona. Todav\u00eda est\u00e1s a tiempo"}]},{"@type":"WebSite","@id":"https:\/\/barcelona.euses.cat\/ca\/#website","url":"https:\/\/barcelona.euses.cat\/ca\/","name":"EUSES - Campus de Bellvitge (Barcelona)","description":"EUSES, Escuela Universitaria de Fisioterapia Internacional en Barcelona","potentialAction":[{"@type":"SearchAction","target":{"@type":"EntryPoint","urlTemplate":"https:\/\/barcelona.euses.cat\/ca\/?s={search_term_string}"},"query-input":{"@type":"PropertyValueSpecification","valueRequired":true,"valueName":"search_term_string"}}],"inLanguage":"es"},{"@type":"Person","@id":"https:\/\/barcelona.euses.cat\/ca\/#\/schema\/person\/c3074ca9d956eacf02e41e2ff78e53ab","name":"neorg","image":{"@type":"ImageObject","inLanguage":"es","@id":"https:\/\/secure.gravatar.com\/avatar\/709d3d8015183afa7401c02e2291a538cbfd4ffe62f4d86ce5f4871f22e86b09?s=96&d=mm&r=g","url":"https:\/\/secure.gravatar.com\/avatar\/709d3d8015183afa7401c02e2291a538cbfd4ffe62f4d86ce5f4871f22e86b09?s=96&d=mm&r=g","contentUrl":"https:\/\/secure.gravatar.com\/avatar\/709d3d8015183afa7401c02e2291a538cbfd4ffe62f4d86ce5f4871f22e86b09?s=96&d=mm&r=g","caption":"neorg"},"url":"https:\/\/barcelona.euses.cat\/es\/author\/neorg\/"}]}},"_links":{"self":[{"href":"https:\/\/barcelona.euses.cat\/es\/wp-json\/wp\/v2\/posts\/5927","targetHints":{"allow":["GET"]}}],"collection":[{"href":"https:\/\/barcelona.euses.cat\/es\/wp-json\/wp\/v2\/posts"}],"about":[{"href":"https:\/\/barcelona.euses.cat\/es\/wp-json\/wp\/v2\/types\/post"}],"author":[{"embeddable":true,"href":"https:\/\/barcelona.euses.cat\/es\/wp-json\/wp\/v2\/users\/1"}],"replies":[{"embeddable":true,"href":"https:\/\/barcelona.euses.cat\/es\/wp-json\/wp\/v2\/comments?post=5927"}],"version-history":[{"count":0,"href":"https:\/\/barcelona.euses.cat\/es\/wp-json\/wp\/v2\/posts\/5927\/revisions"}],"wp:featuredmedia":[{"embeddable":true,"href":"https:\/\/barcelona.euses.cat\/es\/wp-json\/wp\/v2\/media\/5626"}],"wp:attachment":[{"href":"https:\/\/barcelona.euses.cat\/es\/wp-json\/wp\/v2\/media?parent=5927"}],"wp:term":[{"taxonomy":"category","embeddable":true,"href":"https:\/\/barcelona.euses.cat\/es\/wp-json\/wp\/v2\/categories?post=5927"},{"taxonomy":"post_tag","embeddable":true,"href":"https:\/\/barcelona.euses.cat\/es\/wp-json\/wp\/v2\/tags?post=5927"}],"curies":[{"name":"wp","href":"https:\/\/api.w.org\/{rel}","templated":true}]}}