{"id":5923,"date":"2015-09-14T00:00:00","date_gmt":"2015-09-13T22:00:00","guid":{"rendered":"http:\/\/physiotherapybarcelona.net\/quieres-dedicarte-al-ambito-de-la-traumatologia-las-lesiones-deportivas-o-la-pediatria-estudiando-en-ingles-matriculate-ahora-en-septiembre-en-el-grado-en-fisioterapia-internacional-en-barcelo\/"},"modified":"2015-09-14T00:00:00","modified_gmt":"2015-09-13T22:00:00","slug":"quieres-dedicarte-al-ambito-de-la-traumatologia-las-lesiones-deportivas-o-la-pediatria-estudiando-en-ingles-matriculate-ahora-en-septiembre-en-el-grado-en-fisioterapia-internacional-en-barcelo","status":"publish","type":"post","link":"https:\/\/barcelona.euses.cat\/es\/quieres-dedicarte-al-ambito-de-la-traumatologia-las-lesiones-deportivas-o-la-pediatria-estudiando-en-ingles-matriculate-ahora-en-septiembre-en-el-grado-en-fisioterapia-internacional-en-barcelo\/","title":{"rendered":"\u00bfQuieres dedicarte al \u00e1mbito de la traumatolog\u00eda, las lesiones deportivas o la pediatr\u00eda estudiando en ingl\u00e9s? Matric\u00falate ahora en septiembre en el Grado en Fisioterapia Internacional en Barcelona"},"content":{"rendered":"<p style=\"text-align: justify;\">Estudiar el <strong>Grado en Fisioterapia Internacional<\/strong>, <strong>de <\/strong><strong>l\u2019Escola de Noves Tecnologies Interactives<\/strong><strong> (ENTI-UB)<\/strong> <strong>y<\/strong> <strong>de <\/strong><strong>l\u2019Escola de la Salut i l\u2019Esport<\/strong><strong> (EUSES-UdG)<\/strong>, en <strong>ingl\u00e9s<\/strong> en el <strong>Campus Bellvitge<\/strong><strong> de Barcelona<\/strong> te proporcionar\u00e1 los <strong>elementos te\u00f3ricos y pr\u00e1cticos<\/strong> fundamentales para poder <strong>ejercer<\/strong> en <strong>diversas \u00e1reas profesionales<\/strong>. Cabe destacar que las <strong>salidas profesionales<\/strong> de este <strong>Grado<\/strong> son muy amplias. Podr\u00e1s dedicarte al \u00e1mbito de la <strong>traumatolog\u00eda<\/strong>, a la <strong>prevenci\u00f3n<\/strong> y al <strong>tratamiento de las lesiones deportivas<\/strong>, a la <strong>pediatr\u00eda<\/strong>, al abordaje de <strong>afecciones cardiorrespiratorias<\/strong>, a la <strong>ergonom\u00eda<\/strong>, a la <strong>neurolog\u00eda<\/strong>, a la <strong>uro-ginecolog\u00eda<\/strong>, a la <strong>reumatolog\u00eda<\/strong>, entre muchos otros.<\/p>\n<p style=\"text-align: justify;\">Adem\u00e1s una vez te hayas graduado, tambi\u00e9n tienes la posibilidad de ejercer como fisioterapeuta de <strong>manera aut\u00f3noma<\/strong> o integr\u00e1ndote en <strong>equipos multidisciplinares<\/strong> como por ejemplo: <strong>cl\u00ednicas, centros de atenci\u00f3n primaria u hospitales<\/strong>. Otro \u00e1mbito profesional, de entrada menos conocido, es el de la <strong>docencia<\/strong> y el desarrollo profesional acad\u00e9mico. El n\u00famero de <strong>fisioterapeutas<\/strong> que se dedican a la <strong>ense\u00f1anza<\/strong> no para de crecer. Se trata pues de un \u00e1mbito que est\u00e1 alcanzando un gran inter\u00e9s en el mundo de la fisioterapia.<\/p>\n<p style=\"text-align: justify;\">Otro aspecto importante de estos estudios es que son los primeros en <strong>combinar fisioterapia y TIC<\/strong>. Este aspecto tambi\u00e9n abre <strong>nuevas oportunidades laborales<\/strong> a su <strong>alumnado<\/strong>, permitiendo que se desarrollen profesionalmente en el campo de la <strong>aplicaci\u00f3n tecnol\u00f3gica<\/strong> en el \u00e1mbito de la <strong>fisioterapia<\/strong>. \u00c9ste es todo un <strong>sector innovador<\/strong>, en potencia y con un amplio espectro de desarrollo en nuestra sociedad, pues <strong>une<\/strong> aspectos tan relevantes como <strong>la atenci\u00f3n sanitaria y las nuevas tecnolog\u00edas.<\/strong><\/p>\n<p style=\"text-align: justify;\">Adem\u00e1s, mientras estudies el <strong>Grado en Fisioterapia Internacional<\/strong> contar\u00e1s con un <strong>e<\/strong><strong>quipo docente<\/strong> <strong>altamente cualificado<\/strong> y directamente vinculado con el <strong>mundo profesional<\/strong>. Una vez finalices esta titulaci\u00f3n, podr\u00e1s convertirte en un <strong>nuevo profesional<\/strong> con <strong>car\u00e1cter internacional,<\/strong> con capacidad de a\u00f1adir <strong>calidad al servicio asistencial<\/strong> y crear <strong>nuevos recursos<\/strong>. Todo ello facilitar\u00e1 tu inserci\u00f3n laboral tanto en el mercado nacional, europeo como internacional.<\/p>\n<p style=\"text-align: justify;\">Apuesta por tu futuro profesional, escogiendo <strong>un Grado universitario<\/strong> que te ofrece un amplio abanico de <strong>salidas profesionales<\/strong>. No esperes m\u00e1s y haz tu <strong>matr\u00edcula<\/strong> <strong>ahora en septiembre<\/strong> en el <a href=\"http:\/\/goo.gl\/g60CRQ\"><strong>Grado en Fisioterapia Internacional UB-UdG<\/strong><\/a><strong>.<\/strong><\/p>\n","protected":false},"excerpt":{"rendered":"<p>Estudiar el Grado en Fisioterapia Internacional, de l\u2019Escola de Noves Tecnologies Interactives (ENTI-UB) y de l\u2019Escola de la Salut i l\u2019Esport (EUSES-UdG), en ingl\u00e9s en el Campus Bellvitge de Barcelona te proporcionar\u00e1 los elementos te\u00f3ricos y pr\u00e1cticos fundamentales para poder ejercer en diversas \u00e1reas profesionales. Cabe destacar que las salidas profesionales de este Grado son [&hellip;]<\/p>\n","protected":false},"author":1,"featured_media":5606,"comment_status":"closed","ping_status":"closed","sticky":false,"template":"","format":"standard","meta":{"_acf_changed":false,"inline_featured_image":false,"_joinchat":[],"footnotes":""},"categories":[1],"tags":[44],"class_list":["post-5923","post","type-post","status-publish","format-standard","has-post-thumbnail","hentry","category-sin-categorizar","tag-castellano"],"acf":[],"yoast_head":"<!-- This site is optimized with the Yoast SEO plugin v27.4 - https:\/\/yoast.com\/product\/yoast-seo-wordpress\/ -->\n<title>\u00bfQuieres dedicarte al \u00e1mbito de la traumatolog\u00eda, las lesiones deportivas o la pediatr\u00eda estudiando en ingl\u00e9s? Matric\u00falate ahora en septiembre en el Grado en Fisioterapia Internacional en Barcelona | EUSES - Campus de Bellvitge (Barcelona)<\/title>\n<meta name=\"robots\" content=\"index, follow, max-snippet:-1, max-image-preview:large, max-video-preview:-1\" \/>\n<link rel=\"canonical\" href=\"https:\/\/barcelona.euses.cat\/es\/quieres-dedicarte-al-ambito-de-la-traumatologia-las-lesiones-deportivas-o-la-pediatria-estudiando-en-ingles-matriculate-ahora-en-septiembre-en-el-grado-en-fisioterapia-internacional-en-barcelo\/\" \/>\n<meta property=\"og:locale\" content=\"es_ES\" \/>\n<meta property=\"og:type\" content=\"article\" \/>\n<meta property=\"og:title\" content=\"\u00bfQuieres dedicarte al \u00e1mbito de la traumatolog\u00eda, las lesiones deportivas o la pediatr\u00eda estudiando en ingl\u00e9s? Matric\u00falate ahora en septiembre en el Grado en Fisioterapia Internacional en Barcelona | EUSES - Campus de Bellvitge (Barcelona)\" \/>\n<meta property=\"og:description\" content=\"Estudiar el Grado en Fisioterapia Internacional, de l\u2019Escola de Noves Tecnologies Interactives (ENTI-UB) y de l\u2019Escola de la Salut i l\u2019Esport (EUSES-UdG), en ingl\u00e9s en el Campus Bellvitge de Barcelona te proporcionar\u00e1 los elementos te\u00f3ricos y pr\u00e1cticos fundamentales para poder ejercer en diversas \u00e1reas profesionales. Cabe destacar que las salidas profesionales de este Grado son [&hellip;]\" \/>\n<meta property=\"og:url\" content=\"https:\/\/barcelona.euses.cat\/es\/quieres-dedicarte-al-ambito-de-la-traumatologia-las-lesiones-deportivas-o-la-pediatria-estudiando-en-ingles-matriculate-ahora-en-septiembre-en-el-grado-en-fisioterapia-internacional-en-barcelo\/\" \/>\n<meta property=\"og:site_name\" content=\"EUSES - Campus de Bellvitge (Barcelona)\" \/>\n<meta property=\"article:publisher\" content=\"https:\/\/www.facebook.com\/PhysioBCN\/\" \/>\n<meta property=\"article:published_time\" content=\"2015-09-13T22:00:00+00:00\" \/>\n<meta property=\"og:image\" content=\"https:\/\/barcelona.euses.cat\/wp-content\/uploads\/2018\/02\/Vols-dedicar-te-a-l\u2019\u00e0mbit-de-la-traumatologia-les-lesions-esportives-o-la-pediatria-estudiant-en-angl\u00e8s.-Matricula\u2019t-ara-al-setembre-al-Grau-en-Fisioter\u00e0pia-Internacional.jpg\" \/>\n\t<meta property=\"og:image:width\" content=\"982\" \/>\n\t<meta property=\"og:image:height\" content=\"654\" \/>\n\t<meta property=\"og:image:type\" content=\"image\/jpeg\" \/>\n<meta name=\"author\" content=\"neorg\" \/>\n<meta name=\"twitter:card\" content=\"summary_large_image\" \/>\n<meta name=\"twitter:label1\" content=\"Escrito por\" \/>\n\t<meta name=\"twitter:data1\" content=\"neorg\" \/>\n\t<meta name=\"twitter:label2\" content=\"Tiempo de lectura\" \/>\n\t<meta name=\"twitter:data2\" content=\"2 minutos\" \/>\n<script type=\"application\/ld+json\" class=\"yoast-schema-graph\">{\"@context\":\"https:\\\/\\\/schema.org\",\"@graph\":[{\"@type\":\"Article\",\"@id\":\"https:\\\/\\\/barcelona.euses.cat\\\/es\\\/quieres-dedicarte-al-ambito-de-la-traumatologia-las-lesiones-deportivas-o-la-pediatria-estudiando-en-ingles-matriculate-ahora-en-septiembre-en-el-grado-en-fisioterapia-internacional-en-barcelo\\\/#article\",\"isPartOf\":{\"@id\":\"https:\\\/\\\/barcelona.euses.cat\\\/es\\\/quieres-dedicarte-al-ambito-de-la-traumatologia-las-lesiones-deportivas-o-la-pediatria-estudiando-en-ingles-matriculate-ahora-en-septiembre-en-el-grado-en-fisioterapia-internacional-en-barcelo\\\/\"},\"author\":{\"name\":\"neorg\",\"@id\":\"https:\\\/\\\/barcelona.euses.cat\\\/ca\\\/#\\\/schema\\\/person\\\/c3074ca9d956eacf02e41e2ff78e53ab\"},\"headline\":\"\u00bfQuieres dedicarte al \u00e1mbito de la traumatolog\u00eda, las lesiones deportivas o la pediatr\u00eda estudiando en ingl\u00e9s? Matric\u00falate ahora en septiembre en el Grado en Fisioterapia Internacional en Barcelona\",\"datePublished\":\"2015-09-13T22:00:00+00:00\",\"mainEntityOfPage\":{\"@id\":\"https:\\\/\\\/barcelona.euses.cat\\\/es\\\/quieres-dedicarte-al-ambito-de-la-traumatologia-las-lesiones-deportivas-o-la-pediatria-estudiando-en-ingles-matriculate-ahora-en-septiembre-en-el-grado-en-fisioterapia-internacional-en-barcelo\\\/\"},\"wordCount\":421,\"image\":{\"@id\":\"https:\\\/\\\/barcelona.euses.cat\\\/es\\\/quieres-dedicarte-al-ambito-de-la-traumatologia-las-lesiones-deportivas-o-la-pediatria-estudiando-en-ingles-matriculate-ahora-en-septiembre-en-el-grado-en-fisioterapia-internacional-en-barcelo\\\/#primaryimage\"},\"thumbnailUrl\":\"https:\\\/\\\/barcelona.euses.cat\\\/wp-content\\\/uploads\\\/2018\\\/02\\\/Vols-dedicar-te-a-l\u2019\u00e0mbit-de-la-traumatologia-les-lesions-esportives-o-la-pediatria-estudiant-en-angl\u00e8s.-Matricula\u2019t-ara-al-setembre-al-Grau-en-Fisioter\u00e0pia-Internacional.jpg\",\"keywords\":[\"Castellano\"],\"articleSection\":[\"Sin categorizar\"],\"inLanguage\":\"es\"},{\"@type\":\"WebPage\",\"@id\":\"https:\\\/\\\/barcelona.euses.cat\\\/es\\\/quieres-dedicarte-al-ambito-de-la-traumatologia-las-lesiones-deportivas-o-la-pediatria-estudiando-en-ingles-matriculate-ahora-en-septiembre-en-el-grado-en-fisioterapia-internacional-en-barcelo\\\/\",\"url\":\"https:\\\/\\\/barcelona.euses.cat\\\/es\\\/quieres-dedicarte-al-ambito-de-la-traumatologia-las-lesiones-deportivas-o-la-pediatria-estudiando-en-ingles-matriculate-ahora-en-septiembre-en-el-grado-en-fisioterapia-internacional-en-barcelo\\\/\",\"name\":\"\u00bfQuieres dedicarte al \u00e1mbito de la traumatolog\u00eda, las lesiones deportivas o la pediatr\u00eda estudiando en ingl\u00e9s? Matric\u00falate ahora en septiembre en el Grado en Fisioterapia Internacional en Barcelona | EUSES - Campus de Bellvitge (Barcelona)\",\"isPartOf\":{\"@id\":\"https:\\\/\\\/barcelona.euses.cat\\\/ca\\\/#website\"},\"primaryImageOfPage\":{\"@id\":\"https:\\\/\\\/barcelona.euses.cat\\\/es\\\/quieres-dedicarte-al-ambito-de-la-traumatologia-las-lesiones-deportivas-o-la-pediatria-estudiando-en-ingles-matriculate-ahora-en-septiembre-en-el-grado-en-fisioterapia-internacional-en-barcelo\\\/#primaryimage\"},\"image\":{\"@id\":\"https:\\\/\\\/barcelona.euses.cat\\\/es\\\/quieres-dedicarte-al-ambito-de-la-traumatologia-las-lesiones-deportivas-o-la-pediatria-estudiando-en-ingles-matriculate-ahora-en-septiembre-en-el-grado-en-fisioterapia-internacional-en-barcelo\\\/#primaryimage\"},\"thumbnailUrl\":\"https:\\\/\\\/barcelona.euses.cat\\\/wp-content\\\/uploads\\\/2018\\\/02\\\/Vols-dedicar-te-a-l\u2019\u00e0mbit-de-la-traumatologia-les-lesions-esportives-o-la-pediatria-estudiant-en-angl\u00e8s.-Matricula\u2019t-ara-al-setembre-al-Grau-en-Fisioter\u00e0pia-Internacional.jpg\",\"datePublished\":\"2015-09-13T22:00:00+00:00\",\"author\":{\"@id\":\"https:\\\/\\\/barcelona.euses.cat\\\/ca\\\/#\\\/schema\\\/person\\\/c3074ca9d956eacf02e41e2ff78e53ab\"},\"breadcrumb\":{\"@id\":\"https:\\\/\\\/barcelona.euses.cat\\\/es\\\/quieres-dedicarte-al-ambito-de-la-traumatologia-las-lesiones-deportivas-o-la-pediatria-estudiando-en-ingles-matriculate-ahora-en-septiembre-en-el-grado-en-fisioterapia-internacional-en-barcelo\\\/#breadcrumb\"},\"inLanguage\":\"es\",\"potentialAction\":[{\"@type\":\"ReadAction\",\"target\":[\"https:\\\/\\\/barcelona.euses.cat\\\/es\\\/quieres-dedicarte-al-ambito-de-la-traumatologia-las-lesiones-deportivas-o-la-pediatria-estudiando-en-ingles-matriculate-ahora-en-septiembre-en-el-grado-en-fisioterapia-internacional-en-barcelo\\\/\"]}]},{\"@type\":\"ImageObject\",\"inLanguage\":\"es\",\"@id\":\"https:\\\/\\\/barcelona.euses.cat\\\/es\\\/quieres-dedicarte-al-ambito-de-la-traumatologia-las-lesiones-deportivas-o-la-pediatria-estudiando-en-ingles-matriculate-ahora-en-septiembre-en-el-grado-en-fisioterapia-internacional-en-barcelo\\\/#primaryimage\",\"url\":\"https:\\\/\\\/barcelona.euses.cat\\\/wp-content\\\/uploads\\\/2018\\\/02\\\/Vols-dedicar-te-a-l\u2019\u00e0mbit-de-la-traumatologia-les-lesions-esportives-o-la-pediatria-estudiant-en-angl\u00e8s.-Matricula\u2019t-ara-al-setembre-al-Grau-en-Fisioter\u00e0pia-Internacional.jpg\",\"contentUrl\":\"https:\\\/\\\/barcelona.euses.cat\\\/wp-content\\\/uploads\\\/2018\\\/02\\\/Vols-dedicar-te-a-l\u2019\u00e0mbit-de-la-traumatologia-les-lesions-esportives-o-la-pediatria-estudiant-en-angl\u00e8s.-Matricula\u2019t-ara-al-setembre-al-Grau-en-Fisioter\u00e0pia-Internacional.jpg\",\"width\":982,\"height\":654},{\"@type\":\"BreadcrumbList\",\"@id\":\"https:\\\/\\\/barcelona.euses.cat\\\/es\\\/quieres-dedicarte-al-ambito-de-la-traumatologia-las-lesiones-deportivas-o-la-pediatria-estudiando-en-ingles-matriculate-ahora-en-septiembre-en-el-grado-en-fisioterapia-internacional-en-barcelo\\\/#breadcrumb\",\"itemListElement\":[{\"@type\":\"ListItem\",\"position\":1,\"name\":\"Portada\",\"item\":\"https:\\\/\\\/barcelona.euses.cat\\\/es\\\/\"},{\"@type\":\"ListItem\",\"position\":2,\"name\":\"\u00bfQuieres dedicarte al \u00e1mbito de la traumatolog\u00eda, las lesiones deportivas o la pediatr\u00eda estudiando en ingl\u00e9s? Matric\u00falate ahora en septiembre en el Grado en Fisioterapia Internacional en Barcelona\"}]},{\"@type\":\"WebSite\",\"@id\":\"https:\\\/\\\/barcelona.euses.cat\\\/ca\\\/#website\",\"url\":\"https:\\\/\\\/barcelona.euses.cat\\\/ca\\\/\",\"name\":\"EUSES - Campus de Bellvitge (Barcelona)\",\"description\":\"EUSES, Escuela Universitaria de Fisioterapia Internacional en Barcelona\",\"potentialAction\":[{\"@type\":\"SearchAction\",\"target\":{\"@type\":\"EntryPoint\",\"urlTemplate\":\"https:\\\/\\\/barcelona.euses.cat\\\/ca\\\/?s={search_term_string}\"},\"query-input\":{\"@type\":\"PropertyValueSpecification\",\"valueRequired\":true,\"valueName\":\"search_term_string\"}}],\"inLanguage\":\"es\"},{\"@type\":\"Person\",\"@id\":\"https:\\\/\\\/barcelona.euses.cat\\\/ca\\\/#\\\/schema\\\/person\\\/c3074ca9d956eacf02e41e2ff78e53ab\",\"name\":\"neorg\",\"image\":{\"@type\":\"ImageObject\",\"inLanguage\":\"es\",\"@id\":\"https:\\\/\\\/secure.gravatar.com\\\/avatar\\\/709d3d8015183afa7401c02e2291a538cbfd4ffe62f4d86ce5f4871f22e86b09?s=96&d=mm&r=g\",\"url\":\"https:\\\/\\\/secure.gravatar.com\\\/avatar\\\/709d3d8015183afa7401c02e2291a538cbfd4ffe62f4d86ce5f4871f22e86b09?s=96&d=mm&r=g\",\"contentUrl\":\"https:\\\/\\\/secure.gravatar.com\\\/avatar\\\/709d3d8015183afa7401c02e2291a538cbfd4ffe62f4d86ce5f4871f22e86b09?s=96&d=mm&r=g\",\"caption\":\"neorg\"},\"url\":\"https:\\\/\\\/barcelona.euses.cat\\\/es\\\/author\\\/neorg\\\/\"}]}<\/script>\n<!-- \/ Yoast SEO plugin. -->","yoast_head_json":{"title":"\u00bfQuieres dedicarte al \u00e1mbito de la traumatolog\u00eda, las lesiones deportivas o la pediatr\u00eda estudiando en ingl\u00e9s? Matric\u00falate ahora en septiembre en el Grado en Fisioterapia Internacional en Barcelona | EUSES - Campus de Bellvitge (Barcelona)","robots":{"index":"index","follow":"follow","max-snippet":"max-snippet:-1","max-image-preview":"max-image-preview:large","max-video-preview":"max-video-preview:-1"},"canonical":"https:\/\/barcelona.euses.cat\/es\/quieres-dedicarte-al-ambito-de-la-traumatologia-las-lesiones-deportivas-o-la-pediatria-estudiando-en-ingles-matriculate-ahora-en-septiembre-en-el-grado-en-fisioterapia-internacional-en-barcelo\/","og_locale":"es_ES","og_type":"article","og_title":"\u00bfQuieres dedicarte al \u00e1mbito de la traumatolog\u00eda, las lesiones deportivas o la pediatr\u00eda estudiando en ingl\u00e9s? Matric\u00falate ahora en septiembre en el Grado en Fisioterapia Internacional en Barcelona | EUSES - Campus de Bellvitge (Barcelona)","og_description":"Estudiar el Grado en Fisioterapia Internacional, de l\u2019Escola de Noves Tecnologies Interactives (ENTI-UB) y de l\u2019Escola de la Salut i l\u2019Esport (EUSES-UdG), en ingl\u00e9s en el Campus Bellvitge de Barcelona te proporcionar\u00e1 los elementos te\u00f3ricos y pr\u00e1cticos fundamentales para poder ejercer en diversas \u00e1reas profesionales. Cabe destacar que las salidas profesionales de este Grado son [&hellip;]","og_url":"https:\/\/barcelona.euses.cat\/es\/quieres-dedicarte-al-ambito-de-la-traumatologia-las-lesiones-deportivas-o-la-pediatria-estudiando-en-ingles-matriculate-ahora-en-septiembre-en-el-grado-en-fisioterapia-internacional-en-barcelo\/","og_site_name":"EUSES - Campus de Bellvitge (Barcelona)","article_publisher":"https:\/\/www.facebook.com\/PhysioBCN\/","article_published_time":"2015-09-13T22:00:00+00:00","og_image":[{"width":982,"height":654,"url":"https:\/\/barcelona.euses.cat\/wp-content\/uploads\/2018\/02\/Vols-dedicar-te-a-l\u2019\u00e0mbit-de-la-traumatologia-les-lesions-esportives-o-la-pediatria-estudiant-en-angl\u00e8s.-Matricula\u2019t-ara-al-setembre-al-Grau-en-Fisioter\u00e0pia-Internacional.jpg","type":"image\/jpeg"}],"author":"neorg","twitter_card":"summary_large_image","twitter_misc":{"Escrito por":"neorg","Tiempo de lectura":"2 minutos"},"schema":{"@context":"https:\/\/schema.org","@graph":[{"@type":"Article","@id":"https:\/\/barcelona.euses.cat\/es\/quieres-dedicarte-al-ambito-de-la-traumatologia-las-lesiones-deportivas-o-la-pediatria-estudiando-en-ingles-matriculate-ahora-en-septiembre-en-el-grado-en-fisioterapia-internacional-en-barcelo\/#article","isPartOf":{"@id":"https:\/\/barcelona.euses.cat\/es\/quieres-dedicarte-al-ambito-de-la-traumatologia-las-lesiones-deportivas-o-la-pediatria-estudiando-en-ingles-matriculate-ahora-en-septiembre-en-el-grado-en-fisioterapia-internacional-en-barcelo\/"},"author":{"name":"neorg","@id":"https:\/\/barcelona.euses.cat\/ca\/#\/schema\/person\/c3074ca9d956eacf02e41e2ff78e53ab"},"headline":"\u00bfQuieres dedicarte al \u00e1mbito de la traumatolog\u00eda, las lesiones deportivas o la pediatr\u00eda estudiando en ingl\u00e9s? Matric\u00falate ahora en septiembre en el Grado en Fisioterapia Internacional en Barcelona","datePublished":"2015-09-13T22:00:00+00:00","mainEntityOfPage":{"@id":"https:\/\/barcelona.euses.cat\/es\/quieres-dedicarte-al-ambito-de-la-traumatologia-las-lesiones-deportivas-o-la-pediatria-estudiando-en-ingles-matriculate-ahora-en-septiembre-en-el-grado-en-fisioterapia-internacional-en-barcelo\/"},"wordCount":421,"image":{"@id":"https:\/\/barcelona.euses.cat\/es\/quieres-dedicarte-al-ambito-de-la-traumatologia-las-lesiones-deportivas-o-la-pediatria-estudiando-en-ingles-matriculate-ahora-en-septiembre-en-el-grado-en-fisioterapia-internacional-en-barcelo\/#primaryimage"},"thumbnailUrl":"https:\/\/barcelona.euses.cat\/wp-content\/uploads\/2018\/02\/Vols-dedicar-te-a-l\u2019\u00e0mbit-de-la-traumatologia-les-lesions-esportives-o-la-pediatria-estudiant-en-angl\u00e8s.-Matricula\u2019t-ara-al-setembre-al-Grau-en-Fisioter\u00e0pia-Internacional.jpg","keywords":["Castellano"],"articleSection":["Sin categorizar"],"inLanguage":"es"},{"@type":"WebPage","@id":"https:\/\/barcelona.euses.cat\/es\/quieres-dedicarte-al-ambito-de-la-traumatologia-las-lesiones-deportivas-o-la-pediatria-estudiando-en-ingles-matriculate-ahora-en-septiembre-en-el-grado-en-fisioterapia-internacional-en-barcelo\/","url":"https:\/\/barcelona.euses.cat\/es\/quieres-dedicarte-al-ambito-de-la-traumatologia-las-lesiones-deportivas-o-la-pediatria-estudiando-en-ingles-matriculate-ahora-en-septiembre-en-el-grado-en-fisioterapia-internacional-en-barcelo\/","name":"\u00bfQuieres dedicarte al \u00e1mbito de la traumatolog\u00eda, las lesiones deportivas o la pediatr\u00eda estudiando en ingl\u00e9s? Matric\u00falate ahora en septiembre en el Grado en Fisioterapia Internacional en Barcelona | EUSES - Campus de Bellvitge (Barcelona)","isPartOf":{"@id":"https:\/\/barcelona.euses.cat\/ca\/#website"},"primaryImageOfPage":{"@id":"https:\/\/barcelona.euses.cat\/es\/quieres-dedicarte-al-ambito-de-la-traumatologia-las-lesiones-deportivas-o-la-pediatria-estudiando-en-ingles-matriculate-ahora-en-septiembre-en-el-grado-en-fisioterapia-internacional-en-barcelo\/#primaryimage"},"image":{"@id":"https:\/\/barcelona.euses.cat\/es\/quieres-dedicarte-al-ambito-de-la-traumatologia-las-lesiones-deportivas-o-la-pediatria-estudiando-en-ingles-matriculate-ahora-en-septiembre-en-el-grado-en-fisioterapia-internacional-en-barcelo\/#primaryimage"},"thumbnailUrl":"https:\/\/barcelona.euses.cat\/wp-content\/uploads\/2018\/02\/Vols-dedicar-te-a-l\u2019\u00e0mbit-de-la-traumatologia-les-lesions-esportives-o-la-pediatria-estudiant-en-angl\u00e8s.-Matricula\u2019t-ara-al-setembre-al-Grau-en-Fisioter\u00e0pia-Internacional.jpg","datePublished":"2015-09-13T22:00:00+00:00","author":{"@id":"https:\/\/barcelona.euses.cat\/ca\/#\/schema\/person\/c3074ca9d956eacf02e41e2ff78e53ab"},"breadcrumb":{"@id":"https:\/\/barcelona.euses.cat\/es\/quieres-dedicarte-al-ambito-de-la-traumatologia-las-lesiones-deportivas-o-la-pediatria-estudiando-en-ingles-matriculate-ahora-en-septiembre-en-el-grado-en-fisioterapia-internacional-en-barcelo\/#breadcrumb"},"inLanguage":"es","potentialAction":[{"@type":"ReadAction","target":["https:\/\/barcelona.euses.cat\/es\/quieres-dedicarte-al-ambito-de-la-traumatologia-las-lesiones-deportivas-o-la-pediatria-estudiando-en-ingles-matriculate-ahora-en-septiembre-en-el-grado-en-fisioterapia-internacional-en-barcelo\/"]}]},{"@type":"ImageObject","inLanguage":"es","@id":"https:\/\/barcelona.euses.cat\/es\/quieres-dedicarte-al-ambito-de-la-traumatologia-las-lesiones-deportivas-o-la-pediatria-estudiando-en-ingles-matriculate-ahora-en-septiembre-en-el-grado-en-fisioterapia-internacional-en-barcelo\/#primaryimage","url":"https:\/\/barcelona.euses.cat\/wp-content\/uploads\/2018\/02\/Vols-dedicar-te-a-l\u2019\u00e0mbit-de-la-traumatologia-les-lesions-esportives-o-la-pediatria-estudiant-en-angl\u00e8s.-Matricula\u2019t-ara-al-setembre-al-Grau-en-Fisioter\u00e0pia-Internacional.jpg","contentUrl":"https:\/\/barcelona.euses.cat\/wp-content\/uploads\/2018\/02\/Vols-dedicar-te-a-l\u2019\u00e0mbit-de-la-traumatologia-les-lesions-esportives-o-la-pediatria-estudiant-en-angl\u00e8s.-Matricula\u2019t-ara-al-setembre-al-Grau-en-Fisioter\u00e0pia-Internacional.jpg","width":982,"height":654},{"@type":"BreadcrumbList","@id":"https:\/\/barcelona.euses.cat\/es\/quieres-dedicarte-al-ambito-de-la-traumatologia-las-lesiones-deportivas-o-la-pediatria-estudiando-en-ingles-matriculate-ahora-en-septiembre-en-el-grado-en-fisioterapia-internacional-en-barcelo\/#breadcrumb","itemListElement":[{"@type":"ListItem","position":1,"name":"Portada","item":"https:\/\/barcelona.euses.cat\/es\/"},{"@type":"ListItem","position":2,"name":"\u00bfQuieres dedicarte al \u00e1mbito de la traumatolog\u00eda, las lesiones deportivas o la pediatr\u00eda estudiando en ingl\u00e9s? Matric\u00falate ahora en septiembre en el Grado en Fisioterapia Internacional en Barcelona"}]},{"@type":"WebSite","@id":"https:\/\/barcelona.euses.cat\/ca\/#website","url":"https:\/\/barcelona.euses.cat\/ca\/","name":"EUSES - Campus de Bellvitge (Barcelona)","description":"EUSES, Escuela Universitaria de Fisioterapia Internacional en Barcelona","potentialAction":[{"@type":"SearchAction","target":{"@type":"EntryPoint","urlTemplate":"https:\/\/barcelona.euses.cat\/ca\/?s={search_term_string}"},"query-input":{"@type":"PropertyValueSpecification","valueRequired":true,"valueName":"search_term_string"}}],"inLanguage":"es"},{"@type":"Person","@id":"https:\/\/barcelona.euses.cat\/ca\/#\/schema\/person\/c3074ca9d956eacf02e41e2ff78e53ab","name":"neorg","image":{"@type":"ImageObject","inLanguage":"es","@id":"https:\/\/secure.gravatar.com\/avatar\/709d3d8015183afa7401c02e2291a538cbfd4ffe62f4d86ce5f4871f22e86b09?s=96&d=mm&r=g","url":"https:\/\/secure.gravatar.com\/avatar\/709d3d8015183afa7401c02e2291a538cbfd4ffe62f4d86ce5f4871f22e86b09?s=96&d=mm&r=g","contentUrl":"https:\/\/secure.gravatar.com\/avatar\/709d3d8015183afa7401c02e2291a538cbfd4ffe62f4d86ce5f4871f22e86b09?s=96&d=mm&r=g","caption":"neorg"},"url":"https:\/\/barcelona.euses.cat\/es\/author\/neorg\/"}]}},"_links":{"self":[{"href":"https:\/\/barcelona.euses.cat\/es\/wp-json\/wp\/v2\/posts\/5923","targetHints":{"allow":["GET"]}}],"collection":[{"href":"https:\/\/barcelona.euses.cat\/es\/wp-json\/wp\/v2\/posts"}],"about":[{"href":"https:\/\/barcelona.euses.cat\/es\/wp-json\/wp\/v2\/types\/post"}],"author":[{"embeddable":true,"href":"https:\/\/barcelona.euses.cat\/es\/wp-json\/wp\/v2\/users\/1"}],"replies":[{"embeddable":true,"href":"https:\/\/barcelona.euses.cat\/es\/wp-json\/wp\/v2\/comments?post=5923"}],"version-history":[{"count":0,"href":"https:\/\/barcelona.euses.cat\/es\/wp-json\/wp\/v2\/posts\/5923\/revisions"}],"wp:featuredmedia":[{"embeddable":true,"href":"https:\/\/barcelona.euses.cat\/es\/wp-json\/wp\/v2\/media\/5606"}],"wp:attachment":[{"href":"https:\/\/barcelona.euses.cat\/es\/wp-json\/wp\/v2\/media?parent=5923"}],"wp:term":[{"taxonomy":"category","embeddable":true,"href":"https:\/\/barcelona.euses.cat\/es\/wp-json\/wp\/v2\/categories?post=5923"},{"taxonomy":"post_tag","embeddable":true,"href":"https:\/\/barcelona.euses.cat\/es\/wp-json\/wp\/v2\/tags?post=5923"}],"curies":[{"name":"wp","href":"https:\/\/api.w.org\/{rel}","templated":true}]}}