{"id":5912,"date":"2015-11-30T00:00:00","date_gmt":"2015-11-29T23:00:00","guid":{"rendered":"http:\/\/physiotherapybarcelona.net\/sabias-que-una-de-las-salidas-profesionales-del-fisioterapeuta-esta-relacionada-con-la-ergonomia-y-la-salud-laboral-estudia-el-grado-en-fisioterapia-internacional-en-el-campus-de-barcelona\/"},"modified":"2015-11-30T00:00:00","modified_gmt":"2015-11-29T23:00:00","slug":"sabias-que-una-de-las-salidas-profesionales-del-fisioterapeuta-esta-relacionada-con-la-ergonomia-y-la-salud-laboral-estudia-el-grado-en-fisioterapia-internacional-en-el-campus-de-barcelona","status":"publish","type":"post","link":"https:\/\/barcelona.euses.cat\/es\/sabias-que-una-de-las-salidas-profesionales-del-fisioterapeuta-esta-relacionada-con-la-ergonomia-y-la-salud-laboral-estudia-el-grado-en-fisioterapia-internacional-en-el-campus-de-barcelona\/","title":{"rendered":"\u00bfSab\u00edas que una de las salidas profesionales del fisioterapeuta est\u00e1 relacionada con la ergonom\u00eda y la salud laboral? Estudia el Grado en Fisioterapia Internacional en el Campus de Barcelona"},"content":{"rendered":"<p style=\"text-align: justify;\">Si quieres dedicarte al \u00e1mbito de la <strong>prevenci\u00f3n y la salud laboral<\/strong>, en el <strong>Grado en Fisioterapia Internacional<\/strong> del <strong>Campus de Barcelona<\/strong>, \u200b\u200baprender\u00e1s los aspectos clave de la <strong>ergonom\u00eda<\/strong>, una <strong>disciplina<\/strong> que tiene como <strong>principal objetivo la adecuaci\u00f3n <\/strong>de los <strong>productos, sistemas y entornos <\/strong>a las <strong>necesidades<\/strong>, limitaciones y caracter\u00edsticas de sus <strong>usuarios<\/strong>, optimizando la eficacia, seguridad y bienestar.<\/p>\n<p style=\"text-align: justify;\">En muchos casos, los <strong>trabajadores<\/strong> presentan <strong>patolog\u00edas<\/strong> derivadas de las <strong>condiciones<\/strong> <strong>laborales<\/strong>. Como por ejemplo: una <strong>afectaci\u00f3n<\/strong> <strong>m\u00fasculo-esquel\u00e9tica<\/strong> asociada a trabajo repetitivo, <strong>posturas<\/strong> <strong>inadecuadas<\/strong> y manejo manual de materiales, la <strong>obesidad<\/strong> vinculada al sedentarismo, la <strong>fatiga<\/strong> cr\u00f3nica, etc. <strong>Aqu\u00ed<\/strong> es donde interviene el trabajo del <strong>fisioterapeuta<\/strong>, especializado en <strong>ergonom\u00eda<\/strong>, para <strong>adecuar<\/strong> al m\u00e1ximo el dise\u00f1o del puesto de <strong>trabajo<\/strong> a los <strong>profesionales<\/strong>. Sin duda, se trata de un <strong>\u00e1mbito profesional<\/strong> con muy buenas <strong>perspectivas laborales<\/strong>. Adem\u00e1s, en este <strong>Grado<\/strong> estudiar\u00e1s en <strong>ingl\u00e9s<\/strong> un idioma que todav\u00eda <strong>ampl\u00eda<\/strong> m\u00e1s tus <strong>oportunidades laborales<\/strong>.<\/p>\n<p style=\"text-align: justify;\">Aparte del <strong>\u00e1mbito de la salud laboral<\/strong>, una vez <strong>finalices<\/strong> estos <strong>estudios<\/strong>, optar\u00e1s a un <strong>amplio<\/strong> <strong>abanico de salidas profesionales<\/strong> en otros sectores:<\/p>\n<ul style=\"text-align: justify;\">\n<li><strong>Sector m\u00e9dico.<\/strong> Una vez te hayas graduado, podr\u00e1s ejercer en diferentes <strong>ramas<\/strong> de la <strong>medicina<\/strong>. Cabe destacar: la traumatolog\u00eda, centrada en las lesiones deportivas; la pediatr\u00eda; las afecciones cardiorrespiratorias; la neurolog\u00eda; el uro-ginecolog\u00eda o la reumatolog\u00eda.<\/li>\n<\/ul>\n<ul style=\"text-align: justify;\">\n<li>Si tienes vocaci\u00f3n por la ense\u00f1anza, una de las salidas profesionales en alza es la de <strong>profesor de fisioterapia<\/strong>. Precisamente el desarrollo profesional acad\u00e9mico se ha convertido en la actualidad, un foco de <strong>gran inter\u00e9s<\/strong> en el mundo de la <strong>fisioterapia<\/strong>.<\/li>\n<\/ul>\n<ul style=\"text-align: justify;\">\n<li><strong>Profesional aut\u00f3nomo.<\/strong> Una vez te hayas graduado en fisioterapia, podr\u00e1s <strong>ejercer<\/strong> de manera aut\u00f3noma, trabajando en tu <strong>propio centro de rehabilitaci\u00f3n<\/strong> o bien, integr\u00e1ndote en <strong>equipos multidisciplinares<\/strong>, es decir, en cl\u00ednicas, centros de atenci\u00f3n primaria, hospitales o mutuas.<\/li>\n<\/ul>\n<ul style=\"text-align: justify;\">\n<li><strong>Campo de la innovaci\u00f3n tecnol\u00f3gica<\/strong>. Gracias a la <strong>dualidad te\u00f3rica-pr\u00e1ctica<\/strong> de este <strong>Grado<\/strong> alcanzar\u00e1s los conocimientos necesarios para desarrollarte profesionalmente en el \u00e1mbito de la <strong>aplicaci\u00f3n tecnol\u00f3gica<\/strong> en el <strong>campo de la fisioterapia<\/strong>. Un \u00e1mbito innovador, en potencia y con un amplio espectro de desarrollo en nuestra sociedad, al unir aspectos tan relevantes como la <strong>atenci\u00f3n sanitaria y las nuevas tecnolog\u00edas.<\/strong><\/li>\n<\/ul>\n<p style=\"text-align: justify;\">Elige una <strong>formaci\u00f3n actualizada<\/strong>, de <strong>calidad<\/strong> y en <strong>ingl\u00e9s<\/strong>. Estudia el <a href=\"http:\/\/goo.gl\/eFl2Wu\" target=\"_blank\"><strong>Grado en Fisioterapia Internacional en el Campus de Barcelona<\/strong><\/a>; la mejor manera de preparar tu <strong>futuro profesional.<\/strong><\/p>\n","protected":false},"excerpt":{"rendered":"<p>Si quieres dedicarte al \u00e1mbito de la prevenci\u00f3n y la salud laboral, en el Grado en Fisioterapia Internacional del Campus de Barcelona, \u200b\u200baprender\u00e1s los aspectos clave de la ergonom\u00eda, una disciplina que tiene como principal objetivo la adecuaci\u00f3n de los productos, sistemas y entornos a las necesidades, limitaciones y caracter\u00edsticas de sus usuarios, optimizando la [&hellip;]<\/p>\n","protected":false},"author":1,"featured_media":5551,"comment_status":"closed","ping_status":"closed","sticky":false,"template":"","format":"standard","meta":{"_acf_changed":false,"inline_featured_image":false,"_joinchat":[],"footnotes":""},"categories":[1],"tags":[44],"class_list":["post-5912","post","type-post","status-publish","format-standard","has-post-thumbnail","hentry","category-sin-categorizar","tag-castellano"],"acf":[],"yoast_head":"<!-- This site is optimized with the Yoast SEO plugin v27.4 - https:\/\/yoast.com\/product\/yoast-seo-wordpress\/ -->\n<title>\u00bfSab\u00edas que una de las salidas profesionales del fisioterapeuta est\u00e1 relacionada con la ergonom\u00eda y la salud laboral? Estudia el Grado en Fisioterapia Internacional en el Campus de Barcelona | EUSES - Campus de Bellvitge (Barcelona)<\/title>\n<meta name=\"robots\" content=\"index, follow, max-snippet:-1, max-image-preview:large, max-video-preview:-1\" \/>\n<link rel=\"canonical\" href=\"https:\/\/barcelona.euses.cat\/es\/sabias-que-una-de-las-salidas-profesionales-del-fisioterapeuta-esta-relacionada-con-la-ergonomia-y-la-salud-laboral-estudia-el-grado-en-fisioterapia-internacional-en-el-campus-de-barcelona\/\" \/>\n<meta property=\"og:locale\" content=\"es_ES\" \/>\n<meta property=\"og:type\" content=\"article\" \/>\n<meta property=\"og:title\" content=\"\u00bfSab\u00edas que una de las salidas profesionales del fisioterapeuta est\u00e1 relacionada con la ergonom\u00eda y la salud laboral? Estudia el Grado en Fisioterapia Internacional en el Campus de Barcelona | EUSES - Campus de Bellvitge (Barcelona)\" \/>\n<meta property=\"og:description\" content=\"Si quieres dedicarte al \u00e1mbito de la prevenci\u00f3n y la salud laboral, en el Grado en Fisioterapia Internacional del Campus de Barcelona, \u200b\u200baprender\u00e1s los aspectos clave de la ergonom\u00eda, una disciplina que tiene como principal objetivo la adecuaci\u00f3n de los productos, sistemas y entornos a las necesidades, limitaciones y caracter\u00edsticas de sus usuarios, optimizando la [&hellip;]\" \/>\n<meta property=\"og:url\" content=\"https:\/\/barcelona.euses.cat\/es\/sabias-que-una-de-las-salidas-profesionales-del-fisioterapeuta-esta-relacionada-con-la-ergonomia-y-la-salud-laboral-estudia-el-grado-en-fisioterapia-internacional-en-el-campus-de-barcelona\/\" \/>\n<meta property=\"og:site_name\" content=\"EUSES - Campus de Bellvitge (Barcelona)\" \/>\n<meta property=\"article:publisher\" content=\"https:\/\/www.facebook.com\/PhysioBCN\/\" \/>\n<meta property=\"article:published_time\" content=\"2015-11-29T23:00:00+00:00\" \/>\n<meta property=\"og:image\" content=\"https:\/\/barcelona.euses.cat\/wp-content\/uploads\/2018\/02\/Sabies-que-una-de-les-sortides-professionals-del-fisioterapeuta-est\u00e0-relacionada-amb-l\u2019ergonomia-i-la-salut-laboral.-Estudia-el-Grau-en-Fisioter\u00e0pia-Internacional-al-Campus-de-Barcelona.jpg\" \/>\n\t<meta property=\"og:image:width\" content=\"1066\" \/>\n\t<meta property=\"og:image:height\" content=\"711\" \/>\n\t<meta property=\"og:image:type\" content=\"image\/jpeg\" \/>\n<meta name=\"author\" content=\"neorg\" \/>\n<meta name=\"twitter:card\" content=\"summary_large_image\" \/>\n<meta name=\"twitter:label1\" content=\"Escrito por\" \/>\n\t<meta name=\"twitter:data1\" content=\"neorg\" \/>\n\t<meta name=\"twitter:label2\" content=\"Tiempo de lectura\" \/>\n\t<meta name=\"twitter:data2\" content=\"2 minutos\" \/>\n<script type=\"application\/ld+json\" class=\"yoast-schema-graph\">{\"@context\":\"https:\\\/\\\/schema.org\",\"@graph\":[{\"@type\":\"Article\",\"@id\":\"https:\\\/\\\/barcelona.euses.cat\\\/es\\\/sabias-que-una-de-las-salidas-profesionales-del-fisioterapeuta-esta-relacionada-con-la-ergonomia-y-la-salud-laboral-estudia-el-grado-en-fisioterapia-internacional-en-el-campus-de-barcelona\\\/#article\",\"isPartOf\":{\"@id\":\"https:\\\/\\\/barcelona.euses.cat\\\/es\\\/sabias-que-una-de-las-salidas-profesionales-del-fisioterapeuta-esta-relacionada-con-la-ergonomia-y-la-salud-laboral-estudia-el-grado-en-fisioterapia-internacional-en-el-campus-de-barcelona\\\/\"},\"author\":{\"name\":\"neorg\",\"@id\":\"https:\\\/\\\/barcelona.euses.cat\\\/ca\\\/#\\\/schema\\\/person\\\/c3074ca9d956eacf02e41e2ff78e53ab\"},\"headline\":\"\u00bfSab\u00edas que una de las salidas profesionales del fisioterapeuta est\u00e1 relacionada con la ergonom\u00eda y la salud laboral? Estudia el Grado en Fisioterapia Internacional en el Campus de Barcelona\",\"datePublished\":\"2015-11-29T23:00:00+00:00\",\"mainEntityOfPage\":{\"@id\":\"https:\\\/\\\/barcelona.euses.cat\\\/es\\\/sabias-que-una-de-las-salidas-profesionales-del-fisioterapeuta-esta-relacionada-con-la-ergonomia-y-la-salud-laboral-estudia-el-grado-en-fisioterapia-internacional-en-el-campus-de-barcelona\\\/\"},\"wordCount\":457,\"image\":{\"@id\":\"https:\\\/\\\/barcelona.euses.cat\\\/es\\\/sabias-que-una-de-las-salidas-profesionales-del-fisioterapeuta-esta-relacionada-con-la-ergonomia-y-la-salud-laboral-estudia-el-grado-en-fisioterapia-internacional-en-el-campus-de-barcelona\\\/#primaryimage\"},\"thumbnailUrl\":\"https:\\\/\\\/barcelona.euses.cat\\\/wp-content\\\/uploads\\\/2018\\\/02\\\/Sabies-que-una-de-les-sortides-professionals-del-fisioterapeuta-est\u00e0-relacionada-amb-l\u2019ergonomia-i-la-salut-laboral.-Estudia-el-Grau-en-Fisioter\u00e0pia-Internacional-al-Campus-de-Barcelona.jpg\",\"keywords\":[\"Castellano\"],\"articleSection\":[\"Sin categorizar\"],\"inLanguage\":\"es\"},{\"@type\":\"WebPage\",\"@id\":\"https:\\\/\\\/barcelona.euses.cat\\\/es\\\/sabias-que-una-de-las-salidas-profesionales-del-fisioterapeuta-esta-relacionada-con-la-ergonomia-y-la-salud-laboral-estudia-el-grado-en-fisioterapia-internacional-en-el-campus-de-barcelona\\\/\",\"url\":\"https:\\\/\\\/barcelona.euses.cat\\\/es\\\/sabias-que-una-de-las-salidas-profesionales-del-fisioterapeuta-esta-relacionada-con-la-ergonomia-y-la-salud-laboral-estudia-el-grado-en-fisioterapia-internacional-en-el-campus-de-barcelona\\\/\",\"name\":\"\u00bfSab\u00edas que una de las salidas profesionales del fisioterapeuta est\u00e1 relacionada con la ergonom\u00eda y la salud laboral? Estudia el Grado en Fisioterapia Internacional en el Campus de Barcelona | EUSES - Campus de Bellvitge (Barcelona)\",\"isPartOf\":{\"@id\":\"https:\\\/\\\/barcelona.euses.cat\\\/ca\\\/#website\"},\"primaryImageOfPage\":{\"@id\":\"https:\\\/\\\/barcelona.euses.cat\\\/es\\\/sabias-que-una-de-las-salidas-profesionales-del-fisioterapeuta-esta-relacionada-con-la-ergonomia-y-la-salud-laboral-estudia-el-grado-en-fisioterapia-internacional-en-el-campus-de-barcelona\\\/#primaryimage\"},\"image\":{\"@id\":\"https:\\\/\\\/barcelona.euses.cat\\\/es\\\/sabias-que-una-de-las-salidas-profesionales-del-fisioterapeuta-esta-relacionada-con-la-ergonomia-y-la-salud-laboral-estudia-el-grado-en-fisioterapia-internacional-en-el-campus-de-barcelona\\\/#primaryimage\"},\"thumbnailUrl\":\"https:\\\/\\\/barcelona.euses.cat\\\/wp-content\\\/uploads\\\/2018\\\/02\\\/Sabies-que-una-de-les-sortides-professionals-del-fisioterapeuta-est\u00e0-relacionada-amb-l\u2019ergonomia-i-la-salut-laboral.-Estudia-el-Grau-en-Fisioter\u00e0pia-Internacional-al-Campus-de-Barcelona.jpg\",\"datePublished\":\"2015-11-29T23:00:00+00:00\",\"author\":{\"@id\":\"https:\\\/\\\/barcelona.euses.cat\\\/ca\\\/#\\\/schema\\\/person\\\/c3074ca9d956eacf02e41e2ff78e53ab\"},\"breadcrumb\":{\"@id\":\"https:\\\/\\\/barcelona.euses.cat\\\/es\\\/sabias-que-una-de-las-salidas-profesionales-del-fisioterapeuta-esta-relacionada-con-la-ergonomia-y-la-salud-laboral-estudia-el-grado-en-fisioterapia-internacional-en-el-campus-de-barcelona\\\/#breadcrumb\"},\"inLanguage\":\"es\",\"potentialAction\":[{\"@type\":\"ReadAction\",\"target\":[\"https:\\\/\\\/barcelona.euses.cat\\\/es\\\/sabias-que-una-de-las-salidas-profesionales-del-fisioterapeuta-esta-relacionada-con-la-ergonomia-y-la-salud-laboral-estudia-el-grado-en-fisioterapia-internacional-en-el-campus-de-barcelona\\\/\"]}]},{\"@type\":\"ImageObject\",\"inLanguage\":\"es\",\"@id\":\"https:\\\/\\\/barcelona.euses.cat\\\/es\\\/sabias-que-una-de-las-salidas-profesionales-del-fisioterapeuta-esta-relacionada-con-la-ergonomia-y-la-salud-laboral-estudia-el-grado-en-fisioterapia-internacional-en-el-campus-de-barcelona\\\/#primaryimage\",\"url\":\"https:\\\/\\\/barcelona.euses.cat\\\/wp-content\\\/uploads\\\/2018\\\/02\\\/Sabies-que-una-de-les-sortides-professionals-del-fisioterapeuta-est\u00e0-relacionada-amb-l\u2019ergonomia-i-la-salut-laboral.-Estudia-el-Grau-en-Fisioter\u00e0pia-Internacional-al-Campus-de-Barcelona.jpg\",\"contentUrl\":\"https:\\\/\\\/barcelona.euses.cat\\\/wp-content\\\/uploads\\\/2018\\\/02\\\/Sabies-que-una-de-les-sortides-professionals-del-fisioterapeuta-est\u00e0-relacionada-amb-l\u2019ergonomia-i-la-salut-laboral.-Estudia-el-Grau-en-Fisioter\u00e0pia-Internacional-al-Campus-de-Barcelona.jpg\",\"width\":1066,\"height\":711},{\"@type\":\"BreadcrumbList\",\"@id\":\"https:\\\/\\\/barcelona.euses.cat\\\/es\\\/sabias-que-una-de-las-salidas-profesionales-del-fisioterapeuta-esta-relacionada-con-la-ergonomia-y-la-salud-laboral-estudia-el-grado-en-fisioterapia-internacional-en-el-campus-de-barcelona\\\/#breadcrumb\",\"itemListElement\":[{\"@type\":\"ListItem\",\"position\":1,\"name\":\"Portada\",\"item\":\"https:\\\/\\\/barcelona.euses.cat\\\/es\\\/\"},{\"@type\":\"ListItem\",\"position\":2,\"name\":\"\u00bfSab\u00edas que una de las salidas profesionales del fisioterapeuta est\u00e1 relacionada con la ergonom\u00eda y la salud laboral? Estudia el Grado en Fisioterapia Internacional en el Campus de Barcelona\"}]},{\"@type\":\"WebSite\",\"@id\":\"https:\\\/\\\/barcelona.euses.cat\\\/ca\\\/#website\",\"url\":\"https:\\\/\\\/barcelona.euses.cat\\\/ca\\\/\",\"name\":\"EUSES - Campus de Bellvitge (Barcelona)\",\"description\":\"EUSES, Escuela Universitaria de Fisioterapia Internacional en Barcelona\",\"potentialAction\":[{\"@type\":\"SearchAction\",\"target\":{\"@type\":\"EntryPoint\",\"urlTemplate\":\"https:\\\/\\\/barcelona.euses.cat\\\/ca\\\/?s={search_term_string}\"},\"query-input\":{\"@type\":\"PropertyValueSpecification\",\"valueRequired\":true,\"valueName\":\"search_term_string\"}}],\"inLanguage\":\"es\"},{\"@type\":\"Person\",\"@id\":\"https:\\\/\\\/barcelona.euses.cat\\\/ca\\\/#\\\/schema\\\/person\\\/c3074ca9d956eacf02e41e2ff78e53ab\",\"name\":\"neorg\",\"image\":{\"@type\":\"ImageObject\",\"inLanguage\":\"es\",\"@id\":\"https:\\\/\\\/secure.gravatar.com\\\/avatar\\\/709d3d8015183afa7401c02e2291a538cbfd4ffe62f4d86ce5f4871f22e86b09?s=96&d=mm&r=g\",\"url\":\"https:\\\/\\\/secure.gravatar.com\\\/avatar\\\/709d3d8015183afa7401c02e2291a538cbfd4ffe62f4d86ce5f4871f22e86b09?s=96&d=mm&r=g\",\"contentUrl\":\"https:\\\/\\\/secure.gravatar.com\\\/avatar\\\/709d3d8015183afa7401c02e2291a538cbfd4ffe62f4d86ce5f4871f22e86b09?s=96&d=mm&r=g\",\"caption\":\"neorg\"},\"url\":\"https:\\\/\\\/barcelona.euses.cat\\\/es\\\/author\\\/neorg\\\/\"}]}<\/script>\n<!-- \/ Yoast SEO plugin. -->","yoast_head_json":{"title":"\u00bfSab\u00edas que una de las salidas profesionales del fisioterapeuta est\u00e1 relacionada con la ergonom\u00eda y la salud laboral? Estudia el Grado en Fisioterapia Internacional en el Campus de Barcelona | EUSES - Campus de Bellvitge (Barcelona)","robots":{"index":"index","follow":"follow","max-snippet":"max-snippet:-1","max-image-preview":"max-image-preview:large","max-video-preview":"max-video-preview:-1"},"canonical":"https:\/\/barcelona.euses.cat\/es\/sabias-que-una-de-las-salidas-profesionales-del-fisioterapeuta-esta-relacionada-con-la-ergonomia-y-la-salud-laboral-estudia-el-grado-en-fisioterapia-internacional-en-el-campus-de-barcelona\/","og_locale":"es_ES","og_type":"article","og_title":"\u00bfSab\u00edas que una de las salidas profesionales del fisioterapeuta est\u00e1 relacionada con la ergonom\u00eda y la salud laboral? Estudia el Grado en Fisioterapia Internacional en el Campus de Barcelona | EUSES - Campus de Bellvitge (Barcelona)","og_description":"Si quieres dedicarte al \u00e1mbito de la prevenci\u00f3n y la salud laboral, en el Grado en Fisioterapia Internacional del Campus de Barcelona, \u200b\u200baprender\u00e1s los aspectos clave de la ergonom\u00eda, una disciplina que tiene como principal objetivo la adecuaci\u00f3n de los productos, sistemas y entornos a las necesidades, limitaciones y caracter\u00edsticas de sus usuarios, optimizando la [&hellip;]","og_url":"https:\/\/barcelona.euses.cat\/es\/sabias-que-una-de-las-salidas-profesionales-del-fisioterapeuta-esta-relacionada-con-la-ergonomia-y-la-salud-laboral-estudia-el-grado-en-fisioterapia-internacional-en-el-campus-de-barcelona\/","og_site_name":"EUSES - Campus de Bellvitge (Barcelona)","article_publisher":"https:\/\/www.facebook.com\/PhysioBCN\/","article_published_time":"2015-11-29T23:00:00+00:00","og_image":[{"width":1066,"height":711,"url":"https:\/\/barcelona.euses.cat\/wp-content\/uploads\/2018\/02\/Sabies-que-una-de-les-sortides-professionals-del-fisioterapeuta-est\u00e0-relacionada-amb-l\u2019ergonomia-i-la-salut-laboral.-Estudia-el-Grau-en-Fisioter\u00e0pia-Internacional-al-Campus-de-Barcelona.jpg","type":"image\/jpeg"}],"author":"neorg","twitter_card":"summary_large_image","twitter_misc":{"Escrito por":"neorg","Tiempo de lectura":"2 minutos"},"schema":{"@context":"https:\/\/schema.org","@graph":[{"@type":"Article","@id":"https:\/\/barcelona.euses.cat\/es\/sabias-que-una-de-las-salidas-profesionales-del-fisioterapeuta-esta-relacionada-con-la-ergonomia-y-la-salud-laboral-estudia-el-grado-en-fisioterapia-internacional-en-el-campus-de-barcelona\/#article","isPartOf":{"@id":"https:\/\/barcelona.euses.cat\/es\/sabias-que-una-de-las-salidas-profesionales-del-fisioterapeuta-esta-relacionada-con-la-ergonomia-y-la-salud-laboral-estudia-el-grado-en-fisioterapia-internacional-en-el-campus-de-barcelona\/"},"author":{"name":"neorg","@id":"https:\/\/barcelona.euses.cat\/ca\/#\/schema\/person\/c3074ca9d956eacf02e41e2ff78e53ab"},"headline":"\u00bfSab\u00edas que una de las salidas profesionales del fisioterapeuta est\u00e1 relacionada con la ergonom\u00eda y la salud laboral? Estudia el Grado en Fisioterapia Internacional en el Campus de Barcelona","datePublished":"2015-11-29T23:00:00+00:00","mainEntityOfPage":{"@id":"https:\/\/barcelona.euses.cat\/es\/sabias-que-una-de-las-salidas-profesionales-del-fisioterapeuta-esta-relacionada-con-la-ergonomia-y-la-salud-laboral-estudia-el-grado-en-fisioterapia-internacional-en-el-campus-de-barcelona\/"},"wordCount":457,"image":{"@id":"https:\/\/barcelona.euses.cat\/es\/sabias-que-una-de-las-salidas-profesionales-del-fisioterapeuta-esta-relacionada-con-la-ergonomia-y-la-salud-laboral-estudia-el-grado-en-fisioterapia-internacional-en-el-campus-de-barcelona\/#primaryimage"},"thumbnailUrl":"https:\/\/barcelona.euses.cat\/wp-content\/uploads\/2018\/02\/Sabies-que-una-de-les-sortides-professionals-del-fisioterapeuta-est\u00e0-relacionada-amb-l\u2019ergonomia-i-la-salut-laboral.-Estudia-el-Grau-en-Fisioter\u00e0pia-Internacional-al-Campus-de-Barcelona.jpg","keywords":["Castellano"],"articleSection":["Sin categorizar"],"inLanguage":"es"},{"@type":"WebPage","@id":"https:\/\/barcelona.euses.cat\/es\/sabias-que-una-de-las-salidas-profesionales-del-fisioterapeuta-esta-relacionada-con-la-ergonomia-y-la-salud-laboral-estudia-el-grado-en-fisioterapia-internacional-en-el-campus-de-barcelona\/","url":"https:\/\/barcelona.euses.cat\/es\/sabias-que-una-de-las-salidas-profesionales-del-fisioterapeuta-esta-relacionada-con-la-ergonomia-y-la-salud-laboral-estudia-el-grado-en-fisioterapia-internacional-en-el-campus-de-barcelona\/","name":"\u00bfSab\u00edas que una de las salidas profesionales del fisioterapeuta est\u00e1 relacionada con la ergonom\u00eda y la salud laboral? Estudia el Grado en Fisioterapia Internacional en el Campus de Barcelona | EUSES - Campus de Bellvitge (Barcelona)","isPartOf":{"@id":"https:\/\/barcelona.euses.cat\/ca\/#website"},"primaryImageOfPage":{"@id":"https:\/\/barcelona.euses.cat\/es\/sabias-que-una-de-las-salidas-profesionales-del-fisioterapeuta-esta-relacionada-con-la-ergonomia-y-la-salud-laboral-estudia-el-grado-en-fisioterapia-internacional-en-el-campus-de-barcelona\/#primaryimage"},"image":{"@id":"https:\/\/barcelona.euses.cat\/es\/sabias-que-una-de-las-salidas-profesionales-del-fisioterapeuta-esta-relacionada-con-la-ergonomia-y-la-salud-laboral-estudia-el-grado-en-fisioterapia-internacional-en-el-campus-de-barcelona\/#primaryimage"},"thumbnailUrl":"https:\/\/barcelona.euses.cat\/wp-content\/uploads\/2018\/02\/Sabies-que-una-de-les-sortides-professionals-del-fisioterapeuta-est\u00e0-relacionada-amb-l\u2019ergonomia-i-la-salut-laboral.-Estudia-el-Grau-en-Fisioter\u00e0pia-Internacional-al-Campus-de-Barcelona.jpg","datePublished":"2015-11-29T23:00:00+00:00","author":{"@id":"https:\/\/barcelona.euses.cat\/ca\/#\/schema\/person\/c3074ca9d956eacf02e41e2ff78e53ab"},"breadcrumb":{"@id":"https:\/\/barcelona.euses.cat\/es\/sabias-que-una-de-las-salidas-profesionales-del-fisioterapeuta-esta-relacionada-con-la-ergonomia-y-la-salud-laboral-estudia-el-grado-en-fisioterapia-internacional-en-el-campus-de-barcelona\/#breadcrumb"},"inLanguage":"es","potentialAction":[{"@type":"ReadAction","target":["https:\/\/barcelona.euses.cat\/es\/sabias-que-una-de-las-salidas-profesionales-del-fisioterapeuta-esta-relacionada-con-la-ergonomia-y-la-salud-laboral-estudia-el-grado-en-fisioterapia-internacional-en-el-campus-de-barcelona\/"]}]},{"@type":"ImageObject","inLanguage":"es","@id":"https:\/\/barcelona.euses.cat\/es\/sabias-que-una-de-las-salidas-profesionales-del-fisioterapeuta-esta-relacionada-con-la-ergonomia-y-la-salud-laboral-estudia-el-grado-en-fisioterapia-internacional-en-el-campus-de-barcelona\/#primaryimage","url":"https:\/\/barcelona.euses.cat\/wp-content\/uploads\/2018\/02\/Sabies-que-una-de-les-sortides-professionals-del-fisioterapeuta-est\u00e0-relacionada-amb-l\u2019ergonomia-i-la-salut-laboral.-Estudia-el-Grau-en-Fisioter\u00e0pia-Internacional-al-Campus-de-Barcelona.jpg","contentUrl":"https:\/\/barcelona.euses.cat\/wp-content\/uploads\/2018\/02\/Sabies-que-una-de-les-sortides-professionals-del-fisioterapeuta-est\u00e0-relacionada-amb-l\u2019ergonomia-i-la-salut-laboral.-Estudia-el-Grau-en-Fisioter\u00e0pia-Internacional-al-Campus-de-Barcelona.jpg","width":1066,"height":711},{"@type":"BreadcrumbList","@id":"https:\/\/barcelona.euses.cat\/es\/sabias-que-una-de-las-salidas-profesionales-del-fisioterapeuta-esta-relacionada-con-la-ergonomia-y-la-salud-laboral-estudia-el-grado-en-fisioterapia-internacional-en-el-campus-de-barcelona\/#breadcrumb","itemListElement":[{"@type":"ListItem","position":1,"name":"Portada","item":"https:\/\/barcelona.euses.cat\/es\/"},{"@type":"ListItem","position":2,"name":"\u00bfSab\u00edas que una de las salidas profesionales del fisioterapeuta est\u00e1 relacionada con la ergonom\u00eda y la salud laboral? Estudia el Grado en Fisioterapia Internacional en el Campus de Barcelona"}]},{"@type":"WebSite","@id":"https:\/\/barcelona.euses.cat\/ca\/#website","url":"https:\/\/barcelona.euses.cat\/ca\/","name":"EUSES - Campus de Bellvitge (Barcelona)","description":"EUSES, Escuela Universitaria de Fisioterapia Internacional en Barcelona","potentialAction":[{"@type":"SearchAction","target":{"@type":"EntryPoint","urlTemplate":"https:\/\/barcelona.euses.cat\/ca\/?s={search_term_string}"},"query-input":{"@type":"PropertyValueSpecification","valueRequired":true,"valueName":"search_term_string"}}],"inLanguage":"es"},{"@type":"Person","@id":"https:\/\/barcelona.euses.cat\/ca\/#\/schema\/person\/c3074ca9d956eacf02e41e2ff78e53ab","name":"neorg","image":{"@type":"ImageObject","inLanguage":"es","@id":"https:\/\/secure.gravatar.com\/avatar\/709d3d8015183afa7401c02e2291a538cbfd4ffe62f4d86ce5f4871f22e86b09?s=96&d=mm&r=g","url":"https:\/\/secure.gravatar.com\/avatar\/709d3d8015183afa7401c02e2291a538cbfd4ffe62f4d86ce5f4871f22e86b09?s=96&d=mm&r=g","contentUrl":"https:\/\/secure.gravatar.com\/avatar\/709d3d8015183afa7401c02e2291a538cbfd4ffe62f4d86ce5f4871f22e86b09?s=96&d=mm&r=g","caption":"neorg"},"url":"https:\/\/barcelona.euses.cat\/es\/author\/neorg\/"}]}},"_links":{"self":[{"href":"https:\/\/barcelona.euses.cat\/es\/wp-json\/wp\/v2\/posts\/5912","targetHints":{"allow":["GET"]}}],"collection":[{"href":"https:\/\/barcelona.euses.cat\/es\/wp-json\/wp\/v2\/posts"}],"about":[{"href":"https:\/\/barcelona.euses.cat\/es\/wp-json\/wp\/v2\/types\/post"}],"author":[{"embeddable":true,"href":"https:\/\/barcelona.euses.cat\/es\/wp-json\/wp\/v2\/users\/1"}],"replies":[{"embeddable":true,"href":"https:\/\/barcelona.euses.cat\/es\/wp-json\/wp\/v2\/comments?post=5912"}],"version-history":[{"count":0,"href":"https:\/\/barcelona.euses.cat\/es\/wp-json\/wp\/v2\/posts\/5912\/revisions"}],"wp:featuredmedia":[{"embeddable":true,"href":"https:\/\/barcelona.euses.cat\/es\/wp-json\/wp\/v2\/media\/5551"}],"wp:attachment":[{"href":"https:\/\/barcelona.euses.cat\/es\/wp-json\/wp\/v2\/media?parent=5912"}],"wp:term":[{"taxonomy":"category","embeddable":true,"href":"https:\/\/barcelona.euses.cat\/es\/wp-json\/wp\/v2\/categories?post=5912"},{"taxonomy":"post_tag","embeddable":true,"href":"https:\/\/barcelona.euses.cat\/es\/wp-json\/wp\/v2\/tags?post=5912"}],"curies":[{"name":"wp","href":"https:\/\/api.w.org\/{rel}","templated":true}]}}