{"id":5902,"date":"2016-02-02T00:00:00","date_gmt":"2016-02-01T23:00:00","guid":{"rendered":"http:\/\/physiotherapybarcelona.net\/jornada-de-puertas-abiertas-del-grado-en-fisioterapia-internacional-de-euses-udg-y-enti-ub-en-el-campus-de-barcelona-el-2-de-abril-y-el-21-de-mayo\/"},"modified":"2016-02-02T00:00:00","modified_gmt":"2016-02-01T23:00:00","slug":"jornada-de-puertas-abiertas-del-grado-en-fisioterapia-internacional-de-euses-udg-y-enti-ub-en-el-campus-de-barcelona-el-2-de-abril-y-el-21-de-mayo","status":"publish","type":"post","link":"https:\/\/barcelona.euses.cat\/es\/jornada-de-puertas-abiertas-del-grado-en-fisioterapia-internacional-de-euses-udg-y-enti-ub-en-el-campus-de-barcelona-el-2-de-abril-y-el-21-de-mayo\/","title":{"rendered":"Jornada de Puertas Abiertas del Grado en Fisioterapia Internacional de EUSES-UdG y ENTI-UB en el Campus de Barcelona, el 2 de abril y el 21 de mayo"},"content":{"rendered":"<p><strong>L<\/strong><strong>a Escuela Universitaria de la Salud y el Deporte (EUSES-UdG) <\/strong>y <strong>la Escuela de Nuevas Tecnolog\u00edas Interactivas (ENTI-UB)<\/strong> abrir\u00e1n las puertas del <strong>Campus Bellvitge-Barcelona<\/strong> a los estudiantes interesados \u200b\u200ben realizar el <strong>primer Grado Universitario en Fisioterapia Internacional<\/strong> durante el <strong>curso acad\u00e9mico 2016\/17<\/strong>. La <strong>primera jornada<\/strong> tendr\u00e1 lugar el s\u00e1bado <strong>2 de abril<\/strong> y la segunda el s\u00e1bado <strong>21 de mayo<\/strong>.<\/p>\n<p>Las jornadas constar\u00e1n de <strong>una<\/strong> <strong>sesi\u00f3n informativa<\/strong>, en la cual, los futuros <strong>estudiantes<\/strong> recibir\u00e1n toda clase de <strong>informaci\u00f3n<\/strong> sobre el <strong>plan de estudios<\/strong> y las <strong>salidas profesionales<\/strong> de este Grado. Tambi\u00e9n se les detallar\u00e1 toda la tramitaci\u00f3n respecto a <strong>inscripciones y matr\u00edculas<\/strong>.<\/p>\n<p>La jornada tambi\u00e9n incluir\u00e1 una <strong>visita guiada<\/strong> por las <strong>instalaciones<\/strong> del <strong>centro universitario<\/strong>.<\/p>\n<p><strong>Recuerda:<\/strong><\/p>\n<p><strong>Jornada de Puertas Abiertas del Grado en Fisioterapia Internacional<\/strong><\/p>\n<p><strong>11.00h<\/strong><\/p>\n<p><strong>2 de abril<\/strong> y <strong>21 de mayo<\/strong><\/p>\n<p><strong>Campus Bellvitge-Barcelona<\/strong><\/p>\n<p>Calle de la Feixa Llarga s \/ n<\/p>\n<p>Hospitalet de Llobregat (Barcelona)<\/p>\n<p><a href=\"mailto:physiotherapy@euses.cat\">physiotherapy@euses.cat<\/a> &#8211; info@enti.cat<\/p>\n<p>Tel:\u00a0932 63 02 24<\/p>\n","protected":false},"excerpt":{"rendered":"<p>La Escuela Universitaria de la Salud y el Deporte (EUSES-UdG) y la Escuela de Nuevas Tecnolog\u00edas Interactivas (ENTI-UB) abrir\u00e1n las puertas del Campus Bellvitge-Barcelona a los estudiantes interesados \u200b\u200ben realizar el primer Grado Universitario en Fisioterapia Internacional durante el curso acad\u00e9mico 2016\/17. La primera jornada tendr\u00e1 lugar el s\u00e1bado 2 de abril y la segunda [&hellip;]<\/p>\n","protected":false},"author":1,"featured_media":5501,"comment_status":"closed","ping_status":"closed","sticky":false,"template":"","format":"standard","meta":{"_acf_changed":false,"inline_featured_image":false,"_joinchat":[],"footnotes":""},"categories":[1],"tags":[44],"class_list":["post-5902","post","type-post","status-publish","format-standard","has-post-thumbnail","hentry","category-sin-categorizar","tag-castellano"],"acf":[],"yoast_head":"<!-- This site is optimized with the Yoast SEO plugin v27.4 - https:\/\/yoast.com\/product\/yoast-seo-wordpress\/ -->\n<title>Jornada de Puertas Abiertas del Grado en Fisioterapia Internacional de EUSES-UdG y ENTI-UB en el Campus de Barcelona, el 2 de abril y el 21 de mayo | EUSES - Campus de Bellvitge (Barcelona)<\/title>\n<meta name=\"robots\" content=\"index, follow, max-snippet:-1, max-image-preview:large, max-video-preview:-1\" \/>\n<link rel=\"canonical\" href=\"https:\/\/barcelona.euses.cat\/es\/jornada-de-puertas-abiertas-del-grado-en-fisioterapia-internacional-de-euses-udg-y-enti-ub-en-el-campus-de-barcelona-el-2-de-abril-y-el-21-de-mayo\/\" \/>\n<meta property=\"og:locale\" content=\"es_ES\" \/>\n<meta property=\"og:type\" content=\"article\" \/>\n<meta property=\"og:title\" content=\"Jornada de Puertas Abiertas del Grado en Fisioterapia Internacional de EUSES-UdG y ENTI-UB en el Campus de Barcelona, el 2 de abril y el 21 de mayo | EUSES - Campus de Bellvitge (Barcelona)\" \/>\n<meta property=\"og:description\" content=\"La Escuela Universitaria de la Salud y el Deporte (EUSES-UdG) y la Escuela de Nuevas Tecnolog\u00edas Interactivas (ENTI-UB) abrir\u00e1n las puertas del Campus Bellvitge-Barcelona a los estudiantes interesados \u200b\u200ben realizar el primer Grado Universitario en Fisioterapia Internacional durante el curso acad\u00e9mico 2016\/17. La primera jornada tendr\u00e1 lugar el s\u00e1bado 2 de abril y la segunda [&hellip;]\" \/>\n<meta property=\"og:url\" content=\"https:\/\/barcelona.euses.cat\/es\/jornada-de-puertas-abiertas-del-grado-en-fisioterapia-internacional-de-euses-udg-y-enti-ub-en-el-campus-de-barcelona-el-2-de-abril-y-el-21-de-mayo\/\" \/>\n<meta property=\"og:site_name\" content=\"EUSES - Campus de Bellvitge (Barcelona)\" \/>\n<meta property=\"article:publisher\" content=\"https:\/\/www.facebook.com\/PhysioBCN\/\" \/>\n<meta property=\"article:published_time\" content=\"2016-02-01T23:00:00+00:00\" \/>\n<meta property=\"og:image\" content=\"https:\/\/barcelona.euses.cat\/wp-content\/uploads\/2018\/02\/Jornada-de-Portes-Obertes-del-Grau-en-Fisioter\u00e0pia-Internacional.jpg\" \/>\n\t<meta property=\"og:image:width\" content=\"728\" \/>\n\t<meta property=\"og:image:height\" content=\"479\" \/>\n\t<meta property=\"og:image:type\" content=\"image\/jpeg\" \/>\n<meta name=\"author\" content=\"neorg\" \/>\n<meta name=\"twitter:card\" content=\"summary_large_image\" \/>\n<meta name=\"twitter:label1\" content=\"Escrito por\" \/>\n\t<meta name=\"twitter:data1\" content=\"neorg\" \/>\n\t<meta name=\"twitter:label2\" content=\"Tiempo de lectura\" \/>\n\t<meta name=\"twitter:data2\" content=\"1 minuto\" \/>\n<script type=\"application\/ld+json\" class=\"yoast-schema-graph\">{\"@context\":\"https:\\\/\\\/schema.org\",\"@graph\":[{\"@type\":\"Article\",\"@id\":\"https:\\\/\\\/barcelona.euses.cat\\\/es\\\/jornada-de-puertas-abiertas-del-grado-en-fisioterapia-internacional-de-euses-udg-y-enti-ub-en-el-campus-de-barcelona-el-2-de-abril-y-el-21-de-mayo\\\/#article\",\"isPartOf\":{\"@id\":\"https:\\\/\\\/barcelona.euses.cat\\\/es\\\/jornada-de-puertas-abiertas-del-grado-en-fisioterapia-internacional-de-euses-udg-y-enti-ub-en-el-campus-de-barcelona-el-2-de-abril-y-el-21-de-mayo\\\/\"},\"author\":{\"name\":\"neorg\",\"@id\":\"https:\\\/\\\/barcelona.euses.cat\\\/ca\\\/#\\\/schema\\\/person\\\/c3074ca9d956eacf02e41e2ff78e53ab\"},\"headline\":\"Jornada de Puertas Abiertas del Grado en Fisioterapia Internacional de EUSES-UdG y ENTI-UB en el Campus de Barcelona, el 2 de abril y el 21 de mayo\",\"datePublished\":\"2016-02-01T23:00:00+00:00\",\"mainEntityOfPage\":{\"@id\":\"https:\\\/\\\/barcelona.euses.cat\\\/es\\\/jornada-de-puertas-abiertas-del-grado-en-fisioterapia-internacional-de-euses-udg-y-enti-ub-en-el-campus-de-barcelona-el-2-de-abril-y-el-21-de-mayo\\\/\"},\"wordCount\":188,\"image\":{\"@id\":\"https:\\\/\\\/barcelona.euses.cat\\\/es\\\/jornada-de-puertas-abiertas-del-grado-en-fisioterapia-internacional-de-euses-udg-y-enti-ub-en-el-campus-de-barcelona-el-2-de-abril-y-el-21-de-mayo\\\/#primaryimage\"},\"thumbnailUrl\":\"https:\\\/\\\/barcelona.euses.cat\\\/wp-content\\\/uploads\\\/2018\\\/02\\\/Jornada-de-Portes-Obertes-del-Grau-en-Fisioter\u00e0pia-Internacional.jpg\",\"keywords\":[\"Castellano\"],\"articleSection\":[\"Sin categorizar\"],\"inLanguage\":\"es\"},{\"@type\":\"WebPage\",\"@id\":\"https:\\\/\\\/barcelona.euses.cat\\\/es\\\/jornada-de-puertas-abiertas-del-grado-en-fisioterapia-internacional-de-euses-udg-y-enti-ub-en-el-campus-de-barcelona-el-2-de-abril-y-el-21-de-mayo\\\/\",\"url\":\"https:\\\/\\\/barcelona.euses.cat\\\/es\\\/jornada-de-puertas-abiertas-del-grado-en-fisioterapia-internacional-de-euses-udg-y-enti-ub-en-el-campus-de-barcelona-el-2-de-abril-y-el-21-de-mayo\\\/\",\"name\":\"Jornada de Puertas Abiertas del Grado en Fisioterapia Internacional de EUSES-UdG y ENTI-UB en el Campus de Barcelona, el 2 de abril y el 21 de mayo | EUSES - Campus de Bellvitge (Barcelona)\",\"isPartOf\":{\"@id\":\"https:\\\/\\\/barcelona.euses.cat\\\/ca\\\/#website\"},\"primaryImageOfPage\":{\"@id\":\"https:\\\/\\\/barcelona.euses.cat\\\/es\\\/jornada-de-puertas-abiertas-del-grado-en-fisioterapia-internacional-de-euses-udg-y-enti-ub-en-el-campus-de-barcelona-el-2-de-abril-y-el-21-de-mayo\\\/#primaryimage\"},\"image\":{\"@id\":\"https:\\\/\\\/barcelona.euses.cat\\\/es\\\/jornada-de-puertas-abiertas-del-grado-en-fisioterapia-internacional-de-euses-udg-y-enti-ub-en-el-campus-de-barcelona-el-2-de-abril-y-el-21-de-mayo\\\/#primaryimage\"},\"thumbnailUrl\":\"https:\\\/\\\/barcelona.euses.cat\\\/wp-content\\\/uploads\\\/2018\\\/02\\\/Jornada-de-Portes-Obertes-del-Grau-en-Fisioter\u00e0pia-Internacional.jpg\",\"datePublished\":\"2016-02-01T23:00:00+00:00\",\"author\":{\"@id\":\"https:\\\/\\\/barcelona.euses.cat\\\/ca\\\/#\\\/schema\\\/person\\\/c3074ca9d956eacf02e41e2ff78e53ab\"},\"breadcrumb\":{\"@id\":\"https:\\\/\\\/barcelona.euses.cat\\\/es\\\/jornada-de-puertas-abiertas-del-grado-en-fisioterapia-internacional-de-euses-udg-y-enti-ub-en-el-campus-de-barcelona-el-2-de-abril-y-el-21-de-mayo\\\/#breadcrumb\"},\"inLanguage\":\"es\",\"potentialAction\":[{\"@type\":\"ReadAction\",\"target\":[\"https:\\\/\\\/barcelona.euses.cat\\\/es\\\/jornada-de-puertas-abiertas-del-grado-en-fisioterapia-internacional-de-euses-udg-y-enti-ub-en-el-campus-de-barcelona-el-2-de-abril-y-el-21-de-mayo\\\/\"]}]},{\"@type\":\"ImageObject\",\"inLanguage\":\"es\",\"@id\":\"https:\\\/\\\/barcelona.euses.cat\\\/es\\\/jornada-de-puertas-abiertas-del-grado-en-fisioterapia-internacional-de-euses-udg-y-enti-ub-en-el-campus-de-barcelona-el-2-de-abril-y-el-21-de-mayo\\\/#primaryimage\",\"url\":\"https:\\\/\\\/barcelona.euses.cat\\\/wp-content\\\/uploads\\\/2018\\\/02\\\/Jornada-de-Portes-Obertes-del-Grau-en-Fisioter\u00e0pia-Internacional.jpg\",\"contentUrl\":\"https:\\\/\\\/barcelona.euses.cat\\\/wp-content\\\/uploads\\\/2018\\\/02\\\/Jornada-de-Portes-Obertes-del-Grau-en-Fisioter\u00e0pia-Internacional.jpg\",\"width\":728,\"height\":479},{\"@type\":\"BreadcrumbList\",\"@id\":\"https:\\\/\\\/barcelona.euses.cat\\\/es\\\/jornada-de-puertas-abiertas-del-grado-en-fisioterapia-internacional-de-euses-udg-y-enti-ub-en-el-campus-de-barcelona-el-2-de-abril-y-el-21-de-mayo\\\/#breadcrumb\",\"itemListElement\":[{\"@type\":\"ListItem\",\"position\":1,\"name\":\"Portada\",\"item\":\"https:\\\/\\\/barcelona.euses.cat\\\/es\\\/\"},{\"@type\":\"ListItem\",\"position\":2,\"name\":\"Jornada de Puertas Abiertas del Grado en Fisioterapia Internacional de EUSES-UdG y ENTI-UB en el Campus de Barcelona, el 2 de abril y el 21 de mayo\"}]},{\"@type\":\"WebSite\",\"@id\":\"https:\\\/\\\/barcelona.euses.cat\\\/ca\\\/#website\",\"url\":\"https:\\\/\\\/barcelona.euses.cat\\\/ca\\\/\",\"name\":\"EUSES - Campus de Bellvitge (Barcelona)\",\"description\":\"EUSES, Escuela Universitaria de Fisioterapia Internacional en Barcelona\",\"potentialAction\":[{\"@type\":\"SearchAction\",\"target\":{\"@type\":\"EntryPoint\",\"urlTemplate\":\"https:\\\/\\\/barcelona.euses.cat\\\/ca\\\/?s={search_term_string}\"},\"query-input\":{\"@type\":\"PropertyValueSpecification\",\"valueRequired\":true,\"valueName\":\"search_term_string\"}}],\"inLanguage\":\"es\"},{\"@type\":\"Person\",\"@id\":\"https:\\\/\\\/barcelona.euses.cat\\\/ca\\\/#\\\/schema\\\/person\\\/c3074ca9d956eacf02e41e2ff78e53ab\",\"name\":\"neorg\",\"image\":{\"@type\":\"ImageObject\",\"inLanguage\":\"es\",\"@id\":\"https:\\\/\\\/secure.gravatar.com\\\/avatar\\\/709d3d8015183afa7401c02e2291a538cbfd4ffe62f4d86ce5f4871f22e86b09?s=96&d=mm&r=g\",\"url\":\"https:\\\/\\\/secure.gravatar.com\\\/avatar\\\/709d3d8015183afa7401c02e2291a538cbfd4ffe62f4d86ce5f4871f22e86b09?s=96&d=mm&r=g\",\"contentUrl\":\"https:\\\/\\\/secure.gravatar.com\\\/avatar\\\/709d3d8015183afa7401c02e2291a538cbfd4ffe62f4d86ce5f4871f22e86b09?s=96&d=mm&r=g\",\"caption\":\"neorg\"},\"url\":\"https:\\\/\\\/barcelona.euses.cat\\\/es\\\/author\\\/neorg\\\/\"}]}<\/script>\n<!-- \/ Yoast SEO plugin. -->","yoast_head_json":{"title":"Jornada de Puertas Abiertas del Grado en Fisioterapia Internacional de EUSES-UdG y ENTI-UB en el Campus de Barcelona, el 2 de abril y el 21 de mayo | EUSES - Campus de Bellvitge (Barcelona)","robots":{"index":"index","follow":"follow","max-snippet":"max-snippet:-1","max-image-preview":"max-image-preview:large","max-video-preview":"max-video-preview:-1"},"canonical":"https:\/\/barcelona.euses.cat\/es\/jornada-de-puertas-abiertas-del-grado-en-fisioterapia-internacional-de-euses-udg-y-enti-ub-en-el-campus-de-barcelona-el-2-de-abril-y-el-21-de-mayo\/","og_locale":"es_ES","og_type":"article","og_title":"Jornada de Puertas Abiertas del Grado en Fisioterapia Internacional de EUSES-UdG y ENTI-UB en el Campus de Barcelona, el 2 de abril y el 21 de mayo | EUSES - Campus de Bellvitge (Barcelona)","og_description":"La Escuela Universitaria de la Salud y el Deporte (EUSES-UdG) y la Escuela de Nuevas Tecnolog\u00edas Interactivas (ENTI-UB) abrir\u00e1n las puertas del Campus Bellvitge-Barcelona a los estudiantes interesados \u200b\u200ben realizar el primer Grado Universitario en Fisioterapia Internacional durante el curso acad\u00e9mico 2016\/17. La primera jornada tendr\u00e1 lugar el s\u00e1bado 2 de abril y la segunda [&hellip;]","og_url":"https:\/\/barcelona.euses.cat\/es\/jornada-de-puertas-abiertas-del-grado-en-fisioterapia-internacional-de-euses-udg-y-enti-ub-en-el-campus-de-barcelona-el-2-de-abril-y-el-21-de-mayo\/","og_site_name":"EUSES - Campus de Bellvitge (Barcelona)","article_publisher":"https:\/\/www.facebook.com\/PhysioBCN\/","article_published_time":"2016-02-01T23:00:00+00:00","og_image":[{"width":728,"height":479,"url":"https:\/\/barcelona.euses.cat\/wp-content\/uploads\/2018\/02\/Jornada-de-Portes-Obertes-del-Grau-en-Fisioter\u00e0pia-Internacional.jpg","type":"image\/jpeg"}],"author":"neorg","twitter_card":"summary_large_image","twitter_misc":{"Escrito por":"neorg","Tiempo de lectura":"1 minuto"},"schema":{"@context":"https:\/\/schema.org","@graph":[{"@type":"Article","@id":"https:\/\/barcelona.euses.cat\/es\/jornada-de-puertas-abiertas-del-grado-en-fisioterapia-internacional-de-euses-udg-y-enti-ub-en-el-campus-de-barcelona-el-2-de-abril-y-el-21-de-mayo\/#article","isPartOf":{"@id":"https:\/\/barcelona.euses.cat\/es\/jornada-de-puertas-abiertas-del-grado-en-fisioterapia-internacional-de-euses-udg-y-enti-ub-en-el-campus-de-barcelona-el-2-de-abril-y-el-21-de-mayo\/"},"author":{"name":"neorg","@id":"https:\/\/barcelona.euses.cat\/ca\/#\/schema\/person\/c3074ca9d956eacf02e41e2ff78e53ab"},"headline":"Jornada de Puertas Abiertas del Grado en Fisioterapia Internacional de EUSES-UdG y ENTI-UB en el Campus de Barcelona, el 2 de abril y el 21 de mayo","datePublished":"2016-02-01T23:00:00+00:00","mainEntityOfPage":{"@id":"https:\/\/barcelona.euses.cat\/es\/jornada-de-puertas-abiertas-del-grado-en-fisioterapia-internacional-de-euses-udg-y-enti-ub-en-el-campus-de-barcelona-el-2-de-abril-y-el-21-de-mayo\/"},"wordCount":188,"image":{"@id":"https:\/\/barcelona.euses.cat\/es\/jornada-de-puertas-abiertas-del-grado-en-fisioterapia-internacional-de-euses-udg-y-enti-ub-en-el-campus-de-barcelona-el-2-de-abril-y-el-21-de-mayo\/#primaryimage"},"thumbnailUrl":"https:\/\/barcelona.euses.cat\/wp-content\/uploads\/2018\/02\/Jornada-de-Portes-Obertes-del-Grau-en-Fisioter\u00e0pia-Internacional.jpg","keywords":["Castellano"],"articleSection":["Sin categorizar"],"inLanguage":"es"},{"@type":"WebPage","@id":"https:\/\/barcelona.euses.cat\/es\/jornada-de-puertas-abiertas-del-grado-en-fisioterapia-internacional-de-euses-udg-y-enti-ub-en-el-campus-de-barcelona-el-2-de-abril-y-el-21-de-mayo\/","url":"https:\/\/barcelona.euses.cat\/es\/jornada-de-puertas-abiertas-del-grado-en-fisioterapia-internacional-de-euses-udg-y-enti-ub-en-el-campus-de-barcelona-el-2-de-abril-y-el-21-de-mayo\/","name":"Jornada de Puertas Abiertas del Grado en Fisioterapia Internacional de EUSES-UdG y ENTI-UB en el Campus de Barcelona, el 2 de abril y el 21 de mayo | EUSES - Campus de Bellvitge (Barcelona)","isPartOf":{"@id":"https:\/\/barcelona.euses.cat\/ca\/#website"},"primaryImageOfPage":{"@id":"https:\/\/barcelona.euses.cat\/es\/jornada-de-puertas-abiertas-del-grado-en-fisioterapia-internacional-de-euses-udg-y-enti-ub-en-el-campus-de-barcelona-el-2-de-abril-y-el-21-de-mayo\/#primaryimage"},"image":{"@id":"https:\/\/barcelona.euses.cat\/es\/jornada-de-puertas-abiertas-del-grado-en-fisioterapia-internacional-de-euses-udg-y-enti-ub-en-el-campus-de-barcelona-el-2-de-abril-y-el-21-de-mayo\/#primaryimage"},"thumbnailUrl":"https:\/\/barcelona.euses.cat\/wp-content\/uploads\/2018\/02\/Jornada-de-Portes-Obertes-del-Grau-en-Fisioter\u00e0pia-Internacional.jpg","datePublished":"2016-02-01T23:00:00+00:00","author":{"@id":"https:\/\/barcelona.euses.cat\/ca\/#\/schema\/person\/c3074ca9d956eacf02e41e2ff78e53ab"},"breadcrumb":{"@id":"https:\/\/barcelona.euses.cat\/es\/jornada-de-puertas-abiertas-del-grado-en-fisioterapia-internacional-de-euses-udg-y-enti-ub-en-el-campus-de-barcelona-el-2-de-abril-y-el-21-de-mayo\/#breadcrumb"},"inLanguage":"es","potentialAction":[{"@type":"ReadAction","target":["https:\/\/barcelona.euses.cat\/es\/jornada-de-puertas-abiertas-del-grado-en-fisioterapia-internacional-de-euses-udg-y-enti-ub-en-el-campus-de-barcelona-el-2-de-abril-y-el-21-de-mayo\/"]}]},{"@type":"ImageObject","inLanguage":"es","@id":"https:\/\/barcelona.euses.cat\/es\/jornada-de-puertas-abiertas-del-grado-en-fisioterapia-internacional-de-euses-udg-y-enti-ub-en-el-campus-de-barcelona-el-2-de-abril-y-el-21-de-mayo\/#primaryimage","url":"https:\/\/barcelona.euses.cat\/wp-content\/uploads\/2018\/02\/Jornada-de-Portes-Obertes-del-Grau-en-Fisioter\u00e0pia-Internacional.jpg","contentUrl":"https:\/\/barcelona.euses.cat\/wp-content\/uploads\/2018\/02\/Jornada-de-Portes-Obertes-del-Grau-en-Fisioter\u00e0pia-Internacional.jpg","width":728,"height":479},{"@type":"BreadcrumbList","@id":"https:\/\/barcelona.euses.cat\/es\/jornada-de-puertas-abiertas-del-grado-en-fisioterapia-internacional-de-euses-udg-y-enti-ub-en-el-campus-de-barcelona-el-2-de-abril-y-el-21-de-mayo\/#breadcrumb","itemListElement":[{"@type":"ListItem","position":1,"name":"Portada","item":"https:\/\/barcelona.euses.cat\/es\/"},{"@type":"ListItem","position":2,"name":"Jornada de Puertas Abiertas del Grado en Fisioterapia Internacional de EUSES-UdG y ENTI-UB en el Campus de Barcelona, el 2 de abril y el 21 de mayo"}]},{"@type":"WebSite","@id":"https:\/\/barcelona.euses.cat\/ca\/#website","url":"https:\/\/barcelona.euses.cat\/ca\/","name":"EUSES - Campus de Bellvitge (Barcelona)","description":"EUSES, Escuela Universitaria de Fisioterapia Internacional en Barcelona","potentialAction":[{"@type":"SearchAction","target":{"@type":"EntryPoint","urlTemplate":"https:\/\/barcelona.euses.cat\/ca\/?s={search_term_string}"},"query-input":{"@type":"PropertyValueSpecification","valueRequired":true,"valueName":"search_term_string"}}],"inLanguage":"es"},{"@type":"Person","@id":"https:\/\/barcelona.euses.cat\/ca\/#\/schema\/person\/c3074ca9d956eacf02e41e2ff78e53ab","name":"neorg","image":{"@type":"ImageObject","inLanguage":"es","@id":"https:\/\/secure.gravatar.com\/avatar\/709d3d8015183afa7401c02e2291a538cbfd4ffe62f4d86ce5f4871f22e86b09?s=96&d=mm&r=g","url":"https:\/\/secure.gravatar.com\/avatar\/709d3d8015183afa7401c02e2291a538cbfd4ffe62f4d86ce5f4871f22e86b09?s=96&d=mm&r=g","contentUrl":"https:\/\/secure.gravatar.com\/avatar\/709d3d8015183afa7401c02e2291a538cbfd4ffe62f4d86ce5f4871f22e86b09?s=96&d=mm&r=g","caption":"neorg"},"url":"https:\/\/barcelona.euses.cat\/es\/author\/neorg\/"}]}},"_links":{"self":[{"href":"https:\/\/barcelona.euses.cat\/es\/wp-json\/wp\/v2\/posts\/5902","targetHints":{"allow":["GET"]}}],"collection":[{"href":"https:\/\/barcelona.euses.cat\/es\/wp-json\/wp\/v2\/posts"}],"about":[{"href":"https:\/\/barcelona.euses.cat\/es\/wp-json\/wp\/v2\/types\/post"}],"author":[{"embeddable":true,"href":"https:\/\/barcelona.euses.cat\/es\/wp-json\/wp\/v2\/users\/1"}],"replies":[{"embeddable":true,"href":"https:\/\/barcelona.euses.cat\/es\/wp-json\/wp\/v2\/comments?post=5902"}],"version-history":[{"count":0,"href":"https:\/\/barcelona.euses.cat\/es\/wp-json\/wp\/v2\/posts\/5902\/revisions"}],"wp:featuredmedia":[{"embeddable":true,"href":"https:\/\/barcelona.euses.cat\/es\/wp-json\/wp\/v2\/media\/5501"}],"wp:attachment":[{"href":"https:\/\/barcelona.euses.cat\/es\/wp-json\/wp\/v2\/media?parent=5902"}],"wp:term":[{"taxonomy":"category","embeddable":true,"href":"https:\/\/barcelona.euses.cat\/es\/wp-json\/wp\/v2\/categories?post=5902"},{"taxonomy":"post_tag","embeddable":true,"href":"https:\/\/barcelona.euses.cat\/es\/wp-json\/wp\/v2\/tags?post=5902"}],"curies":[{"name":"wp","href":"https:\/\/api.w.org\/{rel}","templated":true}]}}