{"id":5861,"date":"2016-07-25T00:00:00","date_gmt":"2016-07-24T22:00:00","guid":{"rendered":"http:\/\/physiotherapybarcelona.net\/profesionales-expertos-y-altamente-cualificados-forman-parte-del-equipo-docente-del-grado-en-fisioterapia-internacional\/"},"modified":"2016-07-25T00:00:00","modified_gmt":"2016-07-24T22:00:00","slug":"profesionales-expertos-y-altamente-cualificados-forman-parte-del-equipo-docente-del-grado-en-fisioterapia-internacional","status":"publish","type":"post","link":"https:\/\/barcelona.euses.cat\/es\/profesionales-expertos-y-altamente-cualificados-forman-parte-del-equipo-docente-del-grado-en-fisioterapia-internacional\/","title":{"rendered":"Profesionales expertos y altamente cualificados forman parte del equipo docente del Grado en Fisioterapia Internacional"},"content":{"rendered":"<p style=\"text-align: justify;\">El <strong>profesorado<\/strong> del <strong>Grado en Fisioterapia Internacional<\/strong> de la <strong>Escuela de Nuevas Tecnolog\u00edas Interactivas (ENTI-UB)<\/strong> y de la <strong>Escuela de la Salud y el Deporte (EUSES-UdG)<\/strong> est\u00e1 formado por profesionales expertos altamente <strong>cualificados<\/strong> en el \u00e1mbito de la <strong>docencia<\/strong>, con a\u00f1os de <strong>experiencia<\/strong> en la <strong>pr\u00e1ctica cl\u00ednica<\/strong> y <strong>criterios curriculares de excelencia<\/strong> acad\u00e9mica en <strong>investigaci\u00f3n<\/strong>.<\/p>\n<p style=\"text-align: justify;\">Durante estos <strong>estudios<\/strong>, obtendr\u00e1s una <strong>formaci\u00f3n actualizada<\/strong>, de <strong>calidad<\/strong> e <strong>interdisciplinaria<\/strong> que se adentra en el mundo de las <strong>nuevas tecnolog\u00edas<\/strong> aplicadas al campo de la <strong>fisioterapia<\/strong>. Adem\u00e1s, las <strong>clases<\/strong> son en <strong>grupos reducidos<\/strong>, favoreciendo el <strong>trato personal<\/strong> entre <strong>profesor<\/strong> y <strong>estudiante<\/strong>, en un clima de di\u00e1logo y participaci\u00f3n, con el objetivo de fomentar tu capacidad creadora y estimular tu esp\u00edritu cr\u00edtico.<\/p>\n<p style=\"text-align: justify;\">A trav\u00e9s de <strong>clases magistrales<\/strong>, de <strong>clases te\u00f3rico-pr\u00e1cticas<\/strong> y de <strong>pr\u00e1cticas profesionales<\/strong> conocer\u00e1s la realidad de la <strong>profesi\u00f3n<\/strong> desde el primer d\u00eda. Aprender\u00e1s los diferentes <strong>aspectos<\/strong> de la <strong>fisioterapia<\/strong> como: la valoraci\u00f3n, el diagn\u00f3stico o el dise\u00f1o de tratamientos; aplicar\u00e1s las <strong>nuevas TIC<\/strong> e incluso, tendr\u00e1s la posibilidad de <strong>crear<\/strong> <strong>tus propias aplicaciones tecnol\u00f3gicas<\/strong> en este campo.<\/p>\n<p style=\"text-align: justify;\">Adem\u00e1s, no se incluye, \u00fanicamente, la <strong>tecnolog\u00eda<\/strong> puramente<strong> m\u00e9dica<\/strong>, sino que se comparten recursos con otras disciplinas como la <strong>arquitectura<\/strong>, el \u00e1mbito de los <strong>videojuegos<\/strong> <strong>o los Serious Games<\/strong>. Todo ello te permitir\u00e1 convertirte en un <strong>experto<\/strong> con capacidad para aplicar <strong>nuevas<\/strong> <strong>herramientas<\/strong> en el <strong>diagn\u00f3stico<\/strong>, <strong>tratamiento<\/strong> <strong>y rehabilitaci\u00f3n<\/strong> <strong>de una lesi\u00f3n<\/strong>, garantizando una <strong>mayor fidelidad<\/strong> de los <strong>pacientes<\/strong> a los <strong>tratamientos<\/strong>.<\/p>\n<p style=\"text-align: justify;\">Por otra parte, cabe destacar que estos estudios <strong>apuestan<\/strong> por la <strong>personalizaci\u00f3n<\/strong>, adapt\u00e1ndose a cada estudiante; por ello, dispondr\u00e1s de un <strong>seguimiento y asesoramiento<\/strong> <strong>individualizado<\/strong> en <strong>aspectos acad\u00e9micos<\/strong> <strong>y de orientaci\u00f3n profesional<\/strong>. Adem\u00e1s, tambi\u00e9n se incentiva la <strong>formaci\u00f3n complementaria<\/strong>, a trav\u00e9s de <strong>jornadas, seminarios y cursos<\/strong>, llevados a cabo por <strong>expertos<\/strong> del \u00e1mbito de la <strong>salud<\/strong>.<\/p>\n<p style=\"text-align: justify;\">Finalmente, con el fin de <strong>ampliar<\/strong> tu <strong>networking internacional<\/strong>, este <strong>Grado<\/strong> tambi\u00e9n te permitir\u00e1 acceder a <strong>m\u00faltiples programas de intercambio internacional<\/strong> en <strong>prestigiosas<\/strong> <strong>universidades internacionales<\/strong>; as\u00ed como, la posterior ampliaci\u00f3n y continuaci\u00f3n de <strong>estudios<\/strong> de <strong>postgrado<\/strong> en pa\u00edses de todo el mundo.<\/p>\n<p style=\"text-align: justify;\">F\u00f3rmate con los mejores <strong>profesionales<\/strong> expertos en el \u00e1mbito de la <strong>salud<\/strong>; elige el <a href=\"http:\/\/goo.gl\/uT3xjn\"><strong>Grado en Fisioterapia Internacional en el Campus de la UB<\/strong><\/a>.<\/p>\n<p style=\"text-align: justify;\">\n","protected":false},"excerpt":{"rendered":"<p>El profesorado del Grado en Fisioterapia Internacional de la Escuela de Nuevas Tecnolog\u00edas Interactivas (ENTI-UB) y de la Escuela de la Salud y el Deporte (EUSES-UdG) est\u00e1 formado por profesionales expertos altamente cualificados en el \u00e1mbito de la docencia, con a\u00f1os de experiencia en la pr\u00e1ctica cl\u00ednica y criterios curriculares de excelencia acad\u00e9mica en investigaci\u00f3n. [&hellip;]<\/p>\n","protected":false},"author":1,"featured_media":5862,"comment_status":"closed","ping_status":"closed","sticky":false,"template":"","format":"standard","meta":{"_acf_changed":false,"inline_featured_image":false,"_joinchat":[],"footnotes":""},"categories":[1],"tags":[44],"class_list":["post-5861","post","type-post","status-publish","format-standard","has-post-thumbnail","hentry","category-sin-categorizar","tag-castellano"],"acf":[],"yoast_head":"<!-- This site is optimized with the Yoast SEO plugin v27.4 - https:\/\/yoast.com\/product\/yoast-seo-wordpress\/ -->\n<title>Profesionales expertos y altamente cualificados forman parte del equipo docente del Grado en Fisioterapia Internacional | EUSES - Campus de Bellvitge (Barcelona)<\/title>\n<meta name=\"robots\" content=\"index, follow, max-snippet:-1, max-image-preview:large, max-video-preview:-1\" \/>\n<link rel=\"canonical\" href=\"https:\/\/barcelona.euses.cat\/es\/profesionales-expertos-y-altamente-cualificados-forman-parte-del-equipo-docente-del-grado-en-fisioterapia-internacional\/\" \/>\n<meta property=\"og:locale\" content=\"es_ES\" \/>\n<meta property=\"og:type\" content=\"article\" \/>\n<meta property=\"og:title\" content=\"Profesionales expertos y altamente cualificados forman parte del equipo docente del Grado en Fisioterapia Internacional | EUSES - Campus de Bellvitge (Barcelona)\" \/>\n<meta property=\"og:description\" content=\"El profesorado del Grado en Fisioterapia Internacional de la Escuela de Nuevas Tecnolog\u00edas Interactivas (ENTI-UB) y de la Escuela de la Salud y el Deporte (EUSES-UdG) est\u00e1 formado por profesionales expertos altamente cualificados en el \u00e1mbito de la docencia, con a\u00f1os de experiencia en la pr\u00e1ctica cl\u00ednica y criterios curriculares de excelencia acad\u00e9mica en investigaci\u00f3n. [&hellip;]\" \/>\n<meta property=\"og:url\" content=\"https:\/\/barcelona.euses.cat\/es\/profesionales-expertos-y-altamente-cualificados-forman-parte-del-equipo-docente-del-grado-en-fisioterapia-internacional\/\" \/>\n<meta property=\"og:site_name\" content=\"EUSES - Campus de Bellvitge (Barcelona)\" \/>\n<meta property=\"article:publisher\" content=\"https:\/\/www.facebook.com\/PhysioBCN\/\" \/>\n<meta property=\"article:published_time\" content=\"2016-07-24T22:00:00+00:00\" \/>\n<meta property=\"og:image\" content=\"https:\/\/barcelona.euses.cat\/wp-content\/uploads\/2018\/02\/Professionals-experts-i-altament-qualificats-formen-part-de-l\u2019equip-docent-del-Grau-en-Fisioter\u00e0pia-Internacional-e1469437532553.jpg\" \/>\n\t<meta property=\"og:image:width\" content=\"1000\" \/>\n\t<meta property=\"og:image:height\" content=\"667\" \/>\n\t<meta property=\"og:image:type\" content=\"image\/jpeg\" \/>\n<meta name=\"author\" content=\"neorg\" \/>\n<meta name=\"twitter:card\" content=\"summary_large_image\" \/>\n<meta name=\"twitter:label1\" content=\"Escrito por\" \/>\n\t<meta name=\"twitter:data1\" content=\"neorg\" \/>\n\t<meta name=\"twitter:label2\" content=\"Tiempo de lectura\" \/>\n\t<meta name=\"twitter:data2\" content=\"2 minutos\" \/>\n<script type=\"application\/ld+json\" class=\"yoast-schema-graph\">{\"@context\":\"https:\\\/\\\/schema.org\",\"@graph\":[{\"@type\":\"Article\",\"@id\":\"https:\\\/\\\/barcelona.euses.cat\\\/es\\\/profesionales-expertos-y-altamente-cualificados-forman-parte-del-equipo-docente-del-grado-en-fisioterapia-internacional\\\/#article\",\"isPartOf\":{\"@id\":\"https:\\\/\\\/barcelona.euses.cat\\\/es\\\/profesionales-expertos-y-altamente-cualificados-forman-parte-del-equipo-docente-del-grado-en-fisioterapia-internacional\\\/\"},\"author\":{\"name\":\"neorg\",\"@id\":\"https:\\\/\\\/barcelona.euses.cat\\\/ca\\\/#\\\/schema\\\/person\\\/c3074ca9d956eacf02e41e2ff78e53ab\"},\"headline\":\"Profesionales expertos y altamente cualificados forman parte del equipo docente del Grado en Fisioterapia Internacional\",\"datePublished\":\"2016-07-24T22:00:00+00:00\",\"mainEntityOfPage\":{\"@id\":\"https:\\\/\\\/barcelona.euses.cat\\\/es\\\/profesionales-expertos-y-altamente-cualificados-forman-parte-del-equipo-docente-del-grado-en-fisioterapia-internacional\\\/\"},\"wordCount\":422,\"image\":{\"@id\":\"https:\\\/\\\/barcelona.euses.cat\\\/es\\\/profesionales-expertos-y-altamente-cualificados-forman-parte-del-equipo-docente-del-grado-en-fisioterapia-internacional\\\/#primaryimage\"},\"thumbnailUrl\":\"https:\\\/\\\/barcelona.euses.cat\\\/wp-content\\\/uploads\\\/2018\\\/02\\\/Professionals-experts-i-altament-qualificats-formen-part-de-l\u2019equip-docent-del-Grau-en-Fisioter\u00e0pia-Internacional-e1469437532553.jpg\",\"keywords\":[\"Castellano\"],\"articleSection\":[\"Sin categorizar\"],\"inLanguage\":\"es\"},{\"@type\":\"WebPage\",\"@id\":\"https:\\\/\\\/barcelona.euses.cat\\\/es\\\/profesionales-expertos-y-altamente-cualificados-forman-parte-del-equipo-docente-del-grado-en-fisioterapia-internacional\\\/\",\"url\":\"https:\\\/\\\/barcelona.euses.cat\\\/es\\\/profesionales-expertos-y-altamente-cualificados-forman-parte-del-equipo-docente-del-grado-en-fisioterapia-internacional\\\/\",\"name\":\"Profesionales expertos y altamente cualificados forman parte del equipo docente del Grado en Fisioterapia Internacional | EUSES - Campus de Bellvitge (Barcelona)\",\"isPartOf\":{\"@id\":\"https:\\\/\\\/barcelona.euses.cat\\\/ca\\\/#website\"},\"primaryImageOfPage\":{\"@id\":\"https:\\\/\\\/barcelona.euses.cat\\\/es\\\/profesionales-expertos-y-altamente-cualificados-forman-parte-del-equipo-docente-del-grado-en-fisioterapia-internacional\\\/#primaryimage\"},\"image\":{\"@id\":\"https:\\\/\\\/barcelona.euses.cat\\\/es\\\/profesionales-expertos-y-altamente-cualificados-forman-parte-del-equipo-docente-del-grado-en-fisioterapia-internacional\\\/#primaryimage\"},\"thumbnailUrl\":\"https:\\\/\\\/barcelona.euses.cat\\\/wp-content\\\/uploads\\\/2018\\\/02\\\/Professionals-experts-i-altament-qualificats-formen-part-de-l\u2019equip-docent-del-Grau-en-Fisioter\u00e0pia-Internacional-e1469437532553.jpg\",\"datePublished\":\"2016-07-24T22:00:00+00:00\",\"author\":{\"@id\":\"https:\\\/\\\/barcelona.euses.cat\\\/ca\\\/#\\\/schema\\\/person\\\/c3074ca9d956eacf02e41e2ff78e53ab\"},\"breadcrumb\":{\"@id\":\"https:\\\/\\\/barcelona.euses.cat\\\/es\\\/profesionales-expertos-y-altamente-cualificados-forman-parte-del-equipo-docente-del-grado-en-fisioterapia-internacional\\\/#breadcrumb\"},\"inLanguage\":\"es\",\"potentialAction\":[{\"@type\":\"ReadAction\",\"target\":[\"https:\\\/\\\/barcelona.euses.cat\\\/es\\\/profesionales-expertos-y-altamente-cualificados-forman-parte-del-equipo-docente-del-grado-en-fisioterapia-internacional\\\/\"]}]},{\"@type\":\"ImageObject\",\"inLanguage\":\"es\",\"@id\":\"https:\\\/\\\/barcelona.euses.cat\\\/es\\\/profesionales-expertos-y-altamente-cualificados-forman-parte-del-equipo-docente-del-grado-en-fisioterapia-internacional\\\/#primaryimage\",\"url\":\"https:\\\/\\\/barcelona.euses.cat\\\/wp-content\\\/uploads\\\/2018\\\/02\\\/Professionals-experts-i-altament-qualificats-formen-part-de-l\u2019equip-docent-del-Grau-en-Fisioter\u00e0pia-Internacional-e1469437532553.jpg\",\"contentUrl\":\"https:\\\/\\\/barcelona.euses.cat\\\/wp-content\\\/uploads\\\/2018\\\/02\\\/Professionals-experts-i-altament-qualificats-formen-part-de-l\u2019equip-docent-del-Grau-en-Fisioter\u00e0pia-Internacional-e1469437532553.jpg\",\"width\":1000,\"height\":667},{\"@type\":\"BreadcrumbList\",\"@id\":\"https:\\\/\\\/barcelona.euses.cat\\\/es\\\/profesionales-expertos-y-altamente-cualificados-forman-parte-del-equipo-docente-del-grado-en-fisioterapia-internacional\\\/#breadcrumb\",\"itemListElement\":[{\"@type\":\"ListItem\",\"position\":1,\"name\":\"Portada\",\"item\":\"https:\\\/\\\/barcelona.euses.cat\\\/es\\\/\"},{\"@type\":\"ListItem\",\"position\":2,\"name\":\"Profesionales expertos y altamente cualificados forman parte del equipo docente del Grado en Fisioterapia Internacional\"}]},{\"@type\":\"WebSite\",\"@id\":\"https:\\\/\\\/barcelona.euses.cat\\\/ca\\\/#website\",\"url\":\"https:\\\/\\\/barcelona.euses.cat\\\/ca\\\/\",\"name\":\"EUSES - Campus de Bellvitge (Barcelona)\",\"description\":\"EUSES, Escuela Universitaria de Fisioterapia Internacional en Barcelona\",\"potentialAction\":[{\"@type\":\"SearchAction\",\"target\":{\"@type\":\"EntryPoint\",\"urlTemplate\":\"https:\\\/\\\/barcelona.euses.cat\\\/ca\\\/?s={search_term_string}\"},\"query-input\":{\"@type\":\"PropertyValueSpecification\",\"valueRequired\":true,\"valueName\":\"search_term_string\"}}],\"inLanguage\":\"es\"},{\"@type\":\"Person\",\"@id\":\"https:\\\/\\\/barcelona.euses.cat\\\/ca\\\/#\\\/schema\\\/person\\\/c3074ca9d956eacf02e41e2ff78e53ab\",\"name\":\"neorg\",\"image\":{\"@type\":\"ImageObject\",\"inLanguage\":\"es\",\"@id\":\"https:\\\/\\\/secure.gravatar.com\\\/avatar\\\/709d3d8015183afa7401c02e2291a538cbfd4ffe62f4d86ce5f4871f22e86b09?s=96&d=mm&r=g\",\"url\":\"https:\\\/\\\/secure.gravatar.com\\\/avatar\\\/709d3d8015183afa7401c02e2291a538cbfd4ffe62f4d86ce5f4871f22e86b09?s=96&d=mm&r=g\",\"contentUrl\":\"https:\\\/\\\/secure.gravatar.com\\\/avatar\\\/709d3d8015183afa7401c02e2291a538cbfd4ffe62f4d86ce5f4871f22e86b09?s=96&d=mm&r=g\",\"caption\":\"neorg\"},\"url\":\"https:\\\/\\\/barcelona.euses.cat\\\/es\\\/author\\\/neorg\\\/\"}]}<\/script>\n<!-- \/ Yoast SEO plugin. -->","yoast_head_json":{"title":"Profesionales expertos y altamente cualificados forman parte del equipo docente del Grado en Fisioterapia Internacional | EUSES - Campus de Bellvitge (Barcelona)","robots":{"index":"index","follow":"follow","max-snippet":"max-snippet:-1","max-image-preview":"max-image-preview:large","max-video-preview":"max-video-preview:-1"},"canonical":"https:\/\/barcelona.euses.cat\/es\/profesionales-expertos-y-altamente-cualificados-forman-parte-del-equipo-docente-del-grado-en-fisioterapia-internacional\/","og_locale":"es_ES","og_type":"article","og_title":"Profesionales expertos y altamente cualificados forman parte del equipo docente del Grado en Fisioterapia Internacional | EUSES - Campus de Bellvitge (Barcelona)","og_description":"El profesorado del Grado en Fisioterapia Internacional de la Escuela de Nuevas Tecnolog\u00edas Interactivas (ENTI-UB) y de la Escuela de la Salud y el Deporte (EUSES-UdG) est\u00e1 formado por profesionales expertos altamente cualificados en el \u00e1mbito de la docencia, con a\u00f1os de experiencia en la pr\u00e1ctica cl\u00ednica y criterios curriculares de excelencia acad\u00e9mica en investigaci\u00f3n. [&hellip;]","og_url":"https:\/\/barcelona.euses.cat\/es\/profesionales-expertos-y-altamente-cualificados-forman-parte-del-equipo-docente-del-grado-en-fisioterapia-internacional\/","og_site_name":"EUSES - Campus de Bellvitge (Barcelona)","article_publisher":"https:\/\/www.facebook.com\/PhysioBCN\/","article_published_time":"2016-07-24T22:00:00+00:00","og_image":[{"width":1000,"height":667,"url":"https:\/\/barcelona.euses.cat\/wp-content\/uploads\/2018\/02\/Professionals-experts-i-altament-qualificats-formen-part-de-l\u2019equip-docent-del-Grau-en-Fisioter\u00e0pia-Internacional-e1469437532553.jpg","type":"image\/jpeg"}],"author":"neorg","twitter_card":"summary_large_image","twitter_misc":{"Escrito por":"neorg","Tiempo de lectura":"2 minutos"},"schema":{"@context":"https:\/\/schema.org","@graph":[{"@type":"Article","@id":"https:\/\/barcelona.euses.cat\/es\/profesionales-expertos-y-altamente-cualificados-forman-parte-del-equipo-docente-del-grado-en-fisioterapia-internacional\/#article","isPartOf":{"@id":"https:\/\/barcelona.euses.cat\/es\/profesionales-expertos-y-altamente-cualificados-forman-parte-del-equipo-docente-del-grado-en-fisioterapia-internacional\/"},"author":{"name":"neorg","@id":"https:\/\/barcelona.euses.cat\/ca\/#\/schema\/person\/c3074ca9d956eacf02e41e2ff78e53ab"},"headline":"Profesionales expertos y altamente cualificados forman parte del equipo docente del Grado en Fisioterapia Internacional","datePublished":"2016-07-24T22:00:00+00:00","mainEntityOfPage":{"@id":"https:\/\/barcelona.euses.cat\/es\/profesionales-expertos-y-altamente-cualificados-forman-parte-del-equipo-docente-del-grado-en-fisioterapia-internacional\/"},"wordCount":422,"image":{"@id":"https:\/\/barcelona.euses.cat\/es\/profesionales-expertos-y-altamente-cualificados-forman-parte-del-equipo-docente-del-grado-en-fisioterapia-internacional\/#primaryimage"},"thumbnailUrl":"https:\/\/barcelona.euses.cat\/wp-content\/uploads\/2018\/02\/Professionals-experts-i-altament-qualificats-formen-part-de-l\u2019equip-docent-del-Grau-en-Fisioter\u00e0pia-Internacional-e1469437532553.jpg","keywords":["Castellano"],"articleSection":["Sin categorizar"],"inLanguage":"es"},{"@type":"WebPage","@id":"https:\/\/barcelona.euses.cat\/es\/profesionales-expertos-y-altamente-cualificados-forman-parte-del-equipo-docente-del-grado-en-fisioterapia-internacional\/","url":"https:\/\/barcelona.euses.cat\/es\/profesionales-expertos-y-altamente-cualificados-forman-parte-del-equipo-docente-del-grado-en-fisioterapia-internacional\/","name":"Profesionales expertos y altamente cualificados forman parte del equipo docente del Grado en Fisioterapia Internacional | EUSES - Campus de Bellvitge (Barcelona)","isPartOf":{"@id":"https:\/\/barcelona.euses.cat\/ca\/#website"},"primaryImageOfPage":{"@id":"https:\/\/barcelona.euses.cat\/es\/profesionales-expertos-y-altamente-cualificados-forman-parte-del-equipo-docente-del-grado-en-fisioterapia-internacional\/#primaryimage"},"image":{"@id":"https:\/\/barcelona.euses.cat\/es\/profesionales-expertos-y-altamente-cualificados-forman-parte-del-equipo-docente-del-grado-en-fisioterapia-internacional\/#primaryimage"},"thumbnailUrl":"https:\/\/barcelona.euses.cat\/wp-content\/uploads\/2018\/02\/Professionals-experts-i-altament-qualificats-formen-part-de-l\u2019equip-docent-del-Grau-en-Fisioter\u00e0pia-Internacional-e1469437532553.jpg","datePublished":"2016-07-24T22:00:00+00:00","author":{"@id":"https:\/\/barcelona.euses.cat\/ca\/#\/schema\/person\/c3074ca9d956eacf02e41e2ff78e53ab"},"breadcrumb":{"@id":"https:\/\/barcelona.euses.cat\/es\/profesionales-expertos-y-altamente-cualificados-forman-parte-del-equipo-docente-del-grado-en-fisioterapia-internacional\/#breadcrumb"},"inLanguage":"es","potentialAction":[{"@type":"ReadAction","target":["https:\/\/barcelona.euses.cat\/es\/profesionales-expertos-y-altamente-cualificados-forman-parte-del-equipo-docente-del-grado-en-fisioterapia-internacional\/"]}]},{"@type":"ImageObject","inLanguage":"es","@id":"https:\/\/barcelona.euses.cat\/es\/profesionales-expertos-y-altamente-cualificados-forman-parte-del-equipo-docente-del-grado-en-fisioterapia-internacional\/#primaryimage","url":"https:\/\/barcelona.euses.cat\/wp-content\/uploads\/2018\/02\/Professionals-experts-i-altament-qualificats-formen-part-de-l\u2019equip-docent-del-Grau-en-Fisioter\u00e0pia-Internacional-e1469437532553.jpg","contentUrl":"https:\/\/barcelona.euses.cat\/wp-content\/uploads\/2018\/02\/Professionals-experts-i-altament-qualificats-formen-part-de-l\u2019equip-docent-del-Grau-en-Fisioter\u00e0pia-Internacional-e1469437532553.jpg","width":1000,"height":667},{"@type":"BreadcrumbList","@id":"https:\/\/barcelona.euses.cat\/es\/profesionales-expertos-y-altamente-cualificados-forman-parte-del-equipo-docente-del-grado-en-fisioterapia-internacional\/#breadcrumb","itemListElement":[{"@type":"ListItem","position":1,"name":"Portada","item":"https:\/\/barcelona.euses.cat\/es\/"},{"@type":"ListItem","position":2,"name":"Profesionales expertos y altamente cualificados forman parte del equipo docente del Grado en Fisioterapia Internacional"}]},{"@type":"WebSite","@id":"https:\/\/barcelona.euses.cat\/ca\/#website","url":"https:\/\/barcelona.euses.cat\/ca\/","name":"EUSES - Campus de Bellvitge (Barcelona)","description":"EUSES, Escuela Universitaria de Fisioterapia Internacional en Barcelona","potentialAction":[{"@type":"SearchAction","target":{"@type":"EntryPoint","urlTemplate":"https:\/\/barcelona.euses.cat\/ca\/?s={search_term_string}"},"query-input":{"@type":"PropertyValueSpecification","valueRequired":true,"valueName":"search_term_string"}}],"inLanguage":"es"},{"@type":"Person","@id":"https:\/\/barcelona.euses.cat\/ca\/#\/schema\/person\/c3074ca9d956eacf02e41e2ff78e53ab","name":"neorg","image":{"@type":"ImageObject","inLanguage":"es","@id":"https:\/\/secure.gravatar.com\/avatar\/709d3d8015183afa7401c02e2291a538cbfd4ffe62f4d86ce5f4871f22e86b09?s=96&d=mm&r=g","url":"https:\/\/secure.gravatar.com\/avatar\/709d3d8015183afa7401c02e2291a538cbfd4ffe62f4d86ce5f4871f22e86b09?s=96&d=mm&r=g","contentUrl":"https:\/\/secure.gravatar.com\/avatar\/709d3d8015183afa7401c02e2291a538cbfd4ffe62f4d86ce5f4871f22e86b09?s=96&d=mm&r=g","caption":"neorg"},"url":"https:\/\/barcelona.euses.cat\/es\/author\/neorg\/"}]}},"_links":{"self":[{"href":"https:\/\/barcelona.euses.cat\/es\/wp-json\/wp\/v2\/posts\/5861","targetHints":{"allow":["GET"]}}],"collection":[{"href":"https:\/\/barcelona.euses.cat\/es\/wp-json\/wp\/v2\/posts"}],"about":[{"href":"https:\/\/barcelona.euses.cat\/es\/wp-json\/wp\/v2\/types\/post"}],"author":[{"embeddable":true,"href":"https:\/\/barcelona.euses.cat\/es\/wp-json\/wp\/v2\/users\/1"}],"replies":[{"embeddable":true,"href":"https:\/\/barcelona.euses.cat\/es\/wp-json\/wp\/v2\/comments?post=5861"}],"version-history":[{"count":0,"href":"https:\/\/barcelona.euses.cat\/es\/wp-json\/wp\/v2\/posts\/5861\/revisions"}],"wp:featuredmedia":[{"embeddable":true,"href":"https:\/\/barcelona.euses.cat\/es\/wp-json\/wp\/v2\/media\/5862"}],"wp:attachment":[{"href":"https:\/\/barcelona.euses.cat\/es\/wp-json\/wp\/v2\/media?parent=5861"}],"wp:term":[{"taxonomy":"category","embeddable":true,"href":"https:\/\/barcelona.euses.cat\/es\/wp-json\/wp\/v2\/categories?post=5861"},{"taxonomy":"post_tag","embeddable":true,"href":"https:\/\/barcelona.euses.cat\/es\/wp-json\/wp\/v2\/tags?post=5861"}],"curies":[{"name":"wp","href":"https:\/\/api.w.org\/{rel}","templated":true}]}}