{"id":5858,"date":"2017-04-24T00:00:00","date_gmt":"2017-04-23T22:00:00","guid":{"rendered":"http:\/\/physiotherapybarcelona.net\/un-itinerario-formativo-holistico-tecnologico-y-global-caracteriza-el-plan-de-estudios-el-grado-en-fisioterapia-internacional\/"},"modified":"2017-04-24T00:00:00","modified_gmt":"2017-04-23T22:00:00","slug":"un-itinerario-formativo-holistico-tecnologico-y-global-caracteriza-el-plan-de-estudios-el-grado-en-fisioterapia-internacional","status":"publish","type":"post","link":"https:\/\/barcelona.euses.cat\/es\/un-itinerario-formativo-holistico-tecnologico-y-global-caracteriza-el-plan-de-estudios-el-grado-en-fisioterapia-internacional\/","title":{"rendered":"Un itinerario formativo hol\u00edstico, tecnol\u00f3gico y global caracteriza el plan de estudios el Grado en Fisioterapia Internacional"},"content":{"rendered":"<p style=\"text-align: justify;\">El <a href=\"https:\/\/goo.gl\/WZ2gWQ\"><strong>Grado en Fisioterapia Internacional<\/strong> <strong>de la<\/strong> <strong>Escuela de Nuevas Tecnolog\u00edas Interactivas (ENTI-UB) <\/strong>y de la <strong>Escuela Universitaria de la Salud y el Deporte (EUSES-UdG)<\/strong><\/a> te ofrece una formaci\u00f3n universitaria \u00edntegramente en <strong>ingl\u00e9s<\/strong> y con una clara <strong>vocaci\u00f3n global<\/strong>. Adem\u00e1s, con el fin de responder a las demandas y necesidades de la sociedad actual, el <strong>plan de estudios<\/strong> de esta titulaci\u00f3n introduce las <strong>nuevas TIC<\/strong>, propias del <strong>e-health<\/strong>, aplicadas en la <strong>fisioterapia<\/strong>.<\/p>\n<p style=\"text-align: justify;\">A trav\u00e9s de asignaturas como: Anatom\u00eda, <strong>Masoterapia<\/strong>, Fisioterapia en Especialidades Cl\u00ednicas, <strong>Bioqu\u00edmica<\/strong>, Cinesiterapia, <strong>Patolog\u00eda Neurol\u00f3gica<\/strong>, Biolog\u00eda, <strong>Fisiolog\u00eda<\/strong>, Terapia Manual, <strong>Desarrollo de Estudios Tecnol\u00f3gicos y Biomec\u00e1nica<\/strong>, Aplicaci\u00f3n de Agentes F\u00edsicos, <strong>Salud<\/strong> P\u00fablica y Administraci\u00f3n Sanitaria, entre muchas otras; obtendr\u00e1s una formaci\u00f3n actualizada y de calidad, abarcando todas las nuevas tendencias tecnol\u00f3gicas como los <strong>Serious Games<\/strong> o las nuevas <strong>apps<\/strong> aplicadas a la <strong>salud<\/strong>. Sin duda, conocer estas nuevas tecnolog\u00edas, aplicadas en el <strong>\u00e1mbito sanitario y asistencial<\/strong>, te permitir\u00e1 crear nuevos recursos, <strong>apps m\u00f3viles, software<\/strong> o modelado tridimensional aplicados en la <strong>fisioterapia<\/strong>.<\/p>\n<p style=\"text-align: justify;\">Adem\u00e1s, gracias a la presencia de <strong>ENTI-UB<\/strong>, una universidad pionera en <strong>nuevas tecnolog\u00edas<\/strong>, ir\u00e1s m\u00e1s all\u00e1 de las terapias manuales. Podr\u00e1s profundizar en la aplicaci\u00f3n de los \u00faltimos <strong>avances tecnol\u00f3gicos<\/strong> en el \u00e1mbito de la <strong>fisioterapia<\/strong>, ser\u00e1s capaz de crear y desarrollar <strong>nuevas<\/strong> <strong>aplicaciones tecnol\u00f3gicas<\/strong>, consiguiendo aumentar tanto la eficacia de los <strong>diagn\u00f3sticos<\/strong> en <strong>fisioterapia<\/strong>, como los resultados terap\u00e9uticos de los mismos y la adherencia al tratamiento por parte de los <strong>pacientes<\/strong>.<\/p>\n<p style=\"text-align: justify;\">Actualmente, las <strong>nuevas herramientas tecnol\u00f3gicas<\/strong> son cada vez m\u00e1s presentes en todos los \u00e1mbitos de nuestra sociedad. En el <strong>Grado en Fisioterapia Internacional<\/strong> somos conscientes de esta realidad; por ello se incorpora la <strong>vertiente tecnol\u00f3gica<\/strong> a lo largo del <strong>itinerario formativo<\/strong> de estos estudios. Todo ello, te permitir\u00e1 dominar las TIC desde un punto de vista amplio. No s\u00f3lo profundizar\u00e1s en la tecnolog\u00eda puramente m\u00e9dica, sino que tambi\u00e9n compartir\u00e1s recursos con otras disciplinas como la <strong>arquitectura<\/strong> -estudios de reconstrucci\u00f3n en tres dimensiones que han facilitado el tratamiento de enfermedades de la columna vertebral- o los <strong>juegos virtuales<\/strong> -beneficios de la utilizaci\u00f3n de la Plataforma <strong>Wii Fit<\/strong> en el tratamiento de las lesiones de las articulaciones del tobillo o rodilla-.<\/p>\n<p style=\"text-align: justify;\">Finalmente, cabe se\u00f1alar que en el <strong>Campus de la UB<\/strong>, tendr\u00e1s la oportunidad de formarte con un <strong>equipo docente<\/strong> de primer nivel, la mayor\u00eda de los cuales, son <strong>Doctores<\/strong> especializados en su campo, con una amplia dedicaci\u00f3n a la <strong>investigaci\u00f3n<\/strong> (publicaciones clasificadas, impacto de la investigaci\u00f3n, etc.). Adem\u00e1s, los docentes de este Grado se caracterizan por sus amplias <strong>habilidades pedag\u00f3gicas<\/strong>, su <strong>procedencia internacional<\/strong> y su dilatada <strong>experiencia<\/strong> tanto <strong>profesional<\/strong> como <strong>acad\u00e9mica<\/strong>.<\/p>\n<p style=\"text-align: justify;\">En definitiva, el plan de estudios del <a href=\"https:\/\/goo.gl\/WZ2gWQ\"><strong>Grado en Fisioterapia Internacional<\/strong><\/a> da respuesta a los <strong>retos<\/strong> del <strong>siglo XXI<\/strong>. Elige una formaci\u00f3n innovadora y de calidad que te permitir\u00e1 convertirte en un <strong>nuevo profesional<\/strong> con capacidad de crear nuevos recursos y a\u00f1adir <strong>calidad<\/strong> al <strong>servicio asistencial<\/strong>.<\/p>\n<p>&nbsp;<\/p>\n","protected":false},"excerpt":{"rendered":"<p>El Grado en Fisioterapia Internacional de la Escuela de Nuevas Tecnolog\u00edas Interactivas (ENTI-UB) y de la Escuela Universitaria de la Salud y el Deporte (EUSES-UdG) te ofrece una formaci\u00f3n universitaria \u00edntegramente en ingl\u00e9s y con una clara vocaci\u00f3n global. Adem\u00e1s, con el fin de responder a las demandas y necesidades de la sociedad actual, el [&hellip;]<\/p>\n","protected":false},"author":1,"featured_media":5334,"comment_status":"closed","ping_status":"closed","sticky":false,"template":"","format":"standard","meta":{"_acf_changed":false,"inline_featured_image":false,"_joinchat":[],"footnotes":""},"categories":[1],"tags":[44],"class_list":["post-5858","post","type-post","status-publish","format-standard","has-post-thumbnail","hentry","category-sin-categorizar","tag-castellano"],"acf":[],"yoast_head":"<!-- This site is optimized with the Yoast SEO plugin v27.4 - https:\/\/yoast.com\/product\/yoast-seo-wordpress\/ -->\n<title>Un itinerario formativo hol\u00edstico, tecnol\u00f3gico y global caracteriza el plan de estudios el Grado en Fisioterapia Internacional | EUSES - Campus de Bellvitge (Barcelona)<\/title>\n<meta name=\"robots\" content=\"index, follow, max-snippet:-1, max-image-preview:large, max-video-preview:-1\" \/>\n<link rel=\"canonical\" href=\"https:\/\/barcelona.euses.cat\/es\/un-itinerario-formativo-holistico-tecnologico-y-global-caracteriza-el-plan-de-estudios-el-grado-en-fisioterapia-internacional\/\" \/>\n<meta property=\"og:locale\" content=\"es_ES\" \/>\n<meta property=\"og:type\" content=\"article\" \/>\n<meta property=\"og:title\" content=\"Un itinerario formativo hol\u00edstico, tecnol\u00f3gico y global caracteriza el plan de estudios el Grado en Fisioterapia Internacional | EUSES - Campus de Bellvitge (Barcelona)\" \/>\n<meta property=\"og:description\" content=\"El Grado en Fisioterapia Internacional de la Escuela de Nuevas Tecnolog\u00edas Interactivas (ENTI-UB) y de la Escuela Universitaria de la Salud y el Deporte (EUSES-UdG) te ofrece una formaci\u00f3n universitaria \u00edntegramente en ingl\u00e9s y con una clara vocaci\u00f3n global. Adem\u00e1s, con el fin de responder a las demandas y necesidades de la sociedad actual, el [&hellip;]\" \/>\n<meta property=\"og:url\" content=\"https:\/\/barcelona.euses.cat\/es\/un-itinerario-formativo-holistico-tecnologico-y-global-caracteriza-el-plan-de-estudios-el-grado-en-fisioterapia-internacional\/\" \/>\n<meta property=\"og:site_name\" content=\"EUSES - Campus de Bellvitge (Barcelona)\" \/>\n<meta property=\"article:publisher\" content=\"https:\/\/www.facebook.com\/PhysioBCN\/\" \/>\n<meta property=\"article:published_time\" content=\"2017-04-23T22:00:00+00:00\" \/>\n<meta property=\"og:image\" content=\"https:\/\/barcelona.euses.cat\/wp-content\/uploads\/2018\/02\/Santuari_Mare_de_Deu_Ajuda_Hostalets_de_Balenya.jpg\" \/>\n\t<meta property=\"og:image:width\" content=\"694\" \/>\n\t<meta property=\"og:image:height\" content=\"463\" \/>\n\t<meta property=\"og:image:type\" content=\"image\/jpeg\" \/>\n<meta name=\"author\" content=\"neorg\" \/>\n<meta name=\"twitter:card\" content=\"summary_large_image\" \/>\n<meta name=\"twitter:label1\" content=\"Escrito por\" \/>\n\t<meta name=\"twitter:data1\" content=\"neorg\" \/>\n\t<meta name=\"twitter:label2\" content=\"Tiempo de lectura\" \/>\n\t<meta name=\"twitter:data2\" content=\"3 minutos\" \/>\n<script type=\"application\/ld+json\" class=\"yoast-schema-graph\">{\"@context\":\"https:\\\/\\\/schema.org\",\"@graph\":[{\"@type\":\"Article\",\"@id\":\"https:\\\/\\\/barcelona.euses.cat\\\/es\\\/un-itinerario-formativo-holistico-tecnologico-y-global-caracteriza-el-plan-de-estudios-el-grado-en-fisioterapia-internacional\\\/#article\",\"isPartOf\":{\"@id\":\"https:\\\/\\\/barcelona.euses.cat\\\/es\\\/un-itinerario-formativo-holistico-tecnologico-y-global-caracteriza-el-plan-de-estudios-el-grado-en-fisioterapia-internacional\\\/\"},\"author\":{\"name\":\"neorg\",\"@id\":\"https:\\\/\\\/barcelona.euses.cat\\\/ca\\\/#\\\/schema\\\/person\\\/c3074ca9d956eacf02e41e2ff78e53ab\"},\"headline\":\"Un itinerario formativo hol\u00edstico, tecnol\u00f3gico y global caracteriza el plan de estudios el Grado en Fisioterapia Internacional\",\"datePublished\":\"2017-04-23T22:00:00+00:00\",\"mainEntityOfPage\":{\"@id\":\"https:\\\/\\\/barcelona.euses.cat\\\/es\\\/un-itinerario-formativo-holistico-tecnologico-y-global-caracteriza-el-plan-de-estudios-el-grado-en-fisioterapia-internacional\\\/\"},\"wordCount\":548,\"image\":{\"@id\":\"https:\\\/\\\/barcelona.euses.cat\\\/es\\\/un-itinerario-formativo-holistico-tecnologico-y-global-caracteriza-el-plan-de-estudios-el-grado-en-fisioterapia-internacional\\\/#primaryimage\"},\"thumbnailUrl\":\"https:\\\/\\\/barcelona.euses.cat\\\/wp-content\\\/uploads\\\/2018\\\/02\\\/Santuari_Mare_de_Deu_Ajuda_Hostalets_de_Balenya.jpg\",\"keywords\":[\"Castellano\"],\"articleSection\":[\"Sin categorizar\"],\"inLanguage\":\"es\"},{\"@type\":\"WebPage\",\"@id\":\"https:\\\/\\\/barcelona.euses.cat\\\/es\\\/un-itinerario-formativo-holistico-tecnologico-y-global-caracteriza-el-plan-de-estudios-el-grado-en-fisioterapia-internacional\\\/\",\"url\":\"https:\\\/\\\/barcelona.euses.cat\\\/es\\\/un-itinerario-formativo-holistico-tecnologico-y-global-caracteriza-el-plan-de-estudios-el-grado-en-fisioterapia-internacional\\\/\",\"name\":\"Un itinerario formativo hol\u00edstico, tecnol\u00f3gico y global caracteriza el plan de estudios el Grado en Fisioterapia Internacional | EUSES - Campus de Bellvitge (Barcelona)\",\"isPartOf\":{\"@id\":\"https:\\\/\\\/barcelona.euses.cat\\\/ca\\\/#website\"},\"primaryImageOfPage\":{\"@id\":\"https:\\\/\\\/barcelona.euses.cat\\\/es\\\/un-itinerario-formativo-holistico-tecnologico-y-global-caracteriza-el-plan-de-estudios-el-grado-en-fisioterapia-internacional\\\/#primaryimage\"},\"image\":{\"@id\":\"https:\\\/\\\/barcelona.euses.cat\\\/es\\\/un-itinerario-formativo-holistico-tecnologico-y-global-caracteriza-el-plan-de-estudios-el-grado-en-fisioterapia-internacional\\\/#primaryimage\"},\"thumbnailUrl\":\"https:\\\/\\\/barcelona.euses.cat\\\/wp-content\\\/uploads\\\/2018\\\/02\\\/Santuari_Mare_de_Deu_Ajuda_Hostalets_de_Balenya.jpg\",\"datePublished\":\"2017-04-23T22:00:00+00:00\",\"author\":{\"@id\":\"https:\\\/\\\/barcelona.euses.cat\\\/ca\\\/#\\\/schema\\\/person\\\/c3074ca9d956eacf02e41e2ff78e53ab\"},\"breadcrumb\":{\"@id\":\"https:\\\/\\\/barcelona.euses.cat\\\/es\\\/un-itinerario-formativo-holistico-tecnologico-y-global-caracteriza-el-plan-de-estudios-el-grado-en-fisioterapia-internacional\\\/#breadcrumb\"},\"inLanguage\":\"es\",\"potentialAction\":[{\"@type\":\"ReadAction\",\"target\":[\"https:\\\/\\\/barcelona.euses.cat\\\/es\\\/un-itinerario-formativo-holistico-tecnologico-y-global-caracteriza-el-plan-de-estudios-el-grado-en-fisioterapia-internacional\\\/\"]}]},{\"@type\":\"ImageObject\",\"inLanguage\":\"es\",\"@id\":\"https:\\\/\\\/barcelona.euses.cat\\\/es\\\/un-itinerario-formativo-holistico-tecnologico-y-global-caracteriza-el-plan-de-estudios-el-grado-en-fisioterapia-internacional\\\/#primaryimage\",\"url\":\"https:\\\/\\\/barcelona.euses.cat\\\/wp-content\\\/uploads\\\/2018\\\/02\\\/Santuari_Mare_de_Deu_Ajuda_Hostalets_de_Balenya.jpg\",\"contentUrl\":\"https:\\\/\\\/barcelona.euses.cat\\\/wp-content\\\/uploads\\\/2018\\\/02\\\/Santuari_Mare_de_Deu_Ajuda_Hostalets_de_Balenya.jpg\",\"width\":694,\"height\":463},{\"@type\":\"BreadcrumbList\",\"@id\":\"https:\\\/\\\/barcelona.euses.cat\\\/es\\\/un-itinerario-formativo-holistico-tecnologico-y-global-caracteriza-el-plan-de-estudios-el-grado-en-fisioterapia-internacional\\\/#breadcrumb\",\"itemListElement\":[{\"@type\":\"ListItem\",\"position\":1,\"name\":\"Portada\",\"item\":\"https:\\\/\\\/barcelona.euses.cat\\\/es\\\/\"},{\"@type\":\"ListItem\",\"position\":2,\"name\":\"Un itinerario formativo hol\u00edstico, tecnol\u00f3gico y global caracteriza el plan de estudios el Grado en Fisioterapia Internacional\"}]},{\"@type\":\"WebSite\",\"@id\":\"https:\\\/\\\/barcelona.euses.cat\\\/ca\\\/#website\",\"url\":\"https:\\\/\\\/barcelona.euses.cat\\\/ca\\\/\",\"name\":\"EUSES - Campus de Bellvitge (Barcelona)\",\"description\":\"EUSES, Escuela Universitaria de Fisioterapia Internacional en Barcelona\",\"potentialAction\":[{\"@type\":\"SearchAction\",\"target\":{\"@type\":\"EntryPoint\",\"urlTemplate\":\"https:\\\/\\\/barcelona.euses.cat\\\/ca\\\/?s={search_term_string}\"},\"query-input\":{\"@type\":\"PropertyValueSpecification\",\"valueRequired\":true,\"valueName\":\"search_term_string\"}}],\"inLanguage\":\"es\"},{\"@type\":\"Person\",\"@id\":\"https:\\\/\\\/barcelona.euses.cat\\\/ca\\\/#\\\/schema\\\/person\\\/c3074ca9d956eacf02e41e2ff78e53ab\",\"name\":\"neorg\",\"image\":{\"@type\":\"ImageObject\",\"inLanguage\":\"es\",\"@id\":\"https:\\\/\\\/secure.gravatar.com\\\/avatar\\\/709d3d8015183afa7401c02e2291a538cbfd4ffe62f4d86ce5f4871f22e86b09?s=96&d=mm&r=g\",\"url\":\"https:\\\/\\\/secure.gravatar.com\\\/avatar\\\/709d3d8015183afa7401c02e2291a538cbfd4ffe62f4d86ce5f4871f22e86b09?s=96&d=mm&r=g\",\"contentUrl\":\"https:\\\/\\\/secure.gravatar.com\\\/avatar\\\/709d3d8015183afa7401c02e2291a538cbfd4ffe62f4d86ce5f4871f22e86b09?s=96&d=mm&r=g\",\"caption\":\"neorg\"},\"url\":\"https:\\\/\\\/barcelona.euses.cat\\\/es\\\/author\\\/neorg\\\/\"}]}<\/script>\n<!-- \/ Yoast SEO plugin. -->","yoast_head_json":{"title":"Un itinerario formativo hol\u00edstico, tecnol\u00f3gico y global caracteriza el plan de estudios el Grado en Fisioterapia Internacional | EUSES - Campus de Bellvitge (Barcelona)","robots":{"index":"index","follow":"follow","max-snippet":"max-snippet:-1","max-image-preview":"max-image-preview:large","max-video-preview":"max-video-preview:-1"},"canonical":"https:\/\/barcelona.euses.cat\/es\/un-itinerario-formativo-holistico-tecnologico-y-global-caracteriza-el-plan-de-estudios-el-grado-en-fisioterapia-internacional\/","og_locale":"es_ES","og_type":"article","og_title":"Un itinerario formativo hol\u00edstico, tecnol\u00f3gico y global caracteriza el plan de estudios el Grado en Fisioterapia Internacional | EUSES - Campus de Bellvitge (Barcelona)","og_description":"El Grado en Fisioterapia Internacional de la Escuela de Nuevas Tecnolog\u00edas Interactivas (ENTI-UB) y de la Escuela Universitaria de la Salud y el Deporte (EUSES-UdG) te ofrece una formaci\u00f3n universitaria \u00edntegramente en ingl\u00e9s y con una clara vocaci\u00f3n global. Adem\u00e1s, con el fin de responder a las demandas y necesidades de la sociedad actual, el [&hellip;]","og_url":"https:\/\/barcelona.euses.cat\/es\/un-itinerario-formativo-holistico-tecnologico-y-global-caracteriza-el-plan-de-estudios-el-grado-en-fisioterapia-internacional\/","og_site_name":"EUSES - Campus de Bellvitge (Barcelona)","article_publisher":"https:\/\/www.facebook.com\/PhysioBCN\/","article_published_time":"2017-04-23T22:00:00+00:00","og_image":[{"width":694,"height":463,"url":"https:\/\/barcelona.euses.cat\/wp-content\/uploads\/2018\/02\/Santuari_Mare_de_Deu_Ajuda_Hostalets_de_Balenya.jpg","type":"image\/jpeg"}],"author":"neorg","twitter_card":"summary_large_image","twitter_misc":{"Escrito por":"neorg","Tiempo de lectura":"3 minutos"},"schema":{"@context":"https:\/\/schema.org","@graph":[{"@type":"Article","@id":"https:\/\/barcelona.euses.cat\/es\/un-itinerario-formativo-holistico-tecnologico-y-global-caracteriza-el-plan-de-estudios-el-grado-en-fisioterapia-internacional\/#article","isPartOf":{"@id":"https:\/\/barcelona.euses.cat\/es\/un-itinerario-formativo-holistico-tecnologico-y-global-caracteriza-el-plan-de-estudios-el-grado-en-fisioterapia-internacional\/"},"author":{"name":"neorg","@id":"https:\/\/barcelona.euses.cat\/ca\/#\/schema\/person\/c3074ca9d956eacf02e41e2ff78e53ab"},"headline":"Un itinerario formativo hol\u00edstico, tecnol\u00f3gico y global caracteriza el plan de estudios el Grado en Fisioterapia Internacional","datePublished":"2017-04-23T22:00:00+00:00","mainEntityOfPage":{"@id":"https:\/\/barcelona.euses.cat\/es\/un-itinerario-formativo-holistico-tecnologico-y-global-caracteriza-el-plan-de-estudios-el-grado-en-fisioterapia-internacional\/"},"wordCount":548,"image":{"@id":"https:\/\/barcelona.euses.cat\/es\/un-itinerario-formativo-holistico-tecnologico-y-global-caracteriza-el-plan-de-estudios-el-grado-en-fisioterapia-internacional\/#primaryimage"},"thumbnailUrl":"https:\/\/barcelona.euses.cat\/wp-content\/uploads\/2018\/02\/Santuari_Mare_de_Deu_Ajuda_Hostalets_de_Balenya.jpg","keywords":["Castellano"],"articleSection":["Sin categorizar"],"inLanguage":"es"},{"@type":"WebPage","@id":"https:\/\/barcelona.euses.cat\/es\/un-itinerario-formativo-holistico-tecnologico-y-global-caracteriza-el-plan-de-estudios-el-grado-en-fisioterapia-internacional\/","url":"https:\/\/barcelona.euses.cat\/es\/un-itinerario-formativo-holistico-tecnologico-y-global-caracteriza-el-plan-de-estudios-el-grado-en-fisioterapia-internacional\/","name":"Un itinerario formativo hol\u00edstico, tecnol\u00f3gico y global caracteriza el plan de estudios el Grado en Fisioterapia Internacional | EUSES - Campus de Bellvitge (Barcelona)","isPartOf":{"@id":"https:\/\/barcelona.euses.cat\/ca\/#website"},"primaryImageOfPage":{"@id":"https:\/\/barcelona.euses.cat\/es\/un-itinerario-formativo-holistico-tecnologico-y-global-caracteriza-el-plan-de-estudios-el-grado-en-fisioterapia-internacional\/#primaryimage"},"image":{"@id":"https:\/\/barcelona.euses.cat\/es\/un-itinerario-formativo-holistico-tecnologico-y-global-caracteriza-el-plan-de-estudios-el-grado-en-fisioterapia-internacional\/#primaryimage"},"thumbnailUrl":"https:\/\/barcelona.euses.cat\/wp-content\/uploads\/2018\/02\/Santuari_Mare_de_Deu_Ajuda_Hostalets_de_Balenya.jpg","datePublished":"2017-04-23T22:00:00+00:00","author":{"@id":"https:\/\/barcelona.euses.cat\/ca\/#\/schema\/person\/c3074ca9d956eacf02e41e2ff78e53ab"},"breadcrumb":{"@id":"https:\/\/barcelona.euses.cat\/es\/un-itinerario-formativo-holistico-tecnologico-y-global-caracteriza-el-plan-de-estudios-el-grado-en-fisioterapia-internacional\/#breadcrumb"},"inLanguage":"es","potentialAction":[{"@type":"ReadAction","target":["https:\/\/barcelona.euses.cat\/es\/un-itinerario-formativo-holistico-tecnologico-y-global-caracteriza-el-plan-de-estudios-el-grado-en-fisioterapia-internacional\/"]}]},{"@type":"ImageObject","inLanguage":"es","@id":"https:\/\/barcelona.euses.cat\/es\/un-itinerario-formativo-holistico-tecnologico-y-global-caracteriza-el-plan-de-estudios-el-grado-en-fisioterapia-internacional\/#primaryimage","url":"https:\/\/barcelona.euses.cat\/wp-content\/uploads\/2018\/02\/Santuari_Mare_de_Deu_Ajuda_Hostalets_de_Balenya.jpg","contentUrl":"https:\/\/barcelona.euses.cat\/wp-content\/uploads\/2018\/02\/Santuari_Mare_de_Deu_Ajuda_Hostalets_de_Balenya.jpg","width":694,"height":463},{"@type":"BreadcrumbList","@id":"https:\/\/barcelona.euses.cat\/es\/un-itinerario-formativo-holistico-tecnologico-y-global-caracteriza-el-plan-de-estudios-el-grado-en-fisioterapia-internacional\/#breadcrumb","itemListElement":[{"@type":"ListItem","position":1,"name":"Portada","item":"https:\/\/barcelona.euses.cat\/es\/"},{"@type":"ListItem","position":2,"name":"Un itinerario formativo hol\u00edstico, tecnol\u00f3gico y global caracteriza el plan de estudios el Grado en Fisioterapia Internacional"}]},{"@type":"WebSite","@id":"https:\/\/barcelona.euses.cat\/ca\/#website","url":"https:\/\/barcelona.euses.cat\/ca\/","name":"EUSES - Campus de Bellvitge (Barcelona)","description":"EUSES, Escuela Universitaria de Fisioterapia Internacional en Barcelona","potentialAction":[{"@type":"SearchAction","target":{"@type":"EntryPoint","urlTemplate":"https:\/\/barcelona.euses.cat\/ca\/?s={search_term_string}"},"query-input":{"@type":"PropertyValueSpecification","valueRequired":true,"valueName":"search_term_string"}}],"inLanguage":"es"},{"@type":"Person","@id":"https:\/\/barcelona.euses.cat\/ca\/#\/schema\/person\/c3074ca9d956eacf02e41e2ff78e53ab","name":"neorg","image":{"@type":"ImageObject","inLanguage":"es","@id":"https:\/\/secure.gravatar.com\/avatar\/709d3d8015183afa7401c02e2291a538cbfd4ffe62f4d86ce5f4871f22e86b09?s=96&d=mm&r=g","url":"https:\/\/secure.gravatar.com\/avatar\/709d3d8015183afa7401c02e2291a538cbfd4ffe62f4d86ce5f4871f22e86b09?s=96&d=mm&r=g","contentUrl":"https:\/\/secure.gravatar.com\/avatar\/709d3d8015183afa7401c02e2291a538cbfd4ffe62f4d86ce5f4871f22e86b09?s=96&d=mm&r=g","caption":"neorg"},"url":"https:\/\/barcelona.euses.cat\/es\/author\/neorg\/"}]}},"_links":{"self":[{"href":"https:\/\/barcelona.euses.cat\/es\/wp-json\/wp\/v2\/posts\/5858","targetHints":{"allow":["GET"]}}],"collection":[{"href":"https:\/\/barcelona.euses.cat\/es\/wp-json\/wp\/v2\/posts"}],"about":[{"href":"https:\/\/barcelona.euses.cat\/es\/wp-json\/wp\/v2\/types\/post"}],"author":[{"embeddable":true,"href":"https:\/\/barcelona.euses.cat\/es\/wp-json\/wp\/v2\/users\/1"}],"replies":[{"embeddable":true,"href":"https:\/\/barcelona.euses.cat\/es\/wp-json\/wp\/v2\/comments?post=5858"}],"version-history":[{"count":0,"href":"https:\/\/barcelona.euses.cat\/es\/wp-json\/wp\/v2\/posts\/5858\/revisions"}],"wp:featuredmedia":[{"embeddable":true,"href":"https:\/\/barcelona.euses.cat\/es\/wp-json\/wp\/v2\/media\/5334"}],"wp:attachment":[{"href":"https:\/\/barcelona.euses.cat\/es\/wp-json\/wp\/v2\/media?parent=5858"}],"wp:term":[{"taxonomy":"category","embeddable":true,"href":"https:\/\/barcelona.euses.cat\/es\/wp-json\/wp\/v2\/categories?post=5858"},{"taxonomy":"post_tag","embeddable":true,"href":"https:\/\/barcelona.euses.cat\/es\/wp-json\/wp\/v2\/tags?post=5858"}],"curies":[{"name":"wp","href":"https:\/\/api.w.org\/{rel}","templated":true}]}}