{"id":5853,"date":"2017-05-02T00:00:00","date_gmt":"2017-05-01T22:00:00","guid":{"rendered":"http:\/\/physiotherapybarcelona.net\/nueva-jornada-de-puertas-abiertas-del-grado-en-fisioterapia-internacional-el-sabado-13-de-mayo-en-el-campus-de-la-ub\/"},"modified":"2017-05-02T00:00:00","modified_gmt":"2017-05-01T22:00:00","slug":"nueva-jornada-de-puertas-abiertas-del-grado-en-fisioterapia-internacional-el-sabado-13-de-mayo-en-el-campus-de-la-ub","status":"publish","type":"post","link":"https:\/\/barcelona.euses.cat\/es\/nueva-jornada-de-puertas-abiertas-del-grado-en-fisioterapia-internacional-el-sabado-13-de-mayo-en-el-campus-de-la-ub\/","title":{"rendered":"Nueva Jornada de Puertas Abiertas del Grado en Fisioterapia Internacional, el s\u00e1bado 13 de mayo en el Campus de la UB"},"content":{"rendered":"<p style=\"text-align: justify;\">El pr\u00f3ximo s\u00e1bado <strong>13 de mayo<\/strong> a las <strong>11.30 h<\/strong>, el Campus de la Salud de la Universidad de Barcelona (UB) volver\u00e1 a acoger una nueva <strong>Jornada de Puertas Abiertas<\/strong> del <a href=\"https:\/\/goo.gl\/V9gMo6\"><strong>Grado en Fisioterapia Internacional de la Escuela Universitaria de la Salud y el Deporte (EUSES- UdG) y de la Escuela de Nuevas Tecnolog\u00edas Interactivas (ENTI-UB)<\/strong><\/a>. Sin duda, se trata de una excelente oportunidad para que los estudiantes interesados en realizar este Grado universitario puedan informarse de todos los detalles del pr\u00f3ximo curso acad\u00e9mico 2017-2018.<\/p>\n<p style=\"text-align: justify;\">A lo largo de esta jornada, tendr\u00e1 lugar una sesi\u00f3n informativa, en la cual, los futuros estudiantes recibir\u00e1n toda clase de informaci\u00f3n sobre el <strong>plan de estudios<\/strong>, el <strong>profesorado<\/strong>, las <strong>salidas profesionales<\/strong>, el proceso de <strong>inscripciones<\/strong> y matr\u00edculas, entre otros muchos aspectos. Estudiar el <strong>Grado en Fisioterapia Internacional<\/strong> te permitir\u00e1 obtener una formaci\u00f3n hol\u00edstica y de calidad, orientada al aprendizaje de los diferentes aspectos de la fisioterapia. Pero adem\u00e1s, esta titulaci\u00f3n cuenta con toda una serie de importantes ventajas. \u00bfLas quieres conocer?:<\/p>\n<p style=\"text-align: justify;\"><strong>Estudiar\u00e1s \u00edntegramente en ingl\u00e9s<\/strong>. Un idioma, el dominio del cual, es imprescindible en la sociedad actual, convirti\u00e9ndose en una competencia b\u00e1sica para el conocimiento de la producci\u00f3n cient\u00edfica y la adquisici\u00f3n de un <strong>\u00f3ptimo nivel profesional<\/strong>.<\/p>\n<p style=\"text-align: justify;\"><strong>Contar\u00e1s con un excelente equipo docente<\/strong>. Una de las caracter\u00edsticas comunes del <strong>profesorado<\/strong> de este Grado es su <strong>perfil<\/strong> <strong>internacional<\/strong>. La mayor\u00eda procede de prestigiosas <strong>universidades extranjeras<\/strong>, lo que facilita la obtenci\u00f3n de una visi\u00f3n m\u00e1s completa y global de la fisioterapia, desde la perspectiva de diferentes pa\u00edses de alrededor del mundo.<strong>\u00a0<\/strong><\/p>\n<p style=\"text-align: justify;\"><strong>Aprender\u00e1s a aplicar las nuevas tecnolog\u00edas en el campo de la fisioterapia<\/strong>. Obtendr\u00e1s una formaci\u00f3n universitaria pionera en <strong>e-health<\/strong>. Aprender\u00e1s a desarrollar herramientas de valoraci\u00f3n desde la <strong>fisioterapia<\/strong>; aplicar nuevos <strong>avances tecnol\u00f3gicos<\/strong> en este \u00e1mbito; e incluso, ser\u00e1s capaz de crear nuevas <strong>aplicaciones tecnol\u00f3gicas<\/strong> como: apps m\u00f3viles, software o modelado tridimensional aplicado a este campo.<\/p>\n<p style=\"text-align: justify;\"><strong>Acceso a m\u00faltiples programas de intercambio internacional<\/strong>. Tendr\u00e1s la posibilidad de estudiar en el extranjero y ampliar tu <strong>networking internacional<\/strong>, gracias a los programas <strong>ERASMUS<\/strong> con <strong>universidades<\/strong> de <strong>prestigio internacional<\/strong>. Adem\u00e1s, tambi\u00e9n se incentiva la posterior ampliaci\u00f3n y continuaci\u00f3n de <strong>estudios de posgrado<\/strong> en otros pa\u00edses.<\/p>\n<p style=\"text-align: justify;\"><strong>Pr\u00e1cticas en reconocidos centros del \u00e1mbito de la salud<\/strong>. Podr\u00e1s escoger realizar tu pr\u00e1cticum en centros de referencia en los tratamientos de fisioterapia en las comarcas de Girona, Barcelona, Terres de l\u2019Ebre y el sur de Francia.<\/p>\n<p style=\"text-align: justify;\">No dejes que te lo expliquen. Ven el\u00a0 <strong>s\u00e1bado 13 de mayo a las 11.30 h <\/strong>a la Jornada de Puertas Abiertas del <a href=\"https:\/\/goo.gl\/V9gMo6\"><strong>Grado en Fisioterapia Internacional<\/strong> en el <strong>Campus de la UB<\/strong><\/a>. Inscr\u00edbete en este <a href=\"https:\/\/goo.gl\/dMcgwc\"><strong>enlace<\/strong><\/a>.<strong>\u00a0<\/strong><\/p>\n<p style=\"text-align: justify;\"><strong>Recuerda:<\/strong><\/p>\n<p style=\"text-align: justify;\">\n<p style=\"text-align: justify;\"><strong>S\u00e1bado 13 de mayo a las 11.30 h<\/strong><\/p>\n<p style=\"text-align: justify;\">Campus Bellvitge-Barcelona<\/p>\n<p style=\"text-align: justify;\">Calle de la Feixa Llarga s\/n<\/p>\n<p style=\"text-align: justify;\">08907 L\u2019Hospitalet de Llobregat (Barcelona).<\/p>\n<p><strong>\u00a0<\/strong><\/p>\n","protected":false},"excerpt":{"rendered":"<p>El pr\u00f3ximo s\u00e1bado 13 de mayo a las 11.30 h, el Campus de la Salud de la Universidad de Barcelona (UB) volver\u00e1 a acoger una nueva Jornada de Puertas Abiertas del Grado en Fisioterapia Internacional de la Escuela Universitaria de la Salud y el Deporte (EUSES- UdG) y de la Escuela de Nuevas Tecnolog\u00edas Interactivas [&hellip;]<\/p>\n","protected":false},"author":1,"featured_media":5854,"comment_status":"closed","ping_status":"closed","sticky":false,"template":"","format":"standard","meta":{"_acf_changed":false,"inline_featured_image":false,"_joinchat":[],"footnotes":""},"categories":[1],"tags":[44],"class_list":["post-5853","post","type-post","status-publish","format-standard","has-post-thumbnail","hentry","category-sin-categorizar","tag-castellano"],"acf":[],"yoast_head":"<!-- This site is optimized with the Yoast SEO plugin v27.4 - https:\/\/yoast.com\/product\/yoast-seo-wordpress\/ -->\n<title>Nueva Jornada de Puertas Abiertas del Grado en Fisioterapia Internacional, el s\u00e1bado 13 de mayo en el Campus de la UB | EUSES - Campus de Bellvitge (Barcelona)<\/title>\n<meta name=\"robots\" content=\"index, follow, max-snippet:-1, max-image-preview:large, max-video-preview:-1\" \/>\n<link rel=\"canonical\" href=\"https:\/\/barcelona.euses.cat\/es\/nueva-jornada-de-puertas-abiertas-del-grado-en-fisioterapia-internacional-el-sabado-13-de-mayo-en-el-campus-de-la-ub\/\" \/>\n<meta property=\"og:locale\" content=\"es_ES\" \/>\n<meta property=\"og:type\" content=\"article\" \/>\n<meta property=\"og:title\" content=\"Nueva Jornada de Puertas Abiertas del Grado en Fisioterapia Internacional, el s\u00e1bado 13 de mayo en el Campus de la UB | EUSES - Campus de Bellvitge (Barcelona)\" \/>\n<meta property=\"og:description\" content=\"El pr\u00f3ximo s\u00e1bado 13 de mayo a las 11.30 h, el Campus de la Salud de la Universidad de Barcelona (UB) volver\u00e1 a acoger una nueva Jornada de Puertas Abiertas del Grado en Fisioterapia Internacional de la Escuela Universitaria de la Salud y el Deporte (EUSES- UdG) y de la Escuela de Nuevas Tecnolog\u00edas Interactivas [&hellip;]\" \/>\n<meta property=\"og:url\" content=\"https:\/\/barcelona.euses.cat\/es\/nueva-jornada-de-puertas-abiertas-del-grado-en-fisioterapia-internacional-el-sabado-13-de-mayo-en-el-campus-de-la-ub\/\" \/>\n<meta property=\"og:site_name\" content=\"EUSES - Campus de Bellvitge (Barcelona)\" \/>\n<meta property=\"article:publisher\" content=\"https:\/\/www.facebook.com\/PhysioBCN\/\" \/>\n<meta property=\"article:published_time\" content=\"2017-05-01T22:00:00+00:00\" \/>\n<meta property=\"og:image\" content=\"https:\/\/barcelona.euses.cat\/wp-content\/uploads\/2018\/02\/g2.png\" \/>\n\t<meta property=\"og:image:width\" content=\"723\" \/>\n\t<meta property=\"og:image:height\" content=\"546\" \/>\n\t<meta property=\"og:image:type\" content=\"image\/png\" \/>\n<meta name=\"author\" content=\"neorg\" \/>\n<meta name=\"twitter:card\" content=\"summary_large_image\" \/>\n<meta name=\"twitter:label1\" content=\"Escrito por\" \/>\n\t<meta name=\"twitter:data1\" content=\"neorg\" \/>\n\t<meta name=\"twitter:label2\" content=\"Tiempo de lectura\" \/>\n\t<meta name=\"twitter:data2\" content=\"2 minutos\" \/>\n<script type=\"application\/ld+json\" class=\"yoast-schema-graph\">{\"@context\":\"https:\\\/\\\/schema.org\",\"@graph\":[{\"@type\":\"Article\",\"@id\":\"https:\\\/\\\/barcelona.euses.cat\\\/es\\\/nueva-jornada-de-puertas-abiertas-del-grado-en-fisioterapia-internacional-el-sabado-13-de-mayo-en-el-campus-de-la-ub\\\/#article\",\"isPartOf\":{\"@id\":\"https:\\\/\\\/barcelona.euses.cat\\\/es\\\/nueva-jornada-de-puertas-abiertas-del-grado-en-fisioterapia-internacional-el-sabado-13-de-mayo-en-el-campus-de-la-ub\\\/\"},\"author\":{\"name\":\"neorg\",\"@id\":\"https:\\\/\\\/barcelona.euses.cat\\\/ca\\\/#\\\/schema\\\/person\\\/c3074ca9d956eacf02e41e2ff78e53ab\"},\"headline\":\"Nueva Jornada de Puertas Abiertas del Grado en Fisioterapia Internacional, el s\u00e1bado 13 de mayo en el Campus de la UB\",\"datePublished\":\"2017-05-01T22:00:00+00:00\",\"mainEntityOfPage\":{\"@id\":\"https:\\\/\\\/barcelona.euses.cat\\\/es\\\/nueva-jornada-de-puertas-abiertas-del-grado-en-fisioterapia-internacional-el-sabado-13-de-mayo-en-el-campus-de-la-ub\\\/\"},\"wordCount\":519,\"image\":{\"@id\":\"https:\\\/\\\/barcelona.euses.cat\\\/es\\\/nueva-jornada-de-puertas-abiertas-del-grado-en-fisioterapia-internacional-el-sabado-13-de-mayo-en-el-campus-de-la-ub\\\/#primaryimage\"},\"thumbnailUrl\":\"https:\\\/\\\/barcelona.euses.cat\\\/wp-content\\\/uploads\\\/2018\\\/02\\\/g2.png\",\"keywords\":[\"Castellano\"],\"articleSection\":[\"Sin categorizar\"],\"inLanguage\":\"es\"},{\"@type\":\"WebPage\",\"@id\":\"https:\\\/\\\/barcelona.euses.cat\\\/es\\\/nueva-jornada-de-puertas-abiertas-del-grado-en-fisioterapia-internacional-el-sabado-13-de-mayo-en-el-campus-de-la-ub\\\/\",\"url\":\"https:\\\/\\\/barcelona.euses.cat\\\/es\\\/nueva-jornada-de-puertas-abiertas-del-grado-en-fisioterapia-internacional-el-sabado-13-de-mayo-en-el-campus-de-la-ub\\\/\",\"name\":\"Nueva Jornada de Puertas Abiertas del Grado en Fisioterapia Internacional, el s\u00e1bado 13 de mayo en el Campus de la UB | EUSES - Campus de Bellvitge (Barcelona)\",\"isPartOf\":{\"@id\":\"https:\\\/\\\/barcelona.euses.cat\\\/ca\\\/#website\"},\"primaryImageOfPage\":{\"@id\":\"https:\\\/\\\/barcelona.euses.cat\\\/es\\\/nueva-jornada-de-puertas-abiertas-del-grado-en-fisioterapia-internacional-el-sabado-13-de-mayo-en-el-campus-de-la-ub\\\/#primaryimage\"},\"image\":{\"@id\":\"https:\\\/\\\/barcelona.euses.cat\\\/es\\\/nueva-jornada-de-puertas-abiertas-del-grado-en-fisioterapia-internacional-el-sabado-13-de-mayo-en-el-campus-de-la-ub\\\/#primaryimage\"},\"thumbnailUrl\":\"https:\\\/\\\/barcelona.euses.cat\\\/wp-content\\\/uploads\\\/2018\\\/02\\\/g2.png\",\"datePublished\":\"2017-05-01T22:00:00+00:00\",\"author\":{\"@id\":\"https:\\\/\\\/barcelona.euses.cat\\\/ca\\\/#\\\/schema\\\/person\\\/c3074ca9d956eacf02e41e2ff78e53ab\"},\"breadcrumb\":{\"@id\":\"https:\\\/\\\/barcelona.euses.cat\\\/es\\\/nueva-jornada-de-puertas-abiertas-del-grado-en-fisioterapia-internacional-el-sabado-13-de-mayo-en-el-campus-de-la-ub\\\/#breadcrumb\"},\"inLanguage\":\"es\",\"potentialAction\":[{\"@type\":\"ReadAction\",\"target\":[\"https:\\\/\\\/barcelona.euses.cat\\\/es\\\/nueva-jornada-de-puertas-abiertas-del-grado-en-fisioterapia-internacional-el-sabado-13-de-mayo-en-el-campus-de-la-ub\\\/\"]}]},{\"@type\":\"ImageObject\",\"inLanguage\":\"es\",\"@id\":\"https:\\\/\\\/barcelona.euses.cat\\\/es\\\/nueva-jornada-de-puertas-abiertas-del-grado-en-fisioterapia-internacional-el-sabado-13-de-mayo-en-el-campus-de-la-ub\\\/#primaryimage\",\"url\":\"https:\\\/\\\/barcelona.euses.cat\\\/wp-content\\\/uploads\\\/2018\\\/02\\\/g2.png\",\"contentUrl\":\"https:\\\/\\\/barcelona.euses.cat\\\/wp-content\\\/uploads\\\/2018\\\/02\\\/g2.png\",\"width\":723,\"height\":546},{\"@type\":\"BreadcrumbList\",\"@id\":\"https:\\\/\\\/barcelona.euses.cat\\\/es\\\/nueva-jornada-de-puertas-abiertas-del-grado-en-fisioterapia-internacional-el-sabado-13-de-mayo-en-el-campus-de-la-ub\\\/#breadcrumb\",\"itemListElement\":[{\"@type\":\"ListItem\",\"position\":1,\"name\":\"Portada\",\"item\":\"https:\\\/\\\/barcelona.euses.cat\\\/es\\\/\"},{\"@type\":\"ListItem\",\"position\":2,\"name\":\"Nueva Jornada de Puertas Abiertas del Grado en Fisioterapia Internacional, el s\u00e1bado 13 de mayo en el Campus de la UB\"}]},{\"@type\":\"WebSite\",\"@id\":\"https:\\\/\\\/barcelona.euses.cat\\\/ca\\\/#website\",\"url\":\"https:\\\/\\\/barcelona.euses.cat\\\/ca\\\/\",\"name\":\"EUSES - Campus de Bellvitge (Barcelona)\",\"description\":\"EUSES, Escuela Universitaria de Fisioterapia Internacional en Barcelona\",\"potentialAction\":[{\"@type\":\"SearchAction\",\"target\":{\"@type\":\"EntryPoint\",\"urlTemplate\":\"https:\\\/\\\/barcelona.euses.cat\\\/ca\\\/?s={search_term_string}\"},\"query-input\":{\"@type\":\"PropertyValueSpecification\",\"valueRequired\":true,\"valueName\":\"search_term_string\"}}],\"inLanguage\":\"es\"},{\"@type\":\"Person\",\"@id\":\"https:\\\/\\\/barcelona.euses.cat\\\/ca\\\/#\\\/schema\\\/person\\\/c3074ca9d956eacf02e41e2ff78e53ab\",\"name\":\"neorg\",\"image\":{\"@type\":\"ImageObject\",\"inLanguage\":\"es\",\"@id\":\"https:\\\/\\\/secure.gravatar.com\\\/avatar\\\/709d3d8015183afa7401c02e2291a538cbfd4ffe62f4d86ce5f4871f22e86b09?s=96&d=mm&r=g\",\"url\":\"https:\\\/\\\/secure.gravatar.com\\\/avatar\\\/709d3d8015183afa7401c02e2291a538cbfd4ffe62f4d86ce5f4871f22e86b09?s=96&d=mm&r=g\",\"contentUrl\":\"https:\\\/\\\/secure.gravatar.com\\\/avatar\\\/709d3d8015183afa7401c02e2291a538cbfd4ffe62f4d86ce5f4871f22e86b09?s=96&d=mm&r=g\",\"caption\":\"neorg\"},\"url\":\"https:\\\/\\\/barcelona.euses.cat\\\/es\\\/author\\\/neorg\\\/\"}]}<\/script>\n<!-- \/ Yoast SEO plugin. -->","yoast_head_json":{"title":"Nueva Jornada de Puertas Abiertas del Grado en Fisioterapia Internacional, el s\u00e1bado 13 de mayo en el Campus de la UB | EUSES - Campus de Bellvitge (Barcelona)","robots":{"index":"index","follow":"follow","max-snippet":"max-snippet:-1","max-image-preview":"max-image-preview:large","max-video-preview":"max-video-preview:-1"},"canonical":"https:\/\/barcelona.euses.cat\/es\/nueva-jornada-de-puertas-abiertas-del-grado-en-fisioterapia-internacional-el-sabado-13-de-mayo-en-el-campus-de-la-ub\/","og_locale":"es_ES","og_type":"article","og_title":"Nueva Jornada de Puertas Abiertas del Grado en Fisioterapia Internacional, el s\u00e1bado 13 de mayo en el Campus de la UB | EUSES - Campus de Bellvitge (Barcelona)","og_description":"El pr\u00f3ximo s\u00e1bado 13 de mayo a las 11.30 h, el Campus de la Salud de la Universidad de Barcelona (UB) volver\u00e1 a acoger una nueva Jornada de Puertas Abiertas del Grado en Fisioterapia Internacional de la Escuela Universitaria de la Salud y el Deporte (EUSES- UdG) y de la Escuela de Nuevas Tecnolog\u00edas Interactivas [&hellip;]","og_url":"https:\/\/barcelona.euses.cat\/es\/nueva-jornada-de-puertas-abiertas-del-grado-en-fisioterapia-internacional-el-sabado-13-de-mayo-en-el-campus-de-la-ub\/","og_site_name":"EUSES - Campus de Bellvitge (Barcelona)","article_publisher":"https:\/\/www.facebook.com\/PhysioBCN\/","article_published_time":"2017-05-01T22:00:00+00:00","og_image":[{"width":723,"height":546,"url":"https:\/\/barcelona.euses.cat\/wp-content\/uploads\/2018\/02\/g2.png","type":"image\/png"}],"author":"neorg","twitter_card":"summary_large_image","twitter_misc":{"Escrito por":"neorg","Tiempo de lectura":"2 minutos"},"schema":{"@context":"https:\/\/schema.org","@graph":[{"@type":"Article","@id":"https:\/\/barcelona.euses.cat\/es\/nueva-jornada-de-puertas-abiertas-del-grado-en-fisioterapia-internacional-el-sabado-13-de-mayo-en-el-campus-de-la-ub\/#article","isPartOf":{"@id":"https:\/\/barcelona.euses.cat\/es\/nueva-jornada-de-puertas-abiertas-del-grado-en-fisioterapia-internacional-el-sabado-13-de-mayo-en-el-campus-de-la-ub\/"},"author":{"name":"neorg","@id":"https:\/\/barcelona.euses.cat\/ca\/#\/schema\/person\/c3074ca9d956eacf02e41e2ff78e53ab"},"headline":"Nueva Jornada de Puertas Abiertas del Grado en Fisioterapia Internacional, el s\u00e1bado 13 de mayo en el Campus de la UB","datePublished":"2017-05-01T22:00:00+00:00","mainEntityOfPage":{"@id":"https:\/\/barcelona.euses.cat\/es\/nueva-jornada-de-puertas-abiertas-del-grado-en-fisioterapia-internacional-el-sabado-13-de-mayo-en-el-campus-de-la-ub\/"},"wordCount":519,"image":{"@id":"https:\/\/barcelona.euses.cat\/es\/nueva-jornada-de-puertas-abiertas-del-grado-en-fisioterapia-internacional-el-sabado-13-de-mayo-en-el-campus-de-la-ub\/#primaryimage"},"thumbnailUrl":"https:\/\/barcelona.euses.cat\/wp-content\/uploads\/2018\/02\/g2.png","keywords":["Castellano"],"articleSection":["Sin categorizar"],"inLanguage":"es"},{"@type":"WebPage","@id":"https:\/\/barcelona.euses.cat\/es\/nueva-jornada-de-puertas-abiertas-del-grado-en-fisioterapia-internacional-el-sabado-13-de-mayo-en-el-campus-de-la-ub\/","url":"https:\/\/barcelona.euses.cat\/es\/nueva-jornada-de-puertas-abiertas-del-grado-en-fisioterapia-internacional-el-sabado-13-de-mayo-en-el-campus-de-la-ub\/","name":"Nueva Jornada de Puertas Abiertas del Grado en Fisioterapia Internacional, el s\u00e1bado 13 de mayo en el Campus de la UB | EUSES - Campus de Bellvitge (Barcelona)","isPartOf":{"@id":"https:\/\/barcelona.euses.cat\/ca\/#website"},"primaryImageOfPage":{"@id":"https:\/\/barcelona.euses.cat\/es\/nueva-jornada-de-puertas-abiertas-del-grado-en-fisioterapia-internacional-el-sabado-13-de-mayo-en-el-campus-de-la-ub\/#primaryimage"},"image":{"@id":"https:\/\/barcelona.euses.cat\/es\/nueva-jornada-de-puertas-abiertas-del-grado-en-fisioterapia-internacional-el-sabado-13-de-mayo-en-el-campus-de-la-ub\/#primaryimage"},"thumbnailUrl":"https:\/\/barcelona.euses.cat\/wp-content\/uploads\/2018\/02\/g2.png","datePublished":"2017-05-01T22:00:00+00:00","author":{"@id":"https:\/\/barcelona.euses.cat\/ca\/#\/schema\/person\/c3074ca9d956eacf02e41e2ff78e53ab"},"breadcrumb":{"@id":"https:\/\/barcelona.euses.cat\/es\/nueva-jornada-de-puertas-abiertas-del-grado-en-fisioterapia-internacional-el-sabado-13-de-mayo-en-el-campus-de-la-ub\/#breadcrumb"},"inLanguage":"es","potentialAction":[{"@type":"ReadAction","target":["https:\/\/barcelona.euses.cat\/es\/nueva-jornada-de-puertas-abiertas-del-grado-en-fisioterapia-internacional-el-sabado-13-de-mayo-en-el-campus-de-la-ub\/"]}]},{"@type":"ImageObject","inLanguage":"es","@id":"https:\/\/barcelona.euses.cat\/es\/nueva-jornada-de-puertas-abiertas-del-grado-en-fisioterapia-internacional-el-sabado-13-de-mayo-en-el-campus-de-la-ub\/#primaryimage","url":"https:\/\/barcelona.euses.cat\/wp-content\/uploads\/2018\/02\/g2.png","contentUrl":"https:\/\/barcelona.euses.cat\/wp-content\/uploads\/2018\/02\/g2.png","width":723,"height":546},{"@type":"BreadcrumbList","@id":"https:\/\/barcelona.euses.cat\/es\/nueva-jornada-de-puertas-abiertas-del-grado-en-fisioterapia-internacional-el-sabado-13-de-mayo-en-el-campus-de-la-ub\/#breadcrumb","itemListElement":[{"@type":"ListItem","position":1,"name":"Portada","item":"https:\/\/barcelona.euses.cat\/es\/"},{"@type":"ListItem","position":2,"name":"Nueva Jornada de Puertas Abiertas del Grado en Fisioterapia Internacional, el s\u00e1bado 13 de mayo en el Campus de la UB"}]},{"@type":"WebSite","@id":"https:\/\/barcelona.euses.cat\/ca\/#website","url":"https:\/\/barcelona.euses.cat\/ca\/","name":"EUSES - Campus de Bellvitge (Barcelona)","description":"EUSES, Escuela Universitaria de Fisioterapia Internacional en Barcelona","potentialAction":[{"@type":"SearchAction","target":{"@type":"EntryPoint","urlTemplate":"https:\/\/barcelona.euses.cat\/ca\/?s={search_term_string}"},"query-input":{"@type":"PropertyValueSpecification","valueRequired":true,"valueName":"search_term_string"}}],"inLanguage":"es"},{"@type":"Person","@id":"https:\/\/barcelona.euses.cat\/ca\/#\/schema\/person\/c3074ca9d956eacf02e41e2ff78e53ab","name":"neorg","image":{"@type":"ImageObject","inLanguage":"es","@id":"https:\/\/secure.gravatar.com\/avatar\/709d3d8015183afa7401c02e2291a538cbfd4ffe62f4d86ce5f4871f22e86b09?s=96&d=mm&r=g","url":"https:\/\/secure.gravatar.com\/avatar\/709d3d8015183afa7401c02e2291a538cbfd4ffe62f4d86ce5f4871f22e86b09?s=96&d=mm&r=g","contentUrl":"https:\/\/secure.gravatar.com\/avatar\/709d3d8015183afa7401c02e2291a538cbfd4ffe62f4d86ce5f4871f22e86b09?s=96&d=mm&r=g","caption":"neorg"},"url":"https:\/\/barcelona.euses.cat\/es\/author\/neorg\/"}]}},"_links":{"self":[{"href":"https:\/\/barcelona.euses.cat\/es\/wp-json\/wp\/v2\/posts\/5853","targetHints":{"allow":["GET"]}}],"collection":[{"href":"https:\/\/barcelona.euses.cat\/es\/wp-json\/wp\/v2\/posts"}],"about":[{"href":"https:\/\/barcelona.euses.cat\/es\/wp-json\/wp\/v2\/types\/post"}],"author":[{"embeddable":true,"href":"https:\/\/barcelona.euses.cat\/es\/wp-json\/wp\/v2\/users\/1"}],"replies":[{"embeddable":true,"href":"https:\/\/barcelona.euses.cat\/es\/wp-json\/wp\/v2\/comments?post=5853"}],"version-history":[{"count":0,"href":"https:\/\/barcelona.euses.cat\/es\/wp-json\/wp\/v2\/posts\/5853\/revisions"}],"wp:featuredmedia":[{"embeddable":true,"href":"https:\/\/barcelona.euses.cat\/es\/wp-json\/wp\/v2\/media\/5854"}],"wp:attachment":[{"href":"https:\/\/barcelona.euses.cat\/es\/wp-json\/wp\/v2\/media?parent=5853"}],"wp:term":[{"taxonomy":"category","embeddable":true,"href":"https:\/\/barcelona.euses.cat\/es\/wp-json\/wp\/v2\/categories?post=5853"},{"taxonomy":"post_tag","embeddable":true,"href":"https:\/\/barcelona.euses.cat\/es\/wp-json\/wp\/v2\/tags?post=5853"}],"curies":[{"name":"wp","href":"https:\/\/api.w.org\/{rel}","templated":true}]}}