{"id":5852,"date":"2017-05-08T00:00:00","date_gmt":"2017-05-07T22:00:00","guid":{"rendered":"http:\/\/physiotherapybarcelona.net\/el-grado-en-fisioterapia-internacional-amplia-tus-horizontes-profesionales\/"},"modified":"2017-05-08T00:00:00","modified_gmt":"2017-05-07T22:00:00","slug":"el-grado-en-fisioterapia-internacional-amplia-tus-horizontes-profesionales","status":"publish","type":"post","link":"https:\/\/barcelona.euses.cat\/es\/el-grado-en-fisioterapia-internacional-amplia-tus-horizontes-profesionales\/","title":{"rendered":"El Grado en Fisioterapia Internacional ampl\u00eda tus horizontes profesionales"},"content":{"rendered":"<p style=\"text-align: justify;\">En el <strong>Campus de la Universidad de Barcelona (UB)<\/strong>, tienes la oportunidad de estudiar el <a href=\"https:\/\/goo.gl\/hfN5LL\"><strong>Grado en Fisioterapia Internacional <\/strong>de la <strong>Escuela de Nuevas Tecnolog\u00edas Interactivas (ENTI-UB)<\/strong> y de <strong>la Escuela de la Salud y el Deporte (EUSES-UdG)<\/strong><\/a>, una formaci\u00f3n innovadora y de calidad con un doble valor a\u00f1adido: la aplicaci\u00f3n de las <strong>nuevas tecnolog\u00edas<\/strong> y la formaci\u00f3n espec\u00edfica \u00edntegramente en <strong>lengua inglesa<\/strong>, un idioma que mejora considerablemente tu acceso al <strong>mercado laboral<\/strong>. La suma de estos factores junto con la calidad docente, el conocimiento de las nuevas aplicaciones sanitarias y un aprendizaje te\u00f3rico-pr\u00e1ctico ampliar\u00e1n tus horizontes profesionales. En este sentido, cabe se\u00f1alar que las principales <strong>salidas profesionales<\/strong> de esta titulaci\u00f3n son:<\/p>\n<p style=\"text-align: justify;\"><strong>Docencia<\/strong>. Si desde siempre has tenido vocaci\u00f3n por el <strong>aprendizaje<\/strong>, estudiando este <strong>Grado<\/strong> podr\u00e1s encaminarte, con \u00e9xito, hacia el \u00e1mbito de la <strong>educaci\u00f3n<\/strong>. Precisamente, los mejores ejemplos son el experto <strong>equipo docente<\/strong> de esta titulaci\u00f3n, procedente de prestigiosas <strong>universidades extranjeras<\/strong>, aportando una visi\u00f3n m\u00e1s completa y global de la <strong>fisioterapia<\/strong>, desde la perspectiva de diferentes pa\u00edses de todo el mundo. Gracias a su bagaje y experiencia internacional, conocer\u00e1s los m\u00e9todos formativos utilizados en toda <strong>Europa<\/strong> y a nivel <strong>internacional<\/strong>.<\/p>\n<p style=\"text-align: justify;\"><strong>Campo del e-health y la innovaci\u00f3n tecnol\u00f3gica<\/strong>. Gracias a la dualidad te\u00f3rica-pr\u00e1ctica de este Grado, alcanzar\u00e1s los conocimientos necesarios para desarrollarte profesionalmente en el \u00e1mbito de la <strong>aplicaci\u00f3n tecnol\u00f3gica<\/strong> en el campo de la <strong>fisioterapia<\/strong>. Un \u00e1mbito innovador, en potencia y con un amplio espectro de desarrollo en nuestra sociedad, ya que, une aspectos tan relevantes como la <strong>atenci\u00f3n sanitaria<\/strong> y las <strong>nuevas tecnolog\u00edas<\/strong>.<\/p>\n<p style=\"text-align: justify;\"><strong>Sector m\u00e9dico y \u00e1mbito sanitario<\/strong>. Como <strong>fisioterapeuta generalista<\/strong> tendr\u00e1s la oportunidad de ejercer en diversas ramas de la <strong>medicina<\/strong>. Especialmente podr\u00e1s aportar tus conocimientos y experiencia en \u00e1mbitos como: la traumatolog\u00eda, centrada en las lesiones deportivas; la pediatr\u00eda; las afecciones cardiorrespiratorias; la ergonom\u00eda; la neurolog\u00eda; el uro-ginecolog\u00eda; la reumatolog\u00eda, entre muchas otras.<strong>\u00a0<\/strong><\/p>\n<p style=\"text-align: justify;\"><strong>Profesional aut\u00f3nomo<\/strong>. Otra oportunidad laboral en alza es ejercer la fisioterapia como aut\u00f3nomo, trabajando en tu propio <strong>centro de rehabilitaci\u00f3n<\/strong> o bien, integr\u00e1ndote en <strong>equipos<\/strong> <strong>multidisciplinares<\/strong>, es decir, en cl\u00ednicas, centros de atenci\u00f3n primaria, hospitales o mutuas.<\/p>\n<p style=\"text-align: justify;\">Desde el <strong>Campus de la UB<\/strong>, tienes la oportunidad de estudiar el <a href=\"https:\/\/goo.gl\/hfN5LL\"><strong>Grado en Fisioterapia Internacional<\/strong><\/a>, una titulaci\u00f3n con vocaci\u00f3n internacional que multiplica tus <strong>oportunidades<\/strong> <strong>profesionales<\/strong>.<\/p>\n<p><strong>\u00a0<\/strong><\/p>\n","protected":false},"excerpt":{"rendered":"<p>En el Campus de la Universidad de Barcelona (UB), tienes la oportunidad de estudiar el Grado en Fisioterapia Internacional de la Escuela de Nuevas Tecnolog\u00edas Interactivas (ENTI-UB) y de la Escuela de la Salud y el Deporte (EUSES-UdG), una formaci\u00f3n innovadora y de calidad con un doble valor a\u00f1adido: la aplicaci\u00f3n de las nuevas tecnolog\u00edas [&hellip;]<\/p>\n","protected":false},"author":1,"featured_media":5324,"comment_status":"closed","ping_status":"closed","sticky":false,"template":"","format":"standard","meta":{"_acf_changed":false,"inline_featured_image":false,"_joinchat":[],"footnotes":""},"categories":[1],"tags":[44],"class_list":["post-5852","post","type-post","status-publish","format-standard","has-post-thumbnail","hentry","category-sin-categorizar","tag-castellano"],"acf":[],"yoast_head":"<!-- This site is optimized with the Yoast SEO plugin v27.4 - https:\/\/yoast.com\/product\/yoast-seo-wordpress\/ -->\n<title>El Grado en Fisioterapia Internacional ampl\u00eda tus horizontes profesionales | EUSES - Campus de Bellvitge (Barcelona)<\/title>\n<meta name=\"robots\" content=\"index, follow, max-snippet:-1, max-image-preview:large, max-video-preview:-1\" \/>\n<link rel=\"canonical\" href=\"https:\/\/barcelona.euses.cat\/es\/el-grado-en-fisioterapia-internacional-amplia-tus-horizontes-profesionales\/\" \/>\n<meta property=\"og:locale\" content=\"es_ES\" \/>\n<meta property=\"og:type\" content=\"article\" \/>\n<meta property=\"og:title\" content=\"El Grado en Fisioterapia Internacional ampl\u00eda tus horizontes profesionales | EUSES - Campus de Bellvitge (Barcelona)\" \/>\n<meta property=\"og:description\" content=\"En el Campus de la Universidad de Barcelona (UB), tienes la oportunidad de estudiar el Grado en Fisioterapia Internacional de la Escuela de Nuevas Tecnolog\u00edas Interactivas (ENTI-UB) y de la Escuela de la Salud y el Deporte (EUSES-UdG), una formaci\u00f3n innovadora y de calidad con un doble valor a\u00f1adido: la aplicaci\u00f3n de las nuevas tecnolog\u00edas [&hellip;]\" \/>\n<meta property=\"og:url\" content=\"https:\/\/barcelona.euses.cat\/es\/el-grado-en-fisioterapia-internacional-amplia-tus-horizontes-profesionales\/\" \/>\n<meta property=\"og:site_name\" content=\"EUSES - Campus de Bellvitge (Barcelona)\" \/>\n<meta property=\"article:publisher\" content=\"https:\/\/www.facebook.com\/PhysioBCN\/\" \/>\n<meta property=\"article:published_time\" content=\"2017-05-07T22:00:00+00:00\" \/>\n<meta property=\"og:image\" content=\"https:\/\/barcelona.euses.cat\/wp-content\/uploads\/2018\/02\/d.jpg\" \/>\n\t<meta property=\"og:image:width\" content=\"682\" \/>\n\t<meta property=\"og:image:height\" content=\"458\" \/>\n\t<meta property=\"og:image:type\" content=\"image\/jpeg\" \/>\n<meta name=\"author\" content=\"neorg\" \/>\n<meta name=\"twitter:card\" content=\"summary_large_image\" \/>\n<meta name=\"twitter:label1\" content=\"Escrito por\" \/>\n\t<meta name=\"twitter:data1\" content=\"neorg\" \/>\n\t<meta name=\"twitter:label2\" content=\"Tiempo de lectura\" \/>\n\t<meta name=\"twitter:data2\" content=\"2 minutos\" \/>\n<script type=\"application\/ld+json\" class=\"yoast-schema-graph\">{\"@context\":\"https:\\\/\\\/schema.org\",\"@graph\":[{\"@type\":\"Article\",\"@id\":\"https:\\\/\\\/barcelona.euses.cat\\\/es\\\/el-grado-en-fisioterapia-internacional-amplia-tus-horizontes-profesionales\\\/#article\",\"isPartOf\":{\"@id\":\"https:\\\/\\\/barcelona.euses.cat\\\/es\\\/el-grado-en-fisioterapia-internacional-amplia-tus-horizontes-profesionales\\\/\"},\"author\":{\"name\":\"neorg\",\"@id\":\"https:\\\/\\\/barcelona.euses.cat\\\/ca\\\/#\\\/schema\\\/person\\\/c3074ca9d956eacf02e41e2ff78e53ab\"},\"headline\":\"El Grado en Fisioterapia Internacional ampl\u00eda tus horizontes profesionales\",\"datePublished\":\"2017-05-07T22:00:00+00:00\",\"mainEntityOfPage\":{\"@id\":\"https:\\\/\\\/barcelona.euses.cat\\\/es\\\/el-grado-en-fisioterapia-internacional-amplia-tus-horizontes-profesionales\\\/\"},\"wordCount\":427,\"image\":{\"@id\":\"https:\\\/\\\/barcelona.euses.cat\\\/es\\\/el-grado-en-fisioterapia-internacional-amplia-tus-horizontes-profesionales\\\/#primaryimage\"},\"thumbnailUrl\":\"https:\\\/\\\/barcelona.euses.cat\\\/wp-content\\\/uploads\\\/2018\\\/02\\\/d.jpg\",\"keywords\":[\"Castellano\"],\"articleSection\":[\"Sin categorizar\"],\"inLanguage\":\"es\"},{\"@type\":\"WebPage\",\"@id\":\"https:\\\/\\\/barcelona.euses.cat\\\/es\\\/el-grado-en-fisioterapia-internacional-amplia-tus-horizontes-profesionales\\\/\",\"url\":\"https:\\\/\\\/barcelona.euses.cat\\\/es\\\/el-grado-en-fisioterapia-internacional-amplia-tus-horizontes-profesionales\\\/\",\"name\":\"El Grado en Fisioterapia Internacional ampl\u00eda tus horizontes profesionales | EUSES - Campus de Bellvitge (Barcelona)\",\"isPartOf\":{\"@id\":\"https:\\\/\\\/barcelona.euses.cat\\\/ca\\\/#website\"},\"primaryImageOfPage\":{\"@id\":\"https:\\\/\\\/barcelona.euses.cat\\\/es\\\/el-grado-en-fisioterapia-internacional-amplia-tus-horizontes-profesionales\\\/#primaryimage\"},\"image\":{\"@id\":\"https:\\\/\\\/barcelona.euses.cat\\\/es\\\/el-grado-en-fisioterapia-internacional-amplia-tus-horizontes-profesionales\\\/#primaryimage\"},\"thumbnailUrl\":\"https:\\\/\\\/barcelona.euses.cat\\\/wp-content\\\/uploads\\\/2018\\\/02\\\/d.jpg\",\"datePublished\":\"2017-05-07T22:00:00+00:00\",\"author\":{\"@id\":\"https:\\\/\\\/barcelona.euses.cat\\\/ca\\\/#\\\/schema\\\/person\\\/c3074ca9d956eacf02e41e2ff78e53ab\"},\"breadcrumb\":{\"@id\":\"https:\\\/\\\/barcelona.euses.cat\\\/es\\\/el-grado-en-fisioterapia-internacional-amplia-tus-horizontes-profesionales\\\/#breadcrumb\"},\"inLanguage\":\"es\",\"potentialAction\":[{\"@type\":\"ReadAction\",\"target\":[\"https:\\\/\\\/barcelona.euses.cat\\\/es\\\/el-grado-en-fisioterapia-internacional-amplia-tus-horizontes-profesionales\\\/\"]}]},{\"@type\":\"ImageObject\",\"inLanguage\":\"es\",\"@id\":\"https:\\\/\\\/barcelona.euses.cat\\\/es\\\/el-grado-en-fisioterapia-internacional-amplia-tus-horizontes-profesionales\\\/#primaryimage\",\"url\":\"https:\\\/\\\/barcelona.euses.cat\\\/wp-content\\\/uploads\\\/2018\\\/02\\\/d.jpg\",\"contentUrl\":\"https:\\\/\\\/barcelona.euses.cat\\\/wp-content\\\/uploads\\\/2018\\\/02\\\/d.jpg\",\"width\":682,\"height\":458},{\"@type\":\"BreadcrumbList\",\"@id\":\"https:\\\/\\\/barcelona.euses.cat\\\/es\\\/el-grado-en-fisioterapia-internacional-amplia-tus-horizontes-profesionales\\\/#breadcrumb\",\"itemListElement\":[{\"@type\":\"ListItem\",\"position\":1,\"name\":\"Portada\",\"item\":\"https:\\\/\\\/barcelona.euses.cat\\\/es\\\/\"},{\"@type\":\"ListItem\",\"position\":2,\"name\":\"El Grado en Fisioterapia Internacional ampl\u00eda tus horizontes profesionales\"}]},{\"@type\":\"WebSite\",\"@id\":\"https:\\\/\\\/barcelona.euses.cat\\\/ca\\\/#website\",\"url\":\"https:\\\/\\\/barcelona.euses.cat\\\/ca\\\/\",\"name\":\"EUSES - Campus de Bellvitge (Barcelona)\",\"description\":\"EUSES, Escuela Universitaria de Fisioterapia Internacional en Barcelona\",\"potentialAction\":[{\"@type\":\"SearchAction\",\"target\":{\"@type\":\"EntryPoint\",\"urlTemplate\":\"https:\\\/\\\/barcelona.euses.cat\\\/ca\\\/?s={search_term_string}\"},\"query-input\":{\"@type\":\"PropertyValueSpecification\",\"valueRequired\":true,\"valueName\":\"search_term_string\"}}],\"inLanguage\":\"es\"},{\"@type\":\"Person\",\"@id\":\"https:\\\/\\\/barcelona.euses.cat\\\/ca\\\/#\\\/schema\\\/person\\\/c3074ca9d956eacf02e41e2ff78e53ab\",\"name\":\"neorg\",\"image\":{\"@type\":\"ImageObject\",\"inLanguage\":\"es\",\"@id\":\"https:\\\/\\\/secure.gravatar.com\\\/avatar\\\/709d3d8015183afa7401c02e2291a538cbfd4ffe62f4d86ce5f4871f22e86b09?s=96&d=mm&r=g\",\"url\":\"https:\\\/\\\/secure.gravatar.com\\\/avatar\\\/709d3d8015183afa7401c02e2291a538cbfd4ffe62f4d86ce5f4871f22e86b09?s=96&d=mm&r=g\",\"contentUrl\":\"https:\\\/\\\/secure.gravatar.com\\\/avatar\\\/709d3d8015183afa7401c02e2291a538cbfd4ffe62f4d86ce5f4871f22e86b09?s=96&d=mm&r=g\",\"caption\":\"neorg\"},\"url\":\"https:\\\/\\\/barcelona.euses.cat\\\/es\\\/author\\\/neorg\\\/\"}]}<\/script>\n<!-- \/ Yoast SEO plugin. -->","yoast_head_json":{"title":"El Grado en Fisioterapia Internacional ampl\u00eda tus horizontes profesionales | EUSES - Campus de Bellvitge (Barcelona)","robots":{"index":"index","follow":"follow","max-snippet":"max-snippet:-1","max-image-preview":"max-image-preview:large","max-video-preview":"max-video-preview:-1"},"canonical":"https:\/\/barcelona.euses.cat\/es\/el-grado-en-fisioterapia-internacional-amplia-tus-horizontes-profesionales\/","og_locale":"es_ES","og_type":"article","og_title":"El Grado en Fisioterapia Internacional ampl\u00eda tus horizontes profesionales | EUSES - Campus de Bellvitge (Barcelona)","og_description":"En el Campus de la Universidad de Barcelona (UB), tienes la oportunidad de estudiar el Grado en Fisioterapia Internacional de la Escuela de Nuevas Tecnolog\u00edas Interactivas (ENTI-UB) y de la Escuela de la Salud y el Deporte (EUSES-UdG), una formaci\u00f3n innovadora y de calidad con un doble valor a\u00f1adido: la aplicaci\u00f3n de las nuevas tecnolog\u00edas [&hellip;]","og_url":"https:\/\/barcelona.euses.cat\/es\/el-grado-en-fisioterapia-internacional-amplia-tus-horizontes-profesionales\/","og_site_name":"EUSES - Campus de Bellvitge (Barcelona)","article_publisher":"https:\/\/www.facebook.com\/PhysioBCN\/","article_published_time":"2017-05-07T22:00:00+00:00","og_image":[{"width":682,"height":458,"url":"https:\/\/barcelona.euses.cat\/wp-content\/uploads\/2018\/02\/d.jpg","type":"image\/jpeg"}],"author":"neorg","twitter_card":"summary_large_image","twitter_misc":{"Escrito por":"neorg","Tiempo de lectura":"2 minutos"},"schema":{"@context":"https:\/\/schema.org","@graph":[{"@type":"Article","@id":"https:\/\/barcelona.euses.cat\/es\/el-grado-en-fisioterapia-internacional-amplia-tus-horizontes-profesionales\/#article","isPartOf":{"@id":"https:\/\/barcelona.euses.cat\/es\/el-grado-en-fisioterapia-internacional-amplia-tus-horizontes-profesionales\/"},"author":{"name":"neorg","@id":"https:\/\/barcelona.euses.cat\/ca\/#\/schema\/person\/c3074ca9d956eacf02e41e2ff78e53ab"},"headline":"El Grado en Fisioterapia Internacional ampl\u00eda tus horizontes profesionales","datePublished":"2017-05-07T22:00:00+00:00","mainEntityOfPage":{"@id":"https:\/\/barcelona.euses.cat\/es\/el-grado-en-fisioterapia-internacional-amplia-tus-horizontes-profesionales\/"},"wordCount":427,"image":{"@id":"https:\/\/barcelona.euses.cat\/es\/el-grado-en-fisioterapia-internacional-amplia-tus-horizontes-profesionales\/#primaryimage"},"thumbnailUrl":"https:\/\/barcelona.euses.cat\/wp-content\/uploads\/2018\/02\/d.jpg","keywords":["Castellano"],"articleSection":["Sin categorizar"],"inLanguage":"es"},{"@type":"WebPage","@id":"https:\/\/barcelona.euses.cat\/es\/el-grado-en-fisioterapia-internacional-amplia-tus-horizontes-profesionales\/","url":"https:\/\/barcelona.euses.cat\/es\/el-grado-en-fisioterapia-internacional-amplia-tus-horizontes-profesionales\/","name":"El Grado en Fisioterapia Internacional ampl\u00eda tus horizontes profesionales | EUSES - Campus de Bellvitge (Barcelona)","isPartOf":{"@id":"https:\/\/barcelona.euses.cat\/ca\/#website"},"primaryImageOfPage":{"@id":"https:\/\/barcelona.euses.cat\/es\/el-grado-en-fisioterapia-internacional-amplia-tus-horizontes-profesionales\/#primaryimage"},"image":{"@id":"https:\/\/barcelona.euses.cat\/es\/el-grado-en-fisioterapia-internacional-amplia-tus-horizontes-profesionales\/#primaryimage"},"thumbnailUrl":"https:\/\/barcelona.euses.cat\/wp-content\/uploads\/2018\/02\/d.jpg","datePublished":"2017-05-07T22:00:00+00:00","author":{"@id":"https:\/\/barcelona.euses.cat\/ca\/#\/schema\/person\/c3074ca9d956eacf02e41e2ff78e53ab"},"breadcrumb":{"@id":"https:\/\/barcelona.euses.cat\/es\/el-grado-en-fisioterapia-internacional-amplia-tus-horizontes-profesionales\/#breadcrumb"},"inLanguage":"es","potentialAction":[{"@type":"ReadAction","target":["https:\/\/barcelona.euses.cat\/es\/el-grado-en-fisioterapia-internacional-amplia-tus-horizontes-profesionales\/"]}]},{"@type":"ImageObject","inLanguage":"es","@id":"https:\/\/barcelona.euses.cat\/es\/el-grado-en-fisioterapia-internacional-amplia-tus-horizontes-profesionales\/#primaryimage","url":"https:\/\/barcelona.euses.cat\/wp-content\/uploads\/2018\/02\/d.jpg","contentUrl":"https:\/\/barcelona.euses.cat\/wp-content\/uploads\/2018\/02\/d.jpg","width":682,"height":458},{"@type":"BreadcrumbList","@id":"https:\/\/barcelona.euses.cat\/es\/el-grado-en-fisioterapia-internacional-amplia-tus-horizontes-profesionales\/#breadcrumb","itemListElement":[{"@type":"ListItem","position":1,"name":"Portada","item":"https:\/\/barcelona.euses.cat\/es\/"},{"@type":"ListItem","position":2,"name":"El Grado en Fisioterapia Internacional ampl\u00eda tus horizontes profesionales"}]},{"@type":"WebSite","@id":"https:\/\/barcelona.euses.cat\/ca\/#website","url":"https:\/\/barcelona.euses.cat\/ca\/","name":"EUSES - Campus de Bellvitge (Barcelona)","description":"EUSES, Escuela Universitaria de Fisioterapia Internacional en Barcelona","potentialAction":[{"@type":"SearchAction","target":{"@type":"EntryPoint","urlTemplate":"https:\/\/barcelona.euses.cat\/ca\/?s={search_term_string}"},"query-input":{"@type":"PropertyValueSpecification","valueRequired":true,"valueName":"search_term_string"}}],"inLanguage":"es"},{"@type":"Person","@id":"https:\/\/barcelona.euses.cat\/ca\/#\/schema\/person\/c3074ca9d956eacf02e41e2ff78e53ab","name":"neorg","image":{"@type":"ImageObject","inLanguage":"es","@id":"https:\/\/secure.gravatar.com\/avatar\/709d3d8015183afa7401c02e2291a538cbfd4ffe62f4d86ce5f4871f22e86b09?s=96&d=mm&r=g","url":"https:\/\/secure.gravatar.com\/avatar\/709d3d8015183afa7401c02e2291a538cbfd4ffe62f4d86ce5f4871f22e86b09?s=96&d=mm&r=g","contentUrl":"https:\/\/secure.gravatar.com\/avatar\/709d3d8015183afa7401c02e2291a538cbfd4ffe62f4d86ce5f4871f22e86b09?s=96&d=mm&r=g","caption":"neorg"},"url":"https:\/\/barcelona.euses.cat\/es\/author\/neorg\/"}]}},"_links":{"self":[{"href":"https:\/\/barcelona.euses.cat\/es\/wp-json\/wp\/v2\/posts\/5852","targetHints":{"allow":["GET"]}}],"collection":[{"href":"https:\/\/barcelona.euses.cat\/es\/wp-json\/wp\/v2\/posts"}],"about":[{"href":"https:\/\/barcelona.euses.cat\/es\/wp-json\/wp\/v2\/types\/post"}],"author":[{"embeddable":true,"href":"https:\/\/barcelona.euses.cat\/es\/wp-json\/wp\/v2\/users\/1"}],"replies":[{"embeddable":true,"href":"https:\/\/barcelona.euses.cat\/es\/wp-json\/wp\/v2\/comments?post=5852"}],"version-history":[{"count":0,"href":"https:\/\/barcelona.euses.cat\/es\/wp-json\/wp\/v2\/posts\/5852\/revisions"}],"wp:featuredmedia":[{"embeddable":true,"href":"https:\/\/barcelona.euses.cat\/es\/wp-json\/wp\/v2\/media\/5324"}],"wp:attachment":[{"href":"https:\/\/barcelona.euses.cat\/es\/wp-json\/wp\/v2\/media?parent=5852"}],"wp:term":[{"taxonomy":"category","embeddable":true,"href":"https:\/\/barcelona.euses.cat\/es\/wp-json\/wp\/v2\/categories?post=5852"},{"taxonomy":"post_tag","embeddable":true,"href":"https:\/\/barcelona.euses.cat\/es\/wp-json\/wp\/v2\/tags?post=5852"}],"curies":[{"name":"wp","href":"https:\/\/api.w.org\/{rel}","templated":true}]}}