{"id":5850,"date":"2017-05-17T00:00:00","date_gmt":"2017-05-16T22:00:00","guid":{"rendered":"http:\/\/physiotherapybarcelona.net\/exito-de-participacion-en-las-jornadas-de-puertas-abiertas-del-grado-en-fisioterapia-internacional\/"},"modified":"2017-05-17T00:00:00","modified_gmt":"2017-05-16T22:00:00","slug":"exito-de-participacion-en-las-jornadas-de-puertas-abiertas-del-grado-en-fisioterapia-internacional","status":"publish","type":"post","link":"https:\/\/barcelona.euses.cat\/es\/exito-de-participacion-en-las-jornadas-de-puertas-abiertas-del-grado-en-fisioterapia-internacional\/","title":{"rendered":"\u00c9xito de participaci\u00f3n en las Jornadas de Puertas Abiertas del Grado en Fisioterapia Internacional"},"content":{"rendered":"<p style=\"text-align: justify;\">El pasado s\u00e1bado 13 de mayo, se celebraron las <strong>Jornadas de Puertas Abiertas<\/strong> del <a href=\"https:\/\/goo.gl\/jEa3hC\"><strong>Grado en Fisioterapia Internacional de la Escuela Universitaria de la Salud y el Deporte (EUSES-UdG) <\/strong>y de la <strong>Escuela de Nuevas Tecnolog\u00edas Interactivas (ENTI-UB)<\/strong> en el <strong>Campus<\/strong> de la <strong>Salud<\/strong> de la <strong>Universidad de Barcelona (UB)<\/strong><\/a>. Una de las caracter\u00edsticas de este encuentro fue el gran n\u00famero de alumnos interesados \u200b\u200ben estudiar esta titulaci\u00f3n universitaria, \u00edntegramente en <strong>ingl\u00e9s<\/strong> que fusiona la <strong>fisioterapia<\/strong> con las <strong>nuevas tecnolog\u00edas<\/strong>.<\/p>\n<p style=\"text-align: justify;\">Durante la Jornada, los estudiantes pudieron informarse del plan de estudios, el profesorado, las salidas profesionales, el proceso de inscripciones y matr\u00edculas, entre muchos otros aspectos. Adem\u00e1s, tambi\u00e9n asistieron a la presentaci\u00f3n de <strong>Mariano Gacto, director del Grado en Fisioterapia Internacional<\/strong> y <strong>jefe del Departamento de Fisioterapia en EUSES-UdG<\/strong>, a lo largo de la cual, expuso los principales <strong>puntos fuertes<\/strong> de estudiar esta <strong>titulaci\u00f3n<\/strong> con <strong>vocaci\u00f3n<\/strong> <strong>internacional<\/strong>. Seguidamente, los asistentes tuvieron la oportunidad de visitar las <strong>instalaciones<\/strong> <strong>del Campus de la Universidad de Barcelona<\/strong>, \u200b\u200bpara conocer con detalle el entorno universitario donde estudiar\u00e1n el pr\u00f3ximo curso acad\u00e9mico 2017-2018.<\/p>\n<p style=\"text-align: justify;\">En definitiva, la combinaci\u00f3n entre <strong>calidad docente<\/strong>, una formaci\u00f3n pionera en <strong>nuevas<\/strong> <strong>tecnolog\u00edas<\/strong>, el acceso a m\u00faltiples programas de <strong>intercambio internacional<\/strong> con prestigiosas universidades, <strong>pr\u00e1cticas<\/strong> en centros de referencia y un itinerario formativo \u00edntegramente en <strong>ingl\u00e9s<\/strong> para ofrecerte m\u00e1s y mejores oportunidades laborales son las principales ventajas de estudiar el <a href=\"https:\/\/goo.gl\/jEa3hC\"><strong>Grado en Fisioterapia Internacional<\/strong><\/a>. \u00a1Apuesta por tu futuro y matric\u00falate en el pr\u00f3ximo curso!<\/p>\n<p style=\"text-align: justify;\"><strong>\u00a0<\/strong><\/p>\n","protected":false},"excerpt":{"rendered":"<p>El pasado s\u00e1bado 13 de mayo, se celebraron las Jornadas de Puertas Abiertas del Grado en Fisioterapia Internacional de la Escuela Universitaria de la Salud y el Deporte (EUSES-UdG) y de la Escuela de Nuevas Tecnolog\u00edas Interactivas (ENTI-UB) en el Campus de la Salud de la Universidad de Barcelona (UB). Una de las caracter\u00edsticas de [&hellip;]<\/p>\n","protected":false},"author":1,"featured_media":5314,"comment_status":"closed","ping_status":"closed","sticky":false,"template":"","format":"standard","meta":{"_acf_changed":false,"inline_featured_image":false,"_joinchat":[],"footnotes":""},"categories":[1],"tags":[44],"class_list":["post-5850","post","type-post","status-publish","format-standard","has-post-thumbnail","hentry","category-sin-categorizar","tag-castellano"],"acf":[],"yoast_head":"<!-- This site is optimized with the Yoast SEO plugin v27.4 - https:\/\/yoast.com\/product\/yoast-seo-wordpress\/ -->\n<title>\u00c9xito de participaci\u00f3n en las Jornadas de Puertas Abiertas del Grado en Fisioterapia Internacional | EUSES - Campus de Bellvitge (Barcelona)<\/title>\n<meta name=\"robots\" content=\"index, follow, max-snippet:-1, max-image-preview:large, max-video-preview:-1\" \/>\n<link rel=\"canonical\" href=\"https:\/\/barcelona.euses.cat\/es\/exito-de-participacion-en-las-jornadas-de-puertas-abiertas-del-grado-en-fisioterapia-internacional\/\" \/>\n<meta property=\"og:locale\" content=\"es_ES\" \/>\n<meta property=\"og:type\" content=\"article\" \/>\n<meta property=\"og:title\" content=\"\u00c9xito de participaci\u00f3n en las Jornadas de Puertas Abiertas del Grado en Fisioterapia Internacional | EUSES - Campus de Bellvitge (Barcelona)\" \/>\n<meta property=\"og:description\" content=\"El pasado s\u00e1bado 13 de mayo, se celebraron las Jornadas de Puertas Abiertas del Grado en Fisioterapia Internacional de la Escuela Universitaria de la Salud y el Deporte (EUSES-UdG) y de la Escuela de Nuevas Tecnolog\u00edas Interactivas (ENTI-UB) en el Campus de la Salud de la Universidad de Barcelona (UB). Una de las caracter\u00edsticas de [&hellip;]\" \/>\n<meta property=\"og:url\" content=\"https:\/\/barcelona.euses.cat\/es\/exito-de-participacion-en-las-jornadas-de-puertas-abiertas-del-grado-en-fisioterapia-internacional\/\" \/>\n<meta property=\"og:site_name\" content=\"EUSES - Campus de Bellvitge (Barcelona)\" \/>\n<meta property=\"article:publisher\" content=\"https:\/\/www.facebook.com\/PhysioBCN\/\" \/>\n<meta property=\"article:published_time\" content=\"2017-05-16T22:00:00+00:00\" \/>\n<meta property=\"og:image\" content=\"https:\/\/barcelona.euses.cat\/wp-content\/uploads\/2018\/02\/image1.jpg\" \/>\n\t<meta property=\"og:image:width\" content=\"1600\" \/>\n\t<meta property=\"og:image:height\" content=\"1200\" \/>\n\t<meta property=\"og:image:type\" content=\"image\/jpeg\" \/>\n<meta name=\"author\" content=\"neorg\" \/>\n<meta name=\"twitter:card\" content=\"summary_large_image\" \/>\n<meta name=\"twitter:label1\" content=\"Escrito por\" \/>\n\t<meta name=\"twitter:data1\" content=\"neorg\" \/>\n\t<meta name=\"twitter:label2\" content=\"Tiempo de lectura\" \/>\n\t<meta name=\"twitter:data2\" content=\"1 minuto\" \/>\n<script type=\"application\/ld+json\" class=\"yoast-schema-graph\">{\"@context\":\"https:\\\/\\\/schema.org\",\"@graph\":[{\"@type\":\"Article\",\"@id\":\"https:\\\/\\\/barcelona.euses.cat\\\/es\\\/exito-de-participacion-en-las-jornadas-de-puertas-abiertas-del-grado-en-fisioterapia-internacional\\\/#article\",\"isPartOf\":{\"@id\":\"https:\\\/\\\/barcelona.euses.cat\\\/es\\\/exito-de-participacion-en-las-jornadas-de-puertas-abiertas-del-grado-en-fisioterapia-internacional\\\/\"},\"author\":{\"name\":\"neorg\",\"@id\":\"https:\\\/\\\/barcelona.euses.cat\\\/ca\\\/#\\\/schema\\\/person\\\/c3074ca9d956eacf02e41e2ff78e53ab\"},\"headline\":\"\u00c9xito de participaci\u00f3n en las Jornadas de Puertas Abiertas del Grado en Fisioterapia Internacional\",\"datePublished\":\"2017-05-16T22:00:00+00:00\",\"mainEntityOfPage\":{\"@id\":\"https:\\\/\\\/barcelona.euses.cat\\\/es\\\/exito-de-participacion-en-las-jornadas-de-puertas-abiertas-del-grado-en-fisioterapia-internacional\\\/\"},\"wordCount\":281,\"image\":{\"@id\":\"https:\\\/\\\/barcelona.euses.cat\\\/es\\\/exito-de-participacion-en-las-jornadas-de-puertas-abiertas-del-grado-en-fisioterapia-internacional\\\/#primaryimage\"},\"thumbnailUrl\":\"https:\\\/\\\/barcelona.euses.cat\\\/wp-content\\\/uploads\\\/2018\\\/02\\\/image1.jpg\",\"keywords\":[\"Castellano\"],\"articleSection\":[\"Sin categorizar\"],\"inLanguage\":\"es\"},{\"@type\":\"WebPage\",\"@id\":\"https:\\\/\\\/barcelona.euses.cat\\\/es\\\/exito-de-participacion-en-las-jornadas-de-puertas-abiertas-del-grado-en-fisioterapia-internacional\\\/\",\"url\":\"https:\\\/\\\/barcelona.euses.cat\\\/es\\\/exito-de-participacion-en-las-jornadas-de-puertas-abiertas-del-grado-en-fisioterapia-internacional\\\/\",\"name\":\"\u00c9xito de participaci\u00f3n en las Jornadas de Puertas Abiertas del Grado en Fisioterapia Internacional | EUSES - Campus de Bellvitge (Barcelona)\",\"isPartOf\":{\"@id\":\"https:\\\/\\\/barcelona.euses.cat\\\/ca\\\/#website\"},\"primaryImageOfPage\":{\"@id\":\"https:\\\/\\\/barcelona.euses.cat\\\/es\\\/exito-de-participacion-en-las-jornadas-de-puertas-abiertas-del-grado-en-fisioterapia-internacional\\\/#primaryimage\"},\"image\":{\"@id\":\"https:\\\/\\\/barcelona.euses.cat\\\/es\\\/exito-de-participacion-en-las-jornadas-de-puertas-abiertas-del-grado-en-fisioterapia-internacional\\\/#primaryimage\"},\"thumbnailUrl\":\"https:\\\/\\\/barcelona.euses.cat\\\/wp-content\\\/uploads\\\/2018\\\/02\\\/image1.jpg\",\"datePublished\":\"2017-05-16T22:00:00+00:00\",\"author\":{\"@id\":\"https:\\\/\\\/barcelona.euses.cat\\\/ca\\\/#\\\/schema\\\/person\\\/c3074ca9d956eacf02e41e2ff78e53ab\"},\"breadcrumb\":{\"@id\":\"https:\\\/\\\/barcelona.euses.cat\\\/es\\\/exito-de-participacion-en-las-jornadas-de-puertas-abiertas-del-grado-en-fisioterapia-internacional\\\/#breadcrumb\"},\"inLanguage\":\"es\",\"potentialAction\":[{\"@type\":\"ReadAction\",\"target\":[\"https:\\\/\\\/barcelona.euses.cat\\\/es\\\/exito-de-participacion-en-las-jornadas-de-puertas-abiertas-del-grado-en-fisioterapia-internacional\\\/\"]}]},{\"@type\":\"ImageObject\",\"inLanguage\":\"es\",\"@id\":\"https:\\\/\\\/barcelona.euses.cat\\\/es\\\/exito-de-participacion-en-las-jornadas-de-puertas-abiertas-del-grado-en-fisioterapia-internacional\\\/#primaryimage\",\"url\":\"https:\\\/\\\/barcelona.euses.cat\\\/wp-content\\\/uploads\\\/2018\\\/02\\\/image1.jpg\",\"contentUrl\":\"https:\\\/\\\/barcelona.euses.cat\\\/wp-content\\\/uploads\\\/2018\\\/02\\\/image1.jpg\",\"width\":1600,\"height\":1200},{\"@type\":\"BreadcrumbList\",\"@id\":\"https:\\\/\\\/barcelona.euses.cat\\\/es\\\/exito-de-participacion-en-las-jornadas-de-puertas-abiertas-del-grado-en-fisioterapia-internacional\\\/#breadcrumb\",\"itemListElement\":[{\"@type\":\"ListItem\",\"position\":1,\"name\":\"Portada\",\"item\":\"https:\\\/\\\/barcelona.euses.cat\\\/es\\\/\"},{\"@type\":\"ListItem\",\"position\":2,\"name\":\"\u00c9xito de participaci\u00f3n en las Jornadas de Puertas Abiertas del Grado en Fisioterapia Internacional\"}]},{\"@type\":\"WebSite\",\"@id\":\"https:\\\/\\\/barcelona.euses.cat\\\/ca\\\/#website\",\"url\":\"https:\\\/\\\/barcelona.euses.cat\\\/ca\\\/\",\"name\":\"EUSES - Campus de Bellvitge (Barcelona)\",\"description\":\"EUSES, Escuela Universitaria de Fisioterapia Internacional en Barcelona\",\"potentialAction\":[{\"@type\":\"SearchAction\",\"target\":{\"@type\":\"EntryPoint\",\"urlTemplate\":\"https:\\\/\\\/barcelona.euses.cat\\\/ca\\\/?s={search_term_string}\"},\"query-input\":{\"@type\":\"PropertyValueSpecification\",\"valueRequired\":true,\"valueName\":\"search_term_string\"}}],\"inLanguage\":\"es\"},{\"@type\":\"Person\",\"@id\":\"https:\\\/\\\/barcelona.euses.cat\\\/ca\\\/#\\\/schema\\\/person\\\/c3074ca9d956eacf02e41e2ff78e53ab\",\"name\":\"neorg\",\"image\":{\"@type\":\"ImageObject\",\"inLanguage\":\"es\",\"@id\":\"https:\\\/\\\/secure.gravatar.com\\\/avatar\\\/709d3d8015183afa7401c02e2291a538cbfd4ffe62f4d86ce5f4871f22e86b09?s=96&d=mm&r=g\",\"url\":\"https:\\\/\\\/secure.gravatar.com\\\/avatar\\\/709d3d8015183afa7401c02e2291a538cbfd4ffe62f4d86ce5f4871f22e86b09?s=96&d=mm&r=g\",\"contentUrl\":\"https:\\\/\\\/secure.gravatar.com\\\/avatar\\\/709d3d8015183afa7401c02e2291a538cbfd4ffe62f4d86ce5f4871f22e86b09?s=96&d=mm&r=g\",\"caption\":\"neorg\"},\"url\":\"https:\\\/\\\/barcelona.euses.cat\\\/es\\\/author\\\/neorg\\\/\"}]}<\/script>\n<!-- \/ Yoast SEO plugin. -->","yoast_head_json":{"title":"\u00c9xito de participaci\u00f3n en las Jornadas de Puertas Abiertas del Grado en Fisioterapia Internacional | EUSES - Campus de Bellvitge (Barcelona)","robots":{"index":"index","follow":"follow","max-snippet":"max-snippet:-1","max-image-preview":"max-image-preview:large","max-video-preview":"max-video-preview:-1"},"canonical":"https:\/\/barcelona.euses.cat\/es\/exito-de-participacion-en-las-jornadas-de-puertas-abiertas-del-grado-en-fisioterapia-internacional\/","og_locale":"es_ES","og_type":"article","og_title":"\u00c9xito de participaci\u00f3n en las Jornadas de Puertas Abiertas del Grado en Fisioterapia Internacional | EUSES - Campus de Bellvitge (Barcelona)","og_description":"El pasado s\u00e1bado 13 de mayo, se celebraron las Jornadas de Puertas Abiertas del Grado en Fisioterapia Internacional de la Escuela Universitaria de la Salud y el Deporte (EUSES-UdG) y de la Escuela de Nuevas Tecnolog\u00edas Interactivas (ENTI-UB) en el Campus de la Salud de la Universidad de Barcelona (UB). Una de las caracter\u00edsticas de [&hellip;]","og_url":"https:\/\/barcelona.euses.cat\/es\/exito-de-participacion-en-las-jornadas-de-puertas-abiertas-del-grado-en-fisioterapia-internacional\/","og_site_name":"EUSES - Campus de Bellvitge (Barcelona)","article_publisher":"https:\/\/www.facebook.com\/PhysioBCN\/","article_published_time":"2017-05-16T22:00:00+00:00","og_image":[{"width":1600,"height":1200,"url":"https:\/\/barcelona.euses.cat\/wp-content\/uploads\/2018\/02\/image1.jpg","type":"image\/jpeg"}],"author":"neorg","twitter_card":"summary_large_image","twitter_misc":{"Escrito por":"neorg","Tiempo de lectura":"1 minuto"},"schema":{"@context":"https:\/\/schema.org","@graph":[{"@type":"Article","@id":"https:\/\/barcelona.euses.cat\/es\/exito-de-participacion-en-las-jornadas-de-puertas-abiertas-del-grado-en-fisioterapia-internacional\/#article","isPartOf":{"@id":"https:\/\/barcelona.euses.cat\/es\/exito-de-participacion-en-las-jornadas-de-puertas-abiertas-del-grado-en-fisioterapia-internacional\/"},"author":{"name":"neorg","@id":"https:\/\/barcelona.euses.cat\/ca\/#\/schema\/person\/c3074ca9d956eacf02e41e2ff78e53ab"},"headline":"\u00c9xito de participaci\u00f3n en las Jornadas de Puertas Abiertas del Grado en Fisioterapia Internacional","datePublished":"2017-05-16T22:00:00+00:00","mainEntityOfPage":{"@id":"https:\/\/barcelona.euses.cat\/es\/exito-de-participacion-en-las-jornadas-de-puertas-abiertas-del-grado-en-fisioterapia-internacional\/"},"wordCount":281,"image":{"@id":"https:\/\/barcelona.euses.cat\/es\/exito-de-participacion-en-las-jornadas-de-puertas-abiertas-del-grado-en-fisioterapia-internacional\/#primaryimage"},"thumbnailUrl":"https:\/\/barcelona.euses.cat\/wp-content\/uploads\/2018\/02\/image1.jpg","keywords":["Castellano"],"articleSection":["Sin categorizar"],"inLanguage":"es"},{"@type":"WebPage","@id":"https:\/\/barcelona.euses.cat\/es\/exito-de-participacion-en-las-jornadas-de-puertas-abiertas-del-grado-en-fisioterapia-internacional\/","url":"https:\/\/barcelona.euses.cat\/es\/exito-de-participacion-en-las-jornadas-de-puertas-abiertas-del-grado-en-fisioterapia-internacional\/","name":"\u00c9xito de participaci\u00f3n en las Jornadas de Puertas Abiertas del Grado en Fisioterapia Internacional | EUSES - Campus de Bellvitge (Barcelona)","isPartOf":{"@id":"https:\/\/barcelona.euses.cat\/ca\/#website"},"primaryImageOfPage":{"@id":"https:\/\/barcelona.euses.cat\/es\/exito-de-participacion-en-las-jornadas-de-puertas-abiertas-del-grado-en-fisioterapia-internacional\/#primaryimage"},"image":{"@id":"https:\/\/barcelona.euses.cat\/es\/exito-de-participacion-en-las-jornadas-de-puertas-abiertas-del-grado-en-fisioterapia-internacional\/#primaryimage"},"thumbnailUrl":"https:\/\/barcelona.euses.cat\/wp-content\/uploads\/2018\/02\/image1.jpg","datePublished":"2017-05-16T22:00:00+00:00","author":{"@id":"https:\/\/barcelona.euses.cat\/ca\/#\/schema\/person\/c3074ca9d956eacf02e41e2ff78e53ab"},"breadcrumb":{"@id":"https:\/\/barcelona.euses.cat\/es\/exito-de-participacion-en-las-jornadas-de-puertas-abiertas-del-grado-en-fisioterapia-internacional\/#breadcrumb"},"inLanguage":"es","potentialAction":[{"@type":"ReadAction","target":["https:\/\/barcelona.euses.cat\/es\/exito-de-participacion-en-las-jornadas-de-puertas-abiertas-del-grado-en-fisioterapia-internacional\/"]}]},{"@type":"ImageObject","inLanguage":"es","@id":"https:\/\/barcelona.euses.cat\/es\/exito-de-participacion-en-las-jornadas-de-puertas-abiertas-del-grado-en-fisioterapia-internacional\/#primaryimage","url":"https:\/\/barcelona.euses.cat\/wp-content\/uploads\/2018\/02\/image1.jpg","contentUrl":"https:\/\/barcelona.euses.cat\/wp-content\/uploads\/2018\/02\/image1.jpg","width":1600,"height":1200},{"@type":"BreadcrumbList","@id":"https:\/\/barcelona.euses.cat\/es\/exito-de-participacion-en-las-jornadas-de-puertas-abiertas-del-grado-en-fisioterapia-internacional\/#breadcrumb","itemListElement":[{"@type":"ListItem","position":1,"name":"Portada","item":"https:\/\/barcelona.euses.cat\/es\/"},{"@type":"ListItem","position":2,"name":"\u00c9xito de participaci\u00f3n en las Jornadas de Puertas Abiertas del Grado en Fisioterapia Internacional"}]},{"@type":"WebSite","@id":"https:\/\/barcelona.euses.cat\/ca\/#website","url":"https:\/\/barcelona.euses.cat\/ca\/","name":"EUSES - Campus de Bellvitge (Barcelona)","description":"EUSES, Escuela Universitaria de Fisioterapia Internacional en Barcelona","potentialAction":[{"@type":"SearchAction","target":{"@type":"EntryPoint","urlTemplate":"https:\/\/barcelona.euses.cat\/ca\/?s={search_term_string}"},"query-input":{"@type":"PropertyValueSpecification","valueRequired":true,"valueName":"search_term_string"}}],"inLanguage":"es"},{"@type":"Person","@id":"https:\/\/barcelona.euses.cat\/ca\/#\/schema\/person\/c3074ca9d956eacf02e41e2ff78e53ab","name":"neorg","image":{"@type":"ImageObject","inLanguage":"es","@id":"https:\/\/secure.gravatar.com\/avatar\/709d3d8015183afa7401c02e2291a538cbfd4ffe62f4d86ce5f4871f22e86b09?s=96&d=mm&r=g","url":"https:\/\/secure.gravatar.com\/avatar\/709d3d8015183afa7401c02e2291a538cbfd4ffe62f4d86ce5f4871f22e86b09?s=96&d=mm&r=g","contentUrl":"https:\/\/secure.gravatar.com\/avatar\/709d3d8015183afa7401c02e2291a538cbfd4ffe62f4d86ce5f4871f22e86b09?s=96&d=mm&r=g","caption":"neorg"},"url":"https:\/\/barcelona.euses.cat\/es\/author\/neorg\/"}]}},"_links":{"self":[{"href":"https:\/\/barcelona.euses.cat\/es\/wp-json\/wp\/v2\/posts\/5850","targetHints":{"allow":["GET"]}}],"collection":[{"href":"https:\/\/barcelona.euses.cat\/es\/wp-json\/wp\/v2\/posts"}],"about":[{"href":"https:\/\/barcelona.euses.cat\/es\/wp-json\/wp\/v2\/types\/post"}],"author":[{"embeddable":true,"href":"https:\/\/barcelona.euses.cat\/es\/wp-json\/wp\/v2\/users\/1"}],"replies":[{"embeddable":true,"href":"https:\/\/barcelona.euses.cat\/es\/wp-json\/wp\/v2\/comments?post=5850"}],"version-history":[{"count":0,"href":"https:\/\/barcelona.euses.cat\/es\/wp-json\/wp\/v2\/posts\/5850\/revisions"}],"wp:featuredmedia":[{"embeddable":true,"href":"https:\/\/barcelona.euses.cat\/es\/wp-json\/wp\/v2\/media\/5314"}],"wp:attachment":[{"href":"https:\/\/barcelona.euses.cat\/es\/wp-json\/wp\/v2\/media?parent=5850"}],"wp:term":[{"taxonomy":"category","embeddable":true,"href":"https:\/\/barcelona.euses.cat\/es\/wp-json\/wp\/v2\/categories?post=5850"},{"taxonomy":"post_tag","embeddable":true,"href":"https:\/\/barcelona.euses.cat\/es\/wp-json\/wp\/v2\/tags?post=5850"}],"curies":[{"name":"wp","href":"https:\/\/api.w.org\/{rel}","templated":true}]}}