{"id":5849,"date":"2017-05-22T00:00:00","date_gmt":"2017-05-21T22:00:00","guid":{"rendered":"http:\/\/physiotherapybarcelona.net\/el-grado-en-fisioterapia-internacional-potencia-tus-habilidades-comunicativas-para-garantizarte-una-mejor-insercion-laboral\/"},"modified":"2017-05-22T00:00:00","modified_gmt":"2017-05-21T22:00:00","slug":"el-grado-en-fisioterapia-internacional-potencia-tus-habilidades-comunicativas-para-garantizarte-una-mejor-insercion-laboral","status":"publish","type":"post","link":"https:\/\/barcelona.euses.cat\/es\/el-grado-en-fisioterapia-internacional-potencia-tus-habilidades-comunicativas-para-garantizarte-una-mejor-insercion-laboral\/","title":{"rendered":"El Grado en Fisioterapia Internacional potencia tus habilidades comunicativas para garantizarte una mejor inserci\u00f3n laboral"},"content":{"rendered":"<p style=\"text-align: justify;\">Las <strong>capacidades comunicativas y de oratoria<\/strong> son esenciales para desarrollar y aplicar con \u00e9xito, los conocimientos adquiridos durante tus estudios universitarios al mundo laboral. Esta realidad se tiene muy en cuenta en el <a href=\"https:\/\/goo.gl\/NXoPvS\"><strong>Grado en Fisioterapia Internacional<\/strong>, de la Escuela de Nuevas Tecnolog\u00edas Interactivas (ENTI-UB) y de la Escuela Universitaria de la Salud y el Deporte (EUSES-UdG)<\/a>. Por eso, a lo largo de estos estudios, se trabajan toda una serie de t\u00e9cnicas que te permitir\u00e1n progresar tanto en el \u00e1mbito acad\u00e9mico como profesional.<\/p>\n<p style=\"text-align: justify;\">Durante este <strong>Grado<\/strong>, alcanzar\u00e1s una formaci\u00f3n te\u00f3rica y pr\u00e1ctica especializada y de calidad, incluyendo toda clase de terapias manuales y f\u00edsicas. Lo cual, te facultar\u00e1 para tratar con plenas garant\u00edas cient\u00edficas y t\u00e9cnicas una multitud de patolog\u00edas para conseguir acelerar los procesos de recuperaci\u00f3n de los pacientes, aplicando los conocimientos adquiridos. Pero, adem\u00e1s, desde el primer curso, participar\u00e1s en varias <strong>intervenciones<\/strong> y <strong>exposiciones orales<\/strong>; con lo cual, r\u00e1pidamente, mejorar\u00e1s tu <strong>oratoria<\/strong> y perder\u00e1s aquellos nervios t\u00edpicos a la hora de hablar en p\u00fablico. Sin duda, se trata de un aspecto esencial, en tu d\u00eda a d\u00eda profesional, a la hora de tratar tanto con pacientes como con profesionales del \u00e1mbito sanitario.<\/p>\n<p style=\"text-align: justify;\">En este sentido, cabe destacar que el <strong>profesorado<\/strong> de este Grado, procedente de prestigiosas universidades internacionales, tambi\u00e9n dispone de una dilataba experiencia en congresos y conferencias. Por lo tanto, ellos mejor que nadie, te ense\u00f1ar\u00e1n las mejores t\u00e9cnicas para expresarte con \u00e9xito ante una gran audiencia.<\/p>\n<p style=\"text-align: justify;\">En definitiva, durante el <strong>Grado en Fisioterapia Internacional<\/strong> se potencian tus habilidades de <strong>oratoria<\/strong> para facilitar tu incorporaci\u00f3n al mundo laboral. Adem\u00e1s, todo son ventajas; contar\u00e1s con un <strong>profesorado<\/strong> de primer nivel; podr\u00e1s hacer tus <strong>pr\u00e1cticas<\/strong> en centros de referencia en el \u00e1mbito sanitario de Catalu\u00f1a y Francia, realizar programas de movilidad <strong>ERASMUS<\/strong> y en definitiva, obtendr\u00e1s una formaci\u00f3n innovadora, \u00edntegramente en <strong>ingl\u00e9s<\/strong> que fusiona la <strong>fisioterapia<\/strong> con las <strong>nuevas tecnolog\u00edas<\/strong> del e-health, aplic\u00e1ndolas al diagn\u00f3stico, el tratamiento y la rehabilitaci\u00f3n de lesiones, garantizando una mayor adherencia por parte de los pacientes a los tratamientos.<strong>\u00a0<\/strong><\/p>\n<p style=\"text-align: justify;\">Elige un futuro profesional lleno de oportunidades; estudiando el <a href=\"https:\/\/goo.gl\/NXoPvS\"><strong>Grado en Fisioterapia Internacional<\/strong><\/a><strong>.<\/strong><\/p>\n","protected":false},"excerpt":{"rendered":"<p>Las capacidades comunicativas y de oratoria son esenciales para desarrollar y aplicar con \u00e9xito, los conocimientos adquiridos durante tus estudios universitarios al mundo laboral. Esta realidad se tiene muy en cuenta en el Grado en Fisioterapia Internacional, de la Escuela de Nuevas Tecnolog\u00edas Interactivas (ENTI-UB) y de la Escuela Universitaria de la Salud y el [&hellip;]<\/p>\n","protected":false},"author":1,"featured_media":5215,"comment_status":"closed","ping_status":"closed","sticky":false,"template":"","format":"standard","meta":{"_acf_changed":false,"inline_featured_image":false,"_joinchat":[],"footnotes":""},"categories":[1],"tags":[44],"class_list":["post-5849","post","type-post","status-publish","format-standard","has-post-thumbnail","hentry","category-sin-categorizar","tag-castellano"],"acf":[],"yoast_head":"<!-- This site is optimized with the Yoast SEO plugin v27.4 - https:\/\/yoast.com\/product\/yoast-seo-wordpress\/ -->\n<title>El Grado en Fisioterapia Internacional potencia tus habilidades comunicativas para garantizarte una mejor inserci\u00f3n laboral | EUSES - Campus de Bellvitge (Barcelona)<\/title>\n<meta name=\"robots\" content=\"index, follow, max-snippet:-1, max-image-preview:large, max-video-preview:-1\" \/>\n<link rel=\"canonical\" href=\"https:\/\/barcelona.euses.cat\/es\/el-grado-en-fisioterapia-internacional-potencia-tus-habilidades-comunicativas-para-garantizarte-una-mejor-insercion-laboral\/\" \/>\n<meta property=\"og:locale\" content=\"es_ES\" \/>\n<meta property=\"og:type\" content=\"article\" \/>\n<meta property=\"og:title\" content=\"El Grado en Fisioterapia Internacional potencia tus habilidades comunicativas para garantizarte una mejor inserci\u00f3n laboral | EUSES - Campus de Bellvitge (Barcelona)\" \/>\n<meta property=\"og:description\" content=\"Las capacidades comunicativas y de oratoria son esenciales para desarrollar y aplicar con \u00e9xito, los conocimientos adquiridos durante tus estudios universitarios al mundo laboral. Esta realidad se tiene muy en cuenta en el Grado en Fisioterapia Internacional, de la Escuela de Nuevas Tecnolog\u00edas Interactivas (ENTI-UB) y de la Escuela Universitaria de la Salud y el [&hellip;]\" \/>\n<meta property=\"og:url\" content=\"https:\/\/barcelona.euses.cat\/es\/el-grado-en-fisioterapia-internacional-potencia-tus-habilidades-comunicativas-para-garantizarte-una-mejor-insercion-laboral\/\" \/>\n<meta property=\"og:site_name\" content=\"EUSES - Campus de Bellvitge (Barcelona)\" \/>\n<meta property=\"article:publisher\" content=\"https:\/\/www.facebook.com\/PhysioBCN\/\" \/>\n<meta property=\"article:published_time\" content=\"2017-05-21T22:00:00+00:00\" \/>\n<meta property=\"og:image\" content=\"https:\/\/barcelona.euses.cat\/wp-content\/uploads\/2018\/02\/l.jpg\" \/>\n\t<meta property=\"og:image:width\" content=\"590\" \/>\n\t<meta property=\"og:image:height\" content=\"355\" \/>\n\t<meta property=\"og:image:type\" content=\"image\/jpeg\" \/>\n<meta name=\"author\" content=\"neorg\" \/>\n<meta name=\"twitter:card\" content=\"summary_large_image\" \/>\n<meta name=\"twitter:label1\" content=\"Escrito por\" \/>\n\t<meta name=\"twitter:data1\" content=\"neorg\" \/>\n\t<meta name=\"twitter:label2\" content=\"Tiempo de lectura\" \/>\n\t<meta name=\"twitter:data2\" content=\"2 minutos\" \/>\n<script type=\"application\/ld+json\" class=\"yoast-schema-graph\">{\"@context\":\"https:\\\/\\\/schema.org\",\"@graph\":[{\"@type\":\"Article\",\"@id\":\"https:\\\/\\\/barcelona.euses.cat\\\/es\\\/el-grado-en-fisioterapia-internacional-potencia-tus-habilidades-comunicativas-para-garantizarte-una-mejor-insercion-laboral\\\/#article\",\"isPartOf\":{\"@id\":\"https:\\\/\\\/barcelona.euses.cat\\\/es\\\/el-grado-en-fisioterapia-internacional-potencia-tus-habilidades-comunicativas-para-garantizarte-una-mejor-insercion-laboral\\\/\"},\"author\":{\"name\":\"neorg\",\"@id\":\"https:\\\/\\\/barcelona.euses.cat\\\/ca\\\/#\\\/schema\\\/person\\\/c3074ca9d956eacf02e41e2ff78e53ab\"},\"headline\":\"El Grado en Fisioterapia Internacional potencia tus habilidades comunicativas para garantizarte una mejor inserci\u00f3n laboral\",\"datePublished\":\"2017-05-21T22:00:00+00:00\",\"mainEntityOfPage\":{\"@id\":\"https:\\\/\\\/barcelona.euses.cat\\\/es\\\/el-grado-en-fisioterapia-internacional-potencia-tus-habilidades-comunicativas-para-garantizarte-una-mejor-insercion-laboral\\\/\"},\"wordCount\":404,\"image\":{\"@id\":\"https:\\\/\\\/barcelona.euses.cat\\\/es\\\/el-grado-en-fisioterapia-internacional-potencia-tus-habilidades-comunicativas-para-garantizarte-una-mejor-insercion-laboral\\\/#primaryimage\"},\"thumbnailUrl\":\"https:\\\/\\\/barcelona.euses.cat\\\/wp-content\\\/uploads\\\/2018\\\/02\\\/l.jpg\",\"keywords\":[\"Castellano\"],\"articleSection\":[\"Sin categorizar\"],\"inLanguage\":\"es\"},{\"@type\":\"WebPage\",\"@id\":\"https:\\\/\\\/barcelona.euses.cat\\\/es\\\/el-grado-en-fisioterapia-internacional-potencia-tus-habilidades-comunicativas-para-garantizarte-una-mejor-insercion-laboral\\\/\",\"url\":\"https:\\\/\\\/barcelona.euses.cat\\\/es\\\/el-grado-en-fisioterapia-internacional-potencia-tus-habilidades-comunicativas-para-garantizarte-una-mejor-insercion-laboral\\\/\",\"name\":\"El Grado en Fisioterapia Internacional potencia tus habilidades comunicativas para garantizarte una mejor inserci\u00f3n laboral | EUSES - Campus de Bellvitge (Barcelona)\",\"isPartOf\":{\"@id\":\"https:\\\/\\\/barcelona.euses.cat\\\/ca\\\/#website\"},\"primaryImageOfPage\":{\"@id\":\"https:\\\/\\\/barcelona.euses.cat\\\/es\\\/el-grado-en-fisioterapia-internacional-potencia-tus-habilidades-comunicativas-para-garantizarte-una-mejor-insercion-laboral\\\/#primaryimage\"},\"image\":{\"@id\":\"https:\\\/\\\/barcelona.euses.cat\\\/es\\\/el-grado-en-fisioterapia-internacional-potencia-tus-habilidades-comunicativas-para-garantizarte-una-mejor-insercion-laboral\\\/#primaryimage\"},\"thumbnailUrl\":\"https:\\\/\\\/barcelona.euses.cat\\\/wp-content\\\/uploads\\\/2018\\\/02\\\/l.jpg\",\"datePublished\":\"2017-05-21T22:00:00+00:00\",\"author\":{\"@id\":\"https:\\\/\\\/barcelona.euses.cat\\\/ca\\\/#\\\/schema\\\/person\\\/c3074ca9d956eacf02e41e2ff78e53ab\"},\"breadcrumb\":{\"@id\":\"https:\\\/\\\/barcelona.euses.cat\\\/es\\\/el-grado-en-fisioterapia-internacional-potencia-tus-habilidades-comunicativas-para-garantizarte-una-mejor-insercion-laboral\\\/#breadcrumb\"},\"inLanguage\":\"es\",\"potentialAction\":[{\"@type\":\"ReadAction\",\"target\":[\"https:\\\/\\\/barcelona.euses.cat\\\/es\\\/el-grado-en-fisioterapia-internacional-potencia-tus-habilidades-comunicativas-para-garantizarte-una-mejor-insercion-laboral\\\/\"]}]},{\"@type\":\"ImageObject\",\"inLanguage\":\"es\",\"@id\":\"https:\\\/\\\/barcelona.euses.cat\\\/es\\\/el-grado-en-fisioterapia-internacional-potencia-tus-habilidades-comunicativas-para-garantizarte-una-mejor-insercion-laboral\\\/#primaryimage\",\"url\":\"https:\\\/\\\/barcelona.euses.cat\\\/wp-content\\\/uploads\\\/2018\\\/02\\\/l.jpg\",\"contentUrl\":\"https:\\\/\\\/barcelona.euses.cat\\\/wp-content\\\/uploads\\\/2018\\\/02\\\/l.jpg\",\"width\":590,\"height\":355},{\"@type\":\"BreadcrumbList\",\"@id\":\"https:\\\/\\\/barcelona.euses.cat\\\/es\\\/el-grado-en-fisioterapia-internacional-potencia-tus-habilidades-comunicativas-para-garantizarte-una-mejor-insercion-laboral\\\/#breadcrumb\",\"itemListElement\":[{\"@type\":\"ListItem\",\"position\":1,\"name\":\"Portada\",\"item\":\"https:\\\/\\\/barcelona.euses.cat\\\/es\\\/\"},{\"@type\":\"ListItem\",\"position\":2,\"name\":\"El Grado en Fisioterapia Internacional potencia tus habilidades comunicativas para garantizarte una mejor inserci\u00f3n laboral\"}]},{\"@type\":\"WebSite\",\"@id\":\"https:\\\/\\\/barcelona.euses.cat\\\/ca\\\/#website\",\"url\":\"https:\\\/\\\/barcelona.euses.cat\\\/ca\\\/\",\"name\":\"EUSES - Campus de Bellvitge (Barcelona)\",\"description\":\"EUSES, Escuela Universitaria de Fisioterapia Internacional en Barcelona\",\"potentialAction\":[{\"@type\":\"SearchAction\",\"target\":{\"@type\":\"EntryPoint\",\"urlTemplate\":\"https:\\\/\\\/barcelona.euses.cat\\\/ca\\\/?s={search_term_string}\"},\"query-input\":{\"@type\":\"PropertyValueSpecification\",\"valueRequired\":true,\"valueName\":\"search_term_string\"}}],\"inLanguage\":\"es\"},{\"@type\":\"Person\",\"@id\":\"https:\\\/\\\/barcelona.euses.cat\\\/ca\\\/#\\\/schema\\\/person\\\/c3074ca9d956eacf02e41e2ff78e53ab\",\"name\":\"neorg\",\"image\":{\"@type\":\"ImageObject\",\"inLanguage\":\"es\",\"@id\":\"https:\\\/\\\/secure.gravatar.com\\\/avatar\\\/709d3d8015183afa7401c02e2291a538cbfd4ffe62f4d86ce5f4871f22e86b09?s=96&d=mm&r=g\",\"url\":\"https:\\\/\\\/secure.gravatar.com\\\/avatar\\\/709d3d8015183afa7401c02e2291a538cbfd4ffe62f4d86ce5f4871f22e86b09?s=96&d=mm&r=g\",\"contentUrl\":\"https:\\\/\\\/secure.gravatar.com\\\/avatar\\\/709d3d8015183afa7401c02e2291a538cbfd4ffe62f4d86ce5f4871f22e86b09?s=96&d=mm&r=g\",\"caption\":\"neorg\"},\"url\":\"https:\\\/\\\/barcelona.euses.cat\\\/es\\\/author\\\/neorg\\\/\"}]}<\/script>\n<!-- \/ Yoast SEO plugin. -->","yoast_head_json":{"title":"El Grado en Fisioterapia Internacional potencia tus habilidades comunicativas para garantizarte una mejor inserci\u00f3n laboral | EUSES - Campus de Bellvitge (Barcelona)","robots":{"index":"index","follow":"follow","max-snippet":"max-snippet:-1","max-image-preview":"max-image-preview:large","max-video-preview":"max-video-preview:-1"},"canonical":"https:\/\/barcelona.euses.cat\/es\/el-grado-en-fisioterapia-internacional-potencia-tus-habilidades-comunicativas-para-garantizarte-una-mejor-insercion-laboral\/","og_locale":"es_ES","og_type":"article","og_title":"El Grado en Fisioterapia Internacional potencia tus habilidades comunicativas para garantizarte una mejor inserci\u00f3n laboral | EUSES - Campus de Bellvitge (Barcelona)","og_description":"Las capacidades comunicativas y de oratoria son esenciales para desarrollar y aplicar con \u00e9xito, los conocimientos adquiridos durante tus estudios universitarios al mundo laboral. Esta realidad se tiene muy en cuenta en el Grado en Fisioterapia Internacional, de la Escuela de Nuevas Tecnolog\u00edas Interactivas (ENTI-UB) y de la Escuela Universitaria de la Salud y el [&hellip;]","og_url":"https:\/\/barcelona.euses.cat\/es\/el-grado-en-fisioterapia-internacional-potencia-tus-habilidades-comunicativas-para-garantizarte-una-mejor-insercion-laboral\/","og_site_name":"EUSES - Campus de Bellvitge (Barcelona)","article_publisher":"https:\/\/www.facebook.com\/PhysioBCN\/","article_published_time":"2017-05-21T22:00:00+00:00","og_image":[{"width":590,"height":355,"url":"https:\/\/barcelona.euses.cat\/wp-content\/uploads\/2018\/02\/l.jpg","type":"image\/jpeg"}],"author":"neorg","twitter_card":"summary_large_image","twitter_misc":{"Escrito por":"neorg","Tiempo de lectura":"2 minutos"},"schema":{"@context":"https:\/\/schema.org","@graph":[{"@type":"Article","@id":"https:\/\/barcelona.euses.cat\/es\/el-grado-en-fisioterapia-internacional-potencia-tus-habilidades-comunicativas-para-garantizarte-una-mejor-insercion-laboral\/#article","isPartOf":{"@id":"https:\/\/barcelona.euses.cat\/es\/el-grado-en-fisioterapia-internacional-potencia-tus-habilidades-comunicativas-para-garantizarte-una-mejor-insercion-laboral\/"},"author":{"name":"neorg","@id":"https:\/\/barcelona.euses.cat\/ca\/#\/schema\/person\/c3074ca9d956eacf02e41e2ff78e53ab"},"headline":"El Grado en Fisioterapia Internacional potencia tus habilidades comunicativas para garantizarte una mejor inserci\u00f3n laboral","datePublished":"2017-05-21T22:00:00+00:00","mainEntityOfPage":{"@id":"https:\/\/barcelona.euses.cat\/es\/el-grado-en-fisioterapia-internacional-potencia-tus-habilidades-comunicativas-para-garantizarte-una-mejor-insercion-laboral\/"},"wordCount":404,"image":{"@id":"https:\/\/barcelona.euses.cat\/es\/el-grado-en-fisioterapia-internacional-potencia-tus-habilidades-comunicativas-para-garantizarte-una-mejor-insercion-laboral\/#primaryimage"},"thumbnailUrl":"https:\/\/barcelona.euses.cat\/wp-content\/uploads\/2018\/02\/l.jpg","keywords":["Castellano"],"articleSection":["Sin categorizar"],"inLanguage":"es"},{"@type":"WebPage","@id":"https:\/\/barcelona.euses.cat\/es\/el-grado-en-fisioterapia-internacional-potencia-tus-habilidades-comunicativas-para-garantizarte-una-mejor-insercion-laboral\/","url":"https:\/\/barcelona.euses.cat\/es\/el-grado-en-fisioterapia-internacional-potencia-tus-habilidades-comunicativas-para-garantizarte-una-mejor-insercion-laboral\/","name":"El Grado en Fisioterapia Internacional potencia tus habilidades comunicativas para garantizarte una mejor inserci\u00f3n laboral | EUSES - Campus de Bellvitge (Barcelona)","isPartOf":{"@id":"https:\/\/barcelona.euses.cat\/ca\/#website"},"primaryImageOfPage":{"@id":"https:\/\/barcelona.euses.cat\/es\/el-grado-en-fisioterapia-internacional-potencia-tus-habilidades-comunicativas-para-garantizarte-una-mejor-insercion-laboral\/#primaryimage"},"image":{"@id":"https:\/\/barcelona.euses.cat\/es\/el-grado-en-fisioterapia-internacional-potencia-tus-habilidades-comunicativas-para-garantizarte-una-mejor-insercion-laboral\/#primaryimage"},"thumbnailUrl":"https:\/\/barcelona.euses.cat\/wp-content\/uploads\/2018\/02\/l.jpg","datePublished":"2017-05-21T22:00:00+00:00","author":{"@id":"https:\/\/barcelona.euses.cat\/ca\/#\/schema\/person\/c3074ca9d956eacf02e41e2ff78e53ab"},"breadcrumb":{"@id":"https:\/\/barcelona.euses.cat\/es\/el-grado-en-fisioterapia-internacional-potencia-tus-habilidades-comunicativas-para-garantizarte-una-mejor-insercion-laboral\/#breadcrumb"},"inLanguage":"es","potentialAction":[{"@type":"ReadAction","target":["https:\/\/barcelona.euses.cat\/es\/el-grado-en-fisioterapia-internacional-potencia-tus-habilidades-comunicativas-para-garantizarte-una-mejor-insercion-laboral\/"]}]},{"@type":"ImageObject","inLanguage":"es","@id":"https:\/\/barcelona.euses.cat\/es\/el-grado-en-fisioterapia-internacional-potencia-tus-habilidades-comunicativas-para-garantizarte-una-mejor-insercion-laboral\/#primaryimage","url":"https:\/\/barcelona.euses.cat\/wp-content\/uploads\/2018\/02\/l.jpg","contentUrl":"https:\/\/barcelona.euses.cat\/wp-content\/uploads\/2018\/02\/l.jpg","width":590,"height":355},{"@type":"BreadcrumbList","@id":"https:\/\/barcelona.euses.cat\/es\/el-grado-en-fisioterapia-internacional-potencia-tus-habilidades-comunicativas-para-garantizarte-una-mejor-insercion-laboral\/#breadcrumb","itemListElement":[{"@type":"ListItem","position":1,"name":"Portada","item":"https:\/\/barcelona.euses.cat\/es\/"},{"@type":"ListItem","position":2,"name":"El Grado en Fisioterapia Internacional potencia tus habilidades comunicativas para garantizarte una mejor inserci\u00f3n laboral"}]},{"@type":"WebSite","@id":"https:\/\/barcelona.euses.cat\/ca\/#website","url":"https:\/\/barcelona.euses.cat\/ca\/","name":"EUSES - Campus de Bellvitge (Barcelona)","description":"EUSES, Escuela Universitaria de Fisioterapia Internacional en Barcelona","potentialAction":[{"@type":"SearchAction","target":{"@type":"EntryPoint","urlTemplate":"https:\/\/barcelona.euses.cat\/ca\/?s={search_term_string}"},"query-input":{"@type":"PropertyValueSpecification","valueRequired":true,"valueName":"search_term_string"}}],"inLanguage":"es"},{"@type":"Person","@id":"https:\/\/barcelona.euses.cat\/ca\/#\/schema\/person\/c3074ca9d956eacf02e41e2ff78e53ab","name":"neorg","image":{"@type":"ImageObject","inLanguage":"es","@id":"https:\/\/secure.gravatar.com\/avatar\/709d3d8015183afa7401c02e2291a538cbfd4ffe62f4d86ce5f4871f22e86b09?s=96&d=mm&r=g","url":"https:\/\/secure.gravatar.com\/avatar\/709d3d8015183afa7401c02e2291a538cbfd4ffe62f4d86ce5f4871f22e86b09?s=96&d=mm&r=g","contentUrl":"https:\/\/secure.gravatar.com\/avatar\/709d3d8015183afa7401c02e2291a538cbfd4ffe62f4d86ce5f4871f22e86b09?s=96&d=mm&r=g","caption":"neorg"},"url":"https:\/\/barcelona.euses.cat\/es\/author\/neorg\/"}]}},"_links":{"self":[{"href":"https:\/\/barcelona.euses.cat\/es\/wp-json\/wp\/v2\/posts\/5849","targetHints":{"allow":["GET"]}}],"collection":[{"href":"https:\/\/barcelona.euses.cat\/es\/wp-json\/wp\/v2\/posts"}],"about":[{"href":"https:\/\/barcelona.euses.cat\/es\/wp-json\/wp\/v2\/types\/post"}],"author":[{"embeddable":true,"href":"https:\/\/barcelona.euses.cat\/es\/wp-json\/wp\/v2\/users\/1"}],"replies":[{"embeddable":true,"href":"https:\/\/barcelona.euses.cat\/es\/wp-json\/wp\/v2\/comments?post=5849"}],"version-history":[{"count":0,"href":"https:\/\/barcelona.euses.cat\/es\/wp-json\/wp\/v2\/posts\/5849\/revisions"}],"wp:featuredmedia":[{"embeddable":true,"href":"https:\/\/barcelona.euses.cat\/es\/wp-json\/wp\/v2\/media\/5215"}],"wp:attachment":[{"href":"https:\/\/barcelona.euses.cat\/es\/wp-json\/wp\/v2\/media?parent=5849"}],"wp:term":[{"taxonomy":"category","embeddable":true,"href":"https:\/\/barcelona.euses.cat\/es\/wp-json\/wp\/v2\/categories?post=5849"},{"taxonomy":"post_tag","embeddable":true,"href":"https:\/\/barcelona.euses.cat\/es\/wp-json\/wp\/v2\/tags?post=5849"}],"curies":[{"name":"wp","href":"https:\/\/api.w.org\/{rel}","templated":true}]}}