{"id":5844,"date":"2017-05-25T00:00:00","date_gmt":"2017-05-24T22:00:00","guid":{"rendered":"http:\/\/eusesbarcelona.neorgvirtual.com\/functional-decline-in-nursing-home-residents-a-prognostic-study-un-estudi-dinvestigacio-del-professor-i-coordinador-del-grau-en-fisioterapia-internacional-javier-jerez\/"},"modified":"2019-03-01T13:56:15","modified_gmt":"2019-03-01T12:56:15","slug":"functional-decline-in-nursing-home-residents-a-prognostic-study-un-estudio-de-investigacion-del-profesor-y-coordinador-del-grado-en-fisioterapia-internacional-javier-jerez","status":"publish","type":"post","link":"https:\/\/barcelona.euses.cat\/es\/functional-decline-in-nursing-home-residents-a-prognostic-study-un-estudio-de-investigacion-del-profesor-y-coordinador-del-grado-en-fisioterapia-internacional-javier-jerez\/","title":{"rendered":"\u2018Functional decline in nursing home residents: A prognostic study\u2019, un estudio de investigaci\u00f3n del profesor y Coordinador del Grado en Fisioterapia Internacional, Javier Jerez"},"content":{"rendered":"<p>El \u00e1mbito de la <strong>investigaci\u00f3n<\/strong> tiene un peso muy importante en el <strong>Grado en Fisioterapia Internacional de EUSES-UdG y ENTI-UB<\/strong>. La mayor\u00eda del equipo docente combina la docencia con la pr\u00e1ctica cl\u00ednica y la tarea investigadora. El <strong>Coordinador y Doctor en Salud P\u00fablica<\/strong>, <strong>Javier Jerez<\/strong>\u00a0 es un buen ejemplo.<\/p>\n<p><strong>Jerez<\/strong> ha participado en el estudio titulado: <strong>\u2018<\/strong><a href=\"https:\/\/goo.gl\/YJH89b\"><strong>Functional decline in nursing home residents: A prognostic study\u2019<\/strong><\/a>. Se trata de un an\u00e1lisis longitudinal de dos a\u00f1os realizado en <strong>Brasil<\/strong>, mientras el profesor se estaba doctorando. El <strong>p\u00fablico objetivo<\/strong> fueron <strong>personas de edad avanzada<\/strong>, procedente de 10 residencias geri\u00e1tricas, en total participaron 280 personas. La metodolog\u00eda aplicada consisti\u00f3 en valorar, cada seis meses, la funcionalidad de estas personas en relaci\u00f3n a las <strong>actividades b\u00e1sicas<\/strong> de la vida diaria como: comer, la higiene personal, ducharse, desplazarse o andar, evalu\u00e1ndolas con el <strong>\u00edndice Barthel<\/strong>, una herramienta empleada para la <strong>valoraci\u00f3n funcional<\/strong> de un paciente y su rehabilitaci\u00f3n.<\/p>\n<p>El resultado obtenido fue que el <strong>56% de los pacientes<\/strong> sufr\u00edan un <strong>declive funcional<\/strong>, a lo largo de estos dos a\u00f1os. Es decir, que m\u00e1s de la mitad empeoraban. El estudio tambi\u00e9n identifica tres <strong>factores previos<\/strong> que influyen en esta p\u00e9rdida de autonom\u00eda:<\/p>\n<p>En primer lugar, influye el <strong>estado cognitivo inicial<\/strong> del paciente. Se pudo comprobar que, en casos de demencia, se agravaba m\u00e1s el riesgo de sufrir un declive funcional. Otro factor fue la recurrencia de los <strong>ingresos hospitalarios<\/strong> y finalmente, los problemas de <strong>incontinencia<\/strong>. Sin duda, las personas con este tipo de problemas previos, experimentaban un mayor empeoramiento de su salud.<\/p>\n<p>Este <strong>estudio<\/strong> es la segunda parte de <a href=\"https:\/\/goo.gl\/QOfpT1\"><strong>\u2018Dynamics of activities of daily living performance in institutionalized older adults: A two-year longitudinal study\u2019<\/strong><\/a>, tambi\u00e9n publicado por el profesor y Coordinador de Grau, <strong>Javier Jerez<\/strong>. Finalmente, hay que destacar que <strong>\u2018Functional decline in nursing home residents: A prognostic study\u2019 <\/strong>se ha publicado en la prestigiosa revista, <a href=\"https:\/\/goo.gl\/YJH89b\"><strong>Plos One<\/strong><\/a>, especializada en medicina y salud.<\/p>\n","protected":false},"excerpt":{"rendered":"<p>El \u00e1mbito de la investigaci\u00f3n tiene un peso muy importante en el Grado en Fisioterapia Internacional de EUSES-UdG y ENTI-UB. La mayor\u00eda del equipo docente combina la docencia con la pr\u00e1ctica cl\u00ednica y la tarea investigadora. El Coordinador y Doctor en Salud P\u00fablica, Javier Jerez\u00a0 es un buen ejemplo. Jerez ha participado en el estudio [&hellip;]<\/p>\n","protected":false},"author":1,"featured_media":5308,"comment_status":"closed","ping_status":"closed","sticky":false,"template":"","format":"standard","meta":{"_acf_changed":false,"inline_featured_image":false,"_joinchat":[],"footnotes":""},"categories":[1],"tags":[44],"class_list":["post-5844","post","type-post","status-publish","format-standard","has-post-thumbnail","hentry","category-sin-categorizar","tag-castellano"],"acf":[],"yoast_head":"<!-- This site is optimized with the Yoast SEO plugin v27.4 - https:\/\/yoast.com\/product\/yoast-seo-wordpress\/ -->\n<title>\u2018Functional decline in nursing home residents: A prognostic study\u2019, un estudio de investigaci\u00f3n del profesor y Coordinador del Grado en Fisioterapia Internacional, Javier Jerez | EUSES - Campus de Bellvitge (Barcelona)<\/title>\n<meta name=\"robots\" content=\"index, follow, max-snippet:-1, max-image-preview:large, max-video-preview:-1\" \/>\n<link rel=\"canonical\" href=\"https:\/\/barcelona.euses.cat\/es\/functional-decline-in-nursing-home-residents-a-prognostic-study-un-estudio-de-investigacion-del-profesor-y-coordinador-del-grado-en-fisioterapia-internacional-javier-jerez\/\" \/>\n<meta property=\"og:locale\" content=\"es_ES\" \/>\n<meta property=\"og:type\" content=\"article\" \/>\n<meta property=\"og:title\" content=\"\u2018Functional decline in nursing home residents: A prognostic study\u2019, un estudio de investigaci\u00f3n del profesor y Coordinador del Grado en Fisioterapia Internacional, Javier Jerez | EUSES - Campus de Bellvitge (Barcelona)\" \/>\n<meta property=\"og:description\" content=\"El \u00e1mbito de la investigaci\u00f3n tiene un peso muy importante en el Grado en Fisioterapia Internacional de EUSES-UdG y ENTI-UB. La mayor\u00eda del equipo docente combina la docencia con la pr\u00e1ctica cl\u00ednica y la tarea investigadora. El Coordinador y Doctor en Salud P\u00fablica, Javier Jerez\u00a0 es un buen ejemplo. Jerez ha participado en el estudio [&hellip;]\" \/>\n<meta property=\"og:url\" content=\"https:\/\/barcelona.euses.cat\/es\/functional-decline-in-nursing-home-residents-a-prognostic-study-un-estudio-de-investigacion-del-profesor-y-coordinador-del-grado-en-fisioterapia-internacional-javier-jerez\/\" \/>\n<meta property=\"og:site_name\" content=\"EUSES - Campus de Bellvitge (Barcelona)\" \/>\n<meta property=\"article:publisher\" content=\"https:\/\/www.facebook.com\/PhysioBCN\/\" \/>\n<meta property=\"article:published_time\" content=\"2017-05-24T22:00:00+00:00\" \/>\n<meta property=\"article:modified_time\" content=\"2019-03-01T12:56:15+00:00\" \/>\n<meta property=\"og:image\" content=\"https:\/\/barcelona.euses.cat\/wp-content\/uploads\/2018\/02\/physiotherapybarcelona-Fintional-Decline-noticia3.jpg\" \/>\n\t<meta property=\"og:image:width\" content=\"737\" \/>\n\t<meta property=\"og:image:height\" content=\"415\" \/>\n\t<meta property=\"og:image:type\" content=\"image\/jpeg\" \/>\n<meta name=\"author\" content=\"neorg\" \/>\n<meta name=\"twitter:card\" content=\"summary_large_image\" \/>\n<meta name=\"twitter:label1\" content=\"Escrito por\" \/>\n\t<meta name=\"twitter:data1\" content=\"neorg\" \/>\n\t<meta name=\"twitter:label2\" content=\"Tiempo de lectura\" \/>\n\t<meta name=\"twitter:data2\" content=\"2 minutos\" \/>\n<script type=\"application\/ld+json\" class=\"yoast-schema-graph\">{\"@context\":\"https:\\\/\\\/schema.org\",\"@graph\":[{\"@type\":\"Article\",\"@id\":\"https:\\\/\\\/barcelona.euses.cat\\\/es\\\/functional-decline-in-nursing-home-residents-a-prognostic-study-un-estudio-de-investigacion-del-profesor-y-coordinador-del-grado-en-fisioterapia-internacional-javier-jerez\\\/#article\",\"isPartOf\":{\"@id\":\"https:\\\/\\\/barcelona.euses.cat\\\/es\\\/functional-decline-in-nursing-home-residents-a-prognostic-study-un-estudio-de-investigacion-del-profesor-y-coordinador-del-grado-en-fisioterapia-internacional-javier-jerez\\\/\"},\"author\":{\"name\":\"neorg\",\"@id\":\"https:\\\/\\\/barcelona.euses.cat\\\/ca\\\/#\\\/schema\\\/person\\\/c3074ca9d956eacf02e41e2ff78e53ab\"},\"headline\":\"\u2018Functional decline in nursing home residents: A prognostic study\u2019, un estudio de investigaci\u00f3n del profesor y Coordinador del Grado en Fisioterapia Internacional, Javier Jerez\",\"datePublished\":\"2017-05-24T22:00:00+00:00\",\"dateModified\":\"2019-03-01T12:56:15+00:00\",\"mainEntityOfPage\":{\"@id\":\"https:\\\/\\\/barcelona.euses.cat\\\/es\\\/functional-decline-in-nursing-home-residents-a-prognostic-study-un-estudio-de-investigacion-del-profesor-y-coordinador-del-grado-en-fisioterapia-internacional-javier-jerez\\\/\"},\"wordCount\":361,\"image\":{\"@id\":\"https:\\\/\\\/barcelona.euses.cat\\\/es\\\/functional-decline-in-nursing-home-residents-a-prognostic-study-un-estudio-de-investigacion-del-profesor-y-coordinador-del-grado-en-fisioterapia-internacional-javier-jerez\\\/#primaryimage\"},\"thumbnailUrl\":\"https:\\\/\\\/barcelona.euses.cat\\\/wp-content\\\/uploads\\\/2018\\\/02\\\/physiotherapybarcelona-Fintional-Decline-noticia3.jpg\",\"keywords\":[\"Castellano\"],\"articleSection\":[\"Sin categorizar\"],\"inLanguage\":\"es\"},{\"@type\":\"WebPage\",\"@id\":\"https:\\\/\\\/barcelona.euses.cat\\\/es\\\/functional-decline-in-nursing-home-residents-a-prognostic-study-un-estudio-de-investigacion-del-profesor-y-coordinador-del-grado-en-fisioterapia-internacional-javier-jerez\\\/\",\"url\":\"https:\\\/\\\/barcelona.euses.cat\\\/es\\\/functional-decline-in-nursing-home-residents-a-prognostic-study-un-estudio-de-investigacion-del-profesor-y-coordinador-del-grado-en-fisioterapia-internacional-javier-jerez\\\/\",\"name\":\"\u2018Functional decline in nursing home residents: A prognostic study\u2019, un estudio de investigaci\u00f3n del profesor y Coordinador del Grado en Fisioterapia Internacional, Javier Jerez | EUSES - Campus de Bellvitge (Barcelona)\",\"isPartOf\":{\"@id\":\"https:\\\/\\\/barcelona.euses.cat\\\/ca\\\/#website\"},\"primaryImageOfPage\":{\"@id\":\"https:\\\/\\\/barcelona.euses.cat\\\/es\\\/functional-decline-in-nursing-home-residents-a-prognostic-study-un-estudio-de-investigacion-del-profesor-y-coordinador-del-grado-en-fisioterapia-internacional-javier-jerez\\\/#primaryimage\"},\"image\":{\"@id\":\"https:\\\/\\\/barcelona.euses.cat\\\/es\\\/functional-decline-in-nursing-home-residents-a-prognostic-study-un-estudio-de-investigacion-del-profesor-y-coordinador-del-grado-en-fisioterapia-internacional-javier-jerez\\\/#primaryimage\"},\"thumbnailUrl\":\"https:\\\/\\\/barcelona.euses.cat\\\/wp-content\\\/uploads\\\/2018\\\/02\\\/physiotherapybarcelona-Fintional-Decline-noticia3.jpg\",\"datePublished\":\"2017-05-24T22:00:00+00:00\",\"dateModified\":\"2019-03-01T12:56:15+00:00\",\"author\":{\"@id\":\"https:\\\/\\\/barcelona.euses.cat\\\/ca\\\/#\\\/schema\\\/person\\\/c3074ca9d956eacf02e41e2ff78e53ab\"},\"breadcrumb\":{\"@id\":\"https:\\\/\\\/barcelona.euses.cat\\\/es\\\/functional-decline-in-nursing-home-residents-a-prognostic-study-un-estudio-de-investigacion-del-profesor-y-coordinador-del-grado-en-fisioterapia-internacional-javier-jerez\\\/#breadcrumb\"},\"inLanguage\":\"es\",\"potentialAction\":[{\"@type\":\"ReadAction\",\"target\":[\"https:\\\/\\\/barcelona.euses.cat\\\/es\\\/functional-decline-in-nursing-home-residents-a-prognostic-study-un-estudio-de-investigacion-del-profesor-y-coordinador-del-grado-en-fisioterapia-internacional-javier-jerez\\\/\"]}]},{\"@type\":\"ImageObject\",\"inLanguage\":\"es\",\"@id\":\"https:\\\/\\\/barcelona.euses.cat\\\/es\\\/functional-decline-in-nursing-home-residents-a-prognostic-study-un-estudio-de-investigacion-del-profesor-y-coordinador-del-grado-en-fisioterapia-internacional-javier-jerez\\\/#primaryimage\",\"url\":\"https:\\\/\\\/barcelona.euses.cat\\\/wp-content\\\/uploads\\\/2018\\\/02\\\/physiotherapybarcelona-Fintional-Decline-noticia3.jpg\",\"contentUrl\":\"https:\\\/\\\/barcelona.euses.cat\\\/wp-content\\\/uploads\\\/2018\\\/02\\\/physiotherapybarcelona-Fintional-Decline-noticia3.jpg\",\"width\":737,\"height\":415},{\"@type\":\"BreadcrumbList\",\"@id\":\"https:\\\/\\\/barcelona.euses.cat\\\/es\\\/functional-decline-in-nursing-home-residents-a-prognostic-study-un-estudio-de-investigacion-del-profesor-y-coordinador-del-grado-en-fisioterapia-internacional-javier-jerez\\\/#breadcrumb\",\"itemListElement\":[{\"@type\":\"ListItem\",\"position\":1,\"name\":\"Portada\",\"item\":\"https:\\\/\\\/barcelona.euses.cat\\\/es\\\/\"},{\"@type\":\"ListItem\",\"position\":2,\"name\":\"\u2018Functional decline in nursing home residents: A prognostic study\u2019, un estudio de investigaci\u00f3n del profesor y Coordinador del Grado en Fisioterapia Internacional, Javier Jerez\"}]},{\"@type\":\"WebSite\",\"@id\":\"https:\\\/\\\/barcelona.euses.cat\\\/ca\\\/#website\",\"url\":\"https:\\\/\\\/barcelona.euses.cat\\\/ca\\\/\",\"name\":\"EUSES - Campus de Bellvitge (Barcelona)\",\"description\":\"EUSES, Escuela Universitaria de Fisioterapia Internacional en Barcelona\",\"potentialAction\":[{\"@type\":\"SearchAction\",\"target\":{\"@type\":\"EntryPoint\",\"urlTemplate\":\"https:\\\/\\\/barcelona.euses.cat\\\/ca\\\/?s={search_term_string}\"},\"query-input\":{\"@type\":\"PropertyValueSpecification\",\"valueRequired\":true,\"valueName\":\"search_term_string\"}}],\"inLanguage\":\"es\"},{\"@type\":\"Person\",\"@id\":\"https:\\\/\\\/barcelona.euses.cat\\\/ca\\\/#\\\/schema\\\/person\\\/c3074ca9d956eacf02e41e2ff78e53ab\",\"name\":\"neorg\",\"image\":{\"@type\":\"ImageObject\",\"inLanguage\":\"es\",\"@id\":\"https:\\\/\\\/secure.gravatar.com\\\/avatar\\\/709d3d8015183afa7401c02e2291a538cbfd4ffe62f4d86ce5f4871f22e86b09?s=96&d=mm&r=g\",\"url\":\"https:\\\/\\\/secure.gravatar.com\\\/avatar\\\/709d3d8015183afa7401c02e2291a538cbfd4ffe62f4d86ce5f4871f22e86b09?s=96&d=mm&r=g\",\"contentUrl\":\"https:\\\/\\\/secure.gravatar.com\\\/avatar\\\/709d3d8015183afa7401c02e2291a538cbfd4ffe62f4d86ce5f4871f22e86b09?s=96&d=mm&r=g\",\"caption\":\"neorg\"},\"url\":\"https:\\\/\\\/barcelona.euses.cat\\\/es\\\/author\\\/neorg\\\/\"}]}<\/script>\n<!-- \/ Yoast SEO plugin. -->","yoast_head_json":{"title":"\u2018Functional decline in nursing home residents: A prognostic study\u2019, un estudio de investigaci\u00f3n del profesor y Coordinador del Grado en Fisioterapia Internacional, Javier Jerez | EUSES - Campus de Bellvitge (Barcelona)","robots":{"index":"index","follow":"follow","max-snippet":"max-snippet:-1","max-image-preview":"max-image-preview:large","max-video-preview":"max-video-preview:-1"},"canonical":"https:\/\/barcelona.euses.cat\/es\/functional-decline-in-nursing-home-residents-a-prognostic-study-un-estudio-de-investigacion-del-profesor-y-coordinador-del-grado-en-fisioterapia-internacional-javier-jerez\/","og_locale":"es_ES","og_type":"article","og_title":"\u2018Functional decline in nursing home residents: A prognostic study\u2019, un estudio de investigaci\u00f3n del profesor y Coordinador del Grado en Fisioterapia Internacional, Javier Jerez | EUSES - Campus de Bellvitge (Barcelona)","og_description":"El \u00e1mbito de la investigaci\u00f3n tiene un peso muy importante en el Grado en Fisioterapia Internacional de EUSES-UdG y ENTI-UB. La mayor\u00eda del equipo docente combina la docencia con la pr\u00e1ctica cl\u00ednica y la tarea investigadora. El Coordinador y Doctor en Salud P\u00fablica, Javier Jerez\u00a0 es un buen ejemplo. Jerez ha participado en el estudio [&hellip;]","og_url":"https:\/\/barcelona.euses.cat\/es\/functional-decline-in-nursing-home-residents-a-prognostic-study-un-estudio-de-investigacion-del-profesor-y-coordinador-del-grado-en-fisioterapia-internacional-javier-jerez\/","og_site_name":"EUSES - Campus de Bellvitge (Barcelona)","article_publisher":"https:\/\/www.facebook.com\/PhysioBCN\/","article_published_time":"2017-05-24T22:00:00+00:00","article_modified_time":"2019-03-01T12:56:15+00:00","og_image":[{"width":737,"height":415,"url":"https:\/\/barcelona.euses.cat\/wp-content\/uploads\/2018\/02\/physiotherapybarcelona-Fintional-Decline-noticia3.jpg","type":"image\/jpeg"}],"author":"neorg","twitter_card":"summary_large_image","twitter_misc":{"Escrito por":"neorg","Tiempo de lectura":"2 minutos"},"schema":{"@context":"https:\/\/schema.org","@graph":[{"@type":"Article","@id":"https:\/\/barcelona.euses.cat\/es\/functional-decline-in-nursing-home-residents-a-prognostic-study-un-estudio-de-investigacion-del-profesor-y-coordinador-del-grado-en-fisioterapia-internacional-javier-jerez\/#article","isPartOf":{"@id":"https:\/\/barcelona.euses.cat\/es\/functional-decline-in-nursing-home-residents-a-prognostic-study-un-estudio-de-investigacion-del-profesor-y-coordinador-del-grado-en-fisioterapia-internacional-javier-jerez\/"},"author":{"name":"neorg","@id":"https:\/\/barcelona.euses.cat\/ca\/#\/schema\/person\/c3074ca9d956eacf02e41e2ff78e53ab"},"headline":"\u2018Functional decline in nursing home residents: A prognostic study\u2019, un estudio de investigaci\u00f3n del profesor y Coordinador del Grado en Fisioterapia Internacional, Javier Jerez","datePublished":"2017-05-24T22:00:00+00:00","dateModified":"2019-03-01T12:56:15+00:00","mainEntityOfPage":{"@id":"https:\/\/barcelona.euses.cat\/es\/functional-decline-in-nursing-home-residents-a-prognostic-study-un-estudio-de-investigacion-del-profesor-y-coordinador-del-grado-en-fisioterapia-internacional-javier-jerez\/"},"wordCount":361,"image":{"@id":"https:\/\/barcelona.euses.cat\/es\/functional-decline-in-nursing-home-residents-a-prognostic-study-un-estudio-de-investigacion-del-profesor-y-coordinador-del-grado-en-fisioterapia-internacional-javier-jerez\/#primaryimage"},"thumbnailUrl":"https:\/\/barcelona.euses.cat\/wp-content\/uploads\/2018\/02\/physiotherapybarcelona-Fintional-Decline-noticia3.jpg","keywords":["Castellano"],"articleSection":["Sin categorizar"],"inLanguage":"es"},{"@type":"WebPage","@id":"https:\/\/barcelona.euses.cat\/es\/functional-decline-in-nursing-home-residents-a-prognostic-study-un-estudio-de-investigacion-del-profesor-y-coordinador-del-grado-en-fisioterapia-internacional-javier-jerez\/","url":"https:\/\/barcelona.euses.cat\/es\/functional-decline-in-nursing-home-residents-a-prognostic-study-un-estudio-de-investigacion-del-profesor-y-coordinador-del-grado-en-fisioterapia-internacional-javier-jerez\/","name":"\u2018Functional decline in nursing home residents: A prognostic study\u2019, un estudio de investigaci\u00f3n del profesor y Coordinador del Grado en Fisioterapia Internacional, Javier Jerez | EUSES - Campus de Bellvitge (Barcelona)","isPartOf":{"@id":"https:\/\/barcelona.euses.cat\/ca\/#website"},"primaryImageOfPage":{"@id":"https:\/\/barcelona.euses.cat\/es\/functional-decline-in-nursing-home-residents-a-prognostic-study-un-estudio-de-investigacion-del-profesor-y-coordinador-del-grado-en-fisioterapia-internacional-javier-jerez\/#primaryimage"},"image":{"@id":"https:\/\/barcelona.euses.cat\/es\/functional-decline-in-nursing-home-residents-a-prognostic-study-un-estudio-de-investigacion-del-profesor-y-coordinador-del-grado-en-fisioterapia-internacional-javier-jerez\/#primaryimage"},"thumbnailUrl":"https:\/\/barcelona.euses.cat\/wp-content\/uploads\/2018\/02\/physiotherapybarcelona-Fintional-Decline-noticia3.jpg","datePublished":"2017-05-24T22:00:00+00:00","dateModified":"2019-03-01T12:56:15+00:00","author":{"@id":"https:\/\/barcelona.euses.cat\/ca\/#\/schema\/person\/c3074ca9d956eacf02e41e2ff78e53ab"},"breadcrumb":{"@id":"https:\/\/barcelona.euses.cat\/es\/functional-decline-in-nursing-home-residents-a-prognostic-study-un-estudio-de-investigacion-del-profesor-y-coordinador-del-grado-en-fisioterapia-internacional-javier-jerez\/#breadcrumb"},"inLanguage":"es","potentialAction":[{"@type":"ReadAction","target":["https:\/\/barcelona.euses.cat\/es\/functional-decline-in-nursing-home-residents-a-prognostic-study-un-estudio-de-investigacion-del-profesor-y-coordinador-del-grado-en-fisioterapia-internacional-javier-jerez\/"]}]},{"@type":"ImageObject","inLanguage":"es","@id":"https:\/\/barcelona.euses.cat\/es\/functional-decline-in-nursing-home-residents-a-prognostic-study-un-estudio-de-investigacion-del-profesor-y-coordinador-del-grado-en-fisioterapia-internacional-javier-jerez\/#primaryimage","url":"https:\/\/barcelona.euses.cat\/wp-content\/uploads\/2018\/02\/physiotherapybarcelona-Fintional-Decline-noticia3.jpg","contentUrl":"https:\/\/barcelona.euses.cat\/wp-content\/uploads\/2018\/02\/physiotherapybarcelona-Fintional-Decline-noticia3.jpg","width":737,"height":415},{"@type":"BreadcrumbList","@id":"https:\/\/barcelona.euses.cat\/es\/functional-decline-in-nursing-home-residents-a-prognostic-study-un-estudio-de-investigacion-del-profesor-y-coordinador-del-grado-en-fisioterapia-internacional-javier-jerez\/#breadcrumb","itemListElement":[{"@type":"ListItem","position":1,"name":"Portada","item":"https:\/\/barcelona.euses.cat\/es\/"},{"@type":"ListItem","position":2,"name":"\u2018Functional decline in nursing home residents: A prognostic study\u2019, un estudio de investigaci\u00f3n del profesor y Coordinador del Grado en Fisioterapia Internacional, Javier Jerez"}]},{"@type":"WebSite","@id":"https:\/\/barcelona.euses.cat\/ca\/#website","url":"https:\/\/barcelona.euses.cat\/ca\/","name":"EUSES - Campus de Bellvitge (Barcelona)","description":"EUSES, Escuela Universitaria de Fisioterapia Internacional en Barcelona","potentialAction":[{"@type":"SearchAction","target":{"@type":"EntryPoint","urlTemplate":"https:\/\/barcelona.euses.cat\/ca\/?s={search_term_string}"},"query-input":{"@type":"PropertyValueSpecification","valueRequired":true,"valueName":"search_term_string"}}],"inLanguage":"es"},{"@type":"Person","@id":"https:\/\/barcelona.euses.cat\/ca\/#\/schema\/person\/c3074ca9d956eacf02e41e2ff78e53ab","name":"neorg","image":{"@type":"ImageObject","inLanguage":"es","@id":"https:\/\/secure.gravatar.com\/avatar\/709d3d8015183afa7401c02e2291a538cbfd4ffe62f4d86ce5f4871f22e86b09?s=96&d=mm&r=g","url":"https:\/\/secure.gravatar.com\/avatar\/709d3d8015183afa7401c02e2291a538cbfd4ffe62f4d86ce5f4871f22e86b09?s=96&d=mm&r=g","contentUrl":"https:\/\/secure.gravatar.com\/avatar\/709d3d8015183afa7401c02e2291a538cbfd4ffe62f4d86ce5f4871f22e86b09?s=96&d=mm&r=g","caption":"neorg"},"url":"https:\/\/barcelona.euses.cat\/es\/author\/neorg\/"}]}},"_links":{"self":[{"href":"https:\/\/barcelona.euses.cat\/es\/wp-json\/wp\/v2\/posts\/5844","targetHints":{"allow":["GET"]}}],"collection":[{"href":"https:\/\/barcelona.euses.cat\/es\/wp-json\/wp\/v2\/posts"}],"about":[{"href":"https:\/\/barcelona.euses.cat\/es\/wp-json\/wp\/v2\/types\/post"}],"author":[{"embeddable":true,"href":"https:\/\/barcelona.euses.cat\/es\/wp-json\/wp\/v2\/users\/1"}],"replies":[{"embeddable":true,"href":"https:\/\/barcelona.euses.cat\/es\/wp-json\/wp\/v2\/comments?post=5844"}],"version-history":[{"count":1,"href":"https:\/\/barcelona.euses.cat\/es\/wp-json\/wp\/v2\/posts\/5844\/revisions"}],"predecessor-version":[{"id":6015,"href":"https:\/\/barcelona.euses.cat\/es\/wp-json\/wp\/v2\/posts\/5844\/revisions\/6015"}],"wp:featuredmedia":[{"embeddable":true,"href":"https:\/\/barcelona.euses.cat\/es\/wp-json\/wp\/v2\/media\/5308"}],"wp:attachment":[{"href":"https:\/\/barcelona.euses.cat\/es\/wp-json\/wp\/v2\/media?parent=5844"}],"wp:term":[{"taxonomy":"category","embeddable":true,"href":"https:\/\/barcelona.euses.cat\/es\/wp-json\/wp\/v2\/categories?post=5844"},{"taxonomy":"post_tag","embeddable":true,"href":"https:\/\/barcelona.euses.cat\/es\/wp-json\/wp\/v2\/tags?post=5844"}],"curies":[{"name":"wp","href":"https:\/\/api.w.org\/{rel}","templated":true}]}}