{"id":5842,"date":"2017-06-05T00:00:00","date_gmt":"2017-06-04T22:00:00","guid":{"rendered":"http:\/\/physiotherapybarcelona.net\/conoces-las-salidas-profesionales-del-grado-en-fisioterapia-internacional\/"},"modified":"2017-06-05T00:00:00","modified_gmt":"2017-06-04T22:00:00","slug":"conoces-las-salidas-profesionales-del-grado-en-fisioterapia-internacional","status":"publish","type":"post","link":"https:\/\/barcelona.euses.cat\/es\/conoces-las-salidas-profesionales-del-grado-en-fisioterapia-internacional\/","title":{"rendered":"\u00bfConoces las salidas profesionales del Grado en Fisioterapia Internacional?"},"content":{"rendered":"<p style=\"text-align: justify;\">El <a href=\"https:\/\/goo.gl\/hfN5LL\"><strong>Grado en Fisioterapia Internacional <\/strong>de la <strong>Escuela de Nuevas Tecnolog\u00edas Interactivas (ENTI-UB)<\/strong> y de <strong>la Escuela de la Salud y el Deporte (EUSES-UdG)<\/strong><\/a> te proporciona una formaci\u00f3n innovadora y de calidad con un doble valor a\u00f1adido: la aplicaci\u00f3n de las <strong>nuevas tecnolog\u00edas<\/strong> y la formaci\u00f3n espec\u00edfica \u00edntegramente en <strong>lengua inglesa<\/strong>, un idioma que mejora considerablemente tu acceso al <strong>mercado laboral<\/strong>. La suma de estos factores junto con la <strong>calidad docente<\/strong>, el conocimiento de las nuevas aplicaciones sanitarias y un aprendizaje te\u00f3rico-pr\u00e1ctico ampliar\u00e1n tus horizontes profesionales. A grandes rasgos, los principales sectores profesionales de los futuros <strong>graduados<\/strong> y <strong>graduadas<\/strong> se pueden resumir en:<\/p>\n<p style=\"text-align: justify;\"><strong>\u00c1mbito de la docencia<\/strong>. Especialmente recomendado si tienes una verdadera vocaci\u00f3n por el mundo de la ense\u00f1anza y el aprendizaje. Durante este Grado tendr\u00e1s como ejemplo el experto <strong>equipo docente<\/strong> de esta titulaci\u00f3n, procedente de prestigiosas <strong>universidades extranjeras<\/strong>. Ellos te aportar\u00e1n una visi\u00f3n completa y global de la <strong>fisioterapia<\/strong>, desde la perspectiva de diferentes pa\u00edses de todo el mundo. Gracias a su bagaje y experiencia internacional, conocer\u00e1s los mejores m\u00e9todos de ense\u00f1anza empleados en <strong>Europa<\/strong> y a escala <strong>internacional<\/strong>.<strong>\u00a0<\/strong><\/p>\n<p style=\"text-align: justify;\"><strong>Investigaci\u00f3n cient\u00edfica<\/strong>. En este sentido, los graduados y graduadas en <strong>Fisioterapia<\/strong> <strong>Internacional<\/strong> desarrollar\u00e1n sus capacidades en el \u00e1mbito de la <strong>aplicaci\u00f3n tecnol\u00f3gica<\/strong> en el campo de la <strong>fisioterapia<\/strong>; creando nuevas herramientas de valoraci\u00f3n desde la fisioterapia; aplicando nuevos avances tecnol\u00f3gicos en este sector e incluso, trabajando en la creaci\u00f3n de <strong>nuevas aplicaciones tecnol\u00f3gicas<\/strong> como: apps m\u00f3viles, software inform\u00e1tico o modelado tridimensional.<\/p>\n<p style=\"text-align: justify;\"><strong>Sector m\u00e9dico y \u00e1mbito sanitario<\/strong>. Como <strong>fisioterapeuta generalista<\/strong> tendr\u00e1s la oportunidad de ejercer en diversas ramas de la <strong>medicina<\/strong>. Especialmente podr\u00e1s aportar tus conocimientos y experiencia en \u00e1mbitos como: la traumatolog\u00eda, centrada en las lesiones deportivas; la pediatr\u00eda; las afecciones cardiorrespiratorias; la ergonom\u00eda; la neurolog\u00eda; el uro-ginecolog\u00eda; la reumatolog\u00eda, entre muchas otras.<\/p>\n<p style=\"text-align: justify;\"><strong>\u00c1rea deportiva<\/strong>. Se trata de uno de los itinerarios que muchos profesionales de la fisioterapia eligen, una vez finalizados sus estudios. La posibilidad de combinar el <strong>deporte<\/strong> con la pr\u00e1ctica profesional de la <strong>fisioterapia<\/strong> es muy atractiva, ya que, permite trabajar en gimnasios, clubes, asociaciones y con equipos o deportistas de \u00e9lite. Precisamente, hay diferentes combinaciones de los estudios universitarios en <strong>fisioterapia<\/strong> con otros <strong>grados como el de actividad f\u00edsica y deporte<\/strong>, en forma de doble grado. En este sentido, cabe destacar el <strong>doble Grado en CAFE + Fisioterapia de EUSES-UdG<\/strong>, la <strong>Universidad de la Salud y del Deporte<\/strong>, un centro con el cual, hemos establecido muchas sinergias desde el <strong>Campus de la UB<\/strong>.<\/p>\n<p style=\"text-align: justify;\"><strong>Gesti\u00f3n de tu propio centro de fisioterapia y salud<\/strong>. Otra oportunidad laboral en alza es la relacionada con la <strong>gesti\u00f3n<\/strong> de tu propio <strong>centro de salud o de rehabilitaci\u00f3n<\/strong>, un \u00e1mbito que une el mundo de la salud con la gesti\u00f3n empresarial. Te encargar\u00e1s de la gesti\u00f3n de tu propio equipamiento, as\u00ed como, los recursos humanos, el trato diario con los pacientes; cuestiones relacionadas con los riesgos laborales, etc. Tambi\u00e9n hay que mencionar que podr\u00e1s integrarte en <strong>equipos multidisciplinares<\/strong>, es decir, en cl\u00ednicas, centros de atenci\u00f3n primaria, hospitales o mutuas.<\/p>\n<p style=\"text-align: justify;\">Apuesta por unos estudios universitarios que ampl\u00edan tus horizontes profesionales; elige el <a href=\"https:\/\/goo.gl\/hfN5LL\"><strong>Grado en Fisioterapia Internacional<\/strong><\/a> en el <strong>Campus de la UB<\/strong>.<\/p>\n<p>&nbsp;<\/p>\n","protected":false},"excerpt":{"rendered":"<p>El Grado en Fisioterapia Internacional de la Escuela de Nuevas Tecnolog\u00edas Interactivas (ENTI-UB) y de la Escuela de la Salud y el Deporte (EUSES-UdG) te proporciona una formaci\u00f3n innovadora y de calidad con un doble valor a\u00f1adido: la aplicaci\u00f3n de las nuevas tecnolog\u00edas y la formaci\u00f3n espec\u00edfica \u00edntegramente en lengua inglesa, un idioma que mejora [&hellip;]<\/p>\n","protected":false},"author":1,"featured_media":5298,"comment_status":"closed","ping_status":"closed","sticky":false,"template":"","format":"standard","meta":{"_acf_changed":false,"inline_featured_image":false,"_joinchat":[],"footnotes":""},"categories":[1],"tags":[44],"class_list":["post-5842","post","type-post","status-publish","format-standard","has-post-thumbnail","hentry","category-sin-categorizar","tag-castellano"],"acf":[],"yoast_head":"<!-- This site is optimized with the Yoast SEO plugin v27.4 - https:\/\/yoast.com\/product\/yoast-seo-wordpress\/ -->\n<title>\u00bfConoces las salidas profesionales del Grado en Fisioterapia Internacional? | EUSES - Campus de Bellvitge (Barcelona)<\/title>\n<meta name=\"robots\" content=\"index, follow, max-snippet:-1, max-image-preview:large, max-video-preview:-1\" \/>\n<link rel=\"canonical\" href=\"https:\/\/barcelona.euses.cat\/es\/conoces-las-salidas-profesionales-del-grado-en-fisioterapia-internacional\/\" \/>\n<meta property=\"og:locale\" content=\"es_ES\" \/>\n<meta property=\"og:type\" content=\"article\" \/>\n<meta property=\"og:title\" content=\"\u00bfConoces las salidas profesionales del Grado en Fisioterapia Internacional? | EUSES - Campus de Bellvitge (Barcelona)\" \/>\n<meta property=\"og:description\" content=\"El Grado en Fisioterapia Internacional de la Escuela de Nuevas Tecnolog\u00edas Interactivas (ENTI-UB) y de la Escuela de la Salud y el Deporte (EUSES-UdG) te proporciona una formaci\u00f3n innovadora y de calidad con un doble valor a\u00f1adido: la aplicaci\u00f3n de las nuevas tecnolog\u00edas y la formaci\u00f3n espec\u00edfica \u00edntegramente en lengua inglesa, un idioma que mejora [&hellip;]\" \/>\n<meta property=\"og:url\" content=\"https:\/\/barcelona.euses.cat\/es\/conoces-las-salidas-profesionales-del-grado-en-fisioterapia-internacional\/\" \/>\n<meta property=\"og:site_name\" content=\"EUSES - Campus de Bellvitge (Barcelona)\" \/>\n<meta property=\"article:publisher\" content=\"https:\/\/www.facebook.com\/PhysioBCN\/\" \/>\n<meta property=\"article:published_time\" content=\"2017-06-04T22:00:00+00:00\" \/>\n<meta property=\"og:image\" content=\"https:\/\/barcelona.euses.cat\/wp-content\/uploads\/2018\/02\/58de61e2b210a0165e397721.jpg\" \/>\n\t<meta property=\"og:image:width\" content=\"575\" \/>\n\t<meta property=\"og:image:height\" content=\"431\" \/>\n\t<meta property=\"og:image:type\" content=\"image\/jpeg\" \/>\n<meta name=\"author\" content=\"neorg\" \/>\n<meta name=\"twitter:card\" content=\"summary_large_image\" \/>\n<meta name=\"twitter:label1\" content=\"Escrito por\" \/>\n\t<meta name=\"twitter:data1\" content=\"neorg\" \/>\n\t<meta name=\"twitter:label2\" content=\"Tiempo de lectura\" \/>\n\t<meta name=\"twitter:data2\" content=\"3 minutos\" \/>\n<script type=\"application\/ld+json\" class=\"yoast-schema-graph\">{\"@context\":\"https:\\\/\\\/schema.org\",\"@graph\":[{\"@type\":\"Article\",\"@id\":\"https:\\\/\\\/barcelona.euses.cat\\\/es\\\/conoces-las-salidas-profesionales-del-grado-en-fisioterapia-internacional\\\/#article\",\"isPartOf\":{\"@id\":\"https:\\\/\\\/barcelona.euses.cat\\\/es\\\/conoces-las-salidas-profesionales-del-grado-en-fisioterapia-internacional\\\/\"},\"author\":{\"name\":\"neorg\",\"@id\":\"https:\\\/\\\/barcelona.euses.cat\\\/ca\\\/#\\\/schema\\\/person\\\/c3074ca9d956eacf02e41e2ff78e53ab\"},\"headline\":\"\u00bfConoces las salidas profesionales del Grado en Fisioterapia Internacional?\",\"datePublished\":\"2017-06-04T22:00:00+00:00\",\"mainEntityOfPage\":{\"@id\":\"https:\\\/\\\/barcelona.euses.cat\\\/es\\\/conoces-las-salidas-profesionales-del-grado-en-fisioterapia-internacional\\\/\"},\"wordCount\":583,\"image\":{\"@id\":\"https:\\\/\\\/barcelona.euses.cat\\\/es\\\/conoces-las-salidas-profesionales-del-grado-en-fisioterapia-internacional\\\/#primaryimage\"},\"thumbnailUrl\":\"https:\\\/\\\/barcelona.euses.cat\\\/wp-content\\\/uploads\\\/2018\\\/02\\\/58de61e2b210a0165e397721.jpg\",\"keywords\":[\"Castellano\"],\"articleSection\":[\"Sin categorizar\"],\"inLanguage\":\"es\"},{\"@type\":\"WebPage\",\"@id\":\"https:\\\/\\\/barcelona.euses.cat\\\/es\\\/conoces-las-salidas-profesionales-del-grado-en-fisioterapia-internacional\\\/\",\"url\":\"https:\\\/\\\/barcelona.euses.cat\\\/es\\\/conoces-las-salidas-profesionales-del-grado-en-fisioterapia-internacional\\\/\",\"name\":\"\u00bfConoces las salidas profesionales del Grado en Fisioterapia Internacional? | EUSES - Campus de Bellvitge (Barcelona)\",\"isPartOf\":{\"@id\":\"https:\\\/\\\/barcelona.euses.cat\\\/ca\\\/#website\"},\"primaryImageOfPage\":{\"@id\":\"https:\\\/\\\/barcelona.euses.cat\\\/es\\\/conoces-las-salidas-profesionales-del-grado-en-fisioterapia-internacional\\\/#primaryimage\"},\"image\":{\"@id\":\"https:\\\/\\\/barcelona.euses.cat\\\/es\\\/conoces-las-salidas-profesionales-del-grado-en-fisioterapia-internacional\\\/#primaryimage\"},\"thumbnailUrl\":\"https:\\\/\\\/barcelona.euses.cat\\\/wp-content\\\/uploads\\\/2018\\\/02\\\/58de61e2b210a0165e397721.jpg\",\"datePublished\":\"2017-06-04T22:00:00+00:00\",\"author\":{\"@id\":\"https:\\\/\\\/barcelona.euses.cat\\\/ca\\\/#\\\/schema\\\/person\\\/c3074ca9d956eacf02e41e2ff78e53ab\"},\"breadcrumb\":{\"@id\":\"https:\\\/\\\/barcelona.euses.cat\\\/es\\\/conoces-las-salidas-profesionales-del-grado-en-fisioterapia-internacional\\\/#breadcrumb\"},\"inLanguage\":\"es\",\"potentialAction\":[{\"@type\":\"ReadAction\",\"target\":[\"https:\\\/\\\/barcelona.euses.cat\\\/es\\\/conoces-las-salidas-profesionales-del-grado-en-fisioterapia-internacional\\\/\"]}]},{\"@type\":\"ImageObject\",\"inLanguage\":\"es\",\"@id\":\"https:\\\/\\\/barcelona.euses.cat\\\/es\\\/conoces-las-salidas-profesionales-del-grado-en-fisioterapia-internacional\\\/#primaryimage\",\"url\":\"https:\\\/\\\/barcelona.euses.cat\\\/wp-content\\\/uploads\\\/2018\\\/02\\\/58de61e2b210a0165e397721.jpg\",\"contentUrl\":\"https:\\\/\\\/barcelona.euses.cat\\\/wp-content\\\/uploads\\\/2018\\\/02\\\/58de61e2b210a0165e397721.jpg\",\"width\":575,\"height\":431},{\"@type\":\"BreadcrumbList\",\"@id\":\"https:\\\/\\\/barcelona.euses.cat\\\/es\\\/conoces-las-salidas-profesionales-del-grado-en-fisioterapia-internacional\\\/#breadcrumb\",\"itemListElement\":[{\"@type\":\"ListItem\",\"position\":1,\"name\":\"Portada\",\"item\":\"https:\\\/\\\/barcelona.euses.cat\\\/es\\\/\"},{\"@type\":\"ListItem\",\"position\":2,\"name\":\"\u00bfConoces las salidas profesionales del Grado en Fisioterapia Internacional?\"}]},{\"@type\":\"WebSite\",\"@id\":\"https:\\\/\\\/barcelona.euses.cat\\\/ca\\\/#website\",\"url\":\"https:\\\/\\\/barcelona.euses.cat\\\/ca\\\/\",\"name\":\"EUSES - Campus de Bellvitge (Barcelona)\",\"description\":\"EUSES, Escuela Universitaria de Fisioterapia Internacional en Barcelona\",\"potentialAction\":[{\"@type\":\"SearchAction\",\"target\":{\"@type\":\"EntryPoint\",\"urlTemplate\":\"https:\\\/\\\/barcelona.euses.cat\\\/ca\\\/?s={search_term_string}\"},\"query-input\":{\"@type\":\"PropertyValueSpecification\",\"valueRequired\":true,\"valueName\":\"search_term_string\"}}],\"inLanguage\":\"es\"},{\"@type\":\"Person\",\"@id\":\"https:\\\/\\\/barcelona.euses.cat\\\/ca\\\/#\\\/schema\\\/person\\\/c3074ca9d956eacf02e41e2ff78e53ab\",\"name\":\"neorg\",\"image\":{\"@type\":\"ImageObject\",\"inLanguage\":\"es\",\"@id\":\"https:\\\/\\\/secure.gravatar.com\\\/avatar\\\/709d3d8015183afa7401c02e2291a538cbfd4ffe62f4d86ce5f4871f22e86b09?s=96&d=mm&r=g\",\"url\":\"https:\\\/\\\/secure.gravatar.com\\\/avatar\\\/709d3d8015183afa7401c02e2291a538cbfd4ffe62f4d86ce5f4871f22e86b09?s=96&d=mm&r=g\",\"contentUrl\":\"https:\\\/\\\/secure.gravatar.com\\\/avatar\\\/709d3d8015183afa7401c02e2291a538cbfd4ffe62f4d86ce5f4871f22e86b09?s=96&d=mm&r=g\",\"caption\":\"neorg\"},\"url\":\"https:\\\/\\\/barcelona.euses.cat\\\/es\\\/author\\\/neorg\\\/\"}]}<\/script>\n<!-- \/ Yoast SEO plugin. -->","yoast_head_json":{"title":"\u00bfConoces las salidas profesionales del Grado en Fisioterapia Internacional? | EUSES - Campus de Bellvitge (Barcelona)","robots":{"index":"index","follow":"follow","max-snippet":"max-snippet:-1","max-image-preview":"max-image-preview:large","max-video-preview":"max-video-preview:-1"},"canonical":"https:\/\/barcelona.euses.cat\/es\/conoces-las-salidas-profesionales-del-grado-en-fisioterapia-internacional\/","og_locale":"es_ES","og_type":"article","og_title":"\u00bfConoces las salidas profesionales del Grado en Fisioterapia Internacional? | EUSES - Campus de Bellvitge (Barcelona)","og_description":"El Grado en Fisioterapia Internacional de la Escuela de Nuevas Tecnolog\u00edas Interactivas (ENTI-UB) y de la Escuela de la Salud y el Deporte (EUSES-UdG) te proporciona una formaci\u00f3n innovadora y de calidad con un doble valor a\u00f1adido: la aplicaci\u00f3n de las nuevas tecnolog\u00edas y la formaci\u00f3n espec\u00edfica \u00edntegramente en lengua inglesa, un idioma que mejora [&hellip;]","og_url":"https:\/\/barcelona.euses.cat\/es\/conoces-las-salidas-profesionales-del-grado-en-fisioterapia-internacional\/","og_site_name":"EUSES - Campus de Bellvitge (Barcelona)","article_publisher":"https:\/\/www.facebook.com\/PhysioBCN\/","article_published_time":"2017-06-04T22:00:00+00:00","og_image":[{"width":575,"height":431,"url":"https:\/\/barcelona.euses.cat\/wp-content\/uploads\/2018\/02\/58de61e2b210a0165e397721.jpg","type":"image\/jpeg"}],"author":"neorg","twitter_card":"summary_large_image","twitter_misc":{"Escrito por":"neorg","Tiempo de lectura":"3 minutos"},"schema":{"@context":"https:\/\/schema.org","@graph":[{"@type":"Article","@id":"https:\/\/barcelona.euses.cat\/es\/conoces-las-salidas-profesionales-del-grado-en-fisioterapia-internacional\/#article","isPartOf":{"@id":"https:\/\/barcelona.euses.cat\/es\/conoces-las-salidas-profesionales-del-grado-en-fisioterapia-internacional\/"},"author":{"name":"neorg","@id":"https:\/\/barcelona.euses.cat\/ca\/#\/schema\/person\/c3074ca9d956eacf02e41e2ff78e53ab"},"headline":"\u00bfConoces las salidas profesionales del Grado en Fisioterapia Internacional?","datePublished":"2017-06-04T22:00:00+00:00","mainEntityOfPage":{"@id":"https:\/\/barcelona.euses.cat\/es\/conoces-las-salidas-profesionales-del-grado-en-fisioterapia-internacional\/"},"wordCount":583,"image":{"@id":"https:\/\/barcelona.euses.cat\/es\/conoces-las-salidas-profesionales-del-grado-en-fisioterapia-internacional\/#primaryimage"},"thumbnailUrl":"https:\/\/barcelona.euses.cat\/wp-content\/uploads\/2018\/02\/58de61e2b210a0165e397721.jpg","keywords":["Castellano"],"articleSection":["Sin categorizar"],"inLanguage":"es"},{"@type":"WebPage","@id":"https:\/\/barcelona.euses.cat\/es\/conoces-las-salidas-profesionales-del-grado-en-fisioterapia-internacional\/","url":"https:\/\/barcelona.euses.cat\/es\/conoces-las-salidas-profesionales-del-grado-en-fisioterapia-internacional\/","name":"\u00bfConoces las salidas profesionales del Grado en Fisioterapia Internacional? | EUSES - Campus de Bellvitge (Barcelona)","isPartOf":{"@id":"https:\/\/barcelona.euses.cat\/ca\/#website"},"primaryImageOfPage":{"@id":"https:\/\/barcelona.euses.cat\/es\/conoces-las-salidas-profesionales-del-grado-en-fisioterapia-internacional\/#primaryimage"},"image":{"@id":"https:\/\/barcelona.euses.cat\/es\/conoces-las-salidas-profesionales-del-grado-en-fisioterapia-internacional\/#primaryimage"},"thumbnailUrl":"https:\/\/barcelona.euses.cat\/wp-content\/uploads\/2018\/02\/58de61e2b210a0165e397721.jpg","datePublished":"2017-06-04T22:00:00+00:00","author":{"@id":"https:\/\/barcelona.euses.cat\/ca\/#\/schema\/person\/c3074ca9d956eacf02e41e2ff78e53ab"},"breadcrumb":{"@id":"https:\/\/barcelona.euses.cat\/es\/conoces-las-salidas-profesionales-del-grado-en-fisioterapia-internacional\/#breadcrumb"},"inLanguage":"es","potentialAction":[{"@type":"ReadAction","target":["https:\/\/barcelona.euses.cat\/es\/conoces-las-salidas-profesionales-del-grado-en-fisioterapia-internacional\/"]}]},{"@type":"ImageObject","inLanguage":"es","@id":"https:\/\/barcelona.euses.cat\/es\/conoces-las-salidas-profesionales-del-grado-en-fisioterapia-internacional\/#primaryimage","url":"https:\/\/barcelona.euses.cat\/wp-content\/uploads\/2018\/02\/58de61e2b210a0165e397721.jpg","contentUrl":"https:\/\/barcelona.euses.cat\/wp-content\/uploads\/2018\/02\/58de61e2b210a0165e397721.jpg","width":575,"height":431},{"@type":"BreadcrumbList","@id":"https:\/\/barcelona.euses.cat\/es\/conoces-las-salidas-profesionales-del-grado-en-fisioterapia-internacional\/#breadcrumb","itemListElement":[{"@type":"ListItem","position":1,"name":"Portada","item":"https:\/\/barcelona.euses.cat\/es\/"},{"@type":"ListItem","position":2,"name":"\u00bfConoces las salidas profesionales del Grado en Fisioterapia Internacional?"}]},{"@type":"WebSite","@id":"https:\/\/barcelona.euses.cat\/ca\/#website","url":"https:\/\/barcelona.euses.cat\/ca\/","name":"EUSES - Campus de Bellvitge (Barcelona)","description":"EUSES, Escuela Universitaria de Fisioterapia Internacional en Barcelona","potentialAction":[{"@type":"SearchAction","target":{"@type":"EntryPoint","urlTemplate":"https:\/\/barcelona.euses.cat\/ca\/?s={search_term_string}"},"query-input":{"@type":"PropertyValueSpecification","valueRequired":true,"valueName":"search_term_string"}}],"inLanguage":"es"},{"@type":"Person","@id":"https:\/\/barcelona.euses.cat\/ca\/#\/schema\/person\/c3074ca9d956eacf02e41e2ff78e53ab","name":"neorg","image":{"@type":"ImageObject","inLanguage":"es","@id":"https:\/\/secure.gravatar.com\/avatar\/709d3d8015183afa7401c02e2291a538cbfd4ffe62f4d86ce5f4871f22e86b09?s=96&d=mm&r=g","url":"https:\/\/secure.gravatar.com\/avatar\/709d3d8015183afa7401c02e2291a538cbfd4ffe62f4d86ce5f4871f22e86b09?s=96&d=mm&r=g","contentUrl":"https:\/\/secure.gravatar.com\/avatar\/709d3d8015183afa7401c02e2291a538cbfd4ffe62f4d86ce5f4871f22e86b09?s=96&d=mm&r=g","caption":"neorg"},"url":"https:\/\/barcelona.euses.cat\/es\/author\/neorg\/"}]}},"_links":{"self":[{"href":"https:\/\/barcelona.euses.cat\/es\/wp-json\/wp\/v2\/posts\/5842","targetHints":{"allow":["GET"]}}],"collection":[{"href":"https:\/\/barcelona.euses.cat\/es\/wp-json\/wp\/v2\/posts"}],"about":[{"href":"https:\/\/barcelona.euses.cat\/es\/wp-json\/wp\/v2\/types\/post"}],"author":[{"embeddable":true,"href":"https:\/\/barcelona.euses.cat\/es\/wp-json\/wp\/v2\/users\/1"}],"replies":[{"embeddable":true,"href":"https:\/\/barcelona.euses.cat\/es\/wp-json\/wp\/v2\/comments?post=5842"}],"version-history":[{"count":0,"href":"https:\/\/barcelona.euses.cat\/es\/wp-json\/wp\/v2\/posts\/5842\/revisions"}],"wp:featuredmedia":[{"embeddable":true,"href":"https:\/\/barcelona.euses.cat\/es\/wp-json\/wp\/v2\/media\/5298"}],"wp:attachment":[{"href":"https:\/\/barcelona.euses.cat\/es\/wp-json\/wp\/v2\/media?parent=5842"}],"wp:term":[{"taxonomy":"category","embeddable":true,"href":"https:\/\/barcelona.euses.cat\/es\/wp-json\/wp\/v2\/categories?post=5842"},{"taxonomy":"post_tag","embeddable":true,"href":"https:\/\/barcelona.euses.cat\/es\/wp-json\/wp\/v2\/tags?post=5842"}],"curies":[{"name":"wp","href":"https:\/\/api.w.org\/{rel}","templated":true}]}}