{"id":5839,"date":"2017-06-27T00:00:00","date_gmt":"2017-06-26T22:00:00","guid":{"rendered":"http:\/\/physiotherapybarcelona.net\/recta-final-de-las-preinscripciones-universitarias-entra-en-el-portal-accesnet-e-inscribete-en-el-grado-en-fisioterapia-internacional-en-el-campus-de-barcelona\/"},"modified":"2017-06-27T00:00:00","modified_gmt":"2017-06-26T22:00:00","slug":"recta-final-de-las-preinscripciones-universitarias-entra-en-el-portal-accesnet-e-inscribete-en-el-grado-en-fisioterapia-internacional-en-el-campus-de-barcelona","status":"publish","type":"post","link":"https:\/\/barcelona.euses.cat\/es\/recta-final-de-las-preinscripciones-universitarias-entra-en-el-portal-accesnet-e-inscribete-en-el-grado-en-fisioterapia-internacional-en-el-campus-de-barcelona\/","title":{"rendered":"Recta final de las preinscripciones universitarias. Entra en el portal Accesnet e inscr\u00edbete en el Grado en Fisioterapia Internacional en el Campus de Barcelona"},"content":{"rendered":"<p style=\"text-align: justify;\">Entramos en la recta final de las <strong>preinscripciones universitarias<\/strong>. Si quieres seleccionar como prioritario el <strong>Grado en Fisioterapia Internacional de la Escuela de Nuevas Tecnolog\u00edas Interactivas (ENTI-UB)y de la Escuela Universitaria de la Salud y el Deporte (EUSES-UdG)<\/strong>, deber\u00e1s seguir estas <a href=\"https:\/\/goo.gl\/Y3nSca\"><strong>indicaciones<\/strong><\/a> e introducir el c\u00f3digo <strong>91908<\/strong> (para espa\u00f1oles o extranjeros con permiso de residencia) o el c\u00f3digo <strong>91909<\/strong> (para estudiantes extranjeros), en el portal <a href=\"https:\/\/goo.gl\/2AAKSS\"><strong>Accesnet de la Generalitat de Catalu\u00f1a<\/strong><\/a>.<\/p>\n<p style=\"text-align: justify;\">\u00a0\u00bfPor qu\u00e9 estudiar el <a href=\"https:\/\/goo.gl\/oiMvA3\"><strong>Grado en Fisioterapia Internacional<\/strong><\/a>? Pues, porque se trata de una titulaci\u00f3n que te aportar\u00e1 una formaci\u00f3n din\u00e1mica, orientada al mundo profesional con un <strong>doble valor a\u00f1adido<\/strong>: la aplicaci\u00f3n de las <strong>nuevas tecnolog\u00edas<\/strong> y la formaci\u00f3n espec\u00edfica en <strong>lengua inglesa<\/strong>. Este \u00faltimo aspecto te dotar\u00e1 de un <strong>perfil profesional<\/strong> muy competitivo, que mejorar\u00e1 tu acceso al <strong>mercado laboral<\/strong> tanto nacional como europeo.<\/p>\n<p style=\"text-align: justify;\">\u00a0Precisamente, el conocimiento de las <strong>TIC<\/strong> es un requisito imprescindible para ser un buen <strong>fisioterapeuta<\/strong>. Gracias a la presencia de <strong>ENTI<\/strong>&#8211;<strong>UB<\/strong>en este <strong>Grado<\/strong>, como alumno te nutrir\u00e1s de la experiencia de una formaci\u00f3n universitaria pionera en <strong>nuevas tecnolog\u00edas<\/strong>: desarrollo de herramientas de valoraci\u00f3n desde la fisioterapia; aplicaci\u00f3n de nuevos avances tecnol\u00f3gicos; e incluso, la posibilidad de trabajar en la creaci\u00f3n de nuevas aplicaciones tecnol\u00f3gicas como <strong>apps m\u00f3viles<\/strong> o <strong>software<\/strong> aplicado a la <strong>fisioterapia<\/strong>.<\/p>\n<p style=\"text-align: justify;\">\u00a0Por todo ello, a lo largo de estos estudios, conocer\u00e1s a fondo el llamado <strong>e-health<\/strong> aplicado al \u00e1mbito de la <strong>salud<\/strong>. Sin duda, las <strong>nuevas tecnolog\u00edas<\/strong> son esenciales para convertir los <strong>sistemas<\/strong> de <strong>salud<\/strong> actuales en m\u00e1s <strong>eficientes<\/strong> y <strong>sostenibles<\/strong>. Por eso, estos estudios se centran en las <strong>TICsanitarias<\/strong>. Adem\u00e1s, durante este <strong>Grado<\/strong> contar\u00e1s con un <strong>equipo docente experto<\/strong>, caracterizado por sus amplias habilidades pedag\u00f3gicas, su procedencia internacional y su dilatada experiencia tanto profesional como acad\u00e9mica.<\/p>\n<p style=\"text-align: justify;\">Finalmente, otro aspecto muy positivo de este <strong>Grado<\/strong> es el <strong>aprendizaje te\u00f3rico-pr\u00e1ctico<\/strong>. Desde un primer momento, tendr\u00e1s la oportunidad de poner en pr\u00e1ctica los conocimientos te\u00f3ricos; pues, esta titulaci\u00f3n dispone de m\u00e1s de <strong>1000 convenios de pr\u00e1cticas<\/strong> al a\u00f1o en centros distribuidos por toda <strong>Catalu\u00f1a y Francia<\/strong>. Por otra parte, tambi\u00e9n cabe destacar que podr\u00e1s acceder a m\u00faltiples <strong>programas de intercambio internacional<\/strong>, as\u00ed como, a la posterior ampliaci\u00f3n y continuaci\u00f3n de estudios de postgrado en otros pa\u00edses.<\/p>\n<p style=\"text-align: justify;\">\u00a0Recuerda el pr\u00f3ximo <strong>3de julio<\/strong> finaliza el periodo de <strong>preinscripci\u00f3n<\/strong> en las <strong>universidadescatalanas<\/strong>. Haz ya tu preinscripci\u00f3n universitaria en el<strong>Grado en Fisioterapia Internacional,<\/strong> accediendo al portal <strong>Accesnet<\/strong>: <a href=\"https:\/\/accesnet.gencat.cat\">https:\/\/accesnet.gencat.cat<\/a> y poniendo los c\u00f3digos: <strong>91908<\/strong> (para espa\u00f1oles o extranjeros con permiso de residencia) o el c\u00f3digo <strong>91909<\/strong> (para estudiantes extranjeros). <a href=\"https:\/\/goo.gl\/CbZuiD\"><strong>Aqu\u00ed<\/strong><\/a> puedes consultar la documentaci\u00f3n requerida. Asimismo, te informamos que la <strong>1\u00aa asignaci\u00f3n de plazas<\/strong> ser\u00e1 el <strong>11 de julio<\/strong> y la <strong>2\u00aa asignaci\u00f3n<\/strong>, el <strong>24 de julio<\/strong>.<\/p>\n<p style=\"text-align: justify;\">\u00a0Elige una <strong>formaci\u00f3n innovadora<\/strong> y de <strong>calidad<\/strong> que incorpora los \u00faltimos <strong>avances tecnol\u00f3gicos<\/strong> aplicados a la <strong>fisioterapia<\/strong>; estudiando el <a href=\"https:\/\/goo.gl\/oiMvA3\"><strong>Grado en Fisioterapia en el Campus de Barcelona<\/strong><\/a>.<\/p>\n","protected":false},"excerpt":{"rendered":"<p>Entramos en la recta final de las preinscripciones universitarias. Si quieres seleccionar como prioritario el Grado en Fisioterapia Internacional de la Escuela de Nuevas Tecnolog\u00edas Interactivas (ENTI-UB)y de la Escuela Universitaria de la Salud y el Deporte (EUSES-UdG), deber\u00e1s seguir estas indicaciones e introducir el c\u00f3digo 91908 (para espa\u00f1oles o extranjeros con permiso de residencia) [&hellip;]<\/p>\n","protected":false},"author":1,"featured_media":5283,"comment_status":"closed","ping_status":"closed","sticky":false,"template":"","format":"standard","meta":{"_acf_changed":false,"inline_featured_image":false,"_joinchat":[],"footnotes":""},"categories":[1],"tags":[44],"class_list":["post-5839","post","type-post","status-publish","format-standard","has-post-thumbnail","hentry","category-sin-categorizar","tag-castellano"],"acf":[],"yoast_head":"<!-- This site is optimized with the Yoast SEO plugin v27.4 - https:\/\/yoast.com\/product\/yoast-seo-wordpress\/ -->\n<title>Recta final de las preinscripciones universitarias. Entra en el portal Accesnet e inscr\u00edbete en el Grado en Fisioterapia Internacional en el Campus de Barcelona | EUSES - Campus de Bellvitge (Barcelona)<\/title>\n<meta name=\"robots\" content=\"index, follow, max-snippet:-1, max-image-preview:large, max-video-preview:-1\" \/>\n<link rel=\"canonical\" href=\"https:\/\/barcelona.euses.cat\/es\/recta-final-de-las-preinscripciones-universitarias-entra-en-el-portal-accesnet-e-inscribete-en-el-grado-en-fisioterapia-internacional-en-el-campus-de-barcelona\/\" \/>\n<meta property=\"og:locale\" content=\"es_ES\" \/>\n<meta property=\"og:type\" content=\"article\" \/>\n<meta property=\"og:title\" content=\"Recta final de las preinscripciones universitarias. Entra en el portal Accesnet e inscr\u00edbete en el Grado en Fisioterapia Internacional en el Campus de Barcelona | EUSES - Campus de Bellvitge (Barcelona)\" \/>\n<meta property=\"og:description\" content=\"Entramos en la recta final de las preinscripciones universitarias. Si quieres seleccionar como prioritario el Grado en Fisioterapia Internacional de la Escuela de Nuevas Tecnolog\u00edas Interactivas (ENTI-UB)y de la Escuela Universitaria de la Salud y el Deporte (EUSES-UdG), deber\u00e1s seguir estas indicaciones e introducir el c\u00f3digo 91908 (para espa\u00f1oles o extranjeros con permiso de residencia) [&hellip;]\" \/>\n<meta property=\"og:url\" content=\"https:\/\/barcelona.euses.cat\/es\/recta-final-de-las-preinscripciones-universitarias-entra-en-el-portal-accesnet-e-inscribete-en-el-grado-en-fisioterapia-internacional-en-el-campus-de-barcelona\/\" \/>\n<meta property=\"og:site_name\" content=\"EUSES - Campus de Bellvitge (Barcelona)\" \/>\n<meta property=\"article:publisher\" content=\"https:\/\/www.facebook.com\/PhysioBCN\/\" \/>\n<meta property=\"article:published_time\" content=\"2017-06-26T22:00:00+00:00\" \/>\n<meta property=\"og:image\" content=\"https:\/\/barcelona.euses.cat\/wp-content\/uploads\/2018\/02\/Recta-final-de-les-preinscripcions-universit\u00e0ries.-Entra-al-portal-Accesnet-i-inscriu-te-al-Grau-en-Fisioter\u00e0pia-Internacional-al-Campus-de-Barcelona.jpg\" \/>\n\t<meta property=\"og:image:width\" content=\"5125\" \/>\n\t<meta property=\"og:image:height\" content=\"3417\" \/>\n\t<meta property=\"og:image:type\" content=\"image\/jpeg\" \/>\n<meta name=\"author\" content=\"neorg\" \/>\n<meta name=\"twitter:card\" content=\"summary_large_image\" \/>\n<meta name=\"twitter:label1\" content=\"Escrito por\" \/>\n\t<meta name=\"twitter:data1\" content=\"neorg\" \/>\n\t<meta name=\"twitter:label2\" content=\"Tiempo de lectura\" \/>\n\t<meta name=\"twitter:data2\" content=\"3 minutos\" \/>\n<script type=\"application\/ld+json\" class=\"yoast-schema-graph\">{\"@context\":\"https:\\\/\\\/schema.org\",\"@graph\":[{\"@type\":\"Article\",\"@id\":\"https:\\\/\\\/barcelona.euses.cat\\\/es\\\/recta-final-de-las-preinscripciones-universitarias-entra-en-el-portal-accesnet-e-inscribete-en-el-grado-en-fisioterapia-internacional-en-el-campus-de-barcelona\\\/#article\",\"isPartOf\":{\"@id\":\"https:\\\/\\\/barcelona.euses.cat\\\/es\\\/recta-final-de-las-preinscripciones-universitarias-entra-en-el-portal-accesnet-e-inscribete-en-el-grado-en-fisioterapia-internacional-en-el-campus-de-barcelona\\\/\"},\"author\":{\"name\":\"neorg\",\"@id\":\"https:\\\/\\\/barcelona.euses.cat\\\/ca\\\/#\\\/schema\\\/person\\\/c3074ca9d956eacf02e41e2ff78e53ab\"},\"headline\":\"Recta final de las preinscripciones universitarias. Entra en el portal Accesnet e inscr\u00edbete en el Grado en Fisioterapia Internacional en el Campus de Barcelona\",\"datePublished\":\"2017-06-26T22:00:00+00:00\",\"mainEntityOfPage\":{\"@id\":\"https:\\\/\\\/barcelona.euses.cat\\\/es\\\/recta-final-de-las-preinscripciones-universitarias-entra-en-el-portal-accesnet-e-inscribete-en-el-grado-en-fisioterapia-internacional-en-el-campus-de-barcelona\\\/\"},\"wordCount\":542,\"image\":{\"@id\":\"https:\\\/\\\/barcelona.euses.cat\\\/es\\\/recta-final-de-las-preinscripciones-universitarias-entra-en-el-portal-accesnet-e-inscribete-en-el-grado-en-fisioterapia-internacional-en-el-campus-de-barcelona\\\/#primaryimage\"},\"thumbnailUrl\":\"https:\\\/\\\/barcelona.euses.cat\\\/wp-content\\\/uploads\\\/2018\\\/02\\\/Recta-final-de-les-preinscripcions-universit\u00e0ries.-Entra-al-portal-Accesnet-i-inscriu-te-al-Grau-en-Fisioter\u00e0pia-Internacional-al-Campus-de-Barcelona.jpg\",\"keywords\":[\"Castellano\"],\"articleSection\":[\"Sin categorizar\"],\"inLanguage\":\"es\"},{\"@type\":\"WebPage\",\"@id\":\"https:\\\/\\\/barcelona.euses.cat\\\/es\\\/recta-final-de-las-preinscripciones-universitarias-entra-en-el-portal-accesnet-e-inscribete-en-el-grado-en-fisioterapia-internacional-en-el-campus-de-barcelona\\\/\",\"url\":\"https:\\\/\\\/barcelona.euses.cat\\\/es\\\/recta-final-de-las-preinscripciones-universitarias-entra-en-el-portal-accesnet-e-inscribete-en-el-grado-en-fisioterapia-internacional-en-el-campus-de-barcelona\\\/\",\"name\":\"Recta final de las preinscripciones universitarias. Entra en el portal Accesnet e inscr\u00edbete en el Grado en Fisioterapia Internacional en el Campus de Barcelona | EUSES - Campus de Bellvitge (Barcelona)\",\"isPartOf\":{\"@id\":\"https:\\\/\\\/barcelona.euses.cat\\\/ca\\\/#website\"},\"primaryImageOfPage\":{\"@id\":\"https:\\\/\\\/barcelona.euses.cat\\\/es\\\/recta-final-de-las-preinscripciones-universitarias-entra-en-el-portal-accesnet-e-inscribete-en-el-grado-en-fisioterapia-internacional-en-el-campus-de-barcelona\\\/#primaryimage\"},\"image\":{\"@id\":\"https:\\\/\\\/barcelona.euses.cat\\\/es\\\/recta-final-de-las-preinscripciones-universitarias-entra-en-el-portal-accesnet-e-inscribete-en-el-grado-en-fisioterapia-internacional-en-el-campus-de-barcelona\\\/#primaryimage\"},\"thumbnailUrl\":\"https:\\\/\\\/barcelona.euses.cat\\\/wp-content\\\/uploads\\\/2018\\\/02\\\/Recta-final-de-les-preinscripcions-universit\u00e0ries.-Entra-al-portal-Accesnet-i-inscriu-te-al-Grau-en-Fisioter\u00e0pia-Internacional-al-Campus-de-Barcelona.jpg\",\"datePublished\":\"2017-06-26T22:00:00+00:00\",\"author\":{\"@id\":\"https:\\\/\\\/barcelona.euses.cat\\\/ca\\\/#\\\/schema\\\/person\\\/c3074ca9d956eacf02e41e2ff78e53ab\"},\"breadcrumb\":{\"@id\":\"https:\\\/\\\/barcelona.euses.cat\\\/es\\\/recta-final-de-las-preinscripciones-universitarias-entra-en-el-portal-accesnet-e-inscribete-en-el-grado-en-fisioterapia-internacional-en-el-campus-de-barcelona\\\/#breadcrumb\"},\"inLanguage\":\"es\",\"potentialAction\":[{\"@type\":\"ReadAction\",\"target\":[\"https:\\\/\\\/barcelona.euses.cat\\\/es\\\/recta-final-de-las-preinscripciones-universitarias-entra-en-el-portal-accesnet-e-inscribete-en-el-grado-en-fisioterapia-internacional-en-el-campus-de-barcelona\\\/\"]}]},{\"@type\":\"ImageObject\",\"inLanguage\":\"es\",\"@id\":\"https:\\\/\\\/barcelona.euses.cat\\\/es\\\/recta-final-de-las-preinscripciones-universitarias-entra-en-el-portal-accesnet-e-inscribete-en-el-grado-en-fisioterapia-internacional-en-el-campus-de-barcelona\\\/#primaryimage\",\"url\":\"https:\\\/\\\/barcelona.euses.cat\\\/wp-content\\\/uploads\\\/2018\\\/02\\\/Recta-final-de-les-preinscripcions-universit\u00e0ries.-Entra-al-portal-Accesnet-i-inscriu-te-al-Grau-en-Fisioter\u00e0pia-Internacional-al-Campus-de-Barcelona.jpg\",\"contentUrl\":\"https:\\\/\\\/barcelona.euses.cat\\\/wp-content\\\/uploads\\\/2018\\\/02\\\/Recta-final-de-les-preinscripcions-universit\u00e0ries.-Entra-al-portal-Accesnet-i-inscriu-te-al-Grau-en-Fisioter\u00e0pia-Internacional-al-Campus-de-Barcelona.jpg\",\"width\":5125,\"height\":3417},{\"@type\":\"BreadcrumbList\",\"@id\":\"https:\\\/\\\/barcelona.euses.cat\\\/es\\\/recta-final-de-las-preinscripciones-universitarias-entra-en-el-portal-accesnet-e-inscribete-en-el-grado-en-fisioterapia-internacional-en-el-campus-de-barcelona\\\/#breadcrumb\",\"itemListElement\":[{\"@type\":\"ListItem\",\"position\":1,\"name\":\"Portada\",\"item\":\"https:\\\/\\\/barcelona.euses.cat\\\/es\\\/\"},{\"@type\":\"ListItem\",\"position\":2,\"name\":\"Recta final de las preinscripciones universitarias. Entra en el portal Accesnet e inscr\u00edbete en el Grado en Fisioterapia Internacional en el Campus de Barcelona\"}]},{\"@type\":\"WebSite\",\"@id\":\"https:\\\/\\\/barcelona.euses.cat\\\/ca\\\/#website\",\"url\":\"https:\\\/\\\/barcelona.euses.cat\\\/ca\\\/\",\"name\":\"EUSES - Campus de Bellvitge (Barcelona)\",\"description\":\"EUSES, Escuela Universitaria de Fisioterapia Internacional en Barcelona\",\"potentialAction\":[{\"@type\":\"SearchAction\",\"target\":{\"@type\":\"EntryPoint\",\"urlTemplate\":\"https:\\\/\\\/barcelona.euses.cat\\\/ca\\\/?s={search_term_string}\"},\"query-input\":{\"@type\":\"PropertyValueSpecification\",\"valueRequired\":true,\"valueName\":\"search_term_string\"}}],\"inLanguage\":\"es\"},{\"@type\":\"Person\",\"@id\":\"https:\\\/\\\/barcelona.euses.cat\\\/ca\\\/#\\\/schema\\\/person\\\/c3074ca9d956eacf02e41e2ff78e53ab\",\"name\":\"neorg\",\"image\":{\"@type\":\"ImageObject\",\"inLanguage\":\"es\",\"@id\":\"https:\\\/\\\/secure.gravatar.com\\\/avatar\\\/709d3d8015183afa7401c02e2291a538cbfd4ffe62f4d86ce5f4871f22e86b09?s=96&d=mm&r=g\",\"url\":\"https:\\\/\\\/secure.gravatar.com\\\/avatar\\\/709d3d8015183afa7401c02e2291a538cbfd4ffe62f4d86ce5f4871f22e86b09?s=96&d=mm&r=g\",\"contentUrl\":\"https:\\\/\\\/secure.gravatar.com\\\/avatar\\\/709d3d8015183afa7401c02e2291a538cbfd4ffe62f4d86ce5f4871f22e86b09?s=96&d=mm&r=g\",\"caption\":\"neorg\"},\"url\":\"https:\\\/\\\/barcelona.euses.cat\\\/es\\\/author\\\/neorg\\\/\"}]}<\/script>\n<!-- \/ Yoast SEO plugin. -->","yoast_head_json":{"title":"Recta final de las preinscripciones universitarias. Entra en el portal Accesnet e inscr\u00edbete en el Grado en Fisioterapia Internacional en el Campus de Barcelona | EUSES - Campus de Bellvitge (Barcelona)","robots":{"index":"index","follow":"follow","max-snippet":"max-snippet:-1","max-image-preview":"max-image-preview:large","max-video-preview":"max-video-preview:-1"},"canonical":"https:\/\/barcelona.euses.cat\/es\/recta-final-de-las-preinscripciones-universitarias-entra-en-el-portal-accesnet-e-inscribete-en-el-grado-en-fisioterapia-internacional-en-el-campus-de-barcelona\/","og_locale":"es_ES","og_type":"article","og_title":"Recta final de las preinscripciones universitarias. Entra en el portal Accesnet e inscr\u00edbete en el Grado en Fisioterapia Internacional en el Campus de Barcelona | EUSES - Campus de Bellvitge (Barcelona)","og_description":"Entramos en la recta final de las preinscripciones universitarias. Si quieres seleccionar como prioritario el Grado en Fisioterapia Internacional de la Escuela de Nuevas Tecnolog\u00edas Interactivas (ENTI-UB)y de la Escuela Universitaria de la Salud y el Deporte (EUSES-UdG), deber\u00e1s seguir estas indicaciones e introducir el c\u00f3digo 91908 (para espa\u00f1oles o extranjeros con permiso de residencia) [&hellip;]","og_url":"https:\/\/barcelona.euses.cat\/es\/recta-final-de-las-preinscripciones-universitarias-entra-en-el-portal-accesnet-e-inscribete-en-el-grado-en-fisioterapia-internacional-en-el-campus-de-barcelona\/","og_site_name":"EUSES - Campus de Bellvitge (Barcelona)","article_publisher":"https:\/\/www.facebook.com\/PhysioBCN\/","article_published_time":"2017-06-26T22:00:00+00:00","og_image":[{"width":5125,"height":3417,"url":"https:\/\/barcelona.euses.cat\/wp-content\/uploads\/2018\/02\/Recta-final-de-les-preinscripcions-universit\u00e0ries.-Entra-al-portal-Accesnet-i-inscriu-te-al-Grau-en-Fisioter\u00e0pia-Internacional-al-Campus-de-Barcelona.jpg","type":"image\/jpeg"}],"author":"neorg","twitter_card":"summary_large_image","twitter_misc":{"Escrito por":"neorg","Tiempo de lectura":"3 minutos"},"schema":{"@context":"https:\/\/schema.org","@graph":[{"@type":"Article","@id":"https:\/\/barcelona.euses.cat\/es\/recta-final-de-las-preinscripciones-universitarias-entra-en-el-portal-accesnet-e-inscribete-en-el-grado-en-fisioterapia-internacional-en-el-campus-de-barcelona\/#article","isPartOf":{"@id":"https:\/\/barcelona.euses.cat\/es\/recta-final-de-las-preinscripciones-universitarias-entra-en-el-portal-accesnet-e-inscribete-en-el-grado-en-fisioterapia-internacional-en-el-campus-de-barcelona\/"},"author":{"name":"neorg","@id":"https:\/\/barcelona.euses.cat\/ca\/#\/schema\/person\/c3074ca9d956eacf02e41e2ff78e53ab"},"headline":"Recta final de las preinscripciones universitarias. Entra en el portal Accesnet e inscr\u00edbete en el Grado en Fisioterapia Internacional en el Campus de Barcelona","datePublished":"2017-06-26T22:00:00+00:00","mainEntityOfPage":{"@id":"https:\/\/barcelona.euses.cat\/es\/recta-final-de-las-preinscripciones-universitarias-entra-en-el-portal-accesnet-e-inscribete-en-el-grado-en-fisioterapia-internacional-en-el-campus-de-barcelona\/"},"wordCount":542,"image":{"@id":"https:\/\/barcelona.euses.cat\/es\/recta-final-de-las-preinscripciones-universitarias-entra-en-el-portal-accesnet-e-inscribete-en-el-grado-en-fisioterapia-internacional-en-el-campus-de-barcelona\/#primaryimage"},"thumbnailUrl":"https:\/\/barcelona.euses.cat\/wp-content\/uploads\/2018\/02\/Recta-final-de-les-preinscripcions-universit\u00e0ries.-Entra-al-portal-Accesnet-i-inscriu-te-al-Grau-en-Fisioter\u00e0pia-Internacional-al-Campus-de-Barcelona.jpg","keywords":["Castellano"],"articleSection":["Sin categorizar"],"inLanguage":"es"},{"@type":"WebPage","@id":"https:\/\/barcelona.euses.cat\/es\/recta-final-de-las-preinscripciones-universitarias-entra-en-el-portal-accesnet-e-inscribete-en-el-grado-en-fisioterapia-internacional-en-el-campus-de-barcelona\/","url":"https:\/\/barcelona.euses.cat\/es\/recta-final-de-las-preinscripciones-universitarias-entra-en-el-portal-accesnet-e-inscribete-en-el-grado-en-fisioterapia-internacional-en-el-campus-de-barcelona\/","name":"Recta final de las preinscripciones universitarias. Entra en el portal Accesnet e inscr\u00edbete en el Grado en Fisioterapia Internacional en el Campus de Barcelona | EUSES - Campus de Bellvitge (Barcelona)","isPartOf":{"@id":"https:\/\/barcelona.euses.cat\/ca\/#website"},"primaryImageOfPage":{"@id":"https:\/\/barcelona.euses.cat\/es\/recta-final-de-las-preinscripciones-universitarias-entra-en-el-portal-accesnet-e-inscribete-en-el-grado-en-fisioterapia-internacional-en-el-campus-de-barcelona\/#primaryimage"},"image":{"@id":"https:\/\/barcelona.euses.cat\/es\/recta-final-de-las-preinscripciones-universitarias-entra-en-el-portal-accesnet-e-inscribete-en-el-grado-en-fisioterapia-internacional-en-el-campus-de-barcelona\/#primaryimage"},"thumbnailUrl":"https:\/\/barcelona.euses.cat\/wp-content\/uploads\/2018\/02\/Recta-final-de-les-preinscripcions-universit\u00e0ries.-Entra-al-portal-Accesnet-i-inscriu-te-al-Grau-en-Fisioter\u00e0pia-Internacional-al-Campus-de-Barcelona.jpg","datePublished":"2017-06-26T22:00:00+00:00","author":{"@id":"https:\/\/barcelona.euses.cat\/ca\/#\/schema\/person\/c3074ca9d956eacf02e41e2ff78e53ab"},"breadcrumb":{"@id":"https:\/\/barcelona.euses.cat\/es\/recta-final-de-las-preinscripciones-universitarias-entra-en-el-portal-accesnet-e-inscribete-en-el-grado-en-fisioterapia-internacional-en-el-campus-de-barcelona\/#breadcrumb"},"inLanguage":"es","potentialAction":[{"@type":"ReadAction","target":["https:\/\/barcelona.euses.cat\/es\/recta-final-de-las-preinscripciones-universitarias-entra-en-el-portal-accesnet-e-inscribete-en-el-grado-en-fisioterapia-internacional-en-el-campus-de-barcelona\/"]}]},{"@type":"ImageObject","inLanguage":"es","@id":"https:\/\/barcelona.euses.cat\/es\/recta-final-de-las-preinscripciones-universitarias-entra-en-el-portal-accesnet-e-inscribete-en-el-grado-en-fisioterapia-internacional-en-el-campus-de-barcelona\/#primaryimage","url":"https:\/\/barcelona.euses.cat\/wp-content\/uploads\/2018\/02\/Recta-final-de-les-preinscripcions-universit\u00e0ries.-Entra-al-portal-Accesnet-i-inscriu-te-al-Grau-en-Fisioter\u00e0pia-Internacional-al-Campus-de-Barcelona.jpg","contentUrl":"https:\/\/barcelona.euses.cat\/wp-content\/uploads\/2018\/02\/Recta-final-de-les-preinscripcions-universit\u00e0ries.-Entra-al-portal-Accesnet-i-inscriu-te-al-Grau-en-Fisioter\u00e0pia-Internacional-al-Campus-de-Barcelona.jpg","width":5125,"height":3417},{"@type":"BreadcrumbList","@id":"https:\/\/barcelona.euses.cat\/es\/recta-final-de-las-preinscripciones-universitarias-entra-en-el-portal-accesnet-e-inscribete-en-el-grado-en-fisioterapia-internacional-en-el-campus-de-barcelona\/#breadcrumb","itemListElement":[{"@type":"ListItem","position":1,"name":"Portada","item":"https:\/\/barcelona.euses.cat\/es\/"},{"@type":"ListItem","position":2,"name":"Recta final de las preinscripciones universitarias. Entra en el portal Accesnet e inscr\u00edbete en el Grado en Fisioterapia Internacional en el Campus de Barcelona"}]},{"@type":"WebSite","@id":"https:\/\/barcelona.euses.cat\/ca\/#website","url":"https:\/\/barcelona.euses.cat\/ca\/","name":"EUSES - Campus de Bellvitge (Barcelona)","description":"EUSES, Escuela Universitaria de Fisioterapia Internacional en Barcelona","potentialAction":[{"@type":"SearchAction","target":{"@type":"EntryPoint","urlTemplate":"https:\/\/barcelona.euses.cat\/ca\/?s={search_term_string}"},"query-input":{"@type":"PropertyValueSpecification","valueRequired":true,"valueName":"search_term_string"}}],"inLanguage":"es"},{"@type":"Person","@id":"https:\/\/barcelona.euses.cat\/ca\/#\/schema\/person\/c3074ca9d956eacf02e41e2ff78e53ab","name":"neorg","image":{"@type":"ImageObject","inLanguage":"es","@id":"https:\/\/secure.gravatar.com\/avatar\/709d3d8015183afa7401c02e2291a538cbfd4ffe62f4d86ce5f4871f22e86b09?s=96&d=mm&r=g","url":"https:\/\/secure.gravatar.com\/avatar\/709d3d8015183afa7401c02e2291a538cbfd4ffe62f4d86ce5f4871f22e86b09?s=96&d=mm&r=g","contentUrl":"https:\/\/secure.gravatar.com\/avatar\/709d3d8015183afa7401c02e2291a538cbfd4ffe62f4d86ce5f4871f22e86b09?s=96&d=mm&r=g","caption":"neorg"},"url":"https:\/\/barcelona.euses.cat\/es\/author\/neorg\/"}]}},"_links":{"self":[{"href":"https:\/\/barcelona.euses.cat\/es\/wp-json\/wp\/v2\/posts\/5839","targetHints":{"allow":["GET"]}}],"collection":[{"href":"https:\/\/barcelona.euses.cat\/es\/wp-json\/wp\/v2\/posts"}],"about":[{"href":"https:\/\/barcelona.euses.cat\/es\/wp-json\/wp\/v2\/types\/post"}],"author":[{"embeddable":true,"href":"https:\/\/barcelona.euses.cat\/es\/wp-json\/wp\/v2\/users\/1"}],"replies":[{"embeddable":true,"href":"https:\/\/barcelona.euses.cat\/es\/wp-json\/wp\/v2\/comments?post=5839"}],"version-history":[{"count":0,"href":"https:\/\/barcelona.euses.cat\/es\/wp-json\/wp\/v2\/posts\/5839\/revisions"}],"wp:featuredmedia":[{"embeddable":true,"href":"https:\/\/barcelona.euses.cat\/es\/wp-json\/wp\/v2\/media\/5283"}],"wp:attachment":[{"href":"https:\/\/barcelona.euses.cat\/es\/wp-json\/wp\/v2\/media?parent=5839"}],"wp:term":[{"taxonomy":"category","embeddable":true,"href":"https:\/\/barcelona.euses.cat\/es\/wp-json\/wp\/v2\/categories?post=5839"},{"taxonomy":"post_tag","embeddable":true,"href":"https:\/\/barcelona.euses.cat\/es\/wp-json\/wp\/v2\/tags?post=5839"}],"curies":[{"name":"wp","href":"https:\/\/api.w.org\/{rel}","templated":true}]}}