{"id":5837,"date":"2017-07-10T00:00:00","date_gmt":"2017-07-09T22:00:00","guid":{"rendered":"http:\/\/physiotherapybarcelona.net\/el-perfil-internacional-y-las-amplias-habilidades-pedagogicas-del-profesorado-del-grado-en-fisioterapia-internacional\/"},"modified":"2017-07-10T00:00:00","modified_gmt":"2017-07-09T22:00:00","slug":"el-perfil-internacional-y-las-amplias-habilidades-pedagogicas-del-profesorado-del-grado-en-fisioterapia-internacional","status":"publish","type":"post","link":"https:\/\/barcelona.euses.cat\/es\/el-perfil-internacional-y-las-amplias-habilidades-pedagogicas-del-profesorado-del-grado-en-fisioterapia-internacional\/","title":{"rendered":"El perfil internacional y las amplias habilidades pedag\u00f3gicas del profesorado del Grado en Fisioterapia Internacional"},"content":{"rendered":"<p style=\"text-align: justify;\">Un <strong>perfil internacional<\/strong>, amplias habilidades pedag\u00f3gicas, vocaci\u00f3n por la docencia, una s\u00f3lida trayectoria en investigaci\u00f3n y una amplia experiencia profesional son algunas de las caracter\u00edsticas del <strong>profesorado<\/strong> del <a href=\"https:\/\/goo.gl\/d3Te8A\"><strong>Grado en ingl\u00e9s en Fisioterapia Internacional, de la Escuela de Nuevas Tecnolog\u00edas Interactivas (ENTI-UB) <\/strong>y de la<strong> Escuela de la Salud y el Deporte (EUSES-UdG)<\/strong><\/a><strong>. <\/strong><\/p>\n<p style=\"text-align: justify;\">Entre el <strong>equipo docente<\/strong> de este <strong>Grado<\/strong> contamos con profesores procedentes de <strong>Australia<\/strong>, <strong>Reino Unido y Alemania<\/strong>. La mayor\u00eda <strong>Doctorados<\/strong> y especialistas en su campo, con el <strong>doble<\/strong> <strong>perfil de acad\u00e9mico-investigador<\/strong> y de <strong>profesional<\/strong> en activo. Por lo tanto, aportan su experiencia diaria, lo cual, permite actualizar constantemente los contenidos y metodolog\u00edas empleadas, incorporando una visi\u00f3n m\u00e1s completa y global de la <strong>fisioterapia<\/strong>, desde la perspectiva de diferentes pa\u00edses de todo el mundo.<\/p>\n<p style=\"text-align: justify;\">As\u00ed pues, a cargo de excelentes profesionales conocer\u00e1s la <strong>tecnolog\u00eda<\/strong> m\u00e1s innovadora y puntera aplicada al campo de la salud. Aprender\u00e1s los diferentes aspectos de la <strong>fisioterapia<\/strong> como: la valoraci\u00f3n, el diagn\u00f3stico o el dise\u00f1o de tratamientos que se implementan en toda <strong>Europa<\/strong> y en el \u00e1mbito internacional; aplicar\u00e1s nuevos <strong>avances tecnol\u00f3gicos<\/strong> e incluso, tendr\u00e1s la posibilidad de crear tus propias <strong>aplicaciones tecnol\u00f3gicas<\/strong> en este campo. Adem\u00e1s, no \u00fanicamente se incluye la tecnolog\u00eda puramente m\u00e9dica, sino que se comparten recursos con otras disciplinas como la arquitectura, el \u00e1mbito de los videojuegos o los Serious Games. En definitiva, te har\u00e1s un experto en las <strong>tecnolog\u00edas<\/strong> propias del <strong>e-health<\/strong> y en la aplicaci\u00f3n de nuevas herramientas en el diagn\u00f3stico, tratamiento y rehabilitaci\u00f3n de una lesi\u00f3n, garantizando una mayor adherencia por parte de los pacientes a los tratamientos.<\/p>\n<p style=\"text-align: justify;\">Otra ventaja de estos estudios es su clara apuesta por la <strong>personalizaci\u00f3n<\/strong>, adapt\u00e1ndose a cada estudiante; por eso, pondr\u00e1n a tu disposici\u00f3n un <strong>servicio de seguimiento y asesoramiento<\/strong> <strong>individualizado<\/strong> en aspectos acad\u00e9micos y de orientaci\u00f3n profesional. Adem\u00e1s, tambi\u00e9n se incentiva la <strong>formaci\u00f3n complementaria<\/strong>, a trav\u00e9s de <strong>jornadas, seminarios y cursos<\/strong>, llevados a cabo por expertos de los diferentes \u00e1mbitos de la <strong>salud<\/strong>.<\/p>\n<p style=\"text-align: justify;\">Finalmente, con el fin de ampliar tu <strong>red de contactos<\/strong>, este <strong>Grado<\/strong> tambi\u00e9n te permitir\u00e1 acceder a m\u00faltiples <strong>programas de intercambio internacional<\/strong> en prestigiosas universidades internacionales; as\u00ed como, a la posterior ampliaci\u00f3n y continuaci\u00f3n de <strong>estudios de postgrado<\/strong> en pa\u00edses de todo el mundo.<\/p>\n<p style=\"text-align: justify;\">F\u00f3rmate con un <strong>profesorado<\/strong> de primer nivel especializado en su campo; estudiando el <a href=\"https:\/\/goo.gl\/d3Te8A\"><strong>Grado en Fisioterapia Internacional <\/strong>en el <strong>Campus de la UB<\/strong><\/a>.<\/p>\n","protected":false},"excerpt":{"rendered":"<p>Un perfil internacional, amplias habilidades pedag\u00f3gicas, vocaci\u00f3n por la docencia, una s\u00f3lida trayectoria en investigaci\u00f3n y una amplia experiencia profesional son algunas de las caracter\u00edsticas del profesorado del Grado en ingl\u00e9s en Fisioterapia Internacional, de la Escuela de Nuevas Tecnolog\u00edas Interactivas (ENTI-UB) y de la Escuela de la Salud y el Deporte (EUSES-UdG). Entre el [&hellip;]<\/p>\n","protected":false},"author":1,"featured_media":5200,"comment_status":"closed","ping_status":"closed","sticky":false,"template":"","format":"standard","meta":{"_acf_changed":false,"inline_featured_image":false,"_joinchat":[],"footnotes":""},"categories":[1],"tags":[44],"class_list":["post-5837","post","type-post","status-publish","format-standard","has-post-thumbnail","hentry","category-sin-categorizar","tag-castellano"],"acf":[],"yoast_head":"<!-- This site is optimized with the Yoast SEO plugin v27.4 - https:\/\/yoast.com\/product\/yoast-seo-wordpress\/ -->\n<title>El perfil internacional y las amplias habilidades pedag\u00f3gicas del profesorado del Grado en Fisioterapia Internacional | EUSES - Campus de Bellvitge (Barcelona)<\/title>\n<meta name=\"robots\" content=\"index, follow, max-snippet:-1, max-image-preview:large, max-video-preview:-1\" \/>\n<link rel=\"canonical\" href=\"https:\/\/barcelona.euses.cat\/es\/el-perfil-internacional-y-las-amplias-habilidades-pedagogicas-del-profesorado-del-grado-en-fisioterapia-internacional\/\" \/>\n<meta property=\"og:locale\" content=\"es_ES\" \/>\n<meta property=\"og:type\" content=\"article\" \/>\n<meta property=\"og:title\" content=\"El perfil internacional y las amplias habilidades pedag\u00f3gicas del profesorado del Grado en Fisioterapia Internacional | EUSES - Campus de Bellvitge (Barcelona)\" \/>\n<meta property=\"og:description\" content=\"Un perfil internacional, amplias habilidades pedag\u00f3gicas, vocaci\u00f3n por la docencia, una s\u00f3lida trayectoria en investigaci\u00f3n y una amplia experiencia profesional son algunas de las caracter\u00edsticas del profesorado del Grado en ingl\u00e9s en Fisioterapia Internacional, de la Escuela de Nuevas Tecnolog\u00edas Interactivas (ENTI-UB) y de la Escuela de la Salud y el Deporte (EUSES-UdG). Entre el [&hellip;]\" \/>\n<meta property=\"og:url\" content=\"https:\/\/barcelona.euses.cat\/es\/el-perfil-internacional-y-las-amplias-habilidades-pedagogicas-del-profesorado-del-grado-en-fisioterapia-internacional\/\" \/>\n<meta property=\"og:site_name\" content=\"EUSES - Campus de Bellvitge (Barcelona)\" \/>\n<meta property=\"article:publisher\" content=\"https:\/\/www.facebook.com\/PhysioBCN\/\" \/>\n<meta property=\"article:published_time\" content=\"2017-07-09T22:00:00+00:00\" \/>\n<meta property=\"og:image\" content=\"https:\/\/barcelona.euses.cat\/wp-content\/uploads\/2018\/02\/l1.jpg\" \/>\n\t<meta property=\"og:image:width\" content=\"749\" \/>\n\t<meta property=\"og:image:height\" content=\"500\" \/>\n\t<meta property=\"og:image:type\" content=\"image\/jpeg\" \/>\n<meta name=\"author\" content=\"neorg\" \/>\n<meta name=\"twitter:card\" content=\"summary_large_image\" \/>\n<meta name=\"twitter:label1\" content=\"Escrito por\" \/>\n\t<meta name=\"twitter:data1\" content=\"neorg\" \/>\n\t<meta name=\"twitter:label2\" content=\"Tiempo de lectura\" \/>\n\t<meta name=\"twitter:data2\" content=\"2 minutos\" \/>\n<script type=\"application\/ld+json\" class=\"yoast-schema-graph\">{\"@context\":\"https:\\\/\\\/schema.org\",\"@graph\":[{\"@type\":\"Article\",\"@id\":\"https:\\\/\\\/barcelona.euses.cat\\\/es\\\/el-perfil-internacional-y-las-amplias-habilidades-pedagogicas-del-profesorado-del-grado-en-fisioterapia-internacional\\\/#article\",\"isPartOf\":{\"@id\":\"https:\\\/\\\/barcelona.euses.cat\\\/es\\\/el-perfil-internacional-y-las-amplias-habilidades-pedagogicas-del-profesorado-del-grado-en-fisioterapia-internacional\\\/\"},\"author\":{\"name\":\"neorg\",\"@id\":\"https:\\\/\\\/barcelona.euses.cat\\\/ca\\\/#\\\/schema\\\/person\\\/c3074ca9d956eacf02e41e2ff78e53ab\"},\"headline\":\"El perfil internacional y las amplias habilidades pedag\u00f3gicas del profesorado del Grado en Fisioterapia Internacional\",\"datePublished\":\"2017-07-09T22:00:00+00:00\",\"mainEntityOfPage\":{\"@id\":\"https:\\\/\\\/barcelona.euses.cat\\\/es\\\/el-perfil-internacional-y-las-amplias-habilidades-pedagogicas-del-profesorado-del-grado-en-fisioterapia-internacional\\\/\"},\"wordCount\":455,\"image\":{\"@id\":\"https:\\\/\\\/barcelona.euses.cat\\\/es\\\/el-perfil-internacional-y-las-amplias-habilidades-pedagogicas-del-profesorado-del-grado-en-fisioterapia-internacional\\\/#primaryimage\"},\"thumbnailUrl\":\"https:\\\/\\\/barcelona.euses.cat\\\/wp-content\\\/uploads\\\/2018\\\/02\\\/l1.jpg\",\"keywords\":[\"Castellano\"],\"articleSection\":[\"Sin categorizar\"],\"inLanguage\":\"es\"},{\"@type\":\"WebPage\",\"@id\":\"https:\\\/\\\/barcelona.euses.cat\\\/es\\\/el-perfil-internacional-y-las-amplias-habilidades-pedagogicas-del-profesorado-del-grado-en-fisioterapia-internacional\\\/\",\"url\":\"https:\\\/\\\/barcelona.euses.cat\\\/es\\\/el-perfil-internacional-y-las-amplias-habilidades-pedagogicas-del-profesorado-del-grado-en-fisioterapia-internacional\\\/\",\"name\":\"El perfil internacional y las amplias habilidades pedag\u00f3gicas del profesorado del Grado en Fisioterapia Internacional | EUSES - Campus de Bellvitge (Barcelona)\",\"isPartOf\":{\"@id\":\"https:\\\/\\\/barcelona.euses.cat\\\/ca\\\/#website\"},\"primaryImageOfPage\":{\"@id\":\"https:\\\/\\\/barcelona.euses.cat\\\/es\\\/el-perfil-internacional-y-las-amplias-habilidades-pedagogicas-del-profesorado-del-grado-en-fisioterapia-internacional\\\/#primaryimage\"},\"image\":{\"@id\":\"https:\\\/\\\/barcelona.euses.cat\\\/es\\\/el-perfil-internacional-y-las-amplias-habilidades-pedagogicas-del-profesorado-del-grado-en-fisioterapia-internacional\\\/#primaryimage\"},\"thumbnailUrl\":\"https:\\\/\\\/barcelona.euses.cat\\\/wp-content\\\/uploads\\\/2018\\\/02\\\/l1.jpg\",\"datePublished\":\"2017-07-09T22:00:00+00:00\",\"author\":{\"@id\":\"https:\\\/\\\/barcelona.euses.cat\\\/ca\\\/#\\\/schema\\\/person\\\/c3074ca9d956eacf02e41e2ff78e53ab\"},\"breadcrumb\":{\"@id\":\"https:\\\/\\\/barcelona.euses.cat\\\/es\\\/el-perfil-internacional-y-las-amplias-habilidades-pedagogicas-del-profesorado-del-grado-en-fisioterapia-internacional\\\/#breadcrumb\"},\"inLanguage\":\"es\",\"potentialAction\":[{\"@type\":\"ReadAction\",\"target\":[\"https:\\\/\\\/barcelona.euses.cat\\\/es\\\/el-perfil-internacional-y-las-amplias-habilidades-pedagogicas-del-profesorado-del-grado-en-fisioterapia-internacional\\\/\"]}]},{\"@type\":\"ImageObject\",\"inLanguage\":\"es\",\"@id\":\"https:\\\/\\\/barcelona.euses.cat\\\/es\\\/el-perfil-internacional-y-las-amplias-habilidades-pedagogicas-del-profesorado-del-grado-en-fisioterapia-internacional\\\/#primaryimage\",\"url\":\"https:\\\/\\\/barcelona.euses.cat\\\/wp-content\\\/uploads\\\/2018\\\/02\\\/l1.jpg\",\"contentUrl\":\"https:\\\/\\\/barcelona.euses.cat\\\/wp-content\\\/uploads\\\/2018\\\/02\\\/l1.jpg\",\"width\":749,\"height\":500},{\"@type\":\"BreadcrumbList\",\"@id\":\"https:\\\/\\\/barcelona.euses.cat\\\/es\\\/el-perfil-internacional-y-las-amplias-habilidades-pedagogicas-del-profesorado-del-grado-en-fisioterapia-internacional\\\/#breadcrumb\",\"itemListElement\":[{\"@type\":\"ListItem\",\"position\":1,\"name\":\"Portada\",\"item\":\"https:\\\/\\\/barcelona.euses.cat\\\/es\\\/\"},{\"@type\":\"ListItem\",\"position\":2,\"name\":\"El perfil internacional y las amplias habilidades pedag\u00f3gicas del profesorado del Grado en Fisioterapia Internacional\"}]},{\"@type\":\"WebSite\",\"@id\":\"https:\\\/\\\/barcelona.euses.cat\\\/ca\\\/#website\",\"url\":\"https:\\\/\\\/barcelona.euses.cat\\\/ca\\\/\",\"name\":\"EUSES - Campus de Bellvitge (Barcelona)\",\"description\":\"EUSES, Escuela Universitaria de Fisioterapia Internacional en Barcelona\",\"potentialAction\":[{\"@type\":\"SearchAction\",\"target\":{\"@type\":\"EntryPoint\",\"urlTemplate\":\"https:\\\/\\\/barcelona.euses.cat\\\/ca\\\/?s={search_term_string}\"},\"query-input\":{\"@type\":\"PropertyValueSpecification\",\"valueRequired\":true,\"valueName\":\"search_term_string\"}}],\"inLanguage\":\"es\"},{\"@type\":\"Person\",\"@id\":\"https:\\\/\\\/barcelona.euses.cat\\\/ca\\\/#\\\/schema\\\/person\\\/c3074ca9d956eacf02e41e2ff78e53ab\",\"name\":\"neorg\",\"image\":{\"@type\":\"ImageObject\",\"inLanguage\":\"es\",\"@id\":\"https:\\\/\\\/secure.gravatar.com\\\/avatar\\\/709d3d8015183afa7401c02e2291a538cbfd4ffe62f4d86ce5f4871f22e86b09?s=96&d=mm&r=g\",\"url\":\"https:\\\/\\\/secure.gravatar.com\\\/avatar\\\/709d3d8015183afa7401c02e2291a538cbfd4ffe62f4d86ce5f4871f22e86b09?s=96&d=mm&r=g\",\"contentUrl\":\"https:\\\/\\\/secure.gravatar.com\\\/avatar\\\/709d3d8015183afa7401c02e2291a538cbfd4ffe62f4d86ce5f4871f22e86b09?s=96&d=mm&r=g\",\"caption\":\"neorg\"},\"url\":\"https:\\\/\\\/barcelona.euses.cat\\\/es\\\/author\\\/neorg\\\/\"}]}<\/script>\n<!-- \/ Yoast SEO plugin. -->","yoast_head_json":{"title":"El perfil internacional y las amplias habilidades pedag\u00f3gicas del profesorado del Grado en Fisioterapia Internacional | EUSES - Campus de Bellvitge (Barcelona)","robots":{"index":"index","follow":"follow","max-snippet":"max-snippet:-1","max-image-preview":"max-image-preview:large","max-video-preview":"max-video-preview:-1"},"canonical":"https:\/\/barcelona.euses.cat\/es\/el-perfil-internacional-y-las-amplias-habilidades-pedagogicas-del-profesorado-del-grado-en-fisioterapia-internacional\/","og_locale":"es_ES","og_type":"article","og_title":"El perfil internacional y las amplias habilidades pedag\u00f3gicas del profesorado del Grado en Fisioterapia Internacional | EUSES - Campus de Bellvitge (Barcelona)","og_description":"Un perfil internacional, amplias habilidades pedag\u00f3gicas, vocaci\u00f3n por la docencia, una s\u00f3lida trayectoria en investigaci\u00f3n y una amplia experiencia profesional son algunas de las caracter\u00edsticas del profesorado del Grado en ingl\u00e9s en Fisioterapia Internacional, de la Escuela de Nuevas Tecnolog\u00edas Interactivas (ENTI-UB) y de la Escuela de la Salud y el Deporte (EUSES-UdG). Entre el [&hellip;]","og_url":"https:\/\/barcelona.euses.cat\/es\/el-perfil-internacional-y-las-amplias-habilidades-pedagogicas-del-profesorado-del-grado-en-fisioterapia-internacional\/","og_site_name":"EUSES - Campus de Bellvitge (Barcelona)","article_publisher":"https:\/\/www.facebook.com\/PhysioBCN\/","article_published_time":"2017-07-09T22:00:00+00:00","og_image":[{"width":749,"height":500,"url":"https:\/\/barcelona.euses.cat\/wp-content\/uploads\/2018\/02\/l1.jpg","type":"image\/jpeg"}],"author":"neorg","twitter_card":"summary_large_image","twitter_misc":{"Escrito por":"neorg","Tiempo de lectura":"2 minutos"},"schema":{"@context":"https:\/\/schema.org","@graph":[{"@type":"Article","@id":"https:\/\/barcelona.euses.cat\/es\/el-perfil-internacional-y-las-amplias-habilidades-pedagogicas-del-profesorado-del-grado-en-fisioterapia-internacional\/#article","isPartOf":{"@id":"https:\/\/barcelona.euses.cat\/es\/el-perfil-internacional-y-las-amplias-habilidades-pedagogicas-del-profesorado-del-grado-en-fisioterapia-internacional\/"},"author":{"name":"neorg","@id":"https:\/\/barcelona.euses.cat\/ca\/#\/schema\/person\/c3074ca9d956eacf02e41e2ff78e53ab"},"headline":"El perfil internacional y las amplias habilidades pedag\u00f3gicas del profesorado del Grado en Fisioterapia Internacional","datePublished":"2017-07-09T22:00:00+00:00","mainEntityOfPage":{"@id":"https:\/\/barcelona.euses.cat\/es\/el-perfil-internacional-y-las-amplias-habilidades-pedagogicas-del-profesorado-del-grado-en-fisioterapia-internacional\/"},"wordCount":455,"image":{"@id":"https:\/\/barcelona.euses.cat\/es\/el-perfil-internacional-y-las-amplias-habilidades-pedagogicas-del-profesorado-del-grado-en-fisioterapia-internacional\/#primaryimage"},"thumbnailUrl":"https:\/\/barcelona.euses.cat\/wp-content\/uploads\/2018\/02\/l1.jpg","keywords":["Castellano"],"articleSection":["Sin categorizar"],"inLanguage":"es"},{"@type":"WebPage","@id":"https:\/\/barcelona.euses.cat\/es\/el-perfil-internacional-y-las-amplias-habilidades-pedagogicas-del-profesorado-del-grado-en-fisioterapia-internacional\/","url":"https:\/\/barcelona.euses.cat\/es\/el-perfil-internacional-y-las-amplias-habilidades-pedagogicas-del-profesorado-del-grado-en-fisioterapia-internacional\/","name":"El perfil internacional y las amplias habilidades pedag\u00f3gicas del profesorado del Grado en Fisioterapia Internacional | EUSES - Campus de Bellvitge (Barcelona)","isPartOf":{"@id":"https:\/\/barcelona.euses.cat\/ca\/#website"},"primaryImageOfPage":{"@id":"https:\/\/barcelona.euses.cat\/es\/el-perfil-internacional-y-las-amplias-habilidades-pedagogicas-del-profesorado-del-grado-en-fisioterapia-internacional\/#primaryimage"},"image":{"@id":"https:\/\/barcelona.euses.cat\/es\/el-perfil-internacional-y-las-amplias-habilidades-pedagogicas-del-profesorado-del-grado-en-fisioterapia-internacional\/#primaryimage"},"thumbnailUrl":"https:\/\/barcelona.euses.cat\/wp-content\/uploads\/2018\/02\/l1.jpg","datePublished":"2017-07-09T22:00:00+00:00","author":{"@id":"https:\/\/barcelona.euses.cat\/ca\/#\/schema\/person\/c3074ca9d956eacf02e41e2ff78e53ab"},"breadcrumb":{"@id":"https:\/\/barcelona.euses.cat\/es\/el-perfil-internacional-y-las-amplias-habilidades-pedagogicas-del-profesorado-del-grado-en-fisioterapia-internacional\/#breadcrumb"},"inLanguage":"es","potentialAction":[{"@type":"ReadAction","target":["https:\/\/barcelona.euses.cat\/es\/el-perfil-internacional-y-las-amplias-habilidades-pedagogicas-del-profesorado-del-grado-en-fisioterapia-internacional\/"]}]},{"@type":"ImageObject","inLanguage":"es","@id":"https:\/\/barcelona.euses.cat\/es\/el-perfil-internacional-y-las-amplias-habilidades-pedagogicas-del-profesorado-del-grado-en-fisioterapia-internacional\/#primaryimage","url":"https:\/\/barcelona.euses.cat\/wp-content\/uploads\/2018\/02\/l1.jpg","contentUrl":"https:\/\/barcelona.euses.cat\/wp-content\/uploads\/2018\/02\/l1.jpg","width":749,"height":500},{"@type":"BreadcrumbList","@id":"https:\/\/barcelona.euses.cat\/es\/el-perfil-internacional-y-las-amplias-habilidades-pedagogicas-del-profesorado-del-grado-en-fisioterapia-internacional\/#breadcrumb","itemListElement":[{"@type":"ListItem","position":1,"name":"Portada","item":"https:\/\/barcelona.euses.cat\/es\/"},{"@type":"ListItem","position":2,"name":"El perfil internacional y las amplias habilidades pedag\u00f3gicas del profesorado del Grado en Fisioterapia Internacional"}]},{"@type":"WebSite","@id":"https:\/\/barcelona.euses.cat\/ca\/#website","url":"https:\/\/barcelona.euses.cat\/ca\/","name":"EUSES - Campus de Bellvitge (Barcelona)","description":"EUSES, Escuela Universitaria de Fisioterapia Internacional en Barcelona","potentialAction":[{"@type":"SearchAction","target":{"@type":"EntryPoint","urlTemplate":"https:\/\/barcelona.euses.cat\/ca\/?s={search_term_string}"},"query-input":{"@type":"PropertyValueSpecification","valueRequired":true,"valueName":"search_term_string"}}],"inLanguage":"es"},{"@type":"Person","@id":"https:\/\/barcelona.euses.cat\/ca\/#\/schema\/person\/c3074ca9d956eacf02e41e2ff78e53ab","name":"neorg","image":{"@type":"ImageObject","inLanguage":"es","@id":"https:\/\/secure.gravatar.com\/avatar\/709d3d8015183afa7401c02e2291a538cbfd4ffe62f4d86ce5f4871f22e86b09?s=96&d=mm&r=g","url":"https:\/\/secure.gravatar.com\/avatar\/709d3d8015183afa7401c02e2291a538cbfd4ffe62f4d86ce5f4871f22e86b09?s=96&d=mm&r=g","contentUrl":"https:\/\/secure.gravatar.com\/avatar\/709d3d8015183afa7401c02e2291a538cbfd4ffe62f4d86ce5f4871f22e86b09?s=96&d=mm&r=g","caption":"neorg"},"url":"https:\/\/barcelona.euses.cat\/es\/author\/neorg\/"}]}},"_links":{"self":[{"href":"https:\/\/barcelona.euses.cat\/es\/wp-json\/wp\/v2\/posts\/5837","targetHints":{"allow":["GET"]}}],"collection":[{"href":"https:\/\/barcelona.euses.cat\/es\/wp-json\/wp\/v2\/posts"}],"about":[{"href":"https:\/\/barcelona.euses.cat\/es\/wp-json\/wp\/v2\/types\/post"}],"author":[{"embeddable":true,"href":"https:\/\/barcelona.euses.cat\/es\/wp-json\/wp\/v2\/users\/1"}],"replies":[{"embeddable":true,"href":"https:\/\/barcelona.euses.cat\/es\/wp-json\/wp\/v2\/comments?post=5837"}],"version-history":[{"count":0,"href":"https:\/\/barcelona.euses.cat\/es\/wp-json\/wp\/v2\/posts\/5837\/revisions"}],"wp:featuredmedia":[{"embeddable":true,"href":"https:\/\/barcelona.euses.cat\/es\/wp-json\/wp\/v2\/media\/5200"}],"wp:attachment":[{"href":"https:\/\/barcelona.euses.cat\/es\/wp-json\/wp\/v2\/media?parent=5837"}],"wp:term":[{"taxonomy":"category","embeddable":true,"href":"https:\/\/barcelona.euses.cat\/es\/wp-json\/wp\/v2\/categories?post=5837"},{"taxonomy":"post_tag","embeddable":true,"href":"https:\/\/barcelona.euses.cat\/es\/wp-json\/wp\/v2\/tags?post=5837"}],"curies":[{"name":"wp","href":"https:\/\/api.w.org\/{rel}","templated":true}]}}