{"id":5834,"date":"2017-07-31T00:00:00","date_gmt":"2017-07-30T22:00:00","guid":{"rendered":"http:\/\/physiotherapybarcelona.net\/el-grado-en-fisioterapia-internacional-la-via-de-acceso-a-un-amplio-abanico-de-salidas-laborales\/"},"modified":"2017-07-31T00:00:00","modified_gmt":"2017-07-30T22:00:00","slug":"el-grado-en-fisioterapia-internacional-la-via-de-acceso-a-un-amplio-abanico-de-salidas-laborales","status":"publish","type":"post","link":"https:\/\/barcelona.euses.cat\/es\/el-grado-en-fisioterapia-internacional-la-via-de-acceso-a-un-amplio-abanico-de-salidas-laborales\/","title":{"rendered":"El Grado en Fisioterapia Internacional, la v\u00eda de acceso a un amplio abanico de salidas laborales"},"content":{"rendered":"<p style=\"text-align: justify;\">El <a href=\"https:\/\/goo.gl\/uFBuHL\"><strong>Grado en Fisioterapia Internacional<\/strong> <strong>de la<\/strong> <strong>Escuela de Nuevas Tecnolog\u00edas Interactivas (ENTI-UB) <\/strong>y de la<strong> Escuela de la Salud y el Deporte (EUSES-UdG)<\/strong><\/a> te aporta una s\u00f3lida formaci\u00f3n, especializada en la valoraci\u00f3n, el diagn\u00f3stico, el dise\u00f1o y el desarrollo de tratamientos en el \u00e1mbito de la <strong>fisioterapia<\/strong>. Adem\u00e1s, con el doble valor a\u00f1adido de estudiar \u00edntegramente en <strong>ingl\u00e9s<\/strong>, un idioma que ampl\u00eda tus horizontes profesionales y de aplicar las <strong>nuevas tecnolog\u00edas<\/strong> del <strong>e-health<\/strong> y la <strong>salud 2.0<\/strong> en este campo. La combinaci\u00f3n de todos estos factores, junto con el protagonismo de la parte pr\u00e1ctica te permitir\u00e1n ejercer con \u00e9xito la profesi\u00f3n de fisioterapeuta en cualquiera de estos \u00e1mbitos profesionales:<\/p>\n<ul style=\"text-align: justify;\">\n<li><strong>Investigaci\u00f3n cient\u00edfica<\/strong>. En este sentido, los graduados y graduadas en <strong>Fisioterapia<\/strong> <strong>Internacional<\/strong> desarrollar\u00e1n sus capacidades en el \u00e1mbito de la <strong>aplicaci\u00f3n tecnol\u00f3gica <\/strong>en el campo de la <strong>fisioterapia<\/strong>; creando <strong>nuevas herramientas<\/strong> de valoraci\u00f3n; aplicando nuevos <strong>avances tecnol\u00f3gicos<\/strong> en este sector e incluso, trabajando en la creaci\u00f3n de <strong>nuevas aplicaciones tecnol\u00f3gicas<\/strong> como: apps m\u00f3viles, software inform\u00e1tico o modelado tridimensional.<\/li>\n<\/ul>\n<ul style=\"text-align: justify;\">\n<li><strong>\u00c1mbito de la docencia<\/strong>. Especialmente recomendado si tienes una verdadera <strong>vocaci\u00f3n<\/strong> por el mundo educativo. Durante este <strong>Grado<\/strong> tendr\u00e1s como ejemplo a un <strong>profesorado<\/strong> de primer nivel, procedente de prestigiosas <strong>universidades internacionales<\/strong>, con una dilatada trayectoria profesional y amplias habilidades pedag\u00f3gicas. Sin duda, de la mano de este <strong>equipo docente experto<\/strong>, alcanzar\u00e1s una visi\u00f3n completa y global de la <strong>fisioterapia<\/strong>, desde la perspectiva de diferentes pa\u00edses de todo el mundo. Gracias a su bagaje y experiencia internacional, conocer\u00e1s los mejores <strong>m\u00e9todos de ense\u00f1anza<\/strong> empleados en <strong>Europa<\/strong> y a <strong>escala internacional<\/strong>. Por lo tanto, dispondr\u00e1s de un amplio abanico de conocimientos para hacer m\u00e1s interesantes y completas tus clases.<\/li>\n<\/ul>\n<ul style=\"text-align: justify;\">\n<li><strong>Sector m\u00e9dico y \u00e1mbito sanitario<\/strong>. Como <strong>fisioterapeuta generalista<\/strong> tendr\u00e1s la oportunidad de ejercer en diferentes ramas de la <strong>medicina<\/strong>. Especialmente, podr\u00e1s aportar tus conocimientos y experiencia en \u00e1mbitos como: la traumatolog\u00eda, centrada en las lesiones deportivas; la pediatr\u00eda; las afecciones cardiorrespiratorias; la ergonom\u00eda; la neurolog\u00eda; el uro-ginecolog\u00eda; la reumatolog\u00eda, entre muchos otros.<\/li>\n<\/ul>\n<ul style=\"text-align: justify;\">\n<li><strong>\u00c1rea deportiva y de readaptaci\u00f3n<\/strong>. Actualmente, uno de los itinerarios en alza que muchos profesionales de la <strong>fisioterapia<\/strong> eligen, una vez finalizados sus estudios. La posibilidad de combinar el <strong>deporte<\/strong> con la pr\u00e1ctica profesional de la <strong>fisioterapia<\/strong> es muy atractiva, ya que, permite trabajar en gimnasios, clubes, asociaciones y con equipos o <strong>deportistas de \u00e9lite<\/strong>. Precisamente, hay diferentes combinaciones de los estudios universitarios en <strong>fisioterapia<\/strong> con otros <strong>grados<\/strong> como el de <strong>actividad f\u00edsica y deporte<\/strong>, en forma de <strong>doble grado<\/strong>. En este sentido, cabe destacar el <strong>doble Grado en CAFE + Fisioterapia de EUSES-UdG, la Universidad de la Salud<\/strong> y <strong>del Deporte<\/strong>, un centro con el cual, hemos establecido muchas sinergias desde el <strong>Campus de la UB.<\/strong><\/li>\n<\/ul>\n<ul style=\"text-align: justify;\">\n<li><strong>Gestionar tu propio centro de fisioterapia y salud<\/strong>. Otra oportunidad laboral que est\u00e1 experimentando un gran crecimiento es la relacionada con la <strong>gesti\u00f3n<\/strong> de centros de salud o de rehabilitaci\u00f3n, un \u00e1mbito que une el mundo de la <strong>salud<\/strong> con la <strong>gesti\u00f3n empresarial<\/strong>. Los profesionales de este sector se ocupan de la <strong>gesti\u00f3n<\/strong> de su propio <strong>equipamiento<\/strong>, as\u00ed como, de los <strong>recursos humanos<\/strong>, el trato diario con los <strong>pacientes<\/strong>; cuestiones relacionadas con los riesgos laborales, etc. En este contexto, cabe se\u00f1alar que si lo prefieres, podr\u00e1s integrarte en equipos multidisciplinares, es decir, en cl\u00ednicas, centros de atenci\u00f3n primaria, hospitales o mutuas, desarrollando tareas de gesti\u00f3n.<\/li>\n<\/ul>\n<p style=\"text-align: justify;\">Prepara con \u00e9xito tu futuro profesional, estudiando el <a href=\"https:\/\/goo.gl\/uFBuHL\"><strong>Grado en Fisioterapia Internacional en el Campus de la UB<\/strong><\/a>.<\/p>\n<p style=\"text-align: justify;\"><strong>\u00a0<\/strong><\/p>\n","protected":false},"excerpt":{"rendered":"<p>El Grado en Fisioterapia Internacional de la Escuela de Nuevas Tecnolog\u00edas Interactivas (ENTI-UB) y de la Escuela de la Salud y el Deporte (EUSES-UdG) te aporta una s\u00f3lida formaci\u00f3n, especializada en la valoraci\u00f3n, el diagn\u00f3stico, el dise\u00f1o y el desarrollo de tratamientos en el \u00e1mbito de la fisioterapia. Adem\u00e1s, con el doble valor a\u00f1adido de [&hellip;]<\/p>\n","protected":false},"author":1,"featured_media":5270,"comment_status":"closed","ping_status":"closed","sticky":false,"template":"","format":"standard","meta":{"_acf_changed":false,"inline_featured_image":false,"_joinchat":[],"footnotes":""},"categories":[1],"tags":[44],"class_list":["post-5834","post","type-post","status-publish","format-standard","has-post-thumbnail","hentry","category-sin-categorizar","tag-castellano"],"acf":[],"yoast_head":"<!-- This site is optimized with the Yoast SEO plugin v27.4 - https:\/\/yoast.com\/product\/yoast-seo-wordpress\/ -->\n<title>El Grado en Fisioterapia Internacional, la v\u00eda de acceso a un amplio abanico de salidas laborales | EUSES - Campus de Bellvitge (Barcelona)<\/title>\n<meta name=\"robots\" content=\"index, follow, max-snippet:-1, max-image-preview:large, max-video-preview:-1\" \/>\n<link rel=\"canonical\" href=\"https:\/\/barcelona.euses.cat\/es\/el-grado-en-fisioterapia-internacional-la-via-de-acceso-a-un-amplio-abanico-de-salidas-laborales\/\" \/>\n<meta property=\"og:locale\" content=\"es_ES\" \/>\n<meta property=\"og:type\" content=\"article\" \/>\n<meta property=\"og:title\" content=\"El Grado en Fisioterapia Internacional, la v\u00eda de acceso a un amplio abanico de salidas laborales | EUSES - Campus de Bellvitge (Barcelona)\" \/>\n<meta property=\"og:description\" content=\"El Grado en Fisioterapia Internacional de la Escuela de Nuevas Tecnolog\u00edas Interactivas (ENTI-UB) y de la Escuela de la Salud y el Deporte (EUSES-UdG) te aporta una s\u00f3lida formaci\u00f3n, especializada en la valoraci\u00f3n, el diagn\u00f3stico, el dise\u00f1o y el desarrollo de tratamientos en el \u00e1mbito de la fisioterapia. Adem\u00e1s, con el doble valor a\u00f1adido de [&hellip;]\" \/>\n<meta property=\"og:url\" content=\"https:\/\/barcelona.euses.cat\/es\/el-grado-en-fisioterapia-internacional-la-via-de-acceso-a-un-amplio-abanico-de-salidas-laborales\/\" \/>\n<meta property=\"og:site_name\" content=\"EUSES - Campus de Bellvitge (Barcelona)\" \/>\n<meta property=\"article:publisher\" content=\"https:\/\/www.facebook.com\/PhysioBCN\/\" \/>\n<meta property=\"article:published_time\" content=\"2017-07-30T22:00:00+00:00\" \/>\n<meta property=\"og:image\" content=\"https:\/\/barcelona.euses.cat\/wp-content\/uploads\/2018\/02\/\u00f1.jpg\" \/>\n\t<meta property=\"og:image:width\" content=\"601\" \/>\n\t<meta property=\"og:image:height\" content=\"400\" \/>\n\t<meta property=\"og:image:type\" content=\"image\/jpeg\" \/>\n<meta name=\"author\" content=\"neorg\" \/>\n<meta name=\"twitter:card\" content=\"summary_large_image\" \/>\n<meta name=\"twitter:label1\" content=\"Escrito por\" \/>\n\t<meta name=\"twitter:data1\" content=\"neorg\" \/>\n\t<meta name=\"twitter:label2\" content=\"Tiempo de lectura\" \/>\n\t<meta name=\"twitter:data2\" content=\"3 minutos\" \/>\n<script type=\"application\/ld+json\" class=\"yoast-schema-graph\">{\"@context\":\"https:\\\/\\\/schema.org\",\"@graph\":[{\"@type\":\"Article\",\"@id\":\"https:\\\/\\\/barcelona.euses.cat\\\/es\\\/el-grado-en-fisioterapia-internacional-la-via-de-acceso-a-un-amplio-abanico-de-salidas-laborales\\\/#article\",\"isPartOf\":{\"@id\":\"https:\\\/\\\/barcelona.euses.cat\\\/es\\\/el-grado-en-fisioterapia-internacional-la-via-de-acceso-a-un-amplio-abanico-de-salidas-laborales\\\/\"},\"author\":{\"name\":\"neorg\",\"@id\":\"https:\\\/\\\/barcelona.euses.cat\\\/ca\\\/#\\\/schema\\\/person\\\/c3074ca9d956eacf02e41e2ff78e53ab\"},\"headline\":\"El Grado en Fisioterapia Internacional, la v\u00eda de acceso a un amplio abanico de salidas laborales\",\"datePublished\":\"2017-07-30T22:00:00+00:00\",\"mainEntityOfPage\":{\"@id\":\"https:\\\/\\\/barcelona.euses.cat\\\/es\\\/el-grado-en-fisioterapia-internacional-la-via-de-acceso-a-un-amplio-abanico-de-salidas-laborales\\\/\"},\"wordCount\":641,\"image\":{\"@id\":\"https:\\\/\\\/barcelona.euses.cat\\\/es\\\/el-grado-en-fisioterapia-internacional-la-via-de-acceso-a-un-amplio-abanico-de-salidas-laborales\\\/#primaryimage\"},\"thumbnailUrl\":\"https:\\\/\\\/barcelona.euses.cat\\\/wp-content\\\/uploads\\\/2018\\\/02\\\/\u00f1.jpg\",\"keywords\":[\"Castellano\"],\"articleSection\":[\"Sin categorizar\"],\"inLanguage\":\"es\"},{\"@type\":\"WebPage\",\"@id\":\"https:\\\/\\\/barcelona.euses.cat\\\/es\\\/el-grado-en-fisioterapia-internacional-la-via-de-acceso-a-un-amplio-abanico-de-salidas-laborales\\\/\",\"url\":\"https:\\\/\\\/barcelona.euses.cat\\\/es\\\/el-grado-en-fisioterapia-internacional-la-via-de-acceso-a-un-amplio-abanico-de-salidas-laborales\\\/\",\"name\":\"El Grado en Fisioterapia Internacional, la v\u00eda de acceso a un amplio abanico de salidas laborales | EUSES - Campus de Bellvitge (Barcelona)\",\"isPartOf\":{\"@id\":\"https:\\\/\\\/barcelona.euses.cat\\\/ca\\\/#website\"},\"primaryImageOfPage\":{\"@id\":\"https:\\\/\\\/barcelona.euses.cat\\\/es\\\/el-grado-en-fisioterapia-internacional-la-via-de-acceso-a-un-amplio-abanico-de-salidas-laborales\\\/#primaryimage\"},\"image\":{\"@id\":\"https:\\\/\\\/barcelona.euses.cat\\\/es\\\/el-grado-en-fisioterapia-internacional-la-via-de-acceso-a-un-amplio-abanico-de-salidas-laborales\\\/#primaryimage\"},\"thumbnailUrl\":\"https:\\\/\\\/barcelona.euses.cat\\\/wp-content\\\/uploads\\\/2018\\\/02\\\/\u00f1.jpg\",\"datePublished\":\"2017-07-30T22:00:00+00:00\",\"author\":{\"@id\":\"https:\\\/\\\/barcelona.euses.cat\\\/ca\\\/#\\\/schema\\\/person\\\/c3074ca9d956eacf02e41e2ff78e53ab\"},\"breadcrumb\":{\"@id\":\"https:\\\/\\\/barcelona.euses.cat\\\/es\\\/el-grado-en-fisioterapia-internacional-la-via-de-acceso-a-un-amplio-abanico-de-salidas-laborales\\\/#breadcrumb\"},\"inLanguage\":\"es\",\"potentialAction\":[{\"@type\":\"ReadAction\",\"target\":[\"https:\\\/\\\/barcelona.euses.cat\\\/es\\\/el-grado-en-fisioterapia-internacional-la-via-de-acceso-a-un-amplio-abanico-de-salidas-laborales\\\/\"]}]},{\"@type\":\"ImageObject\",\"inLanguage\":\"es\",\"@id\":\"https:\\\/\\\/barcelona.euses.cat\\\/es\\\/el-grado-en-fisioterapia-internacional-la-via-de-acceso-a-un-amplio-abanico-de-salidas-laborales\\\/#primaryimage\",\"url\":\"https:\\\/\\\/barcelona.euses.cat\\\/wp-content\\\/uploads\\\/2018\\\/02\\\/\u00f1.jpg\",\"contentUrl\":\"https:\\\/\\\/barcelona.euses.cat\\\/wp-content\\\/uploads\\\/2018\\\/02\\\/\u00f1.jpg\",\"width\":601,\"height\":400},{\"@type\":\"BreadcrumbList\",\"@id\":\"https:\\\/\\\/barcelona.euses.cat\\\/es\\\/el-grado-en-fisioterapia-internacional-la-via-de-acceso-a-un-amplio-abanico-de-salidas-laborales\\\/#breadcrumb\",\"itemListElement\":[{\"@type\":\"ListItem\",\"position\":1,\"name\":\"Portada\",\"item\":\"https:\\\/\\\/barcelona.euses.cat\\\/es\\\/\"},{\"@type\":\"ListItem\",\"position\":2,\"name\":\"El Grado en Fisioterapia Internacional, la v\u00eda de acceso a un amplio abanico de salidas laborales\"}]},{\"@type\":\"WebSite\",\"@id\":\"https:\\\/\\\/barcelona.euses.cat\\\/ca\\\/#website\",\"url\":\"https:\\\/\\\/barcelona.euses.cat\\\/ca\\\/\",\"name\":\"EUSES - Campus de Bellvitge (Barcelona)\",\"description\":\"EUSES, Escuela Universitaria de Fisioterapia Internacional en Barcelona\",\"potentialAction\":[{\"@type\":\"SearchAction\",\"target\":{\"@type\":\"EntryPoint\",\"urlTemplate\":\"https:\\\/\\\/barcelona.euses.cat\\\/ca\\\/?s={search_term_string}\"},\"query-input\":{\"@type\":\"PropertyValueSpecification\",\"valueRequired\":true,\"valueName\":\"search_term_string\"}}],\"inLanguage\":\"es\"},{\"@type\":\"Person\",\"@id\":\"https:\\\/\\\/barcelona.euses.cat\\\/ca\\\/#\\\/schema\\\/person\\\/c3074ca9d956eacf02e41e2ff78e53ab\",\"name\":\"neorg\",\"image\":{\"@type\":\"ImageObject\",\"inLanguage\":\"es\",\"@id\":\"https:\\\/\\\/secure.gravatar.com\\\/avatar\\\/709d3d8015183afa7401c02e2291a538cbfd4ffe62f4d86ce5f4871f22e86b09?s=96&d=mm&r=g\",\"url\":\"https:\\\/\\\/secure.gravatar.com\\\/avatar\\\/709d3d8015183afa7401c02e2291a538cbfd4ffe62f4d86ce5f4871f22e86b09?s=96&d=mm&r=g\",\"contentUrl\":\"https:\\\/\\\/secure.gravatar.com\\\/avatar\\\/709d3d8015183afa7401c02e2291a538cbfd4ffe62f4d86ce5f4871f22e86b09?s=96&d=mm&r=g\",\"caption\":\"neorg\"},\"url\":\"https:\\\/\\\/barcelona.euses.cat\\\/es\\\/author\\\/neorg\\\/\"}]}<\/script>\n<!-- \/ Yoast SEO plugin. -->","yoast_head_json":{"title":"El Grado en Fisioterapia Internacional, la v\u00eda de acceso a un amplio abanico de salidas laborales | EUSES - Campus de Bellvitge (Barcelona)","robots":{"index":"index","follow":"follow","max-snippet":"max-snippet:-1","max-image-preview":"max-image-preview:large","max-video-preview":"max-video-preview:-1"},"canonical":"https:\/\/barcelona.euses.cat\/es\/el-grado-en-fisioterapia-internacional-la-via-de-acceso-a-un-amplio-abanico-de-salidas-laborales\/","og_locale":"es_ES","og_type":"article","og_title":"El Grado en Fisioterapia Internacional, la v\u00eda de acceso a un amplio abanico de salidas laborales | EUSES - Campus de Bellvitge (Barcelona)","og_description":"El Grado en Fisioterapia Internacional de la Escuela de Nuevas Tecnolog\u00edas Interactivas (ENTI-UB) y de la Escuela de la Salud y el Deporte (EUSES-UdG) te aporta una s\u00f3lida formaci\u00f3n, especializada en la valoraci\u00f3n, el diagn\u00f3stico, el dise\u00f1o y el desarrollo de tratamientos en el \u00e1mbito de la fisioterapia. Adem\u00e1s, con el doble valor a\u00f1adido de [&hellip;]","og_url":"https:\/\/barcelona.euses.cat\/es\/el-grado-en-fisioterapia-internacional-la-via-de-acceso-a-un-amplio-abanico-de-salidas-laborales\/","og_site_name":"EUSES - Campus de Bellvitge (Barcelona)","article_publisher":"https:\/\/www.facebook.com\/PhysioBCN\/","article_published_time":"2017-07-30T22:00:00+00:00","og_image":[{"width":601,"height":400,"url":"https:\/\/barcelona.euses.cat\/wp-content\/uploads\/2018\/02\/\u00f1.jpg","type":"image\/jpeg"}],"author":"neorg","twitter_card":"summary_large_image","twitter_misc":{"Escrito por":"neorg","Tiempo de lectura":"3 minutos"},"schema":{"@context":"https:\/\/schema.org","@graph":[{"@type":"Article","@id":"https:\/\/barcelona.euses.cat\/es\/el-grado-en-fisioterapia-internacional-la-via-de-acceso-a-un-amplio-abanico-de-salidas-laborales\/#article","isPartOf":{"@id":"https:\/\/barcelona.euses.cat\/es\/el-grado-en-fisioterapia-internacional-la-via-de-acceso-a-un-amplio-abanico-de-salidas-laborales\/"},"author":{"name":"neorg","@id":"https:\/\/barcelona.euses.cat\/ca\/#\/schema\/person\/c3074ca9d956eacf02e41e2ff78e53ab"},"headline":"El Grado en Fisioterapia Internacional, la v\u00eda de acceso a un amplio abanico de salidas laborales","datePublished":"2017-07-30T22:00:00+00:00","mainEntityOfPage":{"@id":"https:\/\/barcelona.euses.cat\/es\/el-grado-en-fisioterapia-internacional-la-via-de-acceso-a-un-amplio-abanico-de-salidas-laborales\/"},"wordCount":641,"image":{"@id":"https:\/\/barcelona.euses.cat\/es\/el-grado-en-fisioterapia-internacional-la-via-de-acceso-a-un-amplio-abanico-de-salidas-laborales\/#primaryimage"},"thumbnailUrl":"https:\/\/barcelona.euses.cat\/wp-content\/uploads\/2018\/02\/\u00f1.jpg","keywords":["Castellano"],"articleSection":["Sin categorizar"],"inLanguage":"es"},{"@type":"WebPage","@id":"https:\/\/barcelona.euses.cat\/es\/el-grado-en-fisioterapia-internacional-la-via-de-acceso-a-un-amplio-abanico-de-salidas-laborales\/","url":"https:\/\/barcelona.euses.cat\/es\/el-grado-en-fisioterapia-internacional-la-via-de-acceso-a-un-amplio-abanico-de-salidas-laborales\/","name":"El Grado en Fisioterapia Internacional, la v\u00eda de acceso a un amplio abanico de salidas laborales | EUSES - Campus de Bellvitge (Barcelona)","isPartOf":{"@id":"https:\/\/barcelona.euses.cat\/ca\/#website"},"primaryImageOfPage":{"@id":"https:\/\/barcelona.euses.cat\/es\/el-grado-en-fisioterapia-internacional-la-via-de-acceso-a-un-amplio-abanico-de-salidas-laborales\/#primaryimage"},"image":{"@id":"https:\/\/barcelona.euses.cat\/es\/el-grado-en-fisioterapia-internacional-la-via-de-acceso-a-un-amplio-abanico-de-salidas-laborales\/#primaryimage"},"thumbnailUrl":"https:\/\/barcelona.euses.cat\/wp-content\/uploads\/2018\/02\/\u00f1.jpg","datePublished":"2017-07-30T22:00:00+00:00","author":{"@id":"https:\/\/barcelona.euses.cat\/ca\/#\/schema\/person\/c3074ca9d956eacf02e41e2ff78e53ab"},"breadcrumb":{"@id":"https:\/\/barcelona.euses.cat\/es\/el-grado-en-fisioterapia-internacional-la-via-de-acceso-a-un-amplio-abanico-de-salidas-laborales\/#breadcrumb"},"inLanguage":"es","potentialAction":[{"@type":"ReadAction","target":["https:\/\/barcelona.euses.cat\/es\/el-grado-en-fisioterapia-internacional-la-via-de-acceso-a-un-amplio-abanico-de-salidas-laborales\/"]}]},{"@type":"ImageObject","inLanguage":"es","@id":"https:\/\/barcelona.euses.cat\/es\/el-grado-en-fisioterapia-internacional-la-via-de-acceso-a-un-amplio-abanico-de-salidas-laborales\/#primaryimage","url":"https:\/\/barcelona.euses.cat\/wp-content\/uploads\/2018\/02\/\u00f1.jpg","contentUrl":"https:\/\/barcelona.euses.cat\/wp-content\/uploads\/2018\/02\/\u00f1.jpg","width":601,"height":400},{"@type":"BreadcrumbList","@id":"https:\/\/barcelona.euses.cat\/es\/el-grado-en-fisioterapia-internacional-la-via-de-acceso-a-un-amplio-abanico-de-salidas-laborales\/#breadcrumb","itemListElement":[{"@type":"ListItem","position":1,"name":"Portada","item":"https:\/\/barcelona.euses.cat\/es\/"},{"@type":"ListItem","position":2,"name":"El Grado en Fisioterapia Internacional, la v\u00eda de acceso a un amplio abanico de salidas laborales"}]},{"@type":"WebSite","@id":"https:\/\/barcelona.euses.cat\/ca\/#website","url":"https:\/\/barcelona.euses.cat\/ca\/","name":"EUSES - Campus de Bellvitge (Barcelona)","description":"EUSES, Escuela Universitaria de Fisioterapia Internacional en Barcelona","potentialAction":[{"@type":"SearchAction","target":{"@type":"EntryPoint","urlTemplate":"https:\/\/barcelona.euses.cat\/ca\/?s={search_term_string}"},"query-input":{"@type":"PropertyValueSpecification","valueRequired":true,"valueName":"search_term_string"}}],"inLanguage":"es"},{"@type":"Person","@id":"https:\/\/barcelona.euses.cat\/ca\/#\/schema\/person\/c3074ca9d956eacf02e41e2ff78e53ab","name":"neorg","image":{"@type":"ImageObject","inLanguage":"es","@id":"https:\/\/secure.gravatar.com\/avatar\/709d3d8015183afa7401c02e2291a538cbfd4ffe62f4d86ce5f4871f22e86b09?s=96&d=mm&r=g","url":"https:\/\/secure.gravatar.com\/avatar\/709d3d8015183afa7401c02e2291a538cbfd4ffe62f4d86ce5f4871f22e86b09?s=96&d=mm&r=g","contentUrl":"https:\/\/secure.gravatar.com\/avatar\/709d3d8015183afa7401c02e2291a538cbfd4ffe62f4d86ce5f4871f22e86b09?s=96&d=mm&r=g","caption":"neorg"},"url":"https:\/\/barcelona.euses.cat\/es\/author\/neorg\/"}]}},"_links":{"self":[{"href":"https:\/\/barcelona.euses.cat\/es\/wp-json\/wp\/v2\/posts\/5834","targetHints":{"allow":["GET"]}}],"collection":[{"href":"https:\/\/barcelona.euses.cat\/es\/wp-json\/wp\/v2\/posts"}],"about":[{"href":"https:\/\/barcelona.euses.cat\/es\/wp-json\/wp\/v2\/types\/post"}],"author":[{"embeddable":true,"href":"https:\/\/barcelona.euses.cat\/es\/wp-json\/wp\/v2\/users\/1"}],"replies":[{"embeddable":true,"href":"https:\/\/barcelona.euses.cat\/es\/wp-json\/wp\/v2\/comments?post=5834"}],"version-history":[{"count":0,"href":"https:\/\/barcelona.euses.cat\/es\/wp-json\/wp\/v2\/posts\/5834\/revisions"}],"wp:featuredmedia":[{"embeddable":true,"href":"https:\/\/barcelona.euses.cat\/es\/wp-json\/wp\/v2\/media\/5270"}],"wp:attachment":[{"href":"https:\/\/barcelona.euses.cat\/es\/wp-json\/wp\/v2\/media?parent=5834"}],"wp:term":[{"taxonomy":"category","embeddable":true,"href":"https:\/\/barcelona.euses.cat\/es\/wp-json\/wp\/v2\/categories?post=5834"},{"taxonomy":"post_tag","embeddable":true,"href":"https:\/\/barcelona.euses.cat\/es\/wp-json\/wp\/v2\/tags?post=5834"}],"curies":[{"name":"wp","href":"https:\/\/api.w.org\/{rel}","templated":true}]}}