{"id":5821,"date":"2017-10-30T00:00:00","date_gmt":"2017-10-29T23:00:00","guid":{"rendered":"http:\/\/physiotherapybarcelona.net\/el-plan-de-estudios-del-grado-en-fisioterapia-internacional-apuesta-por-la-innovacion-y-la-especializacion-adaptandose-a-las-demandas-del-mercado-laboral-actual\/"},"modified":"2017-10-30T00:00:00","modified_gmt":"2017-10-29T23:00:00","slug":"el-plan-de-estudios-del-grado-en-fisioterapia-internacional-apuesta-por-la-innovacion-y-la-especializacion-adaptandose-a-las-demandas-del-mercado-laboral-actual","status":"publish","type":"post","link":"https:\/\/barcelona.euses.cat\/es\/el-plan-de-estudios-del-grado-en-fisioterapia-internacional-apuesta-por-la-innovacion-y-la-especializacion-adaptandose-a-las-demandas-del-mercado-laboral-actual\/","title":{"rendered":"El plan de estudios del Grado en Fisioterapia Internacional apuesta por la innovaci\u00f3n y la especializaci\u00f3n, adapt\u00e1ndose a las demandas del mercado laboral actual"},"content":{"rendered":"<p style=\"text-align: justify;\">El <a href=\"https:\/\/goo.gl\/h2jGqa\"><strong>Grado en Fisioterapia Internacional de la Escuela de Nuevas Tecnolog\u00edas Interactivas (ENTI-UB) y de la Escuela de la Salud y el Deporte (EUSES-UdG)<\/strong><\/a> incide en una formaci\u00f3n hol\u00edstica y especializada en los diferentes aspectos de la fisioterapia como: la valoraci\u00f3n, el diagn\u00f3stico, el dise\u00f1o y el desarrollo de tratamientos, estudiando \u00edntegramente en ingl\u00e9s y con una clara vocaci\u00f3n global. Adem\u00e1s, para responder a las demandas y necesidades de la sociedad actual, el <strong>plan de estudios<\/strong> de esta titulaci\u00f3n introduce las <strong>nuevas TIC<\/strong>, propias <strong>del e-health<\/strong>, aplicadas a la fisioterapia.<\/p>\n<p style=\"text-align: justify;\">En cuanto al plan de estudios, cabe se\u00f1alar que esta titulaci\u00f3n universitaria se estructura en cuatro cursos centrados en m\u00f3dulos concretos de conocimiento. Durante el <strong>1r curso<\/strong>, en el <strong>m\u00f3dulo de Anatomofisiolog\u00eda<\/strong>, como su nombre indica, llevar\u00e1s a cabo asignaturas del \u00e1mbito de la <strong>anatom\u00eda<\/strong> y la <strong>fisiolog\u00eda<\/strong>. En concreto en <strong>Anatom\u00eda I<\/strong>, aprender\u00e1s a identificar y conocer las estructuras anat\u00f3micas con el fin de establecer relaciones din\u00e1micas con la organizaci\u00f3n funcional de las mismas y su aplicaci\u00f3n en la fisioterapia. Por lo tanto, conocer\u00e1s las generalidades del cuerpo humano y los efectos de la pr\u00e1ctica del ejercicio f\u00edsico sobre las estructuras m\u00fasculo-esquel\u00e9ticas, entre otros aspectos. En cambio, <strong>Anatom\u00eda II<\/strong> se centra en aspectos m\u00e1s concretos como la <strong>Anatom\u00eda<\/strong> del <strong>sistema nervioso<\/strong>, del sistema endocrino, del aparato circulatorio, del sistema linf\u00e1tico e inmunitario, etc. Siguiendo en el mismo m\u00f3dulo, en <strong>Fisiolog\u00eda<\/strong>, conocer\u00e1s a fondo el funcionamiento del cuerpo humano y la interrelaci\u00f3n entre los diferentes \u00f3rganos.<\/p>\n<p style=\"text-align: justify;\">En el m\u00f3dulo de <strong>ciencias b\u00e1sicas<\/strong>, estudiar\u00e1s <strong>Biolog\u00eda<\/strong> centrada en el estudio de la c\u00e9lula como unidad elemental que forma los seres vivos; <strong>Bioqu\u00edmica<\/strong> pone el foco en la estructura y funciones principales de las biomol\u00e9culas y <strong>F\u00edsica<\/strong>, durante la cual, se describe formalmente la mec\u00e1nica de los s\u00f3lidos, de los fluidos y de los campos electromagn\u00e9ticos como base del funcionamiento del sistema m\u00fasculo-esquel\u00e9tico. En primer curso, tambi\u00e9n estudiar\u00e1s <strong>ingl\u00e9s<\/strong> <strong>cient\u00edfico<\/strong> con el objetivo de utilizar la <strong>lengua inglesa<\/strong> en el nivel de excelencia acad\u00e9mica; <strong>Fundamentos de fisioterapia<\/strong> que te proporcionar\u00e1 las herramientas para el adecuado desarrollo de competencias pr\u00e1cticas y te\u00f3ricas dentro del marco de la movilizaci\u00f3n articular pasiva. Finalmente en <strong>Valoraci\u00f3n en Fisioterapia<\/strong>, ser\u00e1s capaz de valorar desde la perspectiva de la fisioterapia el estado funcional del paciente\/usuario, considerando los aspectos f\u00edsicos, psicol\u00f3gicos y sociales del mismo.<\/p>\n<p style=\"text-align: justify;\">En segundo curso, podr\u00e1s cursar los m\u00f3dulos de: Ciencias sociales, Procedimientos generales en fisioterapia, Biomec\u00e1nica, Cinesiterapia, M\u00e9todos espec\u00edficos de intervenci\u00f3n en fisioterapia I, Afecciones m\u00e9dico-quir\u00fargicas I. En <strong>Ciencias sociales<\/strong> llevar\u00e1s a cabo asignaturas como <strong>Psicolog\u00eda<\/strong>, durante la cual, alcanzar\u00e1s una formaci\u00f3n te\u00f3rica y pr\u00e1ctica en determinados aspectos psicol\u00f3gicos y sociales implicados en el campo de la fisioterapia y <strong>Antropolog\u00eda<\/strong>, en la cual, desde una perspectiva hol\u00edstica y \u00e9tica, se propone el an\u00e1lisis de las causas culturales y de los conflictos que inciden en la salud, en su desequilibrio y la repercusi\u00f3n social que tienen sus significados.<\/p>\n<p style=\"text-align: justify;\">Dentro de <strong>Procedimientos generales en fisioterapia<\/strong> se incluyen: <strong>Masoterapia<\/strong>, donde aprender\u00e1s varias t\u00e9cnicas y m\u00e9todos espec\u00edficos de actuaciones fisioter\u00e1picas y su aplicaci\u00f3n en las diferentes patolog\u00edas y para la conservaci\u00f3n de la salud, as\u00ed como tambi\u00e9n, <strong>Aplicaci\u00f3n de agentes F\u00edsicos<\/strong>, durante la cual, adquirir\u00e1s las bases de la aplicaci\u00f3n de los Agentes F\u00edsicos en Fisioterapia. Adem\u00e1s, para entender mejor su aplicaci\u00f3n, trabajar\u00e1s varios conceptos y principios cient\u00edficos.<\/p>\n<p style=\"text-align: justify;\">Por otro lado, tambi\u00e9n realizar\u00e1s asignaturas t\u00e9cnicas como <strong>Desarrollo<\/strong> <strong>de Estudios Tecnol\u00f3gicos<\/strong> y <strong>Biomec\u00e1nica<\/strong>, tambi\u00e9n conocida como <strong>Anatom\u00eda del Movimiento<\/strong>, que aborda los principios f\u00edsicos de la Mec\u00e1nica aplicados al sistema m\u00fasculo-esquel\u00e9tico y funcional del ser humano. Sin dejar de lado otras interesantes materias como: <strong>Cinesiterapia<\/strong> y t\u00e9cnicas espec\u00edficas de tratamiento, incorporando el concepto de neurodin\u00e1mica y la aplicaci\u00f3n de las t\u00e9cnicas b\u00e1sicas de la misma.<\/p>\n<p style=\"text-align: justify;\">En <strong>M\u00e9todos espec\u00edficos de intervenci\u00f3n en fisioterapia I<\/strong> estudiar\u00e1s: <strong>Atenci\u00f3n de Fisioterapia<\/strong> <strong>en las Lesiones del Aparato Locomotor<\/strong>, en la cual, se lleva a cabo el abordaje y tratamiento de fisioterapia en el paciente afectado de lesiones en el aparato locomotor; la <strong>Terapia Manual<\/strong>, conocer\u00e1s las bases del tratamiento osteop\u00e1tico estructural desde la vertiente fisioterap\u00e9utica y Cadenas Musculares, a lo largo de la cual, conocer\u00e1s los elementos corporales que nos permiten mantener el equilibrio y adoptar una postura determinada.<\/p>\n<p style=\"text-align: justify;\">En el bloque de <strong>Afecciones m\u00e9dico-quir\u00fargicas I<\/strong> de segundo curso, llevar\u00e1s a cabo asignaturas centradas en la atenci\u00f3n de los pacientes como: <strong>Afecciones M\u00e9dico-Quir\u00fargicas<\/strong>, donde conocer\u00e1s las principales enfermedades, s\u00edndromes y dolores y su relaci\u00f3n con el dolor m\u00fasculo-esquel\u00e9tico; <strong>Patolog\u00eda Traumatol\u00f3gica<\/strong>, centrada en las patolog\u00edas del aparato locomotor, estudiando etiolog\u00eda, diagn\u00f3stico y tratamiento de las mismas y <strong>Atenci\u00f3n Sanitaria<\/strong> <strong>B\u00e1sica<\/strong>,\u00a0 aborda el conocimiento de la persona dentro del contexto de la salud, as\u00ed como, la realizaci\u00f3n y atenci\u00f3n b\u00e1sica en las emergencias sanitarias.<\/p>\n<p style=\"text-align: justify;\">En los \u00faltimos cursos, 3\u00ba y 4\u00ba llega el momento de la <strong>especializaci\u00f3n<\/strong>. En <strong>tercer curso<\/strong>, a trav\u00e9s de los m\u00f3dulos de: Fisioterapia en especialidades cl\u00ednicas, M\u00e9todos espec\u00edficos de intervenci\u00f3n en fisioterapia II, Legislaci\u00f3n, salud p\u00fablica y administraci\u00f3n sanitaria, Metodolog\u00eda de investigaci\u00f3n en fisioterapia, Afecciones m\u00e9dico-quir\u00fargicas II y Pr\u00e1cticum I, dispondr\u00e1s de una s\u00f3lida base te\u00f3rica y pr\u00e1ctica que te ayudar\u00e1 a <strong>encaminar tu futuro profesional.<\/strong><\/p>\n<p style=\"text-align: justify;\">Finalmente, en <strong>cuarto curso<\/strong>, podr\u00e1s completar tu curr\u00edculum acad\u00e9mico, escogiendo entre varias asignaturas <strong>optativas<\/strong>: Ortesis y Pr\u00f3tesis, Reeducaci\u00f3n Postural y del Movimiento, Terapia del Deporte, Programaci\u00f3n de Apps de Fisioterapia para dispositivos M\u00f3viles, Introducci\u00f3n al diagn\u00f3stico por la imagen en fisioterapia, entre muchas otras. Adem\u00e1s, del pr\u00e1cticum II y el Trabajo de fin de Grau.<\/p>\n<p style=\"text-align: justify;\">Apuesta por una formaci\u00f3n que da respuesta a los retos del sector, estudiando el <a href=\"https:\/\/goo.gl\/h2jGqa\"><strong>Grado en Fisioterapia Internacional<\/strong><\/a> en el Campus de la UB.<\/p>\n<p style=\"text-align: justify;\">En este <a href=\"https:\/\/goo.gl\/h2jGqa\"><strong>enlace<\/strong><\/a>, puedes consultar el plan de estudios al completo.<\/p>\n<p><strong>\u00a0<\/strong><\/p>\n","protected":false},"excerpt":{"rendered":"<p>El Grado en Fisioterapia Internacional de la Escuela de Nuevas Tecnolog\u00edas Interactivas (ENTI-UB) y de la Escuela de la Salud y el Deporte (EUSES-UdG) incide en una formaci\u00f3n hol\u00edstica y especializada en los diferentes aspectos de la fisioterapia como: la valoraci\u00f3n, el diagn\u00f3stico, el dise\u00f1o y el desarrollo de tratamientos, estudiando \u00edntegramente en ingl\u00e9s y [&hellip;]<\/p>\n","protected":false},"author":1,"featured_media":5200,"comment_status":"closed","ping_status":"closed","sticky":false,"template":"","format":"standard","meta":{"_acf_changed":false,"inline_featured_image":false,"_joinchat":[],"footnotes":""},"categories":[1],"tags":[44],"class_list":["post-5821","post","type-post","status-publish","format-standard","has-post-thumbnail","hentry","category-sin-categorizar","tag-castellano"],"acf":[],"yoast_head":"<!-- This site is optimized with the Yoast SEO plugin v27.4 - https:\/\/yoast.com\/product\/yoast-seo-wordpress\/ -->\n<title>El plan de estudios del Grado en Fisioterapia Internacional apuesta por la innovaci\u00f3n y la especializaci\u00f3n, adapt\u00e1ndose a las demandas del mercado laboral actual | EUSES - Campus de Bellvitge (Barcelona)<\/title>\n<meta name=\"robots\" content=\"index, follow, max-snippet:-1, max-image-preview:large, max-video-preview:-1\" \/>\n<link rel=\"canonical\" href=\"https:\/\/barcelona.euses.cat\/es\/el-plan-de-estudios-del-grado-en-fisioterapia-internacional-apuesta-por-la-innovacion-y-la-especializacion-adaptandose-a-las-demandas-del-mercado-laboral-actual\/\" \/>\n<meta property=\"og:locale\" content=\"es_ES\" \/>\n<meta property=\"og:type\" content=\"article\" \/>\n<meta property=\"og:title\" content=\"El plan de estudios del Grado en Fisioterapia Internacional apuesta por la innovaci\u00f3n y la especializaci\u00f3n, adapt\u00e1ndose a las demandas del mercado laboral actual | EUSES - Campus de Bellvitge (Barcelona)\" \/>\n<meta property=\"og:description\" content=\"El Grado en Fisioterapia Internacional de la Escuela de Nuevas Tecnolog\u00edas Interactivas (ENTI-UB) y de la Escuela de la Salud y el Deporte (EUSES-UdG) incide en una formaci\u00f3n hol\u00edstica y especializada en los diferentes aspectos de la fisioterapia como: la valoraci\u00f3n, el diagn\u00f3stico, el dise\u00f1o y el desarrollo de tratamientos, estudiando \u00edntegramente en ingl\u00e9s y [&hellip;]\" \/>\n<meta property=\"og:url\" content=\"https:\/\/barcelona.euses.cat\/es\/el-plan-de-estudios-del-grado-en-fisioterapia-internacional-apuesta-por-la-innovacion-y-la-especializacion-adaptandose-a-las-demandas-del-mercado-laboral-actual\/\" \/>\n<meta property=\"og:site_name\" content=\"EUSES - Campus de Bellvitge (Barcelona)\" \/>\n<meta property=\"article:publisher\" content=\"https:\/\/www.facebook.com\/PhysioBCN\/\" \/>\n<meta property=\"article:published_time\" content=\"2017-10-29T23:00:00+00:00\" \/>\n<meta property=\"og:image\" content=\"https:\/\/barcelona.euses.cat\/wp-content\/uploads\/2018\/02\/l1.jpg\" \/>\n\t<meta property=\"og:image:width\" content=\"749\" \/>\n\t<meta property=\"og:image:height\" content=\"500\" \/>\n\t<meta property=\"og:image:type\" content=\"image\/jpeg\" \/>\n<meta name=\"author\" content=\"neorg\" \/>\n<meta name=\"twitter:card\" content=\"summary_large_image\" \/>\n<meta name=\"twitter:label1\" content=\"Escrito por\" \/>\n\t<meta name=\"twitter:data1\" content=\"neorg\" \/>\n\t<meta name=\"twitter:label2\" content=\"Tiempo de lectura\" \/>\n\t<meta name=\"twitter:data2\" content=\"6 minutos\" \/>\n<script type=\"application\/ld+json\" class=\"yoast-schema-graph\">{\"@context\":\"https:\\\/\\\/schema.org\",\"@graph\":[{\"@type\":\"Article\",\"@id\":\"https:\\\/\\\/barcelona.euses.cat\\\/es\\\/el-plan-de-estudios-del-grado-en-fisioterapia-internacional-apuesta-por-la-innovacion-y-la-especializacion-adaptandose-a-las-demandas-del-mercado-laboral-actual\\\/#article\",\"isPartOf\":{\"@id\":\"https:\\\/\\\/barcelona.euses.cat\\\/es\\\/el-plan-de-estudios-del-grado-en-fisioterapia-internacional-apuesta-por-la-innovacion-y-la-especializacion-adaptandose-a-las-demandas-del-mercado-laboral-actual\\\/\"},\"author\":{\"name\":\"neorg\",\"@id\":\"https:\\\/\\\/barcelona.euses.cat\\\/ca\\\/#\\\/schema\\\/person\\\/c3074ca9d956eacf02e41e2ff78e53ab\"},\"headline\":\"El plan de estudios del Grado en Fisioterapia Internacional apuesta por la innovaci\u00f3n y la especializaci\u00f3n, adapt\u00e1ndose a las demandas del mercado laboral actual\",\"datePublished\":\"2017-10-29T23:00:00+00:00\",\"mainEntityOfPage\":{\"@id\":\"https:\\\/\\\/barcelona.euses.cat\\\/es\\\/el-plan-de-estudios-del-grado-en-fisioterapia-internacional-apuesta-por-la-innovacion-y-la-especializacion-adaptandose-a-las-demandas-del-mercado-laboral-actual\\\/\"},\"wordCount\":1135,\"image\":{\"@id\":\"https:\\\/\\\/barcelona.euses.cat\\\/es\\\/el-plan-de-estudios-del-grado-en-fisioterapia-internacional-apuesta-por-la-innovacion-y-la-especializacion-adaptandose-a-las-demandas-del-mercado-laboral-actual\\\/#primaryimage\"},\"thumbnailUrl\":\"https:\\\/\\\/barcelona.euses.cat\\\/wp-content\\\/uploads\\\/2018\\\/02\\\/l1.jpg\",\"keywords\":[\"Castellano\"],\"articleSection\":[\"Sin categorizar\"],\"inLanguage\":\"es\"},{\"@type\":\"WebPage\",\"@id\":\"https:\\\/\\\/barcelona.euses.cat\\\/es\\\/el-plan-de-estudios-del-grado-en-fisioterapia-internacional-apuesta-por-la-innovacion-y-la-especializacion-adaptandose-a-las-demandas-del-mercado-laboral-actual\\\/\",\"url\":\"https:\\\/\\\/barcelona.euses.cat\\\/es\\\/el-plan-de-estudios-del-grado-en-fisioterapia-internacional-apuesta-por-la-innovacion-y-la-especializacion-adaptandose-a-las-demandas-del-mercado-laboral-actual\\\/\",\"name\":\"El plan de estudios del Grado en Fisioterapia Internacional apuesta por la innovaci\u00f3n y la especializaci\u00f3n, adapt\u00e1ndose a las demandas del mercado laboral actual | EUSES - Campus de Bellvitge (Barcelona)\",\"isPartOf\":{\"@id\":\"https:\\\/\\\/barcelona.euses.cat\\\/ca\\\/#website\"},\"primaryImageOfPage\":{\"@id\":\"https:\\\/\\\/barcelona.euses.cat\\\/es\\\/el-plan-de-estudios-del-grado-en-fisioterapia-internacional-apuesta-por-la-innovacion-y-la-especializacion-adaptandose-a-las-demandas-del-mercado-laboral-actual\\\/#primaryimage\"},\"image\":{\"@id\":\"https:\\\/\\\/barcelona.euses.cat\\\/es\\\/el-plan-de-estudios-del-grado-en-fisioterapia-internacional-apuesta-por-la-innovacion-y-la-especializacion-adaptandose-a-las-demandas-del-mercado-laboral-actual\\\/#primaryimage\"},\"thumbnailUrl\":\"https:\\\/\\\/barcelona.euses.cat\\\/wp-content\\\/uploads\\\/2018\\\/02\\\/l1.jpg\",\"datePublished\":\"2017-10-29T23:00:00+00:00\",\"author\":{\"@id\":\"https:\\\/\\\/barcelona.euses.cat\\\/ca\\\/#\\\/schema\\\/person\\\/c3074ca9d956eacf02e41e2ff78e53ab\"},\"breadcrumb\":{\"@id\":\"https:\\\/\\\/barcelona.euses.cat\\\/es\\\/el-plan-de-estudios-del-grado-en-fisioterapia-internacional-apuesta-por-la-innovacion-y-la-especializacion-adaptandose-a-las-demandas-del-mercado-laboral-actual\\\/#breadcrumb\"},\"inLanguage\":\"es\",\"potentialAction\":[{\"@type\":\"ReadAction\",\"target\":[\"https:\\\/\\\/barcelona.euses.cat\\\/es\\\/el-plan-de-estudios-del-grado-en-fisioterapia-internacional-apuesta-por-la-innovacion-y-la-especializacion-adaptandose-a-las-demandas-del-mercado-laboral-actual\\\/\"]}]},{\"@type\":\"ImageObject\",\"inLanguage\":\"es\",\"@id\":\"https:\\\/\\\/barcelona.euses.cat\\\/es\\\/el-plan-de-estudios-del-grado-en-fisioterapia-internacional-apuesta-por-la-innovacion-y-la-especializacion-adaptandose-a-las-demandas-del-mercado-laboral-actual\\\/#primaryimage\",\"url\":\"https:\\\/\\\/barcelona.euses.cat\\\/wp-content\\\/uploads\\\/2018\\\/02\\\/l1.jpg\",\"contentUrl\":\"https:\\\/\\\/barcelona.euses.cat\\\/wp-content\\\/uploads\\\/2018\\\/02\\\/l1.jpg\",\"width\":749,\"height\":500},{\"@type\":\"BreadcrumbList\",\"@id\":\"https:\\\/\\\/barcelona.euses.cat\\\/es\\\/el-plan-de-estudios-del-grado-en-fisioterapia-internacional-apuesta-por-la-innovacion-y-la-especializacion-adaptandose-a-las-demandas-del-mercado-laboral-actual\\\/#breadcrumb\",\"itemListElement\":[{\"@type\":\"ListItem\",\"position\":1,\"name\":\"Portada\",\"item\":\"https:\\\/\\\/barcelona.euses.cat\\\/es\\\/\"},{\"@type\":\"ListItem\",\"position\":2,\"name\":\"El plan de estudios del Grado en Fisioterapia Internacional apuesta por la innovaci\u00f3n y la especializaci\u00f3n, adapt\u00e1ndose a las demandas del mercado laboral actual\"}]},{\"@type\":\"WebSite\",\"@id\":\"https:\\\/\\\/barcelona.euses.cat\\\/ca\\\/#website\",\"url\":\"https:\\\/\\\/barcelona.euses.cat\\\/ca\\\/\",\"name\":\"EUSES - Campus de Bellvitge (Barcelona)\",\"description\":\"EUSES, Escuela Universitaria de Fisioterapia Internacional en Barcelona\",\"potentialAction\":[{\"@type\":\"SearchAction\",\"target\":{\"@type\":\"EntryPoint\",\"urlTemplate\":\"https:\\\/\\\/barcelona.euses.cat\\\/ca\\\/?s={search_term_string}\"},\"query-input\":{\"@type\":\"PropertyValueSpecification\",\"valueRequired\":true,\"valueName\":\"search_term_string\"}}],\"inLanguage\":\"es\"},{\"@type\":\"Person\",\"@id\":\"https:\\\/\\\/barcelona.euses.cat\\\/ca\\\/#\\\/schema\\\/person\\\/c3074ca9d956eacf02e41e2ff78e53ab\",\"name\":\"neorg\",\"image\":{\"@type\":\"ImageObject\",\"inLanguage\":\"es\",\"@id\":\"https:\\\/\\\/secure.gravatar.com\\\/avatar\\\/709d3d8015183afa7401c02e2291a538cbfd4ffe62f4d86ce5f4871f22e86b09?s=96&d=mm&r=g\",\"url\":\"https:\\\/\\\/secure.gravatar.com\\\/avatar\\\/709d3d8015183afa7401c02e2291a538cbfd4ffe62f4d86ce5f4871f22e86b09?s=96&d=mm&r=g\",\"contentUrl\":\"https:\\\/\\\/secure.gravatar.com\\\/avatar\\\/709d3d8015183afa7401c02e2291a538cbfd4ffe62f4d86ce5f4871f22e86b09?s=96&d=mm&r=g\",\"caption\":\"neorg\"},\"url\":\"https:\\\/\\\/barcelona.euses.cat\\\/es\\\/author\\\/neorg\\\/\"}]}<\/script>\n<!-- \/ Yoast SEO plugin. -->","yoast_head_json":{"title":"El plan de estudios del Grado en Fisioterapia Internacional apuesta por la innovaci\u00f3n y la especializaci\u00f3n, adapt\u00e1ndose a las demandas del mercado laboral actual | EUSES - Campus de Bellvitge (Barcelona)","robots":{"index":"index","follow":"follow","max-snippet":"max-snippet:-1","max-image-preview":"max-image-preview:large","max-video-preview":"max-video-preview:-1"},"canonical":"https:\/\/barcelona.euses.cat\/es\/el-plan-de-estudios-del-grado-en-fisioterapia-internacional-apuesta-por-la-innovacion-y-la-especializacion-adaptandose-a-las-demandas-del-mercado-laboral-actual\/","og_locale":"es_ES","og_type":"article","og_title":"El plan de estudios del Grado en Fisioterapia Internacional apuesta por la innovaci\u00f3n y la especializaci\u00f3n, adapt\u00e1ndose a las demandas del mercado laboral actual | EUSES - Campus de Bellvitge (Barcelona)","og_description":"El Grado en Fisioterapia Internacional de la Escuela de Nuevas Tecnolog\u00edas Interactivas (ENTI-UB) y de la Escuela de la Salud y el Deporte (EUSES-UdG) incide en una formaci\u00f3n hol\u00edstica y especializada en los diferentes aspectos de la fisioterapia como: la valoraci\u00f3n, el diagn\u00f3stico, el dise\u00f1o y el desarrollo de tratamientos, estudiando \u00edntegramente en ingl\u00e9s y [&hellip;]","og_url":"https:\/\/barcelona.euses.cat\/es\/el-plan-de-estudios-del-grado-en-fisioterapia-internacional-apuesta-por-la-innovacion-y-la-especializacion-adaptandose-a-las-demandas-del-mercado-laboral-actual\/","og_site_name":"EUSES - Campus de Bellvitge (Barcelona)","article_publisher":"https:\/\/www.facebook.com\/PhysioBCN\/","article_published_time":"2017-10-29T23:00:00+00:00","og_image":[{"width":749,"height":500,"url":"https:\/\/barcelona.euses.cat\/wp-content\/uploads\/2018\/02\/l1.jpg","type":"image\/jpeg"}],"author":"neorg","twitter_card":"summary_large_image","twitter_misc":{"Escrito por":"neorg","Tiempo de lectura":"6 minutos"},"schema":{"@context":"https:\/\/schema.org","@graph":[{"@type":"Article","@id":"https:\/\/barcelona.euses.cat\/es\/el-plan-de-estudios-del-grado-en-fisioterapia-internacional-apuesta-por-la-innovacion-y-la-especializacion-adaptandose-a-las-demandas-del-mercado-laboral-actual\/#article","isPartOf":{"@id":"https:\/\/barcelona.euses.cat\/es\/el-plan-de-estudios-del-grado-en-fisioterapia-internacional-apuesta-por-la-innovacion-y-la-especializacion-adaptandose-a-las-demandas-del-mercado-laboral-actual\/"},"author":{"name":"neorg","@id":"https:\/\/barcelona.euses.cat\/ca\/#\/schema\/person\/c3074ca9d956eacf02e41e2ff78e53ab"},"headline":"El plan de estudios del Grado en Fisioterapia Internacional apuesta por la innovaci\u00f3n y la especializaci\u00f3n, adapt\u00e1ndose a las demandas del mercado laboral actual","datePublished":"2017-10-29T23:00:00+00:00","mainEntityOfPage":{"@id":"https:\/\/barcelona.euses.cat\/es\/el-plan-de-estudios-del-grado-en-fisioterapia-internacional-apuesta-por-la-innovacion-y-la-especializacion-adaptandose-a-las-demandas-del-mercado-laboral-actual\/"},"wordCount":1135,"image":{"@id":"https:\/\/barcelona.euses.cat\/es\/el-plan-de-estudios-del-grado-en-fisioterapia-internacional-apuesta-por-la-innovacion-y-la-especializacion-adaptandose-a-las-demandas-del-mercado-laboral-actual\/#primaryimage"},"thumbnailUrl":"https:\/\/barcelona.euses.cat\/wp-content\/uploads\/2018\/02\/l1.jpg","keywords":["Castellano"],"articleSection":["Sin categorizar"],"inLanguage":"es"},{"@type":"WebPage","@id":"https:\/\/barcelona.euses.cat\/es\/el-plan-de-estudios-del-grado-en-fisioterapia-internacional-apuesta-por-la-innovacion-y-la-especializacion-adaptandose-a-las-demandas-del-mercado-laboral-actual\/","url":"https:\/\/barcelona.euses.cat\/es\/el-plan-de-estudios-del-grado-en-fisioterapia-internacional-apuesta-por-la-innovacion-y-la-especializacion-adaptandose-a-las-demandas-del-mercado-laboral-actual\/","name":"El plan de estudios del Grado en Fisioterapia Internacional apuesta por la innovaci\u00f3n y la especializaci\u00f3n, adapt\u00e1ndose a las demandas del mercado laboral actual | EUSES - Campus de Bellvitge (Barcelona)","isPartOf":{"@id":"https:\/\/barcelona.euses.cat\/ca\/#website"},"primaryImageOfPage":{"@id":"https:\/\/barcelona.euses.cat\/es\/el-plan-de-estudios-del-grado-en-fisioterapia-internacional-apuesta-por-la-innovacion-y-la-especializacion-adaptandose-a-las-demandas-del-mercado-laboral-actual\/#primaryimage"},"image":{"@id":"https:\/\/barcelona.euses.cat\/es\/el-plan-de-estudios-del-grado-en-fisioterapia-internacional-apuesta-por-la-innovacion-y-la-especializacion-adaptandose-a-las-demandas-del-mercado-laboral-actual\/#primaryimage"},"thumbnailUrl":"https:\/\/barcelona.euses.cat\/wp-content\/uploads\/2018\/02\/l1.jpg","datePublished":"2017-10-29T23:00:00+00:00","author":{"@id":"https:\/\/barcelona.euses.cat\/ca\/#\/schema\/person\/c3074ca9d956eacf02e41e2ff78e53ab"},"breadcrumb":{"@id":"https:\/\/barcelona.euses.cat\/es\/el-plan-de-estudios-del-grado-en-fisioterapia-internacional-apuesta-por-la-innovacion-y-la-especializacion-adaptandose-a-las-demandas-del-mercado-laboral-actual\/#breadcrumb"},"inLanguage":"es","potentialAction":[{"@type":"ReadAction","target":["https:\/\/barcelona.euses.cat\/es\/el-plan-de-estudios-del-grado-en-fisioterapia-internacional-apuesta-por-la-innovacion-y-la-especializacion-adaptandose-a-las-demandas-del-mercado-laboral-actual\/"]}]},{"@type":"ImageObject","inLanguage":"es","@id":"https:\/\/barcelona.euses.cat\/es\/el-plan-de-estudios-del-grado-en-fisioterapia-internacional-apuesta-por-la-innovacion-y-la-especializacion-adaptandose-a-las-demandas-del-mercado-laboral-actual\/#primaryimage","url":"https:\/\/barcelona.euses.cat\/wp-content\/uploads\/2018\/02\/l1.jpg","contentUrl":"https:\/\/barcelona.euses.cat\/wp-content\/uploads\/2018\/02\/l1.jpg","width":749,"height":500},{"@type":"BreadcrumbList","@id":"https:\/\/barcelona.euses.cat\/es\/el-plan-de-estudios-del-grado-en-fisioterapia-internacional-apuesta-por-la-innovacion-y-la-especializacion-adaptandose-a-las-demandas-del-mercado-laboral-actual\/#breadcrumb","itemListElement":[{"@type":"ListItem","position":1,"name":"Portada","item":"https:\/\/barcelona.euses.cat\/es\/"},{"@type":"ListItem","position":2,"name":"El plan de estudios del Grado en Fisioterapia Internacional apuesta por la innovaci\u00f3n y la especializaci\u00f3n, adapt\u00e1ndose a las demandas del mercado laboral actual"}]},{"@type":"WebSite","@id":"https:\/\/barcelona.euses.cat\/ca\/#website","url":"https:\/\/barcelona.euses.cat\/ca\/","name":"EUSES - Campus de Bellvitge (Barcelona)","description":"EUSES, Escuela Universitaria de Fisioterapia Internacional en Barcelona","potentialAction":[{"@type":"SearchAction","target":{"@type":"EntryPoint","urlTemplate":"https:\/\/barcelona.euses.cat\/ca\/?s={search_term_string}"},"query-input":{"@type":"PropertyValueSpecification","valueRequired":true,"valueName":"search_term_string"}}],"inLanguage":"es"},{"@type":"Person","@id":"https:\/\/barcelona.euses.cat\/ca\/#\/schema\/person\/c3074ca9d956eacf02e41e2ff78e53ab","name":"neorg","image":{"@type":"ImageObject","inLanguage":"es","@id":"https:\/\/secure.gravatar.com\/avatar\/709d3d8015183afa7401c02e2291a538cbfd4ffe62f4d86ce5f4871f22e86b09?s=96&d=mm&r=g","url":"https:\/\/secure.gravatar.com\/avatar\/709d3d8015183afa7401c02e2291a538cbfd4ffe62f4d86ce5f4871f22e86b09?s=96&d=mm&r=g","contentUrl":"https:\/\/secure.gravatar.com\/avatar\/709d3d8015183afa7401c02e2291a538cbfd4ffe62f4d86ce5f4871f22e86b09?s=96&d=mm&r=g","caption":"neorg"},"url":"https:\/\/barcelona.euses.cat\/es\/author\/neorg\/"}]}},"_links":{"self":[{"href":"https:\/\/barcelona.euses.cat\/es\/wp-json\/wp\/v2\/posts\/5821","targetHints":{"allow":["GET"]}}],"collection":[{"href":"https:\/\/barcelona.euses.cat\/es\/wp-json\/wp\/v2\/posts"}],"about":[{"href":"https:\/\/barcelona.euses.cat\/es\/wp-json\/wp\/v2\/types\/post"}],"author":[{"embeddable":true,"href":"https:\/\/barcelona.euses.cat\/es\/wp-json\/wp\/v2\/users\/1"}],"replies":[{"embeddable":true,"href":"https:\/\/barcelona.euses.cat\/es\/wp-json\/wp\/v2\/comments?post=5821"}],"version-history":[{"count":0,"href":"https:\/\/barcelona.euses.cat\/es\/wp-json\/wp\/v2\/posts\/5821\/revisions"}],"wp:featuredmedia":[{"embeddable":true,"href":"https:\/\/barcelona.euses.cat\/es\/wp-json\/wp\/v2\/media\/5200"}],"wp:attachment":[{"href":"https:\/\/barcelona.euses.cat\/es\/wp-json\/wp\/v2\/media?parent=5821"}],"wp:term":[{"taxonomy":"category","embeddable":true,"href":"https:\/\/barcelona.euses.cat\/es\/wp-json\/wp\/v2\/categories?post=5821"},{"taxonomy":"post_tag","embeddable":true,"href":"https:\/\/barcelona.euses.cat\/es\/wp-json\/wp\/v2\/tags?post=5821"}],"curies":[{"name":"wp","href":"https:\/\/api.w.org\/{rel}","templated":true}]}}