{"id":5813,"date":"2017-12-13T00:00:00","date_gmt":"2017-12-12T23:00:00","guid":{"rendered":"http:\/\/physiotherapybarcelona.net\/los-estudiantes-del-grado-en-fisioterapia-internacional-de-barcelona-y-del-grado-en-fisioterapia-de-euses-udg-han-participado-como-voluntarios-en-la-media-maraton-de-mataro-y-en-la-carrera-de-la-asoci\/"},"modified":"2017-12-13T00:00:00","modified_gmt":"2017-12-12T23:00:00","slug":"los-estudiantes-del-grado-en-fisioterapia-internacional-de-barcelona-y-del-grado-en-fisioterapia-de-euses-udg-han-participado-como-voluntarios-en-la-media-maraton-de-mataro-y-en-la-carrera-de-la-asoci","status":"publish","type":"post","link":"https:\/\/barcelona.euses.cat\/es\/los-estudiantes-del-grado-en-fisioterapia-internacional-de-barcelona-y-del-grado-en-fisioterapia-de-euses-udg-han-participado-como-voluntarios-en-la-media-maraton-de-mataro-y-en-la-carrera-de-la-asoci\/","title":{"rendered":"Los estudiantes del Grado en Fisioterapia Internacional de Barcelona y del Grado en Fisioterapia de EUSES-UdG han participado como voluntarios en la Media Marat\u00f3n de Matar\u00f3 y en la carrera de la Asociaci\u00f3n Espa\u00f1ola contra el C\u00e1ncer"},"content":{"rendered":"<p style=\"text-align: justify;\">Los estudiantes del <a href=\"http:\/\/physiotherapybarcelona.net\/es\/\"><strong>Grado en Fisioterapia Internacional de Barcelona<\/strong><\/a> y del <a href=\"http:\/\/euses.cat\/estudios\/grados\/grado-en-fisioterapia\/?lang=es\"><strong>Grado en Fisioterapia de EUSES-UdG, la Universidad de la Salud y del Deporte<\/strong><\/a>, han colaborado, un a\u00f1o m\u00e1s, de forma voluntaria en la <a href=\"https:\/\/goo.gl\/H3Gt11\"><strong>Media Marat\u00f3n de Matar\u00f3<\/strong><\/a>, que este a\u00f1o ha llegado hasta la 20\u00aa edici\u00f3n y se ha consolidado como una de las grandes pruebas del calendario catal\u00e1n de carreras de fondo.<\/p>\n<p style=\"text-align: justify;\">Bajo la supervisi\u00f3n del <strong>fisioterapeuta de EUSES Alumni Daniel de Celis<\/strong>, los estudiantes se han situado en una zona habilitada a la llegada, en el <strong>pabell\u00f3n Eusebi Mill\u00e1n<\/strong>, donde se han encargado de la <strong>recuperaci\u00f3n muscular<\/strong> de los participantes. Los alumnos que han participado en el voluntariado han sido: Marc Egea, Jean-Fran\u00e7ois Venet, Lucas Llenas, Fabien Mansuy, Masimilien Martocq, Clo\u00e9 Brogniet, Julie Grondin, ThomasVergnes, Dorian Cotta, Pauline Monteleone, Margaux Lhomet, Juliane Corro y Laury Tournadre.<\/p>\n<p style=\"text-align: justify;\">El mismo fin de semana, nuestros <strong>alumnos<\/strong> tambi\u00e9n participaron en la <strong>carrera<\/strong>, organizada por la <strong>Asociaci\u00f3n Espa\u00f1ola contra el C\u00e1ncer<\/strong> en Barcelona bajo la supervisi\u00f3n de <strong>Francisco Unda<\/strong>, como tutor.<\/p>\n<p style=\"text-align: justify;\">\n<p>&nbsp;<\/p>\n<p>&nbsp;<\/p>\n","protected":false},"excerpt":{"rendered":"<p>Los estudiantes del Grado en Fisioterapia Internacional de Barcelona y del Grado en Fisioterapia de EUSES-UdG, la Universidad de la Salud y del Deporte, han colaborado, un a\u00f1o m\u00e1s, de forma voluntaria en la Media Marat\u00f3n de Matar\u00f3, que este a\u00f1o ha llegado hasta la 20\u00aa edici\u00f3n y se ha consolidado como una de las [&hellip;]<\/p>\n","protected":false},"author":1,"featured_media":5205,"comment_status":"closed","ping_status":"closed","sticky":false,"template":"","format":"standard","meta":{"_acf_changed":false,"inline_featured_image":false,"_joinchat":[],"footnotes":""},"categories":[1],"tags":[44],"class_list":["post-5813","post","type-post","status-publish","format-standard","has-post-thumbnail","hentry","category-sin-categorizar","tag-castellano"],"acf":[],"yoast_head":"<!-- This site is optimized with the Yoast SEO plugin v27.4 - https:\/\/yoast.com\/product\/yoast-seo-wordpress\/ -->\n<title>Los estudiantes del Grado en Fisioterapia Internacional de Barcelona y del Grado en Fisioterapia de EUSES-UdG han participado como voluntarios en la Media Marat\u00f3n de Matar\u00f3 y en la carrera de la Asociaci\u00f3n Espa\u00f1ola contra el C\u00e1ncer | EUSES - Campus de Bellvitge (Barcelona)<\/title>\n<meta name=\"robots\" content=\"index, follow, max-snippet:-1, max-image-preview:large, max-video-preview:-1\" \/>\n<link rel=\"canonical\" href=\"https:\/\/barcelona.euses.cat\/es\/los-estudiantes-del-grado-en-fisioterapia-internacional-de-barcelona-y-del-grado-en-fisioterapia-de-euses-udg-han-participado-como-voluntarios-en-la-media-maraton-de-mataro-y-en-la-carrera-de-la-asoci\/\" \/>\n<meta property=\"og:locale\" content=\"es_ES\" \/>\n<meta property=\"og:type\" content=\"article\" \/>\n<meta property=\"og:title\" content=\"Los estudiantes del Grado en Fisioterapia Internacional de Barcelona y del Grado en Fisioterapia de EUSES-UdG han participado como voluntarios en la Media Marat\u00f3n de Matar\u00f3 y en la carrera de la Asociaci\u00f3n Espa\u00f1ola contra el C\u00e1ncer | EUSES - Campus de Bellvitge (Barcelona)\" \/>\n<meta property=\"og:description\" content=\"Los estudiantes del Grado en Fisioterapia Internacional de Barcelona y del Grado en Fisioterapia de EUSES-UdG, la Universidad de la Salud y del Deporte, han colaborado, un a\u00f1o m\u00e1s, de forma voluntaria en la Media Marat\u00f3n de Matar\u00f3, que este a\u00f1o ha llegado hasta la 20\u00aa edici\u00f3n y se ha consolidado como una de las [&hellip;]\" \/>\n<meta property=\"og:url\" content=\"https:\/\/barcelona.euses.cat\/es\/los-estudiantes-del-grado-en-fisioterapia-internacional-de-barcelona-y-del-grado-en-fisioterapia-de-euses-udg-han-participado-como-voluntarios-en-la-media-maraton-de-mataro-y-en-la-carrera-de-la-asoci\/\" \/>\n<meta property=\"og:site_name\" content=\"EUSES - Campus de Bellvitge (Barcelona)\" \/>\n<meta property=\"article:publisher\" content=\"https:\/\/www.facebook.com\/PhysioBCN\/\" \/>\n<meta property=\"article:published_time\" content=\"2017-12-12T23:00:00+00:00\" \/>\n<meta property=\"og:image\" content=\"https:\/\/barcelona.euses.cat\/wp-content\/uploads\/2018\/02\/20171203_121821.jpg\" \/>\n\t<meta property=\"og:image:width\" content=\"3264\" \/>\n\t<meta property=\"og:image:height\" content=\"1840\" \/>\n\t<meta property=\"og:image:type\" content=\"image\/jpeg\" \/>\n<meta name=\"author\" content=\"neorg\" \/>\n<meta name=\"twitter:card\" content=\"summary_large_image\" \/>\n<meta name=\"twitter:label1\" content=\"Escrito por\" \/>\n\t<meta name=\"twitter:data1\" content=\"neorg\" \/>\n\t<meta name=\"twitter:label2\" content=\"Tiempo de lectura\" \/>\n\t<meta name=\"twitter:data2\" content=\"1 minuto\" \/>\n<script type=\"application\/ld+json\" class=\"yoast-schema-graph\">{\"@context\":\"https:\\\/\\\/schema.org\",\"@graph\":[{\"@type\":\"Article\",\"@id\":\"https:\\\/\\\/barcelona.euses.cat\\\/es\\\/los-estudiantes-del-grado-en-fisioterapia-internacional-de-barcelona-y-del-grado-en-fisioterapia-de-euses-udg-han-participado-como-voluntarios-en-la-media-maraton-de-mataro-y-en-la-carrera-de-la-asoci\\\/#article\",\"isPartOf\":{\"@id\":\"https:\\\/\\\/barcelona.euses.cat\\\/es\\\/los-estudiantes-del-grado-en-fisioterapia-internacional-de-barcelona-y-del-grado-en-fisioterapia-de-euses-udg-han-participado-como-voluntarios-en-la-media-maraton-de-mataro-y-en-la-carrera-de-la-asoci\\\/\"},\"author\":{\"name\":\"neorg\",\"@id\":\"https:\\\/\\\/barcelona.euses.cat\\\/ca\\\/#\\\/schema\\\/person\\\/c3074ca9d956eacf02e41e2ff78e53ab\"},\"headline\":\"Los estudiantes del Grado en Fisioterapia Internacional de Barcelona y del Grado en Fisioterapia de EUSES-UdG han participado como voluntarios en la Media Marat\u00f3n de Matar\u00f3 y en la carrera de la Asociaci\u00f3n Espa\u00f1ola contra el C\u00e1ncer\",\"datePublished\":\"2017-12-12T23:00:00+00:00\",\"mainEntityOfPage\":{\"@id\":\"https:\\\/\\\/barcelona.euses.cat\\\/es\\\/los-estudiantes-del-grado-en-fisioterapia-internacional-de-barcelona-y-del-grado-en-fisioterapia-de-euses-udg-han-participado-como-voluntarios-en-la-media-maraton-de-mataro-y-en-la-carrera-de-la-asoci\\\/\"},\"wordCount\":227,\"image\":{\"@id\":\"https:\\\/\\\/barcelona.euses.cat\\\/es\\\/los-estudiantes-del-grado-en-fisioterapia-internacional-de-barcelona-y-del-grado-en-fisioterapia-de-euses-udg-han-participado-como-voluntarios-en-la-media-maraton-de-mataro-y-en-la-carrera-de-la-asoci\\\/#primaryimage\"},\"thumbnailUrl\":\"https:\\\/\\\/barcelona.euses.cat\\\/wp-content\\\/uploads\\\/2018\\\/02\\\/20171203_121821.jpg\",\"keywords\":[\"Castellano\"],\"articleSection\":[\"Sin categorizar\"],\"inLanguage\":\"es\"},{\"@type\":\"WebPage\",\"@id\":\"https:\\\/\\\/barcelona.euses.cat\\\/es\\\/los-estudiantes-del-grado-en-fisioterapia-internacional-de-barcelona-y-del-grado-en-fisioterapia-de-euses-udg-han-participado-como-voluntarios-en-la-media-maraton-de-mataro-y-en-la-carrera-de-la-asoci\\\/\",\"url\":\"https:\\\/\\\/barcelona.euses.cat\\\/es\\\/los-estudiantes-del-grado-en-fisioterapia-internacional-de-barcelona-y-del-grado-en-fisioterapia-de-euses-udg-han-participado-como-voluntarios-en-la-media-maraton-de-mataro-y-en-la-carrera-de-la-asoci\\\/\",\"name\":\"Los estudiantes del Grado en Fisioterapia Internacional de Barcelona y del Grado en Fisioterapia de EUSES-UdG han participado como voluntarios en la Media Marat\u00f3n de Matar\u00f3 y en la carrera de la Asociaci\u00f3n Espa\u00f1ola contra el C\u00e1ncer | EUSES - Campus de Bellvitge (Barcelona)\",\"isPartOf\":{\"@id\":\"https:\\\/\\\/barcelona.euses.cat\\\/ca\\\/#website\"},\"primaryImageOfPage\":{\"@id\":\"https:\\\/\\\/barcelona.euses.cat\\\/es\\\/los-estudiantes-del-grado-en-fisioterapia-internacional-de-barcelona-y-del-grado-en-fisioterapia-de-euses-udg-han-participado-como-voluntarios-en-la-media-maraton-de-mataro-y-en-la-carrera-de-la-asoci\\\/#primaryimage\"},\"image\":{\"@id\":\"https:\\\/\\\/barcelona.euses.cat\\\/es\\\/los-estudiantes-del-grado-en-fisioterapia-internacional-de-barcelona-y-del-grado-en-fisioterapia-de-euses-udg-han-participado-como-voluntarios-en-la-media-maraton-de-mataro-y-en-la-carrera-de-la-asoci\\\/#primaryimage\"},\"thumbnailUrl\":\"https:\\\/\\\/barcelona.euses.cat\\\/wp-content\\\/uploads\\\/2018\\\/02\\\/20171203_121821.jpg\",\"datePublished\":\"2017-12-12T23:00:00+00:00\",\"author\":{\"@id\":\"https:\\\/\\\/barcelona.euses.cat\\\/ca\\\/#\\\/schema\\\/person\\\/c3074ca9d956eacf02e41e2ff78e53ab\"},\"breadcrumb\":{\"@id\":\"https:\\\/\\\/barcelona.euses.cat\\\/es\\\/los-estudiantes-del-grado-en-fisioterapia-internacional-de-barcelona-y-del-grado-en-fisioterapia-de-euses-udg-han-participado-como-voluntarios-en-la-media-maraton-de-mataro-y-en-la-carrera-de-la-asoci\\\/#breadcrumb\"},\"inLanguage\":\"es\",\"potentialAction\":[{\"@type\":\"ReadAction\",\"target\":[\"https:\\\/\\\/barcelona.euses.cat\\\/es\\\/los-estudiantes-del-grado-en-fisioterapia-internacional-de-barcelona-y-del-grado-en-fisioterapia-de-euses-udg-han-participado-como-voluntarios-en-la-media-maraton-de-mataro-y-en-la-carrera-de-la-asoci\\\/\"]}]},{\"@type\":\"ImageObject\",\"inLanguage\":\"es\",\"@id\":\"https:\\\/\\\/barcelona.euses.cat\\\/es\\\/los-estudiantes-del-grado-en-fisioterapia-internacional-de-barcelona-y-del-grado-en-fisioterapia-de-euses-udg-han-participado-como-voluntarios-en-la-media-maraton-de-mataro-y-en-la-carrera-de-la-asoci\\\/#primaryimage\",\"url\":\"https:\\\/\\\/barcelona.euses.cat\\\/wp-content\\\/uploads\\\/2018\\\/02\\\/20171203_121821.jpg\",\"contentUrl\":\"https:\\\/\\\/barcelona.euses.cat\\\/wp-content\\\/uploads\\\/2018\\\/02\\\/20171203_121821.jpg\",\"width\":3264,\"height\":1840},{\"@type\":\"BreadcrumbList\",\"@id\":\"https:\\\/\\\/barcelona.euses.cat\\\/es\\\/los-estudiantes-del-grado-en-fisioterapia-internacional-de-barcelona-y-del-grado-en-fisioterapia-de-euses-udg-han-participado-como-voluntarios-en-la-media-maraton-de-mataro-y-en-la-carrera-de-la-asoci\\\/#breadcrumb\",\"itemListElement\":[{\"@type\":\"ListItem\",\"position\":1,\"name\":\"Portada\",\"item\":\"https:\\\/\\\/barcelona.euses.cat\\\/es\\\/\"},{\"@type\":\"ListItem\",\"position\":2,\"name\":\"Los estudiantes del Grado en Fisioterapia Internacional de Barcelona y del Grado en Fisioterapia de EUSES-UdG han participado como voluntarios en la Media Marat\u00f3n de Matar\u00f3 y en la carrera de la Asociaci\u00f3n Espa\u00f1ola contra el C\u00e1ncer\"}]},{\"@type\":\"WebSite\",\"@id\":\"https:\\\/\\\/barcelona.euses.cat\\\/ca\\\/#website\",\"url\":\"https:\\\/\\\/barcelona.euses.cat\\\/ca\\\/\",\"name\":\"EUSES - Campus de Bellvitge (Barcelona)\",\"description\":\"EUSES, Escuela Universitaria de Fisioterapia Internacional en Barcelona\",\"potentialAction\":[{\"@type\":\"SearchAction\",\"target\":{\"@type\":\"EntryPoint\",\"urlTemplate\":\"https:\\\/\\\/barcelona.euses.cat\\\/ca\\\/?s={search_term_string}\"},\"query-input\":{\"@type\":\"PropertyValueSpecification\",\"valueRequired\":true,\"valueName\":\"search_term_string\"}}],\"inLanguage\":\"es\"},{\"@type\":\"Person\",\"@id\":\"https:\\\/\\\/barcelona.euses.cat\\\/ca\\\/#\\\/schema\\\/person\\\/c3074ca9d956eacf02e41e2ff78e53ab\",\"name\":\"neorg\",\"image\":{\"@type\":\"ImageObject\",\"inLanguage\":\"es\",\"@id\":\"https:\\\/\\\/secure.gravatar.com\\\/avatar\\\/709d3d8015183afa7401c02e2291a538cbfd4ffe62f4d86ce5f4871f22e86b09?s=96&d=mm&r=g\",\"url\":\"https:\\\/\\\/secure.gravatar.com\\\/avatar\\\/709d3d8015183afa7401c02e2291a538cbfd4ffe62f4d86ce5f4871f22e86b09?s=96&d=mm&r=g\",\"contentUrl\":\"https:\\\/\\\/secure.gravatar.com\\\/avatar\\\/709d3d8015183afa7401c02e2291a538cbfd4ffe62f4d86ce5f4871f22e86b09?s=96&d=mm&r=g\",\"caption\":\"neorg\"},\"url\":\"https:\\\/\\\/barcelona.euses.cat\\\/es\\\/author\\\/neorg\\\/\"}]}<\/script>\n<!-- \/ Yoast SEO plugin. -->","yoast_head_json":{"title":"Los estudiantes del Grado en Fisioterapia Internacional de Barcelona y del Grado en Fisioterapia de EUSES-UdG han participado como voluntarios en la Media Marat\u00f3n de Matar\u00f3 y en la carrera de la Asociaci\u00f3n Espa\u00f1ola contra el C\u00e1ncer | EUSES - Campus de Bellvitge (Barcelona)","robots":{"index":"index","follow":"follow","max-snippet":"max-snippet:-1","max-image-preview":"max-image-preview:large","max-video-preview":"max-video-preview:-1"},"canonical":"https:\/\/barcelona.euses.cat\/es\/los-estudiantes-del-grado-en-fisioterapia-internacional-de-barcelona-y-del-grado-en-fisioterapia-de-euses-udg-han-participado-como-voluntarios-en-la-media-maraton-de-mataro-y-en-la-carrera-de-la-asoci\/","og_locale":"es_ES","og_type":"article","og_title":"Los estudiantes del Grado en Fisioterapia Internacional de Barcelona y del Grado en Fisioterapia de EUSES-UdG han participado como voluntarios en la Media Marat\u00f3n de Matar\u00f3 y en la carrera de la Asociaci\u00f3n Espa\u00f1ola contra el C\u00e1ncer | EUSES - Campus de Bellvitge (Barcelona)","og_description":"Los estudiantes del Grado en Fisioterapia Internacional de Barcelona y del Grado en Fisioterapia de EUSES-UdG, la Universidad de la Salud y del Deporte, han colaborado, un a\u00f1o m\u00e1s, de forma voluntaria en la Media Marat\u00f3n de Matar\u00f3, que este a\u00f1o ha llegado hasta la 20\u00aa edici\u00f3n y se ha consolidado como una de las [&hellip;]","og_url":"https:\/\/barcelona.euses.cat\/es\/los-estudiantes-del-grado-en-fisioterapia-internacional-de-barcelona-y-del-grado-en-fisioterapia-de-euses-udg-han-participado-como-voluntarios-en-la-media-maraton-de-mataro-y-en-la-carrera-de-la-asoci\/","og_site_name":"EUSES - Campus de Bellvitge (Barcelona)","article_publisher":"https:\/\/www.facebook.com\/PhysioBCN\/","article_published_time":"2017-12-12T23:00:00+00:00","og_image":[{"width":3264,"height":1840,"url":"https:\/\/barcelona.euses.cat\/wp-content\/uploads\/2018\/02\/20171203_121821.jpg","type":"image\/jpeg"}],"author":"neorg","twitter_card":"summary_large_image","twitter_misc":{"Escrito por":"neorg","Tiempo de lectura":"1 minuto"},"schema":{"@context":"https:\/\/schema.org","@graph":[{"@type":"Article","@id":"https:\/\/barcelona.euses.cat\/es\/los-estudiantes-del-grado-en-fisioterapia-internacional-de-barcelona-y-del-grado-en-fisioterapia-de-euses-udg-han-participado-como-voluntarios-en-la-media-maraton-de-mataro-y-en-la-carrera-de-la-asoci\/#article","isPartOf":{"@id":"https:\/\/barcelona.euses.cat\/es\/los-estudiantes-del-grado-en-fisioterapia-internacional-de-barcelona-y-del-grado-en-fisioterapia-de-euses-udg-han-participado-como-voluntarios-en-la-media-maraton-de-mataro-y-en-la-carrera-de-la-asoci\/"},"author":{"name":"neorg","@id":"https:\/\/barcelona.euses.cat\/ca\/#\/schema\/person\/c3074ca9d956eacf02e41e2ff78e53ab"},"headline":"Los estudiantes del Grado en Fisioterapia Internacional de Barcelona y del Grado en Fisioterapia de EUSES-UdG han participado como voluntarios en la Media Marat\u00f3n de Matar\u00f3 y en la carrera de la Asociaci\u00f3n Espa\u00f1ola contra el C\u00e1ncer","datePublished":"2017-12-12T23:00:00+00:00","mainEntityOfPage":{"@id":"https:\/\/barcelona.euses.cat\/es\/los-estudiantes-del-grado-en-fisioterapia-internacional-de-barcelona-y-del-grado-en-fisioterapia-de-euses-udg-han-participado-como-voluntarios-en-la-media-maraton-de-mataro-y-en-la-carrera-de-la-asoci\/"},"wordCount":227,"image":{"@id":"https:\/\/barcelona.euses.cat\/es\/los-estudiantes-del-grado-en-fisioterapia-internacional-de-barcelona-y-del-grado-en-fisioterapia-de-euses-udg-han-participado-como-voluntarios-en-la-media-maraton-de-mataro-y-en-la-carrera-de-la-asoci\/#primaryimage"},"thumbnailUrl":"https:\/\/barcelona.euses.cat\/wp-content\/uploads\/2018\/02\/20171203_121821.jpg","keywords":["Castellano"],"articleSection":["Sin categorizar"],"inLanguage":"es"},{"@type":"WebPage","@id":"https:\/\/barcelona.euses.cat\/es\/los-estudiantes-del-grado-en-fisioterapia-internacional-de-barcelona-y-del-grado-en-fisioterapia-de-euses-udg-han-participado-como-voluntarios-en-la-media-maraton-de-mataro-y-en-la-carrera-de-la-asoci\/","url":"https:\/\/barcelona.euses.cat\/es\/los-estudiantes-del-grado-en-fisioterapia-internacional-de-barcelona-y-del-grado-en-fisioterapia-de-euses-udg-han-participado-como-voluntarios-en-la-media-maraton-de-mataro-y-en-la-carrera-de-la-asoci\/","name":"Los estudiantes del Grado en Fisioterapia Internacional de Barcelona y del Grado en Fisioterapia de EUSES-UdG han participado como voluntarios en la Media Marat\u00f3n de Matar\u00f3 y en la carrera de la Asociaci\u00f3n Espa\u00f1ola contra el C\u00e1ncer | EUSES - Campus de Bellvitge (Barcelona)","isPartOf":{"@id":"https:\/\/barcelona.euses.cat\/ca\/#website"},"primaryImageOfPage":{"@id":"https:\/\/barcelona.euses.cat\/es\/los-estudiantes-del-grado-en-fisioterapia-internacional-de-barcelona-y-del-grado-en-fisioterapia-de-euses-udg-han-participado-como-voluntarios-en-la-media-maraton-de-mataro-y-en-la-carrera-de-la-asoci\/#primaryimage"},"image":{"@id":"https:\/\/barcelona.euses.cat\/es\/los-estudiantes-del-grado-en-fisioterapia-internacional-de-barcelona-y-del-grado-en-fisioterapia-de-euses-udg-han-participado-como-voluntarios-en-la-media-maraton-de-mataro-y-en-la-carrera-de-la-asoci\/#primaryimage"},"thumbnailUrl":"https:\/\/barcelona.euses.cat\/wp-content\/uploads\/2018\/02\/20171203_121821.jpg","datePublished":"2017-12-12T23:00:00+00:00","author":{"@id":"https:\/\/barcelona.euses.cat\/ca\/#\/schema\/person\/c3074ca9d956eacf02e41e2ff78e53ab"},"breadcrumb":{"@id":"https:\/\/barcelona.euses.cat\/es\/los-estudiantes-del-grado-en-fisioterapia-internacional-de-barcelona-y-del-grado-en-fisioterapia-de-euses-udg-han-participado-como-voluntarios-en-la-media-maraton-de-mataro-y-en-la-carrera-de-la-asoci\/#breadcrumb"},"inLanguage":"es","potentialAction":[{"@type":"ReadAction","target":["https:\/\/barcelona.euses.cat\/es\/los-estudiantes-del-grado-en-fisioterapia-internacional-de-barcelona-y-del-grado-en-fisioterapia-de-euses-udg-han-participado-como-voluntarios-en-la-media-maraton-de-mataro-y-en-la-carrera-de-la-asoci\/"]}]},{"@type":"ImageObject","inLanguage":"es","@id":"https:\/\/barcelona.euses.cat\/es\/los-estudiantes-del-grado-en-fisioterapia-internacional-de-barcelona-y-del-grado-en-fisioterapia-de-euses-udg-han-participado-como-voluntarios-en-la-media-maraton-de-mataro-y-en-la-carrera-de-la-asoci\/#primaryimage","url":"https:\/\/barcelona.euses.cat\/wp-content\/uploads\/2018\/02\/20171203_121821.jpg","contentUrl":"https:\/\/barcelona.euses.cat\/wp-content\/uploads\/2018\/02\/20171203_121821.jpg","width":3264,"height":1840},{"@type":"BreadcrumbList","@id":"https:\/\/barcelona.euses.cat\/es\/los-estudiantes-del-grado-en-fisioterapia-internacional-de-barcelona-y-del-grado-en-fisioterapia-de-euses-udg-han-participado-como-voluntarios-en-la-media-maraton-de-mataro-y-en-la-carrera-de-la-asoci\/#breadcrumb","itemListElement":[{"@type":"ListItem","position":1,"name":"Portada","item":"https:\/\/barcelona.euses.cat\/es\/"},{"@type":"ListItem","position":2,"name":"Los estudiantes del Grado en Fisioterapia Internacional de Barcelona y del Grado en Fisioterapia de EUSES-UdG han participado como voluntarios en la Media Marat\u00f3n de Matar\u00f3 y en la carrera de la Asociaci\u00f3n Espa\u00f1ola contra el C\u00e1ncer"}]},{"@type":"WebSite","@id":"https:\/\/barcelona.euses.cat\/ca\/#website","url":"https:\/\/barcelona.euses.cat\/ca\/","name":"EUSES - Campus de Bellvitge (Barcelona)","description":"EUSES, Escuela Universitaria de Fisioterapia Internacional en Barcelona","potentialAction":[{"@type":"SearchAction","target":{"@type":"EntryPoint","urlTemplate":"https:\/\/barcelona.euses.cat\/ca\/?s={search_term_string}"},"query-input":{"@type":"PropertyValueSpecification","valueRequired":true,"valueName":"search_term_string"}}],"inLanguage":"es"},{"@type":"Person","@id":"https:\/\/barcelona.euses.cat\/ca\/#\/schema\/person\/c3074ca9d956eacf02e41e2ff78e53ab","name":"neorg","image":{"@type":"ImageObject","inLanguage":"es","@id":"https:\/\/secure.gravatar.com\/avatar\/709d3d8015183afa7401c02e2291a538cbfd4ffe62f4d86ce5f4871f22e86b09?s=96&d=mm&r=g","url":"https:\/\/secure.gravatar.com\/avatar\/709d3d8015183afa7401c02e2291a538cbfd4ffe62f4d86ce5f4871f22e86b09?s=96&d=mm&r=g","contentUrl":"https:\/\/secure.gravatar.com\/avatar\/709d3d8015183afa7401c02e2291a538cbfd4ffe62f4d86ce5f4871f22e86b09?s=96&d=mm&r=g","caption":"neorg"},"url":"https:\/\/barcelona.euses.cat\/es\/author\/neorg\/"}]}},"_links":{"self":[{"href":"https:\/\/barcelona.euses.cat\/es\/wp-json\/wp\/v2\/posts\/5813","targetHints":{"allow":["GET"]}}],"collection":[{"href":"https:\/\/barcelona.euses.cat\/es\/wp-json\/wp\/v2\/posts"}],"about":[{"href":"https:\/\/barcelona.euses.cat\/es\/wp-json\/wp\/v2\/types\/post"}],"author":[{"embeddable":true,"href":"https:\/\/barcelona.euses.cat\/es\/wp-json\/wp\/v2\/users\/1"}],"replies":[{"embeddable":true,"href":"https:\/\/barcelona.euses.cat\/es\/wp-json\/wp\/v2\/comments?post=5813"}],"version-history":[{"count":1,"href":"https:\/\/barcelona.euses.cat\/es\/wp-json\/wp\/v2\/posts\/5813\/revisions"}],"predecessor-version":[{"id":5973,"href":"https:\/\/barcelona.euses.cat\/es\/wp-json\/wp\/v2\/posts\/5813\/revisions\/5973"}],"wp:featuredmedia":[{"embeddable":true,"href":"https:\/\/barcelona.euses.cat\/es\/wp-json\/wp\/v2\/media\/5205"}],"wp:attachment":[{"href":"https:\/\/barcelona.euses.cat\/es\/wp-json\/wp\/v2\/media?parent=5813"}],"wp:term":[{"taxonomy":"category","embeddable":true,"href":"https:\/\/barcelona.euses.cat\/es\/wp-json\/wp\/v2\/categories?post=5813"},{"taxonomy":"post_tag","embeddable":true,"href":"https:\/\/barcelona.euses.cat\/es\/wp-json\/wp\/v2\/tags?post=5813"}],"curies":[{"name":"wp","href":"https:\/\/api.w.org\/{rel}","templated":true}]}}