{"id":5806,"date":"2018-01-29T00:00:00","date_gmt":"2018-01-28T23:00:00","guid":{"rendered":"http:\/\/physiotherapybarcelona.net\/la-importancia-de-la-vertiente-practica-en-el-grado-en-fisioterapia-internacional\/"},"modified":"2018-01-29T00:00:00","modified_gmt":"2018-01-28T23:00:00","slug":"la-importancia-de-la-vertiente-practica-en-el-grado-en-fisioterapia-internacional","status":"publish","type":"post","link":"https:\/\/barcelona.euses.cat\/es\/la-importancia-de-la-vertiente-practica-en-el-grado-en-fisioterapia-internacional\/","title":{"rendered":"La importancia de la vertiente pr\u00e1ctica en el Grado en Fisioterapia Internacional"},"content":{"rendered":"<p style=\"text-align: justify;\">El <a href=\"https:\/\/goo.gl\/TYLmS4\"><strong>Grado en ingl\u00e9s en Fisioterapia Internacional, de la Escuela de Nuevas Tecnolog\u00edas Interactivas (ENTI-UB) y de la Escuela Universitaria de la Salud y el Deporte (EUSES-UdG)<\/strong><\/a>, se basa en la <strong>combinaci\u00f3n<\/strong> entre los <strong>contenidos te\u00f3ricos y pr\u00e1cticos<\/strong>. As\u00ed pues, las clases magistrales te permitir\u00e1n alcanzar diversos conocimientos y metodolog\u00edas como: las herramientas de valoraci\u00f3n, la terapia y el dise\u00f1o de tratamientos. En cuanto a las <strong>clases pr\u00e1cticas<\/strong>, su objetivo es aplicar los principios te\u00f3ricos de manera t\u00e9cnica, as\u00ed como, reproducir un <strong>ambiente situacional<\/strong> real en el \u00e1mbito profesional, para que te familiarices con <strong>aspectos<\/strong> <strong>terap\u00e9uticos y contextuales<\/strong> que te encontrar\u00e1s en un futuro, en tu d\u00eda a d\u00eda laboral.<\/p>\n<p style=\"text-align: justify;\">En este sentido, cabe destacar que este <strong>Grado<\/strong> cuenta con un importante <strong>volumen de horas de pr\u00e1cticas cl\u00ednicas<\/strong>, realizadas en reconocidos <strong>centros de salud<\/strong>, con el fin de aportarte la experiencia pr\u00e1ctica necesaria y un \u00f3ptimo bagaje. Por otra parte, en todo momento, dispondr\u00e1s de un <strong>seguimiento y asesoramiento individualizado<\/strong> por parte del experto <strong>profesorado<\/strong> de este Grado, con el objetivo de resolver cualquiera de tus dudas acad\u00e9micas. Adem\u00e1s, te organizar\u00e1s en <strong>grupos de pr\u00e1cticas<\/strong> de <strong>dimensiones moderadas<\/strong>, con lo cual, se asegura la calidad y <strong>asimilaci\u00f3n<\/strong> del <strong>aprendizaje<\/strong> y un seguimiento docente m\u00e1s preciso. En este sentido, cabe destacar que tambi\u00e9n se organizan <strong>tutor\u00edas y seminarios<\/strong> para monitorizar y optimizar el rendimiento de cada alumno a lo largo del curso.<\/p>\n<p style=\"text-align: justify;\">As\u00ed pues, durante el <strong>Grado en Fisioterapia Internacional<\/strong>, adquirir\u00e1s una <strong>formaci\u00f3n te\u00f3rica y pr\u00e1ctica de calidad<\/strong>, incluyendo toda clase de <strong>terapias manuales<\/strong>, f\u00edsicas, as\u00ed como, las <strong>nuevas<\/strong> <strong>tecnolog\u00edas<\/strong> y herramientas propias del <strong>e-health<\/strong>. Por lo tanto, aprender\u00e1s a desarrollar herramientas de valoraci\u00f3n desde la fisioterapia; a aplicar nuevos <strong>avances tecnol\u00f3gicos<\/strong> propios de la <strong>salud 2.0<\/strong>; e incluso, ser\u00e1s capaz de crear nuevas <strong>apps tecnol\u00f3gicas<\/strong> como: apps m\u00f3viles, software o modelado tridimensional aplicado a la <strong>fisioterapia<\/strong>.<\/p>\n<p style=\"text-align: justify;\">Finalmente, cabe destacar que se trata de la <strong>primera titulaci\u00f3n universitaria \u00edntegramente<\/strong> en <strong>ingl\u00e9s<\/strong>, especializada en <strong>fisioterapia<\/strong>. Sin duda, el dominio de este <strong>idioma<\/strong> te aportar\u00e1 importantes ventajas tanto en el <strong>\u00e1mbito acad\u00e9mico como laboral<\/strong>. Por un lado, podr\u00e1s acceder a una informaci\u00f3n m\u00e1s actualizada y completa, que te permitir\u00e1 conocer los <strong>\u00faltimos avances<\/strong> y poder acceder a un mayor n\u00famero de <strong>textos cient\u00edficos y acad\u00e9micos<\/strong>, escritos en esta lengua. Y por otro, profesionalmente hablando, te abrir\u00e1 las puertas al <strong>mercado europeo e internacional<\/strong>, accediendo a posiciones de trabajo m\u00e1s competitivas.<\/p>\n<p style=\"text-align: justify;\">Si quieres dedicarte profesionalmente a la fisioterapia; elige el <a href=\"https:\/\/goo.gl\/TYLmS4\"><strong>Grado en Fisioterapia Internacional<\/strong><\/a>, una formaci\u00f3n eminentemente <strong>pr\u00e1ctica<\/strong> y al d\u00eda de los <strong>nuevos avances tecnol\u00f3gicos.<\/strong><\/p>\n","protected":false},"excerpt":{"rendered":"<p>El Grado en ingl\u00e9s en Fisioterapia Internacional, de la Escuela de Nuevas Tecnolog\u00edas Interactivas (ENTI-UB) y de la Escuela Universitaria de la Salud y el Deporte (EUSES-UdG), se basa en la combinaci\u00f3n entre los contenidos te\u00f3ricos y pr\u00e1cticos. As\u00ed pues, las clases magistrales te permitir\u00e1n alcanzar diversos conocimientos y metodolog\u00edas como: las herramientas de valoraci\u00f3n, [&hellip;]<\/p>\n","protected":false},"author":1,"featured_media":5167,"comment_status":"closed","ping_status":"closed","sticky":false,"template":"","format":"standard","meta":{"_acf_changed":false,"inline_featured_image":false,"_joinchat":[],"footnotes":""},"categories":[1],"tags":[44],"class_list":["post-5806","post","type-post","status-publish","format-standard","has-post-thumbnail","hentry","category-sin-categorizar","tag-castellano"],"acf":[],"yoast_head":"<!-- This site is optimized with the Yoast SEO plugin v27.4 - https:\/\/yoast.com\/product\/yoast-seo-wordpress\/ -->\n<title>La importancia de la vertiente pr\u00e1ctica en el Grado en Fisioterapia Internacional | EUSES - Campus de Bellvitge (Barcelona)<\/title>\n<meta name=\"robots\" content=\"index, follow, max-snippet:-1, max-image-preview:large, max-video-preview:-1\" \/>\n<link rel=\"canonical\" href=\"https:\/\/barcelona.euses.cat\/es\/la-importancia-de-la-vertiente-practica-en-el-grado-en-fisioterapia-internacional\/\" \/>\n<meta property=\"og:locale\" content=\"es_ES\" \/>\n<meta property=\"og:type\" content=\"article\" \/>\n<meta property=\"og:title\" content=\"La importancia de la vertiente pr\u00e1ctica en el Grado en Fisioterapia Internacional | EUSES - Campus de Bellvitge (Barcelona)\" \/>\n<meta property=\"og:description\" content=\"El Grado en ingl\u00e9s en Fisioterapia Internacional, de la Escuela de Nuevas Tecnolog\u00edas Interactivas (ENTI-UB) y de la Escuela Universitaria de la Salud y el Deporte (EUSES-UdG), se basa en la combinaci\u00f3n entre los contenidos te\u00f3ricos y pr\u00e1cticos. As\u00ed pues, las clases magistrales te permitir\u00e1n alcanzar diversos conocimientos y metodolog\u00edas como: las herramientas de valoraci\u00f3n, [&hellip;]\" \/>\n<meta property=\"og:url\" content=\"https:\/\/barcelona.euses.cat\/es\/la-importancia-de-la-vertiente-practica-en-el-grado-en-fisioterapia-internacional\/\" \/>\n<meta property=\"og:site_name\" content=\"EUSES - Campus de Bellvitge (Barcelona)\" \/>\n<meta property=\"article:publisher\" content=\"https:\/\/www.facebook.com\/PhysioBCN\/\" \/>\n<meta property=\"article:published_time\" content=\"2018-01-28T23:00:00+00:00\" \/>\n<meta property=\"og:image\" content=\"https:\/\/barcelona.euses.cat\/wp-content\/uploads\/2018\/02\/j.jpg\" \/>\n\t<meta property=\"og:image:width\" content=\"490\" \/>\n\t<meta property=\"og:image:height\" content=\"490\" \/>\n\t<meta property=\"og:image:type\" content=\"image\/jpeg\" \/>\n<meta name=\"author\" content=\"neorg\" \/>\n<meta name=\"twitter:card\" content=\"summary_large_image\" \/>\n<meta name=\"twitter:label1\" content=\"Escrito por\" \/>\n\t<meta name=\"twitter:data1\" content=\"neorg\" \/>\n\t<meta name=\"twitter:label2\" content=\"Tiempo de lectura\" \/>\n\t<meta name=\"twitter:data2\" content=\"2 minutos\" \/>\n<script type=\"application\/ld+json\" class=\"yoast-schema-graph\">{\"@context\":\"https:\\\/\\\/schema.org\",\"@graph\":[{\"@type\":\"Article\",\"@id\":\"https:\\\/\\\/barcelona.euses.cat\\\/es\\\/la-importancia-de-la-vertiente-practica-en-el-grado-en-fisioterapia-internacional\\\/#article\",\"isPartOf\":{\"@id\":\"https:\\\/\\\/barcelona.euses.cat\\\/es\\\/la-importancia-de-la-vertiente-practica-en-el-grado-en-fisioterapia-internacional\\\/\"},\"author\":{\"name\":\"neorg\",\"@id\":\"https:\\\/\\\/barcelona.euses.cat\\\/ca\\\/#\\\/schema\\\/person\\\/c3074ca9d956eacf02e41e2ff78e53ab\"},\"headline\":\"La importancia de la vertiente pr\u00e1ctica en el Grado en Fisioterapia Internacional\",\"datePublished\":\"2018-01-28T23:00:00+00:00\",\"mainEntityOfPage\":{\"@id\":\"https:\\\/\\\/barcelona.euses.cat\\\/es\\\/la-importancia-de-la-vertiente-practica-en-el-grado-en-fisioterapia-internacional\\\/\"},\"wordCount\":488,\"image\":{\"@id\":\"https:\\\/\\\/barcelona.euses.cat\\\/es\\\/la-importancia-de-la-vertiente-practica-en-el-grado-en-fisioterapia-internacional\\\/#primaryimage\"},\"thumbnailUrl\":\"https:\\\/\\\/barcelona.euses.cat\\\/wp-content\\\/uploads\\\/2018\\\/02\\\/j.jpg\",\"keywords\":[\"Castellano\"],\"articleSection\":[\"Sin categorizar\"],\"inLanguage\":\"es\"},{\"@type\":\"WebPage\",\"@id\":\"https:\\\/\\\/barcelona.euses.cat\\\/es\\\/la-importancia-de-la-vertiente-practica-en-el-grado-en-fisioterapia-internacional\\\/\",\"url\":\"https:\\\/\\\/barcelona.euses.cat\\\/es\\\/la-importancia-de-la-vertiente-practica-en-el-grado-en-fisioterapia-internacional\\\/\",\"name\":\"La importancia de la vertiente pr\u00e1ctica en el Grado en Fisioterapia Internacional | EUSES - Campus de Bellvitge (Barcelona)\",\"isPartOf\":{\"@id\":\"https:\\\/\\\/barcelona.euses.cat\\\/ca\\\/#website\"},\"primaryImageOfPage\":{\"@id\":\"https:\\\/\\\/barcelona.euses.cat\\\/es\\\/la-importancia-de-la-vertiente-practica-en-el-grado-en-fisioterapia-internacional\\\/#primaryimage\"},\"image\":{\"@id\":\"https:\\\/\\\/barcelona.euses.cat\\\/es\\\/la-importancia-de-la-vertiente-practica-en-el-grado-en-fisioterapia-internacional\\\/#primaryimage\"},\"thumbnailUrl\":\"https:\\\/\\\/barcelona.euses.cat\\\/wp-content\\\/uploads\\\/2018\\\/02\\\/j.jpg\",\"datePublished\":\"2018-01-28T23:00:00+00:00\",\"author\":{\"@id\":\"https:\\\/\\\/barcelona.euses.cat\\\/ca\\\/#\\\/schema\\\/person\\\/c3074ca9d956eacf02e41e2ff78e53ab\"},\"breadcrumb\":{\"@id\":\"https:\\\/\\\/barcelona.euses.cat\\\/es\\\/la-importancia-de-la-vertiente-practica-en-el-grado-en-fisioterapia-internacional\\\/#breadcrumb\"},\"inLanguage\":\"es\",\"potentialAction\":[{\"@type\":\"ReadAction\",\"target\":[\"https:\\\/\\\/barcelona.euses.cat\\\/es\\\/la-importancia-de-la-vertiente-practica-en-el-grado-en-fisioterapia-internacional\\\/\"]}]},{\"@type\":\"ImageObject\",\"inLanguage\":\"es\",\"@id\":\"https:\\\/\\\/barcelona.euses.cat\\\/es\\\/la-importancia-de-la-vertiente-practica-en-el-grado-en-fisioterapia-internacional\\\/#primaryimage\",\"url\":\"https:\\\/\\\/barcelona.euses.cat\\\/wp-content\\\/uploads\\\/2018\\\/02\\\/j.jpg\",\"contentUrl\":\"https:\\\/\\\/barcelona.euses.cat\\\/wp-content\\\/uploads\\\/2018\\\/02\\\/j.jpg\",\"width\":490,\"height\":490},{\"@type\":\"BreadcrumbList\",\"@id\":\"https:\\\/\\\/barcelona.euses.cat\\\/es\\\/la-importancia-de-la-vertiente-practica-en-el-grado-en-fisioterapia-internacional\\\/#breadcrumb\",\"itemListElement\":[{\"@type\":\"ListItem\",\"position\":1,\"name\":\"Portada\",\"item\":\"https:\\\/\\\/barcelona.euses.cat\\\/es\\\/\"},{\"@type\":\"ListItem\",\"position\":2,\"name\":\"La importancia de la vertiente pr\u00e1ctica en el Grado en Fisioterapia Internacional\"}]},{\"@type\":\"WebSite\",\"@id\":\"https:\\\/\\\/barcelona.euses.cat\\\/ca\\\/#website\",\"url\":\"https:\\\/\\\/barcelona.euses.cat\\\/ca\\\/\",\"name\":\"EUSES - Campus de Bellvitge (Barcelona)\",\"description\":\"EUSES, Escuela Universitaria de Fisioterapia Internacional en Barcelona\",\"potentialAction\":[{\"@type\":\"SearchAction\",\"target\":{\"@type\":\"EntryPoint\",\"urlTemplate\":\"https:\\\/\\\/barcelona.euses.cat\\\/ca\\\/?s={search_term_string}\"},\"query-input\":{\"@type\":\"PropertyValueSpecification\",\"valueRequired\":true,\"valueName\":\"search_term_string\"}}],\"inLanguage\":\"es\"},{\"@type\":\"Person\",\"@id\":\"https:\\\/\\\/barcelona.euses.cat\\\/ca\\\/#\\\/schema\\\/person\\\/c3074ca9d956eacf02e41e2ff78e53ab\",\"name\":\"neorg\",\"image\":{\"@type\":\"ImageObject\",\"inLanguage\":\"es\",\"@id\":\"https:\\\/\\\/secure.gravatar.com\\\/avatar\\\/709d3d8015183afa7401c02e2291a538cbfd4ffe62f4d86ce5f4871f22e86b09?s=96&d=mm&r=g\",\"url\":\"https:\\\/\\\/secure.gravatar.com\\\/avatar\\\/709d3d8015183afa7401c02e2291a538cbfd4ffe62f4d86ce5f4871f22e86b09?s=96&d=mm&r=g\",\"contentUrl\":\"https:\\\/\\\/secure.gravatar.com\\\/avatar\\\/709d3d8015183afa7401c02e2291a538cbfd4ffe62f4d86ce5f4871f22e86b09?s=96&d=mm&r=g\",\"caption\":\"neorg\"},\"url\":\"https:\\\/\\\/barcelona.euses.cat\\\/es\\\/author\\\/neorg\\\/\"}]}<\/script>\n<!-- \/ Yoast SEO plugin. -->","yoast_head_json":{"title":"La importancia de la vertiente pr\u00e1ctica en el Grado en Fisioterapia Internacional | EUSES - Campus de Bellvitge (Barcelona)","robots":{"index":"index","follow":"follow","max-snippet":"max-snippet:-1","max-image-preview":"max-image-preview:large","max-video-preview":"max-video-preview:-1"},"canonical":"https:\/\/barcelona.euses.cat\/es\/la-importancia-de-la-vertiente-practica-en-el-grado-en-fisioterapia-internacional\/","og_locale":"es_ES","og_type":"article","og_title":"La importancia de la vertiente pr\u00e1ctica en el Grado en Fisioterapia Internacional | EUSES - Campus de Bellvitge (Barcelona)","og_description":"El Grado en ingl\u00e9s en Fisioterapia Internacional, de la Escuela de Nuevas Tecnolog\u00edas Interactivas (ENTI-UB) y de la Escuela Universitaria de la Salud y el Deporte (EUSES-UdG), se basa en la combinaci\u00f3n entre los contenidos te\u00f3ricos y pr\u00e1cticos. As\u00ed pues, las clases magistrales te permitir\u00e1n alcanzar diversos conocimientos y metodolog\u00edas como: las herramientas de valoraci\u00f3n, [&hellip;]","og_url":"https:\/\/barcelona.euses.cat\/es\/la-importancia-de-la-vertiente-practica-en-el-grado-en-fisioterapia-internacional\/","og_site_name":"EUSES - Campus de Bellvitge (Barcelona)","article_publisher":"https:\/\/www.facebook.com\/PhysioBCN\/","article_published_time":"2018-01-28T23:00:00+00:00","og_image":[{"width":490,"height":490,"url":"https:\/\/barcelona.euses.cat\/wp-content\/uploads\/2018\/02\/j.jpg","type":"image\/jpeg"}],"author":"neorg","twitter_card":"summary_large_image","twitter_misc":{"Escrito por":"neorg","Tiempo de lectura":"2 minutos"},"schema":{"@context":"https:\/\/schema.org","@graph":[{"@type":"Article","@id":"https:\/\/barcelona.euses.cat\/es\/la-importancia-de-la-vertiente-practica-en-el-grado-en-fisioterapia-internacional\/#article","isPartOf":{"@id":"https:\/\/barcelona.euses.cat\/es\/la-importancia-de-la-vertiente-practica-en-el-grado-en-fisioterapia-internacional\/"},"author":{"name":"neorg","@id":"https:\/\/barcelona.euses.cat\/ca\/#\/schema\/person\/c3074ca9d956eacf02e41e2ff78e53ab"},"headline":"La importancia de la vertiente pr\u00e1ctica en el Grado en Fisioterapia Internacional","datePublished":"2018-01-28T23:00:00+00:00","mainEntityOfPage":{"@id":"https:\/\/barcelona.euses.cat\/es\/la-importancia-de-la-vertiente-practica-en-el-grado-en-fisioterapia-internacional\/"},"wordCount":488,"image":{"@id":"https:\/\/barcelona.euses.cat\/es\/la-importancia-de-la-vertiente-practica-en-el-grado-en-fisioterapia-internacional\/#primaryimage"},"thumbnailUrl":"https:\/\/barcelona.euses.cat\/wp-content\/uploads\/2018\/02\/j.jpg","keywords":["Castellano"],"articleSection":["Sin categorizar"],"inLanguage":"es"},{"@type":"WebPage","@id":"https:\/\/barcelona.euses.cat\/es\/la-importancia-de-la-vertiente-practica-en-el-grado-en-fisioterapia-internacional\/","url":"https:\/\/barcelona.euses.cat\/es\/la-importancia-de-la-vertiente-practica-en-el-grado-en-fisioterapia-internacional\/","name":"La importancia de la vertiente pr\u00e1ctica en el Grado en Fisioterapia Internacional | EUSES - Campus de Bellvitge (Barcelona)","isPartOf":{"@id":"https:\/\/barcelona.euses.cat\/ca\/#website"},"primaryImageOfPage":{"@id":"https:\/\/barcelona.euses.cat\/es\/la-importancia-de-la-vertiente-practica-en-el-grado-en-fisioterapia-internacional\/#primaryimage"},"image":{"@id":"https:\/\/barcelona.euses.cat\/es\/la-importancia-de-la-vertiente-practica-en-el-grado-en-fisioterapia-internacional\/#primaryimage"},"thumbnailUrl":"https:\/\/barcelona.euses.cat\/wp-content\/uploads\/2018\/02\/j.jpg","datePublished":"2018-01-28T23:00:00+00:00","author":{"@id":"https:\/\/barcelona.euses.cat\/ca\/#\/schema\/person\/c3074ca9d956eacf02e41e2ff78e53ab"},"breadcrumb":{"@id":"https:\/\/barcelona.euses.cat\/es\/la-importancia-de-la-vertiente-practica-en-el-grado-en-fisioterapia-internacional\/#breadcrumb"},"inLanguage":"es","potentialAction":[{"@type":"ReadAction","target":["https:\/\/barcelona.euses.cat\/es\/la-importancia-de-la-vertiente-practica-en-el-grado-en-fisioterapia-internacional\/"]}]},{"@type":"ImageObject","inLanguage":"es","@id":"https:\/\/barcelona.euses.cat\/es\/la-importancia-de-la-vertiente-practica-en-el-grado-en-fisioterapia-internacional\/#primaryimage","url":"https:\/\/barcelona.euses.cat\/wp-content\/uploads\/2018\/02\/j.jpg","contentUrl":"https:\/\/barcelona.euses.cat\/wp-content\/uploads\/2018\/02\/j.jpg","width":490,"height":490},{"@type":"BreadcrumbList","@id":"https:\/\/barcelona.euses.cat\/es\/la-importancia-de-la-vertiente-practica-en-el-grado-en-fisioterapia-internacional\/#breadcrumb","itemListElement":[{"@type":"ListItem","position":1,"name":"Portada","item":"https:\/\/barcelona.euses.cat\/es\/"},{"@type":"ListItem","position":2,"name":"La importancia de la vertiente pr\u00e1ctica en el Grado en Fisioterapia Internacional"}]},{"@type":"WebSite","@id":"https:\/\/barcelona.euses.cat\/ca\/#website","url":"https:\/\/barcelona.euses.cat\/ca\/","name":"EUSES - Campus de Bellvitge (Barcelona)","description":"EUSES, Escuela Universitaria de Fisioterapia Internacional en Barcelona","potentialAction":[{"@type":"SearchAction","target":{"@type":"EntryPoint","urlTemplate":"https:\/\/barcelona.euses.cat\/ca\/?s={search_term_string}"},"query-input":{"@type":"PropertyValueSpecification","valueRequired":true,"valueName":"search_term_string"}}],"inLanguage":"es"},{"@type":"Person","@id":"https:\/\/barcelona.euses.cat\/ca\/#\/schema\/person\/c3074ca9d956eacf02e41e2ff78e53ab","name":"neorg","image":{"@type":"ImageObject","inLanguage":"es","@id":"https:\/\/secure.gravatar.com\/avatar\/709d3d8015183afa7401c02e2291a538cbfd4ffe62f4d86ce5f4871f22e86b09?s=96&d=mm&r=g","url":"https:\/\/secure.gravatar.com\/avatar\/709d3d8015183afa7401c02e2291a538cbfd4ffe62f4d86ce5f4871f22e86b09?s=96&d=mm&r=g","contentUrl":"https:\/\/secure.gravatar.com\/avatar\/709d3d8015183afa7401c02e2291a538cbfd4ffe62f4d86ce5f4871f22e86b09?s=96&d=mm&r=g","caption":"neorg"},"url":"https:\/\/barcelona.euses.cat\/es\/author\/neorg\/"}]}},"_links":{"self":[{"href":"https:\/\/barcelona.euses.cat\/es\/wp-json\/wp\/v2\/posts\/5806","targetHints":{"allow":["GET"]}}],"collection":[{"href":"https:\/\/barcelona.euses.cat\/es\/wp-json\/wp\/v2\/posts"}],"about":[{"href":"https:\/\/barcelona.euses.cat\/es\/wp-json\/wp\/v2\/types\/post"}],"author":[{"embeddable":true,"href":"https:\/\/barcelona.euses.cat\/es\/wp-json\/wp\/v2\/users\/1"}],"replies":[{"embeddable":true,"href":"https:\/\/barcelona.euses.cat\/es\/wp-json\/wp\/v2\/comments?post=5806"}],"version-history":[{"count":0,"href":"https:\/\/barcelona.euses.cat\/es\/wp-json\/wp\/v2\/posts\/5806\/revisions"}],"wp:featuredmedia":[{"embeddable":true,"href":"https:\/\/barcelona.euses.cat\/es\/wp-json\/wp\/v2\/media\/5167"}],"wp:attachment":[{"href":"https:\/\/barcelona.euses.cat\/es\/wp-json\/wp\/v2\/media?parent=5806"}],"wp:term":[{"taxonomy":"category","embeddable":true,"href":"https:\/\/barcelona.euses.cat\/es\/wp-json\/wp\/v2\/categories?post=5806"},{"taxonomy":"post_tag","embeddable":true,"href":"https:\/\/barcelona.euses.cat\/es\/wp-json\/wp\/v2\/tags?post=5806"}],"curies":[{"name":"wp","href":"https:\/\/api.w.org\/{rel}","templated":true}]}}