{"id":5798,"date":"2018-02-15T00:00:00","date_gmt":"2018-02-14T23:00:00","guid":{"rendered":"http:\/\/physiotherapybarcelona.net\/el-director-del-grado-de-fisioterapia-internacional-publica-en-la-revista-academica-disability-and-rehabilitation\/"},"modified":"2018-02-15T00:00:00","modified_gmt":"2018-02-14T23:00:00","slug":"el-director-del-grado-de-fisioterapia-internacional-publica-en-la-revista-academica-disability-and-rehabilitation","status":"publish","type":"post","link":"https:\/\/barcelona.euses.cat\/es\/el-director-del-grado-de-fisioterapia-internacional-publica-en-la-revista-academica-disability-and-rehabilitation\/","title":{"rendered":"El director del Grado de Fisioterapia Internacional publica en la revista acad\u00e9mica \u2018Disability and Rehabilitation\u2019"},"content":{"rendered":"<p style=\"text-align: justify;\">Mariano Gacto, director del Grado de Fisioterapia Internacional de la Escuela de Nuevas Tecnolog\u00edas Interactivas (ENTI-UB) y de la Escuela Universitaria de la Salud y el Deporte (EUSES-UdG), ha publicado <strong>un nuevo art\u00edculo acad\u00e9mico<\/strong> en la prestigiosa revista \u2018<a href=\"http:\/\/www.tandfonline.com\/toc\/idre20\/current\">Disability and Rehabilitation\u2019.<\/a><\/p>\n<p style=\"text-align: justify;\">El estudio, titulado \u201c<a href=\"http:\/\/www.tandfonline.com\/doi\/abs\/10.1080\/09638288.2018.1424948\">Sensitivity to change of mobility measures in musculoskeletal conditions on lower extremities in outpatient rehabilitation settings<\/a>\u201d, <strong>analiza los indicadores de movilidad de las extremidades inferiores en casos de rehabilitaci\u00f3n<\/strong>. Se demuestra la consistencia y sensibilidad de estos indicadores y se concluye que se pueden usar de manera <strong>fiable para obtener medidas coherentes y sensibles de cambios en la movilidad<\/strong> de los pacientes durante el periodo de recuperaci\u00f3n.<\/p>\n<p style=\"text-align: justify;\">El profesorado del <a href=\"http:\/\/physiotherapybarcelona.net\/es\/\">Grado de Fisioterapia Internacional<\/a> sigue comprometido con la investigaci\u00f3n acad\u00e9mica, <strong>combinando la docencia y la pr\u00e1ctica cl\u00ednica con la investigaci\u00f3n internacional de excelencia.<\/strong><\/p>\n","protected":false},"excerpt":{"rendered":"<p>Mariano Gacto, director del Grado de Fisioterapia Internacional de la Escuela de Nuevas Tecnolog\u00edas Interactivas (ENTI-UB) y de la Escuela Universitaria de la Salud y el Deporte (EUSES-UdG), ha publicado un nuevo art\u00edculo acad\u00e9mico en la prestigiosa revista \u2018Disability and Rehabilitation\u2019. El estudio, titulado \u201cSensitivity to change of mobility measures in musculoskeletal conditions on lower [&hellip;]<\/p>\n","protected":false},"author":1,"featured_media":5142,"comment_status":"closed","ping_status":"closed","sticky":false,"template":"","format":"standard","meta":{"_acf_changed":false,"inline_featured_image":false,"_joinchat":[],"footnotes":""},"categories":[1],"tags":[44],"class_list":["post-5798","post","type-post","status-publish","format-standard","has-post-thumbnail","hentry","category-sin-categorizar","tag-castellano"],"acf":[],"yoast_head":"<!-- This site is optimized with the Yoast SEO plugin v27.4 - https:\/\/yoast.com\/product\/yoast-seo-wordpress\/ -->\n<title>El director del Grado de Fisioterapia Internacional publica en la revista acad\u00e9mica \u2018Disability and Rehabilitation\u2019 | EUSES - Campus de Bellvitge (Barcelona)<\/title>\n<meta name=\"robots\" content=\"index, follow, max-snippet:-1, max-image-preview:large, max-video-preview:-1\" \/>\n<link rel=\"canonical\" href=\"https:\/\/barcelona.euses.cat\/es\/el-director-del-grado-de-fisioterapia-internacional-publica-en-la-revista-academica-disability-and-rehabilitation\/\" \/>\n<meta property=\"og:locale\" content=\"es_ES\" \/>\n<meta property=\"og:type\" content=\"article\" \/>\n<meta property=\"og:title\" content=\"El director del Grado de Fisioterapia Internacional publica en la revista acad\u00e9mica \u2018Disability and Rehabilitation\u2019 | EUSES - Campus de Bellvitge (Barcelona)\" \/>\n<meta property=\"og:description\" content=\"Mariano Gacto, director del Grado de Fisioterapia Internacional de la Escuela de Nuevas Tecnolog\u00edas Interactivas (ENTI-UB) y de la Escuela Universitaria de la Salud y el Deporte (EUSES-UdG), ha publicado un nuevo art\u00edculo acad\u00e9mico en la prestigiosa revista \u2018Disability and Rehabilitation\u2019. El estudio, titulado \u201cSensitivity to change of mobility measures in musculoskeletal conditions on lower [&hellip;]\" \/>\n<meta property=\"og:url\" content=\"https:\/\/barcelona.euses.cat\/es\/el-director-del-grado-de-fisioterapia-internacional-publica-en-la-revista-academica-disability-and-rehabilitation\/\" \/>\n<meta property=\"og:site_name\" content=\"EUSES - Campus de Bellvitge (Barcelona)\" \/>\n<meta property=\"article:publisher\" content=\"https:\/\/www.facebook.com\/PhysioBCN\/\" \/>\n<meta property=\"article:published_time\" content=\"2018-02-14T23:00:00+00:00\" \/>\n<meta property=\"og:image\" content=\"https:\/\/barcelona.euses.cat\/wp-content\/uploads\/2018\/02\/estudio-physio-share1.jpg\" \/>\n\t<meta property=\"og:image:width\" content=\"1200\" \/>\n\t<meta property=\"og:image:height\" content=\"650\" \/>\n\t<meta property=\"og:image:type\" content=\"image\/jpeg\" \/>\n<meta name=\"author\" content=\"neorg\" \/>\n<meta name=\"twitter:card\" content=\"summary_large_image\" \/>\n<meta name=\"twitter:label1\" content=\"Escrito por\" \/>\n\t<meta name=\"twitter:data1\" content=\"neorg\" \/>\n\t<meta name=\"twitter:label2\" content=\"Tiempo de lectura\" \/>\n\t<meta name=\"twitter:data2\" content=\"1 minuto\" \/>\n<script type=\"application\/ld+json\" class=\"yoast-schema-graph\">{\"@context\":\"https:\\\/\\\/schema.org\",\"@graph\":[{\"@type\":\"Article\",\"@id\":\"https:\\\/\\\/barcelona.euses.cat\\\/es\\\/el-director-del-grado-de-fisioterapia-internacional-publica-en-la-revista-academica-disability-and-rehabilitation\\\/#article\",\"isPartOf\":{\"@id\":\"https:\\\/\\\/barcelona.euses.cat\\\/es\\\/el-director-del-grado-de-fisioterapia-internacional-publica-en-la-revista-academica-disability-and-rehabilitation\\\/\"},\"author\":{\"name\":\"neorg\",\"@id\":\"https:\\\/\\\/barcelona.euses.cat\\\/ca\\\/#\\\/schema\\\/person\\\/c3074ca9d956eacf02e41e2ff78e53ab\"},\"headline\":\"El director del Grado de Fisioterapia Internacional publica en la revista acad\u00e9mica \u2018Disability and Rehabilitation\u2019\",\"datePublished\":\"2018-02-14T23:00:00+00:00\",\"mainEntityOfPage\":{\"@id\":\"https:\\\/\\\/barcelona.euses.cat\\\/es\\\/el-director-del-grado-de-fisioterapia-internacional-publica-en-la-revista-academica-disability-and-rehabilitation\\\/\"},\"wordCount\":163,\"image\":{\"@id\":\"https:\\\/\\\/barcelona.euses.cat\\\/es\\\/el-director-del-grado-de-fisioterapia-internacional-publica-en-la-revista-academica-disability-and-rehabilitation\\\/#primaryimage\"},\"thumbnailUrl\":\"https:\\\/\\\/barcelona.euses.cat\\\/wp-content\\\/uploads\\\/2018\\\/02\\\/estudio-physio-share1.jpg\",\"keywords\":[\"Castellano\"],\"articleSection\":[\"Sin categorizar\"],\"inLanguage\":\"es\"},{\"@type\":\"WebPage\",\"@id\":\"https:\\\/\\\/barcelona.euses.cat\\\/es\\\/el-director-del-grado-de-fisioterapia-internacional-publica-en-la-revista-academica-disability-and-rehabilitation\\\/\",\"url\":\"https:\\\/\\\/barcelona.euses.cat\\\/es\\\/el-director-del-grado-de-fisioterapia-internacional-publica-en-la-revista-academica-disability-and-rehabilitation\\\/\",\"name\":\"El director del Grado de Fisioterapia Internacional publica en la revista acad\u00e9mica \u2018Disability and Rehabilitation\u2019 | EUSES - Campus de Bellvitge (Barcelona)\",\"isPartOf\":{\"@id\":\"https:\\\/\\\/barcelona.euses.cat\\\/ca\\\/#website\"},\"primaryImageOfPage\":{\"@id\":\"https:\\\/\\\/barcelona.euses.cat\\\/es\\\/el-director-del-grado-de-fisioterapia-internacional-publica-en-la-revista-academica-disability-and-rehabilitation\\\/#primaryimage\"},\"image\":{\"@id\":\"https:\\\/\\\/barcelona.euses.cat\\\/es\\\/el-director-del-grado-de-fisioterapia-internacional-publica-en-la-revista-academica-disability-and-rehabilitation\\\/#primaryimage\"},\"thumbnailUrl\":\"https:\\\/\\\/barcelona.euses.cat\\\/wp-content\\\/uploads\\\/2018\\\/02\\\/estudio-physio-share1.jpg\",\"datePublished\":\"2018-02-14T23:00:00+00:00\",\"author\":{\"@id\":\"https:\\\/\\\/barcelona.euses.cat\\\/ca\\\/#\\\/schema\\\/person\\\/c3074ca9d956eacf02e41e2ff78e53ab\"},\"breadcrumb\":{\"@id\":\"https:\\\/\\\/barcelona.euses.cat\\\/es\\\/el-director-del-grado-de-fisioterapia-internacional-publica-en-la-revista-academica-disability-and-rehabilitation\\\/#breadcrumb\"},\"inLanguage\":\"es\",\"potentialAction\":[{\"@type\":\"ReadAction\",\"target\":[\"https:\\\/\\\/barcelona.euses.cat\\\/es\\\/el-director-del-grado-de-fisioterapia-internacional-publica-en-la-revista-academica-disability-and-rehabilitation\\\/\"]}]},{\"@type\":\"ImageObject\",\"inLanguage\":\"es\",\"@id\":\"https:\\\/\\\/barcelona.euses.cat\\\/es\\\/el-director-del-grado-de-fisioterapia-internacional-publica-en-la-revista-academica-disability-and-rehabilitation\\\/#primaryimage\",\"url\":\"https:\\\/\\\/barcelona.euses.cat\\\/wp-content\\\/uploads\\\/2018\\\/02\\\/estudio-physio-share1.jpg\",\"contentUrl\":\"https:\\\/\\\/barcelona.euses.cat\\\/wp-content\\\/uploads\\\/2018\\\/02\\\/estudio-physio-share1.jpg\",\"width\":1200,\"height\":650},{\"@type\":\"BreadcrumbList\",\"@id\":\"https:\\\/\\\/barcelona.euses.cat\\\/es\\\/el-director-del-grado-de-fisioterapia-internacional-publica-en-la-revista-academica-disability-and-rehabilitation\\\/#breadcrumb\",\"itemListElement\":[{\"@type\":\"ListItem\",\"position\":1,\"name\":\"Portada\",\"item\":\"https:\\\/\\\/barcelona.euses.cat\\\/es\\\/\"},{\"@type\":\"ListItem\",\"position\":2,\"name\":\"El director del Grado de Fisioterapia Internacional publica en la revista acad\u00e9mica \u2018Disability and Rehabilitation\u2019\"}]},{\"@type\":\"WebSite\",\"@id\":\"https:\\\/\\\/barcelona.euses.cat\\\/ca\\\/#website\",\"url\":\"https:\\\/\\\/barcelona.euses.cat\\\/ca\\\/\",\"name\":\"EUSES - Campus de Bellvitge (Barcelona)\",\"description\":\"EUSES, Escuela Universitaria de Fisioterapia Internacional en Barcelona\",\"potentialAction\":[{\"@type\":\"SearchAction\",\"target\":{\"@type\":\"EntryPoint\",\"urlTemplate\":\"https:\\\/\\\/barcelona.euses.cat\\\/ca\\\/?s={search_term_string}\"},\"query-input\":{\"@type\":\"PropertyValueSpecification\",\"valueRequired\":true,\"valueName\":\"search_term_string\"}}],\"inLanguage\":\"es\"},{\"@type\":\"Person\",\"@id\":\"https:\\\/\\\/barcelona.euses.cat\\\/ca\\\/#\\\/schema\\\/person\\\/c3074ca9d956eacf02e41e2ff78e53ab\",\"name\":\"neorg\",\"image\":{\"@type\":\"ImageObject\",\"inLanguage\":\"es\",\"@id\":\"https:\\\/\\\/secure.gravatar.com\\\/avatar\\\/709d3d8015183afa7401c02e2291a538cbfd4ffe62f4d86ce5f4871f22e86b09?s=96&d=mm&r=g\",\"url\":\"https:\\\/\\\/secure.gravatar.com\\\/avatar\\\/709d3d8015183afa7401c02e2291a538cbfd4ffe62f4d86ce5f4871f22e86b09?s=96&d=mm&r=g\",\"contentUrl\":\"https:\\\/\\\/secure.gravatar.com\\\/avatar\\\/709d3d8015183afa7401c02e2291a538cbfd4ffe62f4d86ce5f4871f22e86b09?s=96&d=mm&r=g\",\"caption\":\"neorg\"},\"url\":\"https:\\\/\\\/barcelona.euses.cat\\\/es\\\/author\\\/neorg\\\/\"}]}<\/script>\n<!-- \/ Yoast SEO plugin. -->","yoast_head_json":{"title":"El director del Grado de Fisioterapia Internacional publica en la revista acad\u00e9mica \u2018Disability and Rehabilitation\u2019 | EUSES - Campus de Bellvitge (Barcelona)","robots":{"index":"index","follow":"follow","max-snippet":"max-snippet:-1","max-image-preview":"max-image-preview:large","max-video-preview":"max-video-preview:-1"},"canonical":"https:\/\/barcelona.euses.cat\/es\/el-director-del-grado-de-fisioterapia-internacional-publica-en-la-revista-academica-disability-and-rehabilitation\/","og_locale":"es_ES","og_type":"article","og_title":"El director del Grado de Fisioterapia Internacional publica en la revista acad\u00e9mica \u2018Disability and Rehabilitation\u2019 | EUSES - Campus de Bellvitge (Barcelona)","og_description":"Mariano Gacto, director del Grado de Fisioterapia Internacional de la Escuela de Nuevas Tecnolog\u00edas Interactivas (ENTI-UB) y de la Escuela Universitaria de la Salud y el Deporte (EUSES-UdG), ha publicado un nuevo art\u00edculo acad\u00e9mico en la prestigiosa revista \u2018Disability and Rehabilitation\u2019. El estudio, titulado \u201cSensitivity to change of mobility measures in musculoskeletal conditions on lower [&hellip;]","og_url":"https:\/\/barcelona.euses.cat\/es\/el-director-del-grado-de-fisioterapia-internacional-publica-en-la-revista-academica-disability-and-rehabilitation\/","og_site_name":"EUSES - Campus de Bellvitge (Barcelona)","article_publisher":"https:\/\/www.facebook.com\/PhysioBCN\/","article_published_time":"2018-02-14T23:00:00+00:00","og_image":[{"width":1200,"height":650,"url":"https:\/\/barcelona.euses.cat\/wp-content\/uploads\/2018\/02\/estudio-physio-share1.jpg","type":"image\/jpeg"}],"author":"neorg","twitter_card":"summary_large_image","twitter_misc":{"Escrito por":"neorg","Tiempo de lectura":"1 minuto"},"schema":{"@context":"https:\/\/schema.org","@graph":[{"@type":"Article","@id":"https:\/\/barcelona.euses.cat\/es\/el-director-del-grado-de-fisioterapia-internacional-publica-en-la-revista-academica-disability-and-rehabilitation\/#article","isPartOf":{"@id":"https:\/\/barcelona.euses.cat\/es\/el-director-del-grado-de-fisioterapia-internacional-publica-en-la-revista-academica-disability-and-rehabilitation\/"},"author":{"name":"neorg","@id":"https:\/\/barcelona.euses.cat\/ca\/#\/schema\/person\/c3074ca9d956eacf02e41e2ff78e53ab"},"headline":"El director del Grado de Fisioterapia Internacional publica en la revista acad\u00e9mica \u2018Disability and Rehabilitation\u2019","datePublished":"2018-02-14T23:00:00+00:00","mainEntityOfPage":{"@id":"https:\/\/barcelona.euses.cat\/es\/el-director-del-grado-de-fisioterapia-internacional-publica-en-la-revista-academica-disability-and-rehabilitation\/"},"wordCount":163,"image":{"@id":"https:\/\/barcelona.euses.cat\/es\/el-director-del-grado-de-fisioterapia-internacional-publica-en-la-revista-academica-disability-and-rehabilitation\/#primaryimage"},"thumbnailUrl":"https:\/\/barcelona.euses.cat\/wp-content\/uploads\/2018\/02\/estudio-physio-share1.jpg","keywords":["Castellano"],"articleSection":["Sin categorizar"],"inLanguage":"es"},{"@type":"WebPage","@id":"https:\/\/barcelona.euses.cat\/es\/el-director-del-grado-de-fisioterapia-internacional-publica-en-la-revista-academica-disability-and-rehabilitation\/","url":"https:\/\/barcelona.euses.cat\/es\/el-director-del-grado-de-fisioterapia-internacional-publica-en-la-revista-academica-disability-and-rehabilitation\/","name":"El director del Grado de Fisioterapia Internacional publica en la revista acad\u00e9mica \u2018Disability and Rehabilitation\u2019 | EUSES - Campus de Bellvitge (Barcelona)","isPartOf":{"@id":"https:\/\/barcelona.euses.cat\/ca\/#website"},"primaryImageOfPage":{"@id":"https:\/\/barcelona.euses.cat\/es\/el-director-del-grado-de-fisioterapia-internacional-publica-en-la-revista-academica-disability-and-rehabilitation\/#primaryimage"},"image":{"@id":"https:\/\/barcelona.euses.cat\/es\/el-director-del-grado-de-fisioterapia-internacional-publica-en-la-revista-academica-disability-and-rehabilitation\/#primaryimage"},"thumbnailUrl":"https:\/\/barcelona.euses.cat\/wp-content\/uploads\/2018\/02\/estudio-physio-share1.jpg","datePublished":"2018-02-14T23:00:00+00:00","author":{"@id":"https:\/\/barcelona.euses.cat\/ca\/#\/schema\/person\/c3074ca9d956eacf02e41e2ff78e53ab"},"breadcrumb":{"@id":"https:\/\/barcelona.euses.cat\/es\/el-director-del-grado-de-fisioterapia-internacional-publica-en-la-revista-academica-disability-and-rehabilitation\/#breadcrumb"},"inLanguage":"es","potentialAction":[{"@type":"ReadAction","target":["https:\/\/barcelona.euses.cat\/es\/el-director-del-grado-de-fisioterapia-internacional-publica-en-la-revista-academica-disability-and-rehabilitation\/"]}]},{"@type":"ImageObject","inLanguage":"es","@id":"https:\/\/barcelona.euses.cat\/es\/el-director-del-grado-de-fisioterapia-internacional-publica-en-la-revista-academica-disability-and-rehabilitation\/#primaryimage","url":"https:\/\/barcelona.euses.cat\/wp-content\/uploads\/2018\/02\/estudio-physio-share1.jpg","contentUrl":"https:\/\/barcelona.euses.cat\/wp-content\/uploads\/2018\/02\/estudio-physio-share1.jpg","width":1200,"height":650},{"@type":"BreadcrumbList","@id":"https:\/\/barcelona.euses.cat\/es\/el-director-del-grado-de-fisioterapia-internacional-publica-en-la-revista-academica-disability-and-rehabilitation\/#breadcrumb","itemListElement":[{"@type":"ListItem","position":1,"name":"Portada","item":"https:\/\/barcelona.euses.cat\/es\/"},{"@type":"ListItem","position":2,"name":"El director del Grado de Fisioterapia Internacional publica en la revista acad\u00e9mica \u2018Disability and Rehabilitation\u2019"}]},{"@type":"WebSite","@id":"https:\/\/barcelona.euses.cat\/ca\/#website","url":"https:\/\/barcelona.euses.cat\/ca\/","name":"EUSES - Campus de Bellvitge (Barcelona)","description":"EUSES, Escuela Universitaria de Fisioterapia Internacional en Barcelona","potentialAction":[{"@type":"SearchAction","target":{"@type":"EntryPoint","urlTemplate":"https:\/\/barcelona.euses.cat\/ca\/?s={search_term_string}"},"query-input":{"@type":"PropertyValueSpecification","valueRequired":true,"valueName":"search_term_string"}}],"inLanguage":"es"},{"@type":"Person","@id":"https:\/\/barcelona.euses.cat\/ca\/#\/schema\/person\/c3074ca9d956eacf02e41e2ff78e53ab","name":"neorg","image":{"@type":"ImageObject","inLanguage":"es","@id":"https:\/\/secure.gravatar.com\/avatar\/709d3d8015183afa7401c02e2291a538cbfd4ffe62f4d86ce5f4871f22e86b09?s=96&d=mm&r=g","url":"https:\/\/secure.gravatar.com\/avatar\/709d3d8015183afa7401c02e2291a538cbfd4ffe62f4d86ce5f4871f22e86b09?s=96&d=mm&r=g","contentUrl":"https:\/\/secure.gravatar.com\/avatar\/709d3d8015183afa7401c02e2291a538cbfd4ffe62f4d86ce5f4871f22e86b09?s=96&d=mm&r=g","caption":"neorg"},"url":"https:\/\/barcelona.euses.cat\/es\/author\/neorg\/"}]}},"_links":{"self":[{"href":"https:\/\/barcelona.euses.cat\/es\/wp-json\/wp\/v2\/posts\/5798","targetHints":{"allow":["GET"]}}],"collection":[{"href":"https:\/\/barcelona.euses.cat\/es\/wp-json\/wp\/v2\/posts"}],"about":[{"href":"https:\/\/barcelona.euses.cat\/es\/wp-json\/wp\/v2\/types\/post"}],"author":[{"embeddable":true,"href":"https:\/\/barcelona.euses.cat\/es\/wp-json\/wp\/v2\/users\/1"}],"replies":[{"embeddable":true,"href":"https:\/\/barcelona.euses.cat\/es\/wp-json\/wp\/v2\/comments?post=5798"}],"version-history":[{"count":0,"href":"https:\/\/barcelona.euses.cat\/es\/wp-json\/wp\/v2\/posts\/5798\/revisions"}],"wp:featuredmedia":[{"embeddable":true,"href":"https:\/\/barcelona.euses.cat\/es\/wp-json\/wp\/v2\/media\/5142"}],"wp:attachment":[{"href":"https:\/\/barcelona.euses.cat\/es\/wp-json\/wp\/v2\/media?parent=5798"}],"wp:term":[{"taxonomy":"category","embeddable":true,"href":"https:\/\/barcelona.euses.cat\/es\/wp-json\/wp\/v2\/categories?post=5798"},{"taxonomy":"post_tag","embeddable":true,"href":"https:\/\/barcelona.euses.cat\/es\/wp-json\/wp\/v2\/tags?post=5798"}],"curies":[{"name":"wp","href":"https:\/\/api.w.org\/{rel}","templated":true}]}}