{"id":5787,"date":"2018-02-20T00:00:00","date_gmt":"2018-02-19T23:00:00","guid":{"rendered":"http:\/\/physiotherapybarcelona.net\/la-profesora-afra-masia-presento-una-ponencia-sobre-los-trastornos-emocionales-de-los-pacientes-sometidos-a-hemodialisis-cronica-en-el-marco-de-la-46a-conferencia-internacional-de-la-edtna-erca\/"},"modified":"2018-02-20T00:00:00","modified_gmt":"2018-02-19T23:00:00","slug":"la-profesora-afra-masia-presento-una-ponencia-sobre-los-trastornos-emocionales-de-los-pacientes-sometidos-a-hemodialisis-cronica-en-el-marco-de-la-46a-conferencia-internacional-de-la-edtna-erca","status":"publish","type":"post","link":"https:\/\/barcelona.euses.cat\/es\/la-profesora-afra-masia-presento-una-ponencia-sobre-los-trastornos-emocionales-de-los-pacientes-sometidos-a-hemodialisis-cronica-en-el-marco-de-la-46a-conferencia-internacional-de-la-edtna-erca\/","title":{"rendered":"La profesora Afra Masi\u00e0 present\u00f3 una ponencia sobre los trastornos emocionales de los pacientes sometidos a hemodi\u00e1lisis cr\u00f3nica en el marco de la 46a Conferencia Internacional de la EDTNA\/ERCA"},"content":{"rendered":"<p style=\"text-align: justify;\">La <strong>profesora<\/strong> <strong>del <\/strong><a href=\"https:\/\/goo.gl\/etZ88Q\"><strong>Grado en Fisioterapia Internacional<\/strong><\/a>, <strong>Afra Masi\u00e0<\/strong> particip\u00f3 en la <strong>46a Conferencia Internacional de la <\/strong><strong>European Dialysis and Transplant Nurses Association\/European<\/strong><strong> Renal Care Association (EDTNA\/ERCA)<\/strong>, que se celebr\u00f3 del <strong>9 al 12 de septiembre<\/strong> de 2017 en la ciudad de <strong>Krakov<\/strong> (Polonia), bajo el lema: \u2018Verdadera asociaci\u00f3n y enfoque global en la gesti\u00f3n de la atenci\u00f3n renal\u2019.<\/p>\n<p style=\"text-align: justify;\">Se trata de una <strong>conferencia anual<\/strong> que re\u00fane a expertos en el tratamiento de la <strong>patolog\u00eda<\/strong> <strong>renal<\/strong>. En este contexto, <strong>Afra Masi\u00e0<\/strong> present\u00f3 una <strong>ponencia<\/strong> con el t\u00edtulo: <strong>\u2018Trastornos emocionales relacionados con el dolor y aspectos cl\u00ednicos en pacientes sometidos a tratamiento de hemodi\u00e1lisis cr\u00f3nica\u2019 <\/strong>(\u2018Emotional disorders related to pain and clinical aspects in patients undergoing chronic haemodialysis\u2019). Su investigaci\u00f3n forma parte del programa de <strong>doctorado<\/strong> que est\u00e1 realizando en la <strong>Universidad de Girona<\/strong> \u201cFactores psicosociales influyentes en la calidad de vida de los pacientes sometido a tratamiento cr\u00f3nico en hemodi\u00e1lisis\u201d y recoge los datos de los <strong>enfermos<\/strong> con tratamiento de <strong>hemodi\u00e1lisis<\/strong> de toda la regi\u00f3n sanitaria de <strong>Girona<\/strong>.<\/p>\n<p style=\"text-align: justify;\">Cada a\u00f1o el <strong>EDTNA\/ERCA<\/strong> re\u00fane profesionales de diferentes \u00e1mbitos que tienen que ver con el \u00a0cuidado del <strong>enfermo renal<\/strong>, tanto en aspectos de di\u00e1lisis peritoneal, como de hemodi\u00e1lisis, como de trasplante renal. De hecho, el <strong>EDTNA\/ERCA<\/strong> es la <strong>asociaci\u00f3n europea<\/strong> por excelencia y l\u00edder en la <strong>investigaci\u00f3n e innovaci\u00f3n<\/strong> para este tipo de <strong>pacientes<\/strong>.<\/p>\n<p style=\"text-align: justify;\">Durante este Congreso, los y las asistentes tuvieron la oportunidad de conocer <strong>nuevas m\u00e1quinas <\/strong>de <strong>di\u00e1lisis<\/strong>, los diferentes tipos de materiales innovadores que presentan las industrias, y publicaciones de nuevas gu\u00edas de trabajo, entre otras cosas. Adem\u00e1s, pudieron reencontrarse con miembros de diferentes <strong>pa\u00edses europeos<\/strong> para compartir, comparar y reflexionar sobre varias cuestiones relacionadas con esta <strong>enfermedad<\/strong> y los <strong>adelantos<\/strong> <strong>cient\u00edficos<\/strong>.<\/p>\n","protected":false},"excerpt":{"rendered":"<p>La profesora del Grado en Fisioterapia Internacional, Afra Masi\u00e0 particip\u00f3 en la 46a Conferencia Internacional de la European Dialysis and Transplant Nurses Association\/European Renal Care Association (EDTNA\/ERCA), que se celebr\u00f3 del 9 al 12 de septiembre de 2017 en la ciudad de Krakov (Polonia), bajo el lema: \u2018Verdadera asociaci\u00f3n y enfoque global en la gesti\u00f3n [&hellip;]<\/p>\n","protected":false},"author":1,"featured_media":5788,"comment_status":"closed","ping_status":"closed","sticky":false,"template":"","format":"standard","meta":{"_acf_changed":false,"inline_featured_image":false,"_joinchat":[],"footnotes":""},"categories":[1],"tags":[44],"class_list":["post-5787","post","type-post","status-publish","format-standard","has-post-thumbnail","hentry","category-sin-categorizar","tag-castellano"],"acf":[],"yoast_head":"<!-- This site is optimized with the Yoast SEO plugin v27.4 - https:\/\/yoast.com\/product\/yoast-seo-wordpress\/ -->\n<title>La profesora Afra Masi\u00e0 present\u00f3 una ponencia sobre los trastornos emocionales de los pacientes sometidos a hemodi\u00e1lisis cr\u00f3nica en el marco de la 46a Conferencia Internacional de la EDTNA\/ERCA | EUSES - Campus de Bellvitge (Barcelona)<\/title>\n<meta name=\"robots\" content=\"index, follow, max-snippet:-1, max-image-preview:large, max-video-preview:-1\" \/>\n<link rel=\"canonical\" href=\"https:\/\/barcelona.euses.cat\/es\/la-profesora-afra-masia-presento-una-ponencia-sobre-los-trastornos-emocionales-de-los-pacientes-sometidos-a-hemodialisis-cronica-en-el-marco-de-la-46a-conferencia-internacional-de-la-edtna-erca\/\" \/>\n<meta property=\"og:locale\" content=\"es_ES\" \/>\n<meta property=\"og:type\" content=\"article\" \/>\n<meta property=\"og:title\" content=\"La profesora Afra Masi\u00e0 present\u00f3 una ponencia sobre los trastornos emocionales de los pacientes sometidos a hemodi\u00e1lisis cr\u00f3nica en el marco de la 46a Conferencia Internacional de la EDTNA\/ERCA | EUSES - Campus de Bellvitge (Barcelona)\" \/>\n<meta property=\"og:description\" content=\"La profesora del Grado en Fisioterapia Internacional, Afra Masi\u00e0 particip\u00f3 en la 46a Conferencia Internacional de la European Dialysis and Transplant Nurses Association\/European Renal Care Association (EDTNA\/ERCA), que se celebr\u00f3 del 9 al 12 de septiembre de 2017 en la ciudad de Krakov (Polonia), bajo el lema: \u2018Verdadera asociaci\u00f3n y enfoque global en la gesti\u00f3n [&hellip;]\" \/>\n<meta property=\"og:url\" content=\"https:\/\/barcelona.euses.cat\/es\/la-profesora-afra-masia-presento-una-ponencia-sobre-los-trastornos-emocionales-de-los-pacientes-sometidos-a-hemodialisis-cronica-en-el-marco-de-la-46a-conferencia-internacional-de-la-edtna-erca\/\" \/>\n<meta property=\"og:site_name\" content=\"EUSES - Campus de Bellvitge (Barcelona)\" \/>\n<meta property=\"article:publisher\" content=\"https:\/\/www.facebook.com\/PhysioBCN\/\" \/>\n<meta property=\"article:published_time\" content=\"2018-02-19T23:00:00+00:00\" \/>\n<meta property=\"og:image\" content=\"https:\/\/barcelona.euses.cat\/wp-content\/uploads\/2018\/02\/estudio-physio-AfraMasia-share-esp.jpg\" \/>\n\t<meta property=\"og:image:width\" content=\"1200\" \/>\n\t<meta property=\"og:image:height\" content=\"650\" \/>\n\t<meta property=\"og:image:type\" content=\"image\/jpeg\" \/>\n<meta name=\"author\" content=\"neorg\" \/>\n<meta name=\"twitter:card\" content=\"summary_large_image\" \/>\n<meta name=\"twitter:label1\" content=\"Escrito por\" \/>\n\t<meta name=\"twitter:data1\" content=\"neorg\" \/>\n\t<meta name=\"twitter:label2\" content=\"Tiempo de lectura\" \/>\n\t<meta name=\"twitter:data2\" content=\"2 minutos\" \/>\n<script type=\"application\/ld+json\" class=\"yoast-schema-graph\">{\"@context\":\"https:\\\/\\\/schema.org\",\"@graph\":[{\"@type\":\"Article\",\"@id\":\"https:\\\/\\\/barcelona.euses.cat\\\/es\\\/la-profesora-afra-masia-presento-una-ponencia-sobre-los-trastornos-emocionales-de-los-pacientes-sometidos-a-hemodialisis-cronica-en-el-marco-de-la-46a-conferencia-internacional-de-la-edtna-erca\\\/#article\",\"isPartOf\":{\"@id\":\"https:\\\/\\\/barcelona.euses.cat\\\/es\\\/la-profesora-afra-masia-presento-una-ponencia-sobre-los-trastornos-emocionales-de-los-pacientes-sometidos-a-hemodialisis-cronica-en-el-marco-de-la-46a-conferencia-internacional-de-la-edtna-erca\\\/\"},\"author\":{\"name\":\"neorg\",\"@id\":\"https:\\\/\\\/barcelona.euses.cat\\\/ca\\\/#\\\/schema\\\/person\\\/c3074ca9d956eacf02e41e2ff78e53ab\"},\"headline\":\"La profesora Afra Masi\u00e0 present\u00f3 una ponencia sobre los trastornos emocionales de los pacientes sometidos a hemodi\u00e1lisis cr\u00f3nica en el marco de la 46a Conferencia Internacional de la EDTNA\\\/ERCA\",\"datePublished\":\"2018-02-19T23:00:00+00:00\",\"mainEntityOfPage\":{\"@id\":\"https:\\\/\\\/barcelona.euses.cat\\\/es\\\/la-profesora-afra-masia-presento-una-ponencia-sobre-los-trastornos-emocionales-de-los-pacientes-sometidos-a-hemodialisis-cronica-en-el-marco-de-la-46a-conferencia-internacional-de-la-edtna-erca\\\/\"},\"wordCount\":344,\"image\":{\"@id\":\"https:\\\/\\\/barcelona.euses.cat\\\/es\\\/la-profesora-afra-masia-presento-una-ponencia-sobre-los-trastornos-emocionales-de-los-pacientes-sometidos-a-hemodialisis-cronica-en-el-marco-de-la-46a-conferencia-internacional-de-la-edtna-erca\\\/#primaryimage\"},\"thumbnailUrl\":\"https:\\\/\\\/barcelona.euses.cat\\\/wp-content\\\/uploads\\\/2018\\\/02\\\/estudio-physio-AfraMasia-share-esp.jpg\",\"keywords\":[\"Castellano\"],\"articleSection\":[\"Sin categorizar\"],\"inLanguage\":\"es\"},{\"@type\":\"WebPage\",\"@id\":\"https:\\\/\\\/barcelona.euses.cat\\\/es\\\/la-profesora-afra-masia-presento-una-ponencia-sobre-los-trastornos-emocionales-de-los-pacientes-sometidos-a-hemodialisis-cronica-en-el-marco-de-la-46a-conferencia-internacional-de-la-edtna-erca\\\/\",\"url\":\"https:\\\/\\\/barcelona.euses.cat\\\/es\\\/la-profesora-afra-masia-presento-una-ponencia-sobre-los-trastornos-emocionales-de-los-pacientes-sometidos-a-hemodialisis-cronica-en-el-marco-de-la-46a-conferencia-internacional-de-la-edtna-erca\\\/\",\"name\":\"La profesora Afra Masi\u00e0 present\u00f3 una ponencia sobre los trastornos emocionales de los pacientes sometidos a hemodi\u00e1lisis cr\u00f3nica en el marco de la 46a Conferencia Internacional de la EDTNA\\\/ERCA | EUSES - Campus de Bellvitge (Barcelona)\",\"isPartOf\":{\"@id\":\"https:\\\/\\\/barcelona.euses.cat\\\/ca\\\/#website\"},\"primaryImageOfPage\":{\"@id\":\"https:\\\/\\\/barcelona.euses.cat\\\/es\\\/la-profesora-afra-masia-presento-una-ponencia-sobre-los-trastornos-emocionales-de-los-pacientes-sometidos-a-hemodialisis-cronica-en-el-marco-de-la-46a-conferencia-internacional-de-la-edtna-erca\\\/#primaryimage\"},\"image\":{\"@id\":\"https:\\\/\\\/barcelona.euses.cat\\\/es\\\/la-profesora-afra-masia-presento-una-ponencia-sobre-los-trastornos-emocionales-de-los-pacientes-sometidos-a-hemodialisis-cronica-en-el-marco-de-la-46a-conferencia-internacional-de-la-edtna-erca\\\/#primaryimage\"},\"thumbnailUrl\":\"https:\\\/\\\/barcelona.euses.cat\\\/wp-content\\\/uploads\\\/2018\\\/02\\\/estudio-physio-AfraMasia-share-esp.jpg\",\"datePublished\":\"2018-02-19T23:00:00+00:00\",\"author\":{\"@id\":\"https:\\\/\\\/barcelona.euses.cat\\\/ca\\\/#\\\/schema\\\/person\\\/c3074ca9d956eacf02e41e2ff78e53ab\"},\"breadcrumb\":{\"@id\":\"https:\\\/\\\/barcelona.euses.cat\\\/es\\\/la-profesora-afra-masia-presento-una-ponencia-sobre-los-trastornos-emocionales-de-los-pacientes-sometidos-a-hemodialisis-cronica-en-el-marco-de-la-46a-conferencia-internacional-de-la-edtna-erca\\\/#breadcrumb\"},\"inLanguage\":\"es\",\"potentialAction\":[{\"@type\":\"ReadAction\",\"target\":[\"https:\\\/\\\/barcelona.euses.cat\\\/es\\\/la-profesora-afra-masia-presento-una-ponencia-sobre-los-trastornos-emocionales-de-los-pacientes-sometidos-a-hemodialisis-cronica-en-el-marco-de-la-46a-conferencia-internacional-de-la-edtna-erca\\\/\"]}]},{\"@type\":\"ImageObject\",\"inLanguage\":\"es\",\"@id\":\"https:\\\/\\\/barcelona.euses.cat\\\/es\\\/la-profesora-afra-masia-presento-una-ponencia-sobre-los-trastornos-emocionales-de-los-pacientes-sometidos-a-hemodialisis-cronica-en-el-marco-de-la-46a-conferencia-internacional-de-la-edtna-erca\\\/#primaryimage\",\"url\":\"https:\\\/\\\/barcelona.euses.cat\\\/wp-content\\\/uploads\\\/2018\\\/02\\\/estudio-physio-AfraMasia-share-esp.jpg\",\"contentUrl\":\"https:\\\/\\\/barcelona.euses.cat\\\/wp-content\\\/uploads\\\/2018\\\/02\\\/estudio-physio-AfraMasia-share-esp.jpg\",\"width\":1200,\"height\":650},{\"@type\":\"BreadcrumbList\",\"@id\":\"https:\\\/\\\/barcelona.euses.cat\\\/es\\\/la-profesora-afra-masia-presento-una-ponencia-sobre-los-trastornos-emocionales-de-los-pacientes-sometidos-a-hemodialisis-cronica-en-el-marco-de-la-46a-conferencia-internacional-de-la-edtna-erca\\\/#breadcrumb\",\"itemListElement\":[{\"@type\":\"ListItem\",\"position\":1,\"name\":\"Portada\",\"item\":\"https:\\\/\\\/barcelona.euses.cat\\\/es\\\/\"},{\"@type\":\"ListItem\",\"position\":2,\"name\":\"La profesora Afra Masi\u00e0 present\u00f3 una ponencia sobre los trastornos emocionales de los pacientes sometidos a hemodi\u00e1lisis cr\u00f3nica en el marco de la 46a Conferencia Internacional de la EDTNA\\\/ERCA\"}]},{\"@type\":\"WebSite\",\"@id\":\"https:\\\/\\\/barcelona.euses.cat\\\/ca\\\/#website\",\"url\":\"https:\\\/\\\/barcelona.euses.cat\\\/ca\\\/\",\"name\":\"EUSES - Campus de Bellvitge (Barcelona)\",\"description\":\"EUSES, Escuela Universitaria de Fisioterapia Internacional en Barcelona\",\"potentialAction\":[{\"@type\":\"SearchAction\",\"target\":{\"@type\":\"EntryPoint\",\"urlTemplate\":\"https:\\\/\\\/barcelona.euses.cat\\\/ca\\\/?s={search_term_string}\"},\"query-input\":{\"@type\":\"PropertyValueSpecification\",\"valueRequired\":true,\"valueName\":\"search_term_string\"}}],\"inLanguage\":\"es\"},{\"@type\":\"Person\",\"@id\":\"https:\\\/\\\/barcelona.euses.cat\\\/ca\\\/#\\\/schema\\\/person\\\/c3074ca9d956eacf02e41e2ff78e53ab\",\"name\":\"neorg\",\"image\":{\"@type\":\"ImageObject\",\"inLanguage\":\"es\",\"@id\":\"https:\\\/\\\/secure.gravatar.com\\\/avatar\\\/709d3d8015183afa7401c02e2291a538cbfd4ffe62f4d86ce5f4871f22e86b09?s=96&d=mm&r=g\",\"url\":\"https:\\\/\\\/secure.gravatar.com\\\/avatar\\\/709d3d8015183afa7401c02e2291a538cbfd4ffe62f4d86ce5f4871f22e86b09?s=96&d=mm&r=g\",\"contentUrl\":\"https:\\\/\\\/secure.gravatar.com\\\/avatar\\\/709d3d8015183afa7401c02e2291a538cbfd4ffe62f4d86ce5f4871f22e86b09?s=96&d=mm&r=g\",\"caption\":\"neorg\"},\"url\":\"https:\\\/\\\/barcelona.euses.cat\\\/es\\\/author\\\/neorg\\\/\"}]}<\/script>\n<!-- \/ Yoast SEO plugin. -->","yoast_head_json":{"title":"La profesora Afra Masi\u00e0 present\u00f3 una ponencia sobre los trastornos emocionales de los pacientes sometidos a hemodi\u00e1lisis cr\u00f3nica en el marco de la 46a Conferencia Internacional de la EDTNA\/ERCA | EUSES - Campus de Bellvitge (Barcelona)","robots":{"index":"index","follow":"follow","max-snippet":"max-snippet:-1","max-image-preview":"max-image-preview:large","max-video-preview":"max-video-preview:-1"},"canonical":"https:\/\/barcelona.euses.cat\/es\/la-profesora-afra-masia-presento-una-ponencia-sobre-los-trastornos-emocionales-de-los-pacientes-sometidos-a-hemodialisis-cronica-en-el-marco-de-la-46a-conferencia-internacional-de-la-edtna-erca\/","og_locale":"es_ES","og_type":"article","og_title":"La profesora Afra Masi\u00e0 present\u00f3 una ponencia sobre los trastornos emocionales de los pacientes sometidos a hemodi\u00e1lisis cr\u00f3nica en el marco de la 46a Conferencia Internacional de la EDTNA\/ERCA | EUSES - Campus de Bellvitge (Barcelona)","og_description":"La profesora del Grado en Fisioterapia Internacional, Afra Masi\u00e0 particip\u00f3 en la 46a Conferencia Internacional de la European Dialysis and Transplant Nurses Association\/European Renal Care Association (EDTNA\/ERCA), que se celebr\u00f3 del 9 al 12 de septiembre de 2017 en la ciudad de Krakov (Polonia), bajo el lema: \u2018Verdadera asociaci\u00f3n y enfoque global en la gesti\u00f3n [&hellip;]","og_url":"https:\/\/barcelona.euses.cat\/es\/la-profesora-afra-masia-presento-una-ponencia-sobre-los-trastornos-emocionales-de-los-pacientes-sometidos-a-hemodialisis-cronica-en-el-marco-de-la-46a-conferencia-internacional-de-la-edtna-erca\/","og_site_name":"EUSES - Campus de Bellvitge (Barcelona)","article_publisher":"https:\/\/www.facebook.com\/PhysioBCN\/","article_published_time":"2018-02-19T23:00:00+00:00","og_image":[{"width":1200,"height":650,"url":"https:\/\/barcelona.euses.cat\/wp-content\/uploads\/2018\/02\/estudio-physio-AfraMasia-share-esp.jpg","type":"image\/jpeg"}],"author":"neorg","twitter_card":"summary_large_image","twitter_misc":{"Escrito por":"neorg","Tiempo de lectura":"2 minutos"},"schema":{"@context":"https:\/\/schema.org","@graph":[{"@type":"Article","@id":"https:\/\/barcelona.euses.cat\/es\/la-profesora-afra-masia-presento-una-ponencia-sobre-los-trastornos-emocionales-de-los-pacientes-sometidos-a-hemodialisis-cronica-en-el-marco-de-la-46a-conferencia-internacional-de-la-edtna-erca\/#article","isPartOf":{"@id":"https:\/\/barcelona.euses.cat\/es\/la-profesora-afra-masia-presento-una-ponencia-sobre-los-trastornos-emocionales-de-los-pacientes-sometidos-a-hemodialisis-cronica-en-el-marco-de-la-46a-conferencia-internacional-de-la-edtna-erca\/"},"author":{"name":"neorg","@id":"https:\/\/barcelona.euses.cat\/ca\/#\/schema\/person\/c3074ca9d956eacf02e41e2ff78e53ab"},"headline":"La profesora Afra Masi\u00e0 present\u00f3 una ponencia sobre los trastornos emocionales de los pacientes sometidos a hemodi\u00e1lisis cr\u00f3nica en el marco de la 46a Conferencia Internacional de la EDTNA\/ERCA","datePublished":"2018-02-19T23:00:00+00:00","mainEntityOfPage":{"@id":"https:\/\/barcelona.euses.cat\/es\/la-profesora-afra-masia-presento-una-ponencia-sobre-los-trastornos-emocionales-de-los-pacientes-sometidos-a-hemodialisis-cronica-en-el-marco-de-la-46a-conferencia-internacional-de-la-edtna-erca\/"},"wordCount":344,"image":{"@id":"https:\/\/barcelona.euses.cat\/es\/la-profesora-afra-masia-presento-una-ponencia-sobre-los-trastornos-emocionales-de-los-pacientes-sometidos-a-hemodialisis-cronica-en-el-marco-de-la-46a-conferencia-internacional-de-la-edtna-erca\/#primaryimage"},"thumbnailUrl":"https:\/\/barcelona.euses.cat\/wp-content\/uploads\/2018\/02\/estudio-physio-AfraMasia-share-esp.jpg","keywords":["Castellano"],"articleSection":["Sin categorizar"],"inLanguage":"es"},{"@type":"WebPage","@id":"https:\/\/barcelona.euses.cat\/es\/la-profesora-afra-masia-presento-una-ponencia-sobre-los-trastornos-emocionales-de-los-pacientes-sometidos-a-hemodialisis-cronica-en-el-marco-de-la-46a-conferencia-internacional-de-la-edtna-erca\/","url":"https:\/\/barcelona.euses.cat\/es\/la-profesora-afra-masia-presento-una-ponencia-sobre-los-trastornos-emocionales-de-los-pacientes-sometidos-a-hemodialisis-cronica-en-el-marco-de-la-46a-conferencia-internacional-de-la-edtna-erca\/","name":"La profesora Afra Masi\u00e0 present\u00f3 una ponencia sobre los trastornos emocionales de los pacientes sometidos a hemodi\u00e1lisis cr\u00f3nica en el marco de la 46a Conferencia Internacional de la EDTNA\/ERCA | EUSES - Campus de Bellvitge (Barcelona)","isPartOf":{"@id":"https:\/\/barcelona.euses.cat\/ca\/#website"},"primaryImageOfPage":{"@id":"https:\/\/barcelona.euses.cat\/es\/la-profesora-afra-masia-presento-una-ponencia-sobre-los-trastornos-emocionales-de-los-pacientes-sometidos-a-hemodialisis-cronica-en-el-marco-de-la-46a-conferencia-internacional-de-la-edtna-erca\/#primaryimage"},"image":{"@id":"https:\/\/barcelona.euses.cat\/es\/la-profesora-afra-masia-presento-una-ponencia-sobre-los-trastornos-emocionales-de-los-pacientes-sometidos-a-hemodialisis-cronica-en-el-marco-de-la-46a-conferencia-internacional-de-la-edtna-erca\/#primaryimage"},"thumbnailUrl":"https:\/\/barcelona.euses.cat\/wp-content\/uploads\/2018\/02\/estudio-physio-AfraMasia-share-esp.jpg","datePublished":"2018-02-19T23:00:00+00:00","author":{"@id":"https:\/\/barcelona.euses.cat\/ca\/#\/schema\/person\/c3074ca9d956eacf02e41e2ff78e53ab"},"breadcrumb":{"@id":"https:\/\/barcelona.euses.cat\/es\/la-profesora-afra-masia-presento-una-ponencia-sobre-los-trastornos-emocionales-de-los-pacientes-sometidos-a-hemodialisis-cronica-en-el-marco-de-la-46a-conferencia-internacional-de-la-edtna-erca\/#breadcrumb"},"inLanguage":"es","potentialAction":[{"@type":"ReadAction","target":["https:\/\/barcelona.euses.cat\/es\/la-profesora-afra-masia-presento-una-ponencia-sobre-los-trastornos-emocionales-de-los-pacientes-sometidos-a-hemodialisis-cronica-en-el-marco-de-la-46a-conferencia-internacional-de-la-edtna-erca\/"]}]},{"@type":"ImageObject","inLanguage":"es","@id":"https:\/\/barcelona.euses.cat\/es\/la-profesora-afra-masia-presento-una-ponencia-sobre-los-trastornos-emocionales-de-los-pacientes-sometidos-a-hemodialisis-cronica-en-el-marco-de-la-46a-conferencia-internacional-de-la-edtna-erca\/#primaryimage","url":"https:\/\/barcelona.euses.cat\/wp-content\/uploads\/2018\/02\/estudio-physio-AfraMasia-share-esp.jpg","contentUrl":"https:\/\/barcelona.euses.cat\/wp-content\/uploads\/2018\/02\/estudio-physio-AfraMasia-share-esp.jpg","width":1200,"height":650},{"@type":"BreadcrumbList","@id":"https:\/\/barcelona.euses.cat\/es\/la-profesora-afra-masia-presento-una-ponencia-sobre-los-trastornos-emocionales-de-los-pacientes-sometidos-a-hemodialisis-cronica-en-el-marco-de-la-46a-conferencia-internacional-de-la-edtna-erca\/#breadcrumb","itemListElement":[{"@type":"ListItem","position":1,"name":"Portada","item":"https:\/\/barcelona.euses.cat\/es\/"},{"@type":"ListItem","position":2,"name":"La profesora Afra Masi\u00e0 present\u00f3 una ponencia sobre los trastornos emocionales de los pacientes sometidos a hemodi\u00e1lisis cr\u00f3nica en el marco de la 46a Conferencia Internacional de la EDTNA\/ERCA"}]},{"@type":"WebSite","@id":"https:\/\/barcelona.euses.cat\/ca\/#website","url":"https:\/\/barcelona.euses.cat\/ca\/","name":"EUSES - Campus de Bellvitge (Barcelona)","description":"EUSES, Escuela Universitaria de Fisioterapia Internacional en Barcelona","potentialAction":[{"@type":"SearchAction","target":{"@type":"EntryPoint","urlTemplate":"https:\/\/barcelona.euses.cat\/ca\/?s={search_term_string}"},"query-input":{"@type":"PropertyValueSpecification","valueRequired":true,"valueName":"search_term_string"}}],"inLanguage":"es"},{"@type":"Person","@id":"https:\/\/barcelona.euses.cat\/ca\/#\/schema\/person\/c3074ca9d956eacf02e41e2ff78e53ab","name":"neorg","image":{"@type":"ImageObject","inLanguage":"es","@id":"https:\/\/secure.gravatar.com\/avatar\/709d3d8015183afa7401c02e2291a538cbfd4ffe62f4d86ce5f4871f22e86b09?s=96&d=mm&r=g","url":"https:\/\/secure.gravatar.com\/avatar\/709d3d8015183afa7401c02e2291a538cbfd4ffe62f4d86ce5f4871f22e86b09?s=96&d=mm&r=g","contentUrl":"https:\/\/secure.gravatar.com\/avatar\/709d3d8015183afa7401c02e2291a538cbfd4ffe62f4d86ce5f4871f22e86b09?s=96&d=mm&r=g","caption":"neorg"},"url":"https:\/\/barcelona.euses.cat\/es\/author\/neorg\/"}]}},"_links":{"self":[{"href":"https:\/\/barcelona.euses.cat\/es\/wp-json\/wp\/v2\/posts\/5787","targetHints":{"allow":["GET"]}}],"collection":[{"href":"https:\/\/barcelona.euses.cat\/es\/wp-json\/wp\/v2\/posts"}],"about":[{"href":"https:\/\/barcelona.euses.cat\/es\/wp-json\/wp\/v2\/types\/post"}],"author":[{"embeddable":true,"href":"https:\/\/barcelona.euses.cat\/es\/wp-json\/wp\/v2\/users\/1"}],"replies":[{"embeddable":true,"href":"https:\/\/barcelona.euses.cat\/es\/wp-json\/wp\/v2\/comments?post=5787"}],"version-history":[{"count":0,"href":"https:\/\/barcelona.euses.cat\/es\/wp-json\/wp\/v2\/posts\/5787\/revisions"}],"wp:featuredmedia":[{"embeddable":true,"href":"https:\/\/barcelona.euses.cat\/es\/wp-json\/wp\/v2\/media\/5788"}],"wp:attachment":[{"href":"https:\/\/barcelona.euses.cat\/es\/wp-json\/wp\/v2\/media?parent=5787"}],"wp:term":[{"taxonomy":"category","embeddable":true,"href":"https:\/\/barcelona.euses.cat\/es\/wp-json\/wp\/v2\/categories?post=5787"},{"taxonomy":"post_tag","embeddable":true,"href":"https:\/\/barcelona.euses.cat\/es\/wp-json\/wp\/v2\/tags?post=5787"}],"curies":[{"name":"wp","href":"https:\/\/api.w.org\/{rel}","templated":true}]}}