{"id":5783,"date":"2018-04-25T17:33:37","date_gmt":"2018-04-25T15:33:37","guid":{"rendered":"http:\/\/physiotherapybarcelona.net\/?p=3507"},"modified":"2018-04-25T17:33:37","modified_gmt":"2018-04-25T15:33:37","slug":"el-26-de-mayo-ven-a-conocer-el-grado-en-fisioterapia-internacional-en-nuestra-jornada-de-puertas-abiertas","status":"publish","type":"post","link":"https:\/\/barcelona.euses.cat\/es\/el-26-de-mayo-ven-a-conocer-el-grado-en-fisioterapia-internacional-en-nuestra-jornada-de-puertas-abiertas\/","title":{"rendered":"El 26 de mayo ven a conocer el Grado en Fisioterapia Internacional en nuestra Jornada de Puertas Abiertas"},"content":{"rendered":"<p>Nueva oportunidad para conocer todos los detalles y las instalaciones del Grado en Fisioterapia Internacional. <strong>El pr\u00f3ximo 26 de mayo<\/strong> el Campus de Bellvitge de la UB abre sus puertas a todos los interesados en los estudios.<\/p>\n<p>En la jornada se realizar\u00e1 una\u00a0<strong>sesi\u00f3n<\/strong><strong>\u00a0<\/strong><strong>informativa<\/strong><strong>\u00a0<\/strong>donde los futuros estudiantes recibir\u00e1n todo tipo de informaci\u00f3n sobre el<strong>\u00a0<\/strong><strong>plan de estudios, las salidas profesionales de este grado y el proceso de inscripciones y matriculaciones, haciendo especial \u00e9nfasis en los procesos que tendr\u00e1n que seguir los estudiantes internacionales.<\/strong><\/p>\n<p>La titulaci\u00f3n que ofrecemos es\u00a0<strong>pionera<\/strong>\u00a0<strong>en<\/strong>\u00a0<strong>nuevas<\/strong>\u00a0<strong>tecnolog\u00edas<\/strong>\u00a0y la \u00fanica en Catalu\u00f1a totalmente en ingl\u00e9s, en el \u00e1mbito de la Fisioterapia. Adem\u00e1s, el profesorado est\u00e1\u00a0<strong>altamente cualificado<\/strong>\u00a0para la docencia, provienen\u00a0<strong>de prestigiosas universidades internacionales<\/strong> y, a la vez, realizan su propia actividad cl\u00ednica en el campo de la fisioterapia.<\/p>\n<p>Respecto a las\u00a0<strong>pr\u00e1cticas<\/strong>\u00a0<strong>acad\u00e9micas<\/strong>, los estudiantes pueden elegir hacerlas en\u00a0<strong>centros de referencia en fisioterapia<\/strong>, reconocidos en el \u00e1mbito de la salud y distribuidos por el territorio catal\u00e1n, franc\u00e9s y parte de Espa\u00f1a.<\/p>\n<p><strong>El s\u00e1bado 26 de mayo<\/strong> aprovecha la oportunidad y ac\u00e9rcate al Campus de Bellvitge de la UB, el mismo lugar donde se imparten las clases. Puedes hacer tu inscripci\u00f3n en el siguiente enlace.<\/p>\n<p>[caldera_form id=\u00bbCF5aa69a68c1b62&#8243;]<\/p>\n<p>\t\t\t<!--<button>Close me!<\/button>--><br \/>\n\t<strong>Inscr\u00edbete a nuestras jornadas de puertas abiertas<\/strong><\/p>\n","protected":false},"excerpt":{"rendered":"<p>Nueva oportunidad para conocer todos los detalles y las instalaciones del Grado en Fisioterapia Internacional. El pr\u00f3ximo 26 de mayo el Campus de Bellvitge de la UB abre sus puertas a todos los interesados en los estudios. En la jornada se realizar\u00e1 una\u00a0sesi\u00f3n\u00a0informativa\u00a0donde los futuros estudiantes recibir\u00e1n todo tipo de informaci\u00f3n sobre el\u00a0plan de estudios, [&hellip;]<\/p>\n","protected":false},"author":1,"featured_media":5071,"comment_status":"closed","ping_status":"closed","sticky":false,"template":"","format":"standard","meta":{"_acf_changed":false,"inline_featured_image":false,"_joinchat":[],"footnotes":""},"categories":[1],"tags":[44],"class_list":["post-5783","post","type-post","status-publish","format-standard","has-post-thumbnail","hentry","category-sin-categorizar","tag-castellano"],"acf":[],"yoast_head":"<!-- This site is optimized with the Yoast SEO plugin v27.4 - https:\/\/yoast.com\/product\/yoast-seo-wordpress\/ -->\n<title>El 26 de mayo ven a conocer el Grado en Fisioterapia Internacional en nuestra Jornada de Puertas Abiertas | EUSES - Campus de Bellvitge (Barcelona)<\/title>\n<meta name=\"robots\" content=\"index, follow, max-snippet:-1, max-image-preview:large, max-video-preview:-1\" \/>\n<link rel=\"canonical\" href=\"https:\/\/barcelona.euses.cat\/es\/el-26-de-mayo-ven-a-conocer-el-grado-en-fisioterapia-internacional-en-nuestra-jornada-de-puertas-abiertas\/\" \/>\n<meta property=\"og:locale\" content=\"es_ES\" \/>\n<meta property=\"og:type\" content=\"article\" \/>\n<meta property=\"og:title\" content=\"El 26 de mayo ven a conocer el Grado en Fisioterapia Internacional en nuestra Jornada de Puertas Abiertas | EUSES - Campus de Bellvitge (Barcelona)\" \/>\n<meta property=\"og:description\" content=\"Nueva oportunidad para conocer todos los detalles y las instalaciones del Grado en Fisioterapia Internacional. El pr\u00f3ximo 26 de mayo el Campus de Bellvitge de la UB abre sus puertas a todos los interesados en los estudios. En la jornada se realizar\u00e1 una\u00a0sesi\u00f3n\u00a0informativa\u00a0donde los futuros estudiantes recibir\u00e1n todo tipo de informaci\u00f3n sobre el\u00a0plan de estudios, [&hellip;]\" \/>\n<meta property=\"og:url\" content=\"https:\/\/barcelona.euses.cat\/es\/el-26-de-mayo-ven-a-conocer-el-grado-en-fisioterapia-internacional-en-nuestra-jornada-de-puertas-abiertas\/\" \/>\n<meta property=\"og:site_name\" content=\"EUSES - Campus de Bellvitge (Barcelona)\" \/>\n<meta property=\"article:publisher\" content=\"https:\/\/www.facebook.com\/PhysioBCN\/\" \/>\n<meta property=\"article:published_time\" content=\"2018-04-25T15:33:37+00:00\" \/>\n<meta property=\"og:image\" content=\"https:\/\/barcelona.euses.cat\/wp-content\/uploads\/2018\/04\/PHYSOB-PuertasAbiertas-26M-Shared_ESP-1.jpg\" \/>\n\t<meta property=\"og:image:width\" content=\"1200\" \/>\n\t<meta property=\"og:image:height\" content=\"650\" \/>\n\t<meta property=\"og:image:type\" content=\"image\/jpeg\" \/>\n<meta name=\"author\" content=\"neorg\" \/>\n<meta name=\"twitter:card\" content=\"summary_large_image\" \/>\n<meta name=\"twitter:label1\" content=\"Escrito por\" \/>\n\t<meta name=\"twitter:data1\" content=\"neorg\" \/>\n\t<meta name=\"twitter:label2\" content=\"Tiempo de lectura\" \/>\n\t<meta name=\"twitter:data2\" content=\"1 minuto\" \/>\n<script type=\"application\/ld+json\" class=\"yoast-schema-graph\">{\"@context\":\"https:\\\/\\\/schema.org\",\"@graph\":[{\"@type\":\"Article\",\"@id\":\"https:\\\/\\\/barcelona.euses.cat\\\/es\\\/el-26-de-mayo-ven-a-conocer-el-grado-en-fisioterapia-internacional-en-nuestra-jornada-de-puertas-abiertas\\\/#article\",\"isPartOf\":{\"@id\":\"https:\\\/\\\/barcelona.euses.cat\\\/es\\\/el-26-de-mayo-ven-a-conocer-el-grado-en-fisioterapia-internacional-en-nuestra-jornada-de-puertas-abiertas\\\/\"},\"author\":{\"name\":\"neorg\",\"@id\":\"https:\\\/\\\/barcelona.euses.cat\\\/ca\\\/#\\\/schema\\\/person\\\/c3074ca9d956eacf02e41e2ff78e53ab\"},\"headline\":\"El 26 de mayo ven a conocer el Grado en Fisioterapia Internacional en nuestra Jornada de Puertas Abiertas\",\"datePublished\":\"2018-04-25T15:33:37+00:00\",\"mainEntityOfPage\":{\"@id\":\"https:\\\/\\\/barcelona.euses.cat\\\/es\\\/el-26-de-mayo-ven-a-conocer-el-grado-en-fisioterapia-internacional-en-nuestra-jornada-de-puertas-abiertas\\\/\"},\"wordCount\":254,\"image\":{\"@id\":\"https:\\\/\\\/barcelona.euses.cat\\\/es\\\/el-26-de-mayo-ven-a-conocer-el-grado-en-fisioterapia-internacional-en-nuestra-jornada-de-puertas-abiertas\\\/#primaryimage\"},\"thumbnailUrl\":\"https:\\\/\\\/barcelona.euses.cat\\\/wp-content\\\/uploads\\\/2018\\\/04\\\/PHYSOB-PuertasAbiertas-26M-Shared_ESP-1.jpg\",\"keywords\":[\"Castellano\"],\"articleSection\":[\"Sin categorizar\"],\"inLanguage\":\"es\"},{\"@type\":\"WebPage\",\"@id\":\"https:\\\/\\\/barcelona.euses.cat\\\/es\\\/el-26-de-mayo-ven-a-conocer-el-grado-en-fisioterapia-internacional-en-nuestra-jornada-de-puertas-abiertas\\\/\",\"url\":\"https:\\\/\\\/barcelona.euses.cat\\\/es\\\/el-26-de-mayo-ven-a-conocer-el-grado-en-fisioterapia-internacional-en-nuestra-jornada-de-puertas-abiertas\\\/\",\"name\":\"El 26 de mayo ven a conocer el Grado en Fisioterapia Internacional en nuestra Jornada de Puertas Abiertas | EUSES - Campus de Bellvitge (Barcelona)\",\"isPartOf\":{\"@id\":\"https:\\\/\\\/barcelona.euses.cat\\\/ca\\\/#website\"},\"primaryImageOfPage\":{\"@id\":\"https:\\\/\\\/barcelona.euses.cat\\\/es\\\/el-26-de-mayo-ven-a-conocer-el-grado-en-fisioterapia-internacional-en-nuestra-jornada-de-puertas-abiertas\\\/#primaryimage\"},\"image\":{\"@id\":\"https:\\\/\\\/barcelona.euses.cat\\\/es\\\/el-26-de-mayo-ven-a-conocer-el-grado-en-fisioterapia-internacional-en-nuestra-jornada-de-puertas-abiertas\\\/#primaryimage\"},\"thumbnailUrl\":\"https:\\\/\\\/barcelona.euses.cat\\\/wp-content\\\/uploads\\\/2018\\\/04\\\/PHYSOB-PuertasAbiertas-26M-Shared_ESP-1.jpg\",\"datePublished\":\"2018-04-25T15:33:37+00:00\",\"author\":{\"@id\":\"https:\\\/\\\/barcelona.euses.cat\\\/ca\\\/#\\\/schema\\\/person\\\/c3074ca9d956eacf02e41e2ff78e53ab\"},\"breadcrumb\":{\"@id\":\"https:\\\/\\\/barcelona.euses.cat\\\/es\\\/el-26-de-mayo-ven-a-conocer-el-grado-en-fisioterapia-internacional-en-nuestra-jornada-de-puertas-abiertas\\\/#breadcrumb\"},\"inLanguage\":\"es\",\"potentialAction\":[{\"@type\":\"ReadAction\",\"target\":[\"https:\\\/\\\/barcelona.euses.cat\\\/es\\\/el-26-de-mayo-ven-a-conocer-el-grado-en-fisioterapia-internacional-en-nuestra-jornada-de-puertas-abiertas\\\/\"]}]},{\"@type\":\"ImageObject\",\"inLanguage\":\"es\",\"@id\":\"https:\\\/\\\/barcelona.euses.cat\\\/es\\\/el-26-de-mayo-ven-a-conocer-el-grado-en-fisioterapia-internacional-en-nuestra-jornada-de-puertas-abiertas\\\/#primaryimage\",\"url\":\"https:\\\/\\\/barcelona.euses.cat\\\/wp-content\\\/uploads\\\/2018\\\/04\\\/PHYSOB-PuertasAbiertas-26M-Shared_ESP-1.jpg\",\"contentUrl\":\"https:\\\/\\\/barcelona.euses.cat\\\/wp-content\\\/uploads\\\/2018\\\/04\\\/PHYSOB-PuertasAbiertas-26M-Shared_ESP-1.jpg\",\"width\":1200,\"height\":650},{\"@type\":\"BreadcrumbList\",\"@id\":\"https:\\\/\\\/barcelona.euses.cat\\\/es\\\/el-26-de-mayo-ven-a-conocer-el-grado-en-fisioterapia-internacional-en-nuestra-jornada-de-puertas-abiertas\\\/#breadcrumb\",\"itemListElement\":[{\"@type\":\"ListItem\",\"position\":1,\"name\":\"Portada\",\"item\":\"https:\\\/\\\/barcelona.euses.cat\\\/es\\\/\"},{\"@type\":\"ListItem\",\"position\":2,\"name\":\"El 26 de mayo ven a conocer el Grado en Fisioterapia Internacional en nuestra Jornada de Puertas Abiertas\"}]},{\"@type\":\"WebSite\",\"@id\":\"https:\\\/\\\/barcelona.euses.cat\\\/ca\\\/#website\",\"url\":\"https:\\\/\\\/barcelona.euses.cat\\\/ca\\\/\",\"name\":\"EUSES - Campus de Bellvitge (Barcelona)\",\"description\":\"EUSES, Escuela Universitaria de Fisioterapia Internacional en Barcelona\",\"potentialAction\":[{\"@type\":\"SearchAction\",\"target\":{\"@type\":\"EntryPoint\",\"urlTemplate\":\"https:\\\/\\\/barcelona.euses.cat\\\/ca\\\/?s={search_term_string}\"},\"query-input\":{\"@type\":\"PropertyValueSpecification\",\"valueRequired\":true,\"valueName\":\"search_term_string\"}}],\"inLanguage\":\"es\"},{\"@type\":\"Person\",\"@id\":\"https:\\\/\\\/barcelona.euses.cat\\\/ca\\\/#\\\/schema\\\/person\\\/c3074ca9d956eacf02e41e2ff78e53ab\",\"name\":\"neorg\",\"image\":{\"@type\":\"ImageObject\",\"inLanguage\":\"es\",\"@id\":\"https:\\\/\\\/secure.gravatar.com\\\/avatar\\\/709d3d8015183afa7401c02e2291a538cbfd4ffe62f4d86ce5f4871f22e86b09?s=96&d=mm&r=g\",\"url\":\"https:\\\/\\\/secure.gravatar.com\\\/avatar\\\/709d3d8015183afa7401c02e2291a538cbfd4ffe62f4d86ce5f4871f22e86b09?s=96&d=mm&r=g\",\"contentUrl\":\"https:\\\/\\\/secure.gravatar.com\\\/avatar\\\/709d3d8015183afa7401c02e2291a538cbfd4ffe62f4d86ce5f4871f22e86b09?s=96&d=mm&r=g\",\"caption\":\"neorg\"},\"url\":\"https:\\\/\\\/barcelona.euses.cat\\\/es\\\/author\\\/neorg\\\/\"}]}<\/script>\n<!-- \/ Yoast SEO plugin. -->","yoast_head_json":{"title":"El 26 de mayo ven a conocer el Grado en Fisioterapia Internacional en nuestra Jornada de Puertas Abiertas | EUSES - Campus de Bellvitge (Barcelona)","robots":{"index":"index","follow":"follow","max-snippet":"max-snippet:-1","max-image-preview":"max-image-preview:large","max-video-preview":"max-video-preview:-1"},"canonical":"https:\/\/barcelona.euses.cat\/es\/el-26-de-mayo-ven-a-conocer-el-grado-en-fisioterapia-internacional-en-nuestra-jornada-de-puertas-abiertas\/","og_locale":"es_ES","og_type":"article","og_title":"El 26 de mayo ven a conocer el Grado en Fisioterapia Internacional en nuestra Jornada de Puertas Abiertas | EUSES - Campus de Bellvitge (Barcelona)","og_description":"Nueva oportunidad para conocer todos los detalles y las instalaciones del Grado en Fisioterapia Internacional. El pr\u00f3ximo 26 de mayo el Campus de Bellvitge de la UB abre sus puertas a todos los interesados en los estudios. En la jornada se realizar\u00e1 una\u00a0sesi\u00f3n\u00a0informativa\u00a0donde los futuros estudiantes recibir\u00e1n todo tipo de informaci\u00f3n sobre el\u00a0plan de estudios, [&hellip;]","og_url":"https:\/\/barcelona.euses.cat\/es\/el-26-de-mayo-ven-a-conocer-el-grado-en-fisioterapia-internacional-en-nuestra-jornada-de-puertas-abiertas\/","og_site_name":"EUSES - Campus de Bellvitge (Barcelona)","article_publisher":"https:\/\/www.facebook.com\/PhysioBCN\/","article_published_time":"2018-04-25T15:33:37+00:00","og_image":[{"width":1200,"height":650,"url":"https:\/\/barcelona.euses.cat\/wp-content\/uploads\/2018\/04\/PHYSOB-PuertasAbiertas-26M-Shared_ESP-1.jpg","type":"image\/jpeg"}],"author":"neorg","twitter_card":"summary_large_image","twitter_misc":{"Escrito por":"neorg","Tiempo de lectura":"1 minuto"},"schema":{"@context":"https:\/\/schema.org","@graph":[{"@type":"Article","@id":"https:\/\/barcelona.euses.cat\/es\/el-26-de-mayo-ven-a-conocer-el-grado-en-fisioterapia-internacional-en-nuestra-jornada-de-puertas-abiertas\/#article","isPartOf":{"@id":"https:\/\/barcelona.euses.cat\/es\/el-26-de-mayo-ven-a-conocer-el-grado-en-fisioterapia-internacional-en-nuestra-jornada-de-puertas-abiertas\/"},"author":{"name":"neorg","@id":"https:\/\/barcelona.euses.cat\/ca\/#\/schema\/person\/c3074ca9d956eacf02e41e2ff78e53ab"},"headline":"El 26 de mayo ven a conocer el Grado en Fisioterapia Internacional en nuestra Jornada de Puertas Abiertas","datePublished":"2018-04-25T15:33:37+00:00","mainEntityOfPage":{"@id":"https:\/\/barcelona.euses.cat\/es\/el-26-de-mayo-ven-a-conocer-el-grado-en-fisioterapia-internacional-en-nuestra-jornada-de-puertas-abiertas\/"},"wordCount":254,"image":{"@id":"https:\/\/barcelona.euses.cat\/es\/el-26-de-mayo-ven-a-conocer-el-grado-en-fisioterapia-internacional-en-nuestra-jornada-de-puertas-abiertas\/#primaryimage"},"thumbnailUrl":"https:\/\/barcelona.euses.cat\/wp-content\/uploads\/2018\/04\/PHYSOB-PuertasAbiertas-26M-Shared_ESP-1.jpg","keywords":["Castellano"],"articleSection":["Sin categorizar"],"inLanguage":"es"},{"@type":"WebPage","@id":"https:\/\/barcelona.euses.cat\/es\/el-26-de-mayo-ven-a-conocer-el-grado-en-fisioterapia-internacional-en-nuestra-jornada-de-puertas-abiertas\/","url":"https:\/\/barcelona.euses.cat\/es\/el-26-de-mayo-ven-a-conocer-el-grado-en-fisioterapia-internacional-en-nuestra-jornada-de-puertas-abiertas\/","name":"El 26 de mayo ven a conocer el Grado en Fisioterapia Internacional en nuestra Jornada de Puertas Abiertas | EUSES - Campus de Bellvitge (Barcelona)","isPartOf":{"@id":"https:\/\/barcelona.euses.cat\/ca\/#website"},"primaryImageOfPage":{"@id":"https:\/\/barcelona.euses.cat\/es\/el-26-de-mayo-ven-a-conocer-el-grado-en-fisioterapia-internacional-en-nuestra-jornada-de-puertas-abiertas\/#primaryimage"},"image":{"@id":"https:\/\/barcelona.euses.cat\/es\/el-26-de-mayo-ven-a-conocer-el-grado-en-fisioterapia-internacional-en-nuestra-jornada-de-puertas-abiertas\/#primaryimage"},"thumbnailUrl":"https:\/\/barcelona.euses.cat\/wp-content\/uploads\/2018\/04\/PHYSOB-PuertasAbiertas-26M-Shared_ESP-1.jpg","datePublished":"2018-04-25T15:33:37+00:00","author":{"@id":"https:\/\/barcelona.euses.cat\/ca\/#\/schema\/person\/c3074ca9d956eacf02e41e2ff78e53ab"},"breadcrumb":{"@id":"https:\/\/barcelona.euses.cat\/es\/el-26-de-mayo-ven-a-conocer-el-grado-en-fisioterapia-internacional-en-nuestra-jornada-de-puertas-abiertas\/#breadcrumb"},"inLanguage":"es","potentialAction":[{"@type":"ReadAction","target":["https:\/\/barcelona.euses.cat\/es\/el-26-de-mayo-ven-a-conocer-el-grado-en-fisioterapia-internacional-en-nuestra-jornada-de-puertas-abiertas\/"]}]},{"@type":"ImageObject","inLanguage":"es","@id":"https:\/\/barcelona.euses.cat\/es\/el-26-de-mayo-ven-a-conocer-el-grado-en-fisioterapia-internacional-en-nuestra-jornada-de-puertas-abiertas\/#primaryimage","url":"https:\/\/barcelona.euses.cat\/wp-content\/uploads\/2018\/04\/PHYSOB-PuertasAbiertas-26M-Shared_ESP-1.jpg","contentUrl":"https:\/\/barcelona.euses.cat\/wp-content\/uploads\/2018\/04\/PHYSOB-PuertasAbiertas-26M-Shared_ESP-1.jpg","width":1200,"height":650},{"@type":"BreadcrumbList","@id":"https:\/\/barcelona.euses.cat\/es\/el-26-de-mayo-ven-a-conocer-el-grado-en-fisioterapia-internacional-en-nuestra-jornada-de-puertas-abiertas\/#breadcrumb","itemListElement":[{"@type":"ListItem","position":1,"name":"Portada","item":"https:\/\/barcelona.euses.cat\/es\/"},{"@type":"ListItem","position":2,"name":"El 26 de mayo ven a conocer el Grado en Fisioterapia Internacional en nuestra Jornada de Puertas Abiertas"}]},{"@type":"WebSite","@id":"https:\/\/barcelona.euses.cat\/ca\/#website","url":"https:\/\/barcelona.euses.cat\/ca\/","name":"EUSES - Campus de Bellvitge (Barcelona)","description":"EUSES, Escuela Universitaria de Fisioterapia Internacional en Barcelona","potentialAction":[{"@type":"SearchAction","target":{"@type":"EntryPoint","urlTemplate":"https:\/\/barcelona.euses.cat\/ca\/?s={search_term_string}"},"query-input":{"@type":"PropertyValueSpecification","valueRequired":true,"valueName":"search_term_string"}}],"inLanguage":"es"},{"@type":"Person","@id":"https:\/\/barcelona.euses.cat\/ca\/#\/schema\/person\/c3074ca9d956eacf02e41e2ff78e53ab","name":"neorg","image":{"@type":"ImageObject","inLanguage":"es","@id":"https:\/\/secure.gravatar.com\/avatar\/709d3d8015183afa7401c02e2291a538cbfd4ffe62f4d86ce5f4871f22e86b09?s=96&d=mm&r=g","url":"https:\/\/secure.gravatar.com\/avatar\/709d3d8015183afa7401c02e2291a538cbfd4ffe62f4d86ce5f4871f22e86b09?s=96&d=mm&r=g","contentUrl":"https:\/\/secure.gravatar.com\/avatar\/709d3d8015183afa7401c02e2291a538cbfd4ffe62f4d86ce5f4871f22e86b09?s=96&d=mm&r=g","caption":"neorg"},"url":"https:\/\/barcelona.euses.cat\/es\/author\/neorg\/"}]}},"_links":{"self":[{"href":"https:\/\/barcelona.euses.cat\/es\/wp-json\/wp\/v2\/posts\/5783","targetHints":{"allow":["GET"]}}],"collection":[{"href":"https:\/\/barcelona.euses.cat\/es\/wp-json\/wp\/v2\/posts"}],"about":[{"href":"https:\/\/barcelona.euses.cat\/es\/wp-json\/wp\/v2\/types\/post"}],"author":[{"embeddable":true,"href":"https:\/\/barcelona.euses.cat\/es\/wp-json\/wp\/v2\/users\/1"}],"replies":[{"embeddable":true,"href":"https:\/\/barcelona.euses.cat\/es\/wp-json\/wp\/v2\/comments?post=5783"}],"version-history":[{"count":0,"href":"https:\/\/barcelona.euses.cat\/es\/wp-json\/wp\/v2\/posts\/5783\/revisions"}],"wp:featuredmedia":[{"embeddable":true,"href":"https:\/\/barcelona.euses.cat\/es\/wp-json\/wp\/v2\/media\/5071"}],"wp:attachment":[{"href":"https:\/\/barcelona.euses.cat\/es\/wp-json\/wp\/v2\/media?parent=5783"}],"wp:term":[{"taxonomy":"category","embeddable":true,"href":"https:\/\/barcelona.euses.cat\/es\/wp-json\/wp\/v2\/categories?post=5783"},{"taxonomy":"post_tag","embeddable":true,"href":"https:\/\/barcelona.euses.cat\/es\/wp-json\/wp\/v2\/tags?post=5783"}],"curies":[{"name":"wp","href":"https:\/\/api.w.org\/{rel}","templated":true}]}}