{"id":5774,"date":"2018-06-29T10:44:41","date_gmt":"2018-06-29T08:44:41","guid":{"rendered":"http:\/\/physiotherapybarcelona.net\/?p=3829"},"modified":"2018-06-29T10:44:41","modified_gmt":"2018-06-29T08:44:41","slug":"ultimos-dias-para-realizar-las-preinscripciones-universitarias-inscribete-en-el-grado-en-fisioterapia-internacional","status":"publish","type":"post","link":"https:\/\/barcelona.euses.cat\/es\/ultimos-dias-para-realizar-las-preinscripciones-universitarias-inscribete-en-el-grado-en-fisioterapia-internacional\/","title":{"rendered":"\u00daltimos d\u00edas para realizar las preinscripciones universitarias. Inscr\u00edbete en el Grado en Fisioterapia Internacional"},"content":{"rendered":"<p style=\"text-align: justify;\">Cada vez quedan menos d\u00edas para la finalizaci\u00f3n del plazo de las <strong>preinscripciones universitarias<\/strong>. Si el pr\u00f3ximo curso quieres estudiar el \u00fanico grado en Catalu\u00f1a en Fisioterapia que se imparte completamente en ingl\u00e9s recuerda <strong>introducir el c\u00f3digo 91908 o 91909<\/strong>, en el caso que no dispongas de nacionalidad espa\u00f1ola ni permiso de residencia en el estado, en el portal <a href=\"https:\/\/accesuniversitat.gencat.cat\/accesuniversitat\/login\">de acceso universitario de la Generalitat de Catalu\u00f1a.<\/a><\/p>\n<p style=\"text-align: justify;\">El Grado en Fisioterapia Internacional, impartido conjuntamente por la Escuela de Nuevas Tecnolog\u00edas Interactivas (ENTI-UB) y la Escuela Universitaria de la Salud y el Deporte (EUSES-UdG) en el Campus de Ciencias de la Salud de Bellvitge, incorpora la <strong>aplicaci\u00f3n de las nuevas tecnolog\u00edas a la atenci\u00f3n sanitaria<\/strong>, aprovechando al m\u00e1ximo los conocimientos en fisioterapia y los beneficios de las TIC para mejorar la salud y la calidad de vida de las personas.<\/p>\n<p style=\"text-align: justify;\">Otro de los aspectos destacados del grado es la apuesta por la <strong>metodolog\u00eda learning by doing<\/strong>. Los alumnos cuentan con multitud de oportunidades para poner en pr\u00e1ctica los conocimientos adquiridos en las clases te\u00f3ricas. Ya sea mediante ejercicios entre los compa\u00f1eros o incluso con pacientes reales, los alumnos pueden coger experiencia en el trato con personas.<\/p>\n<p style=\"text-align: justify;\">El hecho que el equipo docente del grado est\u00e9 formado por profesores de una gran variedad de pa\u00edses hace tambi\u00e9n que el alumnado entre en contacto con diferentes realidades en cuanto a la pr\u00e1ctica fisioterap\u00e9utica. De este modo estar\u00e1 mucho m\u00e1s preparado para poder ejercer en el extranjero y conocer\u00e1 tratamientos pioneros fuera de nuestro pa\u00eds.<\/p>\n<p style=\"text-align: justify;\">Recuerda el pr\u00f3ximo 2 de julio finaliza el periodo de preinscripci\u00f3n en las universidades catalanas. Haz ya tu preinscripci\u00f3n en <strong>el Grado en Fisioterapia Internacional<\/strong>, accediendo al portal <a href=\"https:\/\/accesuniversitat.gencat.cat\/accesuniversitat\/login\">de<\/a> acceso universitario e incorporando el c\u00f3digo 91908 (para espa\u00f1oles o extranjeros con permiso de residencia) o el c\u00f3digo 91909 (para estudiantes extranjeros).<\/p>\n","protected":false},"excerpt":{"rendered":"<p>Cada vez quedan menos d\u00edas para la finalizaci\u00f3n del plazo de las preinscripciones universitarias. Si el pr\u00f3ximo curso quieres estudiar el \u00fanico grado en Catalu\u00f1a en Fisioterapia que se imparte completamente en ingl\u00e9s recuerda introducir el c\u00f3digo 91908 o 91909, en el caso que no dispongas de nacionalidad espa\u00f1ola ni permiso de residencia en el [&hellip;]<\/p>\n","protected":false},"author":1,"featured_media":4993,"comment_status":"closed","ping_status":"closed","sticky":false,"template":"","format":"standard","meta":{"_acf_changed":false,"inline_featured_image":false,"_joinchat":[],"footnotes":""},"categories":[1],"tags":[44],"class_list":["post-5774","post","type-post","status-publish","format-standard","has-post-thumbnail","hentry","category-sin-categorizar","tag-castellano"],"acf":[],"yoast_head":"<!-- This site is optimized with the Yoast SEO plugin v27.4 - https:\/\/yoast.com\/product\/yoast-seo-wordpress\/ -->\n<title>\u00daltimos d\u00edas para realizar las preinscripciones universitarias. Inscr\u00edbete en el Grado en Fisioterapia Internacional | EUSES - Campus de Bellvitge (Barcelona)<\/title>\n<meta name=\"robots\" content=\"index, follow, max-snippet:-1, max-image-preview:large, max-video-preview:-1\" \/>\n<link rel=\"canonical\" href=\"https:\/\/barcelona.euses.cat\/es\/ultimos-dias-para-realizar-las-preinscripciones-universitarias-inscribete-en-el-grado-en-fisioterapia-internacional\/\" \/>\n<meta property=\"og:locale\" content=\"es_ES\" \/>\n<meta property=\"og:type\" content=\"article\" \/>\n<meta property=\"og:title\" content=\"\u00daltimos d\u00edas para realizar las preinscripciones universitarias. Inscr\u00edbete en el Grado en Fisioterapia Internacional | EUSES - Campus de Bellvitge (Barcelona)\" \/>\n<meta property=\"og:description\" content=\"Cada vez quedan menos d\u00edas para la finalizaci\u00f3n del plazo de las preinscripciones universitarias. Si el pr\u00f3ximo curso quieres estudiar el \u00fanico grado en Catalu\u00f1a en Fisioterapia que se imparte completamente en ingl\u00e9s recuerda introducir el c\u00f3digo 91908 o 91909, en el caso que no dispongas de nacionalidad espa\u00f1ola ni permiso de residencia en el [&hellip;]\" \/>\n<meta property=\"og:url\" content=\"https:\/\/barcelona.euses.cat\/es\/ultimos-dias-para-realizar-las-preinscripciones-universitarias-inscribete-en-el-grado-en-fisioterapia-internacional\/\" \/>\n<meta property=\"og:site_name\" content=\"EUSES - Campus de Bellvitge (Barcelona)\" \/>\n<meta property=\"article:publisher\" content=\"https:\/\/www.facebook.com\/PhysioBCN\/\" \/>\n<meta property=\"article:published_time\" content=\"2018-06-29T08:44:41+00:00\" \/>\n<meta property=\"og:image\" content=\"https:\/\/barcelona.euses.cat\/wp-content\/uploads\/2018\/06\/l-2.jpg\" \/>\n\t<meta property=\"og:image:width\" content=\"1024\" \/>\n\t<meta property=\"og:image:height\" content=\"683\" \/>\n\t<meta property=\"og:image:type\" content=\"image\/jpeg\" \/>\n<meta name=\"author\" content=\"neorg\" \/>\n<meta name=\"twitter:card\" content=\"summary_large_image\" \/>\n<meta name=\"twitter:label1\" content=\"Escrito por\" \/>\n\t<meta name=\"twitter:data1\" content=\"neorg\" \/>\n\t<meta name=\"twitter:label2\" content=\"Tiempo de lectura\" \/>\n\t<meta name=\"twitter:data2\" content=\"2 minutos\" \/>\n<script type=\"application\/ld+json\" class=\"yoast-schema-graph\">{\"@context\":\"https:\\\/\\\/schema.org\",\"@graph\":[{\"@type\":\"Article\",\"@id\":\"https:\\\/\\\/barcelona.euses.cat\\\/es\\\/ultimos-dias-para-realizar-las-preinscripciones-universitarias-inscribete-en-el-grado-en-fisioterapia-internacional\\\/#article\",\"isPartOf\":{\"@id\":\"https:\\\/\\\/barcelona.euses.cat\\\/es\\\/ultimos-dias-para-realizar-las-preinscripciones-universitarias-inscribete-en-el-grado-en-fisioterapia-internacional\\\/\"},\"author\":{\"name\":\"neorg\",\"@id\":\"https:\\\/\\\/barcelona.euses.cat\\\/ca\\\/#\\\/schema\\\/person\\\/c3074ca9d956eacf02e41e2ff78e53ab\"},\"headline\":\"\u00daltimos d\u00edas para realizar las preinscripciones universitarias. Inscr\u00edbete en el Grado en Fisioterapia Internacional\",\"datePublished\":\"2018-06-29T08:44:41+00:00\",\"mainEntityOfPage\":{\"@id\":\"https:\\\/\\\/barcelona.euses.cat\\\/es\\\/ultimos-dias-para-realizar-las-preinscripciones-universitarias-inscribete-en-el-grado-en-fisioterapia-internacional\\\/\"},\"wordCount\":342,\"image\":{\"@id\":\"https:\\\/\\\/barcelona.euses.cat\\\/es\\\/ultimos-dias-para-realizar-las-preinscripciones-universitarias-inscribete-en-el-grado-en-fisioterapia-internacional\\\/#primaryimage\"},\"thumbnailUrl\":\"https:\\\/\\\/barcelona.euses.cat\\\/wp-content\\\/uploads\\\/2018\\\/06\\\/l-2.jpg\",\"keywords\":[\"Castellano\"],\"articleSection\":[\"Sin categorizar\"],\"inLanguage\":\"es\"},{\"@type\":\"WebPage\",\"@id\":\"https:\\\/\\\/barcelona.euses.cat\\\/es\\\/ultimos-dias-para-realizar-las-preinscripciones-universitarias-inscribete-en-el-grado-en-fisioterapia-internacional\\\/\",\"url\":\"https:\\\/\\\/barcelona.euses.cat\\\/es\\\/ultimos-dias-para-realizar-las-preinscripciones-universitarias-inscribete-en-el-grado-en-fisioterapia-internacional\\\/\",\"name\":\"\u00daltimos d\u00edas para realizar las preinscripciones universitarias. Inscr\u00edbete en el Grado en Fisioterapia Internacional | EUSES - Campus de Bellvitge (Barcelona)\",\"isPartOf\":{\"@id\":\"https:\\\/\\\/barcelona.euses.cat\\\/ca\\\/#website\"},\"primaryImageOfPage\":{\"@id\":\"https:\\\/\\\/barcelona.euses.cat\\\/es\\\/ultimos-dias-para-realizar-las-preinscripciones-universitarias-inscribete-en-el-grado-en-fisioterapia-internacional\\\/#primaryimage\"},\"image\":{\"@id\":\"https:\\\/\\\/barcelona.euses.cat\\\/es\\\/ultimos-dias-para-realizar-las-preinscripciones-universitarias-inscribete-en-el-grado-en-fisioterapia-internacional\\\/#primaryimage\"},\"thumbnailUrl\":\"https:\\\/\\\/barcelona.euses.cat\\\/wp-content\\\/uploads\\\/2018\\\/06\\\/l-2.jpg\",\"datePublished\":\"2018-06-29T08:44:41+00:00\",\"author\":{\"@id\":\"https:\\\/\\\/barcelona.euses.cat\\\/ca\\\/#\\\/schema\\\/person\\\/c3074ca9d956eacf02e41e2ff78e53ab\"},\"breadcrumb\":{\"@id\":\"https:\\\/\\\/barcelona.euses.cat\\\/es\\\/ultimos-dias-para-realizar-las-preinscripciones-universitarias-inscribete-en-el-grado-en-fisioterapia-internacional\\\/#breadcrumb\"},\"inLanguage\":\"es\",\"potentialAction\":[{\"@type\":\"ReadAction\",\"target\":[\"https:\\\/\\\/barcelona.euses.cat\\\/es\\\/ultimos-dias-para-realizar-las-preinscripciones-universitarias-inscribete-en-el-grado-en-fisioterapia-internacional\\\/\"]}]},{\"@type\":\"ImageObject\",\"inLanguage\":\"es\",\"@id\":\"https:\\\/\\\/barcelona.euses.cat\\\/es\\\/ultimos-dias-para-realizar-las-preinscripciones-universitarias-inscribete-en-el-grado-en-fisioterapia-internacional\\\/#primaryimage\",\"url\":\"https:\\\/\\\/barcelona.euses.cat\\\/wp-content\\\/uploads\\\/2018\\\/06\\\/l-2.jpg\",\"contentUrl\":\"https:\\\/\\\/barcelona.euses.cat\\\/wp-content\\\/uploads\\\/2018\\\/06\\\/l-2.jpg\",\"width\":1024,\"height\":683},{\"@type\":\"BreadcrumbList\",\"@id\":\"https:\\\/\\\/barcelona.euses.cat\\\/es\\\/ultimos-dias-para-realizar-las-preinscripciones-universitarias-inscribete-en-el-grado-en-fisioterapia-internacional\\\/#breadcrumb\",\"itemListElement\":[{\"@type\":\"ListItem\",\"position\":1,\"name\":\"Portada\",\"item\":\"https:\\\/\\\/barcelona.euses.cat\\\/es\\\/\"},{\"@type\":\"ListItem\",\"position\":2,\"name\":\"\u00daltimos d\u00edas para realizar las preinscripciones universitarias. Inscr\u00edbete en el Grado en Fisioterapia Internacional\"}]},{\"@type\":\"WebSite\",\"@id\":\"https:\\\/\\\/barcelona.euses.cat\\\/ca\\\/#website\",\"url\":\"https:\\\/\\\/barcelona.euses.cat\\\/ca\\\/\",\"name\":\"EUSES - Campus de Bellvitge (Barcelona)\",\"description\":\"EUSES, Escuela Universitaria de Fisioterapia Internacional en Barcelona\",\"potentialAction\":[{\"@type\":\"SearchAction\",\"target\":{\"@type\":\"EntryPoint\",\"urlTemplate\":\"https:\\\/\\\/barcelona.euses.cat\\\/ca\\\/?s={search_term_string}\"},\"query-input\":{\"@type\":\"PropertyValueSpecification\",\"valueRequired\":true,\"valueName\":\"search_term_string\"}}],\"inLanguage\":\"es\"},{\"@type\":\"Person\",\"@id\":\"https:\\\/\\\/barcelona.euses.cat\\\/ca\\\/#\\\/schema\\\/person\\\/c3074ca9d956eacf02e41e2ff78e53ab\",\"name\":\"neorg\",\"image\":{\"@type\":\"ImageObject\",\"inLanguage\":\"es\",\"@id\":\"https:\\\/\\\/secure.gravatar.com\\\/avatar\\\/709d3d8015183afa7401c02e2291a538cbfd4ffe62f4d86ce5f4871f22e86b09?s=96&d=mm&r=g\",\"url\":\"https:\\\/\\\/secure.gravatar.com\\\/avatar\\\/709d3d8015183afa7401c02e2291a538cbfd4ffe62f4d86ce5f4871f22e86b09?s=96&d=mm&r=g\",\"contentUrl\":\"https:\\\/\\\/secure.gravatar.com\\\/avatar\\\/709d3d8015183afa7401c02e2291a538cbfd4ffe62f4d86ce5f4871f22e86b09?s=96&d=mm&r=g\",\"caption\":\"neorg\"},\"url\":\"https:\\\/\\\/barcelona.euses.cat\\\/es\\\/author\\\/neorg\\\/\"}]}<\/script>\n<!-- \/ Yoast SEO plugin. -->","yoast_head_json":{"title":"\u00daltimos d\u00edas para realizar las preinscripciones universitarias. Inscr\u00edbete en el Grado en Fisioterapia Internacional | EUSES - Campus de Bellvitge (Barcelona)","robots":{"index":"index","follow":"follow","max-snippet":"max-snippet:-1","max-image-preview":"max-image-preview:large","max-video-preview":"max-video-preview:-1"},"canonical":"https:\/\/barcelona.euses.cat\/es\/ultimos-dias-para-realizar-las-preinscripciones-universitarias-inscribete-en-el-grado-en-fisioterapia-internacional\/","og_locale":"es_ES","og_type":"article","og_title":"\u00daltimos d\u00edas para realizar las preinscripciones universitarias. Inscr\u00edbete en el Grado en Fisioterapia Internacional | EUSES - Campus de Bellvitge (Barcelona)","og_description":"Cada vez quedan menos d\u00edas para la finalizaci\u00f3n del plazo de las preinscripciones universitarias. Si el pr\u00f3ximo curso quieres estudiar el \u00fanico grado en Catalu\u00f1a en Fisioterapia que se imparte completamente en ingl\u00e9s recuerda introducir el c\u00f3digo 91908 o 91909, en el caso que no dispongas de nacionalidad espa\u00f1ola ni permiso de residencia en el [&hellip;]","og_url":"https:\/\/barcelona.euses.cat\/es\/ultimos-dias-para-realizar-las-preinscripciones-universitarias-inscribete-en-el-grado-en-fisioterapia-internacional\/","og_site_name":"EUSES - Campus de Bellvitge (Barcelona)","article_publisher":"https:\/\/www.facebook.com\/PhysioBCN\/","article_published_time":"2018-06-29T08:44:41+00:00","og_image":[{"width":1024,"height":683,"url":"https:\/\/barcelona.euses.cat\/wp-content\/uploads\/2018\/06\/l-2.jpg","type":"image\/jpeg"}],"author":"neorg","twitter_card":"summary_large_image","twitter_misc":{"Escrito por":"neorg","Tiempo de lectura":"2 minutos"},"schema":{"@context":"https:\/\/schema.org","@graph":[{"@type":"Article","@id":"https:\/\/barcelona.euses.cat\/es\/ultimos-dias-para-realizar-las-preinscripciones-universitarias-inscribete-en-el-grado-en-fisioterapia-internacional\/#article","isPartOf":{"@id":"https:\/\/barcelona.euses.cat\/es\/ultimos-dias-para-realizar-las-preinscripciones-universitarias-inscribete-en-el-grado-en-fisioterapia-internacional\/"},"author":{"name":"neorg","@id":"https:\/\/barcelona.euses.cat\/ca\/#\/schema\/person\/c3074ca9d956eacf02e41e2ff78e53ab"},"headline":"\u00daltimos d\u00edas para realizar las preinscripciones universitarias. Inscr\u00edbete en el Grado en Fisioterapia Internacional","datePublished":"2018-06-29T08:44:41+00:00","mainEntityOfPage":{"@id":"https:\/\/barcelona.euses.cat\/es\/ultimos-dias-para-realizar-las-preinscripciones-universitarias-inscribete-en-el-grado-en-fisioterapia-internacional\/"},"wordCount":342,"image":{"@id":"https:\/\/barcelona.euses.cat\/es\/ultimos-dias-para-realizar-las-preinscripciones-universitarias-inscribete-en-el-grado-en-fisioterapia-internacional\/#primaryimage"},"thumbnailUrl":"https:\/\/barcelona.euses.cat\/wp-content\/uploads\/2018\/06\/l-2.jpg","keywords":["Castellano"],"articleSection":["Sin categorizar"],"inLanguage":"es"},{"@type":"WebPage","@id":"https:\/\/barcelona.euses.cat\/es\/ultimos-dias-para-realizar-las-preinscripciones-universitarias-inscribete-en-el-grado-en-fisioterapia-internacional\/","url":"https:\/\/barcelona.euses.cat\/es\/ultimos-dias-para-realizar-las-preinscripciones-universitarias-inscribete-en-el-grado-en-fisioterapia-internacional\/","name":"\u00daltimos d\u00edas para realizar las preinscripciones universitarias. Inscr\u00edbete en el Grado en Fisioterapia Internacional | EUSES - Campus de Bellvitge (Barcelona)","isPartOf":{"@id":"https:\/\/barcelona.euses.cat\/ca\/#website"},"primaryImageOfPage":{"@id":"https:\/\/barcelona.euses.cat\/es\/ultimos-dias-para-realizar-las-preinscripciones-universitarias-inscribete-en-el-grado-en-fisioterapia-internacional\/#primaryimage"},"image":{"@id":"https:\/\/barcelona.euses.cat\/es\/ultimos-dias-para-realizar-las-preinscripciones-universitarias-inscribete-en-el-grado-en-fisioterapia-internacional\/#primaryimage"},"thumbnailUrl":"https:\/\/barcelona.euses.cat\/wp-content\/uploads\/2018\/06\/l-2.jpg","datePublished":"2018-06-29T08:44:41+00:00","author":{"@id":"https:\/\/barcelona.euses.cat\/ca\/#\/schema\/person\/c3074ca9d956eacf02e41e2ff78e53ab"},"breadcrumb":{"@id":"https:\/\/barcelona.euses.cat\/es\/ultimos-dias-para-realizar-las-preinscripciones-universitarias-inscribete-en-el-grado-en-fisioterapia-internacional\/#breadcrumb"},"inLanguage":"es","potentialAction":[{"@type":"ReadAction","target":["https:\/\/barcelona.euses.cat\/es\/ultimos-dias-para-realizar-las-preinscripciones-universitarias-inscribete-en-el-grado-en-fisioterapia-internacional\/"]}]},{"@type":"ImageObject","inLanguage":"es","@id":"https:\/\/barcelona.euses.cat\/es\/ultimos-dias-para-realizar-las-preinscripciones-universitarias-inscribete-en-el-grado-en-fisioterapia-internacional\/#primaryimage","url":"https:\/\/barcelona.euses.cat\/wp-content\/uploads\/2018\/06\/l-2.jpg","contentUrl":"https:\/\/barcelona.euses.cat\/wp-content\/uploads\/2018\/06\/l-2.jpg","width":1024,"height":683},{"@type":"BreadcrumbList","@id":"https:\/\/barcelona.euses.cat\/es\/ultimos-dias-para-realizar-las-preinscripciones-universitarias-inscribete-en-el-grado-en-fisioterapia-internacional\/#breadcrumb","itemListElement":[{"@type":"ListItem","position":1,"name":"Portada","item":"https:\/\/barcelona.euses.cat\/es\/"},{"@type":"ListItem","position":2,"name":"\u00daltimos d\u00edas para realizar las preinscripciones universitarias. Inscr\u00edbete en el Grado en Fisioterapia Internacional"}]},{"@type":"WebSite","@id":"https:\/\/barcelona.euses.cat\/ca\/#website","url":"https:\/\/barcelona.euses.cat\/ca\/","name":"EUSES - Campus de Bellvitge (Barcelona)","description":"EUSES, Escuela Universitaria de Fisioterapia Internacional en Barcelona","potentialAction":[{"@type":"SearchAction","target":{"@type":"EntryPoint","urlTemplate":"https:\/\/barcelona.euses.cat\/ca\/?s={search_term_string}"},"query-input":{"@type":"PropertyValueSpecification","valueRequired":true,"valueName":"search_term_string"}}],"inLanguage":"es"},{"@type":"Person","@id":"https:\/\/barcelona.euses.cat\/ca\/#\/schema\/person\/c3074ca9d956eacf02e41e2ff78e53ab","name":"neorg","image":{"@type":"ImageObject","inLanguage":"es","@id":"https:\/\/secure.gravatar.com\/avatar\/709d3d8015183afa7401c02e2291a538cbfd4ffe62f4d86ce5f4871f22e86b09?s=96&d=mm&r=g","url":"https:\/\/secure.gravatar.com\/avatar\/709d3d8015183afa7401c02e2291a538cbfd4ffe62f4d86ce5f4871f22e86b09?s=96&d=mm&r=g","contentUrl":"https:\/\/secure.gravatar.com\/avatar\/709d3d8015183afa7401c02e2291a538cbfd4ffe62f4d86ce5f4871f22e86b09?s=96&d=mm&r=g","caption":"neorg"},"url":"https:\/\/barcelona.euses.cat\/es\/author\/neorg\/"}]}},"_links":{"self":[{"href":"https:\/\/barcelona.euses.cat\/es\/wp-json\/wp\/v2\/posts\/5774","targetHints":{"allow":["GET"]}}],"collection":[{"href":"https:\/\/barcelona.euses.cat\/es\/wp-json\/wp\/v2\/posts"}],"about":[{"href":"https:\/\/barcelona.euses.cat\/es\/wp-json\/wp\/v2\/types\/post"}],"author":[{"embeddable":true,"href":"https:\/\/barcelona.euses.cat\/es\/wp-json\/wp\/v2\/users\/1"}],"replies":[{"embeddable":true,"href":"https:\/\/barcelona.euses.cat\/es\/wp-json\/wp\/v2\/comments?post=5774"}],"version-history":[{"count":0,"href":"https:\/\/barcelona.euses.cat\/es\/wp-json\/wp\/v2\/posts\/5774\/revisions"}],"wp:featuredmedia":[{"embeddable":true,"href":"https:\/\/barcelona.euses.cat\/es\/wp-json\/wp\/v2\/media\/4993"}],"wp:attachment":[{"href":"https:\/\/barcelona.euses.cat\/es\/wp-json\/wp\/v2\/media?parent=5774"}],"wp:term":[{"taxonomy":"category","embeddable":true,"href":"https:\/\/barcelona.euses.cat\/es\/wp-json\/wp\/v2\/categories?post=5774"},{"taxonomy":"post_tag","embeddable":true,"href":"https:\/\/barcelona.euses.cat\/es\/wp-json\/wp\/v2\/tags?post=5774"}],"curies":[{"name":"wp","href":"https:\/\/api.w.org\/{rel}","templated":true}]}}