{"id":5771,"date":"2018-08-07T11:55:12","date_gmt":"2018-08-07T09:55:12","guid":{"rendered":"http:\/\/physiotherapybarcelona.net\/?p=3907"},"modified":"2018-08-07T11:55:12","modified_gmt":"2018-08-07T09:55:12","slug":"la-profesora-del-grado-en-fisioterapia-internacional-andrea-fuente-participa-en-el-congreso-internacional-de-docencia-universitaria-e-innovacion","status":"publish","type":"post","link":"https:\/\/barcelona.euses.cat\/es\/la-profesora-del-grado-en-fisioterapia-internacional-andrea-fuente-participa-en-el-congreso-internacional-de-docencia-universitaria-e-innovacion\/","title":{"rendered":"La profesora del Grado en Fisioterapia Internacional, Andrea Fuente, participa en el Congreso Internacional de Docencia Universitaria e Innovaci\u00f3n"},"content":{"rendered":"<p style=\"text-align: justify;\">Andrea\u00a0Fuente, profesora del Grado en Fisioterapia Internacional ha participado en el Congreso Internacional de Docencia Universitaria e Innovaci\u00f3n, que se celebr\u00f3 durante los d\u00edas 4, 5 y 6 de julio en el Palacio de Congresos de Girona. En esta edici\u00f3n, con el t\u00edtulo \u201cEspacios de aprendizaje: agentes de cambio a la universidad\u201d se ha <strong>abordado la transformaci\u00f3n de los espacios y tiempos para el aprendizaje.<\/strong><\/p>\n<p style=\"text-align: justify;\">\nAndrea\u00a0Fuente\u00a0ha participado en una comunicaci\u00f3n del tipo p\u00f3ster, en calidad de\u00a0coautora. El proyecto de investigaci\u00f3n expuesto se realiz\u00f3 como parte de las clases de Anatom\u00eda, del Grado de Fisioterapia de la Universidad de Lleida. Dirigido por el Dr. Ramon\u00a0Aiguad\u00e9, el proyecto involucr\u00f3 al alumnado de primer curso, que realiz\u00f3 personalmente el examen y registro de las piezas anat\u00f3micas. A ra\u00edz de esto, se gener\u00f3 una p\u00e1gina web para el estudio interactivo de los contenidos.<\/p>\n<p style=\"text-align: justify;\">\nLa combinaci\u00f3n de clases tradicionales, con la participaci\u00f3n activa del alumnado en los contenidos y el estudio online present\u00f3 <strong>resultados muy favorables en cuanto a la motivaci\u00f3n y valoraci\u00f3n por parte de los estudiantes<\/strong>, y abre una ventana al\u00a0 Blended Learning.<\/p>\n<p>El proyecto ha dado lugar a una plataforma de aprendizaje de anatom\u00eda on-line, accesible de manera gratuita <a href=\"http:\/\/www.marvin.udl.cat\/osteologia\/\">aqu\u00ed<\/a>. La plataforma web se encuentra todav\u00eda en desarrollo pero ofrece ya interesantes contenidos sobre\u00a0osteolog\u00eda,\u00a0miolog\u00eda\u00a0y anatom\u00eda topogr\u00e1fica, <strong>que facilitar\u00e1n el estudio de cualquier interesado en la anatom\u00eda.<\/strong><\/p>\n","protected":false},"excerpt":{"rendered":"<p>Andrea\u00a0Fuente, profesora del Grado en Fisioterapia Internacional ha participado en el Congreso Internacional de Docencia Universitaria e Innovaci\u00f3n, que se celebr\u00f3 durante los d\u00edas 4, 5 y 6 de julio en el Palacio de Congresos de Girona. En esta edici\u00f3n, con el t\u00edtulo \u201cEspacios de aprendizaje: agentes de cambio a la universidad\u201d se ha abordado [&hellip;]<\/p>\n","protected":false},"author":1,"featured_media":4970,"comment_status":"closed","ping_status":"closed","sticky":false,"template":"","format":"standard","meta":{"_acf_changed":false,"inline_featured_image":false,"_joinchat":[],"footnotes":""},"categories":[1],"tags":[],"class_list":["post-5771","post","type-post","status-publish","format-standard","has-post-thumbnail","hentry","category-sin-categorizar"],"acf":[],"yoast_head":"<!-- This site is optimized with the Yoast SEO plugin v27.4 - https:\/\/yoast.com\/product\/yoast-seo-wordpress\/ -->\n<title>La profesora del Grado en Fisioterapia Internacional, Andrea Fuente, participa en el Congreso Internacional de Docencia Universitaria e Innovaci\u00f3n | EUSES - Campus de Bellvitge (Barcelona)<\/title>\n<meta name=\"robots\" content=\"index, follow, max-snippet:-1, max-image-preview:large, max-video-preview:-1\" \/>\n<link rel=\"canonical\" href=\"https:\/\/barcelona.euses.cat\/es\/la-profesora-del-grado-en-fisioterapia-internacional-andrea-fuente-participa-en-el-congreso-internacional-de-docencia-universitaria-e-innovacion\/\" \/>\n<meta property=\"og:locale\" content=\"es_ES\" \/>\n<meta property=\"og:type\" content=\"article\" \/>\n<meta property=\"og:title\" content=\"La profesora del Grado en Fisioterapia Internacional, Andrea Fuente, participa en el Congreso Internacional de Docencia Universitaria e Innovaci\u00f3n | EUSES - Campus de Bellvitge (Barcelona)\" \/>\n<meta property=\"og:description\" content=\"Andrea\u00a0Fuente, profesora del Grado en Fisioterapia Internacional ha participado en el Congreso Internacional de Docencia Universitaria e Innovaci\u00f3n, que se celebr\u00f3 durante los d\u00edas 4, 5 y 6 de julio en el Palacio de Congresos de Girona. En esta edici\u00f3n, con el t\u00edtulo \u201cEspacios de aprendizaje: agentes de cambio a la universidad\u201d se ha abordado [&hellip;]\" \/>\n<meta property=\"og:url\" content=\"https:\/\/barcelona.euses.cat\/es\/la-profesora-del-grado-en-fisioterapia-internacional-andrea-fuente-participa-en-el-congreso-internacional-de-docencia-universitaria-e-innovacion\/\" \/>\n<meta property=\"og:site_name\" content=\"EUSES - Campus de Bellvitge (Barcelona)\" \/>\n<meta property=\"article:publisher\" content=\"https:\/\/www.facebook.com\/PhysioBCN\/\" \/>\n<meta property=\"article:published_time\" content=\"2018-08-07T09:55:12+00:00\" \/>\n<meta property=\"og:image\" content=\"https:\/\/barcelona.euses.cat\/wp-content\/uploads\/2018\/09\/remm_vo_1200x628_zipzap_sep.jpg\" \/>\n\t<meta property=\"og:image:width\" content=\"342\" \/>\n\t<meta property=\"og:image:height\" content=\"342\" \/>\n\t<meta property=\"og:image:type\" content=\"image\/jpeg\" \/>\n<meta name=\"author\" content=\"neorg\" \/>\n<meta name=\"twitter:card\" content=\"summary_large_image\" \/>\n<meta name=\"twitter:label1\" content=\"Escrito por\" \/>\n\t<meta name=\"twitter:data1\" content=\"neorg\" \/>\n\t<meta name=\"twitter:label2\" content=\"Tiempo de lectura\" \/>\n\t<meta name=\"twitter:data2\" content=\"1 minuto\" \/>\n<script type=\"application\/ld+json\" class=\"yoast-schema-graph\">{\"@context\":\"https:\\\/\\\/schema.org\",\"@graph\":[{\"@type\":\"Article\",\"@id\":\"https:\\\/\\\/barcelona.euses.cat\\\/es\\\/la-profesora-del-grado-en-fisioterapia-internacional-andrea-fuente-participa-en-el-congreso-internacional-de-docencia-universitaria-e-innovacion\\\/#article\",\"isPartOf\":{\"@id\":\"https:\\\/\\\/barcelona.euses.cat\\\/es\\\/la-profesora-del-grado-en-fisioterapia-internacional-andrea-fuente-participa-en-el-congreso-internacional-de-docencia-universitaria-e-innovacion\\\/\"},\"author\":{\"name\":\"neorg\",\"@id\":\"https:\\\/\\\/barcelona.euses.cat\\\/ca\\\/#\\\/schema\\\/person\\\/c3074ca9d956eacf02e41e2ff78e53ab\"},\"headline\":\"La profesora del Grado en Fisioterapia Internacional, Andrea Fuente, participa en el Congreso Internacional de Docencia Universitaria e Innovaci\u00f3n\",\"datePublished\":\"2018-08-07T09:55:12+00:00\",\"mainEntityOfPage\":{\"@id\":\"https:\\\/\\\/barcelona.euses.cat\\\/es\\\/la-profesora-del-grado-en-fisioterapia-internacional-andrea-fuente-participa-en-el-congreso-internacional-de-docencia-universitaria-e-innovacion\\\/\"},\"wordCount\":273,\"image\":{\"@id\":\"https:\\\/\\\/barcelona.euses.cat\\\/es\\\/la-profesora-del-grado-en-fisioterapia-internacional-andrea-fuente-participa-en-el-congreso-internacional-de-docencia-universitaria-e-innovacion\\\/#primaryimage\"},\"thumbnailUrl\":\"https:\\\/\\\/barcelona.euses.cat\\\/wp-content\\\/uploads\\\/2018\\\/09\\\/remm_vo_1200x628_zipzap_sep.jpg\",\"articleSection\":[\"Sin categorizar\"],\"inLanguage\":\"es\"},{\"@type\":\"WebPage\",\"@id\":\"https:\\\/\\\/barcelona.euses.cat\\\/es\\\/la-profesora-del-grado-en-fisioterapia-internacional-andrea-fuente-participa-en-el-congreso-internacional-de-docencia-universitaria-e-innovacion\\\/\",\"url\":\"https:\\\/\\\/barcelona.euses.cat\\\/es\\\/la-profesora-del-grado-en-fisioterapia-internacional-andrea-fuente-participa-en-el-congreso-internacional-de-docencia-universitaria-e-innovacion\\\/\",\"name\":\"La profesora del Grado en Fisioterapia Internacional, Andrea Fuente, participa en el Congreso Internacional de Docencia Universitaria e Innovaci\u00f3n | EUSES - Campus de Bellvitge (Barcelona)\",\"isPartOf\":{\"@id\":\"https:\\\/\\\/barcelona.euses.cat\\\/ca\\\/#website\"},\"primaryImageOfPage\":{\"@id\":\"https:\\\/\\\/barcelona.euses.cat\\\/es\\\/la-profesora-del-grado-en-fisioterapia-internacional-andrea-fuente-participa-en-el-congreso-internacional-de-docencia-universitaria-e-innovacion\\\/#primaryimage\"},\"image\":{\"@id\":\"https:\\\/\\\/barcelona.euses.cat\\\/es\\\/la-profesora-del-grado-en-fisioterapia-internacional-andrea-fuente-participa-en-el-congreso-internacional-de-docencia-universitaria-e-innovacion\\\/#primaryimage\"},\"thumbnailUrl\":\"https:\\\/\\\/barcelona.euses.cat\\\/wp-content\\\/uploads\\\/2018\\\/09\\\/remm_vo_1200x628_zipzap_sep.jpg\",\"datePublished\":\"2018-08-07T09:55:12+00:00\",\"author\":{\"@id\":\"https:\\\/\\\/barcelona.euses.cat\\\/ca\\\/#\\\/schema\\\/person\\\/c3074ca9d956eacf02e41e2ff78e53ab\"},\"breadcrumb\":{\"@id\":\"https:\\\/\\\/barcelona.euses.cat\\\/es\\\/la-profesora-del-grado-en-fisioterapia-internacional-andrea-fuente-participa-en-el-congreso-internacional-de-docencia-universitaria-e-innovacion\\\/#breadcrumb\"},\"inLanguage\":\"es\",\"potentialAction\":[{\"@type\":\"ReadAction\",\"target\":[\"https:\\\/\\\/barcelona.euses.cat\\\/es\\\/la-profesora-del-grado-en-fisioterapia-internacional-andrea-fuente-participa-en-el-congreso-internacional-de-docencia-universitaria-e-innovacion\\\/\"]}]},{\"@type\":\"ImageObject\",\"inLanguage\":\"es\",\"@id\":\"https:\\\/\\\/barcelona.euses.cat\\\/es\\\/la-profesora-del-grado-en-fisioterapia-internacional-andrea-fuente-participa-en-el-congreso-internacional-de-docencia-universitaria-e-innovacion\\\/#primaryimage\",\"url\":\"https:\\\/\\\/barcelona.euses.cat\\\/wp-content\\\/uploads\\\/2018\\\/09\\\/remm_vo_1200x628_zipzap_sep.jpg\",\"contentUrl\":\"https:\\\/\\\/barcelona.euses.cat\\\/wp-content\\\/uploads\\\/2018\\\/09\\\/remm_vo_1200x628_zipzap_sep.jpg\",\"width\":342,\"height\":342},{\"@type\":\"BreadcrumbList\",\"@id\":\"https:\\\/\\\/barcelona.euses.cat\\\/es\\\/la-profesora-del-grado-en-fisioterapia-internacional-andrea-fuente-participa-en-el-congreso-internacional-de-docencia-universitaria-e-innovacion\\\/#breadcrumb\",\"itemListElement\":[{\"@type\":\"ListItem\",\"position\":1,\"name\":\"Portada\",\"item\":\"https:\\\/\\\/barcelona.euses.cat\\\/es\\\/\"},{\"@type\":\"ListItem\",\"position\":2,\"name\":\"La profesora del Grado en Fisioterapia Internacional, Andrea Fuente, participa en el Congreso Internacional de Docencia Universitaria e Innovaci\u00f3n\"}]},{\"@type\":\"WebSite\",\"@id\":\"https:\\\/\\\/barcelona.euses.cat\\\/ca\\\/#website\",\"url\":\"https:\\\/\\\/barcelona.euses.cat\\\/ca\\\/\",\"name\":\"EUSES - Campus de Bellvitge (Barcelona)\",\"description\":\"EUSES, Escuela Universitaria de Fisioterapia Internacional en Barcelona\",\"potentialAction\":[{\"@type\":\"SearchAction\",\"target\":{\"@type\":\"EntryPoint\",\"urlTemplate\":\"https:\\\/\\\/barcelona.euses.cat\\\/ca\\\/?s={search_term_string}\"},\"query-input\":{\"@type\":\"PropertyValueSpecification\",\"valueRequired\":true,\"valueName\":\"search_term_string\"}}],\"inLanguage\":\"es\"},{\"@type\":\"Person\",\"@id\":\"https:\\\/\\\/barcelona.euses.cat\\\/ca\\\/#\\\/schema\\\/person\\\/c3074ca9d956eacf02e41e2ff78e53ab\",\"name\":\"neorg\",\"image\":{\"@type\":\"ImageObject\",\"inLanguage\":\"es\",\"@id\":\"https:\\\/\\\/secure.gravatar.com\\\/avatar\\\/709d3d8015183afa7401c02e2291a538cbfd4ffe62f4d86ce5f4871f22e86b09?s=96&d=mm&r=g\",\"url\":\"https:\\\/\\\/secure.gravatar.com\\\/avatar\\\/709d3d8015183afa7401c02e2291a538cbfd4ffe62f4d86ce5f4871f22e86b09?s=96&d=mm&r=g\",\"contentUrl\":\"https:\\\/\\\/secure.gravatar.com\\\/avatar\\\/709d3d8015183afa7401c02e2291a538cbfd4ffe62f4d86ce5f4871f22e86b09?s=96&d=mm&r=g\",\"caption\":\"neorg\"},\"url\":\"https:\\\/\\\/barcelona.euses.cat\\\/es\\\/author\\\/neorg\\\/\"}]}<\/script>\n<!-- \/ Yoast SEO plugin. -->","yoast_head_json":{"title":"La profesora del Grado en Fisioterapia Internacional, Andrea Fuente, participa en el Congreso Internacional de Docencia Universitaria e Innovaci\u00f3n | EUSES - Campus de Bellvitge (Barcelona)","robots":{"index":"index","follow":"follow","max-snippet":"max-snippet:-1","max-image-preview":"max-image-preview:large","max-video-preview":"max-video-preview:-1"},"canonical":"https:\/\/barcelona.euses.cat\/es\/la-profesora-del-grado-en-fisioterapia-internacional-andrea-fuente-participa-en-el-congreso-internacional-de-docencia-universitaria-e-innovacion\/","og_locale":"es_ES","og_type":"article","og_title":"La profesora del Grado en Fisioterapia Internacional, Andrea Fuente, participa en el Congreso Internacional de Docencia Universitaria e Innovaci\u00f3n | EUSES - Campus de Bellvitge (Barcelona)","og_description":"Andrea\u00a0Fuente, profesora del Grado en Fisioterapia Internacional ha participado en el Congreso Internacional de Docencia Universitaria e Innovaci\u00f3n, que se celebr\u00f3 durante los d\u00edas 4, 5 y 6 de julio en el Palacio de Congresos de Girona. En esta edici\u00f3n, con el t\u00edtulo \u201cEspacios de aprendizaje: agentes de cambio a la universidad\u201d se ha abordado [&hellip;]","og_url":"https:\/\/barcelona.euses.cat\/es\/la-profesora-del-grado-en-fisioterapia-internacional-andrea-fuente-participa-en-el-congreso-internacional-de-docencia-universitaria-e-innovacion\/","og_site_name":"EUSES - Campus de Bellvitge (Barcelona)","article_publisher":"https:\/\/www.facebook.com\/PhysioBCN\/","article_published_time":"2018-08-07T09:55:12+00:00","og_image":[{"width":342,"height":342,"url":"https:\/\/barcelona.euses.cat\/wp-content\/uploads\/2018\/09\/remm_vo_1200x628_zipzap_sep.jpg","type":"image\/jpeg"}],"author":"neorg","twitter_card":"summary_large_image","twitter_misc":{"Escrito por":"neorg","Tiempo de lectura":"1 minuto"},"schema":{"@context":"https:\/\/schema.org","@graph":[{"@type":"Article","@id":"https:\/\/barcelona.euses.cat\/es\/la-profesora-del-grado-en-fisioterapia-internacional-andrea-fuente-participa-en-el-congreso-internacional-de-docencia-universitaria-e-innovacion\/#article","isPartOf":{"@id":"https:\/\/barcelona.euses.cat\/es\/la-profesora-del-grado-en-fisioterapia-internacional-andrea-fuente-participa-en-el-congreso-internacional-de-docencia-universitaria-e-innovacion\/"},"author":{"name":"neorg","@id":"https:\/\/barcelona.euses.cat\/ca\/#\/schema\/person\/c3074ca9d956eacf02e41e2ff78e53ab"},"headline":"La profesora del Grado en Fisioterapia Internacional, Andrea Fuente, participa en el Congreso Internacional de Docencia Universitaria e Innovaci\u00f3n","datePublished":"2018-08-07T09:55:12+00:00","mainEntityOfPage":{"@id":"https:\/\/barcelona.euses.cat\/es\/la-profesora-del-grado-en-fisioterapia-internacional-andrea-fuente-participa-en-el-congreso-internacional-de-docencia-universitaria-e-innovacion\/"},"wordCount":273,"image":{"@id":"https:\/\/barcelona.euses.cat\/es\/la-profesora-del-grado-en-fisioterapia-internacional-andrea-fuente-participa-en-el-congreso-internacional-de-docencia-universitaria-e-innovacion\/#primaryimage"},"thumbnailUrl":"https:\/\/barcelona.euses.cat\/wp-content\/uploads\/2018\/09\/remm_vo_1200x628_zipzap_sep.jpg","articleSection":["Sin categorizar"],"inLanguage":"es"},{"@type":"WebPage","@id":"https:\/\/barcelona.euses.cat\/es\/la-profesora-del-grado-en-fisioterapia-internacional-andrea-fuente-participa-en-el-congreso-internacional-de-docencia-universitaria-e-innovacion\/","url":"https:\/\/barcelona.euses.cat\/es\/la-profesora-del-grado-en-fisioterapia-internacional-andrea-fuente-participa-en-el-congreso-internacional-de-docencia-universitaria-e-innovacion\/","name":"La profesora del Grado en Fisioterapia Internacional, Andrea Fuente, participa en el Congreso Internacional de Docencia Universitaria e Innovaci\u00f3n | EUSES - Campus de Bellvitge (Barcelona)","isPartOf":{"@id":"https:\/\/barcelona.euses.cat\/ca\/#website"},"primaryImageOfPage":{"@id":"https:\/\/barcelona.euses.cat\/es\/la-profesora-del-grado-en-fisioterapia-internacional-andrea-fuente-participa-en-el-congreso-internacional-de-docencia-universitaria-e-innovacion\/#primaryimage"},"image":{"@id":"https:\/\/barcelona.euses.cat\/es\/la-profesora-del-grado-en-fisioterapia-internacional-andrea-fuente-participa-en-el-congreso-internacional-de-docencia-universitaria-e-innovacion\/#primaryimage"},"thumbnailUrl":"https:\/\/barcelona.euses.cat\/wp-content\/uploads\/2018\/09\/remm_vo_1200x628_zipzap_sep.jpg","datePublished":"2018-08-07T09:55:12+00:00","author":{"@id":"https:\/\/barcelona.euses.cat\/ca\/#\/schema\/person\/c3074ca9d956eacf02e41e2ff78e53ab"},"breadcrumb":{"@id":"https:\/\/barcelona.euses.cat\/es\/la-profesora-del-grado-en-fisioterapia-internacional-andrea-fuente-participa-en-el-congreso-internacional-de-docencia-universitaria-e-innovacion\/#breadcrumb"},"inLanguage":"es","potentialAction":[{"@type":"ReadAction","target":["https:\/\/barcelona.euses.cat\/es\/la-profesora-del-grado-en-fisioterapia-internacional-andrea-fuente-participa-en-el-congreso-internacional-de-docencia-universitaria-e-innovacion\/"]}]},{"@type":"ImageObject","inLanguage":"es","@id":"https:\/\/barcelona.euses.cat\/es\/la-profesora-del-grado-en-fisioterapia-internacional-andrea-fuente-participa-en-el-congreso-internacional-de-docencia-universitaria-e-innovacion\/#primaryimage","url":"https:\/\/barcelona.euses.cat\/wp-content\/uploads\/2018\/09\/remm_vo_1200x628_zipzap_sep.jpg","contentUrl":"https:\/\/barcelona.euses.cat\/wp-content\/uploads\/2018\/09\/remm_vo_1200x628_zipzap_sep.jpg","width":342,"height":342},{"@type":"BreadcrumbList","@id":"https:\/\/barcelona.euses.cat\/es\/la-profesora-del-grado-en-fisioterapia-internacional-andrea-fuente-participa-en-el-congreso-internacional-de-docencia-universitaria-e-innovacion\/#breadcrumb","itemListElement":[{"@type":"ListItem","position":1,"name":"Portada","item":"https:\/\/barcelona.euses.cat\/es\/"},{"@type":"ListItem","position":2,"name":"La profesora del Grado en Fisioterapia Internacional, Andrea Fuente, participa en el Congreso Internacional de Docencia Universitaria e Innovaci\u00f3n"}]},{"@type":"WebSite","@id":"https:\/\/barcelona.euses.cat\/ca\/#website","url":"https:\/\/barcelona.euses.cat\/ca\/","name":"EUSES - Campus de Bellvitge (Barcelona)","description":"EUSES, Escuela Universitaria de Fisioterapia Internacional en Barcelona","potentialAction":[{"@type":"SearchAction","target":{"@type":"EntryPoint","urlTemplate":"https:\/\/barcelona.euses.cat\/ca\/?s={search_term_string}"},"query-input":{"@type":"PropertyValueSpecification","valueRequired":true,"valueName":"search_term_string"}}],"inLanguage":"es"},{"@type":"Person","@id":"https:\/\/barcelona.euses.cat\/ca\/#\/schema\/person\/c3074ca9d956eacf02e41e2ff78e53ab","name":"neorg","image":{"@type":"ImageObject","inLanguage":"es","@id":"https:\/\/secure.gravatar.com\/avatar\/709d3d8015183afa7401c02e2291a538cbfd4ffe62f4d86ce5f4871f22e86b09?s=96&d=mm&r=g","url":"https:\/\/secure.gravatar.com\/avatar\/709d3d8015183afa7401c02e2291a538cbfd4ffe62f4d86ce5f4871f22e86b09?s=96&d=mm&r=g","contentUrl":"https:\/\/secure.gravatar.com\/avatar\/709d3d8015183afa7401c02e2291a538cbfd4ffe62f4d86ce5f4871f22e86b09?s=96&d=mm&r=g","caption":"neorg"},"url":"https:\/\/barcelona.euses.cat\/es\/author\/neorg\/"}]}},"_links":{"self":[{"href":"https:\/\/barcelona.euses.cat\/es\/wp-json\/wp\/v2\/posts\/5771","targetHints":{"allow":["GET"]}}],"collection":[{"href":"https:\/\/barcelona.euses.cat\/es\/wp-json\/wp\/v2\/posts"}],"about":[{"href":"https:\/\/barcelona.euses.cat\/es\/wp-json\/wp\/v2\/types\/post"}],"author":[{"embeddable":true,"href":"https:\/\/barcelona.euses.cat\/es\/wp-json\/wp\/v2\/users\/1"}],"replies":[{"embeddable":true,"href":"https:\/\/barcelona.euses.cat\/es\/wp-json\/wp\/v2\/comments?post=5771"}],"version-history":[{"count":0,"href":"https:\/\/barcelona.euses.cat\/es\/wp-json\/wp\/v2\/posts\/5771\/revisions"}],"wp:featuredmedia":[{"embeddable":true,"href":"https:\/\/barcelona.euses.cat\/es\/wp-json\/wp\/v2\/media\/4970"}],"wp:attachment":[{"href":"https:\/\/barcelona.euses.cat\/es\/wp-json\/wp\/v2\/media?parent=5771"}],"wp:term":[{"taxonomy":"category","embeddable":true,"href":"https:\/\/barcelona.euses.cat\/es\/wp-json\/wp\/v2\/categories?post=5771"},{"taxonomy":"post_tag","embeddable":true,"href":"https:\/\/barcelona.euses.cat\/es\/wp-json\/wp\/v2\/tags?post=5771"}],"curies":[{"name":"wp","href":"https:\/\/api.w.org\/{rel}","templated":true}]}}