{"id":5770,"date":"2018-08-20T12:02:56","date_gmt":"2018-08-20T10:02:56","guid":{"rendered":"http:\/\/physiotherapybarcelona.net\/?p=3916"},"modified":"2018-08-20T12:02:56","modified_gmt":"2018-08-20T10:02:56","slug":"la-investigacion-cientifica-de-los-docentes-del-grado-en-fisioterapia-internacional","status":"publish","type":"post","link":"https:\/\/barcelona.euses.cat\/es\/la-investigacion-cientifica-de-los-docentes-del-grado-en-fisioterapia-internacional\/","title":{"rendered":"La investigaci\u00f3n cient\u00edfica de los docentes del Grado en Fisioterapia Internacional"},"content":{"rendered":"<p style=\"text-align: justify;\"><a href=\"https:\/\/barcelona.euses.cat\/es\/profesores\/\">El\u00a0profesorado\u00a0del\u00a0Grado en Fisioterapia Internacional\u00a0<\/a>combina la\u00a0<strong>docencia<\/strong>\u00a0con la\u00a0<strong>investigaci\u00f3n cient\u00edfica<\/strong>. En el\u00a0<strong>Campus de la UB<\/strong>, tendr\u00e1s la oportunidad de formarte con un equipo docente experto, que est\u00e1 al corriente de las principales novedades en el \u00e1mbito de la fisioterapia y lidera investigaciones pioneras.<\/p>\n<p style=\"text-align: justify;\">El mismo director del Grado, Mariano Gacto ha publicado el estudio \u201c<a href=\"http:\/\/www.tandfonline.com\/doi\/abs\/10.1080\/09638288.2018.1424948\">Sensitivity to change of mobility measures in musculoskeletal conditions on lower extremities in outpatient rehabilitation settings<\/a>\u201d,\u00a0 que <strong>analiza los indicadores de movilidad de las extremidades inferiores en casos de rehabilitaci\u00f3n<\/strong><strong>. <\/strong>Se demuestra la consistencia y sensibilidad de estos indicadores y se concluye que se pueden usar de manera\u00a0<strong>fiable para obtener medidas coherentes y sensibles de cambios en la movilidad<\/strong><strong>\u00a0<\/strong>de los pacientes durante el periodo de recuperaci\u00f3n.<\/p>\n<p style=\"text-align: justify;\">Un ejemplo reciente es la publicaci\u00f3n:\u00a0<a href=\"https:\/\/www.sciencedirect.com\/science\/article\/pii\/S0041010117303380#!\">\u2018Lung and liver responses to 1- and 7-day treatments with LASSBio-596 in mice subchronically intoxicated by Microcystis-LR\u2019<\/a>, en la cual, ha participado el profesor\u00a0<strong>Vinicius Oliveira<\/strong>. Se trata de un estudio toxicol\u00f3gico sobre la intervenci\u00f3n terap\u00e9utica con antiinflamatorio en las lesiones pulmonares y hep\u00e1ticas.<\/p>\n<p style=\"text-align: justify;\">Otro ejemplo lo encontramos en <strong><a href=\"https:\/\/goo.gl\/9dD1pR\">\u2018Discourses on the Toxic Effects of Internal Chemical Contamination in Catalonia, Spain)\u2019<\/a><\/strong>, el estudio de la profesora<strong> Araceli Mu\u00f1oz<\/strong>, en el cual, profundiza en uno de sus campos habituales de investigaci\u00f3n: el de la salud, el riesgo y la contaminaci\u00f3n interna. El objetivo de esta publicaci\u00f3n es mostrar que la exposici\u00f3n humana a los componentes t\u00f3xicos del medio ambiente y la contaminaci\u00f3n requiere una mayor atenci\u00f3n.<\/p>\n<p style=\"text-align: justify;\">En definitiva, el protagonismo de la\u00a0<strong>investigaci\u00f3n cient\u00edfica\u00a0<\/strong>es uno de los rasgos caracter\u00edsticos del grado, que adem\u00e1s se imparte completamente en ingl\u00e9s. Elige innovaci\u00f3n y calidad, estudiando en el\u00a0<strong>Campus de la UB<\/strong>. Las inscripciones universitarias se abrir\u00e1n el pr\u00f3ximo <strong>19 y 20 de setiembre.<\/strong><\/p>\n","protected":false},"excerpt":{"rendered":"<p>El\u00a0profesorado\u00a0del\u00a0Grado en Fisioterapia Internacional\u00a0combina la\u00a0docencia\u00a0con la\u00a0investigaci\u00f3n cient\u00edfica. En el\u00a0Campus de la UB, tendr\u00e1s la oportunidad de formarte con un equipo docente experto, que est\u00e1 al corriente de las principales novedades en el \u00e1mbito de la fisioterapia y lidera investigaciones pioneras. El mismo director del Grado, Mariano Gacto ha publicado el estudio \u201cSensitivity to change of [&hellip;]<\/p>\n","protected":false},"author":1,"featured_media":4965,"comment_status":"closed","ping_status":"closed","sticky":false,"template":"","format":"standard","meta":{"_acf_changed":false,"inline_featured_image":false,"_joinchat":[],"footnotes":""},"categories":[1],"tags":[],"class_list":["post-5770","post","type-post","status-publish","format-standard","has-post-thumbnail","hentry","category-sin-categorizar"],"acf":[],"yoast_head":"<!-- This site is optimized with the Yoast SEO plugin v27.4 - https:\/\/yoast.com\/product\/yoast-seo-wordpress\/ -->\n<title>La investigaci\u00f3n cient\u00edfica de los docentes del Grado en Fisioterapia Internacional | EUSES - Campus de Bellvitge (Barcelona)<\/title>\n<meta name=\"robots\" content=\"index, follow, max-snippet:-1, max-image-preview:large, max-video-preview:-1\" \/>\n<link rel=\"canonical\" href=\"https:\/\/barcelona.euses.cat\/es\/la-investigacion-cientifica-de-los-docentes-del-grado-en-fisioterapia-internacional\/\" \/>\n<meta property=\"og:locale\" content=\"es_ES\" \/>\n<meta property=\"og:type\" content=\"article\" \/>\n<meta property=\"og:title\" content=\"La investigaci\u00f3n cient\u00edfica de los docentes del Grado en Fisioterapia Internacional | EUSES - Campus de Bellvitge (Barcelona)\" \/>\n<meta property=\"og:description\" content=\"El\u00a0profesorado\u00a0del\u00a0Grado en Fisioterapia Internacional\u00a0combina la\u00a0docencia\u00a0con la\u00a0investigaci\u00f3n cient\u00edfica. En el\u00a0Campus de la UB, tendr\u00e1s la oportunidad de formarte con un equipo docente experto, que est\u00e1 al corriente de las principales novedades en el \u00e1mbito de la fisioterapia y lidera investigaciones pioneras. El mismo director del Grado, Mariano Gacto ha publicado el estudio \u201cSensitivity to change of [&hellip;]\" \/>\n<meta property=\"og:url\" content=\"https:\/\/barcelona.euses.cat\/es\/la-investigacion-cientifica-de-los-docentes-del-grado-en-fisioterapia-internacional\/\" \/>\n<meta property=\"og:site_name\" content=\"EUSES - Campus de Bellvitge (Barcelona)\" \/>\n<meta property=\"article:publisher\" content=\"https:\/\/www.facebook.com\/PhysioBCN\/\" \/>\n<meta property=\"article:published_time\" content=\"2018-08-20T10:02:56+00:00\" \/>\n<meta property=\"og:image\" content=\"https:\/\/barcelona.euses.cat\/wp-content\/uploads\/2018\/09\/unnamed.png\" \/>\n\t<meta property=\"og:image:width\" content=\"535\" \/>\n\t<meta property=\"og:image:height\" content=\"360\" \/>\n\t<meta property=\"og:image:type\" content=\"image\/png\" \/>\n<meta name=\"author\" content=\"neorg\" \/>\n<meta name=\"twitter:card\" content=\"summary_large_image\" \/>\n<meta name=\"twitter:label1\" content=\"Escrito por\" \/>\n\t<meta name=\"twitter:data1\" content=\"neorg\" \/>\n\t<meta name=\"twitter:label2\" content=\"Tiempo de lectura\" \/>\n\t<meta name=\"twitter:data2\" content=\"2 minutos\" \/>\n<script type=\"application\/ld+json\" class=\"yoast-schema-graph\">{\"@context\":\"https:\\\/\\\/schema.org\",\"@graph\":[{\"@type\":\"Article\",\"@id\":\"https:\\\/\\\/barcelona.euses.cat\\\/es\\\/la-investigacion-cientifica-de-los-docentes-del-grado-en-fisioterapia-internacional\\\/#article\",\"isPartOf\":{\"@id\":\"https:\\\/\\\/barcelona.euses.cat\\\/es\\\/la-investigacion-cientifica-de-los-docentes-del-grado-en-fisioterapia-internacional\\\/\"},\"author\":{\"name\":\"neorg\",\"@id\":\"https:\\\/\\\/barcelona.euses.cat\\\/ca\\\/#\\\/schema\\\/person\\\/c3074ca9d956eacf02e41e2ff78e53ab\"},\"headline\":\"La investigaci\u00f3n cient\u00edfica de los docentes del Grado en Fisioterapia Internacional\",\"datePublished\":\"2018-08-20T10:02:56+00:00\",\"mainEntityOfPage\":{\"@id\":\"https:\\\/\\\/barcelona.euses.cat\\\/es\\\/la-investigacion-cientifica-de-los-docentes-del-grado-en-fisioterapia-internacional\\\/\"},\"wordCount\":331,\"image\":{\"@id\":\"https:\\\/\\\/barcelona.euses.cat\\\/es\\\/la-investigacion-cientifica-de-los-docentes-del-grado-en-fisioterapia-internacional\\\/#primaryimage\"},\"thumbnailUrl\":\"https:\\\/\\\/barcelona.euses.cat\\\/wp-content\\\/uploads\\\/2018\\\/09\\\/unnamed.png\",\"articleSection\":[\"Sin categorizar\"],\"inLanguage\":\"es\"},{\"@type\":\"WebPage\",\"@id\":\"https:\\\/\\\/barcelona.euses.cat\\\/es\\\/la-investigacion-cientifica-de-los-docentes-del-grado-en-fisioterapia-internacional\\\/\",\"url\":\"https:\\\/\\\/barcelona.euses.cat\\\/es\\\/la-investigacion-cientifica-de-los-docentes-del-grado-en-fisioterapia-internacional\\\/\",\"name\":\"La investigaci\u00f3n cient\u00edfica de los docentes del Grado en Fisioterapia Internacional | EUSES - Campus de Bellvitge (Barcelona)\",\"isPartOf\":{\"@id\":\"https:\\\/\\\/barcelona.euses.cat\\\/ca\\\/#website\"},\"primaryImageOfPage\":{\"@id\":\"https:\\\/\\\/barcelona.euses.cat\\\/es\\\/la-investigacion-cientifica-de-los-docentes-del-grado-en-fisioterapia-internacional\\\/#primaryimage\"},\"image\":{\"@id\":\"https:\\\/\\\/barcelona.euses.cat\\\/es\\\/la-investigacion-cientifica-de-los-docentes-del-grado-en-fisioterapia-internacional\\\/#primaryimage\"},\"thumbnailUrl\":\"https:\\\/\\\/barcelona.euses.cat\\\/wp-content\\\/uploads\\\/2018\\\/09\\\/unnamed.png\",\"datePublished\":\"2018-08-20T10:02:56+00:00\",\"author\":{\"@id\":\"https:\\\/\\\/barcelona.euses.cat\\\/ca\\\/#\\\/schema\\\/person\\\/c3074ca9d956eacf02e41e2ff78e53ab\"},\"breadcrumb\":{\"@id\":\"https:\\\/\\\/barcelona.euses.cat\\\/es\\\/la-investigacion-cientifica-de-los-docentes-del-grado-en-fisioterapia-internacional\\\/#breadcrumb\"},\"inLanguage\":\"es\",\"potentialAction\":[{\"@type\":\"ReadAction\",\"target\":[\"https:\\\/\\\/barcelona.euses.cat\\\/es\\\/la-investigacion-cientifica-de-los-docentes-del-grado-en-fisioterapia-internacional\\\/\"]}]},{\"@type\":\"ImageObject\",\"inLanguage\":\"es\",\"@id\":\"https:\\\/\\\/barcelona.euses.cat\\\/es\\\/la-investigacion-cientifica-de-los-docentes-del-grado-en-fisioterapia-internacional\\\/#primaryimage\",\"url\":\"https:\\\/\\\/barcelona.euses.cat\\\/wp-content\\\/uploads\\\/2018\\\/09\\\/unnamed.png\",\"contentUrl\":\"https:\\\/\\\/barcelona.euses.cat\\\/wp-content\\\/uploads\\\/2018\\\/09\\\/unnamed.png\",\"width\":535,\"height\":360},{\"@type\":\"BreadcrumbList\",\"@id\":\"https:\\\/\\\/barcelona.euses.cat\\\/es\\\/la-investigacion-cientifica-de-los-docentes-del-grado-en-fisioterapia-internacional\\\/#breadcrumb\",\"itemListElement\":[{\"@type\":\"ListItem\",\"position\":1,\"name\":\"Portada\",\"item\":\"https:\\\/\\\/barcelona.euses.cat\\\/es\\\/\"},{\"@type\":\"ListItem\",\"position\":2,\"name\":\"La investigaci\u00f3n cient\u00edfica de los docentes del Grado en Fisioterapia Internacional\"}]},{\"@type\":\"WebSite\",\"@id\":\"https:\\\/\\\/barcelona.euses.cat\\\/ca\\\/#website\",\"url\":\"https:\\\/\\\/barcelona.euses.cat\\\/ca\\\/\",\"name\":\"EUSES - Campus de Bellvitge (Barcelona)\",\"description\":\"EUSES, Escuela Universitaria de Fisioterapia Internacional en Barcelona\",\"potentialAction\":[{\"@type\":\"SearchAction\",\"target\":{\"@type\":\"EntryPoint\",\"urlTemplate\":\"https:\\\/\\\/barcelona.euses.cat\\\/ca\\\/?s={search_term_string}\"},\"query-input\":{\"@type\":\"PropertyValueSpecification\",\"valueRequired\":true,\"valueName\":\"search_term_string\"}}],\"inLanguage\":\"es\"},{\"@type\":\"Person\",\"@id\":\"https:\\\/\\\/barcelona.euses.cat\\\/ca\\\/#\\\/schema\\\/person\\\/c3074ca9d956eacf02e41e2ff78e53ab\",\"name\":\"neorg\",\"image\":{\"@type\":\"ImageObject\",\"inLanguage\":\"es\",\"@id\":\"https:\\\/\\\/secure.gravatar.com\\\/avatar\\\/709d3d8015183afa7401c02e2291a538cbfd4ffe62f4d86ce5f4871f22e86b09?s=96&d=mm&r=g\",\"url\":\"https:\\\/\\\/secure.gravatar.com\\\/avatar\\\/709d3d8015183afa7401c02e2291a538cbfd4ffe62f4d86ce5f4871f22e86b09?s=96&d=mm&r=g\",\"contentUrl\":\"https:\\\/\\\/secure.gravatar.com\\\/avatar\\\/709d3d8015183afa7401c02e2291a538cbfd4ffe62f4d86ce5f4871f22e86b09?s=96&d=mm&r=g\",\"caption\":\"neorg\"},\"url\":\"https:\\\/\\\/barcelona.euses.cat\\\/es\\\/author\\\/neorg\\\/\"}]}<\/script>\n<!-- \/ Yoast SEO plugin. -->","yoast_head_json":{"title":"La investigaci\u00f3n cient\u00edfica de los docentes del Grado en Fisioterapia Internacional | EUSES - Campus de Bellvitge (Barcelona)","robots":{"index":"index","follow":"follow","max-snippet":"max-snippet:-1","max-image-preview":"max-image-preview:large","max-video-preview":"max-video-preview:-1"},"canonical":"https:\/\/barcelona.euses.cat\/es\/la-investigacion-cientifica-de-los-docentes-del-grado-en-fisioterapia-internacional\/","og_locale":"es_ES","og_type":"article","og_title":"La investigaci\u00f3n cient\u00edfica de los docentes del Grado en Fisioterapia Internacional | EUSES - Campus de Bellvitge (Barcelona)","og_description":"El\u00a0profesorado\u00a0del\u00a0Grado en Fisioterapia Internacional\u00a0combina la\u00a0docencia\u00a0con la\u00a0investigaci\u00f3n cient\u00edfica. En el\u00a0Campus de la UB, tendr\u00e1s la oportunidad de formarte con un equipo docente experto, que est\u00e1 al corriente de las principales novedades en el \u00e1mbito de la fisioterapia y lidera investigaciones pioneras. El mismo director del Grado, Mariano Gacto ha publicado el estudio \u201cSensitivity to change of [&hellip;]","og_url":"https:\/\/barcelona.euses.cat\/es\/la-investigacion-cientifica-de-los-docentes-del-grado-en-fisioterapia-internacional\/","og_site_name":"EUSES - Campus de Bellvitge (Barcelona)","article_publisher":"https:\/\/www.facebook.com\/PhysioBCN\/","article_published_time":"2018-08-20T10:02:56+00:00","og_image":[{"width":535,"height":360,"url":"https:\/\/barcelona.euses.cat\/wp-content\/uploads\/2018\/09\/unnamed.png","type":"image\/png"}],"author":"neorg","twitter_card":"summary_large_image","twitter_misc":{"Escrito por":"neorg","Tiempo de lectura":"2 minutos"},"schema":{"@context":"https:\/\/schema.org","@graph":[{"@type":"Article","@id":"https:\/\/barcelona.euses.cat\/es\/la-investigacion-cientifica-de-los-docentes-del-grado-en-fisioterapia-internacional\/#article","isPartOf":{"@id":"https:\/\/barcelona.euses.cat\/es\/la-investigacion-cientifica-de-los-docentes-del-grado-en-fisioterapia-internacional\/"},"author":{"name":"neorg","@id":"https:\/\/barcelona.euses.cat\/ca\/#\/schema\/person\/c3074ca9d956eacf02e41e2ff78e53ab"},"headline":"La investigaci\u00f3n cient\u00edfica de los docentes del Grado en Fisioterapia Internacional","datePublished":"2018-08-20T10:02:56+00:00","mainEntityOfPage":{"@id":"https:\/\/barcelona.euses.cat\/es\/la-investigacion-cientifica-de-los-docentes-del-grado-en-fisioterapia-internacional\/"},"wordCount":331,"image":{"@id":"https:\/\/barcelona.euses.cat\/es\/la-investigacion-cientifica-de-los-docentes-del-grado-en-fisioterapia-internacional\/#primaryimage"},"thumbnailUrl":"https:\/\/barcelona.euses.cat\/wp-content\/uploads\/2018\/09\/unnamed.png","articleSection":["Sin categorizar"],"inLanguage":"es"},{"@type":"WebPage","@id":"https:\/\/barcelona.euses.cat\/es\/la-investigacion-cientifica-de-los-docentes-del-grado-en-fisioterapia-internacional\/","url":"https:\/\/barcelona.euses.cat\/es\/la-investigacion-cientifica-de-los-docentes-del-grado-en-fisioterapia-internacional\/","name":"La investigaci\u00f3n cient\u00edfica de los docentes del Grado en Fisioterapia Internacional | EUSES - Campus de Bellvitge (Barcelona)","isPartOf":{"@id":"https:\/\/barcelona.euses.cat\/ca\/#website"},"primaryImageOfPage":{"@id":"https:\/\/barcelona.euses.cat\/es\/la-investigacion-cientifica-de-los-docentes-del-grado-en-fisioterapia-internacional\/#primaryimage"},"image":{"@id":"https:\/\/barcelona.euses.cat\/es\/la-investigacion-cientifica-de-los-docentes-del-grado-en-fisioterapia-internacional\/#primaryimage"},"thumbnailUrl":"https:\/\/barcelona.euses.cat\/wp-content\/uploads\/2018\/09\/unnamed.png","datePublished":"2018-08-20T10:02:56+00:00","author":{"@id":"https:\/\/barcelona.euses.cat\/ca\/#\/schema\/person\/c3074ca9d956eacf02e41e2ff78e53ab"},"breadcrumb":{"@id":"https:\/\/barcelona.euses.cat\/es\/la-investigacion-cientifica-de-los-docentes-del-grado-en-fisioterapia-internacional\/#breadcrumb"},"inLanguage":"es","potentialAction":[{"@type":"ReadAction","target":["https:\/\/barcelona.euses.cat\/es\/la-investigacion-cientifica-de-los-docentes-del-grado-en-fisioterapia-internacional\/"]}]},{"@type":"ImageObject","inLanguage":"es","@id":"https:\/\/barcelona.euses.cat\/es\/la-investigacion-cientifica-de-los-docentes-del-grado-en-fisioterapia-internacional\/#primaryimage","url":"https:\/\/barcelona.euses.cat\/wp-content\/uploads\/2018\/09\/unnamed.png","contentUrl":"https:\/\/barcelona.euses.cat\/wp-content\/uploads\/2018\/09\/unnamed.png","width":535,"height":360},{"@type":"BreadcrumbList","@id":"https:\/\/barcelona.euses.cat\/es\/la-investigacion-cientifica-de-los-docentes-del-grado-en-fisioterapia-internacional\/#breadcrumb","itemListElement":[{"@type":"ListItem","position":1,"name":"Portada","item":"https:\/\/barcelona.euses.cat\/es\/"},{"@type":"ListItem","position":2,"name":"La investigaci\u00f3n cient\u00edfica de los docentes del Grado en Fisioterapia Internacional"}]},{"@type":"WebSite","@id":"https:\/\/barcelona.euses.cat\/ca\/#website","url":"https:\/\/barcelona.euses.cat\/ca\/","name":"EUSES - Campus de Bellvitge (Barcelona)","description":"EUSES, Escuela Universitaria de Fisioterapia Internacional en Barcelona","potentialAction":[{"@type":"SearchAction","target":{"@type":"EntryPoint","urlTemplate":"https:\/\/barcelona.euses.cat\/ca\/?s={search_term_string}"},"query-input":{"@type":"PropertyValueSpecification","valueRequired":true,"valueName":"search_term_string"}}],"inLanguage":"es"},{"@type":"Person","@id":"https:\/\/barcelona.euses.cat\/ca\/#\/schema\/person\/c3074ca9d956eacf02e41e2ff78e53ab","name":"neorg","image":{"@type":"ImageObject","inLanguage":"es","@id":"https:\/\/secure.gravatar.com\/avatar\/709d3d8015183afa7401c02e2291a538cbfd4ffe62f4d86ce5f4871f22e86b09?s=96&d=mm&r=g","url":"https:\/\/secure.gravatar.com\/avatar\/709d3d8015183afa7401c02e2291a538cbfd4ffe62f4d86ce5f4871f22e86b09?s=96&d=mm&r=g","contentUrl":"https:\/\/secure.gravatar.com\/avatar\/709d3d8015183afa7401c02e2291a538cbfd4ffe62f4d86ce5f4871f22e86b09?s=96&d=mm&r=g","caption":"neorg"},"url":"https:\/\/barcelona.euses.cat\/es\/author\/neorg\/"}]}},"_links":{"self":[{"href":"https:\/\/barcelona.euses.cat\/es\/wp-json\/wp\/v2\/posts\/5770","targetHints":{"allow":["GET"]}}],"collection":[{"href":"https:\/\/barcelona.euses.cat\/es\/wp-json\/wp\/v2\/posts"}],"about":[{"href":"https:\/\/barcelona.euses.cat\/es\/wp-json\/wp\/v2\/types\/post"}],"author":[{"embeddable":true,"href":"https:\/\/barcelona.euses.cat\/es\/wp-json\/wp\/v2\/users\/1"}],"replies":[{"embeddable":true,"href":"https:\/\/barcelona.euses.cat\/es\/wp-json\/wp\/v2\/comments?post=5770"}],"version-history":[{"count":0,"href":"https:\/\/barcelona.euses.cat\/es\/wp-json\/wp\/v2\/posts\/5770\/revisions"}],"wp:featuredmedia":[{"embeddable":true,"href":"https:\/\/barcelona.euses.cat\/es\/wp-json\/wp\/v2\/media\/4965"}],"wp:attachment":[{"href":"https:\/\/barcelona.euses.cat\/es\/wp-json\/wp\/v2\/media?parent=5770"}],"wp:term":[{"taxonomy":"category","embeddable":true,"href":"https:\/\/barcelona.euses.cat\/es\/wp-json\/wp\/v2\/categories?post=5770"},{"taxonomy":"post_tag","embeddable":true,"href":"https:\/\/barcelona.euses.cat\/es\/wp-json\/wp\/v2\/tags?post=5770"}],"curies":[{"name":"wp","href":"https:\/\/api.w.org\/{rel}","templated":true}]}}