{"id":5768,"date":"2018-10-05T10:24:20","date_gmt":"2018-10-05T08:24:20","guid":{"rendered":"http:\/\/physiotherapybarcelona.net\/?p=3945"},"modified":"2018-10-05T10:24:20","modified_gmt":"2018-10-05T08:24:20","slug":"un-nuevo-estudio-academico-demuestra-que-la-estimulacion-electrica-permite-andar-a-los-pacientes-con-paralisis-completa","status":"publish","type":"post","link":"https:\/\/barcelona.euses.cat\/es\/un-nuevo-estudio-academico-demuestra-que-la-estimulacion-electrica-permite-andar-a-los-pacientes-con-paralisis-completa\/","title":{"rendered":"Un nuevo estudio acad\u00e9mico demuestra que la estimulaci\u00f3n el\u00e9ctrica permite andar a los pacientes con par\u00e1lisis completa"},"content":{"rendered":"<p style=\"text-align: justify;\">Un paciente que sufre una par\u00e1lisis completa de sus extremidades inferiores ha logrado caminar de manera independiente, gracias a un <strong>largo proceso de rehabilitaci\u00f3n fisioterap\u00e9utico y a un implante de estimulaci\u00f3n electr\u00f3nica<\/strong>, seg\u00fan una investigaci\u00f3n publicada en <a href=\"https:\/\/www.nature.com\/articles\/s41591-018-0175-7\">la revista Nature.<\/a><\/p>\n<p style=\"text-align: justify;\">Jered Chinnock se qued\u00f3 parapl\u00e9jico en 2013, despu\u00e9s de sufrir un accidente con una moto de nieve que le da\u00f1\u00f3 su m\u00e9dula espinal. Durante 43 semanas, se le implant\u00f3 un dispositivo de estimulaci\u00f3n espinal el\u00e9ctrica y fue sometido a una<strong> rehabilitaci\u00f3n espec\u00edfica. <\/strong><\/p>\n<p style=\"text-align: justify;\">Los investigadores, de la Cl\u00ednica de Mayo de Minnesota (EEUU), descubrieron que el paciente fue capaz de realizar una contracci\u00f3n intencional de los m\u00fasculos de la pierna al final del tratamiento, logrando <strong>la haza\u00f1a de caminar unos 100 metros<\/strong>, caminando con ambas piernas ayudado por un andador.<\/p>\n<p style=\"text-align: justify;\">Ahora, el objetivo es averiguar c\u00f3mo <strong>las t\u00e9cnicas de rehabilitaci\u00f3n interact\u00faan con las de estimulaci\u00f3n el\u00e9ctrica<\/strong> para recuperar las funciones motoras da\u00f1adas y para saber si se puede aplicar a otro tipo de lesiones.<\/p>\n<p style=\"text-align: justify;\">Una vez m\u00e1s, los <strong>avances tecnol\u00f3gicos se pueden aplicar con \u00e9xito en los tratamientos fisioterap\u00e9uticos,<\/strong> logrando resultados realmente sorprendentes. <a href=\"https:\/\/barcelona.euses.cat\/es\/fisioterapia-internacional\/\">El Grado en Fisioterapia Internacional,<\/a> adem\u00e1s de ser el \u00fanico grado universitario impartido completamente en ingl\u00e9s en Barcelona, incorpora las nuevas tecnolog\u00edas y las ventajas de la gamificaci\u00f3n.<\/p>\n<p style=\"text-align: justify;\">La Escuela de Nuevas Tecnolog\u00edas Interactivas (ENTI-UB) imparte conjuntamente con EUSES-UdG el Grado, e incorpora en el plan de estudios <strong>asignaturas espec\u00edficas de nuevas tecnolog\u00edas.<\/strong><\/p>\n","protected":false},"excerpt":{"rendered":"<p>Un paciente que sufre una par\u00e1lisis completa de sus extremidades inferiores ha logrado caminar de manera independiente, gracias a un largo proceso de rehabilitaci\u00f3n fisioterap\u00e9utico y a un implante de estimulaci\u00f3n electr\u00f3nica, seg\u00fan una investigaci\u00f3n publicada en la revista Nature. Jered Chinnock se qued\u00f3 parapl\u00e9jico en 2013, despu\u00e9s de sufrir un accidente con una moto [&hellip;]<\/p>\n","protected":false},"author":1,"featured_media":4955,"comment_status":"closed","ping_status":"closed","sticky":false,"template":"","format":"standard","meta":{"_acf_changed":false,"inline_featured_image":false,"_joinchat":[],"footnotes":""},"categories":[1],"tags":[],"class_list":["post-5768","post","type-post","status-publish","format-standard","has-post-thumbnail","hentry","category-sin-categorizar"],"acf":[],"yoast_head":"<!-- This site is optimized with the Yoast SEO plugin v27.4 - https:\/\/yoast.com\/product\/yoast-seo-wordpress\/ -->\n<title>Un nuevo estudio acad\u00e9mico demuestra que la estimulaci\u00f3n el\u00e9ctrica permite andar a los pacientes con par\u00e1lisis completa | EUSES - Campus de Bellvitge (Barcelona)<\/title>\n<meta name=\"robots\" content=\"index, follow, max-snippet:-1, max-image-preview:large, max-video-preview:-1\" \/>\n<link rel=\"canonical\" href=\"https:\/\/barcelona.euses.cat\/es\/un-nuevo-estudio-academico-demuestra-que-la-estimulacion-electrica-permite-andar-a-los-pacientes-con-paralisis-completa\/\" \/>\n<meta property=\"og:locale\" content=\"es_ES\" \/>\n<meta property=\"og:type\" content=\"article\" \/>\n<meta property=\"og:title\" content=\"Un nuevo estudio acad\u00e9mico demuestra que la estimulaci\u00f3n el\u00e9ctrica permite andar a los pacientes con par\u00e1lisis completa | EUSES - Campus de Bellvitge (Barcelona)\" \/>\n<meta property=\"og:description\" content=\"Un paciente que sufre una par\u00e1lisis completa de sus extremidades inferiores ha logrado caminar de manera independiente, gracias a un largo proceso de rehabilitaci\u00f3n fisioterap\u00e9utico y a un implante de estimulaci\u00f3n electr\u00f3nica, seg\u00fan una investigaci\u00f3n publicada en la revista Nature. Jered Chinnock se qued\u00f3 parapl\u00e9jico en 2013, despu\u00e9s de sufrir un accidente con una moto [&hellip;]\" \/>\n<meta property=\"og:url\" content=\"https:\/\/barcelona.euses.cat\/es\/un-nuevo-estudio-academico-demuestra-que-la-estimulacion-electrica-permite-andar-a-los-pacientes-con-paralisis-completa\/\" \/>\n<meta property=\"og:site_name\" content=\"EUSES - Campus de Bellvitge (Barcelona)\" \/>\n<meta property=\"article:publisher\" content=\"https:\/\/www.facebook.com\/PhysioBCN\/\" \/>\n<meta property=\"article:published_time\" content=\"2018-10-05T08:24:20+00:00\" \/>\n<meta property=\"og:image\" content=\"https:\/\/barcelona.euses.cat\/wp-content\/uploads\/2018\/10\/l.jpg\" \/>\n\t<meta property=\"og:image:width\" content=\"620\" \/>\n\t<meta property=\"og:image:height\" content=\"349\" \/>\n\t<meta property=\"og:image:type\" content=\"image\/jpeg\" \/>\n<meta name=\"author\" content=\"neorg\" \/>\n<meta name=\"twitter:card\" content=\"summary_large_image\" \/>\n<meta name=\"twitter:label1\" content=\"Escrito por\" \/>\n\t<meta name=\"twitter:data1\" content=\"neorg\" \/>\n\t<meta name=\"twitter:label2\" content=\"Tiempo de lectura\" \/>\n\t<meta name=\"twitter:data2\" content=\"1 minuto\" \/>\n<script type=\"application\/ld+json\" class=\"yoast-schema-graph\">{\"@context\":\"https:\\\/\\\/schema.org\",\"@graph\":[{\"@type\":\"Article\",\"@id\":\"https:\\\/\\\/barcelona.euses.cat\\\/es\\\/un-nuevo-estudio-academico-demuestra-que-la-estimulacion-electrica-permite-andar-a-los-pacientes-con-paralisis-completa\\\/#article\",\"isPartOf\":{\"@id\":\"https:\\\/\\\/barcelona.euses.cat\\\/es\\\/un-nuevo-estudio-academico-demuestra-que-la-estimulacion-electrica-permite-andar-a-los-pacientes-con-paralisis-completa\\\/\"},\"author\":{\"name\":\"neorg\",\"@id\":\"https:\\\/\\\/barcelona.euses.cat\\\/ca\\\/#\\\/schema\\\/person\\\/c3074ca9d956eacf02e41e2ff78e53ab\"},\"headline\":\"Un nuevo estudio acad\u00e9mico demuestra que la estimulaci\u00f3n el\u00e9ctrica permite andar a los pacientes con par\u00e1lisis completa\",\"datePublished\":\"2018-10-05T08:24:20+00:00\",\"mainEntityOfPage\":{\"@id\":\"https:\\\/\\\/barcelona.euses.cat\\\/es\\\/un-nuevo-estudio-academico-demuestra-que-la-estimulacion-electrica-permite-andar-a-los-pacientes-con-paralisis-completa\\\/\"},\"wordCount\":288,\"image\":{\"@id\":\"https:\\\/\\\/barcelona.euses.cat\\\/es\\\/un-nuevo-estudio-academico-demuestra-que-la-estimulacion-electrica-permite-andar-a-los-pacientes-con-paralisis-completa\\\/#primaryimage\"},\"thumbnailUrl\":\"https:\\\/\\\/barcelona.euses.cat\\\/wp-content\\\/uploads\\\/2018\\\/10\\\/l.jpg\",\"articleSection\":[\"Sin categorizar\"],\"inLanguage\":\"es\"},{\"@type\":\"WebPage\",\"@id\":\"https:\\\/\\\/barcelona.euses.cat\\\/es\\\/un-nuevo-estudio-academico-demuestra-que-la-estimulacion-electrica-permite-andar-a-los-pacientes-con-paralisis-completa\\\/\",\"url\":\"https:\\\/\\\/barcelona.euses.cat\\\/es\\\/un-nuevo-estudio-academico-demuestra-que-la-estimulacion-electrica-permite-andar-a-los-pacientes-con-paralisis-completa\\\/\",\"name\":\"Un nuevo estudio acad\u00e9mico demuestra que la estimulaci\u00f3n el\u00e9ctrica permite andar a los pacientes con par\u00e1lisis completa | EUSES - Campus de Bellvitge (Barcelona)\",\"isPartOf\":{\"@id\":\"https:\\\/\\\/barcelona.euses.cat\\\/ca\\\/#website\"},\"primaryImageOfPage\":{\"@id\":\"https:\\\/\\\/barcelona.euses.cat\\\/es\\\/un-nuevo-estudio-academico-demuestra-que-la-estimulacion-electrica-permite-andar-a-los-pacientes-con-paralisis-completa\\\/#primaryimage\"},\"image\":{\"@id\":\"https:\\\/\\\/barcelona.euses.cat\\\/es\\\/un-nuevo-estudio-academico-demuestra-que-la-estimulacion-electrica-permite-andar-a-los-pacientes-con-paralisis-completa\\\/#primaryimage\"},\"thumbnailUrl\":\"https:\\\/\\\/barcelona.euses.cat\\\/wp-content\\\/uploads\\\/2018\\\/10\\\/l.jpg\",\"datePublished\":\"2018-10-05T08:24:20+00:00\",\"author\":{\"@id\":\"https:\\\/\\\/barcelona.euses.cat\\\/ca\\\/#\\\/schema\\\/person\\\/c3074ca9d956eacf02e41e2ff78e53ab\"},\"breadcrumb\":{\"@id\":\"https:\\\/\\\/barcelona.euses.cat\\\/es\\\/un-nuevo-estudio-academico-demuestra-que-la-estimulacion-electrica-permite-andar-a-los-pacientes-con-paralisis-completa\\\/#breadcrumb\"},\"inLanguage\":\"es\",\"potentialAction\":[{\"@type\":\"ReadAction\",\"target\":[\"https:\\\/\\\/barcelona.euses.cat\\\/es\\\/un-nuevo-estudio-academico-demuestra-que-la-estimulacion-electrica-permite-andar-a-los-pacientes-con-paralisis-completa\\\/\"]}]},{\"@type\":\"ImageObject\",\"inLanguage\":\"es\",\"@id\":\"https:\\\/\\\/barcelona.euses.cat\\\/es\\\/un-nuevo-estudio-academico-demuestra-que-la-estimulacion-electrica-permite-andar-a-los-pacientes-con-paralisis-completa\\\/#primaryimage\",\"url\":\"https:\\\/\\\/barcelona.euses.cat\\\/wp-content\\\/uploads\\\/2018\\\/10\\\/l.jpg\",\"contentUrl\":\"https:\\\/\\\/barcelona.euses.cat\\\/wp-content\\\/uploads\\\/2018\\\/10\\\/l.jpg\",\"width\":620,\"height\":349},{\"@type\":\"BreadcrumbList\",\"@id\":\"https:\\\/\\\/barcelona.euses.cat\\\/es\\\/un-nuevo-estudio-academico-demuestra-que-la-estimulacion-electrica-permite-andar-a-los-pacientes-con-paralisis-completa\\\/#breadcrumb\",\"itemListElement\":[{\"@type\":\"ListItem\",\"position\":1,\"name\":\"Portada\",\"item\":\"https:\\\/\\\/barcelona.euses.cat\\\/es\\\/\"},{\"@type\":\"ListItem\",\"position\":2,\"name\":\"Un nuevo estudio acad\u00e9mico demuestra que la estimulaci\u00f3n el\u00e9ctrica permite andar a los pacientes con par\u00e1lisis completa\"}]},{\"@type\":\"WebSite\",\"@id\":\"https:\\\/\\\/barcelona.euses.cat\\\/ca\\\/#website\",\"url\":\"https:\\\/\\\/barcelona.euses.cat\\\/ca\\\/\",\"name\":\"EUSES - Campus de Bellvitge (Barcelona)\",\"description\":\"EUSES, Escuela Universitaria de Fisioterapia Internacional en Barcelona\",\"potentialAction\":[{\"@type\":\"SearchAction\",\"target\":{\"@type\":\"EntryPoint\",\"urlTemplate\":\"https:\\\/\\\/barcelona.euses.cat\\\/ca\\\/?s={search_term_string}\"},\"query-input\":{\"@type\":\"PropertyValueSpecification\",\"valueRequired\":true,\"valueName\":\"search_term_string\"}}],\"inLanguage\":\"es\"},{\"@type\":\"Person\",\"@id\":\"https:\\\/\\\/barcelona.euses.cat\\\/ca\\\/#\\\/schema\\\/person\\\/c3074ca9d956eacf02e41e2ff78e53ab\",\"name\":\"neorg\",\"image\":{\"@type\":\"ImageObject\",\"inLanguage\":\"es\",\"@id\":\"https:\\\/\\\/secure.gravatar.com\\\/avatar\\\/709d3d8015183afa7401c02e2291a538cbfd4ffe62f4d86ce5f4871f22e86b09?s=96&d=mm&r=g\",\"url\":\"https:\\\/\\\/secure.gravatar.com\\\/avatar\\\/709d3d8015183afa7401c02e2291a538cbfd4ffe62f4d86ce5f4871f22e86b09?s=96&d=mm&r=g\",\"contentUrl\":\"https:\\\/\\\/secure.gravatar.com\\\/avatar\\\/709d3d8015183afa7401c02e2291a538cbfd4ffe62f4d86ce5f4871f22e86b09?s=96&d=mm&r=g\",\"caption\":\"neorg\"},\"url\":\"https:\\\/\\\/barcelona.euses.cat\\\/es\\\/author\\\/neorg\\\/\"}]}<\/script>\n<!-- \/ Yoast SEO plugin. -->","yoast_head_json":{"title":"Un nuevo estudio acad\u00e9mico demuestra que la estimulaci\u00f3n el\u00e9ctrica permite andar a los pacientes con par\u00e1lisis completa | EUSES - Campus de Bellvitge (Barcelona)","robots":{"index":"index","follow":"follow","max-snippet":"max-snippet:-1","max-image-preview":"max-image-preview:large","max-video-preview":"max-video-preview:-1"},"canonical":"https:\/\/barcelona.euses.cat\/es\/un-nuevo-estudio-academico-demuestra-que-la-estimulacion-electrica-permite-andar-a-los-pacientes-con-paralisis-completa\/","og_locale":"es_ES","og_type":"article","og_title":"Un nuevo estudio acad\u00e9mico demuestra que la estimulaci\u00f3n el\u00e9ctrica permite andar a los pacientes con par\u00e1lisis completa | EUSES - Campus de Bellvitge (Barcelona)","og_description":"Un paciente que sufre una par\u00e1lisis completa de sus extremidades inferiores ha logrado caminar de manera independiente, gracias a un largo proceso de rehabilitaci\u00f3n fisioterap\u00e9utico y a un implante de estimulaci\u00f3n electr\u00f3nica, seg\u00fan una investigaci\u00f3n publicada en la revista Nature. Jered Chinnock se qued\u00f3 parapl\u00e9jico en 2013, despu\u00e9s de sufrir un accidente con una moto [&hellip;]","og_url":"https:\/\/barcelona.euses.cat\/es\/un-nuevo-estudio-academico-demuestra-que-la-estimulacion-electrica-permite-andar-a-los-pacientes-con-paralisis-completa\/","og_site_name":"EUSES - Campus de Bellvitge (Barcelona)","article_publisher":"https:\/\/www.facebook.com\/PhysioBCN\/","article_published_time":"2018-10-05T08:24:20+00:00","og_image":[{"width":620,"height":349,"url":"https:\/\/barcelona.euses.cat\/wp-content\/uploads\/2018\/10\/l.jpg","type":"image\/jpeg"}],"author":"neorg","twitter_card":"summary_large_image","twitter_misc":{"Escrito por":"neorg","Tiempo de lectura":"1 minuto"},"schema":{"@context":"https:\/\/schema.org","@graph":[{"@type":"Article","@id":"https:\/\/barcelona.euses.cat\/es\/un-nuevo-estudio-academico-demuestra-que-la-estimulacion-electrica-permite-andar-a-los-pacientes-con-paralisis-completa\/#article","isPartOf":{"@id":"https:\/\/barcelona.euses.cat\/es\/un-nuevo-estudio-academico-demuestra-que-la-estimulacion-electrica-permite-andar-a-los-pacientes-con-paralisis-completa\/"},"author":{"name":"neorg","@id":"https:\/\/barcelona.euses.cat\/ca\/#\/schema\/person\/c3074ca9d956eacf02e41e2ff78e53ab"},"headline":"Un nuevo estudio acad\u00e9mico demuestra que la estimulaci\u00f3n el\u00e9ctrica permite andar a los pacientes con par\u00e1lisis completa","datePublished":"2018-10-05T08:24:20+00:00","mainEntityOfPage":{"@id":"https:\/\/barcelona.euses.cat\/es\/un-nuevo-estudio-academico-demuestra-que-la-estimulacion-electrica-permite-andar-a-los-pacientes-con-paralisis-completa\/"},"wordCount":288,"image":{"@id":"https:\/\/barcelona.euses.cat\/es\/un-nuevo-estudio-academico-demuestra-que-la-estimulacion-electrica-permite-andar-a-los-pacientes-con-paralisis-completa\/#primaryimage"},"thumbnailUrl":"https:\/\/barcelona.euses.cat\/wp-content\/uploads\/2018\/10\/l.jpg","articleSection":["Sin categorizar"],"inLanguage":"es"},{"@type":"WebPage","@id":"https:\/\/barcelona.euses.cat\/es\/un-nuevo-estudio-academico-demuestra-que-la-estimulacion-electrica-permite-andar-a-los-pacientes-con-paralisis-completa\/","url":"https:\/\/barcelona.euses.cat\/es\/un-nuevo-estudio-academico-demuestra-que-la-estimulacion-electrica-permite-andar-a-los-pacientes-con-paralisis-completa\/","name":"Un nuevo estudio acad\u00e9mico demuestra que la estimulaci\u00f3n el\u00e9ctrica permite andar a los pacientes con par\u00e1lisis completa | EUSES - Campus de Bellvitge (Barcelona)","isPartOf":{"@id":"https:\/\/barcelona.euses.cat\/ca\/#website"},"primaryImageOfPage":{"@id":"https:\/\/barcelona.euses.cat\/es\/un-nuevo-estudio-academico-demuestra-que-la-estimulacion-electrica-permite-andar-a-los-pacientes-con-paralisis-completa\/#primaryimage"},"image":{"@id":"https:\/\/barcelona.euses.cat\/es\/un-nuevo-estudio-academico-demuestra-que-la-estimulacion-electrica-permite-andar-a-los-pacientes-con-paralisis-completa\/#primaryimage"},"thumbnailUrl":"https:\/\/barcelona.euses.cat\/wp-content\/uploads\/2018\/10\/l.jpg","datePublished":"2018-10-05T08:24:20+00:00","author":{"@id":"https:\/\/barcelona.euses.cat\/ca\/#\/schema\/person\/c3074ca9d956eacf02e41e2ff78e53ab"},"breadcrumb":{"@id":"https:\/\/barcelona.euses.cat\/es\/un-nuevo-estudio-academico-demuestra-que-la-estimulacion-electrica-permite-andar-a-los-pacientes-con-paralisis-completa\/#breadcrumb"},"inLanguage":"es","potentialAction":[{"@type":"ReadAction","target":["https:\/\/barcelona.euses.cat\/es\/un-nuevo-estudio-academico-demuestra-que-la-estimulacion-electrica-permite-andar-a-los-pacientes-con-paralisis-completa\/"]}]},{"@type":"ImageObject","inLanguage":"es","@id":"https:\/\/barcelona.euses.cat\/es\/un-nuevo-estudio-academico-demuestra-que-la-estimulacion-electrica-permite-andar-a-los-pacientes-con-paralisis-completa\/#primaryimage","url":"https:\/\/barcelona.euses.cat\/wp-content\/uploads\/2018\/10\/l.jpg","contentUrl":"https:\/\/barcelona.euses.cat\/wp-content\/uploads\/2018\/10\/l.jpg","width":620,"height":349},{"@type":"BreadcrumbList","@id":"https:\/\/barcelona.euses.cat\/es\/un-nuevo-estudio-academico-demuestra-que-la-estimulacion-electrica-permite-andar-a-los-pacientes-con-paralisis-completa\/#breadcrumb","itemListElement":[{"@type":"ListItem","position":1,"name":"Portada","item":"https:\/\/barcelona.euses.cat\/es\/"},{"@type":"ListItem","position":2,"name":"Un nuevo estudio acad\u00e9mico demuestra que la estimulaci\u00f3n el\u00e9ctrica permite andar a los pacientes con par\u00e1lisis completa"}]},{"@type":"WebSite","@id":"https:\/\/barcelona.euses.cat\/ca\/#website","url":"https:\/\/barcelona.euses.cat\/ca\/","name":"EUSES - Campus de Bellvitge (Barcelona)","description":"EUSES, Escuela Universitaria de Fisioterapia Internacional en Barcelona","potentialAction":[{"@type":"SearchAction","target":{"@type":"EntryPoint","urlTemplate":"https:\/\/barcelona.euses.cat\/ca\/?s={search_term_string}"},"query-input":{"@type":"PropertyValueSpecification","valueRequired":true,"valueName":"search_term_string"}}],"inLanguage":"es"},{"@type":"Person","@id":"https:\/\/barcelona.euses.cat\/ca\/#\/schema\/person\/c3074ca9d956eacf02e41e2ff78e53ab","name":"neorg","image":{"@type":"ImageObject","inLanguage":"es","@id":"https:\/\/secure.gravatar.com\/avatar\/709d3d8015183afa7401c02e2291a538cbfd4ffe62f4d86ce5f4871f22e86b09?s=96&d=mm&r=g","url":"https:\/\/secure.gravatar.com\/avatar\/709d3d8015183afa7401c02e2291a538cbfd4ffe62f4d86ce5f4871f22e86b09?s=96&d=mm&r=g","contentUrl":"https:\/\/secure.gravatar.com\/avatar\/709d3d8015183afa7401c02e2291a538cbfd4ffe62f4d86ce5f4871f22e86b09?s=96&d=mm&r=g","caption":"neorg"},"url":"https:\/\/barcelona.euses.cat\/es\/author\/neorg\/"}]}},"_links":{"self":[{"href":"https:\/\/barcelona.euses.cat\/es\/wp-json\/wp\/v2\/posts\/5768","targetHints":{"allow":["GET"]}}],"collection":[{"href":"https:\/\/barcelona.euses.cat\/es\/wp-json\/wp\/v2\/posts"}],"about":[{"href":"https:\/\/barcelona.euses.cat\/es\/wp-json\/wp\/v2\/types\/post"}],"author":[{"embeddable":true,"href":"https:\/\/barcelona.euses.cat\/es\/wp-json\/wp\/v2\/users\/1"}],"replies":[{"embeddable":true,"href":"https:\/\/barcelona.euses.cat\/es\/wp-json\/wp\/v2\/comments?post=5768"}],"version-history":[{"count":0,"href":"https:\/\/barcelona.euses.cat\/es\/wp-json\/wp\/v2\/posts\/5768\/revisions"}],"wp:featuredmedia":[{"embeddable":true,"href":"https:\/\/barcelona.euses.cat\/es\/wp-json\/wp\/v2\/media\/4955"}],"wp:attachment":[{"href":"https:\/\/barcelona.euses.cat\/es\/wp-json\/wp\/v2\/media?parent=5768"}],"wp:term":[{"taxonomy":"category","embeddable":true,"href":"https:\/\/barcelona.euses.cat\/es\/wp-json\/wp\/v2\/categories?post=5768"},{"taxonomy":"post_tag","embeddable":true,"href":"https:\/\/barcelona.euses.cat\/es\/wp-json\/wp\/v2\/tags?post=5768"}],"curies":[{"name":"wp","href":"https:\/\/api.w.org\/{rel}","templated":true}]}}