{"id":2271,"date":"2017-03-13T00:00:00","date_gmt":"2017-03-12T23:00:00","guid":{"rendered":"http:\/\/physiotherapybarcelona.net\/cuales-son-los-ambitos-profesionales-del-grado-en-fisioterapia-internacional\/"},"modified":"2019-06-03T12:33:15","modified_gmt":"2019-06-03T10:33:15","slug":"cuales-son-los-ambitos-profesionales-del-grado-en-fisioterapia-internacional","status":"publish","type":"post","link":"https:\/\/barcelona.euses.cat\/es\/cuales-son-los-ambitos-profesionales-del-grado-en-fisioterapia-internacional\/","title":{"rendered":"\u00bfCu\u00e1les son los \u00e1mbitos profesionales del Grado en Fisioterapia Internacional?"},"content":{"rendered":"<p style=\"text-align: justify;\">El <a href=\"https:\/\/goo.gl\/aljh9s\"><strong>Grado en ingl\u00e9s en Fisioterapia Internacional de la Escuela de Nuevas Tecnolog\u00edas Interactivas (ENTI-UB) y de la Escuela Universitaria de la Salud y el Deporte (EUSES-UdG)<\/strong><\/a> te aporta una formaci\u00f3n con una s\u00f3lida base cient\u00edfica y pr\u00e1ctica, incorporando los \u00faltimos avances tecnol\u00f3gicos del <strong>e-health<\/strong> y de la <strong>salud 2.0<\/strong>. Adem\u00e1s, durante estos estudios contar\u00e1s con un <strong>profesorado cualificado<\/strong>, procedente de prestigiosas universidades internacionales y en activo profesionalmente. Por tanto, obtendr\u00e1s una formaci\u00f3n especializada y a la vez, adaptada a las demandas de la sociedad. Todo ello te permitir\u00e1 optar a un amplio abanico de <strong>salidas profesionales<\/strong>. Entre ellas, destacaremos estos tres grandes sectores:<\/p>\n<ul style=\"text-align: justify;\">\n<li><strong>\u00c1mbito cl\u00ednico y asistencial<\/strong>. Una vez hayas finalizado estos estudios, podr\u00e1s ejercer en diversas ramas de la <strong>medicina<\/strong>, dedic\u00e1ndote a \u00e1mbitos tan diversos como: el de la <strong>traumatolog\u00eda<\/strong>, el aparato locomotor, las <strong>lesiones deportivas<\/strong>, la pediatr\u00eda, la <strong>ergonom\u00eda<\/strong>&#8230; Pero, tambi\u00e9n, a otros muchos menos conocidos como la <strong>neurolog\u00eda<\/strong>, la uro-ginecolog\u00eda, la <strong>fisioterapia cardio-respiratoria<\/strong>, la reumatolog\u00eda, la <strong>dermatofuncional<\/strong>, gracias a la experiencia internacional del profesorado de este Grado, procedente de prestigiosas universidades del Reino Unido, Australia o Brasil.<\/li>\n<\/ul>\n<ul style=\"text-align: justify;\">\n<li><strong>\u00c1mbito de la gesti\u00f3n<\/strong>. Si estudias el <strong>Grado en Fisioterapia Internacional<\/strong>, tambi\u00e9n podr\u00e1s dedicarte a la <strong>gesti\u00f3n y direcci\u00f3n<\/strong> de centros, unidades o <strong>servicios asistenciales<\/strong>; as\u00ed como de colegios profesionales. Principalmente, te encargar\u00e1s de desarrollar actividades de <strong>planificaci\u00f3n<\/strong>, <strong>gesti\u00f3n y control<\/strong> de los servicios de <strong>fisioterapia<\/strong> en <strong>hospitales, mutuas<\/strong> o centros de salud p\u00fablicos o privados. En definitiva, se trata de una salida laboral id\u00f3nea para aquellos que tengan un esp\u00edritu emprendedor y que les guste el mundo de la <strong>administraci\u00f3n<\/strong> de empresas, al mismo tiempo que el <strong>sanitario<\/strong>.<\/li>\n<\/ul>\n<ul style=\"text-align: justify;\">\n<li><strong>Investigaci\u00f3n<\/strong>. Si tienes vocaci\u00f3n cient\u00edfica, estos estudios te permiten desarrollar tu labor como <strong>investigador<\/strong> en <strong>instituciones p\u00fablicas<\/strong> o <strong>privadas<\/strong>. Sin duda, el objetivo de esta tarea de investigaci\u00f3n cl\u00ednica y cient\u00edfica es mejorar e impulsar nuevas <strong>metodolog\u00edas<\/strong> y t\u00e9cnicas en la <strong>fisioterapia<\/strong>.<\/li>\n<\/ul>\n<p style=\"text-align: justify;\">A trav\u00e9s de las asignaturas del <strong>Grado en Fisioterapia Internacional<\/strong> como: <strong>Anatom\u00eda<\/strong>, Fisiolog\u00eda, <strong>Masoterapia<\/strong>, Cinesiterapia, Patolog\u00eda <strong>Cardio-Respiratoria<\/strong>, Fisioterapia en Especialidades Cl\u00ednicas, <strong>Salud P\u00fablica<\/strong> y Administraci\u00f3n Sanitaria, Desarrollo de Estudios Tecnol\u00f3gicos y <strong>Biomec\u00e1nica<\/strong>, entre otras, alcanzar\u00e1s amplios conocimientos para dedicarte a cualquiera de estos tres \u00e1mbitos profesionales.<\/p>\n<p style=\"text-align: justify;\">Elige una formaci\u00f3n especializada y de calidad, estudiando el <a href=\"https:\/\/goo.gl\/aljh9s\"><strong>Grado en Fisioterapia Internacional en el Campus de Barcelona (UB)<\/strong><\/a><strong>.<\/strong><\/p>\n","protected":false},"excerpt":{"rendered":"<p>El Grado en ingl\u00e9s en Fisioterapia Internacional de la Escuela de Nuevas Tecnolog\u00edas Interactivas (ENTI-UB) y de la Escuela Universitaria de la Salud y el Deporte (EUSES-UdG) te aporta una formaci\u00f3n con una s\u00f3lida base cient\u00edfica y pr\u00e1ctica, incorporando los \u00faltimos avances tecnol\u00f3gicos del e-health y de la salud 2.0. Adem\u00e1s, durante estos estudios contar\u00e1s [&hellip;]<\/p>\n","protected":false},"author":1,"featured_media":1821,"comment_status":"closed","ping_status":"closed","sticky":false,"template":"","format":"standard","meta":{"_acf_changed":false,"inline_featured_image":false,"_joinchat":[],"footnotes":""},"categories":[1],"tags":[],"class_list":["post-2271","post","type-post","status-publish","format-standard","has-post-thumbnail","hentry","category-sin-categorizar"],"acf":[],"yoast_head":"<!-- This site is optimized with the Yoast SEO plugin v27.4 - https:\/\/yoast.com\/product\/yoast-seo-wordpress\/ -->\n<title>\u00bfCu\u00e1les son los \u00e1mbitos profesionales del Grado en Fisioterapia Internacional? | EUSES - Campus de Bellvitge (Barcelona)<\/title>\n<meta name=\"robots\" content=\"index, follow, max-snippet:-1, max-image-preview:large, max-video-preview:-1\" \/>\n<link rel=\"canonical\" href=\"https:\/\/barcelona.euses.cat\/es\/cuales-son-los-ambitos-profesionales-del-grado-en-fisioterapia-internacional\/\" \/>\n<meta property=\"og:locale\" content=\"es_ES\" \/>\n<meta property=\"og:type\" content=\"article\" \/>\n<meta property=\"og:title\" content=\"\u00bfCu\u00e1les son los \u00e1mbitos profesionales del Grado en Fisioterapia Internacional? | EUSES - Campus de Bellvitge (Barcelona)\" \/>\n<meta property=\"og:description\" content=\"El Grado en ingl\u00e9s en Fisioterapia Internacional de la Escuela de Nuevas Tecnolog\u00edas Interactivas (ENTI-UB) y de la Escuela Universitaria de la Salud y el Deporte (EUSES-UdG) te aporta una formaci\u00f3n con una s\u00f3lida base cient\u00edfica y pr\u00e1ctica, incorporando los \u00faltimos avances tecnol\u00f3gicos del e-health y de la salud 2.0. Adem\u00e1s, durante estos estudios contar\u00e1s [&hellip;]\" \/>\n<meta property=\"og:url\" content=\"https:\/\/barcelona.euses.cat\/es\/cuales-son-los-ambitos-profesionales-del-grado-en-fisioterapia-internacional\/\" \/>\n<meta property=\"og:site_name\" content=\"EUSES - Campus de Bellvitge (Barcelona)\" \/>\n<meta property=\"article:publisher\" content=\"https:\/\/www.facebook.com\/PhysioBCN\/\" \/>\n<meta property=\"article:published_time\" content=\"2017-03-12T23:00:00+00:00\" \/>\n<meta property=\"article:modified_time\" content=\"2019-06-03T10:33:15+00:00\" \/>\n<meta property=\"og:image\" content=\"https:\/\/barcelona.euses.cat\/wp-content\/uploads\/2018\/02\/f.jpg\" \/>\n\t<meta property=\"og:image:width\" content=\"558\" \/>\n\t<meta property=\"og:image:height\" content=\"372\" \/>\n\t<meta property=\"og:image:type\" content=\"image\/jpeg\" \/>\n<meta name=\"author\" content=\"neorg\" \/>\n<meta name=\"twitter:card\" content=\"summary_large_image\" \/>\n<meta name=\"twitter:label1\" content=\"Escrito por\" \/>\n\t<meta name=\"twitter:data1\" content=\"neorg\" \/>\n\t<meta name=\"twitter:label2\" content=\"Tiempo de lectura\" \/>\n\t<meta name=\"twitter:data2\" content=\"2 minutos\" \/>\n<script type=\"application\/ld+json\" class=\"yoast-schema-graph\">{\"@context\":\"https:\\\/\\\/schema.org\",\"@graph\":[{\"@type\":\"Article\",\"@id\":\"https:\\\/\\\/barcelona.euses.cat\\\/es\\\/cuales-son-los-ambitos-profesionales-del-grado-en-fisioterapia-internacional\\\/#article\",\"isPartOf\":{\"@id\":\"https:\\\/\\\/barcelona.euses.cat\\\/es\\\/cuales-son-los-ambitos-profesionales-del-grado-en-fisioterapia-internacional\\\/\"},\"author\":{\"name\":\"neorg\",\"@id\":\"https:\\\/\\\/barcelona.euses.cat\\\/ca\\\/#\\\/schema\\\/person\\\/c3074ca9d956eacf02e41e2ff78e53ab\"},\"headline\":\"\u00bfCu\u00e1les son los \u00e1mbitos profesionales del Grado en Fisioterapia Internacional?\",\"datePublished\":\"2017-03-12T23:00:00+00:00\",\"dateModified\":\"2019-06-03T10:33:15+00:00\",\"mainEntityOfPage\":{\"@id\":\"https:\\\/\\\/barcelona.euses.cat\\\/es\\\/cuales-son-los-ambitos-profesionales-del-grado-en-fisioterapia-internacional\\\/\"},\"wordCount\":440,\"image\":{\"@id\":\"https:\\\/\\\/barcelona.euses.cat\\\/es\\\/cuales-son-los-ambitos-profesionales-del-grado-en-fisioterapia-internacional\\\/#primaryimage\"},\"thumbnailUrl\":\"https:\\\/\\\/barcelona.euses.cat\\\/wp-content\\\/uploads\\\/2018\\\/02\\\/f.jpg\",\"articleSection\":[\"Sin categorizar\"],\"inLanguage\":\"es\"},{\"@type\":\"WebPage\",\"@id\":\"https:\\\/\\\/barcelona.euses.cat\\\/es\\\/cuales-son-los-ambitos-profesionales-del-grado-en-fisioterapia-internacional\\\/\",\"url\":\"https:\\\/\\\/barcelona.euses.cat\\\/es\\\/cuales-son-los-ambitos-profesionales-del-grado-en-fisioterapia-internacional\\\/\",\"name\":\"\u00bfCu\u00e1les son los \u00e1mbitos profesionales del Grado en Fisioterapia Internacional? | EUSES - Campus de Bellvitge (Barcelona)\",\"isPartOf\":{\"@id\":\"https:\\\/\\\/barcelona.euses.cat\\\/ca\\\/#website\"},\"primaryImageOfPage\":{\"@id\":\"https:\\\/\\\/barcelona.euses.cat\\\/es\\\/cuales-son-los-ambitos-profesionales-del-grado-en-fisioterapia-internacional\\\/#primaryimage\"},\"image\":{\"@id\":\"https:\\\/\\\/barcelona.euses.cat\\\/es\\\/cuales-son-los-ambitos-profesionales-del-grado-en-fisioterapia-internacional\\\/#primaryimage\"},\"thumbnailUrl\":\"https:\\\/\\\/barcelona.euses.cat\\\/wp-content\\\/uploads\\\/2018\\\/02\\\/f.jpg\",\"datePublished\":\"2017-03-12T23:00:00+00:00\",\"dateModified\":\"2019-06-03T10:33:15+00:00\",\"author\":{\"@id\":\"https:\\\/\\\/barcelona.euses.cat\\\/ca\\\/#\\\/schema\\\/person\\\/c3074ca9d956eacf02e41e2ff78e53ab\"},\"breadcrumb\":{\"@id\":\"https:\\\/\\\/barcelona.euses.cat\\\/es\\\/cuales-son-los-ambitos-profesionales-del-grado-en-fisioterapia-internacional\\\/#breadcrumb\"},\"inLanguage\":\"es\",\"potentialAction\":[{\"@type\":\"ReadAction\",\"target\":[\"https:\\\/\\\/barcelona.euses.cat\\\/es\\\/cuales-son-los-ambitos-profesionales-del-grado-en-fisioterapia-internacional\\\/\"]}]},{\"@type\":\"ImageObject\",\"inLanguage\":\"es\",\"@id\":\"https:\\\/\\\/barcelona.euses.cat\\\/es\\\/cuales-son-los-ambitos-profesionales-del-grado-en-fisioterapia-internacional\\\/#primaryimage\",\"url\":\"https:\\\/\\\/barcelona.euses.cat\\\/wp-content\\\/uploads\\\/2018\\\/02\\\/f.jpg\",\"contentUrl\":\"https:\\\/\\\/barcelona.euses.cat\\\/wp-content\\\/uploads\\\/2018\\\/02\\\/f.jpg\",\"width\":558,\"height\":372},{\"@type\":\"BreadcrumbList\",\"@id\":\"https:\\\/\\\/barcelona.euses.cat\\\/es\\\/cuales-son-los-ambitos-profesionales-del-grado-en-fisioterapia-internacional\\\/#breadcrumb\",\"itemListElement\":[{\"@type\":\"ListItem\",\"position\":1,\"name\":\"Portada\",\"item\":\"https:\\\/\\\/barcelona.euses.cat\\\/es\\\/\"},{\"@type\":\"ListItem\",\"position\":2,\"name\":\"\u00bfCu\u00e1les son los \u00e1mbitos profesionales del Grado en Fisioterapia Internacional?\"}]},{\"@type\":\"WebSite\",\"@id\":\"https:\\\/\\\/barcelona.euses.cat\\\/ca\\\/#website\",\"url\":\"https:\\\/\\\/barcelona.euses.cat\\\/ca\\\/\",\"name\":\"EUSES - Campus de Bellvitge (Barcelona)\",\"description\":\"EUSES, Escuela Universitaria de Fisioterapia Internacional en Barcelona\",\"potentialAction\":[{\"@type\":\"SearchAction\",\"target\":{\"@type\":\"EntryPoint\",\"urlTemplate\":\"https:\\\/\\\/barcelona.euses.cat\\\/ca\\\/?s={search_term_string}\"},\"query-input\":{\"@type\":\"PropertyValueSpecification\",\"valueRequired\":true,\"valueName\":\"search_term_string\"}}],\"inLanguage\":\"es\"},{\"@type\":\"Person\",\"@id\":\"https:\\\/\\\/barcelona.euses.cat\\\/ca\\\/#\\\/schema\\\/person\\\/c3074ca9d956eacf02e41e2ff78e53ab\",\"name\":\"neorg\",\"image\":{\"@type\":\"ImageObject\",\"inLanguage\":\"es\",\"@id\":\"https:\\\/\\\/secure.gravatar.com\\\/avatar\\\/709d3d8015183afa7401c02e2291a538cbfd4ffe62f4d86ce5f4871f22e86b09?s=96&d=mm&r=g\",\"url\":\"https:\\\/\\\/secure.gravatar.com\\\/avatar\\\/709d3d8015183afa7401c02e2291a538cbfd4ffe62f4d86ce5f4871f22e86b09?s=96&d=mm&r=g\",\"contentUrl\":\"https:\\\/\\\/secure.gravatar.com\\\/avatar\\\/709d3d8015183afa7401c02e2291a538cbfd4ffe62f4d86ce5f4871f22e86b09?s=96&d=mm&r=g\",\"caption\":\"neorg\"},\"url\":\"https:\\\/\\\/barcelona.euses.cat\\\/es\\\/author\\\/neorg\\\/\"}]}<\/script>\n<!-- \/ Yoast SEO plugin. -->","yoast_head_json":{"title":"\u00bfCu\u00e1les son los \u00e1mbitos profesionales del Grado en Fisioterapia Internacional? | EUSES - Campus de Bellvitge (Barcelona)","robots":{"index":"index","follow":"follow","max-snippet":"max-snippet:-1","max-image-preview":"max-image-preview:large","max-video-preview":"max-video-preview:-1"},"canonical":"https:\/\/barcelona.euses.cat\/es\/cuales-son-los-ambitos-profesionales-del-grado-en-fisioterapia-internacional\/","og_locale":"es_ES","og_type":"article","og_title":"\u00bfCu\u00e1les son los \u00e1mbitos profesionales del Grado en Fisioterapia Internacional? | EUSES - Campus de Bellvitge (Barcelona)","og_description":"El Grado en ingl\u00e9s en Fisioterapia Internacional de la Escuela de Nuevas Tecnolog\u00edas Interactivas (ENTI-UB) y de la Escuela Universitaria de la Salud y el Deporte (EUSES-UdG) te aporta una formaci\u00f3n con una s\u00f3lida base cient\u00edfica y pr\u00e1ctica, incorporando los \u00faltimos avances tecnol\u00f3gicos del e-health y de la salud 2.0. Adem\u00e1s, durante estos estudios contar\u00e1s [&hellip;]","og_url":"https:\/\/barcelona.euses.cat\/es\/cuales-son-los-ambitos-profesionales-del-grado-en-fisioterapia-internacional\/","og_site_name":"EUSES - Campus de Bellvitge (Barcelona)","article_publisher":"https:\/\/www.facebook.com\/PhysioBCN\/","article_published_time":"2017-03-12T23:00:00+00:00","article_modified_time":"2019-06-03T10:33:15+00:00","og_image":[{"width":558,"height":372,"url":"https:\/\/barcelona.euses.cat\/wp-content\/uploads\/2018\/02\/f.jpg","type":"image\/jpeg"}],"author":"neorg","twitter_card":"summary_large_image","twitter_misc":{"Escrito por":"neorg","Tiempo de lectura":"2 minutos"},"schema":{"@context":"https:\/\/schema.org","@graph":[{"@type":"Article","@id":"https:\/\/barcelona.euses.cat\/es\/cuales-son-los-ambitos-profesionales-del-grado-en-fisioterapia-internacional\/#article","isPartOf":{"@id":"https:\/\/barcelona.euses.cat\/es\/cuales-son-los-ambitos-profesionales-del-grado-en-fisioterapia-internacional\/"},"author":{"name":"neorg","@id":"https:\/\/barcelona.euses.cat\/ca\/#\/schema\/person\/c3074ca9d956eacf02e41e2ff78e53ab"},"headline":"\u00bfCu\u00e1les son los \u00e1mbitos profesionales del Grado en Fisioterapia Internacional?","datePublished":"2017-03-12T23:00:00+00:00","dateModified":"2019-06-03T10:33:15+00:00","mainEntityOfPage":{"@id":"https:\/\/barcelona.euses.cat\/es\/cuales-son-los-ambitos-profesionales-del-grado-en-fisioterapia-internacional\/"},"wordCount":440,"image":{"@id":"https:\/\/barcelona.euses.cat\/es\/cuales-son-los-ambitos-profesionales-del-grado-en-fisioterapia-internacional\/#primaryimage"},"thumbnailUrl":"https:\/\/barcelona.euses.cat\/wp-content\/uploads\/2018\/02\/f.jpg","articleSection":["Sin categorizar"],"inLanguage":"es"},{"@type":"WebPage","@id":"https:\/\/barcelona.euses.cat\/es\/cuales-son-los-ambitos-profesionales-del-grado-en-fisioterapia-internacional\/","url":"https:\/\/barcelona.euses.cat\/es\/cuales-son-los-ambitos-profesionales-del-grado-en-fisioterapia-internacional\/","name":"\u00bfCu\u00e1les son los \u00e1mbitos profesionales del Grado en Fisioterapia Internacional? | EUSES - Campus de Bellvitge (Barcelona)","isPartOf":{"@id":"https:\/\/barcelona.euses.cat\/ca\/#website"},"primaryImageOfPage":{"@id":"https:\/\/barcelona.euses.cat\/es\/cuales-son-los-ambitos-profesionales-del-grado-en-fisioterapia-internacional\/#primaryimage"},"image":{"@id":"https:\/\/barcelona.euses.cat\/es\/cuales-son-los-ambitos-profesionales-del-grado-en-fisioterapia-internacional\/#primaryimage"},"thumbnailUrl":"https:\/\/barcelona.euses.cat\/wp-content\/uploads\/2018\/02\/f.jpg","datePublished":"2017-03-12T23:00:00+00:00","dateModified":"2019-06-03T10:33:15+00:00","author":{"@id":"https:\/\/barcelona.euses.cat\/ca\/#\/schema\/person\/c3074ca9d956eacf02e41e2ff78e53ab"},"breadcrumb":{"@id":"https:\/\/barcelona.euses.cat\/es\/cuales-son-los-ambitos-profesionales-del-grado-en-fisioterapia-internacional\/#breadcrumb"},"inLanguage":"es","potentialAction":[{"@type":"ReadAction","target":["https:\/\/barcelona.euses.cat\/es\/cuales-son-los-ambitos-profesionales-del-grado-en-fisioterapia-internacional\/"]}]},{"@type":"ImageObject","inLanguage":"es","@id":"https:\/\/barcelona.euses.cat\/es\/cuales-son-los-ambitos-profesionales-del-grado-en-fisioterapia-internacional\/#primaryimage","url":"https:\/\/barcelona.euses.cat\/wp-content\/uploads\/2018\/02\/f.jpg","contentUrl":"https:\/\/barcelona.euses.cat\/wp-content\/uploads\/2018\/02\/f.jpg","width":558,"height":372},{"@type":"BreadcrumbList","@id":"https:\/\/barcelona.euses.cat\/es\/cuales-son-los-ambitos-profesionales-del-grado-en-fisioterapia-internacional\/#breadcrumb","itemListElement":[{"@type":"ListItem","position":1,"name":"Portada","item":"https:\/\/barcelona.euses.cat\/es\/"},{"@type":"ListItem","position":2,"name":"\u00bfCu\u00e1les son los \u00e1mbitos profesionales del Grado en Fisioterapia Internacional?"}]},{"@type":"WebSite","@id":"https:\/\/barcelona.euses.cat\/ca\/#website","url":"https:\/\/barcelona.euses.cat\/ca\/","name":"EUSES - Campus de Bellvitge (Barcelona)","description":"EUSES, Escuela Universitaria de Fisioterapia Internacional en Barcelona","potentialAction":[{"@type":"SearchAction","target":{"@type":"EntryPoint","urlTemplate":"https:\/\/barcelona.euses.cat\/ca\/?s={search_term_string}"},"query-input":{"@type":"PropertyValueSpecification","valueRequired":true,"valueName":"search_term_string"}}],"inLanguage":"es"},{"@type":"Person","@id":"https:\/\/barcelona.euses.cat\/ca\/#\/schema\/person\/c3074ca9d956eacf02e41e2ff78e53ab","name":"neorg","image":{"@type":"ImageObject","inLanguage":"es","@id":"https:\/\/secure.gravatar.com\/avatar\/709d3d8015183afa7401c02e2291a538cbfd4ffe62f4d86ce5f4871f22e86b09?s=96&d=mm&r=g","url":"https:\/\/secure.gravatar.com\/avatar\/709d3d8015183afa7401c02e2291a538cbfd4ffe62f4d86ce5f4871f22e86b09?s=96&d=mm&r=g","contentUrl":"https:\/\/secure.gravatar.com\/avatar\/709d3d8015183afa7401c02e2291a538cbfd4ffe62f4d86ce5f4871f22e86b09?s=96&d=mm&r=g","caption":"neorg"},"url":"https:\/\/barcelona.euses.cat\/es\/author\/neorg\/"}]}},"_links":{"self":[{"href":"https:\/\/barcelona.euses.cat\/es\/wp-json\/wp\/v2\/posts\/2271","targetHints":{"allow":["GET"]}}],"collection":[{"href":"https:\/\/barcelona.euses.cat\/es\/wp-json\/wp\/v2\/posts"}],"about":[{"href":"https:\/\/barcelona.euses.cat\/es\/wp-json\/wp\/v2\/types\/post"}],"author":[{"embeddable":true,"href":"https:\/\/barcelona.euses.cat\/es\/wp-json\/wp\/v2\/users\/1"}],"replies":[{"embeddable":true,"href":"https:\/\/barcelona.euses.cat\/es\/wp-json\/wp\/v2\/comments?post=2271"}],"version-history":[{"count":1,"href":"https:\/\/barcelona.euses.cat\/es\/wp-json\/wp\/v2\/posts\/2271\/revisions"}],"predecessor-version":[{"id":6836,"href":"https:\/\/barcelona.euses.cat\/es\/wp-json\/wp\/v2\/posts\/2271\/revisions\/6836"}],"wp:featuredmedia":[{"embeddable":true,"href":"https:\/\/barcelona.euses.cat\/es\/wp-json\/wp\/v2\/media\/1821"}],"wp:attachment":[{"href":"https:\/\/barcelona.euses.cat\/es\/wp-json\/wp\/v2\/media?parent=2271"}],"wp:term":[{"taxonomy":"category","embeddable":true,"href":"https:\/\/barcelona.euses.cat\/es\/wp-json\/wp\/v2\/categories?post=2271"},{"taxonomy":"post_tag","embeddable":true,"href":"https:\/\/barcelona.euses.cat\/es\/wp-json\/wp\/v2\/tags?post=2271"}],"curies":[{"name":"wp","href":"https:\/\/api.w.org\/{rel}","templated":true}]}}