{"id":2270,"date":"2017-03-06T00:00:00","date_gmt":"2017-03-05T23:00:00","guid":{"rendered":"http:\/\/physiotherapybarcelona.net\/la-internacionalizacion-del-grado-en-fisioterapia-internacional-te-abre-las-puertas-a-un-mercado-laboral-global\/"},"modified":"2019-06-03T12:36:53","modified_gmt":"2019-06-03T10:36:53","slug":"la-internacionalizacion-del-grado-en-fisioterapia-internacional-te-abre-las-puertas-a-un-mercado-laboral-global","status":"publish","type":"post","link":"https:\/\/barcelona.euses.cat\/es\/la-internacionalizacion-del-grado-en-fisioterapia-internacional-te-abre-las-puertas-a-un-mercado-laboral-global\/","title":{"rendered":"La internacionalizaci\u00f3n del Grado en Fisioterapia Internacional te abre las puertas a un mercado laboral global"},"content":{"rendered":"<p style=\"text-align: justify;\"><a href=\"https:\/\/goo.gl\/eeNJmO\">El <strong>Grado en Fisioterapia Internacional<\/strong>, de la <strong>Escuela de Nuevas Tecnolog\u00edas Interactivas (ENTI-UB) <\/strong>y de la <strong>Escuela de la Salud y el Deporte (EUSES-UdG)<\/strong><\/a>, se caracteriza por su clara <strong>vocaci\u00f3n internacional<\/strong>. En primer lugar, porque se trata de la primera titulaci\u00f3n en <strong>fisioterapia<\/strong> de <strong>Barcelona<\/strong>, \u200b\u200b\u00edntegramente en <strong>ingl\u00e9s<\/strong> y en segundo lugar, por el mismo perfil internacional de su <strong>profesorado<\/strong>, procedentes de prestigiosas universidades extranjeras.<\/p>\n<p style=\"text-align: justify;\">Entre el <strong>equipo docente<\/strong> de este <strong>Grado<\/strong> contamos con <strong>profesores<\/strong> procedentes de <strong>Australia<\/strong>, <strong>Reino Unido<\/strong> y <strong>Alemania<\/strong>. Todos ellos especialistas en su campo, con el doble perfil de acad\u00e9mico-investigador y de profesional en activo. Por lo tanto, aportan su experiencia diaria, lo cual, permite actualizar constantemente los contenidos y metodolog\u00edas empleadas. Cabe destacar a: <strong>Claire Knott<\/strong>, profesora <strong>australiana<\/strong> con una amplia experiencia profesional como fisioterapeuta tanto en <strong>hospitales p\u00fablicos<\/strong> como <strong>privados<\/strong>.<\/p>\n<h2 style=\"text-align: justify;\"><strong>El perfil profesional del profesorado del Grado en Fisioterapia Internacional<\/strong><\/h2>\n<p style=\"text-align: justify;\">En este contexto, tambi\u00e9n hay que mencionar a <strong>Samuel Young<\/strong>, Licenciado en <strong>Fisioterapia<\/strong> en la <strong>Universidad<\/strong> de <strong>Melbourne<\/strong>, especializado en la rama del <strong>aparato locomotor<\/strong> y la fisioterapia del deporte. Dispone de una amplia experiencia profesional, pues, ha trabajado en varios hospitales regionales del <strong>oeste<\/strong> de <strong>Australia<\/strong>; proporcion\u00f3 atenci\u00f3n primaria en las <strong>comunidades ind\u00edgenas<\/strong> del <strong>Norte de Australia<\/strong> y tambi\u00e9n, ha ejercido como fisioterapeuta en varias <strong>cl\u00ednicas y clubes deportivos<\/strong> de <strong>Melbourne, Irlanda e Inglaterra<\/strong>.<\/p>\n<p style=\"text-align: justify;\">Otros perfiles internacionales son: los de <strong>Bertram M\u00fcller<\/strong>, biomec\u00e1nico de formaci\u00f3n con una amplia experiencia internacional en pa\u00edses como <strong>Alemania y Escocia<\/strong>. Un aut\u00e9ntico experto en la combinaci\u00f3n de <strong>F\u00edsica, Tecnolog\u00eda <\/strong>y<strong> Medicina<\/strong>. Y por otro lado, <strong>Javier Jerez<\/strong>, Doctorado en Salud P\u00fablica por la <strong>Universidad Federal de Rio Grande do Norte (Natal, Brasil)<\/strong> aporta un enfoque internacional sobre las herramientas y metodolog\u00edas utilizadas en <strong>fisioterapia<\/strong> en este pa\u00eds de <strong>Am\u00e9rica del Sur<\/strong>. <strong>Jerez<\/strong>, tambi\u00e9n es Coordinador de Grado y tutor del Pr\u00e1cticum Cl\u00ednico I de 3\u00ba de Grado.<\/p>\n<p style=\"text-align: justify;\">Finalmente, en esta titulaci\u00f3n, tambi\u00e9n conocer\u00e1s las \u00faltimas t\u00e9cnicas que se aplican en el campo de la <strong>fisioterapia<\/strong> en el <strong>Reino Unido<\/strong>. Gracias a las profesoras <strong>Zoe Queally<\/strong> y <strong>Lucy Hackney<\/strong>, podr\u00e1s aprender sistem\u00e1ticas y procedimientos aplicados en el \u00e1mbito sanitario ingl\u00e9s. Cabe se\u00f1alar que <strong>Queally<\/strong> es especialista en <strong>lesiones<\/strong> de columna y deportivas, combinando la <strong>osteopat\u00eda<\/strong>, la terapia neurocin\u00e9tica (NKT), la t\u00e9cnica de activaci\u00f3n muscular Be-Activated, la <strong>acupuntura<\/strong>, los masajes y el <strong>Pilates<\/strong> para tratar a sus pacientes. Tambi\u00e9n cuenta con una dilatada experiencia en diferentes <strong>cl\u00ednicas<\/strong> y <strong>hospitales<\/strong> de <strong>Londres<\/strong>. En cuanto a <strong>Hackney<\/strong>, Licenciada en Psicolog\u00eda y Sociolog\u00eda en la <strong>Universidad<\/strong> <strong>de Leicester<\/strong>, cabe decir que dispone de una amplia experiencia como <strong>fisioterapeuta<\/strong> en el sistema de <strong>salud p\u00fablico<\/strong> <strong>brit\u00e1nico<\/strong> y tambi\u00e9n, en el \u00e1mbito <strong>privado<\/strong>.<\/p>\n<p style=\"text-align: justify;\">Sin duda, la <strong>internacionalizaci\u00f3n<\/strong> del <strong>profesorado<\/strong> de este <strong>Grado<\/strong> garantiza una formaci\u00f3n m\u00e1s completa y enriquecedora. Pues, tendr\u00e1s la oportunidad de compartir conocimientos y metodolog\u00edas diversas. Esto favorecer\u00e1, no \u00fanicamente la ampliaci\u00f3n de tus conocimientos; sino tambi\u00e9n, una mejor <strong>inserci\u00f3n laboral<\/strong> en estos pa\u00edses.<\/p>\n<p style=\"text-align: justify;\">Ampl\u00eda tus horizontes profesionales, estudiando el <a href=\"https:\/\/goo.gl\/eeNJmO\"><strong>Grado en Fisioterapia Internacional<\/strong> en el <strong>Campus de la UB<\/strong><\/a><\/p>\n","protected":false},"excerpt":{"rendered":"<p>El Grado en Fisioterapia Internacional, de la Escuela de Nuevas Tecnolog\u00edas Interactivas (ENTI-UB) y de la Escuela de la Salud y el Deporte (EUSES-UdG), se caracteriza por su clara vocaci\u00f3n internacional. En primer lugar, porque se trata de la primera titulaci\u00f3n en fisioterapia de Barcelona, \u200b\u200b\u00edntegramente en ingl\u00e9s y en segundo lugar, por el mismo [&hellip;]<\/p>\n","protected":false},"author":1,"featured_media":1807,"comment_status":"closed","ping_status":"closed","sticky":false,"template":"","format":"standard","meta":{"_acf_changed":false,"inline_featured_image":false,"_joinchat":[],"footnotes":""},"categories":[1],"tags":[],"class_list":["post-2270","post","type-post","status-publish","format-standard","has-post-thumbnail","hentry","category-sin-categorizar"],"acf":[],"yoast_head":"<!-- This site is optimized with the Yoast SEO plugin v27.4 - https:\/\/yoast.com\/product\/yoast-seo-wordpress\/ -->\n<title>La internacionalizaci\u00f3n del Grado en Fisioterapia Internacional te abre las puertas a un mercado laboral global | EUSES - Campus de Bellvitge (Barcelona)<\/title>\n<meta name=\"robots\" content=\"index, follow, max-snippet:-1, max-image-preview:large, max-video-preview:-1\" \/>\n<link rel=\"canonical\" href=\"https:\/\/barcelona.euses.cat\/es\/la-internacionalizacion-del-grado-en-fisioterapia-internacional-te-abre-las-puertas-a-un-mercado-laboral-global\/\" \/>\n<meta property=\"og:locale\" content=\"es_ES\" \/>\n<meta property=\"og:type\" content=\"article\" \/>\n<meta property=\"og:title\" content=\"La internacionalizaci\u00f3n del Grado en Fisioterapia Internacional te abre las puertas a un mercado laboral global | EUSES - Campus de Bellvitge (Barcelona)\" \/>\n<meta property=\"og:description\" content=\"El Grado en Fisioterapia Internacional, de la Escuela de Nuevas Tecnolog\u00edas Interactivas (ENTI-UB) y de la Escuela de la Salud y el Deporte (EUSES-UdG), se caracteriza por su clara vocaci\u00f3n internacional. En primer lugar, porque se trata de la primera titulaci\u00f3n en fisioterapia de Barcelona, \u200b\u200b\u00edntegramente en ingl\u00e9s y en segundo lugar, por el mismo [&hellip;]\" \/>\n<meta property=\"og:url\" content=\"https:\/\/barcelona.euses.cat\/es\/la-internacionalizacion-del-grado-en-fisioterapia-internacional-te-abre-las-puertas-a-un-mercado-laboral-global\/\" \/>\n<meta property=\"og:site_name\" content=\"EUSES - Campus de Bellvitge (Barcelona)\" \/>\n<meta property=\"article:publisher\" content=\"https:\/\/www.facebook.com\/PhysioBCN\/\" \/>\n<meta property=\"article:published_time\" content=\"2017-03-05T23:00:00+00:00\" \/>\n<meta property=\"article:modified_time\" content=\"2019-06-03T10:36:53+00:00\" \/>\n<meta property=\"og:image\" content=\"https:\/\/barcelona.euses.cat\/wp-content\/uploads\/2018\/02\/unnamed-file.h.jpg\" \/>\n\t<meta property=\"og:image:width\" content=\"639\" \/>\n\t<meta property=\"og:image:height\" content=\"426\" \/>\n\t<meta property=\"og:image:type\" content=\"image\/jpeg\" \/>\n<meta name=\"author\" content=\"neorg\" \/>\n<meta name=\"twitter:card\" content=\"summary_large_image\" \/>\n<meta name=\"twitter:label1\" content=\"Escrito por\" \/>\n\t<meta name=\"twitter:data1\" content=\"neorg\" \/>\n\t<meta name=\"twitter:label2\" content=\"Tiempo de lectura\" \/>\n\t<meta name=\"twitter:data2\" content=\"3 minutos\" \/>\n<script type=\"application\/ld+json\" class=\"yoast-schema-graph\">{\"@context\":\"https:\\\/\\\/schema.org\",\"@graph\":[{\"@type\":\"Article\",\"@id\":\"https:\\\/\\\/barcelona.euses.cat\\\/es\\\/la-internacionalizacion-del-grado-en-fisioterapia-internacional-te-abre-las-puertas-a-un-mercado-laboral-global\\\/#article\",\"isPartOf\":{\"@id\":\"https:\\\/\\\/barcelona.euses.cat\\\/es\\\/la-internacionalizacion-del-grado-en-fisioterapia-internacional-te-abre-las-puertas-a-un-mercado-laboral-global\\\/\"},\"author\":{\"name\":\"neorg\",\"@id\":\"https:\\\/\\\/barcelona.euses.cat\\\/ca\\\/#\\\/schema\\\/person\\\/c3074ca9d956eacf02e41e2ff78e53ab\"},\"headline\":\"La internacionalizaci\u00f3n del Grado en Fisioterapia Internacional te abre las puertas a un mercado laboral global\",\"datePublished\":\"2017-03-05T23:00:00+00:00\",\"dateModified\":\"2019-06-03T10:36:53+00:00\",\"mainEntityOfPage\":{\"@id\":\"https:\\\/\\\/barcelona.euses.cat\\\/es\\\/la-internacionalizacion-del-grado-en-fisioterapia-internacional-te-abre-las-puertas-a-un-mercado-laboral-global\\\/\"},\"wordCount\":571,\"image\":{\"@id\":\"https:\\\/\\\/barcelona.euses.cat\\\/es\\\/la-internacionalizacion-del-grado-en-fisioterapia-internacional-te-abre-las-puertas-a-un-mercado-laboral-global\\\/#primaryimage\"},\"thumbnailUrl\":\"https:\\\/\\\/barcelona.euses.cat\\\/wp-content\\\/uploads\\\/2018\\\/02\\\/unnamed-file.h.jpg\",\"articleSection\":[\"Sin categorizar\"],\"inLanguage\":\"es\"},{\"@type\":\"WebPage\",\"@id\":\"https:\\\/\\\/barcelona.euses.cat\\\/es\\\/la-internacionalizacion-del-grado-en-fisioterapia-internacional-te-abre-las-puertas-a-un-mercado-laboral-global\\\/\",\"url\":\"https:\\\/\\\/barcelona.euses.cat\\\/es\\\/la-internacionalizacion-del-grado-en-fisioterapia-internacional-te-abre-las-puertas-a-un-mercado-laboral-global\\\/\",\"name\":\"La internacionalizaci\u00f3n del Grado en Fisioterapia Internacional te abre las puertas a un mercado laboral global | EUSES - Campus de Bellvitge (Barcelona)\",\"isPartOf\":{\"@id\":\"https:\\\/\\\/barcelona.euses.cat\\\/ca\\\/#website\"},\"primaryImageOfPage\":{\"@id\":\"https:\\\/\\\/barcelona.euses.cat\\\/es\\\/la-internacionalizacion-del-grado-en-fisioterapia-internacional-te-abre-las-puertas-a-un-mercado-laboral-global\\\/#primaryimage\"},\"image\":{\"@id\":\"https:\\\/\\\/barcelona.euses.cat\\\/es\\\/la-internacionalizacion-del-grado-en-fisioterapia-internacional-te-abre-las-puertas-a-un-mercado-laboral-global\\\/#primaryimage\"},\"thumbnailUrl\":\"https:\\\/\\\/barcelona.euses.cat\\\/wp-content\\\/uploads\\\/2018\\\/02\\\/unnamed-file.h.jpg\",\"datePublished\":\"2017-03-05T23:00:00+00:00\",\"dateModified\":\"2019-06-03T10:36:53+00:00\",\"author\":{\"@id\":\"https:\\\/\\\/barcelona.euses.cat\\\/ca\\\/#\\\/schema\\\/person\\\/c3074ca9d956eacf02e41e2ff78e53ab\"},\"breadcrumb\":{\"@id\":\"https:\\\/\\\/barcelona.euses.cat\\\/es\\\/la-internacionalizacion-del-grado-en-fisioterapia-internacional-te-abre-las-puertas-a-un-mercado-laboral-global\\\/#breadcrumb\"},\"inLanguage\":\"es\",\"potentialAction\":[{\"@type\":\"ReadAction\",\"target\":[\"https:\\\/\\\/barcelona.euses.cat\\\/es\\\/la-internacionalizacion-del-grado-en-fisioterapia-internacional-te-abre-las-puertas-a-un-mercado-laboral-global\\\/\"]}]},{\"@type\":\"ImageObject\",\"inLanguage\":\"es\",\"@id\":\"https:\\\/\\\/barcelona.euses.cat\\\/es\\\/la-internacionalizacion-del-grado-en-fisioterapia-internacional-te-abre-las-puertas-a-un-mercado-laboral-global\\\/#primaryimage\",\"url\":\"https:\\\/\\\/barcelona.euses.cat\\\/wp-content\\\/uploads\\\/2018\\\/02\\\/unnamed-file.h.jpg\",\"contentUrl\":\"https:\\\/\\\/barcelona.euses.cat\\\/wp-content\\\/uploads\\\/2018\\\/02\\\/unnamed-file.h.jpg\",\"width\":639,\"height\":426},{\"@type\":\"BreadcrumbList\",\"@id\":\"https:\\\/\\\/barcelona.euses.cat\\\/es\\\/la-internacionalizacion-del-grado-en-fisioterapia-internacional-te-abre-las-puertas-a-un-mercado-laboral-global\\\/#breadcrumb\",\"itemListElement\":[{\"@type\":\"ListItem\",\"position\":1,\"name\":\"Portada\",\"item\":\"https:\\\/\\\/barcelona.euses.cat\\\/es\\\/\"},{\"@type\":\"ListItem\",\"position\":2,\"name\":\"La internacionalizaci\u00f3n del Grado en Fisioterapia Internacional te abre las puertas a un mercado laboral global\"}]},{\"@type\":\"WebSite\",\"@id\":\"https:\\\/\\\/barcelona.euses.cat\\\/ca\\\/#website\",\"url\":\"https:\\\/\\\/barcelona.euses.cat\\\/ca\\\/\",\"name\":\"EUSES - Campus de Bellvitge (Barcelona)\",\"description\":\"EUSES, Escuela Universitaria de Fisioterapia Internacional en Barcelona\",\"potentialAction\":[{\"@type\":\"SearchAction\",\"target\":{\"@type\":\"EntryPoint\",\"urlTemplate\":\"https:\\\/\\\/barcelona.euses.cat\\\/ca\\\/?s={search_term_string}\"},\"query-input\":{\"@type\":\"PropertyValueSpecification\",\"valueRequired\":true,\"valueName\":\"search_term_string\"}}],\"inLanguage\":\"es\"},{\"@type\":\"Person\",\"@id\":\"https:\\\/\\\/barcelona.euses.cat\\\/ca\\\/#\\\/schema\\\/person\\\/c3074ca9d956eacf02e41e2ff78e53ab\",\"name\":\"neorg\",\"image\":{\"@type\":\"ImageObject\",\"inLanguage\":\"es\",\"@id\":\"https:\\\/\\\/secure.gravatar.com\\\/avatar\\\/709d3d8015183afa7401c02e2291a538cbfd4ffe62f4d86ce5f4871f22e86b09?s=96&d=mm&r=g\",\"url\":\"https:\\\/\\\/secure.gravatar.com\\\/avatar\\\/709d3d8015183afa7401c02e2291a538cbfd4ffe62f4d86ce5f4871f22e86b09?s=96&d=mm&r=g\",\"contentUrl\":\"https:\\\/\\\/secure.gravatar.com\\\/avatar\\\/709d3d8015183afa7401c02e2291a538cbfd4ffe62f4d86ce5f4871f22e86b09?s=96&d=mm&r=g\",\"caption\":\"neorg\"},\"url\":\"https:\\\/\\\/barcelona.euses.cat\\\/es\\\/author\\\/neorg\\\/\"}]}<\/script>\n<!-- \/ Yoast SEO plugin. -->","yoast_head_json":{"title":"La internacionalizaci\u00f3n del Grado en Fisioterapia Internacional te abre las puertas a un mercado laboral global | EUSES - Campus de Bellvitge (Barcelona)","robots":{"index":"index","follow":"follow","max-snippet":"max-snippet:-1","max-image-preview":"max-image-preview:large","max-video-preview":"max-video-preview:-1"},"canonical":"https:\/\/barcelona.euses.cat\/es\/la-internacionalizacion-del-grado-en-fisioterapia-internacional-te-abre-las-puertas-a-un-mercado-laboral-global\/","og_locale":"es_ES","og_type":"article","og_title":"La internacionalizaci\u00f3n del Grado en Fisioterapia Internacional te abre las puertas a un mercado laboral global | EUSES - Campus de Bellvitge (Barcelona)","og_description":"El Grado en Fisioterapia Internacional, de la Escuela de Nuevas Tecnolog\u00edas Interactivas (ENTI-UB) y de la Escuela de la Salud y el Deporte (EUSES-UdG), se caracteriza por su clara vocaci\u00f3n internacional. En primer lugar, porque se trata de la primera titulaci\u00f3n en fisioterapia de Barcelona, \u200b\u200b\u00edntegramente en ingl\u00e9s y en segundo lugar, por el mismo [&hellip;]","og_url":"https:\/\/barcelona.euses.cat\/es\/la-internacionalizacion-del-grado-en-fisioterapia-internacional-te-abre-las-puertas-a-un-mercado-laboral-global\/","og_site_name":"EUSES - Campus de Bellvitge (Barcelona)","article_publisher":"https:\/\/www.facebook.com\/PhysioBCN\/","article_published_time":"2017-03-05T23:00:00+00:00","article_modified_time":"2019-06-03T10:36:53+00:00","og_image":[{"width":639,"height":426,"url":"https:\/\/barcelona.euses.cat\/wp-content\/uploads\/2018\/02\/unnamed-file.h.jpg","type":"image\/jpeg"}],"author":"neorg","twitter_card":"summary_large_image","twitter_misc":{"Escrito por":"neorg","Tiempo de lectura":"3 minutos"},"schema":{"@context":"https:\/\/schema.org","@graph":[{"@type":"Article","@id":"https:\/\/barcelona.euses.cat\/es\/la-internacionalizacion-del-grado-en-fisioterapia-internacional-te-abre-las-puertas-a-un-mercado-laboral-global\/#article","isPartOf":{"@id":"https:\/\/barcelona.euses.cat\/es\/la-internacionalizacion-del-grado-en-fisioterapia-internacional-te-abre-las-puertas-a-un-mercado-laboral-global\/"},"author":{"name":"neorg","@id":"https:\/\/barcelona.euses.cat\/ca\/#\/schema\/person\/c3074ca9d956eacf02e41e2ff78e53ab"},"headline":"La internacionalizaci\u00f3n del Grado en Fisioterapia Internacional te abre las puertas a un mercado laboral global","datePublished":"2017-03-05T23:00:00+00:00","dateModified":"2019-06-03T10:36:53+00:00","mainEntityOfPage":{"@id":"https:\/\/barcelona.euses.cat\/es\/la-internacionalizacion-del-grado-en-fisioterapia-internacional-te-abre-las-puertas-a-un-mercado-laboral-global\/"},"wordCount":571,"image":{"@id":"https:\/\/barcelona.euses.cat\/es\/la-internacionalizacion-del-grado-en-fisioterapia-internacional-te-abre-las-puertas-a-un-mercado-laboral-global\/#primaryimage"},"thumbnailUrl":"https:\/\/barcelona.euses.cat\/wp-content\/uploads\/2018\/02\/unnamed-file.h.jpg","articleSection":["Sin categorizar"],"inLanguage":"es"},{"@type":"WebPage","@id":"https:\/\/barcelona.euses.cat\/es\/la-internacionalizacion-del-grado-en-fisioterapia-internacional-te-abre-las-puertas-a-un-mercado-laboral-global\/","url":"https:\/\/barcelona.euses.cat\/es\/la-internacionalizacion-del-grado-en-fisioterapia-internacional-te-abre-las-puertas-a-un-mercado-laboral-global\/","name":"La internacionalizaci\u00f3n del Grado en Fisioterapia Internacional te abre las puertas a un mercado laboral global | EUSES - Campus de Bellvitge (Barcelona)","isPartOf":{"@id":"https:\/\/barcelona.euses.cat\/ca\/#website"},"primaryImageOfPage":{"@id":"https:\/\/barcelona.euses.cat\/es\/la-internacionalizacion-del-grado-en-fisioterapia-internacional-te-abre-las-puertas-a-un-mercado-laboral-global\/#primaryimage"},"image":{"@id":"https:\/\/barcelona.euses.cat\/es\/la-internacionalizacion-del-grado-en-fisioterapia-internacional-te-abre-las-puertas-a-un-mercado-laboral-global\/#primaryimage"},"thumbnailUrl":"https:\/\/barcelona.euses.cat\/wp-content\/uploads\/2018\/02\/unnamed-file.h.jpg","datePublished":"2017-03-05T23:00:00+00:00","dateModified":"2019-06-03T10:36:53+00:00","author":{"@id":"https:\/\/barcelona.euses.cat\/ca\/#\/schema\/person\/c3074ca9d956eacf02e41e2ff78e53ab"},"breadcrumb":{"@id":"https:\/\/barcelona.euses.cat\/es\/la-internacionalizacion-del-grado-en-fisioterapia-internacional-te-abre-las-puertas-a-un-mercado-laboral-global\/#breadcrumb"},"inLanguage":"es","potentialAction":[{"@type":"ReadAction","target":["https:\/\/barcelona.euses.cat\/es\/la-internacionalizacion-del-grado-en-fisioterapia-internacional-te-abre-las-puertas-a-un-mercado-laboral-global\/"]}]},{"@type":"ImageObject","inLanguage":"es","@id":"https:\/\/barcelona.euses.cat\/es\/la-internacionalizacion-del-grado-en-fisioterapia-internacional-te-abre-las-puertas-a-un-mercado-laboral-global\/#primaryimage","url":"https:\/\/barcelona.euses.cat\/wp-content\/uploads\/2018\/02\/unnamed-file.h.jpg","contentUrl":"https:\/\/barcelona.euses.cat\/wp-content\/uploads\/2018\/02\/unnamed-file.h.jpg","width":639,"height":426},{"@type":"BreadcrumbList","@id":"https:\/\/barcelona.euses.cat\/es\/la-internacionalizacion-del-grado-en-fisioterapia-internacional-te-abre-las-puertas-a-un-mercado-laboral-global\/#breadcrumb","itemListElement":[{"@type":"ListItem","position":1,"name":"Portada","item":"https:\/\/barcelona.euses.cat\/es\/"},{"@type":"ListItem","position":2,"name":"La internacionalizaci\u00f3n del Grado en Fisioterapia Internacional te abre las puertas a un mercado laboral global"}]},{"@type":"WebSite","@id":"https:\/\/barcelona.euses.cat\/ca\/#website","url":"https:\/\/barcelona.euses.cat\/ca\/","name":"EUSES - Campus de Bellvitge (Barcelona)","description":"EUSES, Escuela Universitaria de Fisioterapia Internacional en Barcelona","potentialAction":[{"@type":"SearchAction","target":{"@type":"EntryPoint","urlTemplate":"https:\/\/barcelona.euses.cat\/ca\/?s={search_term_string}"},"query-input":{"@type":"PropertyValueSpecification","valueRequired":true,"valueName":"search_term_string"}}],"inLanguage":"es"},{"@type":"Person","@id":"https:\/\/barcelona.euses.cat\/ca\/#\/schema\/person\/c3074ca9d956eacf02e41e2ff78e53ab","name":"neorg","image":{"@type":"ImageObject","inLanguage":"es","@id":"https:\/\/secure.gravatar.com\/avatar\/709d3d8015183afa7401c02e2291a538cbfd4ffe62f4d86ce5f4871f22e86b09?s=96&d=mm&r=g","url":"https:\/\/secure.gravatar.com\/avatar\/709d3d8015183afa7401c02e2291a538cbfd4ffe62f4d86ce5f4871f22e86b09?s=96&d=mm&r=g","contentUrl":"https:\/\/secure.gravatar.com\/avatar\/709d3d8015183afa7401c02e2291a538cbfd4ffe62f4d86ce5f4871f22e86b09?s=96&d=mm&r=g","caption":"neorg"},"url":"https:\/\/barcelona.euses.cat\/es\/author\/neorg\/"}]}},"_links":{"self":[{"href":"https:\/\/barcelona.euses.cat\/es\/wp-json\/wp\/v2\/posts\/2270","targetHints":{"allow":["GET"]}}],"collection":[{"href":"https:\/\/barcelona.euses.cat\/es\/wp-json\/wp\/v2\/posts"}],"about":[{"href":"https:\/\/barcelona.euses.cat\/es\/wp-json\/wp\/v2\/types\/post"}],"author":[{"embeddable":true,"href":"https:\/\/barcelona.euses.cat\/es\/wp-json\/wp\/v2\/users\/1"}],"replies":[{"embeddable":true,"href":"https:\/\/barcelona.euses.cat\/es\/wp-json\/wp\/v2\/comments?post=2270"}],"version-history":[{"count":1,"href":"https:\/\/barcelona.euses.cat\/es\/wp-json\/wp\/v2\/posts\/2270\/revisions"}],"predecessor-version":[{"id":6839,"href":"https:\/\/barcelona.euses.cat\/es\/wp-json\/wp\/v2\/posts\/2270\/revisions\/6839"}],"wp:featuredmedia":[{"embeddable":true,"href":"https:\/\/barcelona.euses.cat\/es\/wp-json\/wp\/v2\/media\/1807"}],"wp:attachment":[{"href":"https:\/\/barcelona.euses.cat\/es\/wp-json\/wp\/v2\/media?parent=2270"}],"wp:term":[{"taxonomy":"category","embeddable":true,"href":"https:\/\/barcelona.euses.cat\/es\/wp-json\/wp\/v2\/categories?post=2270"},{"taxonomy":"post_tag","embeddable":true,"href":"https:\/\/barcelona.euses.cat\/es\/wp-json\/wp\/v2\/tags?post=2270"}],"curies":[{"name":"wp","href":"https:\/\/api.w.org\/{rel}","templated":true}]}}