{"id":2248,"date":"2017-01-24T00:00:00","date_gmt":"2017-01-23T23:00:00","guid":{"rendered":"http:\/\/physiotherapybarcelona.net\/la-dinamica-de-las-actividades-de-la-vida-diaria-en-adultos-mayores-institucionalizados-estudio-longitudinal-de-dos-anos-publicacion-del-profesor-javier-jerez\/"},"modified":"2019-06-03T12:43:09","modified_gmt":"2019-06-03T10:43:09","slug":"la-dinamica-de-las-actividades-de-la-vida-diaria-en-adultos-mayores-institucionalizados-estudio-longitudinal-de-dos-anos-publicacion-del-profesor-javier-jerez","status":"publish","type":"post","link":"https:\/\/barcelona.euses.cat\/es\/la-dinamica-de-las-actividades-de-la-vida-diaria-en-adultos-mayores-institucionalizados-estudio-longitudinal-de-dos-anos-publicacion-del-profesor-javier-jerez\/","title":{"rendered":"\u00abLa din\u00e1mica de las actividades de la vida diaria en adultos mayores institucionalizados: estudio longitudinal de dos a\u00f1os\u00bb, publicaci\u00f3n del profesor Javier Jerez"},"content":{"rendered":"<p>En el <strong>Grado en Fisioterapia Internacional de EUSES-UdG y ENTI-UB<\/strong> el trabajo de <strong>investigaci\u00f3n<\/strong> es una de las <strong>ramas<\/strong> m\u00e1s <strong>importantes<\/strong>. Nuestro <strong>profesorado compagina la docencia con la investigaci\u00f3n<\/strong>. El <strong>profesor Javier Jerez Roig<\/strong> es un ejemplo.<\/p>\n<p>Realiz\u00f3 un <strong>estudio<\/strong> denominado <strong>\u201cLa din\u00e1mica de las actividades de la vida diaria en adultos mayores institucionalizados: estudio longitudinal de dos a\u00f1os\u201d<\/strong>. El objetivo del estudio era ver la <strong>incidencia<\/strong> que ten\u00eda el <strong>declive<\/strong> <strong>funcional<\/strong>, el <strong>mantenimiento<\/strong> <strong>funcional<\/strong> y la <strong>mejora<\/strong> <strong>funcional<\/strong> en las actividades b\u00e1sicas de la vida diaria (<strong>ABVD<\/strong>) de adultos mayores institucionalizados, igual que analizar la evoluci\u00f3n de su capacidad funcional.<\/p>\n<p>El estudio centrado en la zona de la <strong>Am\u00e9rica Latina<\/strong>, se realiz\u00f3 en dos a\u00f1os y en cinco oleadas, con evaluaciones cada 6 meses a residentes de 10 residencias geri\u00e1tricas. Evaluaban <strong>actividades<\/strong> como <strong>comer<\/strong>, la <strong>higiene<\/strong> <strong>personal<\/strong>, <strong>ba\u00f1arse<\/strong>, <strong>desplazarse<\/strong> y <strong>andar<\/strong> mediante una <strong>escalera Likert de 5 puntos<\/strong>.<\/p>\n<p>La mitad de los <strong>280 adultos<\/strong> que participaron en el estudio, experimentaron un declive funcional y menos del 15% mejoraron la capacidad funcional. La actividad de comer sufri\u00f3 el declive m\u00e1s pronunciado, seguido por la movilidad y las actividades de cura personal.<\/p>\n<p>&nbsp;<\/p>\n<p>Si quieres ver m\u00e1s informaci\u00f3n y otros estudios e investigaciones del profesor Javier Jerez Roig sigue el <a href=\"https:\/\/www.ncbi.nlm.nih.gov\/pubmed?term=jerez+roig&amp;cmd=DetailsSearch\">enlace<\/a>.<\/p>\n","protected":false},"excerpt":{"rendered":"<p>En el Grado en Fisioterapia Internacional de EUSES-UdG y ENTI-UB el trabajo de investigaci\u00f3n es una de las ramas m\u00e1s importantes. Nuestro profesorado compagina la docencia con la investigaci\u00f3n. El profesor Javier Jerez Roig es un ejemplo. Realiz\u00f3 un estudio denominado \u201cLa din\u00e1mica de las actividades de la vida diaria en adultos mayores institucionalizados: estudio [&hellip;]<\/p>\n","protected":false},"author":1,"featured_media":1777,"comment_status":"closed","ping_status":"closed","sticky":false,"template":"","format":"standard","meta":{"_acf_changed":false,"inline_featured_image":false,"_joinchat":[],"footnotes":""},"categories":[1],"tags":[],"class_list":["post-2248","post","type-post","status-publish","format-standard","has-post-thumbnail","hentry","category-sin-categorizar"],"acf":[],"yoast_head":"<!-- This site is optimized with the Yoast SEO plugin v27.4 - https:\/\/yoast.com\/product\/yoast-seo-wordpress\/ -->\n<title>&quot;La din\u00e1mica de las actividades de la vida diaria en adultos mayores institucionalizados: estudio longitudinal de dos a\u00f1os&quot;, publicaci\u00f3n del profesor Javier Jerez | EUSES - Campus de Bellvitge (Barcelona)<\/title>\n<meta name=\"robots\" content=\"index, follow, max-snippet:-1, max-image-preview:large, max-video-preview:-1\" \/>\n<link rel=\"canonical\" href=\"https:\/\/barcelona.euses.cat\/es\/la-dinamica-de-las-actividades-de-la-vida-diaria-en-adultos-mayores-institucionalizados-estudio-longitudinal-de-dos-anos-publicacion-del-profesor-javier-jerez\/\" \/>\n<meta property=\"og:locale\" content=\"es_ES\" \/>\n<meta property=\"og:type\" content=\"article\" \/>\n<meta property=\"og:title\" content=\"&quot;La din\u00e1mica de las actividades de la vida diaria en adultos mayores institucionalizados: estudio longitudinal de dos a\u00f1os&quot;, publicaci\u00f3n del profesor Javier Jerez | EUSES - Campus de Bellvitge (Barcelona)\" \/>\n<meta property=\"og:description\" content=\"En el Grado en Fisioterapia Internacional de EUSES-UdG y ENTI-UB el trabajo de investigaci\u00f3n es una de las ramas m\u00e1s importantes. Nuestro profesorado compagina la docencia con la investigaci\u00f3n. El profesor Javier Jerez Roig es un ejemplo. Realiz\u00f3 un estudio denominado \u201cLa din\u00e1mica de las actividades de la vida diaria en adultos mayores institucionalizados: estudio [&hellip;]\" \/>\n<meta property=\"og:url\" content=\"https:\/\/barcelona.euses.cat\/es\/la-dinamica-de-las-actividades-de-la-vida-diaria-en-adultos-mayores-institucionalizados-estudio-longitudinal-de-dos-anos-publicacion-del-profesor-javier-jerez\/\" \/>\n<meta property=\"og:site_name\" content=\"EUSES - Campus de Bellvitge (Barcelona)\" \/>\n<meta property=\"article:publisher\" content=\"https:\/\/www.facebook.com\/PhysioBCN\/\" \/>\n<meta property=\"article:published_time\" content=\"2017-01-23T23:00:00+00:00\" \/>\n<meta property=\"article:modified_time\" content=\"2019-06-03T10:43:09+00:00\" \/>\n<meta property=\"og:image\" content=\"https:\/\/barcelona.euses.cat\/wp-content\/uploads\/2018\/02\/shared-14.png\" \/>\n\t<meta property=\"og:image:width\" content=\"4961\" \/>\n\t<meta property=\"og:image:height\" content=\"3780\" \/>\n\t<meta property=\"og:image:type\" content=\"image\/png\" \/>\n<meta name=\"author\" content=\"neorg\" \/>\n<meta name=\"twitter:card\" content=\"summary_large_image\" \/>\n<meta name=\"twitter:label1\" content=\"Escrito por\" \/>\n\t<meta name=\"twitter:data1\" content=\"neorg\" \/>\n\t<meta name=\"twitter:label2\" content=\"Tiempo de lectura\" \/>\n\t<meta name=\"twitter:data2\" content=\"1 minuto\" \/>\n<script type=\"application\/ld+json\" class=\"yoast-schema-graph\">{\"@context\":\"https:\\\/\\\/schema.org\",\"@graph\":[{\"@type\":\"Article\",\"@id\":\"https:\\\/\\\/barcelona.euses.cat\\\/es\\\/la-dinamica-de-las-actividades-de-la-vida-diaria-en-adultos-mayores-institucionalizados-estudio-longitudinal-de-dos-anos-publicacion-del-profesor-javier-jerez\\\/#article\",\"isPartOf\":{\"@id\":\"https:\\\/\\\/barcelona.euses.cat\\\/es\\\/la-dinamica-de-las-actividades-de-la-vida-diaria-en-adultos-mayores-institucionalizados-estudio-longitudinal-de-dos-anos-publicacion-del-profesor-javier-jerez\\\/\"},\"author\":{\"name\":\"neorg\",\"@id\":\"https:\\\/\\\/barcelona.euses.cat\\\/ca\\\/#\\\/schema\\\/person\\\/c3074ca9d956eacf02e41e2ff78e53ab\"},\"headline\":\"\u00abLa din\u00e1mica de las actividades de la vida diaria en adultos mayores institucionalizados: estudio longitudinal de dos a\u00f1os\u00bb, publicaci\u00f3n del profesor Javier Jerez\",\"datePublished\":\"2017-01-23T23:00:00+00:00\",\"dateModified\":\"2019-06-03T10:43:09+00:00\",\"mainEntityOfPage\":{\"@id\":\"https:\\\/\\\/barcelona.euses.cat\\\/es\\\/la-dinamica-de-las-actividades-de-la-vida-diaria-en-adultos-mayores-institucionalizados-estudio-longitudinal-de-dos-anos-publicacion-del-profesor-javier-jerez\\\/\"},\"wordCount\":246,\"image\":{\"@id\":\"https:\\\/\\\/barcelona.euses.cat\\\/es\\\/la-dinamica-de-las-actividades-de-la-vida-diaria-en-adultos-mayores-institucionalizados-estudio-longitudinal-de-dos-anos-publicacion-del-profesor-javier-jerez\\\/#primaryimage\"},\"thumbnailUrl\":\"https:\\\/\\\/barcelona.euses.cat\\\/wp-content\\\/uploads\\\/2018\\\/02\\\/shared-14.png\",\"articleSection\":[\"Sin categorizar\"],\"inLanguage\":\"es\"},{\"@type\":\"WebPage\",\"@id\":\"https:\\\/\\\/barcelona.euses.cat\\\/es\\\/la-dinamica-de-las-actividades-de-la-vida-diaria-en-adultos-mayores-institucionalizados-estudio-longitudinal-de-dos-anos-publicacion-del-profesor-javier-jerez\\\/\",\"url\":\"https:\\\/\\\/barcelona.euses.cat\\\/es\\\/la-dinamica-de-las-actividades-de-la-vida-diaria-en-adultos-mayores-institucionalizados-estudio-longitudinal-de-dos-anos-publicacion-del-profesor-javier-jerez\\\/\",\"name\":\"\\\"La din\u00e1mica de las actividades de la vida diaria en adultos mayores institucionalizados: estudio longitudinal de dos a\u00f1os\\\", publicaci\u00f3n del profesor Javier Jerez | EUSES - Campus de Bellvitge (Barcelona)\",\"isPartOf\":{\"@id\":\"https:\\\/\\\/barcelona.euses.cat\\\/ca\\\/#website\"},\"primaryImageOfPage\":{\"@id\":\"https:\\\/\\\/barcelona.euses.cat\\\/es\\\/la-dinamica-de-las-actividades-de-la-vida-diaria-en-adultos-mayores-institucionalizados-estudio-longitudinal-de-dos-anos-publicacion-del-profesor-javier-jerez\\\/#primaryimage\"},\"image\":{\"@id\":\"https:\\\/\\\/barcelona.euses.cat\\\/es\\\/la-dinamica-de-las-actividades-de-la-vida-diaria-en-adultos-mayores-institucionalizados-estudio-longitudinal-de-dos-anos-publicacion-del-profesor-javier-jerez\\\/#primaryimage\"},\"thumbnailUrl\":\"https:\\\/\\\/barcelona.euses.cat\\\/wp-content\\\/uploads\\\/2018\\\/02\\\/shared-14.png\",\"datePublished\":\"2017-01-23T23:00:00+00:00\",\"dateModified\":\"2019-06-03T10:43:09+00:00\",\"author\":{\"@id\":\"https:\\\/\\\/barcelona.euses.cat\\\/ca\\\/#\\\/schema\\\/person\\\/c3074ca9d956eacf02e41e2ff78e53ab\"},\"breadcrumb\":{\"@id\":\"https:\\\/\\\/barcelona.euses.cat\\\/es\\\/la-dinamica-de-las-actividades-de-la-vida-diaria-en-adultos-mayores-institucionalizados-estudio-longitudinal-de-dos-anos-publicacion-del-profesor-javier-jerez\\\/#breadcrumb\"},\"inLanguage\":\"es\",\"potentialAction\":[{\"@type\":\"ReadAction\",\"target\":[\"https:\\\/\\\/barcelona.euses.cat\\\/es\\\/la-dinamica-de-las-actividades-de-la-vida-diaria-en-adultos-mayores-institucionalizados-estudio-longitudinal-de-dos-anos-publicacion-del-profesor-javier-jerez\\\/\"]}]},{\"@type\":\"ImageObject\",\"inLanguage\":\"es\",\"@id\":\"https:\\\/\\\/barcelona.euses.cat\\\/es\\\/la-dinamica-de-las-actividades-de-la-vida-diaria-en-adultos-mayores-institucionalizados-estudio-longitudinal-de-dos-anos-publicacion-del-profesor-javier-jerez\\\/#primaryimage\",\"url\":\"https:\\\/\\\/barcelona.euses.cat\\\/wp-content\\\/uploads\\\/2018\\\/02\\\/shared-14.png\",\"contentUrl\":\"https:\\\/\\\/barcelona.euses.cat\\\/wp-content\\\/uploads\\\/2018\\\/02\\\/shared-14.png\",\"width\":4961,\"height\":3780},{\"@type\":\"BreadcrumbList\",\"@id\":\"https:\\\/\\\/barcelona.euses.cat\\\/es\\\/la-dinamica-de-las-actividades-de-la-vida-diaria-en-adultos-mayores-institucionalizados-estudio-longitudinal-de-dos-anos-publicacion-del-profesor-javier-jerez\\\/#breadcrumb\",\"itemListElement\":[{\"@type\":\"ListItem\",\"position\":1,\"name\":\"Portada\",\"item\":\"https:\\\/\\\/barcelona.euses.cat\\\/es\\\/\"},{\"@type\":\"ListItem\",\"position\":2,\"name\":\"\u00abLa din\u00e1mica de las actividades de la vida diaria en adultos mayores institucionalizados: estudio longitudinal de dos a\u00f1os\u00bb, publicaci\u00f3n del profesor Javier Jerez\"}]},{\"@type\":\"WebSite\",\"@id\":\"https:\\\/\\\/barcelona.euses.cat\\\/ca\\\/#website\",\"url\":\"https:\\\/\\\/barcelona.euses.cat\\\/ca\\\/\",\"name\":\"EUSES - Campus de Bellvitge (Barcelona)\",\"description\":\"EUSES, Escuela Universitaria de Fisioterapia Internacional en Barcelona\",\"potentialAction\":[{\"@type\":\"SearchAction\",\"target\":{\"@type\":\"EntryPoint\",\"urlTemplate\":\"https:\\\/\\\/barcelona.euses.cat\\\/ca\\\/?s={search_term_string}\"},\"query-input\":{\"@type\":\"PropertyValueSpecification\",\"valueRequired\":true,\"valueName\":\"search_term_string\"}}],\"inLanguage\":\"es\"},{\"@type\":\"Person\",\"@id\":\"https:\\\/\\\/barcelona.euses.cat\\\/ca\\\/#\\\/schema\\\/person\\\/c3074ca9d956eacf02e41e2ff78e53ab\",\"name\":\"neorg\",\"image\":{\"@type\":\"ImageObject\",\"inLanguage\":\"es\",\"@id\":\"https:\\\/\\\/secure.gravatar.com\\\/avatar\\\/709d3d8015183afa7401c02e2291a538cbfd4ffe62f4d86ce5f4871f22e86b09?s=96&d=mm&r=g\",\"url\":\"https:\\\/\\\/secure.gravatar.com\\\/avatar\\\/709d3d8015183afa7401c02e2291a538cbfd4ffe62f4d86ce5f4871f22e86b09?s=96&d=mm&r=g\",\"contentUrl\":\"https:\\\/\\\/secure.gravatar.com\\\/avatar\\\/709d3d8015183afa7401c02e2291a538cbfd4ffe62f4d86ce5f4871f22e86b09?s=96&d=mm&r=g\",\"caption\":\"neorg\"},\"url\":\"https:\\\/\\\/barcelona.euses.cat\\\/es\\\/author\\\/neorg\\\/\"}]}<\/script>\n<!-- \/ Yoast SEO plugin. -->","yoast_head_json":{"title":"\"La din\u00e1mica de las actividades de la vida diaria en adultos mayores institucionalizados: estudio longitudinal de dos a\u00f1os\", publicaci\u00f3n del profesor Javier Jerez | EUSES - Campus de Bellvitge (Barcelona)","robots":{"index":"index","follow":"follow","max-snippet":"max-snippet:-1","max-image-preview":"max-image-preview:large","max-video-preview":"max-video-preview:-1"},"canonical":"https:\/\/barcelona.euses.cat\/es\/la-dinamica-de-las-actividades-de-la-vida-diaria-en-adultos-mayores-institucionalizados-estudio-longitudinal-de-dos-anos-publicacion-del-profesor-javier-jerez\/","og_locale":"es_ES","og_type":"article","og_title":"\"La din\u00e1mica de las actividades de la vida diaria en adultos mayores institucionalizados: estudio longitudinal de dos a\u00f1os\", publicaci\u00f3n del profesor Javier Jerez | EUSES - Campus de Bellvitge (Barcelona)","og_description":"En el Grado en Fisioterapia Internacional de EUSES-UdG y ENTI-UB el trabajo de investigaci\u00f3n es una de las ramas m\u00e1s importantes. Nuestro profesorado compagina la docencia con la investigaci\u00f3n. El profesor Javier Jerez Roig es un ejemplo. Realiz\u00f3 un estudio denominado \u201cLa din\u00e1mica de las actividades de la vida diaria en adultos mayores institucionalizados: estudio [&hellip;]","og_url":"https:\/\/barcelona.euses.cat\/es\/la-dinamica-de-las-actividades-de-la-vida-diaria-en-adultos-mayores-institucionalizados-estudio-longitudinal-de-dos-anos-publicacion-del-profesor-javier-jerez\/","og_site_name":"EUSES - Campus de Bellvitge (Barcelona)","article_publisher":"https:\/\/www.facebook.com\/PhysioBCN\/","article_published_time":"2017-01-23T23:00:00+00:00","article_modified_time":"2019-06-03T10:43:09+00:00","og_image":[{"width":4961,"height":3780,"url":"https:\/\/barcelona.euses.cat\/wp-content\/uploads\/2018\/02\/shared-14.png","type":"image\/png"}],"author":"neorg","twitter_card":"summary_large_image","twitter_misc":{"Escrito por":"neorg","Tiempo de lectura":"1 minuto"},"schema":{"@context":"https:\/\/schema.org","@graph":[{"@type":"Article","@id":"https:\/\/barcelona.euses.cat\/es\/la-dinamica-de-las-actividades-de-la-vida-diaria-en-adultos-mayores-institucionalizados-estudio-longitudinal-de-dos-anos-publicacion-del-profesor-javier-jerez\/#article","isPartOf":{"@id":"https:\/\/barcelona.euses.cat\/es\/la-dinamica-de-las-actividades-de-la-vida-diaria-en-adultos-mayores-institucionalizados-estudio-longitudinal-de-dos-anos-publicacion-del-profesor-javier-jerez\/"},"author":{"name":"neorg","@id":"https:\/\/barcelona.euses.cat\/ca\/#\/schema\/person\/c3074ca9d956eacf02e41e2ff78e53ab"},"headline":"\u00abLa din\u00e1mica de las actividades de la vida diaria en adultos mayores institucionalizados: estudio longitudinal de dos a\u00f1os\u00bb, publicaci\u00f3n del profesor Javier Jerez","datePublished":"2017-01-23T23:00:00+00:00","dateModified":"2019-06-03T10:43:09+00:00","mainEntityOfPage":{"@id":"https:\/\/barcelona.euses.cat\/es\/la-dinamica-de-las-actividades-de-la-vida-diaria-en-adultos-mayores-institucionalizados-estudio-longitudinal-de-dos-anos-publicacion-del-profesor-javier-jerez\/"},"wordCount":246,"image":{"@id":"https:\/\/barcelona.euses.cat\/es\/la-dinamica-de-las-actividades-de-la-vida-diaria-en-adultos-mayores-institucionalizados-estudio-longitudinal-de-dos-anos-publicacion-del-profesor-javier-jerez\/#primaryimage"},"thumbnailUrl":"https:\/\/barcelona.euses.cat\/wp-content\/uploads\/2018\/02\/shared-14.png","articleSection":["Sin categorizar"],"inLanguage":"es"},{"@type":"WebPage","@id":"https:\/\/barcelona.euses.cat\/es\/la-dinamica-de-las-actividades-de-la-vida-diaria-en-adultos-mayores-institucionalizados-estudio-longitudinal-de-dos-anos-publicacion-del-profesor-javier-jerez\/","url":"https:\/\/barcelona.euses.cat\/es\/la-dinamica-de-las-actividades-de-la-vida-diaria-en-adultos-mayores-institucionalizados-estudio-longitudinal-de-dos-anos-publicacion-del-profesor-javier-jerez\/","name":"\"La din\u00e1mica de las actividades de la vida diaria en adultos mayores institucionalizados: estudio longitudinal de dos a\u00f1os\", publicaci\u00f3n del profesor Javier Jerez | EUSES - Campus de Bellvitge (Barcelona)","isPartOf":{"@id":"https:\/\/barcelona.euses.cat\/ca\/#website"},"primaryImageOfPage":{"@id":"https:\/\/barcelona.euses.cat\/es\/la-dinamica-de-las-actividades-de-la-vida-diaria-en-adultos-mayores-institucionalizados-estudio-longitudinal-de-dos-anos-publicacion-del-profesor-javier-jerez\/#primaryimage"},"image":{"@id":"https:\/\/barcelona.euses.cat\/es\/la-dinamica-de-las-actividades-de-la-vida-diaria-en-adultos-mayores-institucionalizados-estudio-longitudinal-de-dos-anos-publicacion-del-profesor-javier-jerez\/#primaryimage"},"thumbnailUrl":"https:\/\/barcelona.euses.cat\/wp-content\/uploads\/2018\/02\/shared-14.png","datePublished":"2017-01-23T23:00:00+00:00","dateModified":"2019-06-03T10:43:09+00:00","author":{"@id":"https:\/\/barcelona.euses.cat\/ca\/#\/schema\/person\/c3074ca9d956eacf02e41e2ff78e53ab"},"breadcrumb":{"@id":"https:\/\/barcelona.euses.cat\/es\/la-dinamica-de-las-actividades-de-la-vida-diaria-en-adultos-mayores-institucionalizados-estudio-longitudinal-de-dos-anos-publicacion-del-profesor-javier-jerez\/#breadcrumb"},"inLanguage":"es","potentialAction":[{"@type":"ReadAction","target":["https:\/\/barcelona.euses.cat\/es\/la-dinamica-de-las-actividades-de-la-vida-diaria-en-adultos-mayores-institucionalizados-estudio-longitudinal-de-dos-anos-publicacion-del-profesor-javier-jerez\/"]}]},{"@type":"ImageObject","inLanguage":"es","@id":"https:\/\/barcelona.euses.cat\/es\/la-dinamica-de-las-actividades-de-la-vida-diaria-en-adultos-mayores-institucionalizados-estudio-longitudinal-de-dos-anos-publicacion-del-profesor-javier-jerez\/#primaryimage","url":"https:\/\/barcelona.euses.cat\/wp-content\/uploads\/2018\/02\/shared-14.png","contentUrl":"https:\/\/barcelona.euses.cat\/wp-content\/uploads\/2018\/02\/shared-14.png","width":4961,"height":3780},{"@type":"BreadcrumbList","@id":"https:\/\/barcelona.euses.cat\/es\/la-dinamica-de-las-actividades-de-la-vida-diaria-en-adultos-mayores-institucionalizados-estudio-longitudinal-de-dos-anos-publicacion-del-profesor-javier-jerez\/#breadcrumb","itemListElement":[{"@type":"ListItem","position":1,"name":"Portada","item":"https:\/\/barcelona.euses.cat\/es\/"},{"@type":"ListItem","position":2,"name":"\u00abLa din\u00e1mica de las actividades de la vida diaria en adultos mayores institucionalizados: estudio longitudinal de dos a\u00f1os\u00bb, publicaci\u00f3n del profesor Javier Jerez"}]},{"@type":"WebSite","@id":"https:\/\/barcelona.euses.cat\/ca\/#website","url":"https:\/\/barcelona.euses.cat\/ca\/","name":"EUSES - Campus de Bellvitge (Barcelona)","description":"EUSES, Escuela Universitaria de Fisioterapia Internacional en Barcelona","potentialAction":[{"@type":"SearchAction","target":{"@type":"EntryPoint","urlTemplate":"https:\/\/barcelona.euses.cat\/ca\/?s={search_term_string}"},"query-input":{"@type":"PropertyValueSpecification","valueRequired":true,"valueName":"search_term_string"}}],"inLanguage":"es"},{"@type":"Person","@id":"https:\/\/barcelona.euses.cat\/ca\/#\/schema\/person\/c3074ca9d956eacf02e41e2ff78e53ab","name":"neorg","image":{"@type":"ImageObject","inLanguage":"es","@id":"https:\/\/secure.gravatar.com\/avatar\/709d3d8015183afa7401c02e2291a538cbfd4ffe62f4d86ce5f4871f22e86b09?s=96&d=mm&r=g","url":"https:\/\/secure.gravatar.com\/avatar\/709d3d8015183afa7401c02e2291a538cbfd4ffe62f4d86ce5f4871f22e86b09?s=96&d=mm&r=g","contentUrl":"https:\/\/secure.gravatar.com\/avatar\/709d3d8015183afa7401c02e2291a538cbfd4ffe62f4d86ce5f4871f22e86b09?s=96&d=mm&r=g","caption":"neorg"},"url":"https:\/\/barcelona.euses.cat\/es\/author\/neorg\/"}]}},"_links":{"self":[{"href":"https:\/\/barcelona.euses.cat\/es\/wp-json\/wp\/v2\/posts\/2248","targetHints":{"allow":["GET"]}}],"collection":[{"href":"https:\/\/barcelona.euses.cat\/es\/wp-json\/wp\/v2\/posts"}],"about":[{"href":"https:\/\/barcelona.euses.cat\/es\/wp-json\/wp\/v2\/types\/post"}],"author":[{"embeddable":true,"href":"https:\/\/barcelona.euses.cat\/es\/wp-json\/wp\/v2\/users\/1"}],"replies":[{"embeddable":true,"href":"https:\/\/barcelona.euses.cat\/es\/wp-json\/wp\/v2\/comments?post=2248"}],"version-history":[{"count":1,"href":"https:\/\/barcelona.euses.cat\/es\/wp-json\/wp\/v2\/posts\/2248\/revisions"}],"predecessor-version":[{"id":6850,"href":"https:\/\/barcelona.euses.cat\/es\/wp-json\/wp\/v2\/posts\/2248\/revisions\/6850"}],"wp:featuredmedia":[{"embeddable":true,"href":"https:\/\/barcelona.euses.cat\/es\/wp-json\/wp\/v2\/media\/1777"}],"wp:attachment":[{"href":"https:\/\/barcelona.euses.cat\/es\/wp-json\/wp\/v2\/media?parent=2248"}],"wp:term":[{"taxonomy":"category","embeddable":true,"href":"https:\/\/barcelona.euses.cat\/es\/wp-json\/wp\/v2\/categories?post=2248"},{"taxonomy":"post_tag","embeddable":true,"href":"https:\/\/barcelona.euses.cat\/es\/wp-json\/wp\/v2\/tags?post=2248"}],"curies":[{"name":"wp","href":"https:\/\/api.w.org\/{rel}","templated":true}]}}