{"id":2247,"date":"2017-01-23T00:00:00","date_gmt":"2017-01-22T23:00:00","guid":{"rendered":"http:\/\/physiotherapybarcelona.net\/conoce-las-nuevas-tic-aplicadas-a-la-salud-de-la-mano-de-un-profesorado-de-primer-nivel-estudiando-el-grado-en-fisioterapia-internacional\/"},"modified":"2019-06-03T12:44:19","modified_gmt":"2019-06-03T10:44:19","slug":"conoce-las-nuevas-tic-aplicadas-a-la-salud-de-la-mano-de-un-profesorado-de-primer-nivel-estudiando-el-grado-en-fisioterapia-internacional","status":"publish","type":"post","link":"https:\/\/barcelona.euses.cat\/es\/conoce-las-nuevas-tic-aplicadas-a-la-salud-de-la-mano-de-un-profesorado-de-primer-nivel-estudiando-el-grado-en-fisioterapia-internacional\/","title":{"rendered":"Conoce las nuevas TIC aplicadas a la salud de la mano de un profesorado de primer nivel, estudiando el Grado en Fisioterapia Internacional"},"content":{"rendered":"<p style=\"text-align: justify;\">Durante el <strong>Grado en Fisioterapia Internacional<\/strong> de <strong>la Escuela de Nuevas Tecnolog\u00edas Interactivas (ENTI-UB) y de la Escuela Universitaria de la Salud y el Deporte (EUSES-UdG)<\/strong> aprender\u00e1s a aplicar las <strong>nuevas tecnolog\u00edas<\/strong> en el \u00e1mbito de la <strong>salud<\/strong> y conocer\u00e1s las diferentes vertientes de la <strong>fisioterapia<\/strong>, desde la valoraci\u00f3n, el <strong>diagn\u00f3stico<\/strong>, el dise\u00f1o y el desarrollo de <strong>tratamientos<\/strong>, estudiando \u00edntegramente en <strong>ingl\u00e9s<\/strong>, un idioma cuyo dominio, no s\u00f3lo es una necesidad en la sociedad actual, sino una <strong>competencia b\u00e1sica<\/strong> para el conocimiento de la producci\u00f3n cient\u00edfica, la adquisici\u00f3n de un \u00f3ptimo nivel profesional y en definitiva, para ampliar tu <strong>networking<\/strong> y <strong>oportunidades laborales<\/strong>. Adem\u00e1s, te formar\u00e1s con un <strong>profesorado<\/strong> altamente cualificado para la <strong>docencia<\/strong> y vinculado al <strong>mundo profesional<\/strong>. \u00bfCu\u00e1les son las caracter\u00edsticas principales del <strong>equipo docente<\/strong> de esta titulaci\u00f3n?:<\/p>\n<p style=\"text-align: justify;\">De entrada, cabe destacar su <strong>doble perfil<\/strong>: el de <strong>acad\u00e9mico-investigador<\/strong> y el de <strong>profesional<\/strong> <strong>en<\/strong> <strong>activo<\/strong>. La mayor\u00eda de los profesores se han especializado y <strong>Doctorado<\/strong>; proceden de prestigiosas universidades extranjeras y cuentan con una gran vocaci\u00f3n por la <strong>docencia universitaria<\/strong>, as\u00ed como, con una <strong>dilatada experiencia<\/strong> tanto en el \u00e1mbito acad\u00e9mico como profesional. Su continuo v\u00ednculo con la <strong>realidad<\/strong> de la <strong>profesi\u00f3n<\/strong>, permite una actualizaci\u00f3n constante de los <strong>contenidos<\/strong> y <strong>metodolog\u00edas<\/strong> empleadas.<\/p>\n<p style=\"text-align: justify;\">Entre el <strong>profesorado<\/strong> del <strong>Grado en Fisioterapia Internacional<\/strong> cabe destacar a profesionales de la talla de: <strong>Mariano <\/strong>\u00a0<strong>Gacto<\/strong>, Director de esta titulaci\u00f3n que desarroll\u00f3 su tarea como <strong>fisioterapeuta<\/strong> en el <strong>Sistema de Salud p\u00fablico de Espa\u00f1a y Francia<\/strong> durante seis a\u00f1os. Adem\u00e1s, tambi\u00e9n ha participado en diferentes congresos internacionales y forma parte del comit\u00e9 de expertos de revistas especializadas en salud p\u00fablica (JCR). Tambi\u00e9n cabe mencionar a la\u00a0 profesora y <strong>Dra. S\u00edlvia Xargay<\/strong>, Licenciada en Biolog\u00eda y <strong>Doctorada en Biomedicina<\/strong> <strong>\u201ccum laude\u201d <\/strong>que actualmente est\u00e1 llevando a cabo una estancia postdoctoral en la <strong>Universidad de Cambridge<\/strong> y colabora en varios proyectos nacionales e internacionales.<\/p>\n<p style=\"text-align: justify;\">Otros docentes que aportan su experiencia y visi\u00f3n global a estos estudios son: <strong>Claire Knott<\/strong>, profesora australiana con una amplia experiencia profesional como <strong>fisioterapeuta<\/strong> tanto en <strong>hospitales p\u00fablicos<\/strong> como <strong>privados<\/strong>; <strong>Andrea Fuente<\/strong> reconocida instructora del m\u00e9todo <strong>Pilates<\/strong>, encargada de implementar el programa educativo <strong>Pilates conCiencia<\/strong> que ofrece seminarios de especializaci\u00f3n tanto en <strong>Espa\u00f1a<\/strong> como en el <strong>extranjero<\/strong> y <strong>Anna Prats<\/strong>, <strong>Doctora<\/strong> en <strong>Ciencias<\/strong> <strong>Biol\u00f3gicas<\/strong> que ha participado en 23 art\u00edculos de investigaci\u00f3n internacional y en varios congresos, nueve de ellos internacionales y siete nacionales, donde ha recibido varios premios. Adem\u00e1s, ha recibido dos becas de investigaci\u00f3n en el <strong>CNRS de Montpellier<\/strong> <strong>(Francia)<\/strong> y en la <strong>Universidad de Cambridge (Reino Unido)<\/strong>.<\/p>\n<p style=\"text-align: justify;\">En esta misma l\u00ednea, sobresalen los profesores: <strong>Francesc Xavier Prat<\/strong>, Licenciado en Psicolog\u00eda, ha participado en una estancia de investigaci\u00f3n en la <strong>Universidad de Cranfield (Reino Unido)<\/strong> y es autor de varios estudios, publicados en revistas internacionales; <strong>Roc\u00edo D\u00edaz<\/strong>, Dermat\u00f3loga, se le otorg\u00f3 una beca para visitar el <strong>laboratorio XLAB<\/strong> para j\u00f3venes estudiantes en <strong>G\u00f6ttingem<\/strong> (Baja Sajonia), acompa\u00f1ada del ganador del <strong>Premio Nobel<\/strong>, el <strong>Dr. Erwin Neher<\/strong>; tambi\u00e9n hay que destacar al profesor, <strong>Joaquim Chaler<\/strong>, m\u00e9dico especialista en <strong>medicina f\u00edsica y rehabilitaci\u00f3n<\/strong>, ha participado en 25 art\u00edculos de investigaci\u00f3n en el \u00e1mbito nacional e internacional, adem\u00e1s, ha asistido como ponente a m\u00e1s de 30 congresos especializados en salud y tambi\u00e9n, es redactor jefe de la revista <strong>Isokinetics &amp; Exercise Science<\/strong>.<\/p>\n<p style=\"text-align: justify;\">Otros grandes profesionales son: <strong>Lucy Hackney<\/strong>, Licenciada en <strong>Psicolog\u00eda<\/strong> y <strong>Sociolog\u00eda<\/strong> en la <strong>Universidad de Leicester<\/strong>, con una amplia experiencia como <strong>fisioterapeuta<\/strong> en el <strong>sistema de<\/strong> <strong>salud p\u00fablico brit\u00e1nico<\/strong> y tambi\u00e9n en el \u00e1mbito privado; <strong>Javier Jerez<\/strong>, <strong>Doctorado<\/strong> en <strong>Salud<\/strong> <strong>P\u00fablica<\/strong> por la <strong>Universidad Federal de Rio Grande do Norte (Natal, Brasil)<\/strong>, tambi\u00e9n con una dilatada experiencia en el sistema de salud p\u00fablico y privado, y <strong>Samuel Young<\/strong>, Licenciado en <strong>Fisioterapia<\/strong> en la <strong>Universidad de Melbourne<\/strong>, especializado en la rama del aparato locomotor y la fisioterapia del deporte. Dispone de una amplia experiencia profesional, pues, ha trabajado en varios <strong>hospitales<\/strong> regionales del oeste de <strong>Australia<\/strong>; proporcion\u00f3 atenci\u00f3n primaria a las comunidades ind\u00edgenas norte\u00f1as de <strong>Australia<\/strong> y tambi\u00e9n ha ejercido como fisioterapeuta en varias <strong>cl\u00ednicas<\/strong> <strong>y clubes<\/strong> deportivos de <strong>Melbourne, Irlanda e Inglaterra<\/strong>.<\/p>\n<p style=\"text-align: justify;\">\u00a0En este curso acad\u00e9mico tambi\u00e9n se contar\u00e1 con profesionales como: <strong>Araceli Mu\u00f1oz<\/strong>, doctora en <strong>Antropolog\u00eda Social<\/strong> e investigadora en el O<strong>bservatorio de la Alimentaci\u00f3n (ODELA)<\/strong> y miembro del <strong>Medical Anthropology Research Center (URV)<\/strong>. Sus tres campos de trabajo principales son: <strong>salud<\/strong> <strong>y la infancia<\/strong>, campo en el cual, ha desarrollado su tesis doctoral; salud, riesgo y contaminaci\u00f3n interna, y, finalmente, herramientas de apoyo a la investigaci\u00f3n cualitativa en ciencias sociales. Tambi\u00e9n cabe destacar al profesor <strong>Bertram<\/strong> <strong>M\u00fcller<\/strong>, <strong>biomec\u00e1nico de formaci\u00f3n<\/strong> con una amplia experiencia internacional en pa\u00edses como <strong>Escocia y Alemania<\/strong>.<\/p>\n<p style=\"text-align: justify;\">Finalmente, tampoco podemos dejar a un lado a las profesoras: <strong>Zoe Queally<\/strong> y <strong>Marta Gonz\u00e1lez<\/strong>. <strong>Queally<\/strong> es especialista en <strong>lesiones de columna<\/strong> <strong>y deportivas<\/strong>, combinando la osteopat\u00eda, la terapia neurocin\u00e9tica (NKT), la t\u00e9cnica de activaci\u00f3n muscular <strong>Be-Activated<\/strong>, la acupuntura, los masajes y el Pilates para tratar a sus pacientes. Tambi\u00e9n cuenta con una dilatada experiencia en varias <strong>cl\u00ednicas y hospitales<\/strong> de <strong>Londres<\/strong>. En cuanto a <strong>Gonz\u00e1lez<\/strong>, <strong>Doctora<\/strong> <strong>en Bioqu\u00edmica<\/strong> y <strong>Biolog\u00eda molecular<\/strong>, cabe se\u00f1alar que ha trabajado como <strong>investigadora<\/strong> <strong>postdoctoral<\/strong> en el <strong>Grupo de Investigaci\u00f3n en Neurobiolog\u00eda del Comportamiento (GReNeC).<\/strong> Sus intereses en investigaci\u00f3n incluyen la <strong>neurobiolog\u00eda<\/strong>, los trastornos del estado de \u00e1nimo inducidos por el dolor y la adicci\u00f3n a las drogas. Ha publicado 7 trabajos de investigaci\u00f3n.<\/p>\n<p style=\"text-align: justify;\">F\u00f3rmate con un <a href=\"https:\/\/goo.gl\/z6Lx1t\"><strong>profesorado<\/strong><\/a> experto con un marcado <strong>perfil internacional<\/strong> y con una gran vocaci\u00f3n por la docencia; estudiando el <a href=\"https:\/\/goo.gl\/z6Lx1t\"><strong>Grado en Fisioterapia Internacional en el Campus de la UB<\/strong><\/a><strong>.<\/strong><\/p>\n","protected":false},"excerpt":{"rendered":"<p>Durante el Grado en Fisioterapia Internacional de la Escuela de Nuevas Tecnolog\u00edas Interactivas (ENTI-UB) y de la Escuela Universitaria de la Salud y el Deporte (EUSES-UdG) aprender\u00e1s a aplicar las nuevas tecnolog\u00edas en el \u00e1mbito de la salud y conocer\u00e1s las diferentes vertientes de la fisioterapia, desde la valoraci\u00f3n, el diagn\u00f3stico, el dise\u00f1o y el [&hellip;]<\/p>\n","protected":false},"author":1,"featured_media":1772,"comment_status":"closed","ping_status":"closed","sticky":false,"template":"","format":"standard","meta":{"_acf_changed":false,"inline_featured_image":false,"_joinchat":[],"footnotes":""},"categories":[1],"tags":[],"class_list":["post-2247","post","type-post","status-publish","format-standard","has-post-thumbnail","hentry","category-sin-categorizar"],"acf":[],"yoast_head":"<!-- This site is optimized with the Yoast SEO plugin v27.4 - https:\/\/yoast.com\/product\/yoast-seo-wordpress\/ -->\n<title>Conoce las nuevas TIC aplicadas a la salud de la mano de un profesorado de primer nivel, estudiando el Grado en Fisioterapia Internacional | EUSES - Campus de Bellvitge (Barcelona)<\/title>\n<meta name=\"robots\" content=\"index, follow, max-snippet:-1, max-image-preview:large, max-video-preview:-1\" \/>\n<link rel=\"canonical\" href=\"https:\/\/barcelona.euses.cat\/es\/conoce-las-nuevas-tic-aplicadas-a-la-salud-de-la-mano-de-un-profesorado-de-primer-nivel-estudiando-el-grado-en-fisioterapia-internacional\/\" \/>\n<meta property=\"og:locale\" content=\"es_ES\" \/>\n<meta property=\"og:type\" content=\"article\" \/>\n<meta property=\"og:title\" content=\"Conoce las nuevas TIC aplicadas a la salud de la mano de un profesorado de primer nivel, estudiando el Grado en Fisioterapia Internacional | EUSES - Campus de Bellvitge (Barcelona)\" \/>\n<meta property=\"og:description\" content=\"Durante el Grado en Fisioterapia Internacional de la Escuela de Nuevas Tecnolog\u00edas Interactivas (ENTI-UB) y de la Escuela Universitaria de la Salud y el Deporte (EUSES-UdG) aprender\u00e1s a aplicar las nuevas tecnolog\u00edas en el \u00e1mbito de la salud y conocer\u00e1s las diferentes vertientes de la fisioterapia, desde la valoraci\u00f3n, el diagn\u00f3stico, el dise\u00f1o y el [&hellip;]\" \/>\n<meta property=\"og:url\" content=\"https:\/\/barcelona.euses.cat\/es\/conoce-las-nuevas-tic-aplicadas-a-la-salud-de-la-mano-de-un-profesorado-de-primer-nivel-estudiando-el-grado-en-fisioterapia-internacional\/\" \/>\n<meta property=\"og:site_name\" content=\"EUSES - Campus de Bellvitge (Barcelona)\" \/>\n<meta property=\"article:publisher\" content=\"https:\/\/www.facebook.com\/PhysioBCN\/\" \/>\n<meta property=\"article:published_time\" content=\"2017-01-22T23:00:00+00:00\" \/>\n<meta property=\"article:modified_time\" content=\"2019-06-03T10:44:19+00:00\" \/>\n<meta property=\"og:image\" content=\"https:\/\/barcelona.euses.cat\/wp-content\/uploads\/2018\/02\/Coneix-les-noves-TIC-aplicades-a-la-salut-de-la-m\u00e0-d\u2019un-professorat-de-primer-nivell-estudiant-el-Grau-en-Fisioter\u00e0pia-Internacional.png\" \/>\n\t<meta property=\"og:image:width\" content=\"1000\" \/>\n\t<meta property=\"og:image:height\" content=\"804\" \/>\n\t<meta property=\"og:image:type\" content=\"image\/png\" \/>\n<meta name=\"author\" content=\"neorg\" \/>\n<meta name=\"twitter:card\" content=\"summary_large_image\" \/>\n<meta name=\"twitter:label1\" content=\"Escrito por\" \/>\n\t<meta name=\"twitter:data1\" content=\"neorg\" \/>\n\t<meta name=\"twitter:label2\" content=\"Tiempo de lectura\" \/>\n\t<meta name=\"twitter:data2\" content=\"5 minutos\" \/>\n<script type=\"application\/ld+json\" class=\"yoast-schema-graph\">{\"@context\":\"https:\\\/\\\/schema.org\",\"@graph\":[{\"@type\":\"Article\",\"@id\":\"https:\\\/\\\/barcelona.euses.cat\\\/es\\\/conoce-las-nuevas-tic-aplicadas-a-la-salud-de-la-mano-de-un-profesorado-de-primer-nivel-estudiando-el-grado-en-fisioterapia-internacional\\\/#article\",\"isPartOf\":{\"@id\":\"https:\\\/\\\/barcelona.euses.cat\\\/es\\\/conoce-las-nuevas-tic-aplicadas-a-la-salud-de-la-mano-de-un-profesorado-de-primer-nivel-estudiando-el-grado-en-fisioterapia-internacional\\\/\"},\"author\":{\"name\":\"neorg\",\"@id\":\"https:\\\/\\\/barcelona.euses.cat\\\/ca\\\/#\\\/schema\\\/person\\\/c3074ca9d956eacf02e41e2ff78e53ab\"},\"headline\":\"Conoce las nuevas TIC aplicadas a la salud de la mano de un profesorado de primer nivel, estudiando el Grado en Fisioterapia Internacional\",\"datePublished\":\"2017-01-22T23:00:00+00:00\",\"dateModified\":\"2019-06-03T10:44:19+00:00\",\"mainEntityOfPage\":{\"@id\":\"https:\\\/\\\/barcelona.euses.cat\\\/es\\\/conoce-las-nuevas-tic-aplicadas-a-la-salud-de-la-mano-de-un-profesorado-de-primer-nivel-estudiando-el-grado-en-fisioterapia-internacional\\\/\"},\"wordCount\":1036,\"image\":{\"@id\":\"https:\\\/\\\/barcelona.euses.cat\\\/es\\\/conoce-las-nuevas-tic-aplicadas-a-la-salud-de-la-mano-de-un-profesorado-de-primer-nivel-estudiando-el-grado-en-fisioterapia-internacional\\\/#primaryimage\"},\"thumbnailUrl\":\"https:\\\/\\\/barcelona.euses.cat\\\/wp-content\\\/uploads\\\/2018\\\/02\\\/Coneix-les-noves-TIC-aplicades-a-la-salut-de-la-m\u00e0-d\u2019un-professorat-de-primer-nivell-estudiant-el-Grau-en-Fisioter\u00e0pia-Internacional.png\",\"articleSection\":[\"Sin categorizar\"],\"inLanguage\":\"es\"},{\"@type\":\"WebPage\",\"@id\":\"https:\\\/\\\/barcelona.euses.cat\\\/es\\\/conoce-las-nuevas-tic-aplicadas-a-la-salud-de-la-mano-de-un-profesorado-de-primer-nivel-estudiando-el-grado-en-fisioterapia-internacional\\\/\",\"url\":\"https:\\\/\\\/barcelona.euses.cat\\\/es\\\/conoce-las-nuevas-tic-aplicadas-a-la-salud-de-la-mano-de-un-profesorado-de-primer-nivel-estudiando-el-grado-en-fisioterapia-internacional\\\/\",\"name\":\"Conoce las nuevas TIC aplicadas a la salud de la mano de un profesorado de primer nivel, estudiando el Grado en Fisioterapia Internacional | EUSES - Campus de Bellvitge (Barcelona)\",\"isPartOf\":{\"@id\":\"https:\\\/\\\/barcelona.euses.cat\\\/ca\\\/#website\"},\"primaryImageOfPage\":{\"@id\":\"https:\\\/\\\/barcelona.euses.cat\\\/es\\\/conoce-las-nuevas-tic-aplicadas-a-la-salud-de-la-mano-de-un-profesorado-de-primer-nivel-estudiando-el-grado-en-fisioterapia-internacional\\\/#primaryimage\"},\"image\":{\"@id\":\"https:\\\/\\\/barcelona.euses.cat\\\/es\\\/conoce-las-nuevas-tic-aplicadas-a-la-salud-de-la-mano-de-un-profesorado-de-primer-nivel-estudiando-el-grado-en-fisioterapia-internacional\\\/#primaryimage\"},\"thumbnailUrl\":\"https:\\\/\\\/barcelona.euses.cat\\\/wp-content\\\/uploads\\\/2018\\\/02\\\/Coneix-les-noves-TIC-aplicades-a-la-salut-de-la-m\u00e0-d\u2019un-professorat-de-primer-nivell-estudiant-el-Grau-en-Fisioter\u00e0pia-Internacional.png\",\"datePublished\":\"2017-01-22T23:00:00+00:00\",\"dateModified\":\"2019-06-03T10:44:19+00:00\",\"author\":{\"@id\":\"https:\\\/\\\/barcelona.euses.cat\\\/ca\\\/#\\\/schema\\\/person\\\/c3074ca9d956eacf02e41e2ff78e53ab\"},\"breadcrumb\":{\"@id\":\"https:\\\/\\\/barcelona.euses.cat\\\/es\\\/conoce-las-nuevas-tic-aplicadas-a-la-salud-de-la-mano-de-un-profesorado-de-primer-nivel-estudiando-el-grado-en-fisioterapia-internacional\\\/#breadcrumb\"},\"inLanguage\":\"es\",\"potentialAction\":[{\"@type\":\"ReadAction\",\"target\":[\"https:\\\/\\\/barcelona.euses.cat\\\/es\\\/conoce-las-nuevas-tic-aplicadas-a-la-salud-de-la-mano-de-un-profesorado-de-primer-nivel-estudiando-el-grado-en-fisioterapia-internacional\\\/\"]}]},{\"@type\":\"ImageObject\",\"inLanguage\":\"es\",\"@id\":\"https:\\\/\\\/barcelona.euses.cat\\\/es\\\/conoce-las-nuevas-tic-aplicadas-a-la-salud-de-la-mano-de-un-profesorado-de-primer-nivel-estudiando-el-grado-en-fisioterapia-internacional\\\/#primaryimage\",\"url\":\"https:\\\/\\\/barcelona.euses.cat\\\/wp-content\\\/uploads\\\/2018\\\/02\\\/Coneix-les-noves-TIC-aplicades-a-la-salut-de-la-m\u00e0-d\u2019un-professorat-de-primer-nivell-estudiant-el-Grau-en-Fisioter\u00e0pia-Internacional.png\",\"contentUrl\":\"https:\\\/\\\/barcelona.euses.cat\\\/wp-content\\\/uploads\\\/2018\\\/02\\\/Coneix-les-noves-TIC-aplicades-a-la-salut-de-la-m\u00e0-d\u2019un-professorat-de-primer-nivell-estudiant-el-Grau-en-Fisioter\u00e0pia-Internacional.png\",\"width\":1000,\"height\":804},{\"@type\":\"BreadcrumbList\",\"@id\":\"https:\\\/\\\/barcelona.euses.cat\\\/es\\\/conoce-las-nuevas-tic-aplicadas-a-la-salud-de-la-mano-de-un-profesorado-de-primer-nivel-estudiando-el-grado-en-fisioterapia-internacional\\\/#breadcrumb\",\"itemListElement\":[{\"@type\":\"ListItem\",\"position\":1,\"name\":\"Portada\",\"item\":\"https:\\\/\\\/barcelona.euses.cat\\\/es\\\/\"},{\"@type\":\"ListItem\",\"position\":2,\"name\":\"Conoce las nuevas TIC aplicadas a la salud de la mano de un profesorado de primer nivel, estudiando el Grado en Fisioterapia Internacional\"}]},{\"@type\":\"WebSite\",\"@id\":\"https:\\\/\\\/barcelona.euses.cat\\\/ca\\\/#website\",\"url\":\"https:\\\/\\\/barcelona.euses.cat\\\/ca\\\/\",\"name\":\"EUSES - Campus de Bellvitge (Barcelona)\",\"description\":\"EUSES, Escuela Universitaria de Fisioterapia Internacional en Barcelona\",\"potentialAction\":[{\"@type\":\"SearchAction\",\"target\":{\"@type\":\"EntryPoint\",\"urlTemplate\":\"https:\\\/\\\/barcelona.euses.cat\\\/ca\\\/?s={search_term_string}\"},\"query-input\":{\"@type\":\"PropertyValueSpecification\",\"valueRequired\":true,\"valueName\":\"search_term_string\"}}],\"inLanguage\":\"es\"},{\"@type\":\"Person\",\"@id\":\"https:\\\/\\\/barcelona.euses.cat\\\/ca\\\/#\\\/schema\\\/person\\\/c3074ca9d956eacf02e41e2ff78e53ab\",\"name\":\"neorg\",\"image\":{\"@type\":\"ImageObject\",\"inLanguage\":\"es\",\"@id\":\"https:\\\/\\\/secure.gravatar.com\\\/avatar\\\/709d3d8015183afa7401c02e2291a538cbfd4ffe62f4d86ce5f4871f22e86b09?s=96&d=mm&r=g\",\"url\":\"https:\\\/\\\/secure.gravatar.com\\\/avatar\\\/709d3d8015183afa7401c02e2291a538cbfd4ffe62f4d86ce5f4871f22e86b09?s=96&d=mm&r=g\",\"contentUrl\":\"https:\\\/\\\/secure.gravatar.com\\\/avatar\\\/709d3d8015183afa7401c02e2291a538cbfd4ffe62f4d86ce5f4871f22e86b09?s=96&d=mm&r=g\",\"caption\":\"neorg\"},\"url\":\"https:\\\/\\\/barcelona.euses.cat\\\/es\\\/author\\\/neorg\\\/\"}]}<\/script>\n<!-- \/ Yoast SEO plugin. -->","yoast_head_json":{"title":"Conoce las nuevas TIC aplicadas a la salud de la mano de un profesorado de primer nivel, estudiando el Grado en Fisioterapia Internacional | EUSES - Campus de Bellvitge (Barcelona)","robots":{"index":"index","follow":"follow","max-snippet":"max-snippet:-1","max-image-preview":"max-image-preview:large","max-video-preview":"max-video-preview:-1"},"canonical":"https:\/\/barcelona.euses.cat\/es\/conoce-las-nuevas-tic-aplicadas-a-la-salud-de-la-mano-de-un-profesorado-de-primer-nivel-estudiando-el-grado-en-fisioterapia-internacional\/","og_locale":"es_ES","og_type":"article","og_title":"Conoce las nuevas TIC aplicadas a la salud de la mano de un profesorado de primer nivel, estudiando el Grado en Fisioterapia Internacional | EUSES - Campus de Bellvitge (Barcelona)","og_description":"Durante el Grado en Fisioterapia Internacional de la Escuela de Nuevas Tecnolog\u00edas Interactivas (ENTI-UB) y de la Escuela Universitaria de la Salud y el Deporte (EUSES-UdG) aprender\u00e1s a aplicar las nuevas tecnolog\u00edas en el \u00e1mbito de la salud y conocer\u00e1s las diferentes vertientes de la fisioterapia, desde la valoraci\u00f3n, el diagn\u00f3stico, el dise\u00f1o y el [&hellip;]","og_url":"https:\/\/barcelona.euses.cat\/es\/conoce-las-nuevas-tic-aplicadas-a-la-salud-de-la-mano-de-un-profesorado-de-primer-nivel-estudiando-el-grado-en-fisioterapia-internacional\/","og_site_name":"EUSES - Campus de Bellvitge (Barcelona)","article_publisher":"https:\/\/www.facebook.com\/PhysioBCN\/","article_published_time":"2017-01-22T23:00:00+00:00","article_modified_time":"2019-06-03T10:44:19+00:00","og_image":[{"width":1000,"height":804,"url":"https:\/\/barcelona.euses.cat\/wp-content\/uploads\/2018\/02\/Coneix-les-noves-TIC-aplicades-a-la-salut-de-la-m\u00e0-d\u2019un-professorat-de-primer-nivell-estudiant-el-Grau-en-Fisioter\u00e0pia-Internacional.png","type":"image\/png"}],"author":"neorg","twitter_card":"summary_large_image","twitter_misc":{"Escrito por":"neorg","Tiempo de lectura":"5 minutos"},"schema":{"@context":"https:\/\/schema.org","@graph":[{"@type":"Article","@id":"https:\/\/barcelona.euses.cat\/es\/conoce-las-nuevas-tic-aplicadas-a-la-salud-de-la-mano-de-un-profesorado-de-primer-nivel-estudiando-el-grado-en-fisioterapia-internacional\/#article","isPartOf":{"@id":"https:\/\/barcelona.euses.cat\/es\/conoce-las-nuevas-tic-aplicadas-a-la-salud-de-la-mano-de-un-profesorado-de-primer-nivel-estudiando-el-grado-en-fisioterapia-internacional\/"},"author":{"name":"neorg","@id":"https:\/\/barcelona.euses.cat\/ca\/#\/schema\/person\/c3074ca9d956eacf02e41e2ff78e53ab"},"headline":"Conoce las nuevas TIC aplicadas a la salud de la mano de un profesorado de primer nivel, estudiando el Grado en Fisioterapia Internacional","datePublished":"2017-01-22T23:00:00+00:00","dateModified":"2019-06-03T10:44:19+00:00","mainEntityOfPage":{"@id":"https:\/\/barcelona.euses.cat\/es\/conoce-las-nuevas-tic-aplicadas-a-la-salud-de-la-mano-de-un-profesorado-de-primer-nivel-estudiando-el-grado-en-fisioterapia-internacional\/"},"wordCount":1036,"image":{"@id":"https:\/\/barcelona.euses.cat\/es\/conoce-las-nuevas-tic-aplicadas-a-la-salud-de-la-mano-de-un-profesorado-de-primer-nivel-estudiando-el-grado-en-fisioterapia-internacional\/#primaryimage"},"thumbnailUrl":"https:\/\/barcelona.euses.cat\/wp-content\/uploads\/2018\/02\/Coneix-les-noves-TIC-aplicades-a-la-salut-de-la-m\u00e0-d\u2019un-professorat-de-primer-nivell-estudiant-el-Grau-en-Fisioter\u00e0pia-Internacional.png","articleSection":["Sin categorizar"],"inLanguage":"es"},{"@type":"WebPage","@id":"https:\/\/barcelona.euses.cat\/es\/conoce-las-nuevas-tic-aplicadas-a-la-salud-de-la-mano-de-un-profesorado-de-primer-nivel-estudiando-el-grado-en-fisioterapia-internacional\/","url":"https:\/\/barcelona.euses.cat\/es\/conoce-las-nuevas-tic-aplicadas-a-la-salud-de-la-mano-de-un-profesorado-de-primer-nivel-estudiando-el-grado-en-fisioterapia-internacional\/","name":"Conoce las nuevas TIC aplicadas a la salud de la mano de un profesorado de primer nivel, estudiando el Grado en Fisioterapia Internacional | EUSES - Campus de Bellvitge (Barcelona)","isPartOf":{"@id":"https:\/\/barcelona.euses.cat\/ca\/#website"},"primaryImageOfPage":{"@id":"https:\/\/barcelona.euses.cat\/es\/conoce-las-nuevas-tic-aplicadas-a-la-salud-de-la-mano-de-un-profesorado-de-primer-nivel-estudiando-el-grado-en-fisioterapia-internacional\/#primaryimage"},"image":{"@id":"https:\/\/barcelona.euses.cat\/es\/conoce-las-nuevas-tic-aplicadas-a-la-salud-de-la-mano-de-un-profesorado-de-primer-nivel-estudiando-el-grado-en-fisioterapia-internacional\/#primaryimage"},"thumbnailUrl":"https:\/\/barcelona.euses.cat\/wp-content\/uploads\/2018\/02\/Coneix-les-noves-TIC-aplicades-a-la-salut-de-la-m\u00e0-d\u2019un-professorat-de-primer-nivell-estudiant-el-Grau-en-Fisioter\u00e0pia-Internacional.png","datePublished":"2017-01-22T23:00:00+00:00","dateModified":"2019-06-03T10:44:19+00:00","author":{"@id":"https:\/\/barcelona.euses.cat\/ca\/#\/schema\/person\/c3074ca9d956eacf02e41e2ff78e53ab"},"breadcrumb":{"@id":"https:\/\/barcelona.euses.cat\/es\/conoce-las-nuevas-tic-aplicadas-a-la-salud-de-la-mano-de-un-profesorado-de-primer-nivel-estudiando-el-grado-en-fisioterapia-internacional\/#breadcrumb"},"inLanguage":"es","potentialAction":[{"@type":"ReadAction","target":["https:\/\/barcelona.euses.cat\/es\/conoce-las-nuevas-tic-aplicadas-a-la-salud-de-la-mano-de-un-profesorado-de-primer-nivel-estudiando-el-grado-en-fisioterapia-internacional\/"]}]},{"@type":"ImageObject","inLanguage":"es","@id":"https:\/\/barcelona.euses.cat\/es\/conoce-las-nuevas-tic-aplicadas-a-la-salud-de-la-mano-de-un-profesorado-de-primer-nivel-estudiando-el-grado-en-fisioterapia-internacional\/#primaryimage","url":"https:\/\/barcelona.euses.cat\/wp-content\/uploads\/2018\/02\/Coneix-les-noves-TIC-aplicades-a-la-salut-de-la-m\u00e0-d\u2019un-professorat-de-primer-nivell-estudiant-el-Grau-en-Fisioter\u00e0pia-Internacional.png","contentUrl":"https:\/\/barcelona.euses.cat\/wp-content\/uploads\/2018\/02\/Coneix-les-noves-TIC-aplicades-a-la-salut-de-la-m\u00e0-d\u2019un-professorat-de-primer-nivell-estudiant-el-Grau-en-Fisioter\u00e0pia-Internacional.png","width":1000,"height":804},{"@type":"BreadcrumbList","@id":"https:\/\/barcelona.euses.cat\/es\/conoce-las-nuevas-tic-aplicadas-a-la-salud-de-la-mano-de-un-profesorado-de-primer-nivel-estudiando-el-grado-en-fisioterapia-internacional\/#breadcrumb","itemListElement":[{"@type":"ListItem","position":1,"name":"Portada","item":"https:\/\/barcelona.euses.cat\/es\/"},{"@type":"ListItem","position":2,"name":"Conoce las nuevas TIC aplicadas a la salud de la mano de un profesorado de primer nivel, estudiando el Grado en Fisioterapia Internacional"}]},{"@type":"WebSite","@id":"https:\/\/barcelona.euses.cat\/ca\/#website","url":"https:\/\/barcelona.euses.cat\/ca\/","name":"EUSES - Campus de Bellvitge (Barcelona)","description":"EUSES, Escuela Universitaria de Fisioterapia Internacional en Barcelona","potentialAction":[{"@type":"SearchAction","target":{"@type":"EntryPoint","urlTemplate":"https:\/\/barcelona.euses.cat\/ca\/?s={search_term_string}"},"query-input":{"@type":"PropertyValueSpecification","valueRequired":true,"valueName":"search_term_string"}}],"inLanguage":"es"},{"@type":"Person","@id":"https:\/\/barcelona.euses.cat\/ca\/#\/schema\/person\/c3074ca9d956eacf02e41e2ff78e53ab","name":"neorg","image":{"@type":"ImageObject","inLanguage":"es","@id":"https:\/\/secure.gravatar.com\/avatar\/709d3d8015183afa7401c02e2291a538cbfd4ffe62f4d86ce5f4871f22e86b09?s=96&d=mm&r=g","url":"https:\/\/secure.gravatar.com\/avatar\/709d3d8015183afa7401c02e2291a538cbfd4ffe62f4d86ce5f4871f22e86b09?s=96&d=mm&r=g","contentUrl":"https:\/\/secure.gravatar.com\/avatar\/709d3d8015183afa7401c02e2291a538cbfd4ffe62f4d86ce5f4871f22e86b09?s=96&d=mm&r=g","caption":"neorg"},"url":"https:\/\/barcelona.euses.cat\/es\/author\/neorg\/"}]}},"_links":{"self":[{"href":"https:\/\/barcelona.euses.cat\/es\/wp-json\/wp\/v2\/posts\/2247","targetHints":{"allow":["GET"]}}],"collection":[{"href":"https:\/\/barcelona.euses.cat\/es\/wp-json\/wp\/v2\/posts"}],"about":[{"href":"https:\/\/barcelona.euses.cat\/es\/wp-json\/wp\/v2\/types\/post"}],"author":[{"embeddable":true,"href":"https:\/\/barcelona.euses.cat\/es\/wp-json\/wp\/v2\/users\/1"}],"replies":[{"embeddable":true,"href":"https:\/\/barcelona.euses.cat\/es\/wp-json\/wp\/v2\/comments?post=2247"}],"version-history":[{"count":1,"href":"https:\/\/barcelona.euses.cat\/es\/wp-json\/wp\/v2\/posts\/2247\/revisions"}],"predecessor-version":[{"id":6852,"href":"https:\/\/barcelona.euses.cat\/es\/wp-json\/wp\/v2\/posts\/2247\/revisions\/6852"}],"wp:featuredmedia":[{"embeddable":true,"href":"https:\/\/barcelona.euses.cat\/es\/wp-json\/wp\/v2\/media\/1772"}],"wp:attachment":[{"href":"https:\/\/barcelona.euses.cat\/es\/wp-json\/wp\/v2\/media?parent=2247"}],"wp:term":[{"taxonomy":"category","embeddable":true,"href":"https:\/\/barcelona.euses.cat\/es\/wp-json\/wp\/v2\/categories?post=2247"},{"taxonomy":"post_tag","embeddable":true,"href":"https:\/\/barcelona.euses.cat\/es\/wp-json\/wp\/v2\/tags?post=2247"}],"curies":[{"name":"wp","href":"https:\/\/api.w.org\/{rel}","templated":true}]}}