{"id":2221,"date":"2016-12-12T00:00:00","date_gmt":"2016-12-11T23:00:00","guid":{"rendered":"http:\/\/physiotherapybarcelona.net\/jornada-de-puertas-abiertas-del-grado-en-fisioterapia-internacional-de-euses-udg-y-enti-ub-en-el-campus-de-barcelona-el-25-de-febrero-y-el-13-de-mayo\/"},"modified":"2019-06-03T12:52:35","modified_gmt":"2019-06-03T10:52:35","slug":"jornada-de-puertas-abiertas-del-grado-en-fisioterapia-internacional-de-euses-udg-y-enti-ub-en-el-campus-de-barcelona-el-25-de-febrero-y-el-13-de-mayo","status":"publish","type":"post","link":"https:\/\/barcelona.euses.cat\/es\/jornada-de-puertas-abiertas-del-grado-en-fisioterapia-internacional-de-euses-udg-y-enti-ub-en-el-campus-de-barcelona-el-25-de-febrero-y-el-13-de-mayo\/","title":{"rendered":"Jornada de Puertas Abiertas del Grado en Fisioterapia Internacional de EUSES-UdG y ENTI-UB en el Campus de Barcelona, el 25 de febrero y el 13 de mayo"},"content":{"rendered":"<p style=\"text-align: justify;\">Ya tenemos las fechas de las pr\u00f3ximas <strong>Jornadas de Puertas Abiertas<\/strong> del <strong><a href=\"https:\/\/goo.gl\/Zdnp81\" target=\"_blank\" rel=\"noopener noreferrer\">Grado en Fisioterapia Internacional<\/a> <\/strong>de la<strong> Escuela Universitaria de la Salud y el Deporte (EUSES-UdG)<\/strong> y de la<strong> Escuela de Nuevas Tecnolog\u00edas Interactivas (ENTI-UB) <\/strong>ser\u00e1n: los s\u00e1bados <strong>25 de febrero<\/strong> y <strong>13 de mayo<\/strong>. Durante estos dos d\u00edas, el <strong>Campus de la Salud<\/strong> de la <strong>Universidad de Barcelona (UB)<\/strong> volver\u00e1 a abrir sus puertas, para que los estudiantes interesados en realizar este <strong>Grado<\/strong> universitario, el pr\u00f3ximo <strong>curso acad\u00e9mico 2017-2018<\/strong>, puedan informarse de todos los detalles.<\/p>\n<p style=\"text-align: justify;\">Durante las jornadas, tendr\u00e1 lugar una <strong>sesi\u00f3n informativa<\/strong>, en la cual, los futuros estudiantes recibir\u00e1n toda clase de informaci\u00f3n sobre el <strong>plan de estudios<\/strong>, las <strong>salidas profesionales<\/strong>, el proceso de <strong>inscripciones<\/strong> y <strong>matr\u00edculas<\/strong>, entre otros muchos aspectos. Sin duda, estudiar el <strong>Grado en Fisioterapia Internacional<\/strong> te permitir\u00e1 obtener una <strong>formaci\u00f3n din\u00e1mica<\/strong> y de <strong>calidad<\/strong>, orientada al aprendizaje de los diferentes aspectos de la <strong>fisioterapia<\/strong>. Pero adem\u00e1s, esta titulaci\u00f3n cuenta con toda una serie de importantes <strong>ventajas<\/strong>:<\/p>\n<p style=\"text-align: justify;\"><strong>Una titulaci\u00f3n \u00edntegramente en ingl\u00e9s<\/strong>. Un <strong>idioma<\/strong>, el dominio del cual, es imprescindible en la sociedad actual, convirti\u00e9ndose en una competencia b\u00e1sica para el conocimiento de la producci\u00f3n cient\u00edfica y la adquisici\u00f3n de un <strong>\u00f3ptimo nivel profesional<\/strong>.<\/p>\n<p style=\"text-align: justify;\"><strong>La aplicaci\u00f3n de las nuevas tecnolog\u00edas al campo de la fisioterapia<\/strong>. Obtendr\u00e1s una <strong>formaci\u00f3n<\/strong> <strong>universitaria<\/strong> pionera en <strong>nuevas tecnolog\u00edas<\/strong>. Aprender\u00e1s a desarrollar herramientas de valoraci\u00f3n desde la fisioterapia; aplicar nuevos avances tecnol\u00f3gicos en este \u00e1mbito; e incluso, ser\u00e1s capaz de crear <strong>nuevas aplicaciones tecnol\u00f3gicas<\/strong> c\u00f3mo: <strong>apps m\u00f3viles, software<\/strong> o modelado tridimensional aplicado a este campo.<\/p>\n<p style=\"text-align: justify;\"><strong>Un excelente equipo docente<\/strong>. Tendr\u00e1s a tu disposici\u00f3n un <strong>profesorado<\/strong> altamente <strong>cualificado<\/strong> en el \u00e1mbito de la docencia, procedente de prestigiosas <strong>universidades internacionales<\/strong>, especializado en su campo y con el doble <strong>perfil de acad\u00e9mico-investigador<\/strong> y de <strong>profesional<\/strong> <strong>en<\/strong> <strong>activo<\/strong>.<\/p>\n<p style=\"text-align: justify;\"><strong>Acceso a m\u00faltiples programas de intercambio internacional<\/strong>. Tendr\u00e1s la posibilidad de <strong>estudiar<\/strong> en el <strong>extranjero<\/strong> y ampliar tu <strong>networking internacional<\/strong>, gracias a los programas <strong>ERASMUS<\/strong> con <strong>universidades<\/strong> de <strong>prestigio internacional<\/strong>. Adem\u00e1s, tambi\u00e9n se incentiva la posterior ampliaci\u00f3n y continuaci\u00f3n de estudios de <strong>posgrado<\/strong> en otros pa\u00edses.<\/p>\n<p style=\"text-align: justify;\"><strong>Pr\u00e1cticas en reconocidos centros del \u00e1mbito de la salud<\/strong>. Podr\u00e1s escoger realizar tus\u00a0 <strong>pr\u00e1cticas<\/strong> acad\u00e9micas en <strong>centros de referencia<\/strong> en los tratamientos de <strong>fisioterapia<\/strong> en las comarcas de <strong>Girona, Barcelona<\/strong>, <strong>Terres de l\u2019Ebre<\/strong> y el<strong> sur de Francia<\/strong>.<\/p>\n<p style=\"text-align: justify;\">Si quieres conocer en detalle el <strong>primer grado<\/strong> universitario \u00edntegramente en <strong>ingl\u00e9s<\/strong> que fusiona la <strong>fisioterapia<\/strong> y la <strong>tecnolog\u00eda<\/strong>, ven a las <strong>Jornadas de Puertas Abiertas<\/strong> del <strong><a href=\"https:\/\/goo.gl\/Zdnp81\" target=\"_blank\" rel=\"noopener noreferrer\">Grado en Fisioterapia Internacional de EUSES-UdG y ENTI-UB<\/a><\/strong>.<\/p>\n<p style=\"text-align: justify;\">Anota en la agenda las fechas de los s\u00e1bados <strong>25 de febrero<\/strong> y el <strong>13 de mayo<\/strong>. Pr\u00f3ximamente, te daremos m\u00e1s detalles.<\/p>\n","protected":false},"excerpt":{"rendered":"<p>Ya tenemos las fechas de las pr\u00f3ximas Jornadas de Puertas Abiertas del Grado en Fisioterapia Internacional de la Escuela Universitaria de la Salud y el Deporte (EUSES-UdG) y de la Escuela de Nuevas Tecnolog\u00edas Interactivas (ENTI-UB) ser\u00e1n: los s\u00e1bados 25 de febrero y 13 de mayo. Durante estos dos d\u00edas, el Campus de la Salud [&hellip;]<\/p>\n","protected":false},"author":1,"featured_media":2222,"comment_status":"closed","ping_status":"closed","sticky":false,"template":"","format":"standard","meta":{"_acf_changed":false,"inline_featured_image":false,"_joinchat":[],"footnotes":""},"categories":[1],"tags":[],"class_list":["post-2221","post","type-post","status-publish","format-standard","has-post-thumbnail","hentry","category-sin-categorizar"],"acf":[],"yoast_head":"<!-- This site is optimized with the Yoast SEO plugin v27.4 - https:\/\/yoast.com\/product\/yoast-seo-wordpress\/ -->\n<title>Jornada de Puertas Abiertas del Grado en Fisioterapia Internacional de EUSES-UdG y ENTI-UB en el Campus de Barcelona, el 25 de febrero y el 13 de mayo | EUSES - Campus de Bellvitge (Barcelona)<\/title>\n<meta name=\"robots\" content=\"index, follow, max-snippet:-1, max-image-preview:large, max-video-preview:-1\" \/>\n<link rel=\"canonical\" href=\"https:\/\/barcelona.euses.cat\/es\/jornada-de-puertas-abiertas-del-grado-en-fisioterapia-internacional-de-euses-udg-y-enti-ub-en-el-campus-de-barcelona-el-25-de-febrero-y-el-13-de-mayo\/\" \/>\n<meta property=\"og:locale\" content=\"es_ES\" \/>\n<meta property=\"og:type\" content=\"article\" \/>\n<meta property=\"og:title\" content=\"Jornada de Puertas Abiertas del Grado en Fisioterapia Internacional de EUSES-UdG y ENTI-UB en el Campus de Barcelona, el 25 de febrero y el 13 de mayo | EUSES - Campus de Bellvitge (Barcelona)\" \/>\n<meta property=\"og:description\" content=\"Ya tenemos las fechas de las pr\u00f3ximas Jornadas de Puertas Abiertas del Grado en Fisioterapia Internacional de la Escuela Universitaria de la Salud y el Deporte (EUSES-UdG) y de la Escuela de Nuevas Tecnolog\u00edas Interactivas (ENTI-UB) ser\u00e1n: los s\u00e1bados 25 de febrero y 13 de mayo. Durante estos dos d\u00edas, el Campus de la Salud [&hellip;]\" \/>\n<meta property=\"og:url\" content=\"https:\/\/barcelona.euses.cat\/es\/jornada-de-puertas-abiertas-del-grado-en-fisioterapia-internacional-de-euses-udg-y-enti-ub-en-el-campus-de-barcelona-el-25-de-febrero-y-el-13-de-mayo\/\" \/>\n<meta property=\"og:site_name\" content=\"EUSES - Campus de Bellvitge (Barcelona)\" \/>\n<meta property=\"article:publisher\" content=\"https:\/\/www.facebook.com\/PhysioBCN\/\" \/>\n<meta property=\"article:published_time\" content=\"2016-12-11T23:00:00+00:00\" \/>\n<meta property=\"article:modified_time\" content=\"2019-06-03T10:52:35+00:00\" \/>\n<meta property=\"og:image\" content=\"https:\/\/barcelona.euses.cat\/wp-content\/uploads\/2018\/02\/Noti-Web-07-1024x773.png\" \/>\n\t<meta property=\"og:image:width\" content=\"1024\" \/>\n\t<meta property=\"og:image:height\" content=\"773\" \/>\n\t<meta property=\"og:image:type\" content=\"image\/png\" \/>\n<meta name=\"author\" content=\"neorg\" \/>\n<meta name=\"twitter:card\" content=\"summary_large_image\" \/>\n<meta name=\"twitter:label1\" content=\"Escrito por\" \/>\n\t<meta name=\"twitter:data1\" content=\"neorg\" \/>\n\t<meta name=\"twitter:label2\" content=\"Tiempo de lectura\" \/>\n\t<meta name=\"twitter:data2\" content=\"2 minutos\" \/>\n<script type=\"application\/ld+json\" class=\"yoast-schema-graph\">{\"@context\":\"https:\\\/\\\/schema.org\",\"@graph\":[{\"@type\":\"Article\",\"@id\":\"https:\\\/\\\/barcelona.euses.cat\\\/es\\\/jornada-de-puertas-abiertas-del-grado-en-fisioterapia-internacional-de-euses-udg-y-enti-ub-en-el-campus-de-barcelona-el-25-de-febrero-y-el-13-de-mayo\\\/#article\",\"isPartOf\":{\"@id\":\"https:\\\/\\\/barcelona.euses.cat\\\/es\\\/jornada-de-puertas-abiertas-del-grado-en-fisioterapia-internacional-de-euses-udg-y-enti-ub-en-el-campus-de-barcelona-el-25-de-febrero-y-el-13-de-mayo\\\/\"},\"author\":{\"name\":\"neorg\",\"@id\":\"https:\\\/\\\/barcelona.euses.cat\\\/ca\\\/#\\\/schema\\\/person\\\/c3074ca9d956eacf02e41e2ff78e53ab\"},\"headline\":\"Jornada de Puertas Abiertas del Grado en Fisioterapia Internacional de EUSES-UdG y ENTI-UB en el Campus de Barcelona, el 25 de febrero y el 13 de mayo\",\"datePublished\":\"2016-12-11T23:00:00+00:00\",\"dateModified\":\"2019-06-03T10:52:35+00:00\",\"mainEntityOfPage\":{\"@id\":\"https:\\\/\\\/barcelona.euses.cat\\\/es\\\/jornada-de-puertas-abiertas-del-grado-en-fisioterapia-internacional-de-euses-udg-y-enti-ub-en-el-campus-de-barcelona-el-25-de-febrero-y-el-13-de-mayo\\\/\"},\"wordCount\":510,\"image\":{\"@id\":\"https:\\\/\\\/barcelona.euses.cat\\\/es\\\/jornada-de-puertas-abiertas-del-grado-en-fisioterapia-internacional-de-euses-udg-y-enti-ub-en-el-campus-de-barcelona-el-25-de-febrero-y-el-13-de-mayo\\\/#primaryimage\"},\"thumbnailUrl\":\"https:\\\/\\\/barcelona.euses.cat\\\/wp-content\\\/uploads\\\/2018\\\/02\\\/Noti-Web-07.png\",\"articleSection\":[\"Sin categorizar\"],\"inLanguage\":\"es\"},{\"@type\":\"WebPage\",\"@id\":\"https:\\\/\\\/barcelona.euses.cat\\\/es\\\/jornada-de-puertas-abiertas-del-grado-en-fisioterapia-internacional-de-euses-udg-y-enti-ub-en-el-campus-de-barcelona-el-25-de-febrero-y-el-13-de-mayo\\\/\",\"url\":\"https:\\\/\\\/barcelona.euses.cat\\\/es\\\/jornada-de-puertas-abiertas-del-grado-en-fisioterapia-internacional-de-euses-udg-y-enti-ub-en-el-campus-de-barcelona-el-25-de-febrero-y-el-13-de-mayo\\\/\",\"name\":\"Jornada de Puertas Abiertas del Grado en Fisioterapia Internacional de EUSES-UdG y ENTI-UB en el Campus de Barcelona, el 25 de febrero y el 13 de mayo | EUSES - Campus de Bellvitge (Barcelona)\",\"isPartOf\":{\"@id\":\"https:\\\/\\\/barcelona.euses.cat\\\/ca\\\/#website\"},\"primaryImageOfPage\":{\"@id\":\"https:\\\/\\\/barcelona.euses.cat\\\/es\\\/jornada-de-puertas-abiertas-del-grado-en-fisioterapia-internacional-de-euses-udg-y-enti-ub-en-el-campus-de-barcelona-el-25-de-febrero-y-el-13-de-mayo\\\/#primaryimage\"},\"image\":{\"@id\":\"https:\\\/\\\/barcelona.euses.cat\\\/es\\\/jornada-de-puertas-abiertas-del-grado-en-fisioterapia-internacional-de-euses-udg-y-enti-ub-en-el-campus-de-barcelona-el-25-de-febrero-y-el-13-de-mayo\\\/#primaryimage\"},\"thumbnailUrl\":\"https:\\\/\\\/barcelona.euses.cat\\\/wp-content\\\/uploads\\\/2018\\\/02\\\/Noti-Web-07.png\",\"datePublished\":\"2016-12-11T23:00:00+00:00\",\"dateModified\":\"2019-06-03T10:52:35+00:00\",\"author\":{\"@id\":\"https:\\\/\\\/barcelona.euses.cat\\\/ca\\\/#\\\/schema\\\/person\\\/c3074ca9d956eacf02e41e2ff78e53ab\"},\"breadcrumb\":{\"@id\":\"https:\\\/\\\/barcelona.euses.cat\\\/es\\\/jornada-de-puertas-abiertas-del-grado-en-fisioterapia-internacional-de-euses-udg-y-enti-ub-en-el-campus-de-barcelona-el-25-de-febrero-y-el-13-de-mayo\\\/#breadcrumb\"},\"inLanguage\":\"es\",\"potentialAction\":[{\"@type\":\"ReadAction\",\"target\":[\"https:\\\/\\\/barcelona.euses.cat\\\/es\\\/jornada-de-puertas-abiertas-del-grado-en-fisioterapia-internacional-de-euses-udg-y-enti-ub-en-el-campus-de-barcelona-el-25-de-febrero-y-el-13-de-mayo\\\/\"]}]},{\"@type\":\"ImageObject\",\"inLanguage\":\"es\",\"@id\":\"https:\\\/\\\/barcelona.euses.cat\\\/es\\\/jornada-de-puertas-abiertas-del-grado-en-fisioterapia-internacional-de-euses-udg-y-enti-ub-en-el-campus-de-barcelona-el-25-de-febrero-y-el-13-de-mayo\\\/#primaryimage\",\"url\":\"https:\\\/\\\/barcelona.euses.cat\\\/wp-content\\\/uploads\\\/2018\\\/02\\\/Noti-Web-07.png\",\"contentUrl\":\"https:\\\/\\\/barcelona.euses.cat\\\/wp-content\\\/uploads\\\/2018\\\/02\\\/Noti-Web-07.png\",\"width\":1910,\"height\":1442},{\"@type\":\"BreadcrumbList\",\"@id\":\"https:\\\/\\\/barcelona.euses.cat\\\/es\\\/jornada-de-puertas-abiertas-del-grado-en-fisioterapia-internacional-de-euses-udg-y-enti-ub-en-el-campus-de-barcelona-el-25-de-febrero-y-el-13-de-mayo\\\/#breadcrumb\",\"itemListElement\":[{\"@type\":\"ListItem\",\"position\":1,\"name\":\"Portada\",\"item\":\"https:\\\/\\\/barcelona.euses.cat\\\/es\\\/\"},{\"@type\":\"ListItem\",\"position\":2,\"name\":\"Jornada de Puertas Abiertas del Grado en Fisioterapia Internacional de EUSES-UdG y ENTI-UB en el Campus de Barcelona, el 25 de febrero y el 13 de mayo\"}]},{\"@type\":\"WebSite\",\"@id\":\"https:\\\/\\\/barcelona.euses.cat\\\/ca\\\/#website\",\"url\":\"https:\\\/\\\/barcelona.euses.cat\\\/ca\\\/\",\"name\":\"EUSES - Campus de Bellvitge (Barcelona)\",\"description\":\"EUSES, Escuela Universitaria de Fisioterapia Internacional en Barcelona\",\"potentialAction\":[{\"@type\":\"SearchAction\",\"target\":{\"@type\":\"EntryPoint\",\"urlTemplate\":\"https:\\\/\\\/barcelona.euses.cat\\\/ca\\\/?s={search_term_string}\"},\"query-input\":{\"@type\":\"PropertyValueSpecification\",\"valueRequired\":true,\"valueName\":\"search_term_string\"}}],\"inLanguage\":\"es\"},{\"@type\":\"Person\",\"@id\":\"https:\\\/\\\/barcelona.euses.cat\\\/ca\\\/#\\\/schema\\\/person\\\/c3074ca9d956eacf02e41e2ff78e53ab\",\"name\":\"neorg\",\"image\":{\"@type\":\"ImageObject\",\"inLanguage\":\"es\",\"@id\":\"https:\\\/\\\/secure.gravatar.com\\\/avatar\\\/709d3d8015183afa7401c02e2291a538cbfd4ffe62f4d86ce5f4871f22e86b09?s=96&d=mm&r=g\",\"url\":\"https:\\\/\\\/secure.gravatar.com\\\/avatar\\\/709d3d8015183afa7401c02e2291a538cbfd4ffe62f4d86ce5f4871f22e86b09?s=96&d=mm&r=g\",\"contentUrl\":\"https:\\\/\\\/secure.gravatar.com\\\/avatar\\\/709d3d8015183afa7401c02e2291a538cbfd4ffe62f4d86ce5f4871f22e86b09?s=96&d=mm&r=g\",\"caption\":\"neorg\"},\"url\":\"https:\\\/\\\/barcelona.euses.cat\\\/es\\\/author\\\/neorg\\\/\"}]}<\/script>\n<!-- \/ Yoast SEO plugin. -->","yoast_head_json":{"title":"Jornada de Puertas Abiertas del Grado en Fisioterapia Internacional de EUSES-UdG y ENTI-UB en el Campus de Barcelona, el 25 de febrero y el 13 de mayo | EUSES - Campus de Bellvitge (Barcelona)","robots":{"index":"index","follow":"follow","max-snippet":"max-snippet:-1","max-image-preview":"max-image-preview:large","max-video-preview":"max-video-preview:-1"},"canonical":"https:\/\/barcelona.euses.cat\/es\/jornada-de-puertas-abiertas-del-grado-en-fisioterapia-internacional-de-euses-udg-y-enti-ub-en-el-campus-de-barcelona-el-25-de-febrero-y-el-13-de-mayo\/","og_locale":"es_ES","og_type":"article","og_title":"Jornada de Puertas Abiertas del Grado en Fisioterapia Internacional de EUSES-UdG y ENTI-UB en el Campus de Barcelona, el 25 de febrero y el 13 de mayo | EUSES - Campus de Bellvitge (Barcelona)","og_description":"Ya tenemos las fechas de las pr\u00f3ximas Jornadas de Puertas Abiertas del Grado en Fisioterapia Internacional de la Escuela Universitaria de la Salud y el Deporte (EUSES-UdG) y de la Escuela de Nuevas Tecnolog\u00edas Interactivas (ENTI-UB) ser\u00e1n: los s\u00e1bados 25 de febrero y 13 de mayo. Durante estos dos d\u00edas, el Campus de la Salud [&hellip;]","og_url":"https:\/\/barcelona.euses.cat\/es\/jornada-de-puertas-abiertas-del-grado-en-fisioterapia-internacional-de-euses-udg-y-enti-ub-en-el-campus-de-barcelona-el-25-de-febrero-y-el-13-de-mayo\/","og_site_name":"EUSES - Campus de Bellvitge (Barcelona)","article_publisher":"https:\/\/www.facebook.com\/PhysioBCN\/","article_published_time":"2016-12-11T23:00:00+00:00","article_modified_time":"2019-06-03T10:52:35+00:00","og_image":[{"width":1024,"height":773,"url":"https:\/\/barcelona.euses.cat\/wp-content\/uploads\/2018\/02\/Noti-Web-07-1024x773.png","type":"image\/png"}],"author":"neorg","twitter_card":"summary_large_image","twitter_misc":{"Escrito por":"neorg","Tiempo de lectura":"2 minutos"},"schema":{"@context":"https:\/\/schema.org","@graph":[{"@type":"Article","@id":"https:\/\/barcelona.euses.cat\/es\/jornada-de-puertas-abiertas-del-grado-en-fisioterapia-internacional-de-euses-udg-y-enti-ub-en-el-campus-de-barcelona-el-25-de-febrero-y-el-13-de-mayo\/#article","isPartOf":{"@id":"https:\/\/barcelona.euses.cat\/es\/jornada-de-puertas-abiertas-del-grado-en-fisioterapia-internacional-de-euses-udg-y-enti-ub-en-el-campus-de-barcelona-el-25-de-febrero-y-el-13-de-mayo\/"},"author":{"name":"neorg","@id":"https:\/\/barcelona.euses.cat\/ca\/#\/schema\/person\/c3074ca9d956eacf02e41e2ff78e53ab"},"headline":"Jornada de Puertas Abiertas del Grado en Fisioterapia Internacional de EUSES-UdG y ENTI-UB en el Campus de Barcelona, el 25 de febrero y el 13 de mayo","datePublished":"2016-12-11T23:00:00+00:00","dateModified":"2019-06-03T10:52:35+00:00","mainEntityOfPage":{"@id":"https:\/\/barcelona.euses.cat\/es\/jornada-de-puertas-abiertas-del-grado-en-fisioterapia-internacional-de-euses-udg-y-enti-ub-en-el-campus-de-barcelona-el-25-de-febrero-y-el-13-de-mayo\/"},"wordCount":510,"image":{"@id":"https:\/\/barcelona.euses.cat\/es\/jornada-de-puertas-abiertas-del-grado-en-fisioterapia-internacional-de-euses-udg-y-enti-ub-en-el-campus-de-barcelona-el-25-de-febrero-y-el-13-de-mayo\/#primaryimage"},"thumbnailUrl":"https:\/\/barcelona.euses.cat\/wp-content\/uploads\/2018\/02\/Noti-Web-07.png","articleSection":["Sin categorizar"],"inLanguage":"es"},{"@type":"WebPage","@id":"https:\/\/barcelona.euses.cat\/es\/jornada-de-puertas-abiertas-del-grado-en-fisioterapia-internacional-de-euses-udg-y-enti-ub-en-el-campus-de-barcelona-el-25-de-febrero-y-el-13-de-mayo\/","url":"https:\/\/barcelona.euses.cat\/es\/jornada-de-puertas-abiertas-del-grado-en-fisioterapia-internacional-de-euses-udg-y-enti-ub-en-el-campus-de-barcelona-el-25-de-febrero-y-el-13-de-mayo\/","name":"Jornada de Puertas Abiertas del Grado en Fisioterapia Internacional de EUSES-UdG y ENTI-UB en el Campus de Barcelona, el 25 de febrero y el 13 de mayo | EUSES - Campus de Bellvitge (Barcelona)","isPartOf":{"@id":"https:\/\/barcelona.euses.cat\/ca\/#website"},"primaryImageOfPage":{"@id":"https:\/\/barcelona.euses.cat\/es\/jornada-de-puertas-abiertas-del-grado-en-fisioterapia-internacional-de-euses-udg-y-enti-ub-en-el-campus-de-barcelona-el-25-de-febrero-y-el-13-de-mayo\/#primaryimage"},"image":{"@id":"https:\/\/barcelona.euses.cat\/es\/jornada-de-puertas-abiertas-del-grado-en-fisioterapia-internacional-de-euses-udg-y-enti-ub-en-el-campus-de-barcelona-el-25-de-febrero-y-el-13-de-mayo\/#primaryimage"},"thumbnailUrl":"https:\/\/barcelona.euses.cat\/wp-content\/uploads\/2018\/02\/Noti-Web-07.png","datePublished":"2016-12-11T23:00:00+00:00","dateModified":"2019-06-03T10:52:35+00:00","author":{"@id":"https:\/\/barcelona.euses.cat\/ca\/#\/schema\/person\/c3074ca9d956eacf02e41e2ff78e53ab"},"breadcrumb":{"@id":"https:\/\/barcelona.euses.cat\/es\/jornada-de-puertas-abiertas-del-grado-en-fisioterapia-internacional-de-euses-udg-y-enti-ub-en-el-campus-de-barcelona-el-25-de-febrero-y-el-13-de-mayo\/#breadcrumb"},"inLanguage":"es","potentialAction":[{"@type":"ReadAction","target":["https:\/\/barcelona.euses.cat\/es\/jornada-de-puertas-abiertas-del-grado-en-fisioterapia-internacional-de-euses-udg-y-enti-ub-en-el-campus-de-barcelona-el-25-de-febrero-y-el-13-de-mayo\/"]}]},{"@type":"ImageObject","inLanguage":"es","@id":"https:\/\/barcelona.euses.cat\/es\/jornada-de-puertas-abiertas-del-grado-en-fisioterapia-internacional-de-euses-udg-y-enti-ub-en-el-campus-de-barcelona-el-25-de-febrero-y-el-13-de-mayo\/#primaryimage","url":"https:\/\/barcelona.euses.cat\/wp-content\/uploads\/2018\/02\/Noti-Web-07.png","contentUrl":"https:\/\/barcelona.euses.cat\/wp-content\/uploads\/2018\/02\/Noti-Web-07.png","width":1910,"height":1442},{"@type":"BreadcrumbList","@id":"https:\/\/barcelona.euses.cat\/es\/jornada-de-puertas-abiertas-del-grado-en-fisioterapia-internacional-de-euses-udg-y-enti-ub-en-el-campus-de-barcelona-el-25-de-febrero-y-el-13-de-mayo\/#breadcrumb","itemListElement":[{"@type":"ListItem","position":1,"name":"Portada","item":"https:\/\/barcelona.euses.cat\/es\/"},{"@type":"ListItem","position":2,"name":"Jornada de Puertas Abiertas del Grado en Fisioterapia Internacional de EUSES-UdG y ENTI-UB en el Campus de Barcelona, el 25 de febrero y el 13 de mayo"}]},{"@type":"WebSite","@id":"https:\/\/barcelona.euses.cat\/ca\/#website","url":"https:\/\/barcelona.euses.cat\/ca\/","name":"EUSES - Campus de Bellvitge (Barcelona)","description":"EUSES, Escuela Universitaria de Fisioterapia Internacional en Barcelona","potentialAction":[{"@type":"SearchAction","target":{"@type":"EntryPoint","urlTemplate":"https:\/\/barcelona.euses.cat\/ca\/?s={search_term_string}"},"query-input":{"@type":"PropertyValueSpecification","valueRequired":true,"valueName":"search_term_string"}}],"inLanguage":"es"},{"@type":"Person","@id":"https:\/\/barcelona.euses.cat\/ca\/#\/schema\/person\/c3074ca9d956eacf02e41e2ff78e53ab","name":"neorg","image":{"@type":"ImageObject","inLanguage":"es","@id":"https:\/\/secure.gravatar.com\/avatar\/709d3d8015183afa7401c02e2291a538cbfd4ffe62f4d86ce5f4871f22e86b09?s=96&d=mm&r=g","url":"https:\/\/secure.gravatar.com\/avatar\/709d3d8015183afa7401c02e2291a538cbfd4ffe62f4d86ce5f4871f22e86b09?s=96&d=mm&r=g","contentUrl":"https:\/\/secure.gravatar.com\/avatar\/709d3d8015183afa7401c02e2291a538cbfd4ffe62f4d86ce5f4871f22e86b09?s=96&d=mm&r=g","caption":"neorg"},"url":"https:\/\/barcelona.euses.cat\/es\/author\/neorg\/"}]}},"_links":{"self":[{"href":"https:\/\/barcelona.euses.cat\/es\/wp-json\/wp\/v2\/posts\/2221","targetHints":{"allow":["GET"]}}],"collection":[{"href":"https:\/\/barcelona.euses.cat\/es\/wp-json\/wp\/v2\/posts"}],"about":[{"href":"https:\/\/barcelona.euses.cat\/es\/wp-json\/wp\/v2\/types\/post"}],"author":[{"embeddable":true,"href":"https:\/\/barcelona.euses.cat\/es\/wp-json\/wp\/v2\/users\/1"}],"replies":[{"embeddable":true,"href":"https:\/\/barcelona.euses.cat\/es\/wp-json\/wp\/v2\/comments?post=2221"}],"version-history":[{"count":1,"href":"https:\/\/barcelona.euses.cat\/es\/wp-json\/wp\/v2\/posts\/2221\/revisions"}],"predecessor-version":[{"id":6865,"href":"https:\/\/barcelona.euses.cat\/es\/wp-json\/wp\/v2\/posts\/2221\/revisions\/6865"}],"wp:featuredmedia":[{"embeddable":true,"href":"https:\/\/barcelona.euses.cat\/es\/wp-json\/wp\/v2\/media\/2222"}],"wp:attachment":[{"href":"https:\/\/barcelona.euses.cat\/es\/wp-json\/wp\/v2\/media?parent=2221"}],"wp:term":[{"taxonomy":"category","embeddable":true,"href":"https:\/\/barcelona.euses.cat\/es\/wp-json\/wp\/v2\/categories?post=2221"},{"taxonomy":"post_tag","embeddable":true,"href":"https:\/\/barcelona.euses.cat\/es\/wp-json\/wp\/v2\/tags?post=2221"}],"curies":[{"name":"wp","href":"https:\/\/api.w.org\/{rel}","templated":true}]}}