{"id":2219,"date":"2016-11-28T00:00:00","date_gmt":"2016-11-27T23:00:00","guid":{"rendered":"http:\/\/physiotherapybarcelona.net\/conoces-el-profesorado-del-grado-en-fisioterapia-internacional-formate-con-docentes-con-una-amplia-experiencia-internacional-y-una-gran-vocacion-por-la-docencia\/"},"modified":"2019-06-03T12:53:34","modified_gmt":"2019-06-03T10:53:34","slug":"conoces-el-profesorado-del-grado-en-fisioterapia-internacional-formate-con-docentes-con-una-amplia-experiencia-internacional-y-una-gran-vocacion-por-la-docencia","status":"publish","type":"post","link":"https:\/\/barcelona.euses.cat\/es\/conoces-el-profesorado-del-grado-en-fisioterapia-internacional-formate-con-docentes-con-una-amplia-experiencia-internacional-y-una-gran-vocacion-por-la-docencia\/","title":{"rendered":"\u00bfConoces el profesorado del Grado en Fisioterapia Internacional? F\u00f3rmate con docentes con una amplia experiencia internacional y una gran vocaci\u00f3n por la docencia"},"content":{"rendered":"<p>Una de las caracter\u00edsticas principales del <a href=\"https:\/\/goo.gl\/FzIsHq\" target=\"_blank\" rel=\"noopener noreferrer\"><strong>profesorado<\/strong><\/a> del <strong>Grado en Fisioterapia Internacional<\/strong>, de la <strong>Escuela de Nuevas Tecnolog\u00edas Interactivas (ENTI-UB)<\/strong> y de la <strong>Escuela Universitaria de la Salud y el Deporte (EUSES-UdG)<\/strong>, es su doble perfil: el de <strong>acad\u00e9mico-investigador<\/strong> y el de <strong>profesional<\/strong> en activo. La mayor\u00eda de los profesores se han especializado y <strong>Doctorado<\/strong>; proceden de prestigiosas universidades extranjeras y cuentan con una gran vocaci\u00f3n por la <strong>docencia universitaria<\/strong>, as\u00ed como, con una dilatada experiencia tanto en el \u00e1mbito acad\u00e9mico como profesional. Su continuo v\u00ednculo con la realidad de la profesi\u00f3n, permite una <strong>actualizaci\u00f3n<\/strong> constante de los contenidos y metodolog\u00edas empleadas.<\/p>\n<p>&nbsp;<\/p>\n<p>Entre el <strong>equipo docente<\/strong> del <a href=\"https:\/\/goo.gl\/zhjMVH\" target=\"_blank\" rel=\"noopener noreferrer\"><strong>Grado en Fisioterapia Internacional<\/strong><\/a> cabe destacar a: <strong>Mariano<\/strong> <strong>S\u00e1nchez Gacto<\/strong>, <strong>Director<\/strong> de esta <strong>titulaci\u00f3n<\/strong> que desarroll\u00f3 su tarea como <strong>fisioterapeuta<\/strong> en el <strong>Sistema de Salud p\u00fablico de Espa\u00f1a<\/strong> y <strong>Francia<\/strong> durante seis a\u00f1os. Adem\u00e1s, tambi\u00e9n ha participado en diferentes congresos internacionales y forma parte del comit\u00e9 de expertos de revistas especializadas en salud p\u00fablica (JCR). Tambi\u00e9n cabe mencionar a la\u00a0 profesora y <strong>Dra. S\u00edlvia Xargay<\/strong>, Licenciada en <strong>Biolog\u00eda<\/strong> y <strong>Doctorada<\/strong> en <strong>Biomedicina<\/strong> \u201ccum laude\u201d que actualmente est\u00e1 llevando a cabo una estancia postdoctoral en la <strong>Universidad de Cambridge<\/strong> y colabora en varios proyectos nacionales e internacionales.<\/p>\n<p>&nbsp;<\/p>\n<p>Otros docentes que aportan su experiencia y visi\u00f3n global a estos estudios son: <strong>Claire Knott<\/strong>, profesora <strong>australiana<\/strong> con una amplia experiencia profesional como <strong>fisioterapeuta<\/strong> tanto en hospitales p\u00fablicos como privados; <strong>Andrea Fuente<\/strong> reconocida instructora del m\u00e9todo <strong>Pilates<\/strong>, encargada de implementar el programa educativo <strong>Pilates conCiencia<\/strong> que ofrece seminarios de especializaci\u00f3n tanto en <strong>Espa\u00f1a<\/strong> como en el extranjero y <strong>Anna Prats<\/strong>, <strong>Doctora<\/strong> en <strong>Ciencias<\/strong> <strong>Biol\u00f3gicas<\/strong> que ha participado en 23 art\u00edculos de investigaci\u00f3n internacional y en varios congresos, nuevo de ellos internacionales y siete nacionales, donde ha recibido varios premios. Adem\u00e1s, ha recibido <strong>dos becas de investigaci\u00f3n<\/strong> en el <strong>CNRS de Montpellier (Francia)<\/strong> y en la <strong>Universidad de Cambridge (Reino Unido)<\/strong>.<\/p>\n<p>&nbsp;<\/p>\n<p>En esta misma l\u00ednea, sobresalen los profesores: <strong>Francesc Xavier Prat<\/strong>, <strong>Licenciado<\/strong> en <strong>Psicolog\u00eda<\/strong>, ha participado en una <strong>estancia<\/strong> de <strong>investigaci\u00f3n<\/strong> en la <strong>Universidad de Cranfield<\/strong> <strong>(Reino Unido)<\/strong> y es autor de varios estudios, publicados en revistas internacionales; <strong>Roc\u00edo D\u00edaz<\/strong>, <strong>Dermat\u00f3loga<\/strong>, se le otorg\u00f3 una beca para visitar el <strong>laboratorio XLAB<\/strong> para j\u00f3venes estudiantes en G\u00f6ttingem (Baja Sajonia), acompa\u00f1ada del ganador del <strong>Premio Nobel<\/strong>, el Dr<strong>. Erwin Neher<\/strong>; tambi\u00e9n hay que destacar al profesor, <strong>Joaquim Chaler<\/strong>, m\u00e9dico especialista en <strong>medicina f\u00edsica<\/strong> y <strong>rehabilitaci\u00f3n<\/strong>, ha participado en 25 art\u00edculos de investigaci\u00f3n en el \u00e1mbito nacional e internacional, adem\u00e1s, ha asistido como ponente a m\u00e1s de 30 congresos especializados en salud y tambi\u00e9n, es <strong>redactor jefe<\/strong> de la revista <strong>Isokinetics &amp; Exercise Science<\/strong>.<\/p>\n<p>&nbsp;<\/p>\n<p>Tambi\u00e9n cabe destacar a: <strong>Lucy Hackney<\/strong>, <strong>Licenciada<\/strong> en <strong>Psicolog\u00eda y Sociolog\u00eda<\/strong> en la Universidad de Leicester, con una amplia experiencia como <strong>fisioterapeuta<\/strong> en el <strong>sistema<\/strong> <strong>de salud p\u00fablico brit\u00e1nico<\/strong> y tambi\u00e9n en el \u00e1mbito <strong>privado<\/strong>; <strong>Javier Jerez<\/strong>, <strong>Doctorado<\/strong> en <strong>Salud<\/strong> <strong>P\u00fablica<\/strong> por la <strong>Universidad Federal de<\/strong> <strong>Rio Grande don Norte (Natal, Brasil)<\/strong>, tambi\u00e9n con una dilatada experiencia en el sistema de salud p\u00fablico y privado, y <strong>Samuel Young<\/strong>, <strong>Licenciado<\/strong> en <strong>Fisioterapia<\/strong> en la <strong>Universidad de Melbourne<\/strong>, especializado en la rama del <strong>aparato locomotor<\/strong> y la <strong>fisioterapia<\/strong> del <strong>deporte<\/strong>. Dispone de una amplia experiencia profesional, pues, ha trabajado en varios <strong>hospitales<\/strong> regionales del oeste de <strong>Australia<\/strong>; proporcion\u00f3 <strong>atenci\u00f3n<\/strong> <strong>primaria<\/strong> a las comunidades <strong>ind\u00edgenas<\/strong> <strong>norte\u00f1as de Australia<\/strong> y tambi\u00e9n ha ejercido como <strong>fisioterapeuta<\/strong> en varias cl\u00ednicas y clubes deportivos de <strong>Melbourne<\/strong>, <strong>Irlanda<\/strong> e <strong>Inglaterra<\/strong>.<\/p>\n<p>&nbsp;<\/p>\n<p>En este <strong>curso acad\u00e9mico<\/strong> tambi\u00e9n se contar\u00e1 con profesionales c\u00f3mo: <strong>Araceli Mu\u00f1oz<\/strong>, <strong>doctoranda<\/strong> en <strong>Antropolog\u00eda Social<\/strong> e investigadora en el <strong>Observatorio de la Alimentaci\u00f3n (ODELA)<\/strong> y miembro del <strong>Centro de Investigaci\u00f3n en Antropolog\u00eda M\u00e9dica<\/strong>. Sus tres campos de trabajo principales son: la <strong>salud<\/strong> y la <strong>infancia<\/strong>, campo en el cual, desarrolla su <strong>tesis doctoral<\/strong>; la <strong>salud<\/strong>, <strong>riesgo y contaminaci\u00f3n interna<\/strong> y finalmente, las <strong>herramientas<\/strong> de apoyo para <strong>investigaciones<\/strong> en <strong>ciencias sociales<\/strong> de calidad. Tambi\u00e9n cabe destacar al profesor <strong>Bertram M\u00fcller<\/strong>, <strong>biomec\u00e1nico<\/strong> de formaci\u00f3n con una amplia experiencia internacional en pa\u00edses como <strong>Escocia y Alemania<\/strong>.<\/p>\n<p>&nbsp;<\/p>\n<p>Finalmente, tampoco podemos dejar a un lado a las profesoras: <strong>Zoe Queally<\/strong> y <strong>Marta Gonz\u00e1lez<\/strong>. <strong>Queally<\/strong> es especialista en <strong>lesiones<\/strong> de <strong>columna<\/strong> y deportivas, combinando la <strong>osteopat\u00eda<\/strong>, la terapia neurocin\u00e9tica (NKT), la <strong>t\u00e9cnica<\/strong> de activaci\u00f3n muscular <strong>Be-Activated<\/strong>, la <strong>acupuntura<\/strong>, los masajes y el <strong>Pilates<\/strong> para tratar a sus pacientes. Tambi\u00e9n cuenta con una dilatada experiencia en varias <strong>cl\u00ednicas<\/strong> y <strong>hospitales<\/strong> de <strong>Londres<\/strong>. En cuanto a <strong>Gonz\u00e1lez<\/strong>, <strong>Doctora<\/strong> en <strong>Bioqu\u00edmica<\/strong> y <strong>Biolog\u00eda molecular<\/strong>, cabe se\u00f1alar que ha trabajado como investigadora <strong>postdoctoral<\/strong> en el <strong>Grupo de Investigaci\u00f3n en Neurobiolog\u00eda del Comportamiento (GReNeC)<\/strong>. Sus intereses en investigaci\u00f3n incluyen la <strong>neurobiolog\u00eda<\/strong>, los trastornos del estado de \u00e1nimo inducidos por el dolor y la adicci\u00f3n a las drogas. Ha publicado 7 trabajos de investigaci\u00f3n.<\/p>\n<p>Si quieres formarte con un <strong>profesorado<\/strong> de primer nivel con un marcado <strong>perfil internacional<\/strong> y con amplias habilidades pedag\u00f3gicas; elige el <a href=\"https:\/\/goo.gl\/3WZxDm\" target=\"_blank\" rel=\"noopener noreferrer\"><strong>Grado en ingl\u00e9s en Fisioterapia Internacional<\/strong> en el <strong>Campus de la UB<\/strong><\/a>.<\/p>\n","protected":false},"excerpt":{"rendered":"<p>Una de las caracter\u00edsticas principales del profesorado del Grado en Fisioterapia Internacional, de la Escuela de Nuevas Tecnolog\u00edas Interactivas (ENTI-UB) y de la Escuela Universitaria de la Salud y el Deporte (EUSES-UdG), es su doble perfil: el de acad\u00e9mico-investigador y el de profesional en activo. La mayor\u00eda de los profesores se han especializado y Doctorado; [&hellip;]<\/p>\n","protected":false},"author":1,"featured_media":1708,"comment_status":"closed","ping_status":"closed","sticky":false,"template":"","format":"standard","meta":{"_acf_changed":false,"inline_featured_image":false,"_joinchat":[],"footnotes":""},"categories":[1],"tags":[],"class_list":["post-2219","post","type-post","status-publish","format-standard","has-post-thumbnail","hentry","category-sin-categorizar"],"acf":[],"yoast_head":"<!-- This site is optimized with the Yoast SEO plugin v27.4 - https:\/\/yoast.com\/product\/yoast-seo-wordpress\/ -->\n<title>\u00bfConoces el profesorado del Grado en Fisioterapia Internacional? F\u00f3rmate con docentes con una amplia experiencia internacional y una gran vocaci\u00f3n por la docencia | EUSES - Campus de Bellvitge (Barcelona)<\/title>\n<meta name=\"robots\" content=\"index, follow, max-snippet:-1, max-image-preview:large, max-video-preview:-1\" \/>\n<link rel=\"canonical\" href=\"https:\/\/barcelona.euses.cat\/es\/conoces-el-profesorado-del-grado-en-fisioterapia-internacional-formate-con-docentes-con-una-amplia-experiencia-internacional-y-una-gran-vocacion-por-la-docencia\/\" \/>\n<meta property=\"og:locale\" content=\"es_ES\" \/>\n<meta property=\"og:type\" content=\"article\" \/>\n<meta property=\"og:title\" content=\"\u00bfConoces el profesorado del Grado en Fisioterapia Internacional? F\u00f3rmate con docentes con una amplia experiencia internacional y una gran vocaci\u00f3n por la docencia | EUSES - Campus de Bellvitge (Barcelona)\" \/>\n<meta property=\"og:description\" content=\"Una de las caracter\u00edsticas principales del profesorado del Grado en Fisioterapia Internacional, de la Escuela de Nuevas Tecnolog\u00edas Interactivas (ENTI-UB) y de la Escuela Universitaria de la Salud y el Deporte (EUSES-UdG), es su doble perfil: el de acad\u00e9mico-investigador y el de profesional en activo. La mayor\u00eda de los profesores se han especializado y Doctorado; [&hellip;]\" \/>\n<meta property=\"og:url\" content=\"https:\/\/barcelona.euses.cat\/es\/conoces-el-profesorado-del-grado-en-fisioterapia-internacional-formate-con-docentes-con-una-amplia-experiencia-internacional-y-una-gran-vocacion-por-la-docencia\/\" \/>\n<meta property=\"og:site_name\" content=\"EUSES - Campus de Bellvitge (Barcelona)\" \/>\n<meta property=\"article:publisher\" content=\"https:\/\/www.facebook.com\/PhysioBCN\/\" \/>\n<meta property=\"article:published_time\" content=\"2016-11-27T23:00:00+00:00\" \/>\n<meta property=\"article:modified_time\" content=\"2019-06-03T10:53:34+00:00\" \/>\n<meta property=\"og:image\" content=\"https:\/\/barcelona.euses.cat\/wp-content\/uploads\/2018\/02\/Professorat-del-Grau-en-Fisioter\u00e0pia-Internacional-del-Campus-de-la-UB.png\" \/>\n\t<meta property=\"og:image:width\" content=\"1000\" \/>\n\t<meta property=\"og:image:height\" content=\"804\" \/>\n\t<meta property=\"og:image:type\" content=\"image\/png\" \/>\n<meta name=\"author\" content=\"neorg\" \/>\n<meta name=\"twitter:card\" content=\"summary_large_image\" \/>\n<meta name=\"twitter:label1\" content=\"Escrito por\" \/>\n\t<meta name=\"twitter:data1\" content=\"neorg\" \/>\n\t<meta name=\"twitter:label2\" content=\"Tiempo de lectura\" \/>\n\t<meta name=\"twitter:data2\" content=\"5 minutos\" \/>\n<script type=\"application\/ld+json\" class=\"yoast-schema-graph\">{\"@context\":\"https:\\\/\\\/schema.org\",\"@graph\":[{\"@type\":\"Article\",\"@id\":\"https:\\\/\\\/barcelona.euses.cat\\\/es\\\/conoces-el-profesorado-del-grado-en-fisioterapia-internacional-formate-con-docentes-con-una-amplia-experiencia-internacional-y-una-gran-vocacion-por-la-docencia\\\/#article\",\"isPartOf\":{\"@id\":\"https:\\\/\\\/barcelona.euses.cat\\\/es\\\/conoces-el-profesorado-del-grado-en-fisioterapia-internacional-formate-con-docentes-con-una-amplia-experiencia-internacional-y-una-gran-vocacion-por-la-docencia\\\/\"},\"author\":{\"name\":\"neorg\",\"@id\":\"https:\\\/\\\/barcelona.euses.cat\\\/ca\\\/#\\\/schema\\\/person\\\/c3074ca9d956eacf02e41e2ff78e53ab\"},\"headline\":\"\u00bfConoces el profesorado del Grado en Fisioterapia Internacional? F\u00f3rmate con docentes con una amplia experiencia internacional y una gran vocaci\u00f3n por la docencia\",\"datePublished\":\"2016-11-27T23:00:00+00:00\",\"dateModified\":\"2019-06-03T10:53:34+00:00\",\"mainEntityOfPage\":{\"@id\":\"https:\\\/\\\/barcelona.euses.cat\\\/es\\\/conoces-el-profesorado-del-grado-en-fisioterapia-internacional-formate-con-docentes-con-una-amplia-experiencia-internacional-y-una-gran-vocacion-por-la-docencia\\\/\"},\"wordCount\":935,\"image\":{\"@id\":\"https:\\\/\\\/barcelona.euses.cat\\\/es\\\/conoces-el-profesorado-del-grado-en-fisioterapia-internacional-formate-con-docentes-con-una-amplia-experiencia-internacional-y-una-gran-vocacion-por-la-docencia\\\/#primaryimage\"},\"thumbnailUrl\":\"https:\\\/\\\/barcelona.euses.cat\\\/wp-content\\\/uploads\\\/2018\\\/02\\\/Professorat-del-Grau-en-Fisioter\u00e0pia-Internacional-del-Campus-de-la-UB.png\",\"articleSection\":[\"Sin categorizar\"],\"inLanguage\":\"es\"},{\"@type\":\"WebPage\",\"@id\":\"https:\\\/\\\/barcelona.euses.cat\\\/es\\\/conoces-el-profesorado-del-grado-en-fisioterapia-internacional-formate-con-docentes-con-una-amplia-experiencia-internacional-y-una-gran-vocacion-por-la-docencia\\\/\",\"url\":\"https:\\\/\\\/barcelona.euses.cat\\\/es\\\/conoces-el-profesorado-del-grado-en-fisioterapia-internacional-formate-con-docentes-con-una-amplia-experiencia-internacional-y-una-gran-vocacion-por-la-docencia\\\/\",\"name\":\"\u00bfConoces el profesorado del Grado en Fisioterapia Internacional? F\u00f3rmate con docentes con una amplia experiencia internacional y una gran vocaci\u00f3n por la docencia | EUSES - Campus de Bellvitge (Barcelona)\",\"isPartOf\":{\"@id\":\"https:\\\/\\\/barcelona.euses.cat\\\/ca\\\/#website\"},\"primaryImageOfPage\":{\"@id\":\"https:\\\/\\\/barcelona.euses.cat\\\/es\\\/conoces-el-profesorado-del-grado-en-fisioterapia-internacional-formate-con-docentes-con-una-amplia-experiencia-internacional-y-una-gran-vocacion-por-la-docencia\\\/#primaryimage\"},\"image\":{\"@id\":\"https:\\\/\\\/barcelona.euses.cat\\\/es\\\/conoces-el-profesorado-del-grado-en-fisioterapia-internacional-formate-con-docentes-con-una-amplia-experiencia-internacional-y-una-gran-vocacion-por-la-docencia\\\/#primaryimage\"},\"thumbnailUrl\":\"https:\\\/\\\/barcelona.euses.cat\\\/wp-content\\\/uploads\\\/2018\\\/02\\\/Professorat-del-Grau-en-Fisioter\u00e0pia-Internacional-del-Campus-de-la-UB.png\",\"datePublished\":\"2016-11-27T23:00:00+00:00\",\"dateModified\":\"2019-06-03T10:53:34+00:00\",\"author\":{\"@id\":\"https:\\\/\\\/barcelona.euses.cat\\\/ca\\\/#\\\/schema\\\/person\\\/c3074ca9d956eacf02e41e2ff78e53ab\"},\"breadcrumb\":{\"@id\":\"https:\\\/\\\/barcelona.euses.cat\\\/es\\\/conoces-el-profesorado-del-grado-en-fisioterapia-internacional-formate-con-docentes-con-una-amplia-experiencia-internacional-y-una-gran-vocacion-por-la-docencia\\\/#breadcrumb\"},\"inLanguage\":\"es\",\"potentialAction\":[{\"@type\":\"ReadAction\",\"target\":[\"https:\\\/\\\/barcelona.euses.cat\\\/es\\\/conoces-el-profesorado-del-grado-en-fisioterapia-internacional-formate-con-docentes-con-una-amplia-experiencia-internacional-y-una-gran-vocacion-por-la-docencia\\\/\"]}]},{\"@type\":\"ImageObject\",\"inLanguage\":\"es\",\"@id\":\"https:\\\/\\\/barcelona.euses.cat\\\/es\\\/conoces-el-profesorado-del-grado-en-fisioterapia-internacional-formate-con-docentes-con-una-amplia-experiencia-internacional-y-una-gran-vocacion-por-la-docencia\\\/#primaryimage\",\"url\":\"https:\\\/\\\/barcelona.euses.cat\\\/wp-content\\\/uploads\\\/2018\\\/02\\\/Professorat-del-Grau-en-Fisioter\u00e0pia-Internacional-del-Campus-de-la-UB.png\",\"contentUrl\":\"https:\\\/\\\/barcelona.euses.cat\\\/wp-content\\\/uploads\\\/2018\\\/02\\\/Professorat-del-Grau-en-Fisioter\u00e0pia-Internacional-del-Campus-de-la-UB.png\",\"width\":1000,\"height\":804},{\"@type\":\"BreadcrumbList\",\"@id\":\"https:\\\/\\\/barcelona.euses.cat\\\/es\\\/conoces-el-profesorado-del-grado-en-fisioterapia-internacional-formate-con-docentes-con-una-amplia-experiencia-internacional-y-una-gran-vocacion-por-la-docencia\\\/#breadcrumb\",\"itemListElement\":[{\"@type\":\"ListItem\",\"position\":1,\"name\":\"Portada\",\"item\":\"https:\\\/\\\/barcelona.euses.cat\\\/es\\\/\"},{\"@type\":\"ListItem\",\"position\":2,\"name\":\"\u00bfConoces el profesorado del Grado en Fisioterapia Internacional? F\u00f3rmate con docentes con una amplia experiencia internacional y una gran vocaci\u00f3n por la docencia\"}]},{\"@type\":\"WebSite\",\"@id\":\"https:\\\/\\\/barcelona.euses.cat\\\/ca\\\/#website\",\"url\":\"https:\\\/\\\/barcelona.euses.cat\\\/ca\\\/\",\"name\":\"EUSES - Campus de Bellvitge (Barcelona)\",\"description\":\"EUSES, Escuela Universitaria de Fisioterapia Internacional en Barcelona\",\"potentialAction\":[{\"@type\":\"SearchAction\",\"target\":{\"@type\":\"EntryPoint\",\"urlTemplate\":\"https:\\\/\\\/barcelona.euses.cat\\\/ca\\\/?s={search_term_string}\"},\"query-input\":{\"@type\":\"PropertyValueSpecification\",\"valueRequired\":true,\"valueName\":\"search_term_string\"}}],\"inLanguage\":\"es\"},{\"@type\":\"Person\",\"@id\":\"https:\\\/\\\/barcelona.euses.cat\\\/ca\\\/#\\\/schema\\\/person\\\/c3074ca9d956eacf02e41e2ff78e53ab\",\"name\":\"neorg\",\"image\":{\"@type\":\"ImageObject\",\"inLanguage\":\"es\",\"@id\":\"https:\\\/\\\/secure.gravatar.com\\\/avatar\\\/709d3d8015183afa7401c02e2291a538cbfd4ffe62f4d86ce5f4871f22e86b09?s=96&d=mm&r=g\",\"url\":\"https:\\\/\\\/secure.gravatar.com\\\/avatar\\\/709d3d8015183afa7401c02e2291a538cbfd4ffe62f4d86ce5f4871f22e86b09?s=96&d=mm&r=g\",\"contentUrl\":\"https:\\\/\\\/secure.gravatar.com\\\/avatar\\\/709d3d8015183afa7401c02e2291a538cbfd4ffe62f4d86ce5f4871f22e86b09?s=96&d=mm&r=g\",\"caption\":\"neorg\"},\"url\":\"https:\\\/\\\/barcelona.euses.cat\\\/es\\\/author\\\/neorg\\\/\"}]}<\/script>\n<!-- \/ Yoast SEO plugin. -->","yoast_head_json":{"title":"\u00bfConoces el profesorado del Grado en Fisioterapia Internacional? F\u00f3rmate con docentes con una amplia experiencia internacional y una gran vocaci\u00f3n por la docencia | EUSES - Campus de Bellvitge (Barcelona)","robots":{"index":"index","follow":"follow","max-snippet":"max-snippet:-1","max-image-preview":"max-image-preview:large","max-video-preview":"max-video-preview:-1"},"canonical":"https:\/\/barcelona.euses.cat\/es\/conoces-el-profesorado-del-grado-en-fisioterapia-internacional-formate-con-docentes-con-una-amplia-experiencia-internacional-y-una-gran-vocacion-por-la-docencia\/","og_locale":"es_ES","og_type":"article","og_title":"\u00bfConoces el profesorado del Grado en Fisioterapia Internacional? F\u00f3rmate con docentes con una amplia experiencia internacional y una gran vocaci\u00f3n por la docencia | EUSES - Campus de Bellvitge (Barcelona)","og_description":"Una de las caracter\u00edsticas principales del profesorado del Grado en Fisioterapia Internacional, de la Escuela de Nuevas Tecnolog\u00edas Interactivas (ENTI-UB) y de la Escuela Universitaria de la Salud y el Deporte (EUSES-UdG), es su doble perfil: el de acad\u00e9mico-investigador y el de profesional en activo. La mayor\u00eda de los profesores se han especializado y Doctorado; [&hellip;]","og_url":"https:\/\/barcelona.euses.cat\/es\/conoces-el-profesorado-del-grado-en-fisioterapia-internacional-formate-con-docentes-con-una-amplia-experiencia-internacional-y-una-gran-vocacion-por-la-docencia\/","og_site_name":"EUSES - Campus de Bellvitge (Barcelona)","article_publisher":"https:\/\/www.facebook.com\/PhysioBCN\/","article_published_time":"2016-11-27T23:00:00+00:00","article_modified_time":"2019-06-03T10:53:34+00:00","og_image":[{"width":1000,"height":804,"url":"https:\/\/barcelona.euses.cat\/wp-content\/uploads\/2018\/02\/Professorat-del-Grau-en-Fisioter\u00e0pia-Internacional-del-Campus-de-la-UB.png","type":"image\/png"}],"author":"neorg","twitter_card":"summary_large_image","twitter_misc":{"Escrito por":"neorg","Tiempo de lectura":"5 minutos"},"schema":{"@context":"https:\/\/schema.org","@graph":[{"@type":"Article","@id":"https:\/\/barcelona.euses.cat\/es\/conoces-el-profesorado-del-grado-en-fisioterapia-internacional-formate-con-docentes-con-una-amplia-experiencia-internacional-y-una-gran-vocacion-por-la-docencia\/#article","isPartOf":{"@id":"https:\/\/barcelona.euses.cat\/es\/conoces-el-profesorado-del-grado-en-fisioterapia-internacional-formate-con-docentes-con-una-amplia-experiencia-internacional-y-una-gran-vocacion-por-la-docencia\/"},"author":{"name":"neorg","@id":"https:\/\/barcelona.euses.cat\/ca\/#\/schema\/person\/c3074ca9d956eacf02e41e2ff78e53ab"},"headline":"\u00bfConoces el profesorado del Grado en Fisioterapia Internacional? F\u00f3rmate con docentes con una amplia experiencia internacional y una gran vocaci\u00f3n por la docencia","datePublished":"2016-11-27T23:00:00+00:00","dateModified":"2019-06-03T10:53:34+00:00","mainEntityOfPage":{"@id":"https:\/\/barcelona.euses.cat\/es\/conoces-el-profesorado-del-grado-en-fisioterapia-internacional-formate-con-docentes-con-una-amplia-experiencia-internacional-y-una-gran-vocacion-por-la-docencia\/"},"wordCount":935,"image":{"@id":"https:\/\/barcelona.euses.cat\/es\/conoces-el-profesorado-del-grado-en-fisioterapia-internacional-formate-con-docentes-con-una-amplia-experiencia-internacional-y-una-gran-vocacion-por-la-docencia\/#primaryimage"},"thumbnailUrl":"https:\/\/barcelona.euses.cat\/wp-content\/uploads\/2018\/02\/Professorat-del-Grau-en-Fisioter\u00e0pia-Internacional-del-Campus-de-la-UB.png","articleSection":["Sin categorizar"],"inLanguage":"es"},{"@type":"WebPage","@id":"https:\/\/barcelona.euses.cat\/es\/conoces-el-profesorado-del-grado-en-fisioterapia-internacional-formate-con-docentes-con-una-amplia-experiencia-internacional-y-una-gran-vocacion-por-la-docencia\/","url":"https:\/\/barcelona.euses.cat\/es\/conoces-el-profesorado-del-grado-en-fisioterapia-internacional-formate-con-docentes-con-una-amplia-experiencia-internacional-y-una-gran-vocacion-por-la-docencia\/","name":"\u00bfConoces el profesorado del Grado en Fisioterapia Internacional? F\u00f3rmate con docentes con una amplia experiencia internacional y una gran vocaci\u00f3n por la docencia | EUSES - Campus de Bellvitge (Barcelona)","isPartOf":{"@id":"https:\/\/barcelona.euses.cat\/ca\/#website"},"primaryImageOfPage":{"@id":"https:\/\/barcelona.euses.cat\/es\/conoces-el-profesorado-del-grado-en-fisioterapia-internacional-formate-con-docentes-con-una-amplia-experiencia-internacional-y-una-gran-vocacion-por-la-docencia\/#primaryimage"},"image":{"@id":"https:\/\/barcelona.euses.cat\/es\/conoces-el-profesorado-del-grado-en-fisioterapia-internacional-formate-con-docentes-con-una-amplia-experiencia-internacional-y-una-gran-vocacion-por-la-docencia\/#primaryimage"},"thumbnailUrl":"https:\/\/barcelona.euses.cat\/wp-content\/uploads\/2018\/02\/Professorat-del-Grau-en-Fisioter\u00e0pia-Internacional-del-Campus-de-la-UB.png","datePublished":"2016-11-27T23:00:00+00:00","dateModified":"2019-06-03T10:53:34+00:00","author":{"@id":"https:\/\/barcelona.euses.cat\/ca\/#\/schema\/person\/c3074ca9d956eacf02e41e2ff78e53ab"},"breadcrumb":{"@id":"https:\/\/barcelona.euses.cat\/es\/conoces-el-profesorado-del-grado-en-fisioterapia-internacional-formate-con-docentes-con-una-amplia-experiencia-internacional-y-una-gran-vocacion-por-la-docencia\/#breadcrumb"},"inLanguage":"es","potentialAction":[{"@type":"ReadAction","target":["https:\/\/barcelona.euses.cat\/es\/conoces-el-profesorado-del-grado-en-fisioterapia-internacional-formate-con-docentes-con-una-amplia-experiencia-internacional-y-una-gran-vocacion-por-la-docencia\/"]}]},{"@type":"ImageObject","inLanguage":"es","@id":"https:\/\/barcelona.euses.cat\/es\/conoces-el-profesorado-del-grado-en-fisioterapia-internacional-formate-con-docentes-con-una-amplia-experiencia-internacional-y-una-gran-vocacion-por-la-docencia\/#primaryimage","url":"https:\/\/barcelona.euses.cat\/wp-content\/uploads\/2018\/02\/Professorat-del-Grau-en-Fisioter\u00e0pia-Internacional-del-Campus-de-la-UB.png","contentUrl":"https:\/\/barcelona.euses.cat\/wp-content\/uploads\/2018\/02\/Professorat-del-Grau-en-Fisioter\u00e0pia-Internacional-del-Campus-de-la-UB.png","width":1000,"height":804},{"@type":"BreadcrumbList","@id":"https:\/\/barcelona.euses.cat\/es\/conoces-el-profesorado-del-grado-en-fisioterapia-internacional-formate-con-docentes-con-una-amplia-experiencia-internacional-y-una-gran-vocacion-por-la-docencia\/#breadcrumb","itemListElement":[{"@type":"ListItem","position":1,"name":"Portada","item":"https:\/\/barcelona.euses.cat\/es\/"},{"@type":"ListItem","position":2,"name":"\u00bfConoces el profesorado del Grado en Fisioterapia Internacional? F\u00f3rmate con docentes con una amplia experiencia internacional y una gran vocaci\u00f3n por la docencia"}]},{"@type":"WebSite","@id":"https:\/\/barcelona.euses.cat\/ca\/#website","url":"https:\/\/barcelona.euses.cat\/ca\/","name":"EUSES - Campus de Bellvitge (Barcelona)","description":"EUSES, Escuela Universitaria de Fisioterapia Internacional en Barcelona","potentialAction":[{"@type":"SearchAction","target":{"@type":"EntryPoint","urlTemplate":"https:\/\/barcelona.euses.cat\/ca\/?s={search_term_string}"},"query-input":{"@type":"PropertyValueSpecification","valueRequired":true,"valueName":"search_term_string"}}],"inLanguage":"es"},{"@type":"Person","@id":"https:\/\/barcelona.euses.cat\/ca\/#\/schema\/person\/c3074ca9d956eacf02e41e2ff78e53ab","name":"neorg","image":{"@type":"ImageObject","inLanguage":"es","@id":"https:\/\/secure.gravatar.com\/avatar\/709d3d8015183afa7401c02e2291a538cbfd4ffe62f4d86ce5f4871f22e86b09?s=96&d=mm&r=g","url":"https:\/\/secure.gravatar.com\/avatar\/709d3d8015183afa7401c02e2291a538cbfd4ffe62f4d86ce5f4871f22e86b09?s=96&d=mm&r=g","contentUrl":"https:\/\/secure.gravatar.com\/avatar\/709d3d8015183afa7401c02e2291a538cbfd4ffe62f4d86ce5f4871f22e86b09?s=96&d=mm&r=g","caption":"neorg"},"url":"https:\/\/barcelona.euses.cat\/es\/author\/neorg\/"}]}},"_links":{"self":[{"href":"https:\/\/barcelona.euses.cat\/es\/wp-json\/wp\/v2\/posts\/2219","targetHints":{"allow":["GET"]}}],"collection":[{"href":"https:\/\/barcelona.euses.cat\/es\/wp-json\/wp\/v2\/posts"}],"about":[{"href":"https:\/\/barcelona.euses.cat\/es\/wp-json\/wp\/v2\/types\/post"}],"author":[{"embeddable":true,"href":"https:\/\/barcelona.euses.cat\/es\/wp-json\/wp\/v2\/users\/1"}],"replies":[{"embeddable":true,"href":"https:\/\/barcelona.euses.cat\/es\/wp-json\/wp\/v2\/comments?post=2219"}],"version-history":[{"count":1,"href":"https:\/\/barcelona.euses.cat\/es\/wp-json\/wp\/v2\/posts\/2219\/revisions"}],"predecessor-version":[{"id":6869,"href":"https:\/\/barcelona.euses.cat\/es\/wp-json\/wp\/v2\/posts\/2219\/revisions\/6869"}],"wp:featuredmedia":[{"embeddable":true,"href":"https:\/\/barcelona.euses.cat\/es\/wp-json\/wp\/v2\/media\/1708"}],"wp:attachment":[{"href":"https:\/\/barcelona.euses.cat\/es\/wp-json\/wp\/v2\/media?parent=2219"}],"wp:term":[{"taxonomy":"category","embeddable":true,"href":"https:\/\/barcelona.euses.cat\/es\/wp-json\/wp\/v2\/categories?post=2219"},{"taxonomy":"post_tag","embeddable":true,"href":"https:\/\/barcelona.euses.cat\/es\/wp-json\/wp\/v2\/tags?post=2219"}],"curies":[{"name":"wp","href":"https:\/\/api.w.org\/{rel}","templated":true}]}}