{"id":2210,"date":"2016-10-31T00:00:00","date_gmt":"2016-10-30T23:00:00","guid":{"rendered":"http:\/\/physiotherapybarcelona.net\/formate-con-un-profesorado-con-una-amplia-experiencia-internacional-estudiando-el-grado-en-fisioterapia-internacional-en-el-campus-de-la-ub\/"},"modified":"2019-06-03T12:55:22","modified_gmt":"2019-06-03T10:55:22","slug":"formate-con-un-profesorado-con-una-amplia-experiencia-internacional-estudiando-el-grado-en-fisioterapia-internacional-en-el-campus-de-la-ub","status":"publish","type":"post","link":"https:\/\/barcelona.euses.cat\/es\/formate-con-un-profesorado-con-una-amplia-experiencia-internacional-estudiando-el-grado-en-fisioterapia-internacional-en-el-campus-de-la-ub\/","title":{"rendered":"F\u00f3rmate con un profesorado con una amplia experiencia internacional, estudiando el Grado en Fisioterapia Internacional en el Campus de la UB"},"content":{"rendered":"<p><span style=\"font-weight: 400;\">El <\/span><b>profesorado<\/b><span style=\"font-weight: 400;\"> del <\/span><b>Grado en Fisioterapia internacional<\/b><span style=\"font-weight: 400;\">, de la <\/span><b>Escuela de Nuevas Tecnolog\u00edas<\/b> <b>Interactivas (ENTI-UB)<\/b><span style=\"font-weight: 400;\"> y de la <\/span><b>Escuela Universitaria de la Salud y el Deporte (EUSES-UdG),<\/b><span style=\"font-weight: 400;\"> cuenta con una amplia <\/span><b>experiencia internacional<\/b><span style=\"font-weight: 400;\"> en universidades de prestigio. Con ellos, aprender\u00e1s a aplicar la tecnolog\u00eda m\u00e1s innovadora del <\/span><b>e-health<\/b><span style=\"font-weight: 400;\"> en el campo de la <\/span><b>fisioterapia<\/b><span style=\"font-weight: 400;\"> y de la <\/span><b>salud<\/b><span style=\"font-weight: 400;\">, estudiando \u00edntegramente en ingl\u00e9s. Por tanto, te formar\u00e1s con aut\u00e9nticos expertos con vocaci\u00f3n por la docencia, que combinan su tarea acad\u00e9mica con la pr\u00e1ctica cl\u00ednica. <\/span><\/p>\n<p><span style=\"font-weight: 400;\">Entre el profesorado del <\/span><b>Grado en Fisioterapia Internacional<\/b><span style=\"font-weight: 400;\"> cabe destacar a: <\/span><b>Mariano S\u00e1nchez Gacto<\/b><span style=\"font-weight: 400;\">, <\/span><b>Director<\/b><span style=\"font-weight: 400;\"> de este <\/span><b>Grado<\/b><span style=\"font-weight: 400;\"> que desarroll\u00f3 su tarea como <\/span><b>fisioterapeuta<\/b><span style=\"font-weight: 400;\"> en el <\/span><b>Sistema de Salud p\u00fablico<\/b><span style=\"font-weight: 400;\"> de <\/span><b>Espa\u00f1a<\/b><span style=\"font-weight: 400;\"> y <\/span><b>Francia<\/b><span style=\"font-weight: 400;\"> durante seis a\u00f1os. Adem\u00e1s, tambi\u00e9n ha participado en diferentes <\/span><b>congresos internacionales<\/b><span style=\"font-weight: 400;\"> y forma parte del <\/span><b>comit\u00e9 de expertos<\/b><span style=\"font-weight: 400;\"> de revistas especializadas en <\/span><b>salud p\u00fablica<\/b><span style=\"font-weight: 400;\"> (JCR). Tambi\u00e9n hay que mencionar a la \u00a0profesora y <\/span><b>Dra. S\u00edlvia Xargay<\/b><span style=\"font-weight: 400;\">, <\/span><b>Licenciada<\/b><span style=\"font-weight: 400;\"> en <\/span><b>Biolog\u00eda<\/b><span style=\"font-weight: 400;\"> y <\/span><b>Doctorada<\/b><span style=\"font-weight: 400;\"> en <\/span><b>Biomedicina<\/b><span style=\"font-weight: 400;\"> \u201ccum laude\u201d que actualmente est\u00e1 llevando a cabo una estancia post-doctoral en la <\/span><b>Universidad de Cambridge<\/b><span style=\"font-weight: 400;\"> y colabora en varios proyectos nacionales e internacionales.<\/span><\/p>\n<p><span style=\"font-weight: 400;\">Otros <\/span><b>docentes<\/b><span style=\"font-weight: 400;\"> que aportan su <\/span><b>visi\u00f3n global<\/b><span style=\"font-weight: 400;\"> a estos estudios son: <\/span><b>Claire Knott<\/b><span style=\"font-weight: 400;\">, profesora <\/span><b>australiana<\/b><span style=\"font-weight: 400;\"> con una amplia experiencia profesional como fisioterapeuta tanto en <\/span><b>hospitales<\/b><span style=\"font-weight: 400;\"> p\u00fablicos como privados; <\/span><b>Andrea Fuente<\/b><span style=\"font-weight: 400;\"> reconocida instructora del m\u00e9todo <\/span><b>Pilates<\/b><span style=\"font-weight: 400;\">, encargada de implementar el <\/span><b>programa educativo<\/b> <b>Pilates conCiencia<\/b><span style=\"font-weight: 400;\"> que ofrece seminarios de especializaci\u00f3n tanto en <\/span><b>Espa\u00f1a<\/b><span style=\"font-weight: 400;\"> como el extranjero y <\/span><b>Anna Prats<\/b><span style=\"font-weight: 400;\">, <\/span><b>Doctora<\/b> <b>en Ciencias Biol\u00f3gicas <\/b><span style=\"font-weight: 400;\">que ha participado en <\/span><b>23 art\u00edculos<\/b><span style=\"font-weight: 400;\"> de <\/span><b>investigaci\u00f3n internacional<\/b><span style=\"font-weight: 400;\"> y en diferentes congresos, nueve de ellos internacionales y siete nacionales, donde ha recibido varios premios. Adem\u00e1s, ha recibido dos <\/span><b>becas de investigaci\u00f3n<\/b><span style=\"font-weight: 400;\"> en el <\/span><b>CNRS<\/b><span style=\"font-weight: 400;\"> de <\/span><b>Montpellier<\/b><span style=\"font-weight: 400;\"> (Francia) y en la <\/span><b>Universidad de Cambridge<\/b><span style=\"font-weight: 400;\"> (Reino Unido).<\/span><\/p>\n<p><span style=\"font-weight: 400;\">En esta misma l\u00ednea, sobresalen los profesores: <\/span><b>Francesc Xavier Prat<\/b><span style=\"font-weight: 400;\">, <\/span><b>Licenciado<\/b><span style=\"font-weight: 400;\"> en <\/span><b>Psicolog\u00eda<\/b><span style=\"font-weight: 400;\">, ha participado en una estancia de investigaci\u00f3n en la <\/span><b>Universidad de Cranfield (Reino Unido)<\/b><span style=\"font-weight: 400;\"> y es autor de varios estudios, publicados en revistas internacionales; <\/span><b>Roc\u00edo D\u00edaz<\/b><span style=\"font-weight: 400;\">, <\/span><b>Dermat\u00f3loga<\/b><span style=\"font-weight: 400;\">, se le otorg\u00f3 una beca para visitar el <\/span><b>laboratorio<\/b> <b>XLAB<\/b><span style=\"font-weight: 400;\"> para j\u00f3venes estudiantes en <\/span><b>G\u00f6ttingem<\/b><span style=\"font-weight: 400;\"> (Baja Sajonia), acompa\u00f1ada del ganador del <\/span><b>Premio Nobel<\/b><span style=\"font-weight: 400;\">, el <\/span><b>Dr. Erwin Neher<\/b><span style=\"font-weight: 400;\">; tambi\u00e9n cabe destacar al profesor, <\/span><b>Joaquim Chaler<\/b><span style=\"font-weight: 400;\">, m\u00e9dico especialista en medicina f\u00edsica y rehabilitaci\u00f3n, ha participado en <\/span><b>25 art\u00edculos de investigaci\u00f3n<\/b><span style=\"font-weight: 400;\"> a nivel <\/span><b>nacional<\/b><span style=\"font-weight: 400;\"> e <\/span><b>internacional<\/b><span style=\"font-weight: 400;\">, adem\u00e1s, ha asistido como ponente a m\u00e1s de 30 congresos especializados en salud y tambi\u00e9n es redactor jefe de la revista <\/span><i><span style=\"font-weight: 400;\">Isokinetics &amp; Exercise Science.<\/span><\/i><\/p>\n<p><span style=\"font-weight: 400;\">Finalmente, cabe se\u00f1alar a: <\/span><b>Lucy Hackney<\/b><span style=\"font-weight: 400;\">, Licenciada en <\/span><b>Psicolog\u00eda<\/b><span style=\"font-weight: 400;\"> y <\/span><b>Sociolog\u00eda<\/b><span style=\"font-weight: 400;\"> en la <\/span><b>Universidad<\/b><span style=\"font-weight: 400;\"> de <\/span><b>Leicester<\/b><span style=\"font-weight: 400;\">, con una amplia experiencia como <\/span><b>fisioterapeuta<\/b><span style=\"font-weight: 400;\"> en el sistema de <\/span><b>salud p\u00fablica brit\u00e1nico<\/b><span style=\"font-weight: 400;\"> y tambi\u00e9n en el \u00e1mbito privado; <\/span><b>Javier Jerez<\/b><span style=\"font-weight: 400;\">, <\/span><b>Doctorado<\/b><span style=\"font-weight: 400;\"> en <\/span><b>Salud P\u00fablica<\/b><span style=\"font-weight: 400;\"> por la <\/span><b>Universidad Federal de Rio Grande do Norte (Natal, Brasil)<\/b><span style=\"font-weight: 400;\">, tambi\u00e9n con una dilatada experiencia en el <\/span><b>sistema de salud p\u00fablica y privado<\/b><span style=\"font-weight: 400;\">, y <\/span><b>Samuel Young<\/b><span style=\"font-weight: 400;\">, Licenciado en <\/span><b>Fisioterapia<\/b><span style=\"font-weight: 400;\"> en la <\/span><b>Universidad<\/b><span style=\"font-weight: 400;\"> de <\/span><b>Melbourne<\/b><span style=\"font-weight: 400;\">, especializado en la rama del <\/span><b>aparato locomotor<\/b><span style=\"font-weight: 400;\"> y la <\/span><b>fisioterapia<\/b><span style=\"font-weight: 400;\"> del <\/span><b>deporte<\/b><span style=\"font-weight: 400;\">. Dispone de una amplia experiencia profesional, pues, ha trabajado en varios hospitales regionales del <\/span><b>oeste de Australia<\/b><span style=\"font-weight: 400;\">; proporcion\u00f3 atenci\u00f3n primaria a las <\/span><b>comunidades ind\u00edgenas<\/b><span style=\"font-weight: 400;\"> del <\/span><b>Norte<\/b><span style=\"font-weight: 400;\"> de <\/span><b>Australia<\/b><span style=\"font-weight: 400;\"> y tambi\u00e9n ha ejercido como fisioterapeuta en varias cl\u00ednicas y clubes deportivos de <\/span><b>Melbourne, Irlanda e Inglaterra<\/b><span style=\"font-weight: 400;\">. <\/span><\/p>\n<p><span style=\"font-weight: 400;\">En definitiva, estudiar esta titulaci\u00f3n, te permitir\u00e1 formarte con un <\/span><b>profesorado<\/b><span style=\"font-weight: 400;\"> con experiencia acad\u00e9mica y profesional internacional. Por tanto, tendr\u00e1s la oportunidad de aprender los conceptos clave de la <\/span><b>fisioterapia<\/b><span style=\"font-weight: 400;\"> con un <\/span><b>enfoque global<\/b><span style=\"font-weight: 400;\">, conociendo las principales metodolog\u00edas y nuevas tecnolog\u00edas empleadas en el abordaje de <\/span><b>lesiones<\/b><span style=\"font-weight: 400;\"> o <\/span><b>patolog\u00edas<\/b><span style=\"font-weight: 400;\"> en todo el mundo.<\/span><\/p>\n<p><span style=\"font-weight: 400;\">Apuesta por una <\/span><b>formaci\u00f3n<\/b><span style=\"font-weight: 400;\"> universitaria con <\/span><b>vocaci\u00f3n internacional<\/b><span style=\"font-weight: 400;\">; elige el <\/span><a href=\"https:\/\/goo.gl\/czemvZ\"><b>Grado<\/b><span style=\"font-weight: 400;\"> en <\/span><b>ingl\u00e9s<\/b><span style=\"font-weight: 400;\"> en <\/span><b>Fisioterapia Internacional<\/b><span style=\"font-weight: 400;\"> en el <\/span><b>Campus de Barcelona<\/b><\/a><span style=\"font-weight: 400;\"> y ampl\u00eda tus horizontes profesionales.<\/span><\/p>\n<p>&nbsp;<\/p>\n","protected":false},"excerpt":{"rendered":"<p>El profesorado del Grado en Fisioterapia internacional, de la Escuela de Nuevas Tecnolog\u00edas Interactivas (ENTI-UB) y de la Escuela Universitaria de la Salud y el Deporte (EUSES-UdG), cuenta con una amplia experiencia internacional en universidades de prestigio. Con ellos, aprender\u00e1s a aplicar la tecnolog\u00eda m\u00e1s innovadora del e-health en el campo de la fisioterapia y [&hellip;]<\/p>\n","protected":false},"author":1,"featured_media":1688,"comment_status":"closed","ping_status":"closed","sticky":false,"template":"","format":"standard","meta":{"_acf_changed":false,"inline_featured_image":false,"_joinchat":[],"footnotes":""},"categories":[1],"tags":[],"class_list":["post-2210","post","type-post","status-publish","format-standard","has-post-thumbnail","hentry","category-sin-categorizar"],"acf":[],"yoast_head":"<!-- This site is optimized with the Yoast SEO plugin v27.4 - https:\/\/yoast.com\/product\/yoast-seo-wordpress\/ -->\n<title>F\u00f3rmate con un profesorado con una amplia experiencia internacional, estudiando el Grado en Fisioterapia Internacional en el Campus de la UB | EUSES - Campus de Bellvitge (Barcelona)<\/title>\n<meta name=\"robots\" content=\"index, follow, max-snippet:-1, max-image-preview:large, max-video-preview:-1\" \/>\n<link rel=\"canonical\" href=\"https:\/\/barcelona.euses.cat\/es\/formate-con-un-profesorado-con-una-amplia-experiencia-internacional-estudiando-el-grado-en-fisioterapia-internacional-en-el-campus-de-la-ub\/\" \/>\n<meta property=\"og:locale\" content=\"es_ES\" \/>\n<meta property=\"og:type\" content=\"article\" \/>\n<meta property=\"og:title\" content=\"F\u00f3rmate con un profesorado con una amplia experiencia internacional, estudiando el Grado en Fisioterapia Internacional en el Campus de la UB | EUSES - Campus de Bellvitge (Barcelona)\" \/>\n<meta property=\"og:description\" content=\"El profesorado del Grado en Fisioterapia internacional, de la Escuela de Nuevas Tecnolog\u00edas Interactivas (ENTI-UB) y de la Escuela Universitaria de la Salud y el Deporte (EUSES-UdG), cuenta con una amplia experiencia internacional en universidades de prestigio. Con ellos, aprender\u00e1s a aplicar la tecnolog\u00eda m\u00e1s innovadora del e-health en el campo de la fisioterapia y [&hellip;]\" \/>\n<meta property=\"og:url\" content=\"https:\/\/barcelona.euses.cat\/es\/formate-con-un-profesorado-con-una-amplia-experiencia-internacional-estudiando-el-grado-en-fisioterapia-internacional-en-el-campus-de-la-ub\/\" \/>\n<meta property=\"og:site_name\" content=\"EUSES - Campus de Bellvitge (Barcelona)\" \/>\n<meta property=\"article:publisher\" content=\"https:\/\/www.facebook.com\/PhysioBCN\/\" \/>\n<meta property=\"article:published_time\" content=\"2016-10-30T23:00:00+00:00\" \/>\n<meta property=\"article:modified_time\" content=\"2019-06-03T10:55:22+00:00\" \/>\n<meta property=\"og:image\" content=\"https:\/\/barcelona.euses.cat\/wp-content\/uploads\/2018\/02\/Forma\u2019t-amb-un-professorat-amb-una-a\u0300mplia-experie\u0300ncia-internacional-estudiant-el-Grau-en-Fisiotera\u0300pia-Internacional-al-Campus-de-la-UB.png\" \/>\n\t<meta property=\"og:image:width\" content=\"1000\" \/>\n\t<meta property=\"og:image:height\" content=\"804\" \/>\n\t<meta property=\"og:image:type\" content=\"image\/png\" \/>\n<meta name=\"author\" content=\"neorg\" \/>\n<meta name=\"twitter:card\" content=\"summary_large_image\" \/>\n<meta name=\"twitter:label1\" content=\"Escrito por\" \/>\n\t<meta name=\"twitter:data1\" content=\"neorg\" \/>\n\t<meta name=\"twitter:label2\" content=\"Tiempo de lectura\" \/>\n\t<meta name=\"twitter:data2\" content=\"3 minutos\" \/>\n<script type=\"application\/ld+json\" class=\"yoast-schema-graph\">{\"@context\":\"https:\\\/\\\/schema.org\",\"@graph\":[{\"@type\":\"Article\",\"@id\":\"https:\\\/\\\/barcelona.euses.cat\\\/es\\\/formate-con-un-profesorado-con-una-amplia-experiencia-internacional-estudiando-el-grado-en-fisioterapia-internacional-en-el-campus-de-la-ub\\\/#article\",\"isPartOf\":{\"@id\":\"https:\\\/\\\/barcelona.euses.cat\\\/es\\\/formate-con-un-profesorado-con-una-amplia-experiencia-internacional-estudiando-el-grado-en-fisioterapia-internacional-en-el-campus-de-la-ub\\\/\"},\"author\":{\"name\":\"neorg\",\"@id\":\"https:\\\/\\\/barcelona.euses.cat\\\/ca\\\/#\\\/schema\\\/person\\\/c3074ca9d956eacf02e41e2ff78e53ab\"},\"headline\":\"F\u00f3rmate con un profesorado con una amplia experiencia internacional, estudiando el Grado en Fisioterapia Internacional en el Campus de la UB\",\"datePublished\":\"2016-10-30T23:00:00+00:00\",\"dateModified\":\"2019-06-03T10:55:22+00:00\",\"mainEntityOfPage\":{\"@id\":\"https:\\\/\\\/barcelona.euses.cat\\\/es\\\/formate-con-un-profesorado-con-una-amplia-experiencia-internacional-estudiando-el-grado-en-fisioterapia-internacional-en-el-campus-de-la-ub\\\/\"},\"wordCount\":713,\"image\":{\"@id\":\"https:\\\/\\\/barcelona.euses.cat\\\/es\\\/formate-con-un-profesorado-con-una-amplia-experiencia-internacional-estudiando-el-grado-en-fisioterapia-internacional-en-el-campus-de-la-ub\\\/#primaryimage\"},\"thumbnailUrl\":\"https:\\\/\\\/barcelona.euses.cat\\\/wp-content\\\/uploads\\\/2018\\\/02\\\/Forma\u2019t-amb-un-professorat-amb-una-a\u0300mplia-experie\u0300ncia-internacional-estudiant-el-Grau-en-Fisiotera\u0300pia-Internacional-al-Campus-de-la-UB.png\",\"articleSection\":[\"Sin categorizar\"],\"inLanguage\":\"es\"},{\"@type\":\"WebPage\",\"@id\":\"https:\\\/\\\/barcelona.euses.cat\\\/es\\\/formate-con-un-profesorado-con-una-amplia-experiencia-internacional-estudiando-el-grado-en-fisioterapia-internacional-en-el-campus-de-la-ub\\\/\",\"url\":\"https:\\\/\\\/barcelona.euses.cat\\\/es\\\/formate-con-un-profesorado-con-una-amplia-experiencia-internacional-estudiando-el-grado-en-fisioterapia-internacional-en-el-campus-de-la-ub\\\/\",\"name\":\"F\u00f3rmate con un profesorado con una amplia experiencia internacional, estudiando el Grado en Fisioterapia Internacional en el Campus de la UB | EUSES - Campus de Bellvitge (Barcelona)\",\"isPartOf\":{\"@id\":\"https:\\\/\\\/barcelona.euses.cat\\\/ca\\\/#website\"},\"primaryImageOfPage\":{\"@id\":\"https:\\\/\\\/barcelona.euses.cat\\\/es\\\/formate-con-un-profesorado-con-una-amplia-experiencia-internacional-estudiando-el-grado-en-fisioterapia-internacional-en-el-campus-de-la-ub\\\/#primaryimage\"},\"image\":{\"@id\":\"https:\\\/\\\/barcelona.euses.cat\\\/es\\\/formate-con-un-profesorado-con-una-amplia-experiencia-internacional-estudiando-el-grado-en-fisioterapia-internacional-en-el-campus-de-la-ub\\\/#primaryimage\"},\"thumbnailUrl\":\"https:\\\/\\\/barcelona.euses.cat\\\/wp-content\\\/uploads\\\/2018\\\/02\\\/Forma\u2019t-amb-un-professorat-amb-una-a\u0300mplia-experie\u0300ncia-internacional-estudiant-el-Grau-en-Fisiotera\u0300pia-Internacional-al-Campus-de-la-UB.png\",\"datePublished\":\"2016-10-30T23:00:00+00:00\",\"dateModified\":\"2019-06-03T10:55:22+00:00\",\"author\":{\"@id\":\"https:\\\/\\\/barcelona.euses.cat\\\/ca\\\/#\\\/schema\\\/person\\\/c3074ca9d956eacf02e41e2ff78e53ab\"},\"breadcrumb\":{\"@id\":\"https:\\\/\\\/barcelona.euses.cat\\\/es\\\/formate-con-un-profesorado-con-una-amplia-experiencia-internacional-estudiando-el-grado-en-fisioterapia-internacional-en-el-campus-de-la-ub\\\/#breadcrumb\"},\"inLanguage\":\"es\",\"potentialAction\":[{\"@type\":\"ReadAction\",\"target\":[\"https:\\\/\\\/barcelona.euses.cat\\\/es\\\/formate-con-un-profesorado-con-una-amplia-experiencia-internacional-estudiando-el-grado-en-fisioterapia-internacional-en-el-campus-de-la-ub\\\/\"]}]},{\"@type\":\"ImageObject\",\"inLanguage\":\"es\",\"@id\":\"https:\\\/\\\/barcelona.euses.cat\\\/es\\\/formate-con-un-profesorado-con-una-amplia-experiencia-internacional-estudiando-el-grado-en-fisioterapia-internacional-en-el-campus-de-la-ub\\\/#primaryimage\",\"url\":\"https:\\\/\\\/barcelona.euses.cat\\\/wp-content\\\/uploads\\\/2018\\\/02\\\/Forma\u2019t-amb-un-professorat-amb-una-a\u0300mplia-experie\u0300ncia-internacional-estudiant-el-Grau-en-Fisiotera\u0300pia-Internacional-al-Campus-de-la-UB.png\",\"contentUrl\":\"https:\\\/\\\/barcelona.euses.cat\\\/wp-content\\\/uploads\\\/2018\\\/02\\\/Forma\u2019t-amb-un-professorat-amb-una-a\u0300mplia-experie\u0300ncia-internacional-estudiant-el-Grau-en-Fisiotera\u0300pia-Internacional-al-Campus-de-la-UB.png\",\"width\":1000,\"height\":804},{\"@type\":\"BreadcrumbList\",\"@id\":\"https:\\\/\\\/barcelona.euses.cat\\\/es\\\/formate-con-un-profesorado-con-una-amplia-experiencia-internacional-estudiando-el-grado-en-fisioterapia-internacional-en-el-campus-de-la-ub\\\/#breadcrumb\",\"itemListElement\":[{\"@type\":\"ListItem\",\"position\":1,\"name\":\"Portada\",\"item\":\"https:\\\/\\\/barcelona.euses.cat\\\/es\\\/\"},{\"@type\":\"ListItem\",\"position\":2,\"name\":\"F\u00f3rmate con un profesorado con una amplia experiencia internacional, estudiando el Grado en Fisioterapia Internacional en el Campus de la UB\"}]},{\"@type\":\"WebSite\",\"@id\":\"https:\\\/\\\/barcelona.euses.cat\\\/ca\\\/#website\",\"url\":\"https:\\\/\\\/barcelona.euses.cat\\\/ca\\\/\",\"name\":\"EUSES - Campus de Bellvitge (Barcelona)\",\"description\":\"EUSES, Escuela Universitaria de Fisioterapia Internacional en Barcelona\",\"potentialAction\":[{\"@type\":\"SearchAction\",\"target\":{\"@type\":\"EntryPoint\",\"urlTemplate\":\"https:\\\/\\\/barcelona.euses.cat\\\/ca\\\/?s={search_term_string}\"},\"query-input\":{\"@type\":\"PropertyValueSpecification\",\"valueRequired\":true,\"valueName\":\"search_term_string\"}}],\"inLanguage\":\"es\"},{\"@type\":\"Person\",\"@id\":\"https:\\\/\\\/barcelona.euses.cat\\\/ca\\\/#\\\/schema\\\/person\\\/c3074ca9d956eacf02e41e2ff78e53ab\",\"name\":\"neorg\",\"image\":{\"@type\":\"ImageObject\",\"inLanguage\":\"es\",\"@id\":\"https:\\\/\\\/secure.gravatar.com\\\/avatar\\\/709d3d8015183afa7401c02e2291a538cbfd4ffe62f4d86ce5f4871f22e86b09?s=96&d=mm&r=g\",\"url\":\"https:\\\/\\\/secure.gravatar.com\\\/avatar\\\/709d3d8015183afa7401c02e2291a538cbfd4ffe62f4d86ce5f4871f22e86b09?s=96&d=mm&r=g\",\"contentUrl\":\"https:\\\/\\\/secure.gravatar.com\\\/avatar\\\/709d3d8015183afa7401c02e2291a538cbfd4ffe62f4d86ce5f4871f22e86b09?s=96&d=mm&r=g\",\"caption\":\"neorg\"},\"url\":\"https:\\\/\\\/barcelona.euses.cat\\\/es\\\/author\\\/neorg\\\/\"}]}<\/script>\n<!-- \/ Yoast SEO plugin. -->","yoast_head_json":{"title":"F\u00f3rmate con un profesorado con una amplia experiencia internacional, estudiando el Grado en Fisioterapia Internacional en el Campus de la UB | EUSES - Campus de Bellvitge (Barcelona)","robots":{"index":"index","follow":"follow","max-snippet":"max-snippet:-1","max-image-preview":"max-image-preview:large","max-video-preview":"max-video-preview:-1"},"canonical":"https:\/\/barcelona.euses.cat\/es\/formate-con-un-profesorado-con-una-amplia-experiencia-internacional-estudiando-el-grado-en-fisioterapia-internacional-en-el-campus-de-la-ub\/","og_locale":"es_ES","og_type":"article","og_title":"F\u00f3rmate con un profesorado con una amplia experiencia internacional, estudiando el Grado en Fisioterapia Internacional en el Campus de la UB | EUSES - Campus de Bellvitge (Barcelona)","og_description":"El profesorado del Grado en Fisioterapia internacional, de la Escuela de Nuevas Tecnolog\u00edas Interactivas (ENTI-UB) y de la Escuela Universitaria de la Salud y el Deporte (EUSES-UdG), cuenta con una amplia experiencia internacional en universidades de prestigio. Con ellos, aprender\u00e1s a aplicar la tecnolog\u00eda m\u00e1s innovadora del e-health en el campo de la fisioterapia y [&hellip;]","og_url":"https:\/\/barcelona.euses.cat\/es\/formate-con-un-profesorado-con-una-amplia-experiencia-internacional-estudiando-el-grado-en-fisioterapia-internacional-en-el-campus-de-la-ub\/","og_site_name":"EUSES - Campus de Bellvitge (Barcelona)","article_publisher":"https:\/\/www.facebook.com\/PhysioBCN\/","article_published_time":"2016-10-30T23:00:00+00:00","article_modified_time":"2019-06-03T10:55:22+00:00","og_image":[{"width":1000,"height":804,"url":"https:\/\/barcelona.euses.cat\/wp-content\/uploads\/2018\/02\/Forma\u2019t-amb-un-professorat-amb-una-a\u0300mplia-experie\u0300ncia-internacional-estudiant-el-Grau-en-Fisiotera\u0300pia-Internacional-al-Campus-de-la-UB.png","type":"image\/png"}],"author":"neorg","twitter_card":"summary_large_image","twitter_misc":{"Escrito por":"neorg","Tiempo de lectura":"3 minutos"},"schema":{"@context":"https:\/\/schema.org","@graph":[{"@type":"Article","@id":"https:\/\/barcelona.euses.cat\/es\/formate-con-un-profesorado-con-una-amplia-experiencia-internacional-estudiando-el-grado-en-fisioterapia-internacional-en-el-campus-de-la-ub\/#article","isPartOf":{"@id":"https:\/\/barcelona.euses.cat\/es\/formate-con-un-profesorado-con-una-amplia-experiencia-internacional-estudiando-el-grado-en-fisioterapia-internacional-en-el-campus-de-la-ub\/"},"author":{"name":"neorg","@id":"https:\/\/barcelona.euses.cat\/ca\/#\/schema\/person\/c3074ca9d956eacf02e41e2ff78e53ab"},"headline":"F\u00f3rmate con un profesorado con una amplia experiencia internacional, estudiando el Grado en Fisioterapia Internacional en el Campus de la UB","datePublished":"2016-10-30T23:00:00+00:00","dateModified":"2019-06-03T10:55:22+00:00","mainEntityOfPage":{"@id":"https:\/\/barcelona.euses.cat\/es\/formate-con-un-profesorado-con-una-amplia-experiencia-internacional-estudiando-el-grado-en-fisioterapia-internacional-en-el-campus-de-la-ub\/"},"wordCount":713,"image":{"@id":"https:\/\/barcelona.euses.cat\/es\/formate-con-un-profesorado-con-una-amplia-experiencia-internacional-estudiando-el-grado-en-fisioterapia-internacional-en-el-campus-de-la-ub\/#primaryimage"},"thumbnailUrl":"https:\/\/barcelona.euses.cat\/wp-content\/uploads\/2018\/02\/Forma\u2019t-amb-un-professorat-amb-una-a\u0300mplia-experie\u0300ncia-internacional-estudiant-el-Grau-en-Fisiotera\u0300pia-Internacional-al-Campus-de-la-UB.png","articleSection":["Sin categorizar"],"inLanguage":"es"},{"@type":"WebPage","@id":"https:\/\/barcelona.euses.cat\/es\/formate-con-un-profesorado-con-una-amplia-experiencia-internacional-estudiando-el-grado-en-fisioterapia-internacional-en-el-campus-de-la-ub\/","url":"https:\/\/barcelona.euses.cat\/es\/formate-con-un-profesorado-con-una-amplia-experiencia-internacional-estudiando-el-grado-en-fisioterapia-internacional-en-el-campus-de-la-ub\/","name":"F\u00f3rmate con un profesorado con una amplia experiencia internacional, estudiando el Grado en Fisioterapia Internacional en el Campus de la UB | EUSES - Campus de Bellvitge (Barcelona)","isPartOf":{"@id":"https:\/\/barcelona.euses.cat\/ca\/#website"},"primaryImageOfPage":{"@id":"https:\/\/barcelona.euses.cat\/es\/formate-con-un-profesorado-con-una-amplia-experiencia-internacional-estudiando-el-grado-en-fisioterapia-internacional-en-el-campus-de-la-ub\/#primaryimage"},"image":{"@id":"https:\/\/barcelona.euses.cat\/es\/formate-con-un-profesorado-con-una-amplia-experiencia-internacional-estudiando-el-grado-en-fisioterapia-internacional-en-el-campus-de-la-ub\/#primaryimage"},"thumbnailUrl":"https:\/\/barcelona.euses.cat\/wp-content\/uploads\/2018\/02\/Forma\u2019t-amb-un-professorat-amb-una-a\u0300mplia-experie\u0300ncia-internacional-estudiant-el-Grau-en-Fisiotera\u0300pia-Internacional-al-Campus-de-la-UB.png","datePublished":"2016-10-30T23:00:00+00:00","dateModified":"2019-06-03T10:55:22+00:00","author":{"@id":"https:\/\/barcelona.euses.cat\/ca\/#\/schema\/person\/c3074ca9d956eacf02e41e2ff78e53ab"},"breadcrumb":{"@id":"https:\/\/barcelona.euses.cat\/es\/formate-con-un-profesorado-con-una-amplia-experiencia-internacional-estudiando-el-grado-en-fisioterapia-internacional-en-el-campus-de-la-ub\/#breadcrumb"},"inLanguage":"es","potentialAction":[{"@type":"ReadAction","target":["https:\/\/barcelona.euses.cat\/es\/formate-con-un-profesorado-con-una-amplia-experiencia-internacional-estudiando-el-grado-en-fisioterapia-internacional-en-el-campus-de-la-ub\/"]}]},{"@type":"ImageObject","inLanguage":"es","@id":"https:\/\/barcelona.euses.cat\/es\/formate-con-un-profesorado-con-una-amplia-experiencia-internacional-estudiando-el-grado-en-fisioterapia-internacional-en-el-campus-de-la-ub\/#primaryimage","url":"https:\/\/barcelona.euses.cat\/wp-content\/uploads\/2018\/02\/Forma\u2019t-amb-un-professorat-amb-una-a\u0300mplia-experie\u0300ncia-internacional-estudiant-el-Grau-en-Fisiotera\u0300pia-Internacional-al-Campus-de-la-UB.png","contentUrl":"https:\/\/barcelona.euses.cat\/wp-content\/uploads\/2018\/02\/Forma\u2019t-amb-un-professorat-amb-una-a\u0300mplia-experie\u0300ncia-internacional-estudiant-el-Grau-en-Fisiotera\u0300pia-Internacional-al-Campus-de-la-UB.png","width":1000,"height":804},{"@type":"BreadcrumbList","@id":"https:\/\/barcelona.euses.cat\/es\/formate-con-un-profesorado-con-una-amplia-experiencia-internacional-estudiando-el-grado-en-fisioterapia-internacional-en-el-campus-de-la-ub\/#breadcrumb","itemListElement":[{"@type":"ListItem","position":1,"name":"Portada","item":"https:\/\/barcelona.euses.cat\/es\/"},{"@type":"ListItem","position":2,"name":"F\u00f3rmate con un profesorado con una amplia experiencia internacional, estudiando el Grado en Fisioterapia Internacional en el Campus de la UB"}]},{"@type":"WebSite","@id":"https:\/\/barcelona.euses.cat\/ca\/#website","url":"https:\/\/barcelona.euses.cat\/ca\/","name":"EUSES - Campus de Bellvitge (Barcelona)","description":"EUSES, Escuela Universitaria de Fisioterapia Internacional en Barcelona","potentialAction":[{"@type":"SearchAction","target":{"@type":"EntryPoint","urlTemplate":"https:\/\/barcelona.euses.cat\/ca\/?s={search_term_string}"},"query-input":{"@type":"PropertyValueSpecification","valueRequired":true,"valueName":"search_term_string"}}],"inLanguage":"es"},{"@type":"Person","@id":"https:\/\/barcelona.euses.cat\/ca\/#\/schema\/person\/c3074ca9d956eacf02e41e2ff78e53ab","name":"neorg","image":{"@type":"ImageObject","inLanguage":"es","@id":"https:\/\/secure.gravatar.com\/avatar\/709d3d8015183afa7401c02e2291a538cbfd4ffe62f4d86ce5f4871f22e86b09?s=96&d=mm&r=g","url":"https:\/\/secure.gravatar.com\/avatar\/709d3d8015183afa7401c02e2291a538cbfd4ffe62f4d86ce5f4871f22e86b09?s=96&d=mm&r=g","contentUrl":"https:\/\/secure.gravatar.com\/avatar\/709d3d8015183afa7401c02e2291a538cbfd4ffe62f4d86ce5f4871f22e86b09?s=96&d=mm&r=g","caption":"neorg"},"url":"https:\/\/barcelona.euses.cat\/es\/author\/neorg\/"}]}},"_links":{"self":[{"href":"https:\/\/barcelona.euses.cat\/es\/wp-json\/wp\/v2\/posts\/2210","targetHints":{"allow":["GET"]}}],"collection":[{"href":"https:\/\/barcelona.euses.cat\/es\/wp-json\/wp\/v2\/posts"}],"about":[{"href":"https:\/\/barcelona.euses.cat\/es\/wp-json\/wp\/v2\/types\/post"}],"author":[{"embeddable":true,"href":"https:\/\/barcelona.euses.cat\/es\/wp-json\/wp\/v2\/users\/1"}],"replies":[{"embeddable":true,"href":"https:\/\/barcelona.euses.cat\/es\/wp-json\/wp\/v2\/comments?post=2210"}],"version-history":[{"count":1,"href":"https:\/\/barcelona.euses.cat\/es\/wp-json\/wp\/v2\/posts\/2210\/revisions"}],"predecessor-version":[{"id":6876,"href":"https:\/\/barcelona.euses.cat\/es\/wp-json\/wp\/v2\/posts\/2210\/revisions\/6876"}],"wp:featuredmedia":[{"embeddable":true,"href":"https:\/\/barcelona.euses.cat\/es\/wp-json\/wp\/v2\/media\/1688"}],"wp:attachment":[{"href":"https:\/\/barcelona.euses.cat\/es\/wp-json\/wp\/v2\/media?parent=2210"}],"wp:term":[{"taxonomy":"category","embeddable":true,"href":"https:\/\/barcelona.euses.cat\/es\/wp-json\/wp\/v2\/categories?post=2210"},{"taxonomy":"post_tag","embeddable":true,"href":"https:\/\/barcelona.euses.cat\/es\/wp-json\/wp\/v2\/tags?post=2210"}],"curies":[{"name":"wp","href":"https:\/\/api.w.org\/{rel}","templated":true}]}}