{"id":2199,"date":"2016-10-10T00:00:00","date_gmt":"2016-10-09T22:00:00","guid":{"rendered":"http:\/\/physiotherapybarcelona.net\/aprender-los-fundamentos-de-la-fisica-mejora-el-ejercicio-profesional-del-fisioterapeuta-el-profesor-bertram-muller-cuenta-su-experiencia-como-docente-en-el-grado-en-fisioterapia-internacional\/"},"modified":"2019-06-03T13:01:34","modified_gmt":"2019-06-03T11:01:34","slug":"aprender-los-fundamentos-de-la-fisica-mejora-el-ejercicio-profesional-del-fisioterapeuta-el-profesor-bertram-muller-cuenta-su-experiencia-como-docente-en-el-grado-en-fisioterapia-internacional","status":"publish","type":"post","link":"https:\/\/barcelona.euses.cat\/es\/aprender-los-fundamentos-de-la-fisica-mejora-el-ejercicio-profesional-del-fisioterapeuta-el-profesor-bertram-muller-cuenta-su-experiencia-como-docente-en-el-grado-en-fisioterapia-internacional\/","title":{"rendered":"&#8216;Aprender los fundamentos de la f\u00edsica mejora el ejercicio profesional del fisioterapeuta&#8217;. El profesor Bertram M\u00fcller cuenta su experiencia como docente en el Grado en Fisioterapia Internacional"},"content":{"rendered":"<p style=\"text-align: justify;\">El profesor <strong>Bertram M\u00fcller<\/strong> forma parte del <strong>equipo docente<\/strong> del <strong>Grado en Fisioterapia Internacional<\/strong> de la <strong>Escuela de Nuevas Tecnolog\u00edas Interactivas<\/strong> <strong>(ENTI-UB)<\/strong> y de la <strong>Escuela Universitaria de la Salud y el Deporte (EUSES-UdG)<\/strong>. En cuanto a su <strong>perfil acad\u00e9mico<\/strong>, cabe se\u00f1alar que es <strong>biomec\u00e1nico<\/strong> de formaci\u00f3n, una rama de la ciencia multidisciplinaria que incorpora conocimientos de <strong>mec\u00e1nica<\/strong>, <strong>ingenier\u00eda<\/strong> y <strong>medicina<\/strong>. Tambi\u00e9n cuenta con una amplia <strong>experiencia<\/strong> internacional en pa\u00edses como <strong>Escocia y Alemania<\/strong>.<\/p>\n<p style=\"text-align: justify;\">En el <strong>primer curso<\/strong> del <strong>Grado en Fisioterapia Internacional<\/strong>, <strong>Bertram M\u00fcller<\/strong> imparte la asignatura de <strong>F\u00edsica<\/strong>, durante la cual, se describen aspectos como la <strong>mec\u00e1nica<\/strong> de los s\u00f3lidos, los fluidos y de los <strong>campos electromagn\u00e9ticos<\/strong> como <strong>base<\/strong> del funcionamiento de por ejemplo: el <strong>sistema m\u00fasculo-esquel\u00e9tico<\/strong> y del uso de <strong>agentes terap\u00e9uticos<\/strong> en <strong>fisioterapia<\/strong>. Seg\u00fan <strong>M\u00fcller<\/strong>, hay muchas maneras de ense\u00f1ar <strong>f\u00edsica<\/strong>. Ahora bien, seg\u00fan \u00e9l, lo m\u00e1s importante es que los alumnos aprendan a <strong>aplicarla<\/strong> en el <strong>d\u00eda a d\u00eda<\/strong>, especialmente en el campo de la <strong>fisioterapia<\/strong>. En este sentido, <strong>M\u00fcller<\/strong> siempre intenta mostrar las <strong>aplicaciones<\/strong> de la <strong>f\u00edsica<\/strong> de una manera <strong>pr\u00e1ctica<\/strong>.<\/p>\n<p style=\"text-align: justify;\">En cuanto a la utilidad de esta <strong>asignatura<\/strong> para los futuros <strong>fisioterapeutas<\/strong>, <strong>M\u00fcller<\/strong> se\u00f1ala que aprender los fundamentos de esta materia es esencial en el <strong>ejercicio profesional <\/strong>de cualquier<strong> fisioterapeuta<\/strong>. Tambi\u00e9n a\u00f1ade que la <strong>f\u00edsica<\/strong> es muy importante porque lleva impl\u00edcitos conceptos como el <strong>calor<\/strong>, el <strong>fr\u00edo<\/strong>, el <strong>movimiento<\/strong>, las <strong>fuerzas<\/strong>&#8230; Y todos ellos son la <strong>base<\/strong> de muchas de las <strong>aplicaciones<\/strong> en <strong>fisioterapia<\/strong>. Por tanto, seg\u00fan <strong>M\u00fcller<\/strong> cuanto mejor se conozcan los usos de la <strong>f\u00edsica<\/strong>, mejor se podr\u00e1n <strong>aplicar<\/strong> y de esta manera, nos ayudar\u00e1n a ejercer mejor la profesi\u00f3n.<\/p>\n<p style=\"text-align: justify;\">En definitiva, durante este <strong>Grado<\/strong> se imparte una <strong>formaci\u00f3n hol\u00edstica<\/strong> y <strong>transversal<\/strong> que incluye <strong>asignaturas espec\u00edficas<\/strong> del \u00e1mbito de la <strong>fisioterapia<\/strong> y de otros <strong>campos<\/strong> para ofrecerte una <strong>formaci\u00f3n completa<\/strong> y de <strong>calidad<\/strong>. Finalmente, entre las <strong>ventajas<\/strong> de estudiar esta titulaci\u00f3n universitaria, <strong>M\u00fcller<\/strong> destaca el hecho de estudiar <strong>\u00edntegramente<\/strong> en <strong>ingl\u00e9s<\/strong>, un idioma muy internacional, cuyo conocimiento es imprescindible; la <strong>internacionalidad<\/strong> de los <strong>alumnos<\/strong>, que facilita el <strong>networking<\/strong> en temas tecnol\u00f3gicos y finalmente, la aplicaci\u00f3n de los \u00faltimos<strong> avances tecnol\u00f3gicos<\/strong> en el \u00e1mbito de la <strong>fisioterapia<\/strong>.<\/p>\n<p style=\"text-align: justify;\">Elige innovaci\u00f3n y calidad, estudiando el <a href=\"https:\/\/goo.gl\/oKlfYx\"><strong>Grado en Fisioterapia Internacional<\/strong><\/a> en el mejor <strong>Campus de la Salud de la UB<\/strong>.<\/p>\n<p>&nbsp;<\/p>\n<p><a href=\"https:\/\/www.youtube.com\/watch?v=oYJoiP5ZLGc\">https:\/\/www.youtube.com\/watch?v=oYJoiP5ZLGc<\/a><\/p>\n<p><strong>\u00a0<\/strong><\/p>\n","protected":false},"excerpt":{"rendered":"<p>El profesor Bertram M\u00fcller forma parte del equipo docente del Grado en Fisioterapia Internacional de la Escuela de Nuevas Tecnolog\u00edas Interactivas (ENTI-UB) y de la Escuela Universitaria de la Salud y el Deporte (EUSES-UdG). En cuanto a su perfil acad\u00e9mico, cabe se\u00f1alar que es biomec\u00e1nico de formaci\u00f3n, una rama de la ciencia multidisciplinaria que incorpora [&hellip;]<\/p>\n","protected":false},"author":1,"featured_media":2200,"comment_status":"closed","ping_status":"closed","sticky":false,"template":"","format":"standard","meta":{"_acf_changed":false,"inline_featured_image":false,"_joinchat":[],"footnotes":""},"categories":[1],"tags":[],"class_list":["post-2199","post","type-post","status-publish","format-standard","has-post-thumbnail","hentry","category-sin-categorizar"],"acf":[],"yoast_head":"<!-- This site is optimized with the Yoast SEO plugin v27.4 - https:\/\/yoast.com\/product\/yoast-seo-wordpress\/ -->\n<title>&#039;Aprender los fundamentos de la f\u00edsica mejora el ejercicio profesional del fisioterapeuta&#039;. El profesor Bertram M\u00fcller cuenta su experiencia como docente en el Grado en Fisioterapia Internacional | EUSES - Campus de Bellvitge (Barcelona)<\/title>\n<meta name=\"robots\" content=\"index, follow, max-snippet:-1, max-image-preview:large, max-video-preview:-1\" \/>\n<link rel=\"canonical\" href=\"https:\/\/barcelona.euses.cat\/es\/aprender-los-fundamentos-de-la-fisica-mejora-el-ejercicio-profesional-del-fisioterapeuta-el-profesor-bertram-muller-cuenta-su-experiencia-como-docente-en-el-grado-en-fisioterapia-internacional\/\" \/>\n<meta property=\"og:locale\" content=\"es_ES\" \/>\n<meta property=\"og:type\" content=\"article\" \/>\n<meta property=\"og:title\" content=\"&#039;Aprender los fundamentos de la f\u00edsica mejora el ejercicio profesional del fisioterapeuta&#039;. El profesor Bertram M\u00fcller cuenta su experiencia como docente en el Grado en Fisioterapia Internacional | EUSES - Campus de Bellvitge (Barcelona)\" \/>\n<meta property=\"og:description\" content=\"El profesor Bertram M\u00fcller forma parte del equipo docente del Grado en Fisioterapia Internacional de la Escuela de Nuevas Tecnolog\u00edas Interactivas (ENTI-UB) y de la Escuela Universitaria de la Salud y el Deporte (EUSES-UdG). En cuanto a su perfil acad\u00e9mico, cabe se\u00f1alar que es biomec\u00e1nico de formaci\u00f3n, una rama de la ciencia multidisciplinaria que incorpora [&hellip;]\" \/>\n<meta property=\"og:url\" content=\"https:\/\/barcelona.euses.cat\/es\/aprender-los-fundamentos-de-la-fisica-mejora-el-ejercicio-profesional-del-fisioterapeuta-el-profesor-bertram-muller-cuenta-su-experiencia-como-docente-en-el-grado-en-fisioterapia-internacional\/\" \/>\n<meta property=\"og:site_name\" content=\"EUSES - Campus de Bellvitge (Barcelona)\" \/>\n<meta property=\"article:publisher\" content=\"https:\/\/www.facebook.com\/PhysioBCN\/\" \/>\n<meta property=\"article:published_time\" content=\"2016-10-09T22:00:00+00:00\" \/>\n<meta property=\"article:modified_time\" content=\"2019-06-03T11:01:34+00:00\" \/>\n<meta property=\"og:image\" content=\"https:\/\/barcelona.euses.cat\/wp-content\/uploads\/2018\/02\/Bertram-M\u00fcller-docente-en-el-Grado-en-Fisioterapia-Internacional-e1476096524962.png\" \/>\n\t<meta property=\"og:image:width\" content=\"1000\" \/>\n\t<meta property=\"og:image:height\" content=\"563\" \/>\n\t<meta property=\"og:image:type\" content=\"image\/png\" \/>\n<meta name=\"author\" content=\"neorg\" \/>\n<meta name=\"twitter:card\" content=\"summary_large_image\" \/>\n<meta name=\"twitter:label1\" content=\"Escrito por\" \/>\n\t<meta name=\"twitter:data1\" content=\"neorg\" \/>\n\t<meta name=\"twitter:label2\" content=\"Tiempo de lectura\" \/>\n\t<meta name=\"twitter:data2\" content=\"2 minutos\" \/>\n<script type=\"application\/ld+json\" class=\"yoast-schema-graph\">{\"@context\":\"https:\\\/\\\/schema.org\",\"@graph\":[{\"@type\":\"Article\",\"@id\":\"https:\\\/\\\/barcelona.euses.cat\\\/es\\\/aprender-los-fundamentos-de-la-fisica-mejora-el-ejercicio-profesional-del-fisioterapeuta-el-profesor-bertram-muller-cuenta-su-experiencia-como-docente-en-el-grado-en-fisioterapia-internacional\\\/#article\",\"isPartOf\":{\"@id\":\"https:\\\/\\\/barcelona.euses.cat\\\/es\\\/aprender-los-fundamentos-de-la-fisica-mejora-el-ejercicio-profesional-del-fisioterapeuta-el-profesor-bertram-muller-cuenta-su-experiencia-como-docente-en-el-grado-en-fisioterapia-internacional\\\/\"},\"author\":{\"name\":\"neorg\",\"@id\":\"https:\\\/\\\/barcelona.euses.cat\\\/ca\\\/#\\\/schema\\\/person\\\/c3074ca9d956eacf02e41e2ff78e53ab\"},\"headline\":\"&#8216;Aprender los fundamentos de la f\u00edsica mejora el ejercicio profesional del fisioterapeuta&#8217;. El profesor Bertram M\u00fcller cuenta su experiencia como docente en el Grado en Fisioterapia Internacional\",\"datePublished\":\"2016-10-09T22:00:00+00:00\",\"dateModified\":\"2019-06-03T11:01:34+00:00\",\"mainEntityOfPage\":{\"@id\":\"https:\\\/\\\/barcelona.euses.cat\\\/es\\\/aprender-los-fundamentos-de-la-fisica-mejora-el-ejercicio-profesional-del-fisioterapeuta-el-profesor-bertram-muller-cuenta-su-experiencia-como-docente-en-el-grado-en-fisioterapia-internacional\\\/\"},\"wordCount\":468,\"image\":{\"@id\":\"https:\\\/\\\/barcelona.euses.cat\\\/es\\\/aprender-los-fundamentos-de-la-fisica-mejora-el-ejercicio-profesional-del-fisioterapeuta-el-profesor-bertram-muller-cuenta-su-experiencia-como-docente-en-el-grado-en-fisioterapia-internacional\\\/#primaryimage\"},\"thumbnailUrl\":\"https:\\\/\\\/barcelona.euses.cat\\\/wp-content\\\/uploads\\\/2018\\\/02\\\/Bertram-M\u00fcller-docente-en-el-Grado-en-Fisioterapia-Internacional-e1476096524962.png\",\"articleSection\":[\"Sin categorizar\"],\"inLanguage\":\"es\"},{\"@type\":\"WebPage\",\"@id\":\"https:\\\/\\\/barcelona.euses.cat\\\/es\\\/aprender-los-fundamentos-de-la-fisica-mejora-el-ejercicio-profesional-del-fisioterapeuta-el-profesor-bertram-muller-cuenta-su-experiencia-como-docente-en-el-grado-en-fisioterapia-internacional\\\/\",\"url\":\"https:\\\/\\\/barcelona.euses.cat\\\/es\\\/aprender-los-fundamentos-de-la-fisica-mejora-el-ejercicio-profesional-del-fisioterapeuta-el-profesor-bertram-muller-cuenta-su-experiencia-como-docente-en-el-grado-en-fisioterapia-internacional\\\/\",\"name\":\"'Aprender los fundamentos de la f\u00edsica mejora el ejercicio profesional del fisioterapeuta'. El profesor Bertram M\u00fcller cuenta su experiencia como docente en el Grado en Fisioterapia Internacional | EUSES - Campus de Bellvitge (Barcelona)\",\"isPartOf\":{\"@id\":\"https:\\\/\\\/barcelona.euses.cat\\\/ca\\\/#website\"},\"primaryImageOfPage\":{\"@id\":\"https:\\\/\\\/barcelona.euses.cat\\\/es\\\/aprender-los-fundamentos-de-la-fisica-mejora-el-ejercicio-profesional-del-fisioterapeuta-el-profesor-bertram-muller-cuenta-su-experiencia-como-docente-en-el-grado-en-fisioterapia-internacional\\\/#primaryimage\"},\"image\":{\"@id\":\"https:\\\/\\\/barcelona.euses.cat\\\/es\\\/aprender-los-fundamentos-de-la-fisica-mejora-el-ejercicio-profesional-del-fisioterapeuta-el-profesor-bertram-muller-cuenta-su-experiencia-como-docente-en-el-grado-en-fisioterapia-internacional\\\/#primaryimage\"},\"thumbnailUrl\":\"https:\\\/\\\/barcelona.euses.cat\\\/wp-content\\\/uploads\\\/2018\\\/02\\\/Bertram-M\u00fcller-docente-en-el-Grado-en-Fisioterapia-Internacional-e1476096524962.png\",\"datePublished\":\"2016-10-09T22:00:00+00:00\",\"dateModified\":\"2019-06-03T11:01:34+00:00\",\"author\":{\"@id\":\"https:\\\/\\\/barcelona.euses.cat\\\/ca\\\/#\\\/schema\\\/person\\\/c3074ca9d956eacf02e41e2ff78e53ab\"},\"breadcrumb\":{\"@id\":\"https:\\\/\\\/barcelona.euses.cat\\\/es\\\/aprender-los-fundamentos-de-la-fisica-mejora-el-ejercicio-profesional-del-fisioterapeuta-el-profesor-bertram-muller-cuenta-su-experiencia-como-docente-en-el-grado-en-fisioterapia-internacional\\\/#breadcrumb\"},\"inLanguage\":\"es\",\"potentialAction\":[{\"@type\":\"ReadAction\",\"target\":[\"https:\\\/\\\/barcelona.euses.cat\\\/es\\\/aprender-los-fundamentos-de-la-fisica-mejora-el-ejercicio-profesional-del-fisioterapeuta-el-profesor-bertram-muller-cuenta-su-experiencia-como-docente-en-el-grado-en-fisioterapia-internacional\\\/\"]}]},{\"@type\":\"ImageObject\",\"inLanguage\":\"es\",\"@id\":\"https:\\\/\\\/barcelona.euses.cat\\\/es\\\/aprender-los-fundamentos-de-la-fisica-mejora-el-ejercicio-profesional-del-fisioterapeuta-el-profesor-bertram-muller-cuenta-su-experiencia-como-docente-en-el-grado-en-fisioterapia-internacional\\\/#primaryimage\",\"url\":\"https:\\\/\\\/barcelona.euses.cat\\\/wp-content\\\/uploads\\\/2018\\\/02\\\/Bertram-M\u00fcller-docente-en-el-Grado-en-Fisioterapia-Internacional-e1476096524962.png\",\"contentUrl\":\"https:\\\/\\\/barcelona.euses.cat\\\/wp-content\\\/uploads\\\/2018\\\/02\\\/Bertram-M\u00fcller-docente-en-el-Grado-en-Fisioterapia-Internacional-e1476096524962.png\",\"width\":1000,\"height\":563},{\"@type\":\"BreadcrumbList\",\"@id\":\"https:\\\/\\\/barcelona.euses.cat\\\/es\\\/aprender-los-fundamentos-de-la-fisica-mejora-el-ejercicio-profesional-del-fisioterapeuta-el-profesor-bertram-muller-cuenta-su-experiencia-como-docente-en-el-grado-en-fisioterapia-internacional\\\/#breadcrumb\",\"itemListElement\":[{\"@type\":\"ListItem\",\"position\":1,\"name\":\"Portada\",\"item\":\"https:\\\/\\\/barcelona.euses.cat\\\/es\\\/\"},{\"@type\":\"ListItem\",\"position\":2,\"name\":\"&#8216;Aprender los fundamentos de la f\u00edsica mejora el ejercicio profesional del fisioterapeuta&#8217;. El profesor Bertram M\u00fcller cuenta su experiencia como docente en el Grado en Fisioterapia Internacional\"}]},{\"@type\":\"WebSite\",\"@id\":\"https:\\\/\\\/barcelona.euses.cat\\\/ca\\\/#website\",\"url\":\"https:\\\/\\\/barcelona.euses.cat\\\/ca\\\/\",\"name\":\"EUSES - Campus de Bellvitge (Barcelona)\",\"description\":\"EUSES, Escuela Universitaria de Fisioterapia Internacional en Barcelona\",\"potentialAction\":[{\"@type\":\"SearchAction\",\"target\":{\"@type\":\"EntryPoint\",\"urlTemplate\":\"https:\\\/\\\/barcelona.euses.cat\\\/ca\\\/?s={search_term_string}\"},\"query-input\":{\"@type\":\"PropertyValueSpecification\",\"valueRequired\":true,\"valueName\":\"search_term_string\"}}],\"inLanguage\":\"es\"},{\"@type\":\"Person\",\"@id\":\"https:\\\/\\\/barcelona.euses.cat\\\/ca\\\/#\\\/schema\\\/person\\\/c3074ca9d956eacf02e41e2ff78e53ab\",\"name\":\"neorg\",\"image\":{\"@type\":\"ImageObject\",\"inLanguage\":\"es\",\"@id\":\"https:\\\/\\\/secure.gravatar.com\\\/avatar\\\/709d3d8015183afa7401c02e2291a538cbfd4ffe62f4d86ce5f4871f22e86b09?s=96&d=mm&r=g\",\"url\":\"https:\\\/\\\/secure.gravatar.com\\\/avatar\\\/709d3d8015183afa7401c02e2291a538cbfd4ffe62f4d86ce5f4871f22e86b09?s=96&d=mm&r=g\",\"contentUrl\":\"https:\\\/\\\/secure.gravatar.com\\\/avatar\\\/709d3d8015183afa7401c02e2291a538cbfd4ffe62f4d86ce5f4871f22e86b09?s=96&d=mm&r=g\",\"caption\":\"neorg\"},\"url\":\"https:\\\/\\\/barcelona.euses.cat\\\/es\\\/author\\\/neorg\\\/\"}]}<\/script>\n<!-- \/ Yoast SEO plugin. -->","yoast_head_json":{"title":"'Aprender los fundamentos de la f\u00edsica mejora el ejercicio profesional del fisioterapeuta'. El profesor Bertram M\u00fcller cuenta su experiencia como docente en el Grado en Fisioterapia Internacional | EUSES - Campus de Bellvitge (Barcelona)","robots":{"index":"index","follow":"follow","max-snippet":"max-snippet:-1","max-image-preview":"max-image-preview:large","max-video-preview":"max-video-preview:-1"},"canonical":"https:\/\/barcelona.euses.cat\/es\/aprender-los-fundamentos-de-la-fisica-mejora-el-ejercicio-profesional-del-fisioterapeuta-el-profesor-bertram-muller-cuenta-su-experiencia-como-docente-en-el-grado-en-fisioterapia-internacional\/","og_locale":"es_ES","og_type":"article","og_title":"'Aprender los fundamentos de la f\u00edsica mejora el ejercicio profesional del fisioterapeuta'. El profesor Bertram M\u00fcller cuenta su experiencia como docente en el Grado en Fisioterapia Internacional | EUSES - Campus de Bellvitge (Barcelona)","og_description":"El profesor Bertram M\u00fcller forma parte del equipo docente del Grado en Fisioterapia Internacional de la Escuela de Nuevas Tecnolog\u00edas Interactivas (ENTI-UB) y de la Escuela Universitaria de la Salud y el Deporte (EUSES-UdG). En cuanto a su perfil acad\u00e9mico, cabe se\u00f1alar que es biomec\u00e1nico de formaci\u00f3n, una rama de la ciencia multidisciplinaria que incorpora [&hellip;]","og_url":"https:\/\/barcelona.euses.cat\/es\/aprender-los-fundamentos-de-la-fisica-mejora-el-ejercicio-profesional-del-fisioterapeuta-el-profesor-bertram-muller-cuenta-su-experiencia-como-docente-en-el-grado-en-fisioterapia-internacional\/","og_site_name":"EUSES - Campus de Bellvitge (Barcelona)","article_publisher":"https:\/\/www.facebook.com\/PhysioBCN\/","article_published_time":"2016-10-09T22:00:00+00:00","article_modified_time":"2019-06-03T11:01:34+00:00","og_image":[{"width":1000,"height":563,"url":"https:\/\/barcelona.euses.cat\/wp-content\/uploads\/2018\/02\/Bertram-M\u00fcller-docente-en-el-Grado-en-Fisioterapia-Internacional-e1476096524962.png","type":"image\/png"}],"author":"neorg","twitter_card":"summary_large_image","twitter_misc":{"Escrito por":"neorg","Tiempo de lectura":"2 minutos"},"schema":{"@context":"https:\/\/schema.org","@graph":[{"@type":"Article","@id":"https:\/\/barcelona.euses.cat\/es\/aprender-los-fundamentos-de-la-fisica-mejora-el-ejercicio-profesional-del-fisioterapeuta-el-profesor-bertram-muller-cuenta-su-experiencia-como-docente-en-el-grado-en-fisioterapia-internacional\/#article","isPartOf":{"@id":"https:\/\/barcelona.euses.cat\/es\/aprender-los-fundamentos-de-la-fisica-mejora-el-ejercicio-profesional-del-fisioterapeuta-el-profesor-bertram-muller-cuenta-su-experiencia-como-docente-en-el-grado-en-fisioterapia-internacional\/"},"author":{"name":"neorg","@id":"https:\/\/barcelona.euses.cat\/ca\/#\/schema\/person\/c3074ca9d956eacf02e41e2ff78e53ab"},"headline":"&#8216;Aprender los fundamentos de la f\u00edsica mejora el ejercicio profesional del fisioterapeuta&#8217;. El profesor Bertram M\u00fcller cuenta su experiencia como docente en el Grado en Fisioterapia Internacional","datePublished":"2016-10-09T22:00:00+00:00","dateModified":"2019-06-03T11:01:34+00:00","mainEntityOfPage":{"@id":"https:\/\/barcelona.euses.cat\/es\/aprender-los-fundamentos-de-la-fisica-mejora-el-ejercicio-profesional-del-fisioterapeuta-el-profesor-bertram-muller-cuenta-su-experiencia-como-docente-en-el-grado-en-fisioterapia-internacional\/"},"wordCount":468,"image":{"@id":"https:\/\/barcelona.euses.cat\/es\/aprender-los-fundamentos-de-la-fisica-mejora-el-ejercicio-profesional-del-fisioterapeuta-el-profesor-bertram-muller-cuenta-su-experiencia-como-docente-en-el-grado-en-fisioterapia-internacional\/#primaryimage"},"thumbnailUrl":"https:\/\/barcelona.euses.cat\/wp-content\/uploads\/2018\/02\/Bertram-M\u00fcller-docente-en-el-Grado-en-Fisioterapia-Internacional-e1476096524962.png","articleSection":["Sin categorizar"],"inLanguage":"es"},{"@type":"WebPage","@id":"https:\/\/barcelona.euses.cat\/es\/aprender-los-fundamentos-de-la-fisica-mejora-el-ejercicio-profesional-del-fisioterapeuta-el-profesor-bertram-muller-cuenta-su-experiencia-como-docente-en-el-grado-en-fisioterapia-internacional\/","url":"https:\/\/barcelona.euses.cat\/es\/aprender-los-fundamentos-de-la-fisica-mejora-el-ejercicio-profesional-del-fisioterapeuta-el-profesor-bertram-muller-cuenta-su-experiencia-como-docente-en-el-grado-en-fisioterapia-internacional\/","name":"'Aprender los fundamentos de la f\u00edsica mejora el ejercicio profesional del fisioterapeuta'. El profesor Bertram M\u00fcller cuenta su experiencia como docente en el Grado en Fisioterapia Internacional | EUSES - Campus de Bellvitge (Barcelona)","isPartOf":{"@id":"https:\/\/barcelona.euses.cat\/ca\/#website"},"primaryImageOfPage":{"@id":"https:\/\/barcelona.euses.cat\/es\/aprender-los-fundamentos-de-la-fisica-mejora-el-ejercicio-profesional-del-fisioterapeuta-el-profesor-bertram-muller-cuenta-su-experiencia-como-docente-en-el-grado-en-fisioterapia-internacional\/#primaryimage"},"image":{"@id":"https:\/\/barcelona.euses.cat\/es\/aprender-los-fundamentos-de-la-fisica-mejora-el-ejercicio-profesional-del-fisioterapeuta-el-profesor-bertram-muller-cuenta-su-experiencia-como-docente-en-el-grado-en-fisioterapia-internacional\/#primaryimage"},"thumbnailUrl":"https:\/\/barcelona.euses.cat\/wp-content\/uploads\/2018\/02\/Bertram-M\u00fcller-docente-en-el-Grado-en-Fisioterapia-Internacional-e1476096524962.png","datePublished":"2016-10-09T22:00:00+00:00","dateModified":"2019-06-03T11:01:34+00:00","author":{"@id":"https:\/\/barcelona.euses.cat\/ca\/#\/schema\/person\/c3074ca9d956eacf02e41e2ff78e53ab"},"breadcrumb":{"@id":"https:\/\/barcelona.euses.cat\/es\/aprender-los-fundamentos-de-la-fisica-mejora-el-ejercicio-profesional-del-fisioterapeuta-el-profesor-bertram-muller-cuenta-su-experiencia-como-docente-en-el-grado-en-fisioterapia-internacional\/#breadcrumb"},"inLanguage":"es","potentialAction":[{"@type":"ReadAction","target":["https:\/\/barcelona.euses.cat\/es\/aprender-los-fundamentos-de-la-fisica-mejora-el-ejercicio-profesional-del-fisioterapeuta-el-profesor-bertram-muller-cuenta-su-experiencia-como-docente-en-el-grado-en-fisioterapia-internacional\/"]}]},{"@type":"ImageObject","inLanguage":"es","@id":"https:\/\/barcelona.euses.cat\/es\/aprender-los-fundamentos-de-la-fisica-mejora-el-ejercicio-profesional-del-fisioterapeuta-el-profesor-bertram-muller-cuenta-su-experiencia-como-docente-en-el-grado-en-fisioterapia-internacional\/#primaryimage","url":"https:\/\/barcelona.euses.cat\/wp-content\/uploads\/2018\/02\/Bertram-M\u00fcller-docente-en-el-Grado-en-Fisioterapia-Internacional-e1476096524962.png","contentUrl":"https:\/\/barcelona.euses.cat\/wp-content\/uploads\/2018\/02\/Bertram-M\u00fcller-docente-en-el-Grado-en-Fisioterapia-Internacional-e1476096524962.png","width":1000,"height":563},{"@type":"BreadcrumbList","@id":"https:\/\/barcelona.euses.cat\/es\/aprender-los-fundamentos-de-la-fisica-mejora-el-ejercicio-profesional-del-fisioterapeuta-el-profesor-bertram-muller-cuenta-su-experiencia-como-docente-en-el-grado-en-fisioterapia-internacional\/#breadcrumb","itemListElement":[{"@type":"ListItem","position":1,"name":"Portada","item":"https:\/\/barcelona.euses.cat\/es\/"},{"@type":"ListItem","position":2,"name":"&#8216;Aprender los fundamentos de la f\u00edsica mejora el ejercicio profesional del fisioterapeuta&#8217;. El profesor Bertram M\u00fcller cuenta su experiencia como docente en el Grado en Fisioterapia Internacional"}]},{"@type":"WebSite","@id":"https:\/\/barcelona.euses.cat\/ca\/#website","url":"https:\/\/barcelona.euses.cat\/ca\/","name":"EUSES - Campus de Bellvitge (Barcelona)","description":"EUSES, Escuela Universitaria de Fisioterapia Internacional en Barcelona","potentialAction":[{"@type":"SearchAction","target":{"@type":"EntryPoint","urlTemplate":"https:\/\/barcelona.euses.cat\/ca\/?s={search_term_string}"},"query-input":{"@type":"PropertyValueSpecification","valueRequired":true,"valueName":"search_term_string"}}],"inLanguage":"es"},{"@type":"Person","@id":"https:\/\/barcelona.euses.cat\/ca\/#\/schema\/person\/c3074ca9d956eacf02e41e2ff78e53ab","name":"neorg","image":{"@type":"ImageObject","inLanguage":"es","@id":"https:\/\/secure.gravatar.com\/avatar\/709d3d8015183afa7401c02e2291a538cbfd4ffe62f4d86ce5f4871f22e86b09?s=96&d=mm&r=g","url":"https:\/\/secure.gravatar.com\/avatar\/709d3d8015183afa7401c02e2291a538cbfd4ffe62f4d86ce5f4871f22e86b09?s=96&d=mm&r=g","contentUrl":"https:\/\/secure.gravatar.com\/avatar\/709d3d8015183afa7401c02e2291a538cbfd4ffe62f4d86ce5f4871f22e86b09?s=96&d=mm&r=g","caption":"neorg"},"url":"https:\/\/barcelona.euses.cat\/es\/author\/neorg\/"}]}},"_links":{"self":[{"href":"https:\/\/barcelona.euses.cat\/es\/wp-json\/wp\/v2\/posts\/2199","targetHints":{"allow":["GET"]}}],"collection":[{"href":"https:\/\/barcelona.euses.cat\/es\/wp-json\/wp\/v2\/posts"}],"about":[{"href":"https:\/\/barcelona.euses.cat\/es\/wp-json\/wp\/v2\/types\/post"}],"author":[{"embeddable":true,"href":"https:\/\/barcelona.euses.cat\/es\/wp-json\/wp\/v2\/users\/1"}],"replies":[{"embeddable":true,"href":"https:\/\/barcelona.euses.cat\/es\/wp-json\/wp\/v2\/comments?post=2199"}],"version-history":[{"count":1,"href":"https:\/\/barcelona.euses.cat\/es\/wp-json\/wp\/v2\/posts\/2199\/revisions"}],"predecessor-version":[{"id":6886,"href":"https:\/\/barcelona.euses.cat\/es\/wp-json\/wp\/v2\/posts\/2199\/revisions\/6886"}],"wp:featuredmedia":[{"embeddable":true,"href":"https:\/\/barcelona.euses.cat\/es\/wp-json\/wp\/v2\/media\/2200"}],"wp:attachment":[{"href":"https:\/\/barcelona.euses.cat\/es\/wp-json\/wp\/v2\/media?parent=2199"}],"wp:term":[{"taxonomy":"category","embeddable":true,"href":"https:\/\/barcelona.euses.cat\/es\/wp-json\/wp\/v2\/categories?post=2199"},{"taxonomy":"post_tag","embeddable":true,"href":"https:\/\/barcelona.euses.cat\/es\/wp-json\/wp\/v2\/tags?post=2199"}],"curies":[{"name":"wp","href":"https:\/\/api.w.org\/{rel}","templated":true}]}}