{"id":2194,"date":"2016-10-03T00:00:00","date_gmt":"2016-10-02T22:00:00","guid":{"rendered":"http:\/\/physiotherapybarcelona.net\/en-las-clases-siempre-intento-aplicar-la-teoria-a-la-practica-clinica-conocemos-el-perfil-academico-de-rocio-diaz-profesora-del-grado-en-fisioterapia-internacional-en-el-campus-de-la-ub\/"},"modified":"2019-06-03T13:02:12","modified_gmt":"2019-06-03T11:02:12","slug":"en-las-clases-siempre-intento-aplicar-la-teoria-a-la-practica-clinica-conocemos-el-perfil-academico-de-rocio-diaz-profesora-del-grado-en-fisioterapia-internacional-en-el-campus-de-la-ub","status":"publish","type":"post","link":"https:\/\/barcelona.euses.cat\/es\/en-las-clases-siempre-intento-aplicar-la-teoria-a-la-practica-clinica-conocemos-el-perfil-academico-de-rocio-diaz-profesora-del-grado-en-fisioterapia-internacional-en-el-campus-de-la-ub\/","title":{"rendered":"\u2018En las clases, siempre intento aplicar la teor\u00eda a la pr\u00e1ctica cl\u00ednica&#8217;. Conocemos el perfil acad\u00e9mico de Roc\u00edo D\u00edaz, profesora del Grado en Fisioterapia Internacional en el Campus de la UB"},"content":{"rendered":"<p>La <strong>profesora y m\u00e9dica<\/strong>, <strong>Roc\u00edo D\u00edaz<\/strong> forma parte del <strong>equipo docente<\/strong> del <strong>Grado en Fisioterapia Internacional de la Escuela de Nuevas Tecnolog\u00edas Interactivas (ENTI-UB)<\/strong> y de la <strong>Escuela Universitaria de la Salud y el Deporte (EUSES-UdG)<\/strong>. Cuenta con un <strong>perfil acad\u00e9mico<\/strong> basado en la rama de la <strong>Anatom\u00eda<\/strong> y las <strong>Afecciones m\u00e9dicas<\/strong>; adem\u00e1s, de estar especializada en <strong>dermatolog\u00eda<\/strong>. En cuanto a las asignaturas que imparte: <strong>Anatom\u00eda<\/strong>, <strong>Medicina quir\u00fargica,<\/strong> <strong>Ortopedia y Traumatolog\u00eda<\/strong>, se\u00f1ala que siempre intenta relacionar la <strong>teor\u00eda<\/strong> con la <strong>pr\u00e1ctica<\/strong> para que los alumnos conozcan las <strong>aplicaciones reales<\/strong> de cada una de ellas en el <strong>\u00e1mbito<\/strong> <strong>profesional<\/strong>.<\/p>\n<p>En el <strong>primer curso<\/strong> del <strong>Grado en Fisioterapia Internacional<\/strong>, <strong>Roc\u00edo D\u00edaz<\/strong> imparte la asignatura de <strong>Anatom\u00eda<\/strong>, durante la cual, los alumnos aprender\u00e1n las bases de las <strong>estructuras<\/strong> y de los diferentes tejidos del <strong>cuerpo humano<\/strong>, relacion\u00e1ndolos entre ellos, conociendo sus <strong>movimientos<\/strong> y partes involucradas. <strong>D\u00edaz<\/strong> considera que esta materia es <strong>esencial<\/strong> para todo <strong>fisioterapeuta<\/strong> en el <strong>ejercicio diario<\/strong> de su <strong>profesi\u00f3n<\/strong>. Precisamente, por este motivo, a pesar de ser una asignatura eminentemente <strong>te\u00f3rica<\/strong>, siempre intenta incorporar la <strong>vertiente pr\u00e1ctica<\/strong> en sus clases, adjuntando <strong>ejemplos<\/strong> y <strong>casos reales<\/strong>. Por lo tanto, siempre se hacen <strong>ejercicios<\/strong>, con los que cuales, se intenta discutir sobre la aplicaci\u00f3n de la <strong>teor\u00eda<\/strong> en <strong>casos cl\u00ednicos<\/strong> concretos. Este \u00faltimo aspecto puede ser especialmente interesante para fisioterapeutas especializados en determinados campos.<\/p>\n<p>Este nuevo <strong>curso acad\u00e9mico 2016-2017<\/strong>, <strong>Roc\u00edo D\u00edaz<\/strong> tambi\u00e9n impartir\u00e1 en <strong>segundo curso<\/strong>: <strong>Medicina quir\u00fargica<\/strong>, <strong>Ortopedia y Traumatolog\u00eda<\/strong>. En <strong>Medicina quir\u00fargica<\/strong>, se abordan los fundamentos de las <strong>enfermedades<\/strong> y se proporciona informaci\u00f3n referente a las diferentes <strong>especializaciones<\/strong> de la <strong>medicina<\/strong>, las diferentes <strong>patolog\u00edas<\/strong> y <strong>especialidades<\/strong>. En cambio, en <strong>Ortopedia y traumatolog\u00eda<\/strong> se pone el foco en los diferentes tipos de <strong>patolog\u00edas<\/strong> de condici\u00f3n <strong>traumatol\u00f3gica<\/strong>.<\/p>\n<p>En definitiva, en el <strong>Grado en Fisioterapia Internacional<\/strong>, adem\u00e1s de contar con un <strong>excelente<\/strong> <strong>profesorado<\/strong>, aprender\u00e1s a aplicar las <strong>nuevas tecnolog\u00edas<\/strong> en el campo de la <strong>fisioterapia<\/strong>; estudiar\u00e1s \u00edntegramente en <strong>ingl\u00e9s<\/strong>, un idioma, el dominio del cual es imprescindible en la sociedad actual; dispondr\u00e1s de <strong>m\u00e1s de 1000 convenios<\/strong> de <strong>pr\u00e1cticas<\/strong> en centros distribuidos por toda <strong>Catalu\u00f1a<\/strong> y <strong>Francia<\/strong> y tendr\u00e1s acceso a m\u00faltiples <strong>programas de intercambio internacional<\/strong> en centros de referencia en el \u00e1mbito sanitario, entre otras muchas ventajas.<\/p>\n<p>En esta misma l\u00ednea, la profesora <strong>Roc\u00edo D\u00edaz<\/strong> destaca como puntos fuertes, el <strong>entorno docente<\/strong>: el <strong>Campus de la salud<\/strong> <strong>de la UB<\/strong> con <strong>alumnos internacionales<\/strong> y la <strong>mejora<\/strong> de las <strong>competencias<\/strong> <strong>ling\u00fc\u00edsticas<\/strong> del alumnado, garantizando <strong>m\u00e1s y mejores oportunidades laborales<\/strong>, una vez finalizados estos estudios.<\/p>\n<p><iframe title=\"Interview with Roc\u00edo D\u00edaz, physician and lecturer at Physiotherapy Barcelona\" width=\"500\" height=\"281\" src=\"https:\/\/www.youtube.com\/embed\/hQ6oTdF0Pi4?feature=oembed\" frameborder=\"0\" allow=\"accelerometer; autoplay; clipboard-write; encrypted-media; gyroscope; picture-in-picture; web-share\" referrerpolicy=\"strict-origin-when-cross-origin\" allowfullscreen><\/iframe><\/p>\n","protected":false},"excerpt":{"rendered":"<p>La profesora y m\u00e9dica, Roc\u00edo D\u00edaz forma parte del equipo docente del Grado en Fisioterapia Internacional de la Escuela de Nuevas Tecnolog\u00edas Interactivas (ENTI-UB) y de la Escuela Universitaria de la Salud y el Deporte (EUSES-UdG). Cuenta con un perfil acad\u00e9mico basado en la rama de la Anatom\u00eda y las Afecciones m\u00e9dicas; adem\u00e1s, de estar [&hellip;]<\/p>\n","protected":false},"author":1,"featured_media":2195,"comment_status":"closed","ping_status":"closed","sticky":false,"template":"","format":"standard","meta":{"_acf_changed":false,"inline_featured_image":false,"_joinchat":[],"footnotes":""},"categories":[1],"tags":[],"class_list":["post-2194","post","type-post","status-publish","format-standard","has-post-thumbnail","hentry","category-sin-categorizar"],"acf":[],"yoast_head":"<!-- This site is optimized with the Yoast SEO plugin v27.4 - https:\/\/yoast.com\/product\/yoast-seo-wordpress\/ -->\n<title>\u2018En las clases, siempre intento aplicar la teor\u00eda a la pr\u00e1ctica cl\u00ednica&#039;. Conocemos el perfil acad\u00e9mico de Roc\u00edo D\u00edaz, profesora del Grado en Fisioterapia Internacional en el Campus de la UB | EUSES - Campus de Bellvitge (Barcelona)<\/title>\n<meta name=\"robots\" content=\"index, follow, max-snippet:-1, max-image-preview:large, max-video-preview:-1\" \/>\n<link rel=\"canonical\" href=\"https:\/\/barcelona.euses.cat\/es\/en-las-clases-siempre-intento-aplicar-la-teoria-a-la-practica-clinica-conocemos-el-perfil-academico-de-rocio-diaz-profesora-del-grado-en-fisioterapia-internacional-en-el-campus-de-la-ub\/\" \/>\n<meta property=\"og:locale\" content=\"es_ES\" \/>\n<meta property=\"og:type\" content=\"article\" \/>\n<meta property=\"og:title\" content=\"\u2018En las clases, siempre intento aplicar la teor\u00eda a la pr\u00e1ctica cl\u00ednica&#039;. Conocemos el perfil acad\u00e9mico de Roc\u00edo D\u00edaz, profesora del Grado en Fisioterapia Internacional en el Campus de la UB | EUSES - Campus de Bellvitge (Barcelona)\" \/>\n<meta property=\"og:description\" content=\"La profesora y m\u00e9dica, Roc\u00edo D\u00edaz forma parte del equipo docente del Grado en Fisioterapia Internacional de la Escuela de Nuevas Tecnolog\u00edas Interactivas (ENTI-UB) y de la Escuela Universitaria de la Salud y el Deporte (EUSES-UdG). Cuenta con un perfil acad\u00e9mico basado en la rama de la Anatom\u00eda y las Afecciones m\u00e9dicas; adem\u00e1s, de estar [&hellip;]\" \/>\n<meta property=\"og:url\" content=\"https:\/\/barcelona.euses.cat\/es\/en-las-clases-siempre-intento-aplicar-la-teoria-a-la-practica-clinica-conocemos-el-perfil-academico-de-rocio-diaz-profesora-del-grado-en-fisioterapia-internacional-en-el-campus-de-la-ub\/\" \/>\n<meta property=\"og:site_name\" content=\"EUSES - Campus de Bellvitge (Barcelona)\" \/>\n<meta property=\"article:publisher\" content=\"https:\/\/www.facebook.com\/PhysioBCN\/\" \/>\n<meta property=\"article:published_time\" content=\"2016-10-02T22:00:00+00:00\" \/>\n<meta property=\"article:modified_time\" content=\"2019-06-03T11:02:12+00:00\" \/>\n<meta property=\"og:image\" content=\"https:\/\/barcelona.euses.cat\/wp-content\/uploads\/2018\/02\/rocio-09.png\" \/>\n\t<meta property=\"og:image:width\" content=\"4000\" \/>\n\t<meta property=\"og:image:height\" content=\"2250\" \/>\n\t<meta property=\"og:image:type\" content=\"image\/png\" \/>\n<meta name=\"author\" content=\"neorg\" \/>\n<meta name=\"twitter:card\" content=\"summary_large_image\" \/>\n<meta name=\"twitter:label1\" content=\"Escrito por\" \/>\n\t<meta name=\"twitter:data1\" content=\"neorg\" \/>\n\t<meta name=\"twitter:label2\" content=\"Tiempo de lectura\" \/>\n\t<meta name=\"twitter:data2\" content=\"2 minutos\" \/>\n<script type=\"application\/ld+json\" class=\"yoast-schema-graph\">{\"@context\":\"https:\\\/\\\/schema.org\",\"@graph\":[{\"@type\":\"Article\",\"@id\":\"https:\\\/\\\/barcelona.euses.cat\\\/es\\\/en-las-clases-siempre-intento-aplicar-la-teoria-a-la-practica-clinica-conocemos-el-perfil-academico-de-rocio-diaz-profesora-del-grado-en-fisioterapia-internacional-en-el-campus-de-la-ub\\\/#article\",\"isPartOf\":{\"@id\":\"https:\\\/\\\/barcelona.euses.cat\\\/es\\\/en-las-clases-siempre-intento-aplicar-la-teoria-a-la-practica-clinica-conocemos-el-perfil-academico-de-rocio-diaz-profesora-del-grado-en-fisioterapia-internacional-en-el-campus-de-la-ub\\\/\"},\"author\":{\"name\":\"neorg\",\"@id\":\"https:\\\/\\\/barcelona.euses.cat\\\/ca\\\/#\\\/schema\\\/person\\\/c3074ca9d956eacf02e41e2ff78e53ab\"},\"headline\":\"\u2018En las clases, siempre intento aplicar la teor\u00eda a la pr\u00e1ctica cl\u00ednica&#8217;. Conocemos el perfil acad\u00e9mico de Roc\u00edo D\u00edaz, profesora del Grado en Fisioterapia Internacional en el Campus de la UB\",\"datePublished\":\"2016-10-02T22:00:00+00:00\",\"dateModified\":\"2019-06-03T11:02:12+00:00\",\"mainEntityOfPage\":{\"@id\":\"https:\\\/\\\/barcelona.euses.cat\\\/es\\\/en-las-clases-siempre-intento-aplicar-la-teoria-a-la-practica-clinica-conocemos-el-perfil-academico-de-rocio-diaz-profesora-del-grado-en-fisioterapia-internacional-en-el-campus-de-la-ub\\\/\"},\"wordCount\":514,\"image\":{\"@id\":\"https:\\\/\\\/barcelona.euses.cat\\\/es\\\/en-las-clases-siempre-intento-aplicar-la-teoria-a-la-practica-clinica-conocemos-el-perfil-academico-de-rocio-diaz-profesora-del-grado-en-fisioterapia-internacional-en-el-campus-de-la-ub\\\/#primaryimage\"},\"thumbnailUrl\":\"https:\\\/\\\/barcelona.euses.cat\\\/wp-content\\\/uploads\\\/2018\\\/02\\\/rocio-09.png\",\"articleSection\":[\"Sin categorizar\"],\"inLanguage\":\"es\"},{\"@type\":\"WebPage\",\"@id\":\"https:\\\/\\\/barcelona.euses.cat\\\/es\\\/en-las-clases-siempre-intento-aplicar-la-teoria-a-la-practica-clinica-conocemos-el-perfil-academico-de-rocio-diaz-profesora-del-grado-en-fisioterapia-internacional-en-el-campus-de-la-ub\\\/\",\"url\":\"https:\\\/\\\/barcelona.euses.cat\\\/es\\\/en-las-clases-siempre-intento-aplicar-la-teoria-a-la-practica-clinica-conocemos-el-perfil-academico-de-rocio-diaz-profesora-del-grado-en-fisioterapia-internacional-en-el-campus-de-la-ub\\\/\",\"name\":\"\u2018En las clases, siempre intento aplicar la teor\u00eda a la pr\u00e1ctica cl\u00ednica'. Conocemos el perfil acad\u00e9mico de Roc\u00edo D\u00edaz, profesora del Grado en Fisioterapia Internacional en el Campus de la UB | EUSES - Campus de Bellvitge (Barcelona)\",\"isPartOf\":{\"@id\":\"https:\\\/\\\/barcelona.euses.cat\\\/ca\\\/#website\"},\"primaryImageOfPage\":{\"@id\":\"https:\\\/\\\/barcelona.euses.cat\\\/es\\\/en-las-clases-siempre-intento-aplicar-la-teoria-a-la-practica-clinica-conocemos-el-perfil-academico-de-rocio-diaz-profesora-del-grado-en-fisioterapia-internacional-en-el-campus-de-la-ub\\\/#primaryimage\"},\"image\":{\"@id\":\"https:\\\/\\\/barcelona.euses.cat\\\/es\\\/en-las-clases-siempre-intento-aplicar-la-teoria-a-la-practica-clinica-conocemos-el-perfil-academico-de-rocio-diaz-profesora-del-grado-en-fisioterapia-internacional-en-el-campus-de-la-ub\\\/#primaryimage\"},\"thumbnailUrl\":\"https:\\\/\\\/barcelona.euses.cat\\\/wp-content\\\/uploads\\\/2018\\\/02\\\/rocio-09.png\",\"datePublished\":\"2016-10-02T22:00:00+00:00\",\"dateModified\":\"2019-06-03T11:02:12+00:00\",\"author\":{\"@id\":\"https:\\\/\\\/barcelona.euses.cat\\\/ca\\\/#\\\/schema\\\/person\\\/c3074ca9d956eacf02e41e2ff78e53ab\"},\"breadcrumb\":{\"@id\":\"https:\\\/\\\/barcelona.euses.cat\\\/es\\\/en-las-clases-siempre-intento-aplicar-la-teoria-a-la-practica-clinica-conocemos-el-perfil-academico-de-rocio-diaz-profesora-del-grado-en-fisioterapia-internacional-en-el-campus-de-la-ub\\\/#breadcrumb\"},\"inLanguage\":\"es\",\"potentialAction\":[{\"@type\":\"ReadAction\",\"target\":[\"https:\\\/\\\/barcelona.euses.cat\\\/es\\\/en-las-clases-siempre-intento-aplicar-la-teoria-a-la-practica-clinica-conocemos-el-perfil-academico-de-rocio-diaz-profesora-del-grado-en-fisioterapia-internacional-en-el-campus-de-la-ub\\\/\"]}]},{\"@type\":\"ImageObject\",\"inLanguage\":\"es\",\"@id\":\"https:\\\/\\\/barcelona.euses.cat\\\/es\\\/en-las-clases-siempre-intento-aplicar-la-teoria-a-la-practica-clinica-conocemos-el-perfil-academico-de-rocio-diaz-profesora-del-grado-en-fisioterapia-internacional-en-el-campus-de-la-ub\\\/#primaryimage\",\"url\":\"https:\\\/\\\/barcelona.euses.cat\\\/wp-content\\\/uploads\\\/2018\\\/02\\\/rocio-09.png\",\"contentUrl\":\"https:\\\/\\\/barcelona.euses.cat\\\/wp-content\\\/uploads\\\/2018\\\/02\\\/rocio-09.png\",\"width\":4000,\"height\":2250},{\"@type\":\"BreadcrumbList\",\"@id\":\"https:\\\/\\\/barcelona.euses.cat\\\/es\\\/en-las-clases-siempre-intento-aplicar-la-teoria-a-la-practica-clinica-conocemos-el-perfil-academico-de-rocio-diaz-profesora-del-grado-en-fisioterapia-internacional-en-el-campus-de-la-ub\\\/#breadcrumb\",\"itemListElement\":[{\"@type\":\"ListItem\",\"position\":1,\"name\":\"Portada\",\"item\":\"https:\\\/\\\/barcelona.euses.cat\\\/es\\\/\"},{\"@type\":\"ListItem\",\"position\":2,\"name\":\"\u2018En las clases, siempre intento aplicar la teor\u00eda a la pr\u00e1ctica cl\u00ednica&#8217;. Conocemos el perfil acad\u00e9mico de Roc\u00edo D\u00edaz, profesora del Grado en Fisioterapia Internacional en el Campus de la UB\"}]},{\"@type\":\"WebSite\",\"@id\":\"https:\\\/\\\/barcelona.euses.cat\\\/ca\\\/#website\",\"url\":\"https:\\\/\\\/barcelona.euses.cat\\\/ca\\\/\",\"name\":\"EUSES - Campus de Bellvitge (Barcelona)\",\"description\":\"EUSES, Escuela Universitaria de Fisioterapia Internacional en Barcelona\",\"potentialAction\":[{\"@type\":\"SearchAction\",\"target\":{\"@type\":\"EntryPoint\",\"urlTemplate\":\"https:\\\/\\\/barcelona.euses.cat\\\/ca\\\/?s={search_term_string}\"},\"query-input\":{\"@type\":\"PropertyValueSpecification\",\"valueRequired\":true,\"valueName\":\"search_term_string\"}}],\"inLanguage\":\"es\"},{\"@type\":\"Person\",\"@id\":\"https:\\\/\\\/barcelona.euses.cat\\\/ca\\\/#\\\/schema\\\/person\\\/c3074ca9d956eacf02e41e2ff78e53ab\",\"name\":\"neorg\",\"image\":{\"@type\":\"ImageObject\",\"inLanguage\":\"es\",\"@id\":\"https:\\\/\\\/secure.gravatar.com\\\/avatar\\\/709d3d8015183afa7401c02e2291a538cbfd4ffe62f4d86ce5f4871f22e86b09?s=96&d=mm&r=g\",\"url\":\"https:\\\/\\\/secure.gravatar.com\\\/avatar\\\/709d3d8015183afa7401c02e2291a538cbfd4ffe62f4d86ce5f4871f22e86b09?s=96&d=mm&r=g\",\"contentUrl\":\"https:\\\/\\\/secure.gravatar.com\\\/avatar\\\/709d3d8015183afa7401c02e2291a538cbfd4ffe62f4d86ce5f4871f22e86b09?s=96&d=mm&r=g\",\"caption\":\"neorg\"},\"url\":\"https:\\\/\\\/barcelona.euses.cat\\\/es\\\/author\\\/neorg\\\/\"}]}<\/script>\n<!-- \/ Yoast SEO plugin. -->","yoast_head_json":{"title":"\u2018En las clases, siempre intento aplicar la teor\u00eda a la pr\u00e1ctica cl\u00ednica'. Conocemos el perfil acad\u00e9mico de Roc\u00edo D\u00edaz, profesora del Grado en Fisioterapia Internacional en el Campus de la UB | EUSES - Campus de Bellvitge (Barcelona)","robots":{"index":"index","follow":"follow","max-snippet":"max-snippet:-1","max-image-preview":"max-image-preview:large","max-video-preview":"max-video-preview:-1"},"canonical":"https:\/\/barcelona.euses.cat\/es\/en-las-clases-siempre-intento-aplicar-la-teoria-a-la-practica-clinica-conocemos-el-perfil-academico-de-rocio-diaz-profesora-del-grado-en-fisioterapia-internacional-en-el-campus-de-la-ub\/","og_locale":"es_ES","og_type":"article","og_title":"\u2018En las clases, siempre intento aplicar la teor\u00eda a la pr\u00e1ctica cl\u00ednica'. Conocemos el perfil acad\u00e9mico de Roc\u00edo D\u00edaz, profesora del Grado en Fisioterapia Internacional en el Campus de la UB | EUSES - Campus de Bellvitge (Barcelona)","og_description":"La profesora y m\u00e9dica, Roc\u00edo D\u00edaz forma parte del equipo docente del Grado en Fisioterapia Internacional de la Escuela de Nuevas Tecnolog\u00edas Interactivas (ENTI-UB) y de la Escuela Universitaria de la Salud y el Deporte (EUSES-UdG). Cuenta con un perfil acad\u00e9mico basado en la rama de la Anatom\u00eda y las Afecciones m\u00e9dicas; adem\u00e1s, de estar [&hellip;]","og_url":"https:\/\/barcelona.euses.cat\/es\/en-las-clases-siempre-intento-aplicar-la-teoria-a-la-practica-clinica-conocemos-el-perfil-academico-de-rocio-diaz-profesora-del-grado-en-fisioterapia-internacional-en-el-campus-de-la-ub\/","og_site_name":"EUSES - Campus de Bellvitge (Barcelona)","article_publisher":"https:\/\/www.facebook.com\/PhysioBCN\/","article_published_time":"2016-10-02T22:00:00+00:00","article_modified_time":"2019-06-03T11:02:12+00:00","og_image":[{"width":4000,"height":2250,"url":"https:\/\/barcelona.euses.cat\/wp-content\/uploads\/2018\/02\/rocio-09.png","type":"image\/png"}],"author":"neorg","twitter_card":"summary_large_image","twitter_misc":{"Escrito por":"neorg","Tiempo de lectura":"2 minutos"},"schema":{"@context":"https:\/\/schema.org","@graph":[{"@type":"Article","@id":"https:\/\/barcelona.euses.cat\/es\/en-las-clases-siempre-intento-aplicar-la-teoria-a-la-practica-clinica-conocemos-el-perfil-academico-de-rocio-diaz-profesora-del-grado-en-fisioterapia-internacional-en-el-campus-de-la-ub\/#article","isPartOf":{"@id":"https:\/\/barcelona.euses.cat\/es\/en-las-clases-siempre-intento-aplicar-la-teoria-a-la-practica-clinica-conocemos-el-perfil-academico-de-rocio-diaz-profesora-del-grado-en-fisioterapia-internacional-en-el-campus-de-la-ub\/"},"author":{"name":"neorg","@id":"https:\/\/barcelona.euses.cat\/ca\/#\/schema\/person\/c3074ca9d956eacf02e41e2ff78e53ab"},"headline":"\u2018En las clases, siempre intento aplicar la teor\u00eda a la pr\u00e1ctica cl\u00ednica&#8217;. Conocemos el perfil acad\u00e9mico de Roc\u00edo D\u00edaz, profesora del Grado en Fisioterapia Internacional en el Campus de la UB","datePublished":"2016-10-02T22:00:00+00:00","dateModified":"2019-06-03T11:02:12+00:00","mainEntityOfPage":{"@id":"https:\/\/barcelona.euses.cat\/es\/en-las-clases-siempre-intento-aplicar-la-teoria-a-la-practica-clinica-conocemos-el-perfil-academico-de-rocio-diaz-profesora-del-grado-en-fisioterapia-internacional-en-el-campus-de-la-ub\/"},"wordCount":514,"image":{"@id":"https:\/\/barcelona.euses.cat\/es\/en-las-clases-siempre-intento-aplicar-la-teoria-a-la-practica-clinica-conocemos-el-perfil-academico-de-rocio-diaz-profesora-del-grado-en-fisioterapia-internacional-en-el-campus-de-la-ub\/#primaryimage"},"thumbnailUrl":"https:\/\/barcelona.euses.cat\/wp-content\/uploads\/2018\/02\/rocio-09.png","articleSection":["Sin categorizar"],"inLanguage":"es"},{"@type":"WebPage","@id":"https:\/\/barcelona.euses.cat\/es\/en-las-clases-siempre-intento-aplicar-la-teoria-a-la-practica-clinica-conocemos-el-perfil-academico-de-rocio-diaz-profesora-del-grado-en-fisioterapia-internacional-en-el-campus-de-la-ub\/","url":"https:\/\/barcelona.euses.cat\/es\/en-las-clases-siempre-intento-aplicar-la-teoria-a-la-practica-clinica-conocemos-el-perfil-academico-de-rocio-diaz-profesora-del-grado-en-fisioterapia-internacional-en-el-campus-de-la-ub\/","name":"\u2018En las clases, siempre intento aplicar la teor\u00eda a la pr\u00e1ctica cl\u00ednica'. Conocemos el perfil acad\u00e9mico de Roc\u00edo D\u00edaz, profesora del Grado en Fisioterapia Internacional en el Campus de la UB | EUSES - Campus de Bellvitge (Barcelona)","isPartOf":{"@id":"https:\/\/barcelona.euses.cat\/ca\/#website"},"primaryImageOfPage":{"@id":"https:\/\/barcelona.euses.cat\/es\/en-las-clases-siempre-intento-aplicar-la-teoria-a-la-practica-clinica-conocemos-el-perfil-academico-de-rocio-diaz-profesora-del-grado-en-fisioterapia-internacional-en-el-campus-de-la-ub\/#primaryimage"},"image":{"@id":"https:\/\/barcelona.euses.cat\/es\/en-las-clases-siempre-intento-aplicar-la-teoria-a-la-practica-clinica-conocemos-el-perfil-academico-de-rocio-diaz-profesora-del-grado-en-fisioterapia-internacional-en-el-campus-de-la-ub\/#primaryimage"},"thumbnailUrl":"https:\/\/barcelona.euses.cat\/wp-content\/uploads\/2018\/02\/rocio-09.png","datePublished":"2016-10-02T22:00:00+00:00","dateModified":"2019-06-03T11:02:12+00:00","author":{"@id":"https:\/\/barcelona.euses.cat\/ca\/#\/schema\/person\/c3074ca9d956eacf02e41e2ff78e53ab"},"breadcrumb":{"@id":"https:\/\/barcelona.euses.cat\/es\/en-las-clases-siempre-intento-aplicar-la-teoria-a-la-practica-clinica-conocemos-el-perfil-academico-de-rocio-diaz-profesora-del-grado-en-fisioterapia-internacional-en-el-campus-de-la-ub\/#breadcrumb"},"inLanguage":"es","potentialAction":[{"@type":"ReadAction","target":["https:\/\/barcelona.euses.cat\/es\/en-las-clases-siempre-intento-aplicar-la-teoria-a-la-practica-clinica-conocemos-el-perfil-academico-de-rocio-diaz-profesora-del-grado-en-fisioterapia-internacional-en-el-campus-de-la-ub\/"]}]},{"@type":"ImageObject","inLanguage":"es","@id":"https:\/\/barcelona.euses.cat\/es\/en-las-clases-siempre-intento-aplicar-la-teoria-a-la-practica-clinica-conocemos-el-perfil-academico-de-rocio-diaz-profesora-del-grado-en-fisioterapia-internacional-en-el-campus-de-la-ub\/#primaryimage","url":"https:\/\/barcelona.euses.cat\/wp-content\/uploads\/2018\/02\/rocio-09.png","contentUrl":"https:\/\/barcelona.euses.cat\/wp-content\/uploads\/2018\/02\/rocio-09.png","width":4000,"height":2250},{"@type":"BreadcrumbList","@id":"https:\/\/barcelona.euses.cat\/es\/en-las-clases-siempre-intento-aplicar-la-teoria-a-la-practica-clinica-conocemos-el-perfil-academico-de-rocio-diaz-profesora-del-grado-en-fisioterapia-internacional-en-el-campus-de-la-ub\/#breadcrumb","itemListElement":[{"@type":"ListItem","position":1,"name":"Portada","item":"https:\/\/barcelona.euses.cat\/es\/"},{"@type":"ListItem","position":2,"name":"\u2018En las clases, siempre intento aplicar la teor\u00eda a la pr\u00e1ctica cl\u00ednica&#8217;. Conocemos el perfil acad\u00e9mico de Roc\u00edo D\u00edaz, profesora del Grado en Fisioterapia Internacional en el Campus de la UB"}]},{"@type":"WebSite","@id":"https:\/\/barcelona.euses.cat\/ca\/#website","url":"https:\/\/barcelona.euses.cat\/ca\/","name":"EUSES - Campus de Bellvitge (Barcelona)","description":"EUSES, Escuela Universitaria de Fisioterapia Internacional en Barcelona","potentialAction":[{"@type":"SearchAction","target":{"@type":"EntryPoint","urlTemplate":"https:\/\/barcelona.euses.cat\/ca\/?s={search_term_string}"},"query-input":{"@type":"PropertyValueSpecification","valueRequired":true,"valueName":"search_term_string"}}],"inLanguage":"es"},{"@type":"Person","@id":"https:\/\/barcelona.euses.cat\/ca\/#\/schema\/person\/c3074ca9d956eacf02e41e2ff78e53ab","name":"neorg","image":{"@type":"ImageObject","inLanguage":"es","@id":"https:\/\/secure.gravatar.com\/avatar\/709d3d8015183afa7401c02e2291a538cbfd4ffe62f4d86ce5f4871f22e86b09?s=96&d=mm&r=g","url":"https:\/\/secure.gravatar.com\/avatar\/709d3d8015183afa7401c02e2291a538cbfd4ffe62f4d86ce5f4871f22e86b09?s=96&d=mm&r=g","contentUrl":"https:\/\/secure.gravatar.com\/avatar\/709d3d8015183afa7401c02e2291a538cbfd4ffe62f4d86ce5f4871f22e86b09?s=96&d=mm&r=g","caption":"neorg"},"url":"https:\/\/barcelona.euses.cat\/es\/author\/neorg\/"}]}},"_links":{"self":[{"href":"https:\/\/barcelona.euses.cat\/es\/wp-json\/wp\/v2\/posts\/2194","targetHints":{"allow":["GET"]}}],"collection":[{"href":"https:\/\/barcelona.euses.cat\/es\/wp-json\/wp\/v2\/posts"}],"about":[{"href":"https:\/\/barcelona.euses.cat\/es\/wp-json\/wp\/v2\/types\/post"}],"author":[{"embeddable":true,"href":"https:\/\/barcelona.euses.cat\/es\/wp-json\/wp\/v2\/users\/1"}],"replies":[{"embeddable":true,"href":"https:\/\/barcelona.euses.cat\/es\/wp-json\/wp\/v2\/comments?post=2194"}],"version-history":[{"count":1,"href":"https:\/\/barcelona.euses.cat\/es\/wp-json\/wp\/v2\/posts\/2194\/revisions"}],"predecessor-version":[{"id":6888,"href":"https:\/\/barcelona.euses.cat\/es\/wp-json\/wp\/v2\/posts\/2194\/revisions\/6888"}],"wp:featuredmedia":[{"embeddable":true,"href":"https:\/\/barcelona.euses.cat\/es\/wp-json\/wp\/v2\/media\/2195"}],"wp:attachment":[{"href":"https:\/\/barcelona.euses.cat\/es\/wp-json\/wp\/v2\/media?parent=2194"}],"wp:term":[{"taxonomy":"category","embeddable":true,"href":"https:\/\/barcelona.euses.cat\/es\/wp-json\/wp\/v2\/categories?post=2194"},{"taxonomy":"post_tag","embeddable":true,"href":"https:\/\/barcelona.euses.cat\/es\/wp-json\/wp\/v2\/tags?post=2194"}],"curies":[{"name":"wp","href":"https:\/\/api.w.org\/{rel}","templated":true}]}}