{"id":2191,"date":"2016-09-12T00:00:00","date_gmt":"2016-09-11T22:00:00","guid":{"rendered":"http:\/\/physiotherapybarcelona.net\/conoces-las-salidas-profesionales-del-grado-en-fisioterapia-internacional-del-campus-de-la-ub\/"},"modified":"2019-06-03T13:07:06","modified_gmt":"2019-06-03T11:07:06","slug":"conoces-las-salidas-profesionales-del-grado-en-fisioterapia-internacional-del-campus-de-la-ub","status":"publish","type":"post","link":"https:\/\/barcelona.euses.cat\/es\/conoces-las-salidas-profesionales-del-grado-en-fisioterapia-internacional-del-campus-de-la-ub\/","title":{"rendered":"\u00bfConoces las salidas profesionales del Grado en Fisioterapia Internacional del Campus de la UB?"},"content":{"rendered":"<p style=\"text-align: justify;\">Durante el <strong>Grado en Fisioterapia Internacional de la Escuela de Nuevas Tecnolog\u00edas Interactivas (ENTI-UB)<\/strong> y de la <strong>Escuela Universitaria de la Salud y el Deporte (EUSES-UdG)<\/strong> aprender\u00e1s los diferentes aspectos de la <strong>fisioterapia<\/strong> desde la valoraci\u00f3n, el diagn\u00f3stico, el dise\u00f1o y el desarrollo de tratamientos, aplicando los <strong>nuevos avances tecnol\u00f3gicos<\/strong> en el campo de la <strong>salud<\/strong>. Adem\u00e1s, tendr\u00e1s la ventaja de estudiar \u00edntegramente en <strong>ingl\u00e9s<\/strong>, un idioma imprescindible que da <strong>prestigio<\/strong> a tu curr\u00edculum acad\u00e9mico y te abre las puertas del <strong>mercado laboral extranjero<\/strong>.<\/p>\n<p style=\"text-align: justify;\">Una vez finalices estos estudios podr\u00e1s optar a un amplio y diverso n\u00famero de <strong>salidas profesionales<\/strong> ubicadas en diferentes campos. Como por ejemplo:<\/p>\n<ul style=\"text-align: justify;\">\n<li><strong>Sector m\u00e9dico<\/strong>. Como <strong>fisioterapeuta generalista<\/strong>, podr\u00e1s ejercer en diferentes ramas de la <strong>medicina<\/strong>. Cabe destacar: la <strong>traumatolog\u00eda<\/strong>, centrada en las <strong>lesiones deportivas<\/strong>; la pediatr\u00eda; las afecciones cardiorrespiratorias; la <strong>ergonom\u00eda<\/strong>; la neurolog\u00eda; el uro-ginecolog\u00eda o la reumatolog\u00eda.<\/li>\n<\/ul>\n<ul style=\"text-align: justify;\">\n<li><strong>La docencia y el desarrollo profesional acad\u00e9mico<\/strong>. Actualmente, representa un foco de gran <strong>inter\u00e9s<\/strong> en el mundo de la <strong>fisioterapia<\/strong>. De hecho, una de las salidas profesionales en alza en este sector es la de <strong>profesor<\/strong>. En este sentido, es imprescindible disponer de <strong>vocaci\u00f3n<\/strong> por la <strong>educaci\u00f3n<\/strong> y la <strong>ense\u00f1anza<\/strong>.<\/li>\n<\/ul>\n<ul style=\"text-align: justify;\">\n<li><strong>Campo de la innovaci\u00f3n tecnol\u00f3gica<\/strong>. Gracias a la presencia de <strong>ENTI-UB<\/strong>, obtendr\u00e1s una <strong>formaci\u00f3n universitaria<\/strong> pionera en <strong>nuevas tecnolog\u00edas<\/strong>. Aprender\u00e1s a aplicar <strong>nuevos avances tecnol\u00f3gicos<\/strong> en el campo de la <strong>fisioterapia<\/strong>; trabajar\u00e1s en la creaci\u00f3n de <strong>nuevas<\/strong> <strong>aplicaciones tecnol\u00f3gicas<\/strong> como: apps m\u00f3viles, software inform\u00e1tico o modelado tridimensional, etc. As\u00ed pues, una vez finalices este <strong>Grado<\/strong> podr\u00e1s introducirte profesionalmente en el \u00e1mbito de la <strong>aplicaci\u00f3n tecnol\u00f3gica<\/strong> en el campo de la <strong>salud<\/strong>. Un sector innovador, en constante evoluci\u00f3n y con un amplio espectro de <strong>desarrollo<\/strong> en nuestra <strong>sociedad<\/strong>.<\/li>\n<\/ul>\n<ul style=\"text-align: justify;\">\n<li><strong>Profesional aut\u00f3nomo<\/strong>. Sin duda, tambi\u00e9n podr\u00e1s ejercer de manera <strong>aut\u00f3noma<\/strong>, trabajando en tu propia <strong>cl\u00ednica<\/strong> o <strong>centro de rehabilitaci\u00f3n<\/strong>, o bien, integr\u00e1ndote en equipos multidisciplinares, es decir, en <strong>cl\u00ednicas, centros de atenci\u00f3n primaria, hospitales <\/strong>o <strong>mutuas<\/strong>.<\/li>\n<\/ul>\n<p style=\"text-align: justify;\">\u00a0Prepara tu <strong>futuro profesional<\/strong> de la mejor manera, estudiando el <a href=\"http:\/\/goo.gl\/dhnlJr\"><strong>Grado en Fisioterapia Internacional<\/strong><\/a> en el mejor <strong>Campus de la Salud de Barcelona<\/strong>.<\/p>\n<p style=\"text-align: justify;\">\n","protected":false},"excerpt":{"rendered":"<p>Durante el Grado en Fisioterapia Internacional de la Escuela de Nuevas Tecnolog\u00edas Interactivas (ENTI-UB) y de la Escuela Universitaria de la Salud y el Deporte (EUSES-UdG) aprender\u00e1s los diferentes aspectos de la fisioterapia desde la valoraci\u00f3n, el diagn\u00f3stico, el dise\u00f1o y el desarrollo de tratamientos, aplicando los nuevos avances tecnol\u00f3gicos en el campo de la [&hellip;]<\/p>\n","protected":false},"author":1,"featured_media":1641,"comment_status":"closed","ping_status":"closed","sticky":false,"template":"","format":"standard","meta":{"_acf_changed":false,"inline_featured_image":false,"_joinchat":[],"footnotes":""},"categories":[1],"tags":[],"class_list":["post-2191","post","type-post","status-publish","format-standard","has-post-thumbnail","hentry","category-sin-categorizar"],"acf":[],"yoast_head":"<!-- This site is optimized with the Yoast SEO plugin v27.4 - https:\/\/yoast.com\/product\/yoast-seo-wordpress\/ -->\n<title>\u00bfConoces las salidas profesionales del Grado en Fisioterapia Internacional del Campus de la UB? | EUSES - Campus de Bellvitge (Barcelona)<\/title>\n<meta name=\"robots\" content=\"index, follow, max-snippet:-1, max-image-preview:large, max-video-preview:-1\" \/>\n<link rel=\"canonical\" href=\"https:\/\/barcelona.euses.cat\/es\/conoces-las-salidas-profesionales-del-grado-en-fisioterapia-internacional-del-campus-de-la-ub\/\" \/>\n<meta property=\"og:locale\" content=\"es_ES\" \/>\n<meta property=\"og:type\" content=\"article\" \/>\n<meta property=\"og:title\" content=\"\u00bfConoces las salidas profesionales del Grado en Fisioterapia Internacional del Campus de la UB? | EUSES - Campus de Bellvitge (Barcelona)\" \/>\n<meta property=\"og:description\" content=\"Durante el Grado en Fisioterapia Internacional de la Escuela de Nuevas Tecnolog\u00edas Interactivas (ENTI-UB) y de la Escuela Universitaria de la Salud y el Deporte (EUSES-UdG) aprender\u00e1s los diferentes aspectos de la fisioterapia desde la valoraci\u00f3n, el diagn\u00f3stico, el dise\u00f1o y el desarrollo de tratamientos, aplicando los nuevos avances tecnol\u00f3gicos en el campo de la [&hellip;]\" \/>\n<meta property=\"og:url\" content=\"https:\/\/barcelona.euses.cat\/es\/conoces-las-salidas-profesionales-del-grado-en-fisioterapia-internacional-del-campus-de-la-ub\/\" \/>\n<meta property=\"og:site_name\" content=\"EUSES - Campus de Bellvitge (Barcelona)\" \/>\n<meta property=\"article:publisher\" content=\"https:\/\/www.facebook.com\/PhysioBCN\/\" \/>\n<meta property=\"article:published_time\" content=\"2016-09-11T22:00:00+00:00\" \/>\n<meta property=\"article:modified_time\" content=\"2019-06-03T11:07:06+00:00\" \/>\n<meta property=\"og:image\" content=\"https:\/\/barcelona.euses.cat\/wp-content\/uploads\/2018\/02\/Coneixes-les-sortides-professionals-del-Grau-en-Fisioter\u00e0pia-Internacional-del-Campus-de-la-UB-e1473682014860.jpg\" \/>\n\t<meta property=\"og:image:width\" content=\"1000\" \/>\n\t<meta property=\"og:image:height\" content=\"563\" \/>\n\t<meta property=\"og:image:type\" content=\"image\/jpeg\" \/>\n<meta name=\"author\" content=\"neorg\" \/>\n<meta name=\"twitter:card\" content=\"summary_large_image\" \/>\n<meta name=\"twitter:label1\" content=\"Escrito por\" \/>\n\t<meta name=\"twitter:data1\" content=\"neorg\" \/>\n\t<meta name=\"twitter:label2\" content=\"Tiempo de lectura\" \/>\n\t<meta name=\"twitter:data2\" content=\"2 minutos\" \/>\n<script type=\"application\/ld+json\" class=\"yoast-schema-graph\">{\"@context\":\"https:\\\/\\\/schema.org\",\"@graph\":[{\"@type\":\"Article\",\"@id\":\"https:\\\/\\\/barcelona.euses.cat\\\/es\\\/conoces-las-salidas-profesionales-del-grado-en-fisioterapia-internacional-del-campus-de-la-ub\\\/#article\",\"isPartOf\":{\"@id\":\"https:\\\/\\\/barcelona.euses.cat\\\/es\\\/conoces-las-salidas-profesionales-del-grado-en-fisioterapia-internacional-del-campus-de-la-ub\\\/\"},\"author\":{\"name\":\"neorg\",\"@id\":\"https:\\\/\\\/barcelona.euses.cat\\\/ca\\\/#\\\/schema\\\/person\\\/c3074ca9d956eacf02e41e2ff78e53ab\"},\"headline\":\"\u00bfConoces las salidas profesionales del Grado en Fisioterapia Internacional del Campus de la UB?\",\"datePublished\":\"2016-09-11T22:00:00+00:00\",\"dateModified\":\"2019-06-03T11:07:06+00:00\",\"mainEntityOfPage\":{\"@id\":\"https:\\\/\\\/barcelona.euses.cat\\\/es\\\/conoces-las-salidas-profesionales-del-grado-en-fisioterapia-internacional-del-campus-de-la-ub\\\/\"},\"wordCount\":404,\"image\":{\"@id\":\"https:\\\/\\\/barcelona.euses.cat\\\/es\\\/conoces-las-salidas-profesionales-del-grado-en-fisioterapia-internacional-del-campus-de-la-ub\\\/#primaryimage\"},\"thumbnailUrl\":\"https:\\\/\\\/barcelona.euses.cat\\\/wp-content\\\/uploads\\\/2018\\\/02\\\/Coneixes-les-sortides-professionals-del-Grau-en-Fisioter\u00e0pia-Internacional-del-Campus-de-la-UB-e1473682014860.jpg\",\"articleSection\":[\"Sin categorizar\"],\"inLanguage\":\"es\"},{\"@type\":\"WebPage\",\"@id\":\"https:\\\/\\\/barcelona.euses.cat\\\/es\\\/conoces-las-salidas-profesionales-del-grado-en-fisioterapia-internacional-del-campus-de-la-ub\\\/\",\"url\":\"https:\\\/\\\/barcelona.euses.cat\\\/es\\\/conoces-las-salidas-profesionales-del-grado-en-fisioterapia-internacional-del-campus-de-la-ub\\\/\",\"name\":\"\u00bfConoces las salidas profesionales del Grado en Fisioterapia Internacional del Campus de la UB? | EUSES - Campus de Bellvitge (Barcelona)\",\"isPartOf\":{\"@id\":\"https:\\\/\\\/barcelona.euses.cat\\\/ca\\\/#website\"},\"primaryImageOfPage\":{\"@id\":\"https:\\\/\\\/barcelona.euses.cat\\\/es\\\/conoces-las-salidas-profesionales-del-grado-en-fisioterapia-internacional-del-campus-de-la-ub\\\/#primaryimage\"},\"image\":{\"@id\":\"https:\\\/\\\/barcelona.euses.cat\\\/es\\\/conoces-las-salidas-profesionales-del-grado-en-fisioterapia-internacional-del-campus-de-la-ub\\\/#primaryimage\"},\"thumbnailUrl\":\"https:\\\/\\\/barcelona.euses.cat\\\/wp-content\\\/uploads\\\/2018\\\/02\\\/Coneixes-les-sortides-professionals-del-Grau-en-Fisioter\u00e0pia-Internacional-del-Campus-de-la-UB-e1473682014860.jpg\",\"datePublished\":\"2016-09-11T22:00:00+00:00\",\"dateModified\":\"2019-06-03T11:07:06+00:00\",\"author\":{\"@id\":\"https:\\\/\\\/barcelona.euses.cat\\\/ca\\\/#\\\/schema\\\/person\\\/c3074ca9d956eacf02e41e2ff78e53ab\"},\"breadcrumb\":{\"@id\":\"https:\\\/\\\/barcelona.euses.cat\\\/es\\\/conoces-las-salidas-profesionales-del-grado-en-fisioterapia-internacional-del-campus-de-la-ub\\\/#breadcrumb\"},\"inLanguage\":\"es\",\"potentialAction\":[{\"@type\":\"ReadAction\",\"target\":[\"https:\\\/\\\/barcelona.euses.cat\\\/es\\\/conoces-las-salidas-profesionales-del-grado-en-fisioterapia-internacional-del-campus-de-la-ub\\\/\"]}]},{\"@type\":\"ImageObject\",\"inLanguage\":\"es\",\"@id\":\"https:\\\/\\\/barcelona.euses.cat\\\/es\\\/conoces-las-salidas-profesionales-del-grado-en-fisioterapia-internacional-del-campus-de-la-ub\\\/#primaryimage\",\"url\":\"https:\\\/\\\/barcelona.euses.cat\\\/wp-content\\\/uploads\\\/2018\\\/02\\\/Coneixes-les-sortides-professionals-del-Grau-en-Fisioter\u00e0pia-Internacional-del-Campus-de-la-UB-e1473682014860.jpg\",\"contentUrl\":\"https:\\\/\\\/barcelona.euses.cat\\\/wp-content\\\/uploads\\\/2018\\\/02\\\/Coneixes-les-sortides-professionals-del-Grau-en-Fisioter\u00e0pia-Internacional-del-Campus-de-la-UB-e1473682014860.jpg\",\"width\":1000,\"height\":563},{\"@type\":\"BreadcrumbList\",\"@id\":\"https:\\\/\\\/barcelona.euses.cat\\\/es\\\/conoces-las-salidas-profesionales-del-grado-en-fisioterapia-internacional-del-campus-de-la-ub\\\/#breadcrumb\",\"itemListElement\":[{\"@type\":\"ListItem\",\"position\":1,\"name\":\"Portada\",\"item\":\"https:\\\/\\\/barcelona.euses.cat\\\/es\\\/\"},{\"@type\":\"ListItem\",\"position\":2,\"name\":\"\u00bfConoces las salidas profesionales del Grado en Fisioterapia Internacional del Campus de la UB?\"}]},{\"@type\":\"WebSite\",\"@id\":\"https:\\\/\\\/barcelona.euses.cat\\\/ca\\\/#website\",\"url\":\"https:\\\/\\\/barcelona.euses.cat\\\/ca\\\/\",\"name\":\"EUSES - Campus de Bellvitge (Barcelona)\",\"description\":\"EUSES, Escuela Universitaria de Fisioterapia Internacional en Barcelona\",\"potentialAction\":[{\"@type\":\"SearchAction\",\"target\":{\"@type\":\"EntryPoint\",\"urlTemplate\":\"https:\\\/\\\/barcelona.euses.cat\\\/ca\\\/?s={search_term_string}\"},\"query-input\":{\"@type\":\"PropertyValueSpecification\",\"valueRequired\":true,\"valueName\":\"search_term_string\"}}],\"inLanguage\":\"es\"},{\"@type\":\"Person\",\"@id\":\"https:\\\/\\\/barcelona.euses.cat\\\/ca\\\/#\\\/schema\\\/person\\\/c3074ca9d956eacf02e41e2ff78e53ab\",\"name\":\"neorg\",\"image\":{\"@type\":\"ImageObject\",\"inLanguage\":\"es\",\"@id\":\"https:\\\/\\\/secure.gravatar.com\\\/avatar\\\/709d3d8015183afa7401c02e2291a538cbfd4ffe62f4d86ce5f4871f22e86b09?s=96&d=mm&r=g\",\"url\":\"https:\\\/\\\/secure.gravatar.com\\\/avatar\\\/709d3d8015183afa7401c02e2291a538cbfd4ffe62f4d86ce5f4871f22e86b09?s=96&d=mm&r=g\",\"contentUrl\":\"https:\\\/\\\/secure.gravatar.com\\\/avatar\\\/709d3d8015183afa7401c02e2291a538cbfd4ffe62f4d86ce5f4871f22e86b09?s=96&d=mm&r=g\",\"caption\":\"neorg\"},\"url\":\"https:\\\/\\\/barcelona.euses.cat\\\/es\\\/author\\\/neorg\\\/\"}]}<\/script>\n<!-- \/ Yoast SEO plugin. -->","yoast_head_json":{"title":"\u00bfConoces las salidas profesionales del Grado en Fisioterapia Internacional del Campus de la UB? | EUSES - Campus de Bellvitge (Barcelona)","robots":{"index":"index","follow":"follow","max-snippet":"max-snippet:-1","max-image-preview":"max-image-preview:large","max-video-preview":"max-video-preview:-1"},"canonical":"https:\/\/barcelona.euses.cat\/es\/conoces-las-salidas-profesionales-del-grado-en-fisioterapia-internacional-del-campus-de-la-ub\/","og_locale":"es_ES","og_type":"article","og_title":"\u00bfConoces las salidas profesionales del Grado en Fisioterapia Internacional del Campus de la UB? | EUSES - Campus de Bellvitge (Barcelona)","og_description":"Durante el Grado en Fisioterapia Internacional de la Escuela de Nuevas Tecnolog\u00edas Interactivas (ENTI-UB) y de la Escuela Universitaria de la Salud y el Deporte (EUSES-UdG) aprender\u00e1s los diferentes aspectos de la fisioterapia desde la valoraci\u00f3n, el diagn\u00f3stico, el dise\u00f1o y el desarrollo de tratamientos, aplicando los nuevos avances tecnol\u00f3gicos en el campo de la [&hellip;]","og_url":"https:\/\/barcelona.euses.cat\/es\/conoces-las-salidas-profesionales-del-grado-en-fisioterapia-internacional-del-campus-de-la-ub\/","og_site_name":"EUSES - Campus de Bellvitge (Barcelona)","article_publisher":"https:\/\/www.facebook.com\/PhysioBCN\/","article_published_time":"2016-09-11T22:00:00+00:00","article_modified_time":"2019-06-03T11:07:06+00:00","og_image":[{"width":1000,"height":563,"url":"https:\/\/barcelona.euses.cat\/wp-content\/uploads\/2018\/02\/Coneixes-les-sortides-professionals-del-Grau-en-Fisioter\u00e0pia-Internacional-del-Campus-de-la-UB-e1473682014860.jpg","type":"image\/jpeg"}],"author":"neorg","twitter_card":"summary_large_image","twitter_misc":{"Escrito por":"neorg","Tiempo de lectura":"2 minutos"},"schema":{"@context":"https:\/\/schema.org","@graph":[{"@type":"Article","@id":"https:\/\/barcelona.euses.cat\/es\/conoces-las-salidas-profesionales-del-grado-en-fisioterapia-internacional-del-campus-de-la-ub\/#article","isPartOf":{"@id":"https:\/\/barcelona.euses.cat\/es\/conoces-las-salidas-profesionales-del-grado-en-fisioterapia-internacional-del-campus-de-la-ub\/"},"author":{"name":"neorg","@id":"https:\/\/barcelona.euses.cat\/ca\/#\/schema\/person\/c3074ca9d956eacf02e41e2ff78e53ab"},"headline":"\u00bfConoces las salidas profesionales del Grado en Fisioterapia Internacional del Campus de la UB?","datePublished":"2016-09-11T22:00:00+00:00","dateModified":"2019-06-03T11:07:06+00:00","mainEntityOfPage":{"@id":"https:\/\/barcelona.euses.cat\/es\/conoces-las-salidas-profesionales-del-grado-en-fisioterapia-internacional-del-campus-de-la-ub\/"},"wordCount":404,"image":{"@id":"https:\/\/barcelona.euses.cat\/es\/conoces-las-salidas-profesionales-del-grado-en-fisioterapia-internacional-del-campus-de-la-ub\/#primaryimage"},"thumbnailUrl":"https:\/\/barcelona.euses.cat\/wp-content\/uploads\/2018\/02\/Coneixes-les-sortides-professionals-del-Grau-en-Fisioter\u00e0pia-Internacional-del-Campus-de-la-UB-e1473682014860.jpg","articleSection":["Sin categorizar"],"inLanguage":"es"},{"@type":"WebPage","@id":"https:\/\/barcelona.euses.cat\/es\/conoces-las-salidas-profesionales-del-grado-en-fisioterapia-internacional-del-campus-de-la-ub\/","url":"https:\/\/barcelona.euses.cat\/es\/conoces-las-salidas-profesionales-del-grado-en-fisioterapia-internacional-del-campus-de-la-ub\/","name":"\u00bfConoces las salidas profesionales del Grado en Fisioterapia Internacional del Campus de la UB? | EUSES - Campus de Bellvitge (Barcelona)","isPartOf":{"@id":"https:\/\/barcelona.euses.cat\/ca\/#website"},"primaryImageOfPage":{"@id":"https:\/\/barcelona.euses.cat\/es\/conoces-las-salidas-profesionales-del-grado-en-fisioterapia-internacional-del-campus-de-la-ub\/#primaryimage"},"image":{"@id":"https:\/\/barcelona.euses.cat\/es\/conoces-las-salidas-profesionales-del-grado-en-fisioterapia-internacional-del-campus-de-la-ub\/#primaryimage"},"thumbnailUrl":"https:\/\/barcelona.euses.cat\/wp-content\/uploads\/2018\/02\/Coneixes-les-sortides-professionals-del-Grau-en-Fisioter\u00e0pia-Internacional-del-Campus-de-la-UB-e1473682014860.jpg","datePublished":"2016-09-11T22:00:00+00:00","dateModified":"2019-06-03T11:07:06+00:00","author":{"@id":"https:\/\/barcelona.euses.cat\/ca\/#\/schema\/person\/c3074ca9d956eacf02e41e2ff78e53ab"},"breadcrumb":{"@id":"https:\/\/barcelona.euses.cat\/es\/conoces-las-salidas-profesionales-del-grado-en-fisioterapia-internacional-del-campus-de-la-ub\/#breadcrumb"},"inLanguage":"es","potentialAction":[{"@type":"ReadAction","target":["https:\/\/barcelona.euses.cat\/es\/conoces-las-salidas-profesionales-del-grado-en-fisioterapia-internacional-del-campus-de-la-ub\/"]}]},{"@type":"ImageObject","inLanguage":"es","@id":"https:\/\/barcelona.euses.cat\/es\/conoces-las-salidas-profesionales-del-grado-en-fisioterapia-internacional-del-campus-de-la-ub\/#primaryimage","url":"https:\/\/barcelona.euses.cat\/wp-content\/uploads\/2018\/02\/Coneixes-les-sortides-professionals-del-Grau-en-Fisioter\u00e0pia-Internacional-del-Campus-de-la-UB-e1473682014860.jpg","contentUrl":"https:\/\/barcelona.euses.cat\/wp-content\/uploads\/2018\/02\/Coneixes-les-sortides-professionals-del-Grau-en-Fisioter\u00e0pia-Internacional-del-Campus-de-la-UB-e1473682014860.jpg","width":1000,"height":563},{"@type":"BreadcrumbList","@id":"https:\/\/barcelona.euses.cat\/es\/conoces-las-salidas-profesionales-del-grado-en-fisioterapia-internacional-del-campus-de-la-ub\/#breadcrumb","itemListElement":[{"@type":"ListItem","position":1,"name":"Portada","item":"https:\/\/barcelona.euses.cat\/es\/"},{"@type":"ListItem","position":2,"name":"\u00bfConoces las salidas profesionales del Grado en Fisioterapia Internacional del Campus de la UB?"}]},{"@type":"WebSite","@id":"https:\/\/barcelona.euses.cat\/ca\/#website","url":"https:\/\/barcelona.euses.cat\/ca\/","name":"EUSES - Campus de Bellvitge (Barcelona)","description":"EUSES, Escuela Universitaria de Fisioterapia Internacional en Barcelona","potentialAction":[{"@type":"SearchAction","target":{"@type":"EntryPoint","urlTemplate":"https:\/\/barcelona.euses.cat\/ca\/?s={search_term_string}"},"query-input":{"@type":"PropertyValueSpecification","valueRequired":true,"valueName":"search_term_string"}}],"inLanguage":"es"},{"@type":"Person","@id":"https:\/\/barcelona.euses.cat\/ca\/#\/schema\/person\/c3074ca9d956eacf02e41e2ff78e53ab","name":"neorg","image":{"@type":"ImageObject","inLanguage":"es","@id":"https:\/\/secure.gravatar.com\/avatar\/709d3d8015183afa7401c02e2291a538cbfd4ffe62f4d86ce5f4871f22e86b09?s=96&d=mm&r=g","url":"https:\/\/secure.gravatar.com\/avatar\/709d3d8015183afa7401c02e2291a538cbfd4ffe62f4d86ce5f4871f22e86b09?s=96&d=mm&r=g","contentUrl":"https:\/\/secure.gravatar.com\/avatar\/709d3d8015183afa7401c02e2291a538cbfd4ffe62f4d86ce5f4871f22e86b09?s=96&d=mm&r=g","caption":"neorg"},"url":"https:\/\/barcelona.euses.cat\/es\/author\/neorg\/"}]}},"_links":{"self":[{"href":"https:\/\/barcelona.euses.cat\/es\/wp-json\/wp\/v2\/posts\/2191","targetHints":{"allow":["GET"]}}],"collection":[{"href":"https:\/\/barcelona.euses.cat\/es\/wp-json\/wp\/v2\/posts"}],"about":[{"href":"https:\/\/barcelona.euses.cat\/es\/wp-json\/wp\/v2\/types\/post"}],"author":[{"embeddable":true,"href":"https:\/\/barcelona.euses.cat\/es\/wp-json\/wp\/v2\/users\/1"}],"replies":[{"embeddable":true,"href":"https:\/\/barcelona.euses.cat\/es\/wp-json\/wp\/v2\/comments?post=2191"}],"version-history":[{"count":1,"href":"https:\/\/barcelona.euses.cat\/es\/wp-json\/wp\/v2\/posts\/2191\/revisions"}],"predecessor-version":[{"id":6895,"href":"https:\/\/barcelona.euses.cat\/es\/wp-json\/wp\/v2\/posts\/2191\/revisions\/6895"}],"wp:featuredmedia":[{"embeddable":true,"href":"https:\/\/barcelona.euses.cat\/es\/wp-json\/wp\/v2\/media\/1641"}],"wp:attachment":[{"href":"https:\/\/barcelona.euses.cat\/es\/wp-json\/wp\/v2\/media?parent=2191"}],"wp:term":[{"taxonomy":"category","embeddable":true,"href":"https:\/\/barcelona.euses.cat\/es\/wp-json\/wp\/v2\/categories?post=2191"},{"taxonomy":"post_tag","embeddable":true,"href":"https:\/\/barcelona.euses.cat\/es\/wp-json\/wp\/v2\/tags?post=2191"}],"curies":[{"name":"wp","href":"https:\/\/api.w.org\/{rel}","templated":true}]}}