{"id":12515,"date":"2025-06-20T16:44:34","date_gmt":"2025-06-20T14:44:34","guid":{"rendered":"https:\/\/barcelona.euses.cat\/?p=12515"},"modified":"2025-06-25T09:50:38","modified_gmt":"2025-06-25T07:50:38","slug":"acto-de-graduacion-de-la-promocion-2021-2025-del-grado-en-fisioterapia-internacional-udg-ub-a-la-sala-paranimf","status":"publish","type":"post","link":"https:\/\/barcelona.euses.cat\/es\/acto-de-graduacion-de-la-promocion-2021-2025-del-grado-en-fisioterapia-internacional-udg-ub-a-la-sala-paranimf\/","title":{"rendered":"Acto de graduaci\u00f3n de la promoci\u00f3n 2021\/2025 del Grado en Fisioterapia Internacional (UdG-UB) a la sala Paranimf"},"content":{"rendered":"<p>Un a\u00f1o m\u00e1s, la sala Paranimf de la Universitat de Barcelona ha sido el escenario del Acto de Graduaci\u00f3n de la 7\u00aa Promoci\u00f3n del Grado en Fisioterapia Internacional (UdG-UB). De all\u00ed han salido 55 nuevos fisioterapeutas que iniciaron los estudios en el Campus de Bellvitge en 2021 y que este viernes han recibido el diploma que los acredita como profesionales despu\u00e9s de cuatro a\u00f1os de esfuerzo.<\/p>\n<p>La ceremonia la ha abierto la delegada del rector para los centros adscritos de la UdG, Dra. Pilar Marqu\u00e8s. El discurso inicial ha dado paso a los parlamentos del Jefe de Estudios de ENTI-UB, Eduard Arnau, y del director del Grado en Fisioterapia, Dr. Gerard Mu\u00f1oz. Todos ellos han elogiado la perseverancia, actitud y dedicaci\u00f3n de esta promoci\u00f3n (2021\/2025) y han alentado los nuevos graduados a adentrarse en el campo profesional con la misma firmeza y ambici\u00f3n que lo han hecho durante su etapa universitaria.<\/p>\n<p>Los discursos han dado paso a la entrega de diplomas y bandas, que ha sido el momento m\u00e1s celebrado de la ceremonia. Despu\u00e9s de esta entrega ha vuelto a tomar la palabra para cerrar el acto la Dra. Pilar Marqu\u00e8s antes de que sonara en la sala el himno universitario, Gaudeamus Igitur.<\/p>\n<p><a href=\"https:\/\/drive.google.com\/drive\/folders\/1yFk21j2OUsXE0ZiV1a9h5oFQMiaxUV-Q\">TODAS LAS FOTOGRAF\u00cdAS DEL ACTO DE GRADUACI\u00d3N DE LA PROMOCI\u00d3N 2021\/2025. Fotos: FOTO GRUP<\/a><\/p>\n\n\t\t<style type=\"text\/css\">\n\t\t\t#gallery-1 {\n\t\t\t\tmargin: auto;\n\t\t\t}\n\t\t\t#gallery-1 .gallery-item {\n\t\t\t\tfloat: left;\n\t\t\t\tmargin-top: 10px;\n\t\t\t\ttext-align: center;\n\t\t\t\twidth: 33%;\n\t\t\t}\n\t\t\t#gallery-1 img {\n\t\t\t\tborder: 2px solid #cfcfcf;\n\t\t\t}\n\t\t\t#gallery-1 .gallery-caption {\n\t\t\t\tmargin-left: 0;\n\t\t\t}\n\t\t\t\/* see gallery_shortcode() in wp-includes\/media.php *\/\n\t\t<\/style>\n\t\t<div id='gallery-1' class='gallery galleryid-12515 gallery-columns-3 gallery-size-medium'><dl class='gallery-item'>\n\t\t\t<dt class='gallery-icon landscape'>\n\t\t\t\t<a href='https:\/\/barcelona.euses.cat\/es\/acto-de-graduacion-de-la-promocion-2021-2025-del-grado-en-fisioterapia-internacional-udg-ub-a-la-sala-paranimf\/graduacio-bellvitge-1-2\/'><img fetchpriority=\"high\" decoding=\"async\" width=\"300\" height=\"226\" src=\"https:\/\/barcelona.euses.cat\/wp-content\/uploads\/2025\/06\/graduacio-bellvitge-1-300x226.jpg\" class=\"attachment-medium size-medium\" alt=\"\" srcset=\"https:\/\/barcelona.euses.cat\/wp-content\/uploads\/2025\/06\/graduacio-bellvitge-1-300x226.jpg 300w, https:\/\/barcelona.euses.cat\/wp-content\/uploads\/2025\/06\/graduacio-bellvitge-1-1024x771.jpg 1024w, https:\/\/barcelona.euses.cat\/wp-content\/uploads\/2025\/06\/graduacio-bellvitge-1-768x578.jpg 768w, https:\/\/barcelona.euses.cat\/wp-content\/uploads\/2025\/06\/graduacio-bellvitge-1-1536x1156.jpg 1536w, https:\/\/barcelona.euses.cat\/wp-content\/uploads\/2025\/06\/graduacio-bellvitge-1-266x200.jpg 266w, https:\/\/barcelona.euses.cat\/wp-content\/uploads\/2025\/06\/graduacio-bellvitge-1-700x525.jpg 700w, https:\/\/barcelona.euses.cat\/wp-content\/uploads\/2025\/06\/graduacio-bellvitge-1.jpg 1600w\" sizes=\"(max-width: 300px) 100vw, 300px\" \/><\/a>\n\t\t\t<\/dt><\/dl>\n\t\t\t<br style='clear: both' \/>\n\t\t<\/div>\n\n","protected":false},"excerpt":{"rendered":"<p>Un a\u00f1o m\u00e1s, la sala Paranimf de la Universitat de Barcelona ha sido el escenario del Acto de Graduaci\u00f3n de la 7\u00aa Promoci\u00f3n del Grado en Fisioterapia Internacional (UdG-UB). De all\u00ed han salido 55 nuevos fisioterapeutas que iniciaron los estudios en el Campus de Bellvitge en 2021 y que este viernes han recibido el diploma [&hellip;]<\/p>\n","protected":false},"author":3,"featured_media":12530,"comment_status":"open","ping_status":"closed","sticky":false,"template":"","format":"standard","meta":{"_acf_changed":false,"inline_featured_image":false,"_joinchat":[],"footnotes":""},"categories":[1],"tags":[],"class_list":["post-12515","post","type-post","status-publish","format-standard","has-post-thumbnail","hentry","category-sin-categorizar"],"acf":[],"yoast_head":"<!-- This site is optimized with the Yoast SEO plugin v27.4 - https:\/\/yoast.com\/product\/yoast-seo-wordpress\/ -->\n<title>Acto de graduaci\u00f3n de la promoci\u00f3n 2021\/2025 del Grado en Fisioterapia Internacional (UdG-UB) a la sala Paranimf | EUSES - Campus de Bellvitge (Barcelona)<\/title>\n<meta name=\"robots\" content=\"index, follow, max-snippet:-1, max-image-preview:large, max-video-preview:-1\" \/>\n<link rel=\"canonical\" href=\"https:\/\/barcelona.euses.cat\/es\/acto-de-graduacion-de-la-promocion-2021-2025-del-grado-en-fisioterapia-internacional-udg-ub-a-la-sala-paranimf\/\" \/>\n<meta property=\"og:locale\" content=\"es_ES\" \/>\n<meta property=\"og:type\" content=\"article\" \/>\n<meta property=\"og:title\" content=\"Acto de graduaci\u00f3n de la promoci\u00f3n 2021\/2025 del Grado en Fisioterapia Internacional (UdG-UB) a la sala Paranimf | EUSES - Campus de Bellvitge (Barcelona)\" \/>\n<meta property=\"og:description\" content=\"Un a\u00f1o m\u00e1s, la sala Paranimf de la Universitat de Barcelona ha sido el escenario del Acto de Graduaci\u00f3n de la 7\u00aa Promoci\u00f3n del Grado en Fisioterapia Internacional (UdG-UB). De all\u00ed han salido 55 nuevos fisioterapeutas que iniciaron los estudios en el Campus de Bellvitge en 2021 y que este viernes han recibido el diploma [&hellip;]\" \/>\n<meta property=\"og:url\" content=\"https:\/\/barcelona.euses.cat\/es\/acto-de-graduacion-de-la-promocion-2021-2025-del-grado-en-fisioterapia-internacional-udg-ub-a-la-sala-paranimf\/\" \/>\n<meta property=\"og:site_name\" content=\"EUSES - Campus de Bellvitge (Barcelona)\" \/>\n<meta property=\"article:publisher\" content=\"https:\/\/www.facebook.com\/PhysioBCN\/\" \/>\n<meta property=\"article:published_time\" content=\"2025-06-20T14:44:34+00:00\" \/>\n<meta property=\"article:modified_time\" content=\"2025-06-25T07:50:38+00:00\" \/>\n<meta property=\"og:image\" content=\"https:\/\/barcelona.euses.cat\/wp-content\/uploads\/2025\/06\/graduacio-bellvitge-2.jpg\" \/>\n\t<meta property=\"og:image:width\" content=\"1600\" \/>\n\t<meta property=\"og:image:height\" content=\"1204\" \/>\n\t<meta property=\"og:image:type\" content=\"image\/jpeg\" \/>\n<meta name=\"author\" content=\"Jordi Danes\" \/>\n<meta name=\"twitter:card\" content=\"summary_large_image\" \/>\n<meta name=\"twitter:label1\" content=\"Escrito por\" \/>\n\t<meta name=\"twitter:data1\" content=\"Jordi Danes\" \/>\n\t<meta name=\"twitter:label2\" content=\"Tiempo de lectura\" \/>\n\t<meta name=\"twitter:data2\" content=\"2 minutos\" \/>\n<script type=\"application\/ld+json\" class=\"yoast-schema-graph\">{\"@context\":\"https:\\\/\\\/schema.org\",\"@graph\":[{\"@type\":\"Article\",\"@id\":\"https:\\\/\\\/barcelona.euses.cat\\\/es\\\/acto-de-graduacion-de-la-promocion-2021-2025-del-grado-en-fisioterapia-internacional-udg-ub-a-la-sala-paranimf\\\/#article\",\"isPartOf\":{\"@id\":\"https:\\\/\\\/barcelona.euses.cat\\\/es\\\/acto-de-graduacion-de-la-promocion-2021-2025-del-grado-en-fisioterapia-internacional-udg-ub-a-la-sala-paranimf\\\/\"},\"author\":{\"name\":\"Jordi Danes\",\"@id\":\"https:\\\/\\\/barcelona.euses.cat\\\/ca\\\/#\\\/schema\\\/person\\\/8ab46080dfc4814fa59383db317735bd\"},\"headline\":\"Acto de graduaci\u00f3n de la promoci\u00f3n 2021\\\/2025 del Grado en Fisioterapia Internacional (UdG-UB) a la sala Paranimf\",\"datePublished\":\"2025-06-20T14:44:34+00:00\",\"dateModified\":\"2025-06-25T07:50:38+00:00\",\"mainEntityOfPage\":{\"@id\":\"https:\\\/\\\/barcelona.euses.cat\\\/es\\\/acto-de-graduacion-de-la-promocion-2021-2025-del-grado-en-fisioterapia-internacional-udg-ub-a-la-sala-paranimf\\\/\"},\"wordCount\":251,\"commentCount\":0,\"image\":{\"@id\":\"https:\\\/\\\/barcelona.euses.cat\\\/es\\\/acto-de-graduacion-de-la-promocion-2021-2025-del-grado-en-fisioterapia-internacional-udg-ub-a-la-sala-paranimf\\\/#primaryimage\"},\"thumbnailUrl\":\"https:\\\/\\\/barcelona.euses.cat\\\/wp-content\\\/uploads\\\/2025\\\/06\\\/graduacio-bellvitge-2.jpg\",\"articleSection\":[\"Sin categorizar\"],\"inLanguage\":\"es\"},{\"@type\":\"WebPage\",\"@id\":\"https:\\\/\\\/barcelona.euses.cat\\\/es\\\/acto-de-graduacion-de-la-promocion-2021-2025-del-grado-en-fisioterapia-internacional-udg-ub-a-la-sala-paranimf\\\/\",\"url\":\"https:\\\/\\\/barcelona.euses.cat\\\/es\\\/acto-de-graduacion-de-la-promocion-2021-2025-del-grado-en-fisioterapia-internacional-udg-ub-a-la-sala-paranimf\\\/\",\"name\":\"Acto de graduaci\u00f3n de la promoci\u00f3n 2021\\\/2025 del Grado en Fisioterapia Internacional (UdG-UB) a la sala Paranimf | EUSES - Campus de Bellvitge (Barcelona)\",\"isPartOf\":{\"@id\":\"https:\\\/\\\/barcelona.euses.cat\\\/ca\\\/#website\"},\"primaryImageOfPage\":{\"@id\":\"https:\\\/\\\/barcelona.euses.cat\\\/es\\\/acto-de-graduacion-de-la-promocion-2021-2025-del-grado-en-fisioterapia-internacional-udg-ub-a-la-sala-paranimf\\\/#primaryimage\"},\"image\":{\"@id\":\"https:\\\/\\\/barcelona.euses.cat\\\/es\\\/acto-de-graduacion-de-la-promocion-2021-2025-del-grado-en-fisioterapia-internacional-udg-ub-a-la-sala-paranimf\\\/#primaryimage\"},\"thumbnailUrl\":\"https:\\\/\\\/barcelona.euses.cat\\\/wp-content\\\/uploads\\\/2025\\\/06\\\/graduacio-bellvitge-2.jpg\",\"datePublished\":\"2025-06-20T14:44:34+00:00\",\"dateModified\":\"2025-06-25T07:50:38+00:00\",\"author\":{\"@id\":\"https:\\\/\\\/barcelona.euses.cat\\\/ca\\\/#\\\/schema\\\/person\\\/8ab46080dfc4814fa59383db317735bd\"},\"breadcrumb\":{\"@id\":\"https:\\\/\\\/barcelona.euses.cat\\\/es\\\/acto-de-graduacion-de-la-promocion-2021-2025-del-grado-en-fisioterapia-internacional-udg-ub-a-la-sala-paranimf\\\/#breadcrumb\"},\"inLanguage\":\"es\",\"potentialAction\":[{\"@type\":\"ReadAction\",\"target\":[\"https:\\\/\\\/barcelona.euses.cat\\\/es\\\/acto-de-graduacion-de-la-promocion-2021-2025-del-grado-en-fisioterapia-internacional-udg-ub-a-la-sala-paranimf\\\/\"]}]},{\"@type\":\"ImageObject\",\"inLanguage\":\"es\",\"@id\":\"https:\\\/\\\/barcelona.euses.cat\\\/es\\\/acto-de-graduacion-de-la-promocion-2021-2025-del-grado-en-fisioterapia-internacional-udg-ub-a-la-sala-paranimf\\\/#primaryimage\",\"url\":\"https:\\\/\\\/barcelona.euses.cat\\\/wp-content\\\/uploads\\\/2025\\\/06\\\/graduacio-bellvitge-2.jpg\",\"contentUrl\":\"https:\\\/\\\/barcelona.euses.cat\\\/wp-content\\\/uploads\\\/2025\\\/06\\\/graduacio-bellvitge-2.jpg\",\"width\":1600,\"height\":1204},{\"@type\":\"BreadcrumbList\",\"@id\":\"https:\\\/\\\/barcelona.euses.cat\\\/es\\\/acto-de-graduacion-de-la-promocion-2021-2025-del-grado-en-fisioterapia-internacional-udg-ub-a-la-sala-paranimf\\\/#breadcrumb\",\"itemListElement\":[{\"@type\":\"ListItem\",\"position\":1,\"name\":\"Portada\",\"item\":\"https:\\\/\\\/barcelona.euses.cat\\\/es\\\/\"},{\"@type\":\"ListItem\",\"position\":2,\"name\":\"Acto de graduaci\u00f3n de la promoci\u00f3n 2021\\\/2025 del Grado en Fisioterapia Internacional (UdG-UB) a la sala Paranimf\"}]},{\"@type\":\"WebSite\",\"@id\":\"https:\\\/\\\/barcelona.euses.cat\\\/ca\\\/#website\",\"url\":\"https:\\\/\\\/barcelona.euses.cat\\\/ca\\\/\",\"name\":\"EUSES - Campus de Bellvitge (Barcelona)\",\"description\":\"EUSES, Escuela Universitaria de Fisioterapia Internacional en Barcelona\",\"potentialAction\":[{\"@type\":\"SearchAction\",\"target\":{\"@type\":\"EntryPoint\",\"urlTemplate\":\"https:\\\/\\\/barcelona.euses.cat\\\/ca\\\/?s={search_term_string}\"},\"query-input\":{\"@type\":\"PropertyValueSpecification\",\"valueRequired\":true,\"valueName\":\"search_term_string\"}}],\"inLanguage\":\"es\"},{\"@type\":\"Person\",\"@id\":\"https:\\\/\\\/barcelona.euses.cat\\\/ca\\\/#\\\/schema\\\/person\\\/8ab46080dfc4814fa59383db317735bd\",\"name\":\"Jordi Danes\",\"image\":{\"@type\":\"ImageObject\",\"inLanguage\":\"es\",\"@id\":\"https:\\\/\\\/secure.gravatar.com\\\/avatar\\\/a9e4f443b594af225625ee8cfa665e41b1e0740ea34fbe0515b4ca559f8570ef?s=96&d=mm&r=g\",\"url\":\"https:\\\/\\\/secure.gravatar.com\\\/avatar\\\/a9e4f443b594af225625ee8cfa665e41b1e0740ea34fbe0515b4ca559f8570ef?s=96&d=mm&r=g\",\"contentUrl\":\"https:\\\/\\\/secure.gravatar.com\\\/avatar\\\/a9e4f443b594af225625ee8cfa665e41b1e0740ea34fbe0515b4ca559f8570ef?s=96&d=mm&r=g\",\"caption\":\"Jordi Danes\"},\"url\":\"https:\\\/\\\/barcelona.euses.cat\\\/es\\\/author\\\/jordi-danes\\\/\"}]}<\/script>\n<!-- \/ Yoast SEO plugin. -->","yoast_head_json":{"title":"Acto de graduaci\u00f3n de la promoci\u00f3n 2021\/2025 del Grado en Fisioterapia Internacional (UdG-UB) a la sala Paranimf | EUSES - Campus de Bellvitge (Barcelona)","robots":{"index":"index","follow":"follow","max-snippet":"max-snippet:-1","max-image-preview":"max-image-preview:large","max-video-preview":"max-video-preview:-1"},"canonical":"https:\/\/barcelona.euses.cat\/es\/acto-de-graduacion-de-la-promocion-2021-2025-del-grado-en-fisioterapia-internacional-udg-ub-a-la-sala-paranimf\/","og_locale":"es_ES","og_type":"article","og_title":"Acto de graduaci\u00f3n de la promoci\u00f3n 2021\/2025 del Grado en Fisioterapia Internacional (UdG-UB) a la sala Paranimf | EUSES - Campus de Bellvitge (Barcelona)","og_description":"Un a\u00f1o m\u00e1s, la sala Paranimf de la Universitat de Barcelona ha sido el escenario del Acto de Graduaci\u00f3n de la 7\u00aa Promoci\u00f3n del Grado en Fisioterapia Internacional (UdG-UB). De all\u00ed han salido 55 nuevos fisioterapeutas que iniciaron los estudios en el Campus de Bellvitge en 2021 y que este viernes han recibido el diploma [&hellip;]","og_url":"https:\/\/barcelona.euses.cat\/es\/acto-de-graduacion-de-la-promocion-2021-2025-del-grado-en-fisioterapia-internacional-udg-ub-a-la-sala-paranimf\/","og_site_name":"EUSES - Campus de Bellvitge (Barcelona)","article_publisher":"https:\/\/www.facebook.com\/PhysioBCN\/","article_published_time":"2025-06-20T14:44:34+00:00","article_modified_time":"2025-06-25T07:50:38+00:00","og_image":[{"width":1600,"height":1204,"url":"https:\/\/barcelona.euses.cat\/wp-content\/uploads\/2025\/06\/graduacio-bellvitge-2.jpg","type":"image\/jpeg"}],"author":"Jordi Danes","twitter_card":"summary_large_image","twitter_misc":{"Escrito por":"Jordi Danes","Tiempo de lectura":"2 minutos"},"schema":{"@context":"https:\/\/schema.org","@graph":[{"@type":"Article","@id":"https:\/\/barcelona.euses.cat\/es\/acto-de-graduacion-de-la-promocion-2021-2025-del-grado-en-fisioterapia-internacional-udg-ub-a-la-sala-paranimf\/#article","isPartOf":{"@id":"https:\/\/barcelona.euses.cat\/es\/acto-de-graduacion-de-la-promocion-2021-2025-del-grado-en-fisioterapia-internacional-udg-ub-a-la-sala-paranimf\/"},"author":{"name":"Jordi Danes","@id":"https:\/\/barcelona.euses.cat\/ca\/#\/schema\/person\/8ab46080dfc4814fa59383db317735bd"},"headline":"Acto de graduaci\u00f3n de la promoci\u00f3n 2021\/2025 del Grado en Fisioterapia Internacional (UdG-UB) a la sala Paranimf","datePublished":"2025-06-20T14:44:34+00:00","dateModified":"2025-06-25T07:50:38+00:00","mainEntityOfPage":{"@id":"https:\/\/barcelona.euses.cat\/es\/acto-de-graduacion-de-la-promocion-2021-2025-del-grado-en-fisioterapia-internacional-udg-ub-a-la-sala-paranimf\/"},"wordCount":251,"commentCount":0,"image":{"@id":"https:\/\/barcelona.euses.cat\/es\/acto-de-graduacion-de-la-promocion-2021-2025-del-grado-en-fisioterapia-internacional-udg-ub-a-la-sala-paranimf\/#primaryimage"},"thumbnailUrl":"https:\/\/barcelona.euses.cat\/wp-content\/uploads\/2025\/06\/graduacio-bellvitge-2.jpg","articleSection":["Sin categorizar"],"inLanguage":"es"},{"@type":"WebPage","@id":"https:\/\/barcelona.euses.cat\/es\/acto-de-graduacion-de-la-promocion-2021-2025-del-grado-en-fisioterapia-internacional-udg-ub-a-la-sala-paranimf\/","url":"https:\/\/barcelona.euses.cat\/es\/acto-de-graduacion-de-la-promocion-2021-2025-del-grado-en-fisioterapia-internacional-udg-ub-a-la-sala-paranimf\/","name":"Acto de graduaci\u00f3n de la promoci\u00f3n 2021\/2025 del Grado en Fisioterapia Internacional (UdG-UB) a la sala Paranimf | EUSES - Campus de Bellvitge (Barcelona)","isPartOf":{"@id":"https:\/\/barcelona.euses.cat\/ca\/#website"},"primaryImageOfPage":{"@id":"https:\/\/barcelona.euses.cat\/es\/acto-de-graduacion-de-la-promocion-2021-2025-del-grado-en-fisioterapia-internacional-udg-ub-a-la-sala-paranimf\/#primaryimage"},"image":{"@id":"https:\/\/barcelona.euses.cat\/es\/acto-de-graduacion-de-la-promocion-2021-2025-del-grado-en-fisioterapia-internacional-udg-ub-a-la-sala-paranimf\/#primaryimage"},"thumbnailUrl":"https:\/\/barcelona.euses.cat\/wp-content\/uploads\/2025\/06\/graduacio-bellvitge-2.jpg","datePublished":"2025-06-20T14:44:34+00:00","dateModified":"2025-06-25T07:50:38+00:00","author":{"@id":"https:\/\/barcelona.euses.cat\/ca\/#\/schema\/person\/8ab46080dfc4814fa59383db317735bd"},"breadcrumb":{"@id":"https:\/\/barcelona.euses.cat\/es\/acto-de-graduacion-de-la-promocion-2021-2025-del-grado-en-fisioterapia-internacional-udg-ub-a-la-sala-paranimf\/#breadcrumb"},"inLanguage":"es","potentialAction":[{"@type":"ReadAction","target":["https:\/\/barcelona.euses.cat\/es\/acto-de-graduacion-de-la-promocion-2021-2025-del-grado-en-fisioterapia-internacional-udg-ub-a-la-sala-paranimf\/"]}]},{"@type":"ImageObject","inLanguage":"es","@id":"https:\/\/barcelona.euses.cat\/es\/acto-de-graduacion-de-la-promocion-2021-2025-del-grado-en-fisioterapia-internacional-udg-ub-a-la-sala-paranimf\/#primaryimage","url":"https:\/\/barcelona.euses.cat\/wp-content\/uploads\/2025\/06\/graduacio-bellvitge-2.jpg","contentUrl":"https:\/\/barcelona.euses.cat\/wp-content\/uploads\/2025\/06\/graduacio-bellvitge-2.jpg","width":1600,"height":1204},{"@type":"BreadcrumbList","@id":"https:\/\/barcelona.euses.cat\/es\/acto-de-graduacion-de-la-promocion-2021-2025-del-grado-en-fisioterapia-internacional-udg-ub-a-la-sala-paranimf\/#breadcrumb","itemListElement":[{"@type":"ListItem","position":1,"name":"Portada","item":"https:\/\/barcelona.euses.cat\/es\/"},{"@type":"ListItem","position":2,"name":"Acto de graduaci\u00f3n de la promoci\u00f3n 2021\/2025 del Grado en Fisioterapia Internacional (UdG-UB) a la sala Paranimf"}]},{"@type":"WebSite","@id":"https:\/\/barcelona.euses.cat\/ca\/#website","url":"https:\/\/barcelona.euses.cat\/ca\/","name":"EUSES - Campus de Bellvitge (Barcelona)","description":"EUSES, Escuela Universitaria de Fisioterapia Internacional en Barcelona","potentialAction":[{"@type":"SearchAction","target":{"@type":"EntryPoint","urlTemplate":"https:\/\/barcelona.euses.cat\/ca\/?s={search_term_string}"},"query-input":{"@type":"PropertyValueSpecification","valueRequired":true,"valueName":"search_term_string"}}],"inLanguage":"es"},{"@type":"Person","@id":"https:\/\/barcelona.euses.cat\/ca\/#\/schema\/person\/8ab46080dfc4814fa59383db317735bd","name":"Jordi Danes","image":{"@type":"ImageObject","inLanguage":"es","@id":"https:\/\/secure.gravatar.com\/avatar\/a9e4f443b594af225625ee8cfa665e41b1e0740ea34fbe0515b4ca559f8570ef?s=96&d=mm&r=g","url":"https:\/\/secure.gravatar.com\/avatar\/a9e4f443b594af225625ee8cfa665e41b1e0740ea34fbe0515b4ca559f8570ef?s=96&d=mm&r=g","contentUrl":"https:\/\/secure.gravatar.com\/avatar\/a9e4f443b594af225625ee8cfa665e41b1e0740ea34fbe0515b4ca559f8570ef?s=96&d=mm&r=g","caption":"Jordi Danes"},"url":"https:\/\/barcelona.euses.cat\/es\/author\/jordi-danes\/"}]}},"_links":{"self":[{"href":"https:\/\/barcelona.euses.cat\/es\/wp-json\/wp\/v2\/posts\/12515","targetHints":{"allow":["GET"]}}],"collection":[{"href":"https:\/\/barcelona.euses.cat\/es\/wp-json\/wp\/v2\/posts"}],"about":[{"href":"https:\/\/barcelona.euses.cat\/es\/wp-json\/wp\/v2\/types\/post"}],"author":[{"embeddable":true,"href":"https:\/\/barcelona.euses.cat\/es\/wp-json\/wp\/v2\/users\/3"}],"replies":[{"embeddable":true,"href":"https:\/\/barcelona.euses.cat\/es\/wp-json\/wp\/v2\/comments?post=12515"}],"version-history":[{"count":4,"href":"https:\/\/barcelona.euses.cat\/es\/wp-json\/wp\/v2\/posts\/12515\/revisions"}],"predecessor-version":[{"id":12541,"href":"https:\/\/barcelona.euses.cat\/es\/wp-json\/wp\/v2\/posts\/12515\/revisions\/12541"}],"wp:featuredmedia":[{"embeddable":true,"href":"https:\/\/barcelona.euses.cat\/es\/wp-json\/wp\/v2\/media\/12530"}],"wp:attachment":[{"href":"https:\/\/barcelona.euses.cat\/es\/wp-json\/wp\/v2\/media?parent=12515"}],"wp:term":[{"taxonomy":"category","embeddable":true,"href":"https:\/\/barcelona.euses.cat\/es\/wp-json\/wp\/v2\/categories?post=12515"},{"taxonomy":"post_tag","embeddable":true,"href":"https:\/\/barcelona.euses.cat\/es\/wp-json\/wp\/v2\/tags?post=12515"}],"curies":[{"name":"wp","href":"https:\/\/api.w.org\/{rel}","templated":true}]}}