{"id":12511,"date":"2025-06-05T08:48:57","date_gmt":"2025-06-05T06:48:57","guid":{"rendered":"https:\/\/barcelona.euses.cat\/?p=12511"},"modified":"2025-06-05T08:48:57","modified_gmt":"2025-06-05T06:48:57","slug":"la-escola-universitaria-de-la-salut-i-lesport-abre-el-periodo-de-preinscripcion-universitaria-en-sus-centros","status":"publish","type":"post","link":"https:\/\/barcelona.euses.cat\/es\/la-escola-universitaria-de-la-salut-i-lesport-abre-el-periodo-de-preinscripcion-universitaria-en-sus-centros\/","title":{"rendered":"La Escola Universit\u00e0ria de la Salut i l\u2019Esport abre el periodo de preinscripci\u00f3n universitaria en sus centros"},"content":{"rendered":"<p style=\"font-weight: 400;\">Este martes 3 de junio se abri\u00f3 el periodo de preinscripci\u00f3n universitaria en Catalunya para el curso 2025-2026. Los estudiantes interesados a acceder al primer curso de un grado universitario en los diferentes centros de la\u00a0Escola Universit\u00e0ria de la Salut i l\u2019Esport\u00a0ya pueden presentar su solicitud hasta el 30 de junio en el portal:\u00a0\u00a0<a href=\"http:\/\/accesuniversitat.gencat.cat\/\" data-saferedirecturl=\"https:\/\/www.google.com\/url?q=http:\/\/accesuniversitat.gencat.cat\/&amp;source=gmail&amp;ust=1749191619189000&amp;usg=AOvVaw0W0J5IQZiTMqNQcwXnwljQ\">Accesuniversitat.gencat.cat<\/a><\/p>\n<p style=\"font-weight: 400;\">Las fechas clave del proceso de preinscripci\u00f3n son las siguientes:<\/p>\n<ul>\n<li style=\"font-weight: 400;\">Periodo de preinscripci\u00f3n: del 3 al 30 de junio<\/li>\n<li style=\"font-weight: 400;\">Publicaci\u00f3n de la primera asignaci\u00f3n de plazas: 11 de julio<\/li>\n<li style=\"font-weight: 400;\">Matr\u00edcula para los asignados en primera preferencia: del 15 al 18 de julio<\/li>\n<li style=\"font-weight: 400;\">Publicaci\u00f3n de la segunda asignaci\u00f3n de plazas: 24 de julio<\/li>\n<li style=\"font-weight: 400;\">Matr\u00edcula para la segunda asignaci\u00f3n: del 25 al 29 de julio<\/li>\n<li style=\"font-weight: 400;\">Publicaci\u00f3n de la tercera asignaci\u00f3n de plazas: 3 de septiembre<\/li>\n<\/ul>\n<p style=\"font-weight: 400;\">Por otro lado, los c\u00f3digos de los estudios que se realizan en EUSES son los siguientes:<\/p>\n<ul>\n<li style=\"font-weight: 400;\">Grado en Ciencias de la Actividad F\u00edsica y del Deporte en Girona (EUSES-UdG). C\u00f3digo de preinscripci\u00f3n:<strong>81082<\/strong><\/li>\n<li style=\"font-weight: 400;\">Doble Titulaci\u00f3n (Fisoter\u00e0pia + CAFyD en Girona (EUSES-UdG) C\u00f3digo:<strong>81086<\/strong><\/li>\n<li style=\"font-weight: 400;\">Grado en Fisioterapia en Girona (EUSES-UdG) C\u00f3digo:<strong>81087<\/strong><\/li>\n<li style=\"font-weight: 400;\">Grado en Nutrici\u00f3n humana y diet\u00e9tica en Girona (EUSES-UdG) C\u00f3digo:<strong>81081<\/strong><\/li>\n<li style=\"font-weight: 400;\">Grado en Fisioterapia en Barcelona (EUSES UdG-UB) para estudiantes extranjeros C\u00f3digo:<strong>91919<\/strong><\/li>\n<li style=\"font-weight: 400;\">Grado en Fisioterapia en Barcelona (EUSES UdG-UB) para estudiantes espa\u00f1oles C\u00f3digo:<strong>91918<\/strong><\/li>\n<li style=\"font-weight: 400;\">Grado en Fisioterapia en Tortosa (EUSES-URV) C\u00f3digo:<strong>71048<\/strong><\/li>\n<li style=\"font-weight: 400;\">Grado en Ciencias de la Actividad F\u00edsica y del Deporte en Amposta (EUSES-URV) C\u00f3digo:<strong>71086<\/strong><\/li>\n<li style=\"font-weight: 400;\">Doble Titulaci\u00f3n (Fisioterapia + CAFyD) en Tortosa y Amposta (EUSES-URV). C\u00f3digo:<strong>71088<\/strong><\/li>\n<\/ul>\n","protected":false},"excerpt":{"rendered":"<p>Este martes 3 de junio se abri\u00f3 el periodo de preinscripci\u00f3n universitaria en Catalunya para el curso 2025-2026. Los estudiantes interesados a acceder al primer curso de un grado universitario en los diferentes centros de la\u00a0Escola Universit\u00e0ria de la Salut i l\u2019Esport\u00a0ya pueden presentar su solicitud hasta el 30 de junio en el portal:\u00a0\u00a0Accesuniversitat.gencat.cat Las [&hellip;]<\/p>\n","protected":false},"author":3,"featured_media":12508,"comment_status":"open","ping_status":"closed","sticky":false,"template":"","format":"standard","meta":{"_acf_changed":false,"inline_featured_image":false,"_joinchat":[],"footnotes":""},"categories":[1],"tags":[],"class_list":["post-12511","post","type-post","status-publish","format-standard","has-post-thumbnail","hentry","category-sin-categorizar"],"acf":[],"yoast_head":"<!-- This site is optimized with the Yoast SEO plugin v27.4 - https:\/\/yoast.com\/product\/yoast-seo-wordpress\/ -->\n<title>La Escola Universit\u00e0ria de la Salut i l\u2019Esport abre el periodo de preinscripci\u00f3n universitaria en sus centros | EUSES - Campus de Bellvitge (Barcelona)<\/title>\n<meta name=\"robots\" content=\"index, follow, max-snippet:-1, max-image-preview:large, max-video-preview:-1\" \/>\n<link rel=\"canonical\" href=\"https:\/\/barcelona.euses.cat\/es\/la-escola-universitaria-de-la-salut-i-lesport-abre-el-periodo-de-preinscripcion-universitaria-en-sus-centros\/\" \/>\n<meta property=\"og:locale\" content=\"es_ES\" \/>\n<meta property=\"og:type\" content=\"article\" \/>\n<meta property=\"og:title\" content=\"La Escola Universit\u00e0ria de la Salut i l\u2019Esport abre el periodo de preinscripci\u00f3n universitaria en sus centros | EUSES - Campus de Bellvitge (Barcelona)\" \/>\n<meta property=\"og:description\" content=\"Este martes 3 de junio se abri\u00f3 el periodo de preinscripci\u00f3n universitaria en Catalunya para el curso 2025-2026. Los estudiantes interesados a acceder al primer curso de un grado universitario en los diferentes centros de la\u00a0Escola Universit\u00e0ria de la Salut i l\u2019Esport\u00a0ya pueden presentar su solicitud hasta el 30 de junio en el portal:\u00a0\u00a0Accesuniversitat.gencat.cat Las [&hellip;]\" \/>\n<meta property=\"og:url\" content=\"https:\/\/barcelona.euses.cat\/es\/la-escola-universitaria-de-la-salut-i-lesport-abre-el-periodo-de-preinscripcion-universitaria-en-sus-centros\/\" \/>\n<meta property=\"og:site_name\" content=\"EUSES - Campus de Bellvitge (Barcelona)\" \/>\n<meta property=\"article:publisher\" content=\"https:\/\/www.facebook.com\/PhysioBCN\/\" \/>\n<meta property=\"article:published_time\" content=\"2025-06-05T06:48:57+00:00\" \/>\n<meta property=\"og:image\" content=\"https:\/\/barcelona.euses.cat\/wp-content\/uploads\/2025\/06\/PREINSCRIPCIONS-1.png\" \/>\n\t<meta property=\"og:image:width\" content=\"1080\" \/>\n\t<meta property=\"og:image:height\" content=\"1350\" \/>\n\t<meta property=\"og:image:type\" content=\"image\/png\" \/>\n<meta name=\"author\" content=\"Jordi Danes\" \/>\n<meta name=\"twitter:card\" content=\"summary_large_image\" \/>\n<meta name=\"twitter:label1\" content=\"Escrito por\" \/>\n\t<meta name=\"twitter:data1\" content=\"Jordi Danes\" \/>\n\t<meta name=\"twitter:label2\" content=\"Tiempo de lectura\" \/>\n\t<meta name=\"twitter:data2\" content=\"2 minutos\" \/>\n<script type=\"application\/ld+json\" class=\"yoast-schema-graph\">{\"@context\":\"https:\\\/\\\/schema.org\",\"@graph\":[{\"@type\":\"Article\",\"@id\":\"https:\\\/\\\/barcelona.euses.cat\\\/es\\\/la-escola-universitaria-de-la-salut-i-lesport-abre-el-periodo-de-preinscripcion-universitaria-en-sus-centros\\\/#article\",\"isPartOf\":{\"@id\":\"https:\\\/\\\/barcelona.euses.cat\\\/es\\\/la-escola-universitaria-de-la-salut-i-lesport-abre-el-periodo-de-preinscripcion-universitaria-en-sus-centros\\\/\"},\"author\":{\"name\":\"Jordi Danes\",\"@id\":\"https:\\\/\\\/barcelona.euses.cat\\\/ca\\\/#\\\/schema\\\/person\\\/8ab46080dfc4814fa59383db317735bd\"},\"headline\":\"La Escola Universit\u00e0ria de la Salut i l\u2019Esport abre el periodo de preinscripci\u00f3n universitaria en sus centros\",\"datePublished\":\"2025-06-05T06:48:57+00:00\",\"mainEntityOfPage\":{\"@id\":\"https:\\\/\\\/barcelona.euses.cat\\\/es\\\/la-escola-universitaria-de-la-salut-i-lesport-abre-el-periodo-de-preinscripcion-universitaria-en-sus-centros\\\/\"},\"wordCount\":284,\"commentCount\":0,\"image\":{\"@id\":\"https:\\\/\\\/barcelona.euses.cat\\\/es\\\/la-escola-universitaria-de-la-salut-i-lesport-abre-el-periodo-de-preinscripcion-universitaria-en-sus-centros\\\/#primaryimage\"},\"thumbnailUrl\":\"https:\\\/\\\/barcelona.euses.cat\\\/wp-content\\\/uploads\\\/2025\\\/06\\\/PREINSCRIPCIONS-1.png\",\"articleSection\":[\"Sin categorizar\"],\"inLanguage\":\"es\"},{\"@type\":\"WebPage\",\"@id\":\"https:\\\/\\\/barcelona.euses.cat\\\/es\\\/la-escola-universitaria-de-la-salut-i-lesport-abre-el-periodo-de-preinscripcion-universitaria-en-sus-centros\\\/\",\"url\":\"https:\\\/\\\/barcelona.euses.cat\\\/es\\\/la-escola-universitaria-de-la-salut-i-lesport-abre-el-periodo-de-preinscripcion-universitaria-en-sus-centros\\\/\",\"name\":\"La Escola Universit\u00e0ria de la Salut i l\u2019Esport abre el periodo de preinscripci\u00f3n universitaria en sus centros | EUSES - Campus de Bellvitge (Barcelona)\",\"isPartOf\":{\"@id\":\"https:\\\/\\\/barcelona.euses.cat\\\/ca\\\/#website\"},\"primaryImageOfPage\":{\"@id\":\"https:\\\/\\\/barcelona.euses.cat\\\/es\\\/la-escola-universitaria-de-la-salut-i-lesport-abre-el-periodo-de-preinscripcion-universitaria-en-sus-centros\\\/#primaryimage\"},\"image\":{\"@id\":\"https:\\\/\\\/barcelona.euses.cat\\\/es\\\/la-escola-universitaria-de-la-salut-i-lesport-abre-el-periodo-de-preinscripcion-universitaria-en-sus-centros\\\/#primaryimage\"},\"thumbnailUrl\":\"https:\\\/\\\/barcelona.euses.cat\\\/wp-content\\\/uploads\\\/2025\\\/06\\\/PREINSCRIPCIONS-1.png\",\"datePublished\":\"2025-06-05T06:48:57+00:00\",\"author\":{\"@id\":\"https:\\\/\\\/barcelona.euses.cat\\\/ca\\\/#\\\/schema\\\/person\\\/8ab46080dfc4814fa59383db317735bd\"},\"breadcrumb\":{\"@id\":\"https:\\\/\\\/barcelona.euses.cat\\\/es\\\/la-escola-universitaria-de-la-salut-i-lesport-abre-el-periodo-de-preinscripcion-universitaria-en-sus-centros\\\/#breadcrumb\"},\"inLanguage\":\"es\",\"potentialAction\":[{\"@type\":\"ReadAction\",\"target\":[\"https:\\\/\\\/barcelona.euses.cat\\\/es\\\/la-escola-universitaria-de-la-salut-i-lesport-abre-el-periodo-de-preinscripcion-universitaria-en-sus-centros\\\/\"]}]},{\"@type\":\"ImageObject\",\"inLanguage\":\"es\",\"@id\":\"https:\\\/\\\/barcelona.euses.cat\\\/es\\\/la-escola-universitaria-de-la-salut-i-lesport-abre-el-periodo-de-preinscripcion-universitaria-en-sus-centros\\\/#primaryimage\",\"url\":\"https:\\\/\\\/barcelona.euses.cat\\\/wp-content\\\/uploads\\\/2025\\\/06\\\/PREINSCRIPCIONS-1.png\",\"contentUrl\":\"https:\\\/\\\/barcelona.euses.cat\\\/wp-content\\\/uploads\\\/2025\\\/06\\\/PREINSCRIPCIONS-1.png\",\"width\":1080,\"height\":1350},{\"@type\":\"BreadcrumbList\",\"@id\":\"https:\\\/\\\/barcelona.euses.cat\\\/es\\\/la-escola-universitaria-de-la-salut-i-lesport-abre-el-periodo-de-preinscripcion-universitaria-en-sus-centros\\\/#breadcrumb\",\"itemListElement\":[{\"@type\":\"ListItem\",\"position\":1,\"name\":\"Portada\",\"item\":\"https:\\\/\\\/barcelona.euses.cat\\\/es\\\/\"},{\"@type\":\"ListItem\",\"position\":2,\"name\":\"La Escola Universit\u00e0ria de la Salut i l\u2019Esport abre el periodo de preinscripci\u00f3n universitaria en sus centros\"}]},{\"@type\":\"WebSite\",\"@id\":\"https:\\\/\\\/barcelona.euses.cat\\\/ca\\\/#website\",\"url\":\"https:\\\/\\\/barcelona.euses.cat\\\/ca\\\/\",\"name\":\"EUSES - Campus de Bellvitge (Barcelona)\",\"description\":\"EUSES, Escuela Universitaria de Fisioterapia Internacional en Barcelona\",\"potentialAction\":[{\"@type\":\"SearchAction\",\"target\":{\"@type\":\"EntryPoint\",\"urlTemplate\":\"https:\\\/\\\/barcelona.euses.cat\\\/ca\\\/?s={search_term_string}\"},\"query-input\":{\"@type\":\"PropertyValueSpecification\",\"valueRequired\":true,\"valueName\":\"search_term_string\"}}],\"inLanguage\":\"es\"},{\"@type\":\"Person\",\"@id\":\"https:\\\/\\\/barcelona.euses.cat\\\/ca\\\/#\\\/schema\\\/person\\\/8ab46080dfc4814fa59383db317735bd\",\"name\":\"Jordi Danes\",\"image\":{\"@type\":\"ImageObject\",\"inLanguage\":\"es\",\"@id\":\"https:\\\/\\\/secure.gravatar.com\\\/avatar\\\/a9e4f443b594af225625ee8cfa665e41b1e0740ea34fbe0515b4ca559f8570ef?s=96&d=mm&r=g\",\"url\":\"https:\\\/\\\/secure.gravatar.com\\\/avatar\\\/a9e4f443b594af225625ee8cfa665e41b1e0740ea34fbe0515b4ca559f8570ef?s=96&d=mm&r=g\",\"contentUrl\":\"https:\\\/\\\/secure.gravatar.com\\\/avatar\\\/a9e4f443b594af225625ee8cfa665e41b1e0740ea34fbe0515b4ca559f8570ef?s=96&d=mm&r=g\",\"caption\":\"Jordi Danes\"},\"url\":\"https:\\\/\\\/barcelona.euses.cat\\\/es\\\/author\\\/jordi-danes\\\/\"}]}<\/script>\n<!-- \/ Yoast SEO plugin. -->","yoast_head_json":{"title":"La Escola Universit\u00e0ria de la Salut i l\u2019Esport abre el periodo de preinscripci\u00f3n universitaria en sus centros | EUSES - Campus de Bellvitge (Barcelona)","robots":{"index":"index","follow":"follow","max-snippet":"max-snippet:-1","max-image-preview":"max-image-preview:large","max-video-preview":"max-video-preview:-1"},"canonical":"https:\/\/barcelona.euses.cat\/es\/la-escola-universitaria-de-la-salut-i-lesport-abre-el-periodo-de-preinscripcion-universitaria-en-sus-centros\/","og_locale":"es_ES","og_type":"article","og_title":"La Escola Universit\u00e0ria de la Salut i l\u2019Esport abre el periodo de preinscripci\u00f3n universitaria en sus centros | EUSES - Campus de Bellvitge (Barcelona)","og_description":"Este martes 3 de junio se abri\u00f3 el periodo de preinscripci\u00f3n universitaria en Catalunya para el curso 2025-2026. Los estudiantes interesados a acceder al primer curso de un grado universitario en los diferentes centros de la\u00a0Escola Universit\u00e0ria de la Salut i l\u2019Esport\u00a0ya pueden presentar su solicitud hasta el 30 de junio en el portal:\u00a0\u00a0Accesuniversitat.gencat.cat Las [&hellip;]","og_url":"https:\/\/barcelona.euses.cat\/es\/la-escola-universitaria-de-la-salut-i-lesport-abre-el-periodo-de-preinscripcion-universitaria-en-sus-centros\/","og_site_name":"EUSES - Campus de Bellvitge (Barcelona)","article_publisher":"https:\/\/www.facebook.com\/PhysioBCN\/","article_published_time":"2025-06-05T06:48:57+00:00","og_image":[{"width":1080,"height":1350,"url":"https:\/\/barcelona.euses.cat\/wp-content\/uploads\/2025\/06\/PREINSCRIPCIONS-1.png","type":"image\/png"}],"author":"Jordi Danes","twitter_card":"summary_large_image","twitter_misc":{"Escrito por":"Jordi Danes","Tiempo de lectura":"2 minutos"},"schema":{"@context":"https:\/\/schema.org","@graph":[{"@type":"Article","@id":"https:\/\/barcelona.euses.cat\/es\/la-escola-universitaria-de-la-salut-i-lesport-abre-el-periodo-de-preinscripcion-universitaria-en-sus-centros\/#article","isPartOf":{"@id":"https:\/\/barcelona.euses.cat\/es\/la-escola-universitaria-de-la-salut-i-lesport-abre-el-periodo-de-preinscripcion-universitaria-en-sus-centros\/"},"author":{"name":"Jordi Danes","@id":"https:\/\/barcelona.euses.cat\/ca\/#\/schema\/person\/8ab46080dfc4814fa59383db317735bd"},"headline":"La Escola Universit\u00e0ria de la Salut i l\u2019Esport abre el periodo de preinscripci\u00f3n universitaria en sus centros","datePublished":"2025-06-05T06:48:57+00:00","mainEntityOfPage":{"@id":"https:\/\/barcelona.euses.cat\/es\/la-escola-universitaria-de-la-salut-i-lesport-abre-el-periodo-de-preinscripcion-universitaria-en-sus-centros\/"},"wordCount":284,"commentCount":0,"image":{"@id":"https:\/\/barcelona.euses.cat\/es\/la-escola-universitaria-de-la-salut-i-lesport-abre-el-periodo-de-preinscripcion-universitaria-en-sus-centros\/#primaryimage"},"thumbnailUrl":"https:\/\/barcelona.euses.cat\/wp-content\/uploads\/2025\/06\/PREINSCRIPCIONS-1.png","articleSection":["Sin categorizar"],"inLanguage":"es"},{"@type":"WebPage","@id":"https:\/\/barcelona.euses.cat\/es\/la-escola-universitaria-de-la-salut-i-lesport-abre-el-periodo-de-preinscripcion-universitaria-en-sus-centros\/","url":"https:\/\/barcelona.euses.cat\/es\/la-escola-universitaria-de-la-salut-i-lesport-abre-el-periodo-de-preinscripcion-universitaria-en-sus-centros\/","name":"La Escola Universit\u00e0ria de la Salut i l\u2019Esport abre el periodo de preinscripci\u00f3n universitaria en sus centros | EUSES - Campus de Bellvitge (Barcelona)","isPartOf":{"@id":"https:\/\/barcelona.euses.cat\/ca\/#website"},"primaryImageOfPage":{"@id":"https:\/\/barcelona.euses.cat\/es\/la-escola-universitaria-de-la-salut-i-lesport-abre-el-periodo-de-preinscripcion-universitaria-en-sus-centros\/#primaryimage"},"image":{"@id":"https:\/\/barcelona.euses.cat\/es\/la-escola-universitaria-de-la-salut-i-lesport-abre-el-periodo-de-preinscripcion-universitaria-en-sus-centros\/#primaryimage"},"thumbnailUrl":"https:\/\/barcelona.euses.cat\/wp-content\/uploads\/2025\/06\/PREINSCRIPCIONS-1.png","datePublished":"2025-06-05T06:48:57+00:00","author":{"@id":"https:\/\/barcelona.euses.cat\/ca\/#\/schema\/person\/8ab46080dfc4814fa59383db317735bd"},"breadcrumb":{"@id":"https:\/\/barcelona.euses.cat\/es\/la-escola-universitaria-de-la-salut-i-lesport-abre-el-periodo-de-preinscripcion-universitaria-en-sus-centros\/#breadcrumb"},"inLanguage":"es","potentialAction":[{"@type":"ReadAction","target":["https:\/\/barcelona.euses.cat\/es\/la-escola-universitaria-de-la-salut-i-lesport-abre-el-periodo-de-preinscripcion-universitaria-en-sus-centros\/"]}]},{"@type":"ImageObject","inLanguage":"es","@id":"https:\/\/barcelona.euses.cat\/es\/la-escola-universitaria-de-la-salut-i-lesport-abre-el-periodo-de-preinscripcion-universitaria-en-sus-centros\/#primaryimage","url":"https:\/\/barcelona.euses.cat\/wp-content\/uploads\/2025\/06\/PREINSCRIPCIONS-1.png","contentUrl":"https:\/\/barcelona.euses.cat\/wp-content\/uploads\/2025\/06\/PREINSCRIPCIONS-1.png","width":1080,"height":1350},{"@type":"BreadcrumbList","@id":"https:\/\/barcelona.euses.cat\/es\/la-escola-universitaria-de-la-salut-i-lesport-abre-el-periodo-de-preinscripcion-universitaria-en-sus-centros\/#breadcrumb","itemListElement":[{"@type":"ListItem","position":1,"name":"Portada","item":"https:\/\/barcelona.euses.cat\/es\/"},{"@type":"ListItem","position":2,"name":"La Escola Universit\u00e0ria de la Salut i l\u2019Esport abre el periodo de preinscripci\u00f3n universitaria en sus centros"}]},{"@type":"WebSite","@id":"https:\/\/barcelona.euses.cat\/ca\/#website","url":"https:\/\/barcelona.euses.cat\/ca\/","name":"EUSES - Campus de Bellvitge (Barcelona)","description":"EUSES, Escuela Universitaria de Fisioterapia Internacional en Barcelona","potentialAction":[{"@type":"SearchAction","target":{"@type":"EntryPoint","urlTemplate":"https:\/\/barcelona.euses.cat\/ca\/?s={search_term_string}"},"query-input":{"@type":"PropertyValueSpecification","valueRequired":true,"valueName":"search_term_string"}}],"inLanguage":"es"},{"@type":"Person","@id":"https:\/\/barcelona.euses.cat\/ca\/#\/schema\/person\/8ab46080dfc4814fa59383db317735bd","name":"Jordi Danes","image":{"@type":"ImageObject","inLanguage":"es","@id":"https:\/\/secure.gravatar.com\/avatar\/a9e4f443b594af225625ee8cfa665e41b1e0740ea34fbe0515b4ca559f8570ef?s=96&d=mm&r=g","url":"https:\/\/secure.gravatar.com\/avatar\/a9e4f443b594af225625ee8cfa665e41b1e0740ea34fbe0515b4ca559f8570ef?s=96&d=mm&r=g","contentUrl":"https:\/\/secure.gravatar.com\/avatar\/a9e4f443b594af225625ee8cfa665e41b1e0740ea34fbe0515b4ca559f8570ef?s=96&d=mm&r=g","caption":"Jordi Danes"},"url":"https:\/\/barcelona.euses.cat\/es\/author\/jordi-danes\/"}]}},"_links":{"self":[{"href":"https:\/\/barcelona.euses.cat\/es\/wp-json\/wp\/v2\/posts\/12511","targetHints":{"allow":["GET"]}}],"collection":[{"href":"https:\/\/barcelona.euses.cat\/es\/wp-json\/wp\/v2\/posts"}],"about":[{"href":"https:\/\/barcelona.euses.cat\/es\/wp-json\/wp\/v2\/types\/post"}],"author":[{"embeddable":true,"href":"https:\/\/barcelona.euses.cat\/es\/wp-json\/wp\/v2\/users\/3"}],"replies":[{"embeddable":true,"href":"https:\/\/barcelona.euses.cat\/es\/wp-json\/wp\/v2\/comments?post=12511"}],"version-history":[{"count":1,"href":"https:\/\/barcelona.euses.cat\/es\/wp-json\/wp\/v2\/posts\/12511\/revisions"}],"predecessor-version":[{"id":12512,"href":"https:\/\/barcelona.euses.cat\/es\/wp-json\/wp\/v2\/posts\/12511\/revisions\/12512"}],"wp:featuredmedia":[{"embeddable":true,"href":"https:\/\/barcelona.euses.cat\/es\/wp-json\/wp\/v2\/media\/12508"}],"wp:attachment":[{"href":"https:\/\/barcelona.euses.cat\/es\/wp-json\/wp\/v2\/media?parent=12511"}],"wp:term":[{"taxonomy":"category","embeddable":true,"href":"https:\/\/barcelona.euses.cat\/es\/wp-json\/wp\/v2\/categories?post=12511"},{"taxonomy":"post_tag","embeddable":true,"href":"https:\/\/barcelona.euses.cat\/es\/wp-json\/wp\/v2\/tags?post=12511"}],"curies":[{"name":"wp","href":"https:\/\/api.w.org\/{rel}","templated":true}]}}