{"id":12496,"date":"2025-04-11T19:21:47","date_gmt":"2025-04-11T17:21:47","guid":{"rendered":"https:\/\/barcelona.euses.cat\/?p=12496"},"modified":"2025-04-11T19:22:32","modified_gmt":"2025-04-11T17:22:32","slug":"el-talent-day-cierra-la-quinta-edicion-poniendo-al-de-los-alumnos-mas-de-160-ofertas-de-trabajo","status":"publish","type":"post","link":"https:\/\/barcelona.euses.cat\/es\/el-talent-day-cierra-la-quinta-edicion-poniendo-al-de-los-alumnos-mas-de-160-ofertas-de-trabajo\/","title":{"rendered":"El Talent Day cierra la quinta edici\u00f3n poniendo al de los alumnos m\u00e1s de 160 ofertas de trabajo"},"content":{"rendered":"<p>La Feria Virtual de la Ocupaci\u00f3n y Orientaci\u00f3n Profesional de la Escola Universit\u00e0ria de la Salut i l\u2019Esport puso punto y final a su quinta edici\u00f3n, celebrada los d\u00edas 9 y 10 de abril, habiendo logrado todos los objetivos marcados por la direcci\u00f3n. Este a\u00f1o, la organizaci\u00f3n ha puesto al alcance de los estudiantes m\u00e1s de 160 ofertas laborales y han colaborado en el acontecimiento m\u00e1s de 50 empresas. Todo ello ha servido para crear una oportunidad \u00fanica de networking y crecimiento profesional.<\/p>\n<p>El Talent Day ha tenido su centro neur\u00e1lgico en el Campus de Salt pero se ha podido seguir virtualmente desde los otros campus del grupo (Teres de l\u2019Ebre y Bellvitge). En los dos d\u00edas de Feria, la asistencia ha llegado hasta las 350 personas (especialmente estudiantes de cuarto curso, que son quienes a partir del verano se graduar\u00e1n y har\u00e1n la incursi\u00f3n en el mercado laboral, pero tambi\u00e9n a los alumnos de 1\u00ba, 2\u00ba y 3\u00ba curso y asociados de Alumni).<\/p>\n<p>La organizaci\u00f3n ha dise\u00f1ado dos mesas redondas con estudiantes de la casa bajo los t\u00edtulos: \u201cLa formaci\u00f3n de Posgrado en EUSES\u201d y la \u201cCreaci\u00f3n de un centro propio\u201d y un total de seis conferencias, dos de las cuales han sido presenciales con la profesora N\u00farica Sanlleh\u00ed. Durante el Talent Day, los alumnos han podido aprender a hacer curr\u00edculums y tambi\u00e9n los han podido presentar y realizar entrevistas de trabajo por videoconferencia.<\/p>\n<p>EUSES es una de las universidades donde la inserci\u00f3n laboral de sus graduados es m\u00e1s alta, ya que supera el 95%, cosa que consolida al centro como una de las plataformas m\u00e1s fiables de caras a hacer el salto del mundo educativo al profesional.<\/p>\n\n\t\t<style type=\"text\/css\">\n\t\t\t#gallery-1 {\n\t\t\t\tmargin: auto;\n\t\t\t}\n\t\t\t#gallery-1 .gallery-item {\n\t\t\t\tfloat: left;\n\t\t\t\tmargin-top: 10px;\n\t\t\t\ttext-align: center;\n\t\t\t\twidth: 33%;\n\t\t\t}\n\t\t\t#gallery-1 img {\n\t\t\t\tborder: 2px solid #cfcfcf;\n\t\t\t}\n\t\t\t#gallery-1 .gallery-caption {\n\t\t\t\tmargin-left: 0;\n\t\t\t}\n\t\t\t\/* see gallery_shortcode() in wp-includes\/media.php *\/\n\t\t<\/style>\n\t\t<div id='gallery-1' class='gallery galleryid-12496 gallery-columns-3 gallery-size-medium'><dl class='gallery-item'>\n\t\t\t<dt class='gallery-icon portrait'>\n\t\t\t\t<a href='https:\/\/barcelona.euses.cat\/es\/el-talent-day-cierra-la-quinta-edicion-poniendo-al-de-los-alumnos-mas-de-160-ofertas-de-trabajo\/talent-day-3-4-2\/'><img fetchpriority=\"high\" decoding=\"async\" width=\"226\" height=\"300\" src=\"https:\/\/barcelona.euses.cat\/wp-content\/uploads\/2025\/04\/talent-day-3-226x300.jpg\" class=\"attachment-medium size-medium\" alt=\"\" srcset=\"https:\/\/barcelona.euses.cat\/wp-content\/uploads\/2025\/04\/talent-day-3-226x300.jpg 226w, https:\/\/barcelona.euses.cat\/wp-content\/uploads\/2025\/04\/talent-day-3-771x1024.jpg 771w, https:\/\/barcelona.euses.cat\/wp-content\/uploads\/2025\/04\/talent-day-3-768x1020.jpg 768w, https:\/\/barcelona.euses.cat\/wp-content\/uploads\/2025\/04\/talent-day-3-1157x1536.jpg 1157w, https:\/\/barcelona.euses.cat\/wp-content\/uploads\/2025\/04\/talent-day-3-1542x2048.jpg 1542w, https:\/\/barcelona.euses.cat\/wp-content\/uploads\/2025\/04\/talent-day-3-151x200.jpg 151w, https:\/\/barcelona.euses.cat\/wp-content\/uploads\/2025\/04\/talent-day-3-290x385.jpg 290w, https:\/\/barcelona.euses.cat\/wp-content\/uploads\/2025\/04\/talent-day-3-400x531.jpg 400w, https:\/\/barcelona.euses.cat\/wp-content\/uploads\/2025\/04\/talent-day-3-scaled.jpg 1928w\" sizes=\"(max-width: 226px) 100vw, 226px\" \/><\/a>\n\t\t\t<\/dt><\/dl><dl class='gallery-item'>\n\t\t\t<dt class='gallery-icon landscape'>\n\t\t\t\t<a href='https:\/\/barcelona.euses.cat\/es\/el-talent-day-cierra-la-quinta-edicion-poniendo-al-de-los-alumnos-mas-de-160-ofertas-de-trabajo\/talent-day-2-4-2\/'><img decoding=\"async\" width=\"300\" height=\"226\" src=\"https:\/\/barcelona.euses.cat\/wp-content\/uploads\/2025\/04\/talent-day-2-300x226.jpg\" class=\"attachment-medium size-medium\" alt=\"\" srcset=\"https:\/\/barcelona.euses.cat\/wp-content\/uploads\/2025\/04\/talent-day-2-300x226.jpg 300w, https:\/\/barcelona.euses.cat\/wp-content\/uploads\/2025\/04\/talent-day-2-1024x771.jpg 1024w, https:\/\/barcelona.euses.cat\/wp-content\/uploads\/2025\/04\/talent-day-2-768x578.jpg 768w, https:\/\/barcelona.euses.cat\/wp-content\/uploads\/2025\/04\/talent-day-2-1536x1157.jpg 1536w, https:\/\/barcelona.euses.cat\/wp-content\/uploads\/2025\/04\/talent-day-2-2048x1542.jpg 2048w, https:\/\/barcelona.euses.cat\/wp-content\/uploads\/2025\/04\/talent-day-2-266x200.jpg 266w, https:\/\/barcelona.euses.cat\/wp-content\/uploads\/2025\/04\/talent-day-2-700x525.jpg 700w\" sizes=\"(max-width: 300px) 100vw, 300px\" \/><\/a>\n\t\t\t<\/dt><\/dl><dl class='gallery-item'>\n\t\t\t<dt class='gallery-icon portrait'>\n\t\t\t\t<a href='https:\/\/barcelona.euses.cat\/es\/el-talent-day-cierra-la-quinta-edicion-poniendo-al-de-los-alumnos-mas-de-160-ofertas-de-trabajo\/talent-day-1-4-2\/'><img decoding=\"async\" width=\"226\" height=\"300\" src=\"https:\/\/barcelona.euses.cat\/wp-content\/uploads\/2025\/04\/talent-day-1-226x300.jpg\" class=\"attachment-medium size-medium\" alt=\"\" srcset=\"https:\/\/barcelona.euses.cat\/wp-content\/uploads\/2025\/04\/talent-day-1-226x300.jpg 226w, https:\/\/barcelona.euses.cat\/wp-content\/uploads\/2025\/04\/talent-day-1-771x1024.jpg 771w, https:\/\/barcelona.euses.cat\/wp-content\/uploads\/2025\/04\/talent-day-1-768x1020.jpg 768w, https:\/\/barcelona.euses.cat\/wp-content\/uploads\/2025\/04\/talent-day-1-1157x1536.jpg 1157w, https:\/\/barcelona.euses.cat\/wp-content\/uploads\/2025\/04\/talent-day-1-1542x2048.jpg 1542w, https:\/\/barcelona.euses.cat\/wp-content\/uploads\/2025\/04\/talent-day-1-151x200.jpg 151w, https:\/\/barcelona.euses.cat\/wp-content\/uploads\/2025\/04\/talent-day-1-290x385.jpg 290w, https:\/\/barcelona.euses.cat\/wp-content\/uploads\/2025\/04\/talent-day-1-400x531.jpg 400w, https:\/\/barcelona.euses.cat\/wp-content\/uploads\/2025\/04\/talent-day-1-scaled.jpg 1928w\" sizes=\"(max-width: 226px) 100vw, 226px\" \/><\/a>\n\t\t\t<\/dt><\/dl><br style=\"clear: both\" \/>\n\t\t<\/div>\n\n","protected":false},"excerpt":{"rendered":"<p>La Feria Virtual de la Ocupaci\u00f3n y Orientaci\u00f3n Profesional de la Escola Universit\u00e0ria de la Salut i l\u2019Esport puso punto y final a su quinta edici\u00f3n, celebrada los d\u00edas 9 y 10 de abril, habiendo logrado todos los objetivos marcados por la direcci\u00f3n. Este a\u00f1o, la organizaci\u00f3n ha puesto al alcance de los estudiantes m\u00e1s [&hellip;]<\/p>\n","protected":false},"author":3,"featured_media":12482,"comment_status":"open","ping_status":"closed","sticky":false,"template":"","format":"standard","meta":{"_acf_changed":false,"inline_featured_image":false,"_joinchat":[],"footnotes":""},"categories":[1],"tags":[],"class_list":["post-12496","post","type-post","status-publish","format-standard","has-post-thumbnail","hentry","category-sin-categorizar"],"acf":[],"yoast_head":"<!-- This site is optimized with the Yoast SEO plugin v27.4 - https:\/\/yoast.com\/product\/yoast-seo-wordpress\/ -->\n<title>El Talent Day cierra la quinta edici\u00f3n poniendo al de los alumnos m\u00e1s de 160 ofertas de trabajo | EUSES - Campus de Bellvitge (Barcelona)<\/title>\n<meta name=\"robots\" content=\"index, follow, max-snippet:-1, max-image-preview:large, max-video-preview:-1\" \/>\n<link rel=\"canonical\" href=\"https:\/\/barcelona.euses.cat\/es\/el-talent-day-cierra-la-quinta-edicion-poniendo-al-de-los-alumnos-mas-de-160-ofertas-de-trabajo\/\" \/>\n<meta property=\"og:locale\" content=\"es_ES\" \/>\n<meta property=\"og:type\" content=\"article\" \/>\n<meta property=\"og:title\" content=\"El Talent Day cierra la quinta edici\u00f3n poniendo al de los alumnos m\u00e1s de 160 ofertas de trabajo | EUSES - Campus de Bellvitge (Barcelona)\" \/>\n<meta property=\"og:description\" content=\"La Feria Virtual de la Ocupaci\u00f3n y Orientaci\u00f3n Profesional de la Escola Universit\u00e0ria de la Salut i l\u2019Esport puso punto y final a su quinta edici\u00f3n, celebrada los d\u00edas 9 y 10 de abril, habiendo logrado todos los objetivos marcados por la direcci\u00f3n. Este a\u00f1o, la organizaci\u00f3n ha puesto al alcance de los estudiantes m\u00e1s [&hellip;]\" \/>\n<meta property=\"og:url\" content=\"https:\/\/barcelona.euses.cat\/es\/el-talent-day-cierra-la-quinta-edicion-poniendo-al-de-los-alumnos-mas-de-160-ofertas-de-trabajo\/\" \/>\n<meta property=\"og:site_name\" content=\"EUSES - Campus de Bellvitge (Barcelona)\" \/>\n<meta property=\"article:publisher\" content=\"https:\/\/www.facebook.com\/PhysioBCN\/\" \/>\n<meta property=\"article:published_time\" content=\"2025-04-11T17:21:47+00:00\" \/>\n<meta property=\"article:modified_time\" content=\"2025-04-11T17:22:32+00:00\" \/>\n<meta property=\"og:image\" content=\"https:\/\/barcelona.euses.cat\/wp-content\/uploads\/2025\/04\/talent-day-4-scaled.jpg\" \/>\n\t<meta property=\"og:image:width\" content=\"1928\" \/>\n\t<meta property=\"og:image:height\" content=\"2560\" \/>\n\t<meta property=\"og:image:type\" content=\"image\/jpeg\" \/>\n<meta name=\"author\" content=\"Jordi Danes\" \/>\n<meta name=\"twitter:card\" content=\"summary_large_image\" \/>\n<meta name=\"twitter:label1\" content=\"Escrito por\" \/>\n\t<meta name=\"twitter:data1\" content=\"Jordi Danes\" \/>\n\t<meta name=\"twitter:label2\" content=\"Tiempo de lectura\" \/>\n\t<meta name=\"twitter:data2\" content=\"2 minutos\" \/>\n<script type=\"application\/ld+json\" class=\"yoast-schema-graph\">{\"@context\":\"https:\\\/\\\/schema.org\",\"@graph\":[{\"@type\":\"Article\",\"@id\":\"https:\\\/\\\/barcelona.euses.cat\\\/es\\\/el-talent-day-cierra-la-quinta-edicion-poniendo-al-de-los-alumnos-mas-de-160-ofertas-de-trabajo\\\/#article\",\"isPartOf\":{\"@id\":\"https:\\\/\\\/barcelona.euses.cat\\\/es\\\/el-talent-day-cierra-la-quinta-edicion-poniendo-al-de-los-alumnos-mas-de-160-ofertas-de-trabajo\\\/\"},\"author\":{\"name\":\"Jordi Danes\",\"@id\":\"https:\\\/\\\/barcelona.euses.cat\\\/ca\\\/#\\\/schema\\\/person\\\/8ab46080dfc4814fa59383db317735bd\"},\"headline\":\"El Talent Day cierra la quinta edici\u00f3n poniendo al de los alumnos m\u00e1s de 160 ofertas de trabajo\",\"datePublished\":\"2025-04-11T17:21:47+00:00\",\"dateModified\":\"2025-04-11T17:22:32+00:00\",\"mainEntityOfPage\":{\"@id\":\"https:\\\/\\\/barcelona.euses.cat\\\/es\\\/el-talent-day-cierra-la-quinta-edicion-poniendo-al-de-los-alumnos-mas-de-160-ofertas-de-trabajo\\\/\"},\"wordCount\":322,\"commentCount\":0,\"image\":{\"@id\":\"https:\\\/\\\/barcelona.euses.cat\\\/es\\\/el-talent-day-cierra-la-quinta-edicion-poniendo-al-de-los-alumnos-mas-de-160-ofertas-de-trabajo\\\/#primaryimage\"},\"thumbnailUrl\":\"https:\\\/\\\/barcelona.euses.cat\\\/wp-content\\\/uploads\\\/2025\\\/04\\\/talent-day-4-scaled.jpg\",\"articleSection\":[\"Sin categorizar\"],\"inLanguage\":\"es\"},{\"@type\":\"WebPage\",\"@id\":\"https:\\\/\\\/barcelona.euses.cat\\\/es\\\/el-talent-day-cierra-la-quinta-edicion-poniendo-al-de-los-alumnos-mas-de-160-ofertas-de-trabajo\\\/\",\"url\":\"https:\\\/\\\/barcelona.euses.cat\\\/es\\\/el-talent-day-cierra-la-quinta-edicion-poniendo-al-de-los-alumnos-mas-de-160-ofertas-de-trabajo\\\/\",\"name\":\"El Talent Day cierra la quinta edici\u00f3n poniendo al de los alumnos m\u00e1s de 160 ofertas de trabajo | EUSES - Campus de Bellvitge (Barcelona)\",\"isPartOf\":{\"@id\":\"https:\\\/\\\/barcelona.euses.cat\\\/ca\\\/#website\"},\"primaryImageOfPage\":{\"@id\":\"https:\\\/\\\/barcelona.euses.cat\\\/es\\\/el-talent-day-cierra-la-quinta-edicion-poniendo-al-de-los-alumnos-mas-de-160-ofertas-de-trabajo\\\/#primaryimage\"},\"image\":{\"@id\":\"https:\\\/\\\/barcelona.euses.cat\\\/es\\\/el-talent-day-cierra-la-quinta-edicion-poniendo-al-de-los-alumnos-mas-de-160-ofertas-de-trabajo\\\/#primaryimage\"},\"thumbnailUrl\":\"https:\\\/\\\/barcelona.euses.cat\\\/wp-content\\\/uploads\\\/2025\\\/04\\\/talent-day-4-scaled.jpg\",\"datePublished\":\"2025-04-11T17:21:47+00:00\",\"dateModified\":\"2025-04-11T17:22:32+00:00\",\"author\":{\"@id\":\"https:\\\/\\\/barcelona.euses.cat\\\/ca\\\/#\\\/schema\\\/person\\\/8ab46080dfc4814fa59383db317735bd\"},\"breadcrumb\":{\"@id\":\"https:\\\/\\\/barcelona.euses.cat\\\/es\\\/el-talent-day-cierra-la-quinta-edicion-poniendo-al-de-los-alumnos-mas-de-160-ofertas-de-trabajo\\\/#breadcrumb\"},\"inLanguage\":\"es\",\"potentialAction\":[{\"@type\":\"ReadAction\",\"target\":[\"https:\\\/\\\/barcelona.euses.cat\\\/es\\\/el-talent-day-cierra-la-quinta-edicion-poniendo-al-de-los-alumnos-mas-de-160-ofertas-de-trabajo\\\/\"]}]},{\"@type\":\"ImageObject\",\"inLanguage\":\"es\",\"@id\":\"https:\\\/\\\/barcelona.euses.cat\\\/es\\\/el-talent-day-cierra-la-quinta-edicion-poniendo-al-de-los-alumnos-mas-de-160-ofertas-de-trabajo\\\/#primaryimage\",\"url\":\"https:\\\/\\\/barcelona.euses.cat\\\/wp-content\\\/uploads\\\/2025\\\/04\\\/talent-day-4-scaled.jpg\",\"contentUrl\":\"https:\\\/\\\/barcelona.euses.cat\\\/wp-content\\\/uploads\\\/2025\\\/04\\\/talent-day-4-scaled.jpg\",\"width\":1928,\"height\":2560},{\"@type\":\"BreadcrumbList\",\"@id\":\"https:\\\/\\\/barcelona.euses.cat\\\/es\\\/el-talent-day-cierra-la-quinta-edicion-poniendo-al-de-los-alumnos-mas-de-160-ofertas-de-trabajo\\\/#breadcrumb\",\"itemListElement\":[{\"@type\":\"ListItem\",\"position\":1,\"name\":\"Portada\",\"item\":\"https:\\\/\\\/barcelona.euses.cat\\\/es\\\/\"},{\"@type\":\"ListItem\",\"position\":2,\"name\":\"El Talent Day cierra la quinta edici\u00f3n poniendo al de los alumnos m\u00e1s de 160 ofertas de trabajo\"}]},{\"@type\":\"WebSite\",\"@id\":\"https:\\\/\\\/barcelona.euses.cat\\\/ca\\\/#website\",\"url\":\"https:\\\/\\\/barcelona.euses.cat\\\/ca\\\/\",\"name\":\"EUSES - Campus de Bellvitge (Barcelona)\",\"description\":\"EUSES, Escuela Universitaria de Fisioterapia Internacional en Barcelona\",\"potentialAction\":[{\"@type\":\"SearchAction\",\"target\":{\"@type\":\"EntryPoint\",\"urlTemplate\":\"https:\\\/\\\/barcelona.euses.cat\\\/ca\\\/?s={search_term_string}\"},\"query-input\":{\"@type\":\"PropertyValueSpecification\",\"valueRequired\":true,\"valueName\":\"search_term_string\"}}],\"inLanguage\":\"es\"},{\"@type\":\"Person\",\"@id\":\"https:\\\/\\\/barcelona.euses.cat\\\/ca\\\/#\\\/schema\\\/person\\\/8ab46080dfc4814fa59383db317735bd\",\"name\":\"Jordi Danes\",\"image\":{\"@type\":\"ImageObject\",\"inLanguage\":\"es\",\"@id\":\"https:\\\/\\\/secure.gravatar.com\\\/avatar\\\/a9e4f443b594af225625ee8cfa665e41b1e0740ea34fbe0515b4ca559f8570ef?s=96&d=mm&r=g\",\"url\":\"https:\\\/\\\/secure.gravatar.com\\\/avatar\\\/a9e4f443b594af225625ee8cfa665e41b1e0740ea34fbe0515b4ca559f8570ef?s=96&d=mm&r=g\",\"contentUrl\":\"https:\\\/\\\/secure.gravatar.com\\\/avatar\\\/a9e4f443b594af225625ee8cfa665e41b1e0740ea34fbe0515b4ca559f8570ef?s=96&d=mm&r=g\",\"caption\":\"Jordi Danes\"},\"url\":\"https:\\\/\\\/barcelona.euses.cat\\\/es\\\/author\\\/jordi-danes\\\/\"}]}<\/script>\n<!-- \/ Yoast SEO plugin. -->","yoast_head_json":{"title":"El Talent Day cierra la quinta edici\u00f3n poniendo al de los alumnos m\u00e1s de 160 ofertas de trabajo | EUSES - Campus de Bellvitge (Barcelona)","robots":{"index":"index","follow":"follow","max-snippet":"max-snippet:-1","max-image-preview":"max-image-preview:large","max-video-preview":"max-video-preview:-1"},"canonical":"https:\/\/barcelona.euses.cat\/es\/el-talent-day-cierra-la-quinta-edicion-poniendo-al-de-los-alumnos-mas-de-160-ofertas-de-trabajo\/","og_locale":"es_ES","og_type":"article","og_title":"El Talent Day cierra la quinta edici\u00f3n poniendo al de los alumnos m\u00e1s de 160 ofertas de trabajo | EUSES - Campus de Bellvitge (Barcelona)","og_description":"La Feria Virtual de la Ocupaci\u00f3n y Orientaci\u00f3n Profesional de la Escola Universit\u00e0ria de la Salut i l\u2019Esport puso punto y final a su quinta edici\u00f3n, celebrada los d\u00edas 9 y 10 de abril, habiendo logrado todos los objetivos marcados por la direcci\u00f3n. Este a\u00f1o, la organizaci\u00f3n ha puesto al alcance de los estudiantes m\u00e1s [&hellip;]","og_url":"https:\/\/barcelona.euses.cat\/es\/el-talent-day-cierra-la-quinta-edicion-poniendo-al-de-los-alumnos-mas-de-160-ofertas-de-trabajo\/","og_site_name":"EUSES - Campus de Bellvitge (Barcelona)","article_publisher":"https:\/\/www.facebook.com\/PhysioBCN\/","article_published_time":"2025-04-11T17:21:47+00:00","article_modified_time":"2025-04-11T17:22:32+00:00","og_image":[{"width":1928,"height":2560,"url":"https:\/\/barcelona.euses.cat\/wp-content\/uploads\/2025\/04\/talent-day-4-scaled.jpg","type":"image\/jpeg"}],"author":"Jordi Danes","twitter_card":"summary_large_image","twitter_misc":{"Escrito por":"Jordi Danes","Tiempo de lectura":"2 minutos"},"schema":{"@context":"https:\/\/schema.org","@graph":[{"@type":"Article","@id":"https:\/\/barcelona.euses.cat\/es\/el-talent-day-cierra-la-quinta-edicion-poniendo-al-de-los-alumnos-mas-de-160-ofertas-de-trabajo\/#article","isPartOf":{"@id":"https:\/\/barcelona.euses.cat\/es\/el-talent-day-cierra-la-quinta-edicion-poniendo-al-de-los-alumnos-mas-de-160-ofertas-de-trabajo\/"},"author":{"name":"Jordi Danes","@id":"https:\/\/barcelona.euses.cat\/ca\/#\/schema\/person\/8ab46080dfc4814fa59383db317735bd"},"headline":"El Talent Day cierra la quinta edici\u00f3n poniendo al de los alumnos m\u00e1s de 160 ofertas de trabajo","datePublished":"2025-04-11T17:21:47+00:00","dateModified":"2025-04-11T17:22:32+00:00","mainEntityOfPage":{"@id":"https:\/\/barcelona.euses.cat\/es\/el-talent-day-cierra-la-quinta-edicion-poniendo-al-de-los-alumnos-mas-de-160-ofertas-de-trabajo\/"},"wordCount":322,"commentCount":0,"image":{"@id":"https:\/\/barcelona.euses.cat\/es\/el-talent-day-cierra-la-quinta-edicion-poniendo-al-de-los-alumnos-mas-de-160-ofertas-de-trabajo\/#primaryimage"},"thumbnailUrl":"https:\/\/barcelona.euses.cat\/wp-content\/uploads\/2025\/04\/talent-day-4-scaled.jpg","articleSection":["Sin categorizar"],"inLanguage":"es"},{"@type":"WebPage","@id":"https:\/\/barcelona.euses.cat\/es\/el-talent-day-cierra-la-quinta-edicion-poniendo-al-de-los-alumnos-mas-de-160-ofertas-de-trabajo\/","url":"https:\/\/barcelona.euses.cat\/es\/el-talent-day-cierra-la-quinta-edicion-poniendo-al-de-los-alumnos-mas-de-160-ofertas-de-trabajo\/","name":"El Talent Day cierra la quinta edici\u00f3n poniendo al de los alumnos m\u00e1s de 160 ofertas de trabajo | EUSES - Campus de Bellvitge (Barcelona)","isPartOf":{"@id":"https:\/\/barcelona.euses.cat\/ca\/#website"},"primaryImageOfPage":{"@id":"https:\/\/barcelona.euses.cat\/es\/el-talent-day-cierra-la-quinta-edicion-poniendo-al-de-los-alumnos-mas-de-160-ofertas-de-trabajo\/#primaryimage"},"image":{"@id":"https:\/\/barcelona.euses.cat\/es\/el-talent-day-cierra-la-quinta-edicion-poniendo-al-de-los-alumnos-mas-de-160-ofertas-de-trabajo\/#primaryimage"},"thumbnailUrl":"https:\/\/barcelona.euses.cat\/wp-content\/uploads\/2025\/04\/talent-day-4-scaled.jpg","datePublished":"2025-04-11T17:21:47+00:00","dateModified":"2025-04-11T17:22:32+00:00","author":{"@id":"https:\/\/barcelona.euses.cat\/ca\/#\/schema\/person\/8ab46080dfc4814fa59383db317735bd"},"breadcrumb":{"@id":"https:\/\/barcelona.euses.cat\/es\/el-talent-day-cierra-la-quinta-edicion-poniendo-al-de-los-alumnos-mas-de-160-ofertas-de-trabajo\/#breadcrumb"},"inLanguage":"es","potentialAction":[{"@type":"ReadAction","target":["https:\/\/barcelona.euses.cat\/es\/el-talent-day-cierra-la-quinta-edicion-poniendo-al-de-los-alumnos-mas-de-160-ofertas-de-trabajo\/"]}]},{"@type":"ImageObject","inLanguage":"es","@id":"https:\/\/barcelona.euses.cat\/es\/el-talent-day-cierra-la-quinta-edicion-poniendo-al-de-los-alumnos-mas-de-160-ofertas-de-trabajo\/#primaryimage","url":"https:\/\/barcelona.euses.cat\/wp-content\/uploads\/2025\/04\/talent-day-4-scaled.jpg","contentUrl":"https:\/\/barcelona.euses.cat\/wp-content\/uploads\/2025\/04\/talent-day-4-scaled.jpg","width":1928,"height":2560},{"@type":"BreadcrumbList","@id":"https:\/\/barcelona.euses.cat\/es\/el-talent-day-cierra-la-quinta-edicion-poniendo-al-de-los-alumnos-mas-de-160-ofertas-de-trabajo\/#breadcrumb","itemListElement":[{"@type":"ListItem","position":1,"name":"Portada","item":"https:\/\/barcelona.euses.cat\/es\/"},{"@type":"ListItem","position":2,"name":"El Talent Day cierra la quinta edici\u00f3n poniendo al de los alumnos m\u00e1s de 160 ofertas de trabajo"}]},{"@type":"WebSite","@id":"https:\/\/barcelona.euses.cat\/ca\/#website","url":"https:\/\/barcelona.euses.cat\/ca\/","name":"EUSES - Campus de Bellvitge (Barcelona)","description":"EUSES, Escuela Universitaria de Fisioterapia Internacional en Barcelona","potentialAction":[{"@type":"SearchAction","target":{"@type":"EntryPoint","urlTemplate":"https:\/\/barcelona.euses.cat\/ca\/?s={search_term_string}"},"query-input":{"@type":"PropertyValueSpecification","valueRequired":true,"valueName":"search_term_string"}}],"inLanguage":"es"},{"@type":"Person","@id":"https:\/\/barcelona.euses.cat\/ca\/#\/schema\/person\/8ab46080dfc4814fa59383db317735bd","name":"Jordi Danes","image":{"@type":"ImageObject","inLanguage":"es","@id":"https:\/\/secure.gravatar.com\/avatar\/a9e4f443b594af225625ee8cfa665e41b1e0740ea34fbe0515b4ca559f8570ef?s=96&d=mm&r=g","url":"https:\/\/secure.gravatar.com\/avatar\/a9e4f443b594af225625ee8cfa665e41b1e0740ea34fbe0515b4ca559f8570ef?s=96&d=mm&r=g","contentUrl":"https:\/\/secure.gravatar.com\/avatar\/a9e4f443b594af225625ee8cfa665e41b1e0740ea34fbe0515b4ca559f8570ef?s=96&d=mm&r=g","caption":"Jordi Danes"},"url":"https:\/\/barcelona.euses.cat\/es\/author\/jordi-danes\/"}]}},"_links":{"self":[{"href":"https:\/\/barcelona.euses.cat\/es\/wp-json\/wp\/v2\/posts\/12496","targetHints":{"allow":["GET"]}}],"collection":[{"href":"https:\/\/barcelona.euses.cat\/es\/wp-json\/wp\/v2\/posts"}],"about":[{"href":"https:\/\/barcelona.euses.cat\/es\/wp-json\/wp\/v2\/types\/post"}],"author":[{"embeddable":true,"href":"https:\/\/barcelona.euses.cat\/es\/wp-json\/wp\/v2\/users\/3"}],"replies":[{"embeddable":true,"href":"https:\/\/barcelona.euses.cat\/es\/wp-json\/wp\/v2\/comments?post=12496"}],"version-history":[{"count":1,"href":"https:\/\/barcelona.euses.cat\/es\/wp-json\/wp\/v2\/posts\/12496\/revisions"}],"predecessor-version":[{"id":12497,"href":"https:\/\/barcelona.euses.cat\/es\/wp-json\/wp\/v2\/posts\/12496\/revisions\/12497"}],"wp:featuredmedia":[{"embeddable":true,"href":"https:\/\/barcelona.euses.cat\/es\/wp-json\/wp\/v2\/media\/12482"}],"wp:attachment":[{"href":"https:\/\/barcelona.euses.cat\/es\/wp-json\/wp\/v2\/media?parent=12496"}],"wp:term":[{"taxonomy":"category","embeddable":true,"href":"https:\/\/barcelona.euses.cat\/es\/wp-json\/wp\/v2\/categories?post=12496"},{"taxonomy":"post_tag","embeddable":true,"href":"https:\/\/barcelona.euses.cat\/es\/wp-json\/wp\/v2\/tags?post=12496"}],"curies":[{"name":"wp","href":"https:\/\/api.w.org\/{rel}","templated":true}]}}