{"id":12460,"date":"2025-03-26T19:29:31","date_gmt":"2025-03-26T18:29:31","guid":{"rendered":"https:\/\/barcelona.euses.cat\/?p=12460"},"modified":"2025-03-26T19:29:31","modified_gmt":"2025-03-26T18:29:31","slug":"la-escola-universitaria-de-la-salut-i-lesport-expone-toda-su-oferta-academica-en-el-salo-de-lensenyament-de-barcelona-4","status":"publish","type":"post","link":"https:\/\/barcelona.euses.cat\/es\/la-escola-universitaria-de-la-salut-i-lesport-expone-toda-su-oferta-academica-en-el-salo-de-lensenyament-de-barcelona-4\/","title":{"rendered":"La Escola Universit\u00e0ria de la Salut i l\u2019Esport expone toda su oferta acad\u00e9mica en el Sal\u00f3 de l\u2019Ensenyament de Barcelona"},"content":{"rendered":"<p style=\"font-weight: 400;\">La\u00a0<a href=\"http:\/\/euses.cat\/\" data-saferedirecturl=\"https:\/\/www.google.com\/url?q=http:\/\/euses.cat\/&amp;source=gmail&amp;ust=1743061147606000&amp;usg=AOvVaw0HHwPNcoqWMuQwOqkMC36m\">Escola Universit\u00e0ria de la Salut i l\u2019Esport<\/a>\u00a0est\u00e1 presente un a\u00f1o m\u00e1s en el\u00a0<a href=\"https:\/\/www.ensenyament.com\/\" data-saferedirecturl=\"https:\/\/www.google.com\/url?q=https:\/\/www.ensenyament.com\/&amp;source=gmail&amp;ust=1743061147606000&amp;usg=AOvVaw26-5K-Kn5lS--66sam307a\">Sal\u00f3 de l\u2019Ensenyament<\/a>, que ha abierto este mi\u00e9rcoles las puertas en el recinto de Montjuic de la Fira de Barcelona. Dicho sal\u00f3n ser\u00e1, hasta el pr\u00f3ximo domingo d\u00eda 30 de marzo, el centro neur\u00e1lgico de la orientaci\u00f3n en cuanto a la formaci\u00f3n acad\u00e9mica y salidas laborales. EUSES dispone de tres Campus donde realizar formaci\u00f3n universitaria: Salt, Bellvitge y Terres de l\u2019Ebre (Amposta y Tortosa) y durante el sal\u00f3n ha desplegado un contingente de personal (directores, profesores y miembros de PAS) para informar con todo detalle a aquellos estudiantes que se quieren sumar a su familia a partir del curso acad\u00e9mico 2025\/2026.<\/p>\n<p style=\"font-weight: 400;\">El Centre Garb\u00ed, que comparte instalaciones con EUSES-UdG en el Campus de Salt, tambi\u00e9n ofrece en el mismo stand sus ciclos formativos (siete en total), del \u00e1mbito de la medicina y el deporte.<\/p>\n<p style=\"font-weight: 400;\">EUSES se encuentra ubicado en el <strong>estand 421 (pabell\u00f3n 1, nivel 0, calle D).<\/strong> All\u00ed los estudiantes podran encontrar toda la oferta universit\u00e0ria de los grados en <strong>Ciencias de la Actividad F\u00edsica y el Deporte<\/strong>\u00a0(Campus de Salt y de Terres de l\u2019Ebre) y en\u00a0<strong>Fisioterapia<\/strong>\u00a0(Campus de Salt, Terres de l\u2019Ebre y Bellvitge), dos formaciones especializadas y de calidad que pueden rubricarse posteriormente con dos\u00a0<strong>m\u00e1steres<\/strong>. Tambi\u00e9n existe la opci\u00f3n de la\u00a0<strong>Doble Titulaci\u00f3n: CAFyD + Fisioterapia<\/strong>\u00a0(Campus de Salt i de Terres de l\u2019Ebre). Desde este curso 2024\/2025 se ha sumado a la oferta acad\u00e9mica en el campus de Salt el\u00a0<strong>Grado en Nutrici\u00f3n Humana y Diet\u00e9tica<\/strong>.<\/p>\n<p style=\"font-weight: 400;\">La oferta acad\u00e9mica que ofrece el estand de EUSES es la siguiente:<\/p>\n<p style=\"font-weight: 400;\"><strong>EUSES-UdG (Campus de Salt)<\/strong><\/p>\n<p style=\"font-weight: 400;\"><a href=\"https:\/\/girona.euses.cat\/es\/estudios\/grado-cafd-girona\/\" data-saferedirecturl=\"https:\/\/www.google.com\/url?q=https:\/\/girona.euses.cat\/es\/estudios\/grado-cafd-girona\/&amp;source=gmail&amp;ust=1743061147606000&amp;usg=AOvVaw0CeKzDzSJe0EVg6FCAUUDM\">Grado en Ciencias de la Actividad F\u00edsica y del Deporte<\/a><\/p>\n<p style=\"font-weight: 400;\"><a href=\"https:\/\/girona.euses.cat\/es\/estudios\/grado-fisioterapia-girona\/\" data-saferedirecturl=\"https:\/\/www.google.com\/url?q=https:\/\/girona.euses.cat\/es\/estudios\/grado-fisioterapia-girona\/&amp;source=gmail&amp;ust=1743061147606000&amp;usg=AOvVaw0RB2hfRVBuw0A1zi36b3nO\">Grado en Fisioterapia<\/a><\/p>\n<p style=\"font-weight: 400;\"><a href=\"https:\/\/girona.euses.cat\/es\/estudios\/doble-titulacion-cafd-fisioterapia\/\" data-saferedirecturl=\"https:\/\/www.google.com\/url?q=https:\/\/girona.euses.cat\/es\/estudios\/doble-titulacion-cafd-fisioterapia\/&amp;source=gmail&amp;ust=1743061147606000&amp;usg=AOvVaw1rcWgeqi3YIsGYcx7KHrDi\">Doble Titulaci\u00f3n (CAFyD + Fisioterapia)<\/a><\/p>\n<p style=\"font-weight: 400;\"><a href=\"https:\/\/girona.euses.cat\/es\/estudios\/grado-nutricion-humana-dietetica\/\" data-saferedirecturl=\"https:\/\/www.google.com\/url?q=https:\/\/girona.euses.cat\/es\/estudios\/grado-nutricion-humana-dietetica\/&amp;source=gmail&amp;ust=1743061147606000&amp;usg=AOvVaw0y6BRsmhaCGapktJ_RKlOR\">Grado en Nutrici\u00f3n Humana y Diet\u00e9tica<\/a><\/p>\n<p style=\"font-weight: 400;\"><strong>M\u00c1STERES EUSES (Campus de Salt)<\/strong><\/p>\n<p style=\"font-weight: 400;\"><a href=\"https:\/\/girona.euses.cat\/es\/estudios\/master-readaptacion-actividad-fisica-y-competicion-deportiva\/\" data-saferedirecturl=\"https:\/\/www.google.com\/url?q=https:\/\/girona.euses.cat\/es\/estudios\/master-readaptacion-actividad-fisica-y-competicion-deportiva\/&amp;source=gmail&amp;ust=1743061147606000&amp;usg=AOvVaw3MVE1zDke1EDQiOQJ8a_lC\">M\u00e1ster Universitario en Readaptaci\u00f3n a la Actividad F\u00edsica y la competici\u00f3n deportiva<\/a><\/p>\n<p style=\"font-weight: 400;\"><a href=\"https:\/\/girona.euses.cat\/es\/estudios\/master-fisioterapia-vestibular-y-funcion-del-equilibrio\/\" data-saferedirecturl=\"https:\/\/www.google.com\/url?q=https:\/\/girona.euses.cat\/es\/estudios\/master-fisioterapia-vestibular-y-funcion-del-equilibrio\/&amp;source=gmail&amp;ust=1743061147606000&amp;usg=AOvVaw25qEWYmhcgR1stYJ-N-rVE\">M\u00e1ster propio en Fisioterapia Vestibular y Funci\u00f3n del Equilibrio<\/a><\/p>\n<p style=\"font-weight: 400;\"><strong>EUSES-URV (Campus de Terres de l\u2019Ebre)<\/strong><\/p>\n<p style=\"font-weight: 400;\"><a href=\"https:\/\/tarragona.euses.cat\/es\/estudios\/grado-ciencias-actividad-fisica-y-deporte-cafd-tarragona\/\" data-saferedirecturl=\"https:\/\/www.google.com\/url?q=https:\/\/tarragona.euses.cat\/es\/estudios\/grado-ciencias-actividad-fisica-y-deporte-cafd-tarragona\/&amp;source=gmail&amp;ust=1743061147606000&amp;usg=AOvVaw0JvyK080yXwhBRQFs9VDUM\">Grado en Ciencias de la Actividad F\u00edsica y del Deporte<\/a>\u00a0(Amposta)<\/p>\n<p style=\"font-weight: 400;\"><a href=\"https:\/\/tarragona.euses.cat\/es\/estudios\/grado-fisioterapia-tarragona\/\" data-saferedirecturl=\"https:\/\/www.google.com\/url?q=https:\/\/tarragona.euses.cat\/es\/estudios\/grado-fisioterapia-tarragona\/&amp;source=gmail&amp;ust=1743061147606000&amp;usg=AOvVaw1Tq099zftbZawps-4779mx\">Grado en Fisioterapia<\/a>\u00a0(Tortosa)<\/p>\n<p style=\"font-weight: 400;\"><a href=\"https:\/\/tarragona.euses.cat\/es\/estudios\/doble-titulacion-cafd-fisioterapia\/\" data-saferedirecturl=\"https:\/\/www.google.com\/url?q=https:\/\/tarragona.euses.cat\/es\/estudios\/doble-titulacion-cafd-fisioterapia\/&amp;source=gmail&amp;ust=1743061147606000&amp;usg=AOvVaw2G96kfMkgXrbT6OrvmeUdi\">Doble Titulaci\u00f3n (CAFyD + Fisioterapia)<\/a><\/p>\n<p style=\"font-weight: 400;\"><strong>EUSES-UdG ENTI-UB (Campus de Bellvitge)<\/strong><\/p>\n<p style=\"font-weight: 400;\"><a href=\"https:\/\/barcelona.euses.cat\/estudios\/international-physiotherapy-degree-barcelona\/\" data-saferedirecturl=\"https:\/\/www.google.com\/url?q=https:\/\/barcelona.euses.cat\/estudios\/international-physiotherapy-degree-barcelona\/&amp;source=gmail&amp;ust=1743061147606000&amp;usg=AOvVaw1VMws9rI7MF-alIyqdPvDb\">Grado en Fisioterapia Internacional (Physiotherapy)<\/a><\/p>\n<p style=\"font-weight: 400;\"><strong>CICLOS FORMATIVOS CENTRE GARB\u00cd (Campus de Salt)<\/strong><\/p>\n<p style=\"font-weight: 400;\"><a href=\"https:\/\/girona.euses.cat\/es\/estudios\/cicle-formatiu-animacio-socioesportiva\/\" data-saferedirecturl=\"https:\/\/www.google.com\/url?q=https:\/\/girona.euses.cat\/es\/estudios\/cicle-formatiu-animacio-socioesportiva\/&amp;source=gmail&amp;ust=1743061147606000&amp;usg=AOvVaw1AzUkTUk3ULtVMlRDdM_Sg\">CFGS en Ense\u00f1anza y Animaci\u00f3n Deportiva<\/a><\/p>\n<p style=\"font-weight: 400;\"><a href=\"https:\/\/girona.euses.cat\/es\/estudios\/ciclo-formativo-de-grado-superior-en-acondicionamiento-fisico\/\" data-saferedirecturl=\"https:\/\/www.google.com\/url?q=https:\/\/girona.euses.cat\/es\/estudios\/ciclo-formativo-de-grado-superior-en-acondicionamiento-fisico\/&amp;source=gmail&amp;ust=1743061147606000&amp;usg=AOvVaw088Jp0FnxX7TfSqHUMYSfk\">CFGS en Acondicionamento F\u00edsico<\/a><\/p>\n<p style=\"font-weight: 400;\"><a href=\"https:\/\/girona.euses.cat\/es\/estudios\/ciclo-formativo-de-grado-superior-de-tecnico-en-radioterapia-y-dosimetria\/\" data-saferedirecturl=\"https:\/\/www.google.com\/url?q=https:\/\/girona.euses.cat\/es\/estudios\/ciclo-formativo-de-grado-superior-de-tecnico-en-radioterapia-y-dosimetria\/&amp;source=gmail&amp;ust=1743061147606000&amp;usg=AOvVaw3fJSOKnTTUzsCDhfkm-Bcx\">CFGS de T\u00e9cnico\/a en Radioterapia y Dosimetr\u00eda<\/a>\u00a0(NOVEDAD!)<\/p>\n<p style=\"font-weight: 400;\"><a href=\"https:\/\/girona.euses.cat\/es\/estudios\/ciclo-formativo-tecnico-imagen-para-diagnostico-medicina-nuclear\/\" data-saferedirecturl=\"https:\/\/www.google.com\/url?q=https:\/\/girona.euses.cat\/es\/estudios\/ciclo-formativo-tecnico-imagen-para-diagnostico-medicina-nuclear\/&amp;source=gmail&amp;ust=1743061147606000&amp;usg=AOvVaw3Z3wq04yC6ZhnX9yAVY3N3\">CFGS de T\u00e9cnico\/a en Imagen para el Diagn\u00f3stico y Medicina Nuclear<\/a><\/p>\n<p style=\"font-weight: 400;\"><a href=\"https:\/\/girona.euses.cat\/es\/estudios\/ciclo-formativo-tecnico-anatomia-patologica-citodiagnostico\/\" data-saferedirecturl=\"https:\/\/www.google.com\/url?q=https:\/\/girona.euses.cat\/es\/estudios\/ciclo-formativo-tecnico-anatomia-patologica-citodiagnostico\/&amp;source=gmail&amp;ust=1743061147606000&amp;usg=AOvVaw2mqfKkYJHKBMkjN3Ux30FG\">CFGS de T\u00e8cnico\/a en Anatom\u00eda Patol\u00f3gica y Citodiagn\u00f3stico<\/a><\/p>\n<p style=\"font-weight: 400;\"><a href=\"https:\/\/girona.euses.cat\/es\/estudios\/ciclo-formativo-tecnico-en-dietetica\/\" data-saferedirecturl=\"https:\/\/www.google.com\/url?q=https:\/\/girona.euses.cat\/es\/estudios\/ciclo-formativo-tecnico-en-dietetica\/&amp;source=gmail&amp;ust=1743061147606000&amp;usg=AOvVaw3YjxE1rkK-u9dok8da0vRo\">CFGS de T\u00e9cnico\/a en Diet\u00e9tica<\/a><\/p>\n<p style=\"font-weight: 400;\"><a href=\"https:\/\/girona.euses.cat\/es\/estudios\/ciclo-formativo-tecnico-emergencias-sanitarias\/\" data-saferedirecturl=\"https:\/\/www.google.com\/url?q=https:\/\/girona.euses.cat\/es\/estudios\/ciclo-formativo-tecnico-emergencias-sanitarias\/&amp;source=gmail&amp;ust=1743061147606000&amp;usg=AOvVaw3Osxt96v-VPD7mD5lvN-2P\">CFGM de T\u00e9cnico\/a en Emergencias Sanitarias<\/a><\/p>\n","protected":false},"excerpt":{"rendered":"<p>La\u00a0Escola Universit\u00e0ria de la Salut i l\u2019Esport\u00a0est\u00e1 presente un a\u00f1o m\u00e1s en el\u00a0Sal\u00f3 de l\u2019Ensenyament, que ha abierto este mi\u00e9rcoles las puertas en el recinto de Montjuic de la Fira de Barcelona. Dicho sal\u00f3n ser\u00e1, hasta el pr\u00f3ximo domingo d\u00eda 30 de marzo, el centro neur\u00e1lgico de la orientaci\u00f3n en cuanto a la formaci\u00f3n acad\u00e9mica [&hellip;]<\/p>\n","protected":false},"author":3,"featured_media":12458,"comment_status":"open","ping_status":"closed","sticky":false,"template":"","format":"standard","meta":{"_acf_changed":false,"inline_featured_image":false,"_joinchat":[],"footnotes":""},"categories":[1],"tags":[],"class_list":["post-12460","post","type-post","status-publish","format-standard","has-post-thumbnail","hentry","category-sin-categorizar"],"acf":[],"yoast_head":"<!-- This site is optimized with the Yoast SEO plugin v27.4 - https:\/\/yoast.com\/product\/yoast-seo-wordpress\/ -->\n<title>La Escola Universit\u00e0ria de la Salut i l\u2019Esport expone toda su oferta acad\u00e9mica en el Sal\u00f3 de l\u2019Ensenyament de Barcelona | EUSES - Campus de Bellvitge (Barcelona)<\/title>\n<meta name=\"robots\" content=\"index, follow, max-snippet:-1, max-image-preview:large, max-video-preview:-1\" \/>\n<link rel=\"canonical\" href=\"https:\/\/barcelona.euses.cat\/es\/la-escola-universitaria-de-la-salut-i-lesport-expone-toda-su-oferta-academica-en-el-salo-de-lensenyament-de-barcelona-4\/\" \/>\n<meta property=\"og:locale\" content=\"es_ES\" \/>\n<meta property=\"og:type\" content=\"article\" \/>\n<meta property=\"og:title\" content=\"La Escola Universit\u00e0ria de la Salut i l\u2019Esport expone toda su oferta acad\u00e9mica en el Sal\u00f3 de l\u2019Ensenyament de Barcelona | EUSES - Campus de Bellvitge (Barcelona)\" \/>\n<meta property=\"og:description\" content=\"La\u00a0Escola Universit\u00e0ria de la Salut i l\u2019Esport\u00a0est\u00e1 presente un a\u00f1o m\u00e1s en el\u00a0Sal\u00f3 de l\u2019Ensenyament, que ha abierto este mi\u00e9rcoles las puertas en el recinto de Montjuic de la Fira de Barcelona. Dicho sal\u00f3n ser\u00e1, hasta el pr\u00f3ximo domingo d\u00eda 30 de marzo, el centro neur\u00e1lgico de la orientaci\u00f3n en cuanto a la formaci\u00f3n acad\u00e9mica [&hellip;]\" \/>\n<meta property=\"og:url\" content=\"https:\/\/barcelona.euses.cat\/es\/la-escola-universitaria-de-la-salut-i-lesport-expone-toda-su-oferta-academica-en-el-salo-de-lensenyament-de-barcelona-4\/\" \/>\n<meta property=\"og:site_name\" content=\"EUSES - Campus de Bellvitge (Barcelona)\" \/>\n<meta property=\"article:publisher\" content=\"https:\/\/www.facebook.com\/PhysioBCN\/\" \/>\n<meta property=\"article:published_time\" content=\"2025-03-26T18:29:31+00:00\" \/>\n<meta property=\"og:image\" content=\"https:\/\/barcelona.euses.cat\/wp-content\/uploads\/2025\/03\/salo-ensenyament.jpg\" \/>\n\t<meta property=\"og:image:width\" content=\"1200\" \/>\n\t<meta property=\"og:image:height\" content=\"1600\" \/>\n\t<meta property=\"og:image:type\" content=\"image\/jpeg\" \/>\n<meta name=\"author\" content=\"Jordi Danes\" \/>\n<meta name=\"twitter:card\" content=\"summary_large_image\" \/>\n<meta name=\"twitter:label1\" content=\"Escrito por\" \/>\n\t<meta name=\"twitter:data1\" content=\"Jordi Danes\" \/>\n\t<meta name=\"twitter:label2\" content=\"Tiempo de lectura\" \/>\n\t<meta name=\"twitter:data2\" content=\"2 minutos\" \/>\n<script type=\"application\/ld+json\" class=\"yoast-schema-graph\">{\"@context\":\"https:\\\/\\\/schema.org\",\"@graph\":[{\"@type\":\"Article\",\"@id\":\"https:\\\/\\\/barcelona.euses.cat\\\/es\\\/la-escola-universitaria-de-la-salut-i-lesport-expone-toda-su-oferta-academica-en-el-salo-de-lensenyament-de-barcelona-4\\\/#article\",\"isPartOf\":{\"@id\":\"https:\\\/\\\/barcelona.euses.cat\\\/es\\\/la-escola-universitaria-de-la-salut-i-lesport-expone-toda-su-oferta-academica-en-el-salo-de-lensenyament-de-barcelona-4\\\/\"},\"author\":{\"name\":\"Jordi Danes\",\"@id\":\"https:\\\/\\\/barcelona.euses.cat\\\/ca\\\/#\\\/schema\\\/person\\\/8ab46080dfc4814fa59383db317735bd\"},\"headline\":\"La Escola Universit\u00e0ria de la Salut i l\u2019Esport expone toda su oferta acad\u00e9mica en el Sal\u00f3 de l\u2019Ensenyament de Barcelona\",\"datePublished\":\"2025-03-26T18:29:31+00:00\",\"mainEntityOfPage\":{\"@id\":\"https:\\\/\\\/barcelona.euses.cat\\\/es\\\/la-escola-universitaria-de-la-salut-i-lesport-expone-toda-su-oferta-academica-en-el-salo-de-lensenyament-de-barcelona-4\\\/\"},\"wordCount\":495,\"commentCount\":0,\"image\":{\"@id\":\"https:\\\/\\\/barcelona.euses.cat\\\/es\\\/la-escola-universitaria-de-la-salut-i-lesport-expone-toda-su-oferta-academica-en-el-salo-de-lensenyament-de-barcelona-4\\\/#primaryimage\"},\"thumbnailUrl\":\"https:\\\/\\\/barcelona.euses.cat\\\/wp-content\\\/uploads\\\/2025\\\/03\\\/salo-ensenyament.jpg\",\"articleSection\":[\"Sin categorizar\"],\"inLanguage\":\"es\"},{\"@type\":\"WebPage\",\"@id\":\"https:\\\/\\\/barcelona.euses.cat\\\/es\\\/la-escola-universitaria-de-la-salut-i-lesport-expone-toda-su-oferta-academica-en-el-salo-de-lensenyament-de-barcelona-4\\\/\",\"url\":\"https:\\\/\\\/barcelona.euses.cat\\\/es\\\/la-escola-universitaria-de-la-salut-i-lesport-expone-toda-su-oferta-academica-en-el-salo-de-lensenyament-de-barcelona-4\\\/\",\"name\":\"La Escola Universit\u00e0ria de la Salut i l\u2019Esport expone toda su oferta acad\u00e9mica en el Sal\u00f3 de l\u2019Ensenyament de Barcelona | EUSES - Campus de Bellvitge (Barcelona)\",\"isPartOf\":{\"@id\":\"https:\\\/\\\/barcelona.euses.cat\\\/ca\\\/#website\"},\"primaryImageOfPage\":{\"@id\":\"https:\\\/\\\/barcelona.euses.cat\\\/es\\\/la-escola-universitaria-de-la-salut-i-lesport-expone-toda-su-oferta-academica-en-el-salo-de-lensenyament-de-barcelona-4\\\/#primaryimage\"},\"image\":{\"@id\":\"https:\\\/\\\/barcelona.euses.cat\\\/es\\\/la-escola-universitaria-de-la-salut-i-lesport-expone-toda-su-oferta-academica-en-el-salo-de-lensenyament-de-barcelona-4\\\/#primaryimage\"},\"thumbnailUrl\":\"https:\\\/\\\/barcelona.euses.cat\\\/wp-content\\\/uploads\\\/2025\\\/03\\\/salo-ensenyament.jpg\",\"datePublished\":\"2025-03-26T18:29:31+00:00\",\"author\":{\"@id\":\"https:\\\/\\\/barcelona.euses.cat\\\/ca\\\/#\\\/schema\\\/person\\\/8ab46080dfc4814fa59383db317735bd\"},\"breadcrumb\":{\"@id\":\"https:\\\/\\\/barcelona.euses.cat\\\/es\\\/la-escola-universitaria-de-la-salut-i-lesport-expone-toda-su-oferta-academica-en-el-salo-de-lensenyament-de-barcelona-4\\\/#breadcrumb\"},\"inLanguage\":\"es\",\"potentialAction\":[{\"@type\":\"ReadAction\",\"target\":[\"https:\\\/\\\/barcelona.euses.cat\\\/es\\\/la-escola-universitaria-de-la-salut-i-lesport-expone-toda-su-oferta-academica-en-el-salo-de-lensenyament-de-barcelona-4\\\/\"]}]},{\"@type\":\"ImageObject\",\"inLanguage\":\"es\",\"@id\":\"https:\\\/\\\/barcelona.euses.cat\\\/es\\\/la-escola-universitaria-de-la-salut-i-lesport-expone-toda-su-oferta-academica-en-el-salo-de-lensenyament-de-barcelona-4\\\/#primaryimage\",\"url\":\"https:\\\/\\\/barcelona.euses.cat\\\/wp-content\\\/uploads\\\/2025\\\/03\\\/salo-ensenyament.jpg\",\"contentUrl\":\"https:\\\/\\\/barcelona.euses.cat\\\/wp-content\\\/uploads\\\/2025\\\/03\\\/salo-ensenyament.jpg\",\"width\":1200,\"height\":1600},{\"@type\":\"BreadcrumbList\",\"@id\":\"https:\\\/\\\/barcelona.euses.cat\\\/es\\\/la-escola-universitaria-de-la-salut-i-lesport-expone-toda-su-oferta-academica-en-el-salo-de-lensenyament-de-barcelona-4\\\/#breadcrumb\",\"itemListElement\":[{\"@type\":\"ListItem\",\"position\":1,\"name\":\"Portada\",\"item\":\"https:\\\/\\\/barcelona.euses.cat\\\/es\\\/\"},{\"@type\":\"ListItem\",\"position\":2,\"name\":\"La Escola Universit\u00e0ria de la Salut i l\u2019Esport expone toda su oferta acad\u00e9mica en el Sal\u00f3 de l\u2019Ensenyament de Barcelona\"}]},{\"@type\":\"WebSite\",\"@id\":\"https:\\\/\\\/barcelona.euses.cat\\\/ca\\\/#website\",\"url\":\"https:\\\/\\\/barcelona.euses.cat\\\/ca\\\/\",\"name\":\"EUSES - Campus de Bellvitge (Barcelona)\",\"description\":\"EUSES, Escuela Universitaria de Fisioterapia Internacional en Barcelona\",\"potentialAction\":[{\"@type\":\"SearchAction\",\"target\":{\"@type\":\"EntryPoint\",\"urlTemplate\":\"https:\\\/\\\/barcelona.euses.cat\\\/ca\\\/?s={search_term_string}\"},\"query-input\":{\"@type\":\"PropertyValueSpecification\",\"valueRequired\":true,\"valueName\":\"search_term_string\"}}],\"inLanguage\":\"es\"},{\"@type\":\"Person\",\"@id\":\"https:\\\/\\\/barcelona.euses.cat\\\/ca\\\/#\\\/schema\\\/person\\\/8ab46080dfc4814fa59383db317735bd\",\"name\":\"Jordi Danes\",\"image\":{\"@type\":\"ImageObject\",\"inLanguage\":\"es\",\"@id\":\"https:\\\/\\\/secure.gravatar.com\\\/avatar\\\/a9e4f443b594af225625ee8cfa665e41b1e0740ea34fbe0515b4ca559f8570ef?s=96&d=mm&r=g\",\"url\":\"https:\\\/\\\/secure.gravatar.com\\\/avatar\\\/a9e4f443b594af225625ee8cfa665e41b1e0740ea34fbe0515b4ca559f8570ef?s=96&d=mm&r=g\",\"contentUrl\":\"https:\\\/\\\/secure.gravatar.com\\\/avatar\\\/a9e4f443b594af225625ee8cfa665e41b1e0740ea34fbe0515b4ca559f8570ef?s=96&d=mm&r=g\",\"caption\":\"Jordi Danes\"},\"url\":\"https:\\\/\\\/barcelona.euses.cat\\\/es\\\/author\\\/jordi-danes\\\/\"}]}<\/script>\n<!-- \/ Yoast SEO plugin. -->","yoast_head_json":{"title":"La Escola Universit\u00e0ria de la Salut i l\u2019Esport expone toda su oferta acad\u00e9mica en el Sal\u00f3 de l\u2019Ensenyament de Barcelona | EUSES - Campus de Bellvitge (Barcelona)","robots":{"index":"index","follow":"follow","max-snippet":"max-snippet:-1","max-image-preview":"max-image-preview:large","max-video-preview":"max-video-preview:-1"},"canonical":"https:\/\/barcelona.euses.cat\/es\/la-escola-universitaria-de-la-salut-i-lesport-expone-toda-su-oferta-academica-en-el-salo-de-lensenyament-de-barcelona-4\/","og_locale":"es_ES","og_type":"article","og_title":"La Escola Universit\u00e0ria de la Salut i l\u2019Esport expone toda su oferta acad\u00e9mica en el Sal\u00f3 de l\u2019Ensenyament de Barcelona | EUSES - Campus de Bellvitge (Barcelona)","og_description":"La\u00a0Escola Universit\u00e0ria de la Salut i l\u2019Esport\u00a0est\u00e1 presente un a\u00f1o m\u00e1s en el\u00a0Sal\u00f3 de l\u2019Ensenyament, que ha abierto este mi\u00e9rcoles las puertas en el recinto de Montjuic de la Fira de Barcelona. Dicho sal\u00f3n ser\u00e1, hasta el pr\u00f3ximo domingo d\u00eda 30 de marzo, el centro neur\u00e1lgico de la orientaci\u00f3n en cuanto a la formaci\u00f3n acad\u00e9mica [&hellip;]","og_url":"https:\/\/barcelona.euses.cat\/es\/la-escola-universitaria-de-la-salut-i-lesport-expone-toda-su-oferta-academica-en-el-salo-de-lensenyament-de-barcelona-4\/","og_site_name":"EUSES - Campus de Bellvitge (Barcelona)","article_publisher":"https:\/\/www.facebook.com\/PhysioBCN\/","article_published_time":"2025-03-26T18:29:31+00:00","og_image":[{"width":1200,"height":1600,"url":"https:\/\/barcelona.euses.cat\/wp-content\/uploads\/2025\/03\/salo-ensenyament.jpg","type":"image\/jpeg"}],"author":"Jordi Danes","twitter_card":"summary_large_image","twitter_misc":{"Escrito por":"Jordi Danes","Tiempo de lectura":"2 minutos"},"schema":{"@context":"https:\/\/schema.org","@graph":[{"@type":"Article","@id":"https:\/\/barcelona.euses.cat\/es\/la-escola-universitaria-de-la-salut-i-lesport-expone-toda-su-oferta-academica-en-el-salo-de-lensenyament-de-barcelona-4\/#article","isPartOf":{"@id":"https:\/\/barcelona.euses.cat\/es\/la-escola-universitaria-de-la-salut-i-lesport-expone-toda-su-oferta-academica-en-el-salo-de-lensenyament-de-barcelona-4\/"},"author":{"name":"Jordi Danes","@id":"https:\/\/barcelona.euses.cat\/ca\/#\/schema\/person\/8ab46080dfc4814fa59383db317735bd"},"headline":"La Escola Universit\u00e0ria de la Salut i l\u2019Esport expone toda su oferta acad\u00e9mica en el Sal\u00f3 de l\u2019Ensenyament de Barcelona","datePublished":"2025-03-26T18:29:31+00:00","mainEntityOfPage":{"@id":"https:\/\/barcelona.euses.cat\/es\/la-escola-universitaria-de-la-salut-i-lesport-expone-toda-su-oferta-academica-en-el-salo-de-lensenyament-de-barcelona-4\/"},"wordCount":495,"commentCount":0,"image":{"@id":"https:\/\/barcelona.euses.cat\/es\/la-escola-universitaria-de-la-salut-i-lesport-expone-toda-su-oferta-academica-en-el-salo-de-lensenyament-de-barcelona-4\/#primaryimage"},"thumbnailUrl":"https:\/\/barcelona.euses.cat\/wp-content\/uploads\/2025\/03\/salo-ensenyament.jpg","articleSection":["Sin categorizar"],"inLanguage":"es"},{"@type":"WebPage","@id":"https:\/\/barcelona.euses.cat\/es\/la-escola-universitaria-de-la-salut-i-lesport-expone-toda-su-oferta-academica-en-el-salo-de-lensenyament-de-barcelona-4\/","url":"https:\/\/barcelona.euses.cat\/es\/la-escola-universitaria-de-la-salut-i-lesport-expone-toda-su-oferta-academica-en-el-salo-de-lensenyament-de-barcelona-4\/","name":"La Escola Universit\u00e0ria de la Salut i l\u2019Esport expone toda su oferta acad\u00e9mica en el Sal\u00f3 de l\u2019Ensenyament de Barcelona | EUSES - Campus de Bellvitge (Barcelona)","isPartOf":{"@id":"https:\/\/barcelona.euses.cat\/ca\/#website"},"primaryImageOfPage":{"@id":"https:\/\/barcelona.euses.cat\/es\/la-escola-universitaria-de-la-salut-i-lesport-expone-toda-su-oferta-academica-en-el-salo-de-lensenyament-de-barcelona-4\/#primaryimage"},"image":{"@id":"https:\/\/barcelona.euses.cat\/es\/la-escola-universitaria-de-la-salut-i-lesport-expone-toda-su-oferta-academica-en-el-salo-de-lensenyament-de-barcelona-4\/#primaryimage"},"thumbnailUrl":"https:\/\/barcelona.euses.cat\/wp-content\/uploads\/2025\/03\/salo-ensenyament.jpg","datePublished":"2025-03-26T18:29:31+00:00","author":{"@id":"https:\/\/barcelona.euses.cat\/ca\/#\/schema\/person\/8ab46080dfc4814fa59383db317735bd"},"breadcrumb":{"@id":"https:\/\/barcelona.euses.cat\/es\/la-escola-universitaria-de-la-salut-i-lesport-expone-toda-su-oferta-academica-en-el-salo-de-lensenyament-de-barcelona-4\/#breadcrumb"},"inLanguage":"es","potentialAction":[{"@type":"ReadAction","target":["https:\/\/barcelona.euses.cat\/es\/la-escola-universitaria-de-la-salut-i-lesport-expone-toda-su-oferta-academica-en-el-salo-de-lensenyament-de-barcelona-4\/"]}]},{"@type":"ImageObject","inLanguage":"es","@id":"https:\/\/barcelona.euses.cat\/es\/la-escola-universitaria-de-la-salut-i-lesport-expone-toda-su-oferta-academica-en-el-salo-de-lensenyament-de-barcelona-4\/#primaryimage","url":"https:\/\/barcelona.euses.cat\/wp-content\/uploads\/2025\/03\/salo-ensenyament.jpg","contentUrl":"https:\/\/barcelona.euses.cat\/wp-content\/uploads\/2025\/03\/salo-ensenyament.jpg","width":1200,"height":1600},{"@type":"BreadcrumbList","@id":"https:\/\/barcelona.euses.cat\/es\/la-escola-universitaria-de-la-salut-i-lesport-expone-toda-su-oferta-academica-en-el-salo-de-lensenyament-de-barcelona-4\/#breadcrumb","itemListElement":[{"@type":"ListItem","position":1,"name":"Portada","item":"https:\/\/barcelona.euses.cat\/es\/"},{"@type":"ListItem","position":2,"name":"La Escola Universit\u00e0ria de la Salut i l\u2019Esport expone toda su oferta acad\u00e9mica en el Sal\u00f3 de l\u2019Ensenyament de Barcelona"}]},{"@type":"WebSite","@id":"https:\/\/barcelona.euses.cat\/ca\/#website","url":"https:\/\/barcelona.euses.cat\/ca\/","name":"EUSES - Campus de Bellvitge (Barcelona)","description":"EUSES, Escuela Universitaria de Fisioterapia Internacional en Barcelona","potentialAction":[{"@type":"SearchAction","target":{"@type":"EntryPoint","urlTemplate":"https:\/\/barcelona.euses.cat\/ca\/?s={search_term_string}"},"query-input":{"@type":"PropertyValueSpecification","valueRequired":true,"valueName":"search_term_string"}}],"inLanguage":"es"},{"@type":"Person","@id":"https:\/\/barcelona.euses.cat\/ca\/#\/schema\/person\/8ab46080dfc4814fa59383db317735bd","name":"Jordi Danes","image":{"@type":"ImageObject","inLanguage":"es","@id":"https:\/\/secure.gravatar.com\/avatar\/a9e4f443b594af225625ee8cfa665e41b1e0740ea34fbe0515b4ca559f8570ef?s=96&d=mm&r=g","url":"https:\/\/secure.gravatar.com\/avatar\/a9e4f443b594af225625ee8cfa665e41b1e0740ea34fbe0515b4ca559f8570ef?s=96&d=mm&r=g","contentUrl":"https:\/\/secure.gravatar.com\/avatar\/a9e4f443b594af225625ee8cfa665e41b1e0740ea34fbe0515b4ca559f8570ef?s=96&d=mm&r=g","caption":"Jordi Danes"},"url":"https:\/\/barcelona.euses.cat\/es\/author\/jordi-danes\/"}]}},"_links":{"self":[{"href":"https:\/\/barcelona.euses.cat\/es\/wp-json\/wp\/v2\/posts\/12460","targetHints":{"allow":["GET"]}}],"collection":[{"href":"https:\/\/barcelona.euses.cat\/es\/wp-json\/wp\/v2\/posts"}],"about":[{"href":"https:\/\/barcelona.euses.cat\/es\/wp-json\/wp\/v2\/types\/post"}],"author":[{"embeddable":true,"href":"https:\/\/barcelona.euses.cat\/es\/wp-json\/wp\/v2\/users\/3"}],"replies":[{"embeddable":true,"href":"https:\/\/barcelona.euses.cat\/es\/wp-json\/wp\/v2\/comments?post=12460"}],"version-history":[{"count":1,"href":"https:\/\/barcelona.euses.cat\/es\/wp-json\/wp\/v2\/posts\/12460\/revisions"}],"predecessor-version":[{"id":12461,"href":"https:\/\/barcelona.euses.cat\/es\/wp-json\/wp\/v2\/posts\/12460\/revisions\/12461"}],"wp:featuredmedia":[{"embeddable":true,"href":"https:\/\/barcelona.euses.cat\/es\/wp-json\/wp\/v2\/media\/12458"}],"wp:attachment":[{"href":"https:\/\/barcelona.euses.cat\/es\/wp-json\/wp\/v2\/media?parent=12460"}],"wp:term":[{"taxonomy":"category","embeddable":true,"href":"https:\/\/barcelona.euses.cat\/es\/wp-json\/wp\/v2\/categories?post=12460"},{"taxonomy":"post_tag","embeddable":true,"href":"https:\/\/barcelona.euses.cat\/es\/wp-json\/wp\/v2\/tags?post=12460"}],"curies":[{"name":"wp","href":"https:\/\/api.w.org\/{rel}","templated":true}]}}