{"id":12409,"date":"2025-03-10T15:36:42","date_gmt":"2025-03-10T14:36:42","guid":{"rendered":"https:\/\/barcelona.euses.cat\/?p=12409"},"modified":"2025-03-10T15:36:42","modified_gmt":"2025-03-10T14:36:42","slug":"abiertas-las-inscripciones-para-la-5a-edicion-del-talent-day-organizado-por-euses-alumni-que-se-celebrara-los-dias-9-y-10-de-abril","status":"publish","type":"post","link":"https:\/\/barcelona.euses.cat\/es\/abiertas-las-inscripciones-para-la-5a-edicion-del-talent-day-organizado-por-euses-alumni-que-se-celebrara-los-dias-9-y-10-de-abril\/","title":{"rendered":"Abiertas las inscripciones para la 5\u00aa edici\u00f3n del Talent Day organizado por EUSES Alumni, que se celebrar\u00e1 los d\u00edas 9 y 10 de abril"},"content":{"rendered":"<p>Este lunes d\u00eda 10 de marzo se ha dado el pistoletazo de salida a la cuenta atr\u00e1s de la 5\u00aa edici\u00f3n del Talent Day con la <a href=\"https:\/\/eusestalentday.easyvirtualfair.com\/landing\" target=\"_blank\" rel=\"noopener\">apertura de las inscripciones, que son gratuitas<\/a>. La Feria Virtual de la Ocupaci\u00f3n y Orientaci\u00f3n Profesional de la Escola Universit\u00e0ria de la Salut i l\u2019Esport, que este a\u00f1o se celebrar\u00e1 los pr\u00f3ximos d\u00edas 9 y 10 de abril, es una iniciativa del equipo de EUSES Alumni que dirige S\u00edlvia Roche. A pesar de que el p\u00fablico potencial de este acontecimiento son los estudiantes de 4\u00ba curso de los grados CAFyD y en Fisioterapia y los asociados de EUSES Alumni (de caras en la salida al mercado laboral o en busca de una oferta profesional que encaje en su perfil), el Talent Day tambi\u00e9n est\u00e1 abierto a los alumnos de 1\u00ba, 2\u00ba y 3\u00ba curso de los todos los Campus del grupo (Salt, Terres de l\u2019Ebre y Bellvitge). La previsi\u00f3n de este a\u00f1o es que participen unos cincuenta estands entre empresas, centros y clubes. C\u00f3mo es habitual, la Feria se completar\u00e1 con varias ponencias y mesas redondas de un inter\u00e9s capital para los alumnos y alumnis de cara a su futuro profesional.<\/p>\n<p>&nbsp;<\/p>\n<p>&nbsp;<\/p>\n","protected":false},"excerpt":{"rendered":"<p>Este lunes d\u00eda 10 de marzo se ha dado el pistoletazo de salida a la cuenta atr\u00e1s de la 5\u00aa edici\u00f3n del Talent Day con la apertura de las inscripciones, que son gratuitas. La Feria Virtual de la Ocupaci\u00f3n y Orientaci\u00f3n Profesional de la Escola Universit\u00e0ria de la Salut i l\u2019Esport, que este a\u00f1o se [&hellip;]<\/p>\n","protected":false},"author":3,"featured_media":12407,"comment_status":"open","ping_status":"closed","sticky":false,"template":"","format":"standard","meta":{"_acf_changed":false,"inline_featured_image":false,"_joinchat":[],"footnotes":""},"categories":[1],"tags":[],"class_list":["post-12409","post","type-post","status-publish","format-standard","has-post-thumbnail","hentry","category-sin-categorizar"],"acf":[],"yoast_head":"<!-- This site is optimized with the Yoast SEO plugin v27.4 - https:\/\/yoast.com\/product\/yoast-seo-wordpress\/ -->\n<title>Abiertas las inscripciones para la 5\u00aa edici\u00f3n del Talent Day organizado por EUSES Alumni, que se celebrar\u00e1 los d\u00edas 9 y 10 de abril | EUSES - Campus de Bellvitge (Barcelona)<\/title>\n<meta name=\"robots\" content=\"index, follow, max-snippet:-1, max-image-preview:large, max-video-preview:-1\" \/>\n<link rel=\"canonical\" href=\"https:\/\/barcelona.euses.cat\/es\/abiertas-las-inscripciones-para-la-5a-edicion-del-talent-day-organizado-por-euses-alumni-que-se-celebrara-los-dias-9-y-10-de-abril\/\" \/>\n<meta property=\"og:locale\" content=\"es_ES\" \/>\n<meta property=\"og:type\" content=\"article\" \/>\n<meta property=\"og:title\" content=\"Abiertas las inscripciones para la 5\u00aa edici\u00f3n del Talent Day organizado por EUSES Alumni, que se celebrar\u00e1 los d\u00edas 9 y 10 de abril | EUSES - Campus de Bellvitge (Barcelona)\" \/>\n<meta property=\"og:description\" content=\"Este lunes d\u00eda 10 de marzo se ha dado el pistoletazo de salida a la cuenta atr\u00e1s de la 5\u00aa edici\u00f3n del Talent Day con la apertura de las inscripciones, que son gratuitas. La Feria Virtual de la Ocupaci\u00f3n y Orientaci\u00f3n Profesional de la Escola Universit\u00e0ria de la Salut i l\u2019Esport, que este a\u00f1o se [&hellip;]\" \/>\n<meta property=\"og:url\" content=\"https:\/\/barcelona.euses.cat\/es\/abiertas-las-inscripciones-para-la-5a-edicion-del-talent-day-organizado-por-euses-alumni-que-se-celebrara-los-dias-9-y-10-de-abril\/\" \/>\n<meta property=\"og:site_name\" content=\"EUSES - Campus de Bellvitge (Barcelona)\" \/>\n<meta property=\"article:publisher\" content=\"https:\/\/www.facebook.com\/PhysioBCN\/\" \/>\n<meta property=\"article:published_time\" content=\"2025-03-10T14:36:42+00:00\" \/>\n<meta property=\"og:image\" content=\"https:\/\/barcelona.euses.cat\/wp-content\/uploads\/2025\/03\/talentday2025.png\" \/>\n\t<meta property=\"og:image:width\" content=\"1540\" \/>\n\t<meta property=\"og:image:height\" content=\"946\" \/>\n\t<meta property=\"og:image:type\" content=\"image\/png\" \/>\n<meta name=\"author\" content=\"Jordi Danes\" \/>\n<meta name=\"twitter:card\" content=\"summary_large_image\" \/>\n<meta name=\"twitter:label1\" content=\"Escrito por\" \/>\n\t<meta name=\"twitter:data1\" content=\"Jordi Danes\" \/>\n\t<meta name=\"twitter:label2\" content=\"Tiempo de lectura\" \/>\n\t<meta name=\"twitter:data2\" content=\"2 minutos\" \/>\n<script type=\"application\/ld+json\" class=\"yoast-schema-graph\">{\"@context\":\"https:\\\/\\\/schema.org\",\"@graph\":[{\"@type\":\"Article\",\"@id\":\"https:\\\/\\\/barcelona.euses.cat\\\/es\\\/abiertas-las-inscripciones-para-la-5a-edicion-del-talent-day-organizado-por-euses-alumni-que-se-celebrara-los-dias-9-y-10-de-abril\\\/#article\",\"isPartOf\":{\"@id\":\"https:\\\/\\\/barcelona.euses.cat\\\/es\\\/abiertas-las-inscripciones-para-la-5a-edicion-del-talent-day-organizado-por-euses-alumni-que-se-celebrara-los-dias-9-y-10-de-abril\\\/\"},\"author\":{\"name\":\"Jordi Danes\",\"@id\":\"https:\\\/\\\/barcelona.euses.cat\\\/ca\\\/#\\\/schema\\\/person\\\/8ab46080dfc4814fa59383db317735bd\"},\"headline\":\"Abiertas las inscripciones para la 5\u00aa edici\u00f3n del Talent Day organizado por EUSES Alumni, que se celebrar\u00e1 los d\u00edas 9 y 10 de abril\",\"datePublished\":\"2025-03-10T14:36:42+00:00\",\"mainEntityOfPage\":{\"@id\":\"https:\\\/\\\/barcelona.euses.cat\\\/es\\\/abiertas-las-inscripciones-para-la-5a-edicion-del-talent-day-organizado-por-euses-alumni-que-se-celebrara-los-dias-9-y-10-de-abril\\\/\"},\"wordCount\":232,\"commentCount\":0,\"image\":{\"@id\":\"https:\\\/\\\/barcelona.euses.cat\\\/es\\\/abiertas-las-inscripciones-para-la-5a-edicion-del-talent-day-organizado-por-euses-alumni-que-se-celebrara-los-dias-9-y-10-de-abril\\\/#primaryimage\"},\"thumbnailUrl\":\"https:\\\/\\\/barcelona.euses.cat\\\/wp-content\\\/uploads\\\/2025\\\/03\\\/talentday2025.png\",\"articleSection\":[\"Sin categorizar\"],\"inLanguage\":\"es\"},{\"@type\":\"WebPage\",\"@id\":\"https:\\\/\\\/barcelona.euses.cat\\\/es\\\/abiertas-las-inscripciones-para-la-5a-edicion-del-talent-day-organizado-por-euses-alumni-que-se-celebrara-los-dias-9-y-10-de-abril\\\/\",\"url\":\"https:\\\/\\\/barcelona.euses.cat\\\/es\\\/abiertas-las-inscripciones-para-la-5a-edicion-del-talent-day-organizado-por-euses-alumni-que-se-celebrara-los-dias-9-y-10-de-abril\\\/\",\"name\":\"Abiertas las inscripciones para la 5\u00aa edici\u00f3n del Talent Day organizado por EUSES Alumni, que se celebrar\u00e1 los d\u00edas 9 y 10 de abril | EUSES - Campus de Bellvitge (Barcelona)\",\"isPartOf\":{\"@id\":\"https:\\\/\\\/barcelona.euses.cat\\\/ca\\\/#website\"},\"primaryImageOfPage\":{\"@id\":\"https:\\\/\\\/barcelona.euses.cat\\\/es\\\/abiertas-las-inscripciones-para-la-5a-edicion-del-talent-day-organizado-por-euses-alumni-que-se-celebrara-los-dias-9-y-10-de-abril\\\/#primaryimage\"},\"image\":{\"@id\":\"https:\\\/\\\/barcelona.euses.cat\\\/es\\\/abiertas-las-inscripciones-para-la-5a-edicion-del-talent-day-organizado-por-euses-alumni-que-se-celebrara-los-dias-9-y-10-de-abril\\\/#primaryimage\"},\"thumbnailUrl\":\"https:\\\/\\\/barcelona.euses.cat\\\/wp-content\\\/uploads\\\/2025\\\/03\\\/talentday2025.png\",\"datePublished\":\"2025-03-10T14:36:42+00:00\",\"author\":{\"@id\":\"https:\\\/\\\/barcelona.euses.cat\\\/ca\\\/#\\\/schema\\\/person\\\/8ab46080dfc4814fa59383db317735bd\"},\"breadcrumb\":{\"@id\":\"https:\\\/\\\/barcelona.euses.cat\\\/es\\\/abiertas-las-inscripciones-para-la-5a-edicion-del-talent-day-organizado-por-euses-alumni-que-se-celebrara-los-dias-9-y-10-de-abril\\\/#breadcrumb\"},\"inLanguage\":\"es\",\"potentialAction\":[{\"@type\":\"ReadAction\",\"target\":[\"https:\\\/\\\/barcelona.euses.cat\\\/es\\\/abiertas-las-inscripciones-para-la-5a-edicion-del-talent-day-organizado-por-euses-alumni-que-se-celebrara-los-dias-9-y-10-de-abril\\\/\"]}]},{\"@type\":\"ImageObject\",\"inLanguage\":\"es\",\"@id\":\"https:\\\/\\\/barcelona.euses.cat\\\/es\\\/abiertas-las-inscripciones-para-la-5a-edicion-del-talent-day-organizado-por-euses-alumni-que-se-celebrara-los-dias-9-y-10-de-abril\\\/#primaryimage\",\"url\":\"https:\\\/\\\/barcelona.euses.cat\\\/wp-content\\\/uploads\\\/2025\\\/03\\\/talentday2025.png\",\"contentUrl\":\"https:\\\/\\\/barcelona.euses.cat\\\/wp-content\\\/uploads\\\/2025\\\/03\\\/talentday2025.png\",\"width\":1540,\"height\":946},{\"@type\":\"BreadcrumbList\",\"@id\":\"https:\\\/\\\/barcelona.euses.cat\\\/es\\\/abiertas-las-inscripciones-para-la-5a-edicion-del-talent-day-organizado-por-euses-alumni-que-se-celebrara-los-dias-9-y-10-de-abril\\\/#breadcrumb\",\"itemListElement\":[{\"@type\":\"ListItem\",\"position\":1,\"name\":\"Portada\",\"item\":\"https:\\\/\\\/barcelona.euses.cat\\\/es\\\/\"},{\"@type\":\"ListItem\",\"position\":2,\"name\":\"Abiertas las inscripciones para la 5\u00aa edici\u00f3n del Talent Day organizado por EUSES Alumni, que se celebrar\u00e1 los d\u00edas 9 y 10 de abril\"}]},{\"@type\":\"WebSite\",\"@id\":\"https:\\\/\\\/barcelona.euses.cat\\\/ca\\\/#website\",\"url\":\"https:\\\/\\\/barcelona.euses.cat\\\/ca\\\/\",\"name\":\"EUSES - Campus de Bellvitge (Barcelona)\",\"description\":\"EUSES, Escuela Universitaria de Fisioterapia Internacional en Barcelona\",\"potentialAction\":[{\"@type\":\"SearchAction\",\"target\":{\"@type\":\"EntryPoint\",\"urlTemplate\":\"https:\\\/\\\/barcelona.euses.cat\\\/ca\\\/?s={search_term_string}\"},\"query-input\":{\"@type\":\"PropertyValueSpecification\",\"valueRequired\":true,\"valueName\":\"search_term_string\"}}],\"inLanguage\":\"es\"},{\"@type\":\"Person\",\"@id\":\"https:\\\/\\\/barcelona.euses.cat\\\/ca\\\/#\\\/schema\\\/person\\\/8ab46080dfc4814fa59383db317735bd\",\"name\":\"Jordi Danes\",\"image\":{\"@type\":\"ImageObject\",\"inLanguage\":\"es\",\"@id\":\"https:\\\/\\\/secure.gravatar.com\\\/avatar\\\/a9e4f443b594af225625ee8cfa665e41b1e0740ea34fbe0515b4ca559f8570ef?s=96&d=mm&r=g\",\"url\":\"https:\\\/\\\/secure.gravatar.com\\\/avatar\\\/a9e4f443b594af225625ee8cfa665e41b1e0740ea34fbe0515b4ca559f8570ef?s=96&d=mm&r=g\",\"contentUrl\":\"https:\\\/\\\/secure.gravatar.com\\\/avatar\\\/a9e4f443b594af225625ee8cfa665e41b1e0740ea34fbe0515b4ca559f8570ef?s=96&d=mm&r=g\",\"caption\":\"Jordi Danes\"},\"url\":\"https:\\\/\\\/barcelona.euses.cat\\\/es\\\/author\\\/jordi-danes\\\/\"}]}<\/script>\n<!-- \/ Yoast SEO plugin. -->","yoast_head_json":{"title":"Abiertas las inscripciones para la 5\u00aa edici\u00f3n del Talent Day organizado por EUSES Alumni, que se celebrar\u00e1 los d\u00edas 9 y 10 de abril | EUSES - Campus de Bellvitge (Barcelona)","robots":{"index":"index","follow":"follow","max-snippet":"max-snippet:-1","max-image-preview":"max-image-preview:large","max-video-preview":"max-video-preview:-1"},"canonical":"https:\/\/barcelona.euses.cat\/es\/abiertas-las-inscripciones-para-la-5a-edicion-del-talent-day-organizado-por-euses-alumni-que-se-celebrara-los-dias-9-y-10-de-abril\/","og_locale":"es_ES","og_type":"article","og_title":"Abiertas las inscripciones para la 5\u00aa edici\u00f3n del Talent Day organizado por EUSES Alumni, que se celebrar\u00e1 los d\u00edas 9 y 10 de abril | EUSES - Campus de Bellvitge (Barcelona)","og_description":"Este lunes d\u00eda 10 de marzo se ha dado el pistoletazo de salida a la cuenta atr\u00e1s de la 5\u00aa edici\u00f3n del Talent Day con la apertura de las inscripciones, que son gratuitas. La Feria Virtual de la Ocupaci\u00f3n y Orientaci\u00f3n Profesional de la Escola Universit\u00e0ria de la Salut i l\u2019Esport, que este a\u00f1o se [&hellip;]","og_url":"https:\/\/barcelona.euses.cat\/es\/abiertas-las-inscripciones-para-la-5a-edicion-del-talent-day-organizado-por-euses-alumni-que-se-celebrara-los-dias-9-y-10-de-abril\/","og_site_name":"EUSES - Campus de Bellvitge (Barcelona)","article_publisher":"https:\/\/www.facebook.com\/PhysioBCN\/","article_published_time":"2025-03-10T14:36:42+00:00","og_image":[{"width":1540,"height":946,"url":"https:\/\/barcelona.euses.cat\/wp-content\/uploads\/2025\/03\/talentday2025.png","type":"image\/png"}],"author":"Jordi Danes","twitter_card":"summary_large_image","twitter_misc":{"Escrito por":"Jordi Danes","Tiempo de lectura":"2 minutos"},"schema":{"@context":"https:\/\/schema.org","@graph":[{"@type":"Article","@id":"https:\/\/barcelona.euses.cat\/es\/abiertas-las-inscripciones-para-la-5a-edicion-del-talent-day-organizado-por-euses-alumni-que-se-celebrara-los-dias-9-y-10-de-abril\/#article","isPartOf":{"@id":"https:\/\/barcelona.euses.cat\/es\/abiertas-las-inscripciones-para-la-5a-edicion-del-talent-day-organizado-por-euses-alumni-que-se-celebrara-los-dias-9-y-10-de-abril\/"},"author":{"name":"Jordi Danes","@id":"https:\/\/barcelona.euses.cat\/ca\/#\/schema\/person\/8ab46080dfc4814fa59383db317735bd"},"headline":"Abiertas las inscripciones para la 5\u00aa edici\u00f3n del Talent Day organizado por EUSES Alumni, que se celebrar\u00e1 los d\u00edas 9 y 10 de abril","datePublished":"2025-03-10T14:36:42+00:00","mainEntityOfPage":{"@id":"https:\/\/barcelona.euses.cat\/es\/abiertas-las-inscripciones-para-la-5a-edicion-del-talent-day-organizado-por-euses-alumni-que-se-celebrara-los-dias-9-y-10-de-abril\/"},"wordCount":232,"commentCount":0,"image":{"@id":"https:\/\/barcelona.euses.cat\/es\/abiertas-las-inscripciones-para-la-5a-edicion-del-talent-day-organizado-por-euses-alumni-que-se-celebrara-los-dias-9-y-10-de-abril\/#primaryimage"},"thumbnailUrl":"https:\/\/barcelona.euses.cat\/wp-content\/uploads\/2025\/03\/talentday2025.png","articleSection":["Sin categorizar"],"inLanguage":"es"},{"@type":"WebPage","@id":"https:\/\/barcelona.euses.cat\/es\/abiertas-las-inscripciones-para-la-5a-edicion-del-talent-day-organizado-por-euses-alumni-que-se-celebrara-los-dias-9-y-10-de-abril\/","url":"https:\/\/barcelona.euses.cat\/es\/abiertas-las-inscripciones-para-la-5a-edicion-del-talent-day-organizado-por-euses-alumni-que-se-celebrara-los-dias-9-y-10-de-abril\/","name":"Abiertas las inscripciones para la 5\u00aa edici\u00f3n del Talent Day organizado por EUSES Alumni, que se celebrar\u00e1 los d\u00edas 9 y 10 de abril | EUSES - Campus de Bellvitge (Barcelona)","isPartOf":{"@id":"https:\/\/barcelona.euses.cat\/ca\/#website"},"primaryImageOfPage":{"@id":"https:\/\/barcelona.euses.cat\/es\/abiertas-las-inscripciones-para-la-5a-edicion-del-talent-day-organizado-por-euses-alumni-que-se-celebrara-los-dias-9-y-10-de-abril\/#primaryimage"},"image":{"@id":"https:\/\/barcelona.euses.cat\/es\/abiertas-las-inscripciones-para-la-5a-edicion-del-talent-day-organizado-por-euses-alumni-que-se-celebrara-los-dias-9-y-10-de-abril\/#primaryimage"},"thumbnailUrl":"https:\/\/barcelona.euses.cat\/wp-content\/uploads\/2025\/03\/talentday2025.png","datePublished":"2025-03-10T14:36:42+00:00","author":{"@id":"https:\/\/barcelona.euses.cat\/ca\/#\/schema\/person\/8ab46080dfc4814fa59383db317735bd"},"breadcrumb":{"@id":"https:\/\/barcelona.euses.cat\/es\/abiertas-las-inscripciones-para-la-5a-edicion-del-talent-day-organizado-por-euses-alumni-que-se-celebrara-los-dias-9-y-10-de-abril\/#breadcrumb"},"inLanguage":"es","potentialAction":[{"@type":"ReadAction","target":["https:\/\/barcelona.euses.cat\/es\/abiertas-las-inscripciones-para-la-5a-edicion-del-talent-day-organizado-por-euses-alumni-que-se-celebrara-los-dias-9-y-10-de-abril\/"]}]},{"@type":"ImageObject","inLanguage":"es","@id":"https:\/\/barcelona.euses.cat\/es\/abiertas-las-inscripciones-para-la-5a-edicion-del-talent-day-organizado-por-euses-alumni-que-se-celebrara-los-dias-9-y-10-de-abril\/#primaryimage","url":"https:\/\/barcelona.euses.cat\/wp-content\/uploads\/2025\/03\/talentday2025.png","contentUrl":"https:\/\/barcelona.euses.cat\/wp-content\/uploads\/2025\/03\/talentday2025.png","width":1540,"height":946},{"@type":"BreadcrumbList","@id":"https:\/\/barcelona.euses.cat\/es\/abiertas-las-inscripciones-para-la-5a-edicion-del-talent-day-organizado-por-euses-alumni-que-se-celebrara-los-dias-9-y-10-de-abril\/#breadcrumb","itemListElement":[{"@type":"ListItem","position":1,"name":"Portada","item":"https:\/\/barcelona.euses.cat\/es\/"},{"@type":"ListItem","position":2,"name":"Abiertas las inscripciones para la 5\u00aa edici\u00f3n del Talent Day organizado por EUSES Alumni, que se celebrar\u00e1 los d\u00edas 9 y 10 de abril"}]},{"@type":"WebSite","@id":"https:\/\/barcelona.euses.cat\/ca\/#website","url":"https:\/\/barcelona.euses.cat\/ca\/","name":"EUSES - Campus de Bellvitge (Barcelona)","description":"EUSES, Escuela Universitaria de Fisioterapia Internacional en Barcelona","potentialAction":[{"@type":"SearchAction","target":{"@type":"EntryPoint","urlTemplate":"https:\/\/barcelona.euses.cat\/ca\/?s={search_term_string}"},"query-input":{"@type":"PropertyValueSpecification","valueRequired":true,"valueName":"search_term_string"}}],"inLanguage":"es"},{"@type":"Person","@id":"https:\/\/barcelona.euses.cat\/ca\/#\/schema\/person\/8ab46080dfc4814fa59383db317735bd","name":"Jordi Danes","image":{"@type":"ImageObject","inLanguage":"es","@id":"https:\/\/secure.gravatar.com\/avatar\/a9e4f443b594af225625ee8cfa665e41b1e0740ea34fbe0515b4ca559f8570ef?s=96&d=mm&r=g","url":"https:\/\/secure.gravatar.com\/avatar\/a9e4f443b594af225625ee8cfa665e41b1e0740ea34fbe0515b4ca559f8570ef?s=96&d=mm&r=g","contentUrl":"https:\/\/secure.gravatar.com\/avatar\/a9e4f443b594af225625ee8cfa665e41b1e0740ea34fbe0515b4ca559f8570ef?s=96&d=mm&r=g","caption":"Jordi Danes"},"url":"https:\/\/barcelona.euses.cat\/es\/author\/jordi-danes\/"}]}},"_links":{"self":[{"href":"https:\/\/barcelona.euses.cat\/es\/wp-json\/wp\/v2\/posts\/12409","targetHints":{"allow":["GET"]}}],"collection":[{"href":"https:\/\/barcelona.euses.cat\/es\/wp-json\/wp\/v2\/posts"}],"about":[{"href":"https:\/\/barcelona.euses.cat\/es\/wp-json\/wp\/v2\/types\/post"}],"author":[{"embeddable":true,"href":"https:\/\/barcelona.euses.cat\/es\/wp-json\/wp\/v2\/users\/3"}],"replies":[{"embeddable":true,"href":"https:\/\/barcelona.euses.cat\/es\/wp-json\/wp\/v2\/comments?post=12409"}],"version-history":[{"count":1,"href":"https:\/\/barcelona.euses.cat\/es\/wp-json\/wp\/v2\/posts\/12409\/revisions"}],"predecessor-version":[{"id":12410,"href":"https:\/\/barcelona.euses.cat\/es\/wp-json\/wp\/v2\/posts\/12409\/revisions\/12410"}],"wp:featuredmedia":[{"embeddable":true,"href":"https:\/\/barcelona.euses.cat\/es\/wp-json\/wp\/v2\/media\/12407"}],"wp:attachment":[{"href":"https:\/\/barcelona.euses.cat\/es\/wp-json\/wp\/v2\/media?parent=12409"}],"wp:term":[{"taxonomy":"category","embeddable":true,"href":"https:\/\/barcelona.euses.cat\/es\/wp-json\/wp\/v2\/categories?post=12409"},{"taxonomy":"post_tag","embeddable":true,"href":"https:\/\/barcelona.euses.cat\/es\/wp-json\/wp\/v2\/tags?post=12409"}],"curies":[{"name":"wp","href":"https:\/\/api.w.org\/{rel}","templated":true}]}}