{"id":12397,"date":"2025-02-17T13:45:00","date_gmt":"2025-02-17T12:45:00","guid":{"rendered":"https:\/\/barcelona.euses.cat\/?p=12397"},"modified":"2025-02-17T13:45:00","modified_gmt":"2025-02-17T12:45:00","slug":"celebrada-la-jornada-de-puertas-abiertas-de-physiotherapy-en-el-campus-de-bellvitge-2","status":"publish","type":"post","link":"https:\/\/barcelona.euses.cat\/es\/celebrada-la-jornada-de-puertas-abiertas-de-physiotherapy-en-el-campus-de-bellvitge-2\/","title":{"rendered":"Celebrada la jornada de puertas abiertas de Physiotherapy en el campus de Bellvitge"},"content":{"rendered":"<p>Las instalaciones del Campus de Bellvitge se han abierto este s\u00e1bado coincidiendo con la jornada de puertas abiertas del Grado en Fisioterapia Internacional (Physiotherapy). La sesi\u00f3n ha servido para informar sobre todos los aspectos del Grado a los alumnos que se quieren sumar a la familia de EUSES durante el curso acad\u00e9mico 2023\/24. El director de Physiotherapy, Gerard Mu\u00f1oz, ha expuesto los aspectos acad\u00e9micos (plan de estudios, convenios, pr\u00e1cticas\u2026), mientras que los coordinadores Alejandro Revilla i Gisela Catalan se han encargado de hablar sobre la parte m\u00e1s administrativa y log\u00edstica (proceso de matriculaci\u00f3n, alojamiento\u2026). Tambi\u00e9n han colaborado en la sesi\u00f3n la secretaria del Grado Anna Maria Rojo y la estudiante de 3r curso Bruna Sala. Los asistentes han podido hacer una visita guiada por las instalaciones.<\/p>\n\n\t\t<style type=\"text\/css\">\n\t\t\t#gallery-1 {\n\t\t\t\tmargin: auto;\n\t\t\t}\n\t\t\t#gallery-1 .gallery-item {\n\t\t\t\tfloat: left;\n\t\t\t\tmargin-top: 10px;\n\t\t\t\ttext-align: center;\n\t\t\t\twidth: 33%;\n\t\t\t}\n\t\t\t#gallery-1 img {\n\t\t\t\tborder: 2px solid #cfcfcf;\n\t\t\t}\n\t\t\t#gallery-1 .gallery-caption {\n\t\t\t\tmargin-left: 0;\n\t\t\t}\n\t\t\t\/* see gallery_shortcode() in wp-includes\/media.php *\/\n\t\t<\/style>\n\t\t<div id='gallery-1' class='gallery galleryid-12397 gallery-columns-3 gallery-size-medium'><dl class='gallery-item'>\n\t\t\t<dt class='gallery-icon landscape'>\n\t\t\t\t<a href='https:\/\/barcelona.euses.cat\/es\/celebrada-la-jornada-de-puertas-abiertas-de-physiotherapy-en-el-campus-de-bellvitge-2\/jpo-febrer-25-1-2\/'><img decoding=\"async\" width=\"300\" height=\"146\" src=\"https:\/\/barcelona.euses.cat\/wp-content\/uploads\/2025\/02\/JPO-febrer-25-1-300x146.jpg\" class=\"attachment-medium size-medium\" alt=\"\" srcset=\"https:\/\/barcelona.euses.cat\/wp-content\/uploads\/2025\/02\/JPO-febrer-25-1-300x146.jpg 300w, https:\/\/barcelona.euses.cat\/wp-content\/uploads\/2025\/02\/JPO-febrer-25-1-1024x498.jpg 1024w, https:\/\/barcelona.euses.cat\/wp-content\/uploads\/2025\/02\/JPO-febrer-25-1-768x373.jpg 768w, https:\/\/barcelona.euses.cat\/wp-content\/uploads\/2025\/02\/JPO-febrer-25-1-1536x746.jpg 1536w, https:\/\/barcelona.euses.cat\/wp-content\/uploads\/2025\/02\/JPO-febrer-25-1-350x170.jpg 350w, https:\/\/barcelona.euses.cat\/wp-content\/uploads\/2025\/02\/JPO-febrer-25-1.jpg 2048w\" sizes=\"(max-width: 300px) 100vw, 300px\" \/><\/a>\n\t\t\t<\/dt><\/dl><dl class='gallery-item'>\n\t\t\t<dt class='gallery-icon landscape'>\n\t\t\t\t<a href='https:\/\/barcelona.euses.cat\/es\/celebrada-la-jornada-de-puertas-abiertas-de-physiotherapy-en-el-campus-de-bellvitge-2\/jpo-febrer-25-2-2\/'><img decoding=\"async\" width=\"300\" height=\"146\" src=\"https:\/\/barcelona.euses.cat\/wp-content\/uploads\/2025\/02\/JPO-febrer-25-2-300x146.jpg\" class=\"attachment-medium size-medium\" alt=\"\" srcset=\"https:\/\/barcelona.euses.cat\/wp-content\/uploads\/2025\/02\/JPO-febrer-25-2-300x146.jpg 300w, https:\/\/barcelona.euses.cat\/wp-content\/uploads\/2025\/02\/JPO-febrer-25-2-1024x498.jpg 1024w, https:\/\/barcelona.euses.cat\/wp-content\/uploads\/2025\/02\/JPO-febrer-25-2-768x373.jpg 768w, https:\/\/barcelona.euses.cat\/wp-content\/uploads\/2025\/02\/JPO-febrer-25-2-1536x746.jpg 1536w, https:\/\/barcelona.euses.cat\/wp-content\/uploads\/2025\/02\/JPO-febrer-25-2-350x170.jpg 350w, https:\/\/barcelona.euses.cat\/wp-content\/uploads\/2025\/02\/JPO-febrer-25-2.jpg 2048w\" sizes=\"(max-width: 300px) 100vw, 300px\" \/><\/a>\n\t\t\t<\/dt><\/dl><dl class='gallery-item'>\n\t\t\t<dt class='gallery-icon landscape'>\n\t\t\t\t<a href='https:\/\/barcelona.euses.cat\/es\/celebrada-la-jornada-de-puertas-abiertas-de-physiotherapy-en-el-campus-de-bellvitge-2\/jpo-febrer-25-3-2\/'><img decoding=\"async\" width=\"300\" height=\"146\" src=\"https:\/\/barcelona.euses.cat\/wp-content\/uploads\/2025\/02\/JPO-febrer-25-3-300x146.jpg\" class=\"attachment-medium size-medium\" alt=\"\" srcset=\"https:\/\/barcelona.euses.cat\/wp-content\/uploads\/2025\/02\/JPO-febrer-25-3-300x146.jpg 300w, https:\/\/barcelona.euses.cat\/wp-content\/uploads\/2025\/02\/JPO-febrer-25-3-1024x498.jpg 1024w, https:\/\/barcelona.euses.cat\/wp-content\/uploads\/2025\/02\/JPO-febrer-25-3-768x373.jpg 768w, https:\/\/barcelona.euses.cat\/wp-content\/uploads\/2025\/02\/JPO-febrer-25-3-1536x746.jpg 1536w, https:\/\/barcelona.euses.cat\/wp-content\/uploads\/2025\/02\/JPO-febrer-25-3-350x170.jpg 350w, https:\/\/barcelona.euses.cat\/wp-content\/uploads\/2025\/02\/JPO-febrer-25-3.jpg 2048w\" sizes=\"(max-width: 300px) 100vw, 300px\" \/><\/a>\n\t\t\t<\/dt><\/dl><br style=\"clear: both\" \/><dl class='gallery-item'>\n\t\t\t<dt class='gallery-icon landscape'>\n\t\t\t\t<a href='https:\/\/barcelona.euses.cat\/es\/celebrada-la-jornada-de-puertas-abiertas-de-physiotherapy-en-el-campus-de-bellvitge-2\/jpo-febrer-25-5-2\/'><img loading=\"lazy\" decoding=\"async\" width=\"300\" height=\"146\" src=\"https:\/\/barcelona.euses.cat\/wp-content\/uploads\/2025\/02\/JPO-febrer-25-5-300x146.jpg\" class=\"attachment-medium size-medium\" alt=\"\" srcset=\"https:\/\/barcelona.euses.cat\/wp-content\/uploads\/2025\/02\/JPO-febrer-25-5-300x146.jpg 300w, https:\/\/barcelona.euses.cat\/wp-content\/uploads\/2025\/02\/JPO-febrer-25-5-1024x498.jpg 1024w, https:\/\/barcelona.euses.cat\/wp-content\/uploads\/2025\/02\/JPO-febrer-25-5-768x373.jpg 768w, https:\/\/barcelona.euses.cat\/wp-content\/uploads\/2025\/02\/JPO-febrer-25-5-1536x746.jpg 1536w, https:\/\/barcelona.euses.cat\/wp-content\/uploads\/2025\/02\/JPO-febrer-25-5-350x170.jpg 350w, https:\/\/barcelona.euses.cat\/wp-content\/uploads\/2025\/02\/JPO-febrer-25-5.jpg 2048w\" sizes=\"(max-width: 300px) 100vw, 300px\" \/><\/a>\n\t\t\t<\/dt><\/dl>\n\t\t\t<br style='clear: both' \/>\n\t\t<\/div>\n\n","protected":false},"excerpt":{"rendered":"<p>Las instalaciones del Campus de Bellvitge se han abierto este s\u00e1bado coincidiendo con la jornada de puertas abiertas del Grado en Fisioterapia Internacional (Physiotherapy). La sesi\u00f3n ha servido para informar sobre todos los aspectos del Grado a los alumnos que se quieren sumar a la familia de EUSES durante el curso acad\u00e9mico 2023\/24. El director [&hellip;]<\/p>\n","protected":false},"author":3,"featured_media":12379,"comment_status":"open","ping_status":"closed","sticky":false,"template":"","format":"standard","meta":{"_acf_changed":false,"inline_featured_image":false,"_joinchat":[],"footnotes":""},"categories":[1],"tags":[],"class_list":["post-12397","post","type-post","status-publish","format-standard","has-post-thumbnail","hentry","category-sin-categorizar"],"acf":[],"yoast_head":"<!-- This site is optimized with the Yoast SEO plugin v27.4 - https:\/\/yoast.com\/product\/yoast-seo-wordpress\/ -->\n<title>Celebrada la jornada de puertas abiertas de Physiotherapy en el campus de Bellvitge | EUSES - Campus de Bellvitge (Barcelona)<\/title>\n<meta name=\"robots\" content=\"index, follow, max-snippet:-1, max-image-preview:large, max-video-preview:-1\" \/>\n<link rel=\"canonical\" href=\"https:\/\/barcelona.euses.cat\/es\/celebrada-la-jornada-de-puertas-abiertas-de-physiotherapy-en-el-campus-de-bellvitge-2\/\" \/>\n<meta property=\"og:locale\" content=\"es_ES\" \/>\n<meta property=\"og:type\" content=\"article\" \/>\n<meta property=\"og:title\" content=\"Celebrada la jornada de puertas abiertas de Physiotherapy en el campus de Bellvitge | EUSES - Campus de Bellvitge (Barcelona)\" \/>\n<meta property=\"og:description\" content=\"Las instalaciones del Campus de Bellvitge se han abierto este s\u00e1bado coincidiendo con la jornada de puertas abiertas del Grado en Fisioterapia Internacional (Physiotherapy). La sesi\u00f3n ha servido para informar sobre todos los aspectos del Grado a los alumnos que se quieren sumar a la familia de EUSES durante el curso acad\u00e9mico 2023\/24. El director [&hellip;]\" \/>\n<meta property=\"og:url\" content=\"https:\/\/barcelona.euses.cat\/es\/celebrada-la-jornada-de-puertas-abiertas-de-physiotherapy-en-el-campus-de-bellvitge-2\/\" \/>\n<meta property=\"og:site_name\" content=\"EUSES - Campus de Bellvitge (Barcelona)\" \/>\n<meta property=\"article:publisher\" content=\"https:\/\/www.facebook.com\/PhysioBCN\/\" \/>\n<meta property=\"article:published_time\" content=\"2025-02-17T12:45:00+00:00\" \/>\n<meta property=\"og:image\" content=\"https:\/\/barcelona.euses.cat\/wp-content\/uploads\/2025\/02\/JPO-febrer-25-4.jpg\" \/>\n\t<meta property=\"og:image:width\" content=\"2048\" \/>\n\t<meta property=\"og:image:height\" content=\"995\" \/>\n\t<meta property=\"og:image:type\" content=\"image\/jpeg\" \/>\n<meta name=\"author\" content=\"Jordi Danes\" \/>\n<meta name=\"twitter:card\" content=\"summary_large_image\" \/>\n<meta name=\"twitter:label1\" content=\"Escrito por\" \/>\n\t<meta name=\"twitter:data1\" content=\"Jordi Danes\" \/>\n\t<meta name=\"twitter:label2\" content=\"Tiempo de lectura\" \/>\n\t<meta name=\"twitter:data2\" content=\"1 minuto\" \/>\n<script type=\"application\/ld+json\" class=\"yoast-schema-graph\">{\"@context\":\"https:\\\/\\\/schema.org\",\"@graph\":[{\"@type\":\"Article\",\"@id\":\"https:\\\/\\\/barcelona.euses.cat\\\/es\\\/celebrada-la-jornada-de-puertas-abiertas-de-physiotherapy-en-el-campus-de-bellvitge-2\\\/#article\",\"isPartOf\":{\"@id\":\"https:\\\/\\\/barcelona.euses.cat\\\/es\\\/celebrada-la-jornada-de-puertas-abiertas-de-physiotherapy-en-el-campus-de-bellvitge-2\\\/\"},\"author\":{\"name\":\"Jordi Danes\",\"@id\":\"https:\\\/\\\/barcelona.euses.cat\\\/ca\\\/#\\\/schema\\\/person\\\/8ab46080dfc4814fa59383db317735bd\"},\"headline\":\"Celebrada la jornada de puertas abiertas de Physiotherapy en el campus de Bellvitge\",\"datePublished\":\"2025-02-17T12:45:00+00:00\",\"mainEntityOfPage\":{\"@id\":\"https:\\\/\\\/barcelona.euses.cat\\\/es\\\/celebrada-la-jornada-de-puertas-abiertas-de-physiotherapy-en-el-campus-de-bellvitge-2\\\/\"},\"wordCount\":153,\"commentCount\":0,\"image\":{\"@id\":\"https:\\\/\\\/barcelona.euses.cat\\\/es\\\/celebrada-la-jornada-de-puertas-abiertas-de-physiotherapy-en-el-campus-de-bellvitge-2\\\/#primaryimage\"},\"thumbnailUrl\":\"https:\\\/\\\/barcelona.euses.cat\\\/wp-content\\\/uploads\\\/2025\\\/02\\\/JPO-febrer-25-4.jpg\",\"articleSection\":[\"Sin categorizar\"],\"inLanguage\":\"es\"},{\"@type\":\"WebPage\",\"@id\":\"https:\\\/\\\/barcelona.euses.cat\\\/es\\\/celebrada-la-jornada-de-puertas-abiertas-de-physiotherapy-en-el-campus-de-bellvitge-2\\\/\",\"url\":\"https:\\\/\\\/barcelona.euses.cat\\\/es\\\/celebrada-la-jornada-de-puertas-abiertas-de-physiotherapy-en-el-campus-de-bellvitge-2\\\/\",\"name\":\"Celebrada la jornada de puertas abiertas de Physiotherapy en el campus de Bellvitge | EUSES - Campus de Bellvitge (Barcelona)\",\"isPartOf\":{\"@id\":\"https:\\\/\\\/barcelona.euses.cat\\\/ca\\\/#website\"},\"primaryImageOfPage\":{\"@id\":\"https:\\\/\\\/barcelona.euses.cat\\\/es\\\/celebrada-la-jornada-de-puertas-abiertas-de-physiotherapy-en-el-campus-de-bellvitge-2\\\/#primaryimage\"},\"image\":{\"@id\":\"https:\\\/\\\/barcelona.euses.cat\\\/es\\\/celebrada-la-jornada-de-puertas-abiertas-de-physiotherapy-en-el-campus-de-bellvitge-2\\\/#primaryimage\"},\"thumbnailUrl\":\"https:\\\/\\\/barcelona.euses.cat\\\/wp-content\\\/uploads\\\/2025\\\/02\\\/JPO-febrer-25-4.jpg\",\"datePublished\":\"2025-02-17T12:45:00+00:00\",\"author\":{\"@id\":\"https:\\\/\\\/barcelona.euses.cat\\\/ca\\\/#\\\/schema\\\/person\\\/8ab46080dfc4814fa59383db317735bd\"},\"breadcrumb\":{\"@id\":\"https:\\\/\\\/barcelona.euses.cat\\\/es\\\/celebrada-la-jornada-de-puertas-abiertas-de-physiotherapy-en-el-campus-de-bellvitge-2\\\/#breadcrumb\"},\"inLanguage\":\"es\",\"potentialAction\":[{\"@type\":\"ReadAction\",\"target\":[\"https:\\\/\\\/barcelona.euses.cat\\\/es\\\/celebrada-la-jornada-de-puertas-abiertas-de-physiotherapy-en-el-campus-de-bellvitge-2\\\/\"]}]},{\"@type\":\"ImageObject\",\"inLanguage\":\"es\",\"@id\":\"https:\\\/\\\/barcelona.euses.cat\\\/es\\\/celebrada-la-jornada-de-puertas-abiertas-de-physiotherapy-en-el-campus-de-bellvitge-2\\\/#primaryimage\",\"url\":\"https:\\\/\\\/barcelona.euses.cat\\\/wp-content\\\/uploads\\\/2025\\\/02\\\/JPO-febrer-25-4.jpg\",\"contentUrl\":\"https:\\\/\\\/barcelona.euses.cat\\\/wp-content\\\/uploads\\\/2025\\\/02\\\/JPO-febrer-25-4.jpg\",\"width\":2048,\"height\":995},{\"@type\":\"BreadcrumbList\",\"@id\":\"https:\\\/\\\/barcelona.euses.cat\\\/es\\\/celebrada-la-jornada-de-puertas-abiertas-de-physiotherapy-en-el-campus-de-bellvitge-2\\\/#breadcrumb\",\"itemListElement\":[{\"@type\":\"ListItem\",\"position\":1,\"name\":\"Portada\",\"item\":\"https:\\\/\\\/barcelona.euses.cat\\\/es\\\/\"},{\"@type\":\"ListItem\",\"position\":2,\"name\":\"Celebrada la jornada de puertas abiertas de Physiotherapy en el campus de Bellvitge\"}]},{\"@type\":\"WebSite\",\"@id\":\"https:\\\/\\\/barcelona.euses.cat\\\/ca\\\/#website\",\"url\":\"https:\\\/\\\/barcelona.euses.cat\\\/ca\\\/\",\"name\":\"EUSES - Campus de Bellvitge (Barcelona)\",\"description\":\"EUSES, Escuela Universitaria de Fisioterapia Internacional en Barcelona\",\"potentialAction\":[{\"@type\":\"SearchAction\",\"target\":{\"@type\":\"EntryPoint\",\"urlTemplate\":\"https:\\\/\\\/barcelona.euses.cat\\\/ca\\\/?s={search_term_string}\"},\"query-input\":{\"@type\":\"PropertyValueSpecification\",\"valueRequired\":true,\"valueName\":\"search_term_string\"}}],\"inLanguage\":\"es\"},{\"@type\":\"Person\",\"@id\":\"https:\\\/\\\/barcelona.euses.cat\\\/ca\\\/#\\\/schema\\\/person\\\/8ab46080dfc4814fa59383db317735bd\",\"name\":\"Jordi Danes\",\"image\":{\"@type\":\"ImageObject\",\"inLanguage\":\"es\",\"@id\":\"https:\\\/\\\/secure.gravatar.com\\\/avatar\\\/a9e4f443b594af225625ee8cfa665e41b1e0740ea34fbe0515b4ca559f8570ef?s=96&d=mm&r=g\",\"url\":\"https:\\\/\\\/secure.gravatar.com\\\/avatar\\\/a9e4f443b594af225625ee8cfa665e41b1e0740ea34fbe0515b4ca559f8570ef?s=96&d=mm&r=g\",\"contentUrl\":\"https:\\\/\\\/secure.gravatar.com\\\/avatar\\\/a9e4f443b594af225625ee8cfa665e41b1e0740ea34fbe0515b4ca559f8570ef?s=96&d=mm&r=g\",\"caption\":\"Jordi Danes\"},\"url\":\"https:\\\/\\\/barcelona.euses.cat\\\/es\\\/author\\\/jordi-danes\\\/\"}]}<\/script>\n<!-- \/ Yoast SEO plugin. -->","yoast_head_json":{"title":"Celebrada la jornada de puertas abiertas de Physiotherapy en el campus de Bellvitge | EUSES - Campus de Bellvitge (Barcelona)","robots":{"index":"index","follow":"follow","max-snippet":"max-snippet:-1","max-image-preview":"max-image-preview:large","max-video-preview":"max-video-preview:-1"},"canonical":"https:\/\/barcelona.euses.cat\/es\/celebrada-la-jornada-de-puertas-abiertas-de-physiotherapy-en-el-campus-de-bellvitge-2\/","og_locale":"es_ES","og_type":"article","og_title":"Celebrada la jornada de puertas abiertas de Physiotherapy en el campus de Bellvitge | EUSES - Campus de Bellvitge (Barcelona)","og_description":"Las instalaciones del Campus de Bellvitge se han abierto este s\u00e1bado coincidiendo con la jornada de puertas abiertas del Grado en Fisioterapia Internacional (Physiotherapy). La sesi\u00f3n ha servido para informar sobre todos los aspectos del Grado a los alumnos que se quieren sumar a la familia de EUSES durante el curso acad\u00e9mico 2023\/24. El director [&hellip;]","og_url":"https:\/\/barcelona.euses.cat\/es\/celebrada-la-jornada-de-puertas-abiertas-de-physiotherapy-en-el-campus-de-bellvitge-2\/","og_site_name":"EUSES - Campus de Bellvitge (Barcelona)","article_publisher":"https:\/\/www.facebook.com\/PhysioBCN\/","article_published_time":"2025-02-17T12:45:00+00:00","og_image":[{"width":2048,"height":995,"url":"https:\/\/barcelona.euses.cat\/wp-content\/uploads\/2025\/02\/JPO-febrer-25-4.jpg","type":"image\/jpeg"}],"author":"Jordi Danes","twitter_card":"summary_large_image","twitter_misc":{"Escrito por":"Jordi Danes","Tiempo de lectura":"1 minuto"},"schema":{"@context":"https:\/\/schema.org","@graph":[{"@type":"Article","@id":"https:\/\/barcelona.euses.cat\/es\/celebrada-la-jornada-de-puertas-abiertas-de-physiotherapy-en-el-campus-de-bellvitge-2\/#article","isPartOf":{"@id":"https:\/\/barcelona.euses.cat\/es\/celebrada-la-jornada-de-puertas-abiertas-de-physiotherapy-en-el-campus-de-bellvitge-2\/"},"author":{"name":"Jordi Danes","@id":"https:\/\/barcelona.euses.cat\/ca\/#\/schema\/person\/8ab46080dfc4814fa59383db317735bd"},"headline":"Celebrada la jornada de puertas abiertas de Physiotherapy en el campus de Bellvitge","datePublished":"2025-02-17T12:45:00+00:00","mainEntityOfPage":{"@id":"https:\/\/barcelona.euses.cat\/es\/celebrada-la-jornada-de-puertas-abiertas-de-physiotherapy-en-el-campus-de-bellvitge-2\/"},"wordCount":153,"commentCount":0,"image":{"@id":"https:\/\/barcelona.euses.cat\/es\/celebrada-la-jornada-de-puertas-abiertas-de-physiotherapy-en-el-campus-de-bellvitge-2\/#primaryimage"},"thumbnailUrl":"https:\/\/barcelona.euses.cat\/wp-content\/uploads\/2025\/02\/JPO-febrer-25-4.jpg","articleSection":["Sin categorizar"],"inLanguage":"es"},{"@type":"WebPage","@id":"https:\/\/barcelona.euses.cat\/es\/celebrada-la-jornada-de-puertas-abiertas-de-physiotherapy-en-el-campus-de-bellvitge-2\/","url":"https:\/\/barcelona.euses.cat\/es\/celebrada-la-jornada-de-puertas-abiertas-de-physiotherapy-en-el-campus-de-bellvitge-2\/","name":"Celebrada la jornada de puertas abiertas de Physiotherapy en el campus de Bellvitge | EUSES - Campus de Bellvitge (Barcelona)","isPartOf":{"@id":"https:\/\/barcelona.euses.cat\/ca\/#website"},"primaryImageOfPage":{"@id":"https:\/\/barcelona.euses.cat\/es\/celebrada-la-jornada-de-puertas-abiertas-de-physiotherapy-en-el-campus-de-bellvitge-2\/#primaryimage"},"image":{"@id":"https:\/\/barcelona.euses.cat\/es\/celebrada-la-jornada-de-puertas-abiertas-de-physiotherapy-en-el-campus-de-bellvitge-2\/#primaryimage"},"thumbnailUrl":"https:\/\/barcelona.euses.cat\/wp-content\/uploads\/2025\/02\/JPO-febrer-25-4.jpg","datePublished":"2025-02-17T12:45:00+00:00","author":{"@id":"https:\/\/barcelona.euses.cat\/ca\/#\/schema\/person\/8ab46080dfc4814fa59383db317735bd"},"breadcrumb":{"@id":"https:\/\/barcelona.euses.cat\/es\/celebrada-la-jornada-de-puertas-abiertas-de-physiotherapy-en-el-campus-de-bellvitge-2\/#breadcrumb"},"inLanguage":"es","potentialAction":[{"@type":"ReadAction","target":["https:\/\/barcelona.euses.cat\/es\/celebrada-la-jornada-de-puertas-abiertas-de-physiotherapy-en-el-campus-de-bellvitge-2\/"]}]},{"@type":"ImageObject","inLanguage":"es","@id":"https:\/\/barcelona.euses.cat\/es\/celebrada-la-jornada-de-puertas-abiertas-de-physiotherapy-en-el-campus-de-bellvitge-2\/#primaryimage","url":"https:\/\/barcelona.euses.cat\/wp-content\/uploads\/2025\/02\/JPO-febrer-25-4.jpg","contentUrl":"https:\/\/barcelona.euses.cat\/wp-content\/uploads\/2025\/02\/JPO-febrer-25-4.jpg","width":2048,"height":995},{"@type":"BreadcrumbList","@id":"https:\/\/barcelona.euses.cat\/es\/celebrada-la-jornada-de-puertas-abiertas-de-physiotherapy-en-el-campus-de-bellvitge-2\/#breadcrumb","itemListElement":[{"@type":"ListItem","position":1,"name":"Portada","item":"https:\/\/barcelona.euses.cat\/es\/"},{"@type":"ListItem","position":2,"name":"Celebrada la jornada de puertas abiertas de Physiotherapy en el campus de Bellvitge"}]},{"@type":"WebSite","@id":"https:\/\/barcelona.euses.cat\/ca\/#website","url":"https:\/\/barcelona.euses.cat\/ca\/","name":"EUSES - Campus de Bellvitge (Barcelona)","description":"EUSES, Escuela Universitaria de Fisioterapia Internacional en Barcelona","potentialAction":[{"@type":"SearchAction","target":{"@type":"EntryPoint","urlTemplate":"https:\/\/barcelona.euses.cat\/ca\/?s={search_term_string}"},"query-input":{"@type":"PropertyValueSpecification","valueRequired":true,"valueName":"search_term_string"}}],"inLanguage":"es"},{"@type":"Person","@id":"https:\/\/barcelona.euses.cat\/ca\/#\/schema\/person\/8ab46080dfc4814fa59383db317735bd","name":"Jordi Danes","image":{"@type":"ImageObject","inLanguage":"es","@id":"https:\/\/secure.gravatar.com\/avatar\/a9e4f443b594af225625ee8cfa665e41b1e0740ea34fbe0515b4ca559f8570ef?s=96&d=mm&r=g","url":"https:\/\/secure.gravatar.com\/avatar\/a9e4f443b594af225625ee8cfa665e41b1e0740ea34fbe0515b4ca559f8570ef?s=96&d=mm&r=g","contentUrl":"https:\/\/secure.gravatar.com\/avatar\/a9e4f443b594af225625ee8cfa665e41b1e0740ea34fbe0515b4ca559f8570ef?s=96&d=mm&r=g","caption":"Jordi Danes"},"url":"https:\/\/barcelona.euses.cat\/es\/author\/jordi-danes\/"}]}},"_links":{"self":[{"href":"https:\/\/barcelona.euses.cat\/es\/wp-json\/wp\/v2\/posts\/12397","targetHints":{"allow":["GET"]}}],"collection":[{"href":"https:\/\/barcelona.euses.cat\/es\/wp-json\/wp\/v2\/posts"}],"about":[{"href":"https:\/\/barcelona.euses.cat\/es\/wp-json\/wp\/v2\/types\/post"}],"author":[{"embeddable":true,"href":"https:\/\/barcelona.euses.cat\/es\/wp-json\/wp\/v2\/users\/3"}],"replies":[{"embeddable":true,"href":"https:\/\/barcelona.euses.cat\/es\/wp-json\/wp\/v2\/comments?post=12397"}],"version-history":[{"count":1,"href":"https:\/\/barcelona.euses.cat\/es\/wp-json\/wp\/v2\/posts\/12397\/revisions"}],"predecessor-version":[{"id":12398,"href":"https:\/\/barcelona.euses.cat\/es\/wp-json\/wp\/v2\/posts\/12397\/revisions\/12398"}],"wp:featuredmedia":[{"embeddable":true,"href":"https:\/\/barcelona.euses.cat\/es\/wp-json\/wp\/v2\/media\/12379"}],"wp:attachment":[{"href":"https:\/\/barcelona.euses.cat\/es\/wp-json\/wp\/v2\/media?parent=12397"}],"wp:term":[{"taxonomy":"category","embeddable":true,"href":"https:\/\/barcelona.euses.cat\/es\/wp-json\/wp\/v2\/categories?post=12397"},{"taxonomy":"post_tag","embeddable":true,"href":"https:\/\/barcelona.euses.cat\/es\/wp-json\/wp\/v2\/tags?post=12397"}],"curies":[{"name":"wp","href":"https:\/\/api.w.org\/{rel}","templated":true}]}}