{"id":12127,"date":"2024-09-13T09:43:50","date_gmt":"2024-09-13T07:43:50","guid":{"rendered":"https:\/\/barcelona.euses.cat\/?p=12127"},"modified":"2024-09-13T09:43:50","modified_gmt":"2024-09-13T07:43:50","slug":"el-dr-gerard-munoz-presenta-un-poster-en-el-congreso-anual-respiratorio-celebrado-en-viena","status":"publish","type":"post","link":"https:\/\/barcelona.euses.cat\/es\/el-dr-gerard-munoz-presenta-un-poster-en-el-congreso-anual-respiratorio-celebrado-en-viena\/","title":{"rendered":"El Dr. Gerard Mu\u00f1oz presenta un p\u00f3ster en el congreso anual respiratorio celebrado en Viena"},"content":{"rendered":"<p>El director de Physiotherapy Barcelona y profesor del Grado en Fisioterapia del Campus de Salt, Dr. Gerard Mu\u00f1oz, ha participado este mes de septiembre en el congreso anual respiratorio (<a href=\"https:\/\/www.ersnet.org\/congress-and-events\/congress\/\">ERS<\/a>) que se ha celebrado Viena entre los d\u00edas 7 y 11. El Dr. Gerard Mu\u00f1oz present\u00f3 el p\u00f3ster titulado: <em>Ergometry and Thoracic Ultrasound to Evaluate a Training Program in Post-Severe Pneumonia Due to SARS-COV-2<\/em>, en el cual expuso los resultados que se obtuvieron de un ensayo cl\u00ednico realizado en pacientes pos-COVID 19.<\/p>\n<p>&nbsp;<\/p>\n","protected":false},"excerpt":{"rendered":"<p>El director de Physiotherapy Barcelona y profesor del Grado en Fisioterapia del Campus de Salt, Dr. Gerard Mu\u00f1oz, ha participado este mes de septiembre en el congreso anual respiratorio (ERS) que se ha celebrado Viena entre los d\u00edas 7 y 11. El Dr. Gerard Mu\u00f1oz present\u00f3 el p\u00f3ster titulado: Ergometry and Thoracic Ultrasound to Evaluate [&hellip;]<\/p>\n","protected":false},"author":3,"featured_media":12123,"comment_status":"open","ping_status":"closed","sticky":false,"template":"","format":"standard","meta":{"_acf_changed":false,"inline_featured_image":false,"_joinchat":[],"footnotes":""},"categories":[1],"tags":[],"class_list":["post-12127","post","type-post","status-publish","format-standard","has-post-thumbnail","hentry","category-sin-categorizar"],"acf":[],"yoast_head":"<!-- This site is optimized with the Yoast SEO plugin v27.4 - https:\/\/yoast.com\/product\/yoast-seo-wordpress\/ -->\n<title>El Dr. Gerard Mu\u00f1oz presenta un p\u00f3ster en el congreso anual respiratorio celebrado en Viena | EUSES - Campus de Bellvitge (Barcelona)<\/title>\n<meta name=\"robots\" content=\"index, follow, max-snippet:-1, max-image-preview:large, max-video-preview:-1\" \/>\n<link rel=\"canonical\" href=\"https:\/\/barcelona.euses.cat\/es\/el-dr-gerard-munoz-presenta-un-poster-en-el-congreso-anual-respiratorio-celebrado-en-viena\/\" \/>\n<meta property=\"og:locale\" content=\"es_ES\" \/>\n<meta property=\"og:type\" content=\"article\" \/>\n<meta property=\"og:title\" content=\"El Dr. Gerard Mu\u00f1oz presenta un p\u00f3ster en el congreso anual respiratorio celebrado en Viena | EUSES - Campus de Bellvitge (Barcelona)\" \/>\n<meta property=\"og:description\" content=\"El director de Physiotherapy Barcelona y profesor del Grado en Fisioterapia del Campus de Salt, Dr. Gerard Mu\u00f1oz, ha participado este mes de septiembre en el congreso anual respiratorio (ERS) que se ha celebrado Viena entre los d\u00edas 7 y 11. El Dr. Gerard Mu\u00f1oz present\u00f3 el p\u00f3ster titulado: Ergometry and Thoracic Ultrasound to Evaluate [&hellip;]\" \/>\n<meta property=\"og:url\" content=\"https:\/\/barcelona.euses.cat\/es\/el-dr-gerard-munoz-presenta-un-poster-en-el-congreso-anual-respiratorio-celebrado-en-viena\/\" \/>\n<meta property=\"og:site_name\" content=\"EUSES - Campus de Bellvitge (Barcelona)\" \/>\n<meta property=\"article:publisher\" content=\"https:\/\/www.facebook.com\/PhysioBCN\/\" \/>\n<meta property=\"article:published_time\" content=\"2024-09-13T07:43:50+00:00\" \/>\n<meta property=\"og:image\" content=\"https:\/\/barcelona.euses.cat\/wp-content\/uploads\/2024\/09\/Gerard-Munoz-scaled.jpeg\" \/>\n\t<meta property=\"og:image:width\" content=\"2560\" \/>\n\t<meta property=\"og:image:height\" content=\"1920\" \/>\n\t<meta property=\"og:image:type\" content=\"image\/jpeg\" \/>\n<meta name=\"author\" content=\"Jordi Danes\" \/>\n<meta name=\"twitter:card\" content=\"summary_large_image\" \/>\n<meta name=\"twitter:label1\" content=\"Escrito por\" \/>\n\t<meta name=\"twitter:data1\" content=\"Jordi Danes\" \/>\n\t<meta name=\"twitter:label2\" content=\"Tiempo de lectura\" \/>\n\t<meta name=\"twitter:data2\" content=\"1 minuto\" \/>\n<script type=\"application\/ld+json\" class=\"yoast-schema-graph\">{\"@context\":\"https:\\\/\\\/schema.org\",\"@graph\":[{\"@type\":\"Article\",\"@id\":\"https:\\\/\\\/barcelona.euses.cat\\\/es\\\/el-dr-gerard-munoz-presenta-un-poster-en-el-congreso-anual-respiratorio-celebrado-en-viena\\\/#article\",\"isPartOf\":{\"@id\":\"https:\\\/\\\/barcelona.euses.cat\\\/es\\\/el-dr-gerard-munoz-presenta-un-poster-en-el-congreso-anual-respiratorio-celebrado-en-viena\\\/\"},\"author\":{\"name\":\"Jordi Danes\",\"@id\":\"https:\\\/\\\/barcelona.euses.cat\\\/ca\\\/#\\\/schema\\\/person\\\/8ab46080dfc4814fa59383db317735bd\"},\"headline\":\"El Dr. Gerard Mu\u00f1oz presenta un p\u00f3ster en el congreso anual respiratorio celebrado en Viena\",\"datePublished\":\"2024-09-13T07:43:50+00:00\",\"mainEntityOfPage\":{\"@id\":\"https:\\\/\\\/barcelona.euses.cat\\\/es\\\/el-dr-gerard-munoz-presenta-un-poster-en-el-congreso-anual-respiratorio-celebrado-en-viena\\\/\"},\"wordCount\":102,\"commentCount\":0,\"image\":{\"@id\":\"https:\\\/\\\/barcelona.euses.cat\\\/es\\\/el-dr-gerard-munoz-presenta-un-poster-en-el-congreso-anual-respiratorio-celebrado-en-viena\\\/#primaryimage\"},\"thumbnailUrl\":\"https:\\\/\\\/barcelona.euses.cat\\\/wp-content\\\/uploads\\\/2024\\\/09\\\/Gerard-Munoz-scaled.jpeg\",\"articleSection\":[\"Sin categorizar\"],\"inLanguage\":\"es\"},{\"@type\":\"WebPage\",\"@id\":\"https:\\\/\\\/barcelona.euses.cat\\\/es\\\/el-dr-gerard-munoz-presenta-un-poster-en-el-congreso-anual-respiratorio-celebrado-en-viena\\\/\",\"url\":\"https:\\\/\\\/barcelona.euses.cat\\\/es\\\/el-dr-gerard-munoz-presenta-un-poster-en-el-congreso-anual-respiratorio-celebrado-en-viena\\\/\",\"name\":\"El Dr. Gerard Mu\u00f1oz presenta un p\u00f3ster en el congreso anual respiratorio celebrado en Viena | EUSES - Campus de Bellvitge (Barcelona)\",\"isPartOf\":{\"@id\":\"https:\\\/\\\/barcelona.euses.cat\\\/ca\\\/#website\"},\"primaryImageOfPage\":{\"@id\":\"https:\\\/\\\/barcelona.euses.cat\\\/es\\\/el-dr-gerard-munoz-presenta-un-poster-en-el-congreso-anual-respiratorio-celebrado-en-viena\\\/#primaryimage\"},\"image\":{\"@id\":\"https:\\\/\\\/barcelona.euses.cat\\\/es\\\/el-dr-gerard-munoz-presenta-un-poster-en-el-congreso-anual-respiratorio-celebrado-en-viena\\\/#primaryimage\"},\"thumbnailUrl\":\"https:\\\/\\\/barcelona.euses.cat\\\/wp-content\\\/uploads\\\/2024\\\/09\\\/Gerard-Munoz-scaled.jpeg\",\"datePublished\":\"2024-09-13T07:43:50+00:00\",\"author\":{\"@id\":\"https:\\\/\\\/barcelona.euses.cat\\\/ca\\\/#\\\/schema\\\/person\\\/8ab46080dfc4814fa59383db317735bd\"},\"breadcrumb\":{\"@id\":\"https:\\\/\\\/barcelona.euses.cat\\\/es\\\/el-dr-gerard-munoz-presenta-un-poster-en-el-congreso-anual-respiratorio-celebrado-en-viena\\\/#breadcrumb\"},\"inLanguage\":\"es\",\"potentialAction\":[{\"@type\":\"ReadAction\",\"target\":[\"https:\\\/\\\/barcelona.euses.cat\\\/es\\\/el-dr-gerard-munoz-presenta-un-poster-en-el-congreso-anual-respiratorio-celebrado-en-viena\\\/\"]}]},{\"@type\":\"ImageObject\",\"inLanguage\":\"es\",\"@id\":\"https:\\\/\\\/barcelona.euses.cat\\\/es\\\/el-dr-gerard-munoz-presenta-un-poster-en-el-congreso-anual-respiratorio-celebrado-en-viena\\\/#primaryimage\",\"url\":\"https:\\\/\\\/barcelona.euses.cat\\\/wp-content\\\/uploads\\\/2024\\\/09\\\/Gerard-Munoz-scaled.jpeg\",\"contentUrl\":\"https:\\\/\\\/barcelona.euses.cat\\\/wp-content\\\/uploads\\\/2024\\\/09\\\/Gerard-Munoz-scaled.jpeg\",\"width\":2560,\"height\":1920},{\"@type\":\"BreadcrumbList\",\"@id\":\"https:\\\/\\\/barcelona.euses.cat\\\/es\\\/el-dr-gerard-munoz-presenta-un-poster-en-el-congreso-anual-respiratorio-celebrado-en-viena\\\/#breadcrumb\",\"itemListElement\":[{\"@type\":\"ListItem\",\"position\":1,\"name\":\"Portada\",\"item\":\"https:\\\/\\\/barcelona.euses.cat\\\/es\\\/\"},{\"@type\":\"ListItem\",\"position\":2,\"name\":\"El Dr. Gerard Mu\u00f1oz presenta un p\u00f3ster en el congreso anual respiratorio celebrado en Viena\"}]},{\"@type\":\"WebSite\",\"@id\":\"https:\\\/\\\/barcelona.euses.cat\\\/ca\\\/#website\",\"url\":\"https:\\\/\\\/barcelona.euses.cat\\\/ca\\\/\",\"name\":\"EUSES - Campus de Bellvitge (Barcelona)\",\"description\":\"EUSES, Escuela Universitaria de Fisioterapia Internacional en Barcelona\",\"potentialAction\":[{\"@type\":\"SearchAction\",\"target\":{\"@type\":\"EntryPoint\",\"urlTemplate\":\"https:\\\/\\\/barcelona.euses.cat\\\/ca\\\/?s={search_term_string}\"},\"query-input\":{\"@type\":\"PropertyValueSpecification\",\"valueRequired\":true,\"valueName\":\"search_term_string\"}}],\"inLanguage\":\"es\"},{\"@type\":\"Person\",\"@id\":\"https:\\\/\\\/barcelona.euses.cat\\\/ca\\\/#\\\/schema\\\/person\\\/8ab46080dfc4814fa59383db317735bd\",\"name\":\"Jordi Danes\",\"image\":{\"@type\":\"ImageObject\",\"inLanguage\":\"es\",\"@id\":\"https:\\\/\\\/secure.gravatar.com\\\/avatar\\\/a9e4f443b594af225625ee8cfa665e41b1e0740ea34fbe0515b4ca559f8570ef?s=96&d=mm&r=g\",\"url\":\"https:\\\/\\\/secure.gravatar.com\\\/avatar\\\/a9e4f443b594af225625ee8cfa665e41b1e0740ea34fbe0515b4ca559f8570ef?s=96&d=mm&r=g\",\"contentUrl\":\"https:\\\/\\\/secure.gravatar.com\\\/avatar\\\/a9e4f443b594af225625ee8cfa665e41b1e0740ea34fbe0515b4ca559f8570ef?s=96&d=mm&r=g\",\"caption\":\"Jordi Danes\"},\"url\":\"https:\\\/\\\/barcelona.euses.cat\\\/es\\\/author\\\/jordi-danes\\\/\"}]}<\/script>\n<!-- \/ Yoast SEO plugin. -->","yoast_head_json":{"title":"El Dr. Gerard Mu\u00f1oz presenta un p\u00f3ster en el congreso anual respiratorio celebrado en Viena | EUSES - Campus de Bellvitge (Barcelona)","robots":{"index":"index","follow":"follow","max-snippet":"max-snippet:-1","max-image-preview":"max-image-preview:large","max-video-preview":"max-video-preview:-1"},"canonical":"https:\/\/barcelona.euses.cat\/es\/el-dr-gerard-munoz-presenta-un-poster-en-el-congreso-anual-respiratorio-celebrado-en-viena\/","og_locale":"es_ES","og_type":"article","og_title":"El Dr. Gerard Mu\u00f1oz presenta un p\u00f3ster en el congreso anual respiratorio celebrado en Viena | EUSES - Campus de Bellvitge (Barcelona)","og_description":"El director de Physiotherapy Barcelona y profesor del Grado en Fisioterapia del Campus de Salt, Dr. Gerard Mu\u00f1oz, ha participado este mes de septiembre en el congreso anual respiratorio (ERS) que se ha celebrado Viena entre los d\u00edas 7 y 11. El Dr. Gerard Mu\u00f1oz present\u00f3 el p\u00f3ster titulado: Ergometry and Thoracic Ultrasound to Evaluate [&hellip;]","og_url":"https:\/\/barcelona.euses.cat\/es\/el-dr-gerard-munoz-presenta-un-poster-en-el-congreso-anual-respiratorio-celebrado-en-viena\/","og_site_name":"EUSES - Campus de Bellvitge (Barcelona)","article_publisher":"https:\/\/www.facebook.com\/PhysioBCN\/","article_published_time":"2024-09-13T07:43:50+00:00","og_image":[{"width":2560,"height":1920,"url":"https:\/\/barcelona.euses.cat\/wp-content\/uploads\/2024\/09\/Gerard-Munoz-scaled.jpeg","type":"image\/jpeg"}],"author":"Jordi Danes","twitter_card":"summary_large_image","twitter_misc":{"Escrito por":"Jordi Danes","Tiempo de lectura":"1 minuto"},"schema":{"@context":"https:\/\/schema.org","@graph":[{"@type":"Article","@id":"https:\/\/barcelona.euses.cat\/es\/el-dr-gerard-munoz-presenta-un-poster-en-el-congreso-anual-respiratorio-celebrado-en-viena\/#article","isPartOf":{"@id":"https:\/\/barcelona.euses.cat\/es\/el-dr-gerard-munoz-presenta-un-poster-en-el-congreso-anual-respiratorio-celebrado-en-viena\/"},"author":{"name":"Jordi Danes","@id":"https:\/\/barcelona.euses.cat\/ca\/#\/schema\/person\/8ab46080dfc4814fa59383db317735bd"},"headline":"El Dr. Gerard Mu\u00f1oz presenta un p\u00f3ster en el congreso anual respiratorio celebrado en Viena","datePublished":"2024-09-13T07:43:50+00:00","mainEntityOfPage":{"@id":"https:\/\/barcelona.euses.cat\/es\/el-dr-gerard-munoz-presenta-un-poster-en-el-congreso-anual-respiratorio-celebrado-en-viena\/"},"wordCount":102,"commentCount":0,"image":{"@id":"https:\/\/barcelona.euses.cat\/es\/el-dr-gerard-munoz-presenta-un-poster-en-el-congreso-anual-respiratorio-celebrado-en-viena\/#primaryimage"},"thumbnailUrl":"https:\/\/barcelona.euses.cat\/wp-content\/uploads\/2024\/09\/Gerard-Munoz-scaled.jpeg","articleSection":["Sin categorizar"],"inLanguage":"es"},{"@type":"WebPage","@id":"https:\/\/barcelona.euses.cat\/es\/el-dr-gerard-munoz-presenta-un-poster-en-el-congreso-anual-respiratorio-celebrado-en-viena\/","url":"https:\/\/barcelona.euses.cat\/es\/el-dr-gerard-munoz-presenta-un-poster-en-el-congreso-anual-respiratorio-celebrado-en-viena\/","name":"El Dr. Gerard Mu\u00f1oz presenta un p\u00f3ster en el congreso anual respiratorio celebrado en Viena | EUSES - Campus de Bellvitge (Barcelona)","isPartOf":{"@id":"https:\/\/barcelona.euses.cat\/ca\/#website"},"primaryImageOfPage":{"@id":"https:\/\/barcelona.euses.cat\/es\/el-dr-gerard-munoz-presenta-un-poster-en-el-congreso-anual-respiratorio-celebrado-en-viena\/#primaryimage"},"image":{"@id":"https:\/\/barcelona.euses.cat\/es\/el-dr-gerard-munoz-presenta-un-poster-en-el-congreso-anual-respiratorio-celebrado-en-viena\/#primaryimage"},"thumbnailUrl":"https:\/\/barcelona.euses.cat\/wp-content\/uploads\/2024\/09\/Gerard-Munoz-scaled.jpeg","datePublished":"2024-09-13T07:43:50+00:00","author":{"@id":"https:\/\/barcelona.euses.cat\/ca\/#\/schema\/person\/8ab46080dfc4814fa59383db317735bd"},"breadcrumb":{"@id":"https:\/\/barcelona.euses.cat\/es\/el-dr-gerard-munoz-presenta-un-poster-en-el-congreso-anual-respiratorio-celebrado-en-viena\/#breadcrumb"},"inLanguage":"es","potentialAction":[{"@type":"ReadAction","target":["https:\/\/barcelona.euses.cat\/es\/el-dr-gerard-munoz-presenta-un-poster-en-el-congreso-anual-respiratorio-celebrado-en-viena\/"]}]},{"@type":"ImageObject","inLanguage":"es","@id":"https:\/\/barcelona.euses.cat\/es\/el-dr-gerard-munoz-presenta-un-poster-en-el-congreso-anual-respiratorio-celebrado-en-viena\/#primaryimage","url":"https:\/\/barcelona.euses.cat\/wp-content\/uploads\/2024\/09\/Gerard-Munoz-scaled.jpeg","contentUrl":"https:\/\/barcelona.euses.cat\/wp-content\/uploads\/2024\/09\/Gerard-Munoz-scaled.jpeg","width":2560,"height":1920},{"@type":"BreadcrumbList","@id":"https:\/\/barcelona.euses.cat\/es\/el-dr-gerard-munoz-presenta-un-poster-en-el-congreso-anual-respiratorio-celebrado-en-viena\/#breadcrumb","itemListElement":[{"@type":"ListItem","position":1,"name":"Portada","item":"https:\/\/barcelona.euses.cat\/es\/"},{"@type":"ListItem","position":2,"name":"El Dr. Gerard Mu\u00f1oz presenta un p\u00f3ster en el congreso anual respiratorio celebrado en Viena"}]},{"@type":"WebSite","@id":"https:\/\/barcelona.euses.cat\/ca\/#website","url":"https:\/\/barcelona.euses.cat\/ca\/","name":"EUSES - Campus de Bellvitge (Barcelona)","description":"EUSES, Escuela Universitaria de Fisioterapia Internacional en Barcelona","potentialAction":[{"@type":"SearchAction","target":{"@type":"EntryPoint","urlTemplate":"https:\/\/barcelona.euses.cat\/ca\/?s={search_term_string}"},"query-input":{"@type":"PropertyValueSpecification","valueRequired":true,"valueName":"search_term_string"}}],"inLanguage":"es"},{"@type":"Person","@id":"https:\/\/barcelona.euses.cat\/ca\/#\/schema\/person\/8ab46080dfc4814fa59383db317735bd","name":"Jordi Danes","image":{"@type":"ImageObject","inLanguage":"es","@id":"https:\/\/secure.gravatar.com\/avatar\/a9e4f443b594af225625ee8cfa665e41b1e0740ea34fbe0515b4ca559f8570ef?s=96&d=mm&r=g","url":"https:\/\/secure.gravatar.com\/avatar\/a9e4f443b594af225625ee8cfa665e41b1e0740ea34fbe0515b4ca559f8570ef?s=96&d=mm&r=g","contentUrl":"https:\/\/secure.gravatar.com\/avatar\/a9e4f443b594af225625ee8cfa665e41b1e0740ea34fbe0515b4ca559f8570ef?s=96&d=mm&r=g","caption":"Jordi Danes"},"url":"https:\/\/barcelona.euses.cat\/es\/author\/jordi-danes\/"}]}},"_links":{"self":[{"href":"https:\/\/barcelona.euses.cat\/es\/wp-json\/wp\/v2\/posts\/12127","targetHints":{"allow":["GET"]}}],"collection":[{"href":"https:\/\/barcelona.euses.cat\/es\/wp-json\/wp\/v2\/posts"}],"about":[{"href":"https:\/\/barcelona.euses.cat\/es\/wp-json\/wp\/v2\/types\/post"}],"author":[{"embeddable":true,"href":"https:\/\/barcelona.euses.cat\/es\/wp-json\/wp\/v2\/users\/3"}],"replies":[{"embeddable":true,"href":"https:\/\/barcelona.euses.cat\/es\/wp-json\/wp\/v2\/comments?post=12127"}],"version-history":[{"count":1,"href":"https:\/\/barcelona.euses.cat\/es\/wp-json\/wp\/v2\/posts\/12127\/revisions"}],"predecessor-version":[{"id":12128,"href":"https:\/\/barcelona.euses.cat\/es\/wp-json\/wp\/v2\/posts\/12127\/revisions\/12128"}],"wp:featuredmedia":[{"embeddable":true,"href":"https:\/\/barcelona.euses.cat\/es\/wp-json\/wp\/v2\/media\/12123"}],"wp:attachment":[{"href":"https:\/\/barcelona.euses.cat\/es\/wp-json\/wp\/v2\/media?parent=12127"}],"wp:term":[{"taxonomy":"category","embeddable":true,"href":"https:\/\/barcelona.euses.cat\/es\/wp-json\/wp\/v2\/categories?post=12127"},{"taxonomy":"post_tag","embeddable":true,"href":"https:\/\/barcelona.euses.cat\/es\/wp-json\/wp\/v2\/tags?post=12127"}],"curies":[{"name":"wp","href":"https:\/\/api.w.org\/{rel}","templated":true}]}}