{"id":12037,"date":"2024-06-27T16:27:14","date_gmt":"2024-06-27T14:27:14","guid":{"rendered":"https:\/\/barcelona.euses.cat\/?p=12037"},"modified":"2024-06-27T16:27:14","modified_gmt":"2024-06-27T14:27:14","slug":"la-6a-promocion-del-grado-en-fisioterapia-internacional-udg-ub-celebra-el-acto-de-graduacion-en-la-sala-paranimf","status":"publish","type":"post","link":"https:\/\/barcelona.euses.cat\/es\/la-6a-promocion-del-grado-en-fisioterapia-internacional-udg-ub-celebra-el-acto-de-graduacion-en-la-sala-paranimf\/","title":{"rendered":"La 6\u00aa Promoci\u00f3n del Grado en Fisioterapia Internacional (UdG-UB) celebra el acto de graduaci\u00f3n en la sala Paranimf"},"content":{"rendered":"<p>La sala Paranimf de la Universitat de Barcelona ha sido el escenario del Acto de Graduaci\u00f3n de la 6\u00aa Promoci\u00f3n del Grado en Fisioterapia Internacional (UdG-UB). De all\u00ed han salido unos cuarenta nuevos fisioterapeutas que iniciaron los estudios al Campus de Bellvitge en 2020 y que este jueves han recibido el diploma que los acredita como profesionales despu\u00e9s de cuatro a\u00f1os de esfuerzo.<\/p>\n<p>La ceremonia la ha abierto la delegada del rector para los centros adscritos de la UdG, Dra. Pilar Marqu\u00e8s. El discurso inicial ha dado paso a los parlamentos del Director Acad\u00e9mico de EUSES-UdG, Rafel Madriny\u00e0 y del Director del Grado en Fisioterapia, Dr. Gerard Mu\u00f1oz. Todos ellos han elogiado la perseverancia, actitud y dedicaci\u00f3n de esta promoci\u00f3n (2020\/2024) y han alentado los nuevos graduados a adentrarse en el campo profesional con la misma firmeza y ambici\u00f3n que lo han hecho durante su etapa universitaria. Por parte de los alumnos, ha tomado la palabra Thomas Vivona, que ha tenido tambi\u00e9n palabras de agradecimiento hacia el equipo docente, compa\u00f1eros y familiares.<\/p>\n<p>Los discursos han dejado paso a la entrega de diplomas, que ha sido el momento m\u00e1s celebrado de la ceremonia. Despu\u00e9s de esta entrega, ha vuelto a tomar la palabra para cerrar el acto la Dra. Pilar Marqu\u00e8s antes de que sonara en la sala el himno universitario, Gaudeamus Igitur.<\/p>\n<p><a href=\"https:\/\/www.facebook.com\/media\/set\/?vanity=EUSESoficial&amp;set=a.996186949128138\" target=\"_blank\" rel=\"noopener\">TODAS LAS FOTOGRAF\u00cdAS DEL ACTO DE GRADUACI\u00d3N. Fotos: FOTOGRUP<\/a><\/p>\n\n\t\t<style type=\"text\/css\">\n\t\t\t#gallery-1 {\n\t\t\t\tmargin: auto;\n\t\t\t}\n\t\t\t#gallery-1 .gallery-item {\n\t\t\t\tfloat: left;\n\t\t\t\tmargin-top: 10px;\n\t\t\t\ttext-align: center;\n\t\t\t\twidth: 33%;\n\t\t\t}\n\t\t\t#gallery-1 img {\n\t\t\t\tborder: 2px solid #cfcfcf;\n\t\t\t}\n\t\t\t#gallery-1 .gallery-caption {\n\t\t\t\tmargin-left: 0;\n\t\t\t}\n\t\t\t\/* see gallery_shortcode() in wp-includes\/media.php *\/\n\t\t<\/style>\n\t\t<div id='gallery-1' class='gallery galleryid-12037 gallery-columns-3 gallery-size-medium'><dl class='gallery-item'>\n\t\t\t<dt class='gallery-icon landscape'>\n\t\t\t\t<a href='https:\/\/barcelona.euses.cat\/es\/la-6a-promocion-del-grado-en-fisioterapia-internacional-udg-ub-celebra-el-acto-de-graduacion-en-la-sala-paranimf\/graduacio-bellvitge-48-2\/'><img fetchpriority=\"high\" decoding=\"async\" width=\"300\" height=\"200\" src=\"https:\/\/barcelona.euses.cat\/wp-content\/uploads\/2024\/06\/GRADUACIO-BELLVITGE-48-300x200.jpg\" class=\"attachment-medium size-medium\" alt=\"\" srcset=\"https:\/\/barcelona.euses.cat\/wp-content\/uploads\/2024\/06\/GRADUACIO-BELLVITGE-48-300x200.jpg 300w, https:\/\/barcelona.euses.cat\/wp-content\/uploads\/2024\/06\/GRADUACIO-BELLVITGE-48-1024x682.jpg 1024w, https:\/\/barcelona.euses.cat\/wp-content\/uploads\/2024\/06\/GRADUACIO-BELLVITGE-48-768x512.jpg 768w, https:\/\/barcelona.euses.cat\/wp-content\/uploads\/2024\/06\/GRADUACIO-BELLVITGE-48-400x267.jpg 400w, https:\/\/barcelona.euses.cat\/wp-content\/uploads\/2024\/06\/GRADUACIO-BELLVITGE-48.jpg 1535w\" sizes=\"(max-width: 300px) 100vw, 300px\" \/><\/a>\n\t\t\t<\/dt><\/dl><dl class='gallery-item'>\n\t\t\t<dt class='gallery-icon landscape'>\n\t\t\t\t<a href='https:\/\/barcelona.euses.cat\/es\/la-6a-promocion-del-grado-en-fisioterapia-internacional-udg-ub-celebra-el-acto-de-graduacion-en-la-sala-paranimf\/graduacio-bellvitge-77-2\/'><img decoding=\"async\" width=\"300\" height=\"200\" src=\"https:\/\/barcelona.euses.cat\/wp-content\/uploads\/2024\/06\/GRADUACIO-BELLVITGE-77-300x200.jpg\" class=\"attachment-medium size-medium\" alt=\"\" srcset=\"https:\/\/barcelona.euses.cat\/wp-content\/uploads\/2024\/06\/GRADUACIO-BELLVITGE-77-300x200.jpg 300w, https:\/\/barcelona.euses.cat\/wp-content\/uploads\/2024\/06\/GRADUACIO-BELLVITGE-77-1024x682.jpg 1024w, https:\/\/barcelona.euses.cat\/wp-content\/uploads\/2024\/06\/GRADUACIO-BELLVITGE-77-768x512.jpg 768w, https:\/\/barcelona.euses.cat\/wp-content\/uploads\/2024\/06\/GRADUACIO-BELLVITGE-77-400x267.jpg 400w, https:\/\/barcelona.euses.cat\/wp-content\/uploads\/2024\/06\/GRADUACIO-BELLVITGE-77.jpg 1535w\" sizes=\"(max-width: 300px) 100vw, 300px\" \/><\/a>\n\t\t\t<\/dt><\/dl><dl class='gallery-item'>\n\t\t\t<dt class='gallery-icon landscape'>\n\t\t\t\t<a href='https:\/\/barcelona.euses.cat\/es\/la-6a-promocion-del-grado-en-fisioterapia-internacional-udg-ub-celebra-el-acto-de-graduacion-en-la-sala-paranimf\/graduacio-bellvitge-87-2\/'><img decoding=\"async\" width=\"300\" height=\"200\" src=\"https:\/\/barcelona.euses.cat\/wp-content\/uploads\/2024\/06\/GRADUACIO-BELLVITGE-87-300x200.jpg\" class=\"attachment-medium size-medium\" alt=\"\" srcset=\"https:\/\/barcelona.euses.cat\/wp-content\/uploads\/2024\/06\/GRADUACIO-BELLVITGE-87-300x200.jpg 300w, https:\/\/barcelona.euses.cat\/wp-content\/uploads\/2024\/06\/GRADUACIO-BELLVITGE-87-1024x682.jpg 1024w, https:\/\/barcelona.euses.cat\/wp-content\/uploads\/2024\/06\/GRADUACIO-BELLVITGE-87-768x512.jpg 768w, https:\/\/barcelona.euses.cat\/wp-content\/uploads\/2024\/06\/GRADUACIO-BELLVITGE-87-400x267.jpg 400w, https:\/\/barcelona.euses.cat\/wp-content\/uploads\/2024\/06\/GRADUACIO-BELLVITGE-87.jpg 1535w\" sizes=\"(max-width: 300px) 100vw, 300px\" \/><\/a>\n\t\t\t<\/dt><\/dl><br style=\"clear: both\" \/><dl class='gallery-item'>\n\t\t\t<dt class='gallery-icon landscape'>\n\t\t\t\t<a href='https:\/\/barcelona.euses.cat\/es\/la-6a-promocion-del-grado-en-fisioterapia-internacional-udg-ub-celebra-el-acto-de-graduacion-en-la-sala-paranimf\/graduacio-bellvitge-100-2\/'><img loading=\"lazy\" decoding=\"async\" width=\"300\" height=\"200\" src=\"https:\/\/barcelona.euses.cat\/wp-content\/uploads\/2024\/06\/GRADUACIO-BELLVITGE-100-300x200.jpg\" class=\"attachment-medium size-medium\" alt=\"\" srcset=\"https:\/\/barcelona.euses.cat\/wp-content\/uploads\/2024\/06\/GRADUACIO-BELLVITGE-100-300x200.jpg 300w, https:\/\/barcelona.euses.cat\/wp-content\/uploads\/2024\/06\/GRADUACIO-BELLVITGE-100-1024x682.jpg 1024w, https:\/\/barcelona.euses.cat\/wp-content\/uploads\/2024\/06\/GRADUACIO-BELLVITGE-100-768x512.jpg 768w, https:\/\/barcelona.euses.cat\/wp-content\/uploads\/2024\/06\/GRADUACIO-BELLVITGE-100-400x267.jpg 400w, https:\/\/barcelona.euses.cat\/wp-content\/uploads\/2024\/06\/GRADUACIO-BELLVITGE-100.jpg 1535w\" sizes=\"(max-width: 300px) 100vw, 300px\" \/><\/a>\n\t\t\t<\/dt><\/dl><dl class='gallery-item'>\n\t\t\t<dt class='gallery-icon landscape'>\n\t\t\t\t<a href='https:\/\/barcelona.euses.cat\/es\/la-6a-promocion-del-grado-en-fisioterapia-internacional-udg-ub-celebra-el-acto-de-graduacion-en-la-sala-paranimf\/graduacio-bellvitge-103-2\/'><img loading=\"lazy\" decoding=\"async\" width=\"300\" height=\"200\" src=\"https:\/\/barcelona.euses.cat\/wp-content\/uploads\/2024\/06\/GRADUACIO-BELLVITGE-103-300x200.jpg\" class=\"attachment-medium size-medium\" alt=\"\" srcset=\"https:\/\/barcelona.euses.cat\/wp-content\/uploads\/2024\/06\/GRADUACIO-BELLVITGE-103-300x200.jpg 300w, https:\/\/barcelona.euses.cat\/wp-content\/uploads\/2024\/06\/GRADUACIO-BELLVITGE-103-1024x682.jpg 1024w, https:\/\/barcelona.euses.cat\/wp-content\/uploads\/2024\/06\/GRADUACIO-BELLVITGE-103-768x512.jpg 768w, https:\/\/barcelona.euses.cat\/wp-content\/uploads\/2024\/06\/GRADUACIO-BELLVITGE-103-400x267.jpg 400w, https:\/\/barcelona.euses.cat\/wp-content\/uploads\/2024\/06\/GRADUACIO-BELLVITGE-103.jpg 1535w\" sizes=\"(max-width: 300px) 100vw, 300px\" \/><\/a>\n\t\t\t<\/dt><\/dl><dl class='gallery-item'>\n\t\t\t<dt class='gallery-icon landscape'>\n\t\t\t\t<a href='https:\/\/barcelona.euses.cat\/es\/la-6a-promocion-del-grado-en-fisioterapia-internacional-udg-ub-celebra-el-acto-de-graduacion-en-la-sala-paranimf\/graduacio-bellvitge-235\/'><img loading=\"lazy\" decoding=\"async\" width=\"300\" height=\"200\" src=\"https:\/\/barcelona.euses.cat\/wp-content\/uploads\/2024\/06\/GRADUACIO-BELLVITGE-235-300x200.jpg\" class=\"attachment-medium size-medium\" alt=\"\" srcset=\"https:\/\/barcelona.euses.cat\/wp-content\/uploads\/2024\/06\/GRADUACIO-BELLVITGE-235-300x200.jpg 300w, https:\/\/barcelona.euses.cat\/wp-content\/uploads\/2024\/06\/GRADUACIO-BELLVITGE-235-1024x682.jpg 1024w, https:\/\/barcelona.euses.cat\/wp-content\/uploads\/2024\/06\/GRADUACIO-BELLVITGE-235-768x512.jpg 768w, https:\/\/barcelona.euses.cat\/wp-content\/uploads\/2024\/06\/GRADUACIO-BELLVITGE-235-400x267.jpg 400w, https:\/\/barcelona.euses.cat\/wp-content\/uploads\/2024\/06\/GRADUACIO-BELLVITGE-235.jpg 1535w\" sizes=\"(max-width: 300px) 100vw, 300px\" \/><\/a>\n\t\t\t<\/dt><\/dl><br style=\"clear: both\" \/>\n\t\t<\/div>\n\n","protected":false},"excerpt":{"rendered":"<p>La sala Paranimf de la Universitat de Barcelona ha sido el escenario del Acto de Graduaci\u00f3n de la 6\u00aa Promoci\u00f3n del Grado en Fisioterapia Internacional (UdG-UB). De all\u00ed han salido unos cuarenta nuevos fisioterapeutas que iniciaron los estudios al Campus de Bellvitge en 2020 y que este jueves han recibido el diploma que los acredita [&hellip;]<\/p>\n","protected":false},"author":3,"featured_media":12035,"comment_status":"open","ping_status":"closed","sticky":false,"template":"","format":"standard","meta":{"_acf_changed":false,"inline_featured_image":false,"_joinchat":[],"footnotes":""},"categories":[1],"tags":[],"class_list":["post-12037","post","type-post","status-publish","format-standard","has-post-thumbnail","hentry","category-sin-categorizar"],"acf":[],"yoast_head":"<!-- This site is optimized with the Yoast SEO plugin v27.4 - https:\/\/yoast.com\/product\/yoast-seo-wordpress\/ -->\n<title>La 6\u00aa Promoci\u00f3n del Grado en Fisioterapia Internacional (UdG-UB) celebra el acto de graduaci\u00f3n en la sala Paranimf | EUSES - Campus de Bellvitge (Barcelona)<\/title>\n<meta name=\"robots\" content=\"index, follow, max-snippet:-1, max-image-preview:large, max-video-preview:-1\" \/>\n<link rel=\"canonical\" href=\"https:\/\/barcelona.euses.cat\/es\/la-6a-promocion-del-grado-en-fisioterapia-internacional-udg-ub-celebra-el-acto-de-graduacion-en-la-sala-paranimf\/\" \/>\n<meta property=\"og:locale\" content=\"es_ES\" \/>\n<meta property=\"og:type\" content=\"article\" \/>\n<meta property=\"og:title\" content=\"La 6\u00aa Promoci\u00f3n del Grado en Fisioterapia Internacional (UdG-UB) celebra el acto de graduaci\u00f3n en la sala Paranimf | EUSES - Campus de Bellvitge (Barcelona)\" \/>\n<meta property=\"og:description\" content=\"La sala Paranimf de la Universitat de Barcelona ha sido el escenario del Acto de Graduaci\u00f3n de la 6\u00aa Promoci\u00f3n del Grado en Fisioterapia Internacional (UdG-UB). De all\u00ed han salido unos cuarenta nuevos fisioterapeutas que iniciaron los estudios al Campus de Bellvitge en 2020 y que este jueves han recibido el diploma que los acredita [&hellip;]\" \/>\n<meta property=\"og:url\" content=\"https:\/\/barcelona.euses.cat\/es\/la-6a-promocion-del-grado-en-fisioterapia-internacional-udg-ub-celebra-el-acto-de-graduacion-en-la-sala-paranimf\/\" \/>\n<meta property=\"og:site_name\" content=\"EUSES - Campus de Bellvitge (Barcelona)\" \/>\n<meta property=\"article:publisher\" content=\"https:\/\/www.facebook.com\/PhysioBCN\/\" \/>\n<meta property=\"article:published_time\" content=\"2024-06-27T14:27:14+00:00\" \/>\n<meta property=\"og:image\" content=\"https:\/\/barcelona.euses.cat\/wp-content\/uploads\/2024\/06\/GRADUACIO-BELLVITGE-233.jpg\" \/>\n\t<meta property=\"og:image:width\" content=\"1535\" \/>\n\t<meta property=\"og:image:height\" content=\"1023\" \/>\n\t<meta property=\"og:image:type\" content=\"image\/jpeg\" \/>\n<meta name=\"author\" content=\"Jordi Danes\" \/>\n<meta name=\"twitter:card\" content=\"summary_large_image\" \/>\n<meta name=\"twitter:label1\" content=\"Escrito por\" \/>\n\t<meta name=\"twitter:data1\" content=\"Jordi Danes\" \/>\n\t<meta name=\"twitter:label2\" content=\"Tiempo de lectura\" \/>\n\t<meta name=\"twitter:data2\" content=\"2 minutos\" \/>\n<script type=\"application\/ld+json\" class=\"yoast-schema-graph\">{\"@context\":\"https:\\\/\\\/schema.org\",\"@graph\":[{\"@type\":\"Article\",\"@id\":\"https:\\\/\\\/barcelona.euses.cat\\\/es\\\/la-6a-promocion-del-grado-en-fisioterapia-internacional-udg-ub-celebra-el-acto-de-graduacion-en-la-sala-paranimf\\\/#article\",\"isPartOf\":{\"@id\":\"https:\\\/\\\/barcelona.euses.cat\\\/es\\\/la-6a-promocion-del-grado-en-fisioterapia-internacional-udg-ub-celebra-el-acto-de-graduacion-en-la-sala-paranimf\\\/\"},\"author\":{\"name\":\"Jordi Danes\",\"@id\":\"https:\\\/\\\/barcelona.euses.cat\\\/ca\\\/#\\\/schema\\\/person\\\/8ab46080dfc4814fa59383db317735bd\"},\"headline\":\"La 6\u00aa Promoci\u00f3n del Grado en Fisioterapia Internacional (UdG-UB) celebra el acto de graduaci\u00f3n en la sala Paranimf\",\"datePublished\":\"2024-06-27T14:27:14+00:00\",\"mainEntityOfPage\":{\"@id\":\"https:\\\/\\\/barcelona.euses.cat\\\/es\\\/la-6a-promocion-del-grado-en-fisioterapia-internacional-udg-ub-celebra-el-acto-de-graduacion-en-la-sala-paranimf\\\/\"},\"wordCount\":268,\"commentCount\":0,\"image\":{\"@id\":\"https:\\\/\\\/barcelona.euses.cat\\\/es\\\/la-6a-promocion-del-grado-en-fisioterapia-internacional-udg-ub-celebra-el-acto-de-graduacion-en-la-sala-paranimf\\\/#primaryimage\"},\"thumbnailUrl\":\"https:\\\/\\\/barcelona.euses.cat\\\/wp-content\\\/uploads\\\/2024\\\/06\\\/GRADUACIO-BELLVITGE-233.jpg\",\"articleSection\":[\"Sin categorizar\"],\"inLanguage\":\"es\"},{\"@type\":\"WebPage\",\"@id\":\"https:\\\/\\\/barcelona.euses.cat\\\/es\\\/la-6a-promocion-del-grado-en-fisioterapia-internacional-udg-ub-celebra-el-acto-de-graduacion-en-la-sala-paranimf\\\/\",\"url\":\"https:\\\/\\\/barcelona.euses.cat\\\/es\\\/la-6a-promocion-del-grado-en-fisioterapia-internacional-udg-ub-celebra-el-acto-de-graduacion-en-la-sala-paranimf\\\/\",\"name\":\"La 6\u00aa Promoci\u00f3n del Grado en Fisioterapia Internacional (UdG-UB) celebra el acto de graduaci\u00f3n en la sala Paranimf | EUSES - Campus de Bellvitge (Barcelona)\",\"isPartOf\":{\"@id\":\"https:\\\/\\\/barcelona.euses.cat\\\/ca\\\/#website\"},\"primaryImageOfPage\":{\"@id\":\"https:\\\/\\\/barcelona.euses.cat\\\/es\\\/la-6a-promocion-del-grado-en-fisioterapia-internacional-udg-ub-celebra-el-acto-de-graduacion-en-la-sala-paranimf\\\/#primaryimage\"},\"image\":{\"@id\":\"https:\\\/\\\/barcelona.euses.cat\\\/es\\\/la-6a-promocion-del-grado-en-fisioterapia-internacional-udg-ub-celebra-el-acto-de-graduacion-en-la-sala-paranimf\\\/#primaryimage\"},\"thumbnailUrl\":\"https:\\\/\\\/barcelona.euses.cat\\\/wp-content\\\/uploads\\\/2024\\\/06\\\/GRADUACIO-BELLVITGE-233.jpg\",\"datePublished\":\"2024-06-27T14:27:14+00:00\",\"author\":{\"@id\":\"https:\\\/\\\/barcelona.euses.cat\\\/ca\\\/#\\\/schema\\\/person\\\/8ab46080dfc4814fa59383db317735bd\"},\"breadcrumb\":{\"@id\":\"https:\\\/\\\/barcelona.euses.cat\\\/es\\\/la-6a-promocion-del-grado-en-fisioterapia-internacional-udg-ub-celebra-el-acto-de-graduacion-en-la-sala-paranimf\\\/#breadcrumb\"},\"inLanguage\":\"es\",\"potentialAction\":[{\"@type\":\"ReadAction\",\"target\":[\"https:\\\/\\\/barcelona.euses.cat\\\/es\\\/la-6a-promocion-del-grado-en-fisioterapia-internacional-udg-ub-celebra-el-acto-de-graduacion-en-la-sala-paranimf\\\/\"]}]},{\"@type\":\"ImageObject\",\"inLanguage\":\"es\",\"@id\":\"https:\\\/\\\/barcelona.euses.cat\\\/es\\\/la-6a-promocion-del-grado-en-fisioterapia-internacional-udg-ub-celebra-el-acto-de-graduacion-en-la-sala-paranimf\\\/#primaryimage\",\"url\":\"https:\\\/\\\/barcelona.euses.cat\\\/wp-content\\\/uploads\\\/2024\\\/06\\\/GRADUACIO-BELLVITGE-233.jpg\",\"contentUrl\":\"https:\\\/\\\/barcelona.euses.cat\\\/wp-content\\\/uploads\\\/2024\\\/06\\\/GRADUACIO-BELLVITGE-233.jpg\",\"width\":1535,\"height\":1023},{\"@type\":\"BreadcrumbList\",\"@id\":\"https:\\\/\\\/barcelona.euses.cat\\\/es\\\/la-6a-promocion-del-grado-en-fisioterapia-internacional-udg-ub-celebra-el-acto-de-graduacion-en-la-sala-paranimf\\\/#breadcrumb\",\"itemListElement\":[{\"@type\":\"ListItem\",\"position\":1,\"name\":\"Portada\",\"item\":\"https:\\\/\\\/barcelona.euses.cat\\\/es\\\/\"},{\"@type\":\"ListItem\",\"position\":2,\"name\":\"La 6\u00aa Promoci\u00f3n del Grado en Fisioterapia Internacional (UdG-UB) celebra el acto de graduaci\u00f3n en la sala Paranimf\"}]},{\"@type\":\"WebSite\",\"@id\":\"https:\\\/\\\/barcelona.euses.cat\\\/ca\\\/#website\",\"url\":\"https:\\\/\\\/barcelona.euses.cat\\\/ca\\\/\",\"name\":\"EUSES - Campus de Bellvitge (Barcelona)\",\"description\":\"EUSES, Escuela Universitaria de Fisioterapia Internacional en Barcelona\",\"potentialAction\":[{\"@type\":\"SearchAction\",\"target\":{\"@type\":\"EntryPoint\",\"urlTemplate\":\"https:\\\/\\\/barcelona.euses.cat\\\/ca\\\/?s={search_term_string}\"},\"query-input\":{\"@type\":\"PropertyValueSpecification\",\"valueRequired\":true,\"valueName\":\"search_term_string\"}}],\"inLanguage\":\"es\"},{\"@type\":\"Person\",\"@id\":\"https:\\\/\\\/barcelona.euses.cat\\\/ca\\\/#\\\/schema\\\/person\\\/8ab46080dfc4814fa59383db317735bd\",\"name\":\"Jordi Danes\",\"image\":{\"@type\":\"ImageObject\",\"inLanguage\":\"es\",\"@id\":\"https:\\\/\\\/secure.gravatar.com\\\/avatar\\\/a9e4f443b594af225625ee8cfa665e41b1e0740ea34fbe0515b4ca559f8570ef?s=96&d=mm&r=g\",\"url\":\"https:\\\/\\\/secure.gravatar.com\\\/avatar\\\/a9e4f443b594af225625ee8cfa665e41b1e0740ea34fbe0515b4ca559f8570ef?s=96&d=mm&r=g\",\"contentUrl\":\"https:\\\/\\\/secure.gravatar.com\\\/avatar\\\/a9e4f443b594af225625ee8cfa665e41b1e0740ea34fbe0515b4ca559f8570ef?s=96&d=mm&r=g\",\"caption\":\"Jordi Danes\"},\"url\":\"https:\\\/\\\/barcelona.euses.cat\\\/es\\\/author\\\/jordi-danes\\\/\"}]}<\/script>\n<!-- \/ Yoast SEO plugin. -->","yoast_head_json":{"title":"La 6\u00aa Promoci\u00f3n del Grado en Fisioterapia Internacional (UdG-UB) celebra el acto de graduaci\u00f3n en la sala Paranimf | EUSES - Campus de Bellvitge (Barcelona)","robots":{"index":"index","follow":"follow","max-snippet":"max-snippet:-1","max-image-preview":"max-image-preview:large","max-video-preview":"max-video-preview:-1"},"canonical":"https:\/\/barcelona.euses.cat\/es\/la-6a-promocion-del-grado-en-fisioterapia-internacional-udg-ub-celebra-el-acto-de-graduacion-en-la-sala-paranimf\/","og_locale":"es_ES","og_type":"article","og_title":"La 6\u00aa Promoci\u00f3n del Grado en Fisioterapia Internacional (UdG-UB) celebra el acto de graduaci\u00f3n en la sala Paranimf | EUSES - Campus de Bellvitge (Barcelona)","og_description":"La sala Paranimf de la Universitat de Barcelona ha sido el escenario del Acto de Graduaci\u00f3n de la 6\u00aa Promoci\u00f3n del Grado en Fisioterapia Internacional (UdG-UB). De all\u00ed han salido unos cuarenta nuevos fisioterapeutas que iniciaron los estudios al Campus de Bellvitge en 2020 y que este jueves han recibido el diploma que los acredita [&hellip;]","og_url":"https:\/\/barcelona.euses.cat\/es\/la-6a-promocion-del-grado-en-fisioterapia-internacional-udg-ub-celebra-el-acto-de-graduacion-en-la-sala-paranimf\/","og_site_name":"EUSES - Campus de Bellvitge (Barcelona)","article_publisher":"https:\/\/www.facebook.com\/PhysioBCN\/","article_published_time":"2024-06-27T14:27:14+00:00","og_image":[{"width":1535,"height":1023,"url":"https:\/\/barcelona.euses.cat\/wp-content\/uploads\/2024\/06\/GRADUACIO-BELLVITGE-233.jpg","type":"image\/jpeg"}],"author":"Jordi Danes","twitter_card":"summary_large_image","twitter_misc":{"Escrito por":"Jordi Danes","Tiempo de lectura":"2 minutos"},"schema":{"@context":"https:\/\/schema.org","@graph":[{"@type":"Article","@id":"https:\/\/barcelona.euses.cat\/es\/la-6a-promocion-del-grado-en-fisioterapia-internacional-udg-ub-celebra-el-acto-de-graduacion-en-la-sala-paranimf\/#article","isPartOf":{"@id":"https:\/\/barcelona.euses.cat\/es\/la-6a-promocion-del-grado-en-fisioterapia-internacional-udg-ub-celebra-el-acto-de-graduacion-en-la-sala-paranimf\/"},"author":{"name":"Jordi Danes","@id":"https:\/\/barcelona.euses.cat\/ca\/#\/schema\/person\/8ab46080dfc4814fa59383db317735bd"},"headline":"La 6\u00aa Promoci\u00f3n del Grado en Fisioterapia Internacional (UdG-UB) celebra el acto de graduaci\u00f3n en la sala Paranimf","datePublished":"2024-06-27T14:27:14+00:00","mainEntityOfPage":{"@id":"https:\/\/barcelona.euses.cat\/es\/la-6a-promocion-del-grado-en-fisioterapia-internacional-udg-ub-celebra-el-acto-de-graduacion-en-la-sala-paranimf\/"},"wordCount":268,"commentCount":0,"image":{"@id":"https:\/\/barcelona.euses.cat\/es\/la-6a-promocion-del-grado-en-fisioterapia-internacional-udg-ub-celebra-el-acto-de-graduacion-en-la-sala-paranimf\/#primaryimage"},"thumbnailUrl":"https:\/\/barcelona.euses.cat\/wp-content\/uploads\/2024\/06\/GRADUACIO-BELLVITGE-233.jpg","articleSection":["Sin categorizar"],"inLanguage":"es"},{"@type":"WebPage","@id":"https:\/\/barcelona.euses.cat\/es\/la-6a-promocion-del-grado-en-fisioterapia-internacional-udg-ub-celebra-el-acto-de-graduacion-en-la-sala-paranimf\/","url":"https:\/\/barcelona.euses.cat\/es\/la-6a-promocion-del-grado-en-fisioterapia-internacional-udg-ub-celebra-el-acto-de-graduacion-en-la-sala-paranimf\/","name":"La 6\u00aa Promoci\u00f3n del Grado en Fisioterapia Internacional (UdG-UB) celebra el acto de graduaci\u00f3n en la sala Paranimf | EUSES - Campus de Bellvitge (Barcelona)","isPartOf":{"@id":"https:\/\/barcelona.euses.cat\/ca\/#website"},"primaryImageOfPage":{"@id":"https:\/\/barcelona.euses.cat\/es\/la-6a-promocion-del-grado-en-fisioterapia-internacional-udg-ub-celebra-el-acto-de-graduacion-en-la-sala-paranimf\/#primaryimage"},"image":{"@id":"https:\/\/barcelona.euses.cat\/es\/la-6a-promocion-del-grado-en-fisioterapia-internacional-udg-ub-celebra-el-acto-de-graduacion-en-la-sala-paranimf\/#primaryimage"},"thumbnailUrl":"https:\/\/barcelona.euses.cat\/wp-content\/uploads\/2024\/06\/GRADUACIO-BELLVITGE-233.jpg","datePublished":"2024-06-27T14:27:14+00:00","author":{"@id":"https:\/\/barcelona.euses.cat\/ca\/#\/schema\/person\/8ab46080dfc4814fa59383db317735bd"},"breadcrumb":{"@id":"https:\/\/barcelona.euses.cat\/es\/la-6a-promocion-del-grado-en-fisioterapia-internacional-udg-ub-celebra-el-acto-de-graduacion-en-la-sala-paranimf\/#breadcrumb"},"inLanguage":"es","potentialAction":[{"@type":"ReadAction","target":["https:\/\/barcelona.euses.cat\/es\/la-6a-promocion-del-grado-en-fisioterapia-internacional-udg-ub-celebra-el-acto-de-graduacion-en-la-sala-paranimf\/"]}]},{"@type":"ImageObject","inLanguage":"es","@id":"https:\/\/barcelona.euses.cat\/es\/la-6a-promocion-del-grado-en-fisioterapia-internacional-udg-ub-celebra-el-acto-de-graduacion-en-la-sala-paranimf\/#primaryimage","url":"https:\/\/barcelona.euses.cat\/wp-content\/uploads\/2024\/06\/GRADUACIO-BELLVITGE-233.jpg","contentUrl":"https:\/\/barcelona.euses.cat\/wp-content\/uploads\/2024\/06\/GRADUACIO-BELLVITGE-233.jpg","width":1535,"height":1023},{"@type":"BreadcrumbList","@id":"https:\/\/barcelona.euses.cat\/es\/la-6a-promocion-del-grado-en-fisioterapia-internacional-udg-ub-celebra-el-acto-de-graduacion-en-la-sala-paranimf\/#breadcrumb","itemListElement":[{"@type":"ListItem","position":1,"name":"Portada","item":"https:\/\/barcelona.euses.cat\/es\/"},{"@type":"ListItem","position":2,"name":"La 6\u00aa Promoci\u00f3n del Grado en Fisioterapia Internacional (UdG-UB) celebra el acto de graduaci\u00f3n en la sala Paranimf"}]},{"@type":"WebSite","@id":"https:\/\/barcelona.euses.cat\/ca\/#website","url":"https:\/\/barcelona.euses.cat\/ca\/","name":"EUSES - Campus de Bellvitge (Barcelona)","description":"EUSES, Escuela Universitaria de Fisioterapia Internacional en Barcelona","potentialAction":[{"@type":"SearchAction","target":{"@type":"EntryPoint","urlTemplate":"https:\/\/barcelona.euses.cat\/ca\/?s={search_term_string}"},"query-input":{"@type":"PropertyValueSpecification","valueRequired":true,"valueName":"search_term_string"}}],"inLanguage":"es"},{"@type":"Person","@id":"https:\/\/barcelona.euses.cat\/ca\/#\/schema\/person\/8ab46080dfc4814fa59383db317735bd","name":"Jordi Danes","image":{"@type":"ImageObject","inLanguage":"es","@id":"https:\/\/secure.gravatar.com\/avatar\/a9e4f443b594af225625ee8cfa665e41b1e0740ea34fbe0515b4ca559f8570ef?s=96&d=mm&r=g","url":"https:\/\/secure.gravatar.com\/avatar\/a9e4f443b594af225625ee8cfa665e41b1e0740ea34fbe0515b4ca559f8570ef?s=96&d=mm&r=g","contentUrl":"https:\/\/secure.gravatar.com\/avatar\/a9e4f443b594af225625ee8cfa665e41b1e0740ea34fbe0515b4ca559f8570ef?s=96&d=mm&r=g","caption":"Jordi Danes"},"url":"https:\/\/barcelona.euses.cat\/es\/author\/jordi-danes\/"}]}},"_links":{"self":[{"href":"https:\/\/barcelona.euses.cat\/es\/wp-json\/wp\/v2\/posts\/12037","targetHints":{"allow":["GET"]}}],"collection":[{"href":"https:\/\/barcelona.euses.cat\/es\/wp-json\/wp\/v2\/posts"}],"about":[{"href":"https:\/\/barcelona.euses.cat\/es\/wp-json\/wp\/v2\/types\/post"}],"author":[{"embeddable":true,"href":"https:\/\/barcelona.euses.cat\/es\/wp-json\/wp\/v2\/users\/3"}],"replies":[{"embeddable":true,"href":"https:\/\/barcelona.euses.cat\/es\/wp-json\/wp\/v2\/comments?post=12037"}],"version-history":[{"count":2,"href":"https:\/\/barcelona.euses.cat\/es\/wp-json\/wp\/v2\/posts\/12037\/revisions"}],"predecessor-version":[{"id":12050,"href":"https:\/\/barcelona.euses.cat\/es\/wp-json\/wp\/v2\/posts\/12037\/revisions\/12050"}],"wp:featuredmedia":[{"embeddable":true,"href":"https:\/\/barcelona.euses.cat\/es\/wp-json\/wp\/v2\/media\/12035"}],"wp:attachment":[{"href":"https:\/\/barcelona.euses.cat\/es\/wp-json\/wp\/v2\/media?parent=12037"}],"wp:term":[{"taxonomy":"category","embeddable":true,"href":"https:\/\/barcelona.euses.cat\/es\/wp-json\/wp\/v2\/categories?post=12037"},{"taxonomy":"post_tag","embeddable":true,"href":"https:\/\/barcelona.euses.cat\/es\/wp-json\/wp\/v2\/tags?post=12037"}],"curies":[{"name":"wp","href":"https:\/\/api.w.org\/{rel}","templated":true}]}}