{"id":11841,"date":"2024-04-18T23:52:28","date_gmt":"2024-04-18T21:52:28","guid":{"rendered":"https:\/\/barcelona.euses.cat\/?p=11841"},"modified":"2024-04-18T23:52:28","modified_gmt":"2024-04-18T21:52:28","slug":"el-talent-day-de-euses-cierra-su-cuarta-edicion-con-unas-cifras-optimas-y-todos-los-objetivos-logrados","status":"publish","type":"post","link":"https:\/\/barcelona.euses.cat\/es\/el-talent-day-de-euses-cierra-su-cuarta-edicion-con-unas-cifras-optimas-y-todos-los-objetivos-logrados\/","title":{"rendered":"El Talent Day de EUSES cierra su cuarta edici\u00f3n con unas cifras \u00f3ptimas y todos los objetivos logrados"},"content":{"rendered":"<p>La Feria Virtual de la Ocupaci\u00f3n y Orientaci\u00f3n Profesional de la Escola Universit\u00e0ria de la Salut i l\u2019Esport puso punto y final a su cuarta edici\u00f3n habiendo logrado todos los objetivos marcados y con unas cifras \u00f3ptimas de participaci\u00f3n. El Talent Day, que ha tenido su centro neur\u00e1lgico en el Campus de Salt pero que se ha podido seguir virtualmente desde los otros campus del grupo (Terres de l\u2019Ebre y Bellvitge), ha superado los n\u00fameros de las pasadas ediciones y desde la organizaci\u00f3n, EUSES Alumni, ya se tiene la mirada puesta sobre los nuevos retos a lograr para la pr\u00f3xima edici\u00f3n.<\/p>\n<p>El seguimiento de la Feria por parte de los estudiantes de EUSES (especialmente los de cuarto curso, que son quienes a partir del verano se graduar\u00e1n y har\u00e1n la incursi\u00f3n al mercado laboral, pero tambi\u00e9n los asociados a Alumni y estudiantes de 1\u00ba, 2\u00ba y 3\u00ba curso) ha sido muy alto. La organizaci\u00f3n ha puesto a su alcance todas las conferencias y mesas redondas que ha dise\u00f1ado con tem\u00e1ticas de rigurosa actualidad. Los estudiantes han podido visitar los 48 estands donde clubes, empresas y centros, tanto del pa\u00eds como del extranjero, se han dado a conocer y han presentado un total de 134 ofertas de trabajo. Precisamente, estas ofertas han sido el destino m\u00e1s concurrido por parte de los alumnos, que han podido presentar curr\u00edculums y realizar entrevistas de trabajo por videoconferencia.<\/p>\n<p>Adem\u00e1s de la potente bolsa de trabajo donde el alumnado ha tenido acceso, hay que destacar las seis ponencias y dos mesas redondas que EUSES Alumni ha organizado. Todas han sido relacionadas pensando en el futuro inmediato de sus graduados. De hecho, la Escola Universit\u00e0ria de la Salut i l\u2019Esport es una de las universidades donde la inserci\u00f3n laboral de sus graduados supera el 95%, cosa que consolida el centro como una de las plataformas m\u00e1s fiables de caras a hacer el salto del mundo educativo al profesional.<\/p>\n\n\t\t<style type=\"text\/css\">\n\t\t\t#gallery-1 {\n\t\t\t\tmargin: auto;\n\t\t\t}\n\t\t\t#gallery-1 .gallery-item {\n\t\t\t\tfloat: left;\n\t\t\t\tmargin-top: 10px;\n\t\t\t\ttext-align: center;\n\t\t\t\twidth: 33%;\n\t\t\t}\n\t\t\t#gallery-1 img {\n\t\t\t\tborder: 2px solid #cfcfcf;\n\t\t\t}\n\t\t\t#gallery-1 .gallery-caption {\n\t\t\t\tmargin-left: 0;\n\t\t\t}\n\t\t\t\/* see gallery_shortcode() in wp-includes\/media.php *\/\n\t\t<\/style>\n\t\t<div id='gallery-1' class='gallery galleryid-11841 gallery-columns-3 gallery-size-medium'><dl class='gallery-item'>\n\t\t\t<dt class='gallery-icon landscape'>\n\t\t\t\t<a href='https:\/\/barcelona.euses.cat\/es\/el-talent-day-de-euses-cierra-su-cuarta-edicion-con-unas-cifras-optimas-y-todos-los-objetivos-logrados\/talent-day-1-2-2\/'><img fetchpriority=\"high\" decoding=\"async\" width=\"300\" height=\"174\" src=\"https:\/\/barcelona.euses.cat\/wp-content\/uploads\/2024\/04\/talent-day-1-300x174.jpg\" class=\"attachment-medium size-medium\" alt=\"\" srcset=\"https:\/\/barcelona.euses.cat\/wp-content\/uploads\/2024\/04\/talent-day-1-300x174.jpg 300w, https:\/\/barcelona.euses.cat\/wp-content\/uploads\/2024\/04\/talent-day-1-344x200.jpg 344w, https:\/\/barcelona.euses.cat\/wp-content\/uploads\/2024\/04\/talent-day-1.jpg 631w\" sizes=\"(max-width: 300px) 100vw, 300px\" \/><\/a>\n\t\t\t<\/dt><\/dl><dl class='gallery-item'>\n\t\t\t<dt class='gallery-icon landscape'>\n\t\t\t\t<a href='https:\/\/barcelona.euses.cat\/es\/el-talent-day-de-euses-cierra-su-cuarta-edicion-con-unas-cifras-optimas-y-todos-los-objetivos-logrados\/talent-day-1-3-2\/'><img decoding=\"async\" width=\"300\" height=\"165\" src=\"https:\/\/barcelona.euses.cat\/wp-content\/uploads\/2024\/04\/talent-day-1-300x165.png\" class=\"attachment-medium size-medium\" alt=\"\" srcset=\"https:\/\/barcelona.euses.cat\/wp-content\/uploads\/2024\/04\/talent-day-1-300x165.png 300w, https:\/\/barcelona.euses.cat\/wp-content\/uploads\/2024\/04\/talent-day-1-1024x562.png 1024w, https:\/\/barcelona.euses.cat\/wp-content\/uploads\/2024\/04\/talent-day-1-768x421.png 768w, https:\/\/barcelona.euses.cat\/wp-content\/uploads\/2024\/04\/talent-day-1-350x192.png 350w, https:\/\/barcelona.euses.cat\/wp-content\/uploads\/2024\/04\/talent-day-1.png 1280w\" sizes=\"(max-width: 300px) 100vw, 300px\" \/><\/a>\n\t\t\t<\/dt><\/dl><dl class='gallery-item'>\n\t\t\t<dt class='gallery-icon landscape'>\n\t\t\t\t<a href='https:\/\/barcelona.euses.cat\/es\/el-talent-day-de-euses-cierra-su-cuarta-edicion-con-unas-cifras-optimas-y-todos-los-objetivos-logrados\/talent-day-2-2-2\/'><img decoding=\"async\" width=\"300\" height=\"225\" src=\"https:\/\/barcelona.euses.cat\/wp-content\/uploads\/2024\/04\/talent-day-2-300x225.jpg\" class=\"attachment-medium size-medium\" alt=\"\" srcset=\"https:\/\/barcelona.euses.cat\/wp-content\/uploads\/2024\/04\/talent-day-2-300x225.jpg 300w, https:\/\/barcelona.euses.cat\/wp-content\/uploads\/2024\/04\/talent-day-2-267x200.jpg 267w, https:\/\/barcelona.euses.cat\/wp-content\/uploads\/2024\/04\/talent-day-2.jpg 640w\" sizes=\"(max-width: 300px) 100vw, 300px\" \/><\/a>\n\t\t\t<\/dt><\/dl><br style=\"clear: both\" \/><dl class='gallery-item'>\n\t\t\t<dt class='gallery-icon landscape'>\n\t\t\t\t<a href='https:\/\/barcelona.euses.cat\/es\/el-talent-day-de-euses-cierra-su-cuarta-edicion-con-unas-cifras-optimas-y-todos-los-objetivos-logrados\/talent-day-2-3-2\/'><img loading=\"lazy\" decoding=\"async\" width=\"300\" height=\"189\" src=\"https:\/\/barcelona.euses.cat\/wp-content\/uploads\/2024\/04\/talent-day-2-300x189.png\" class=\"attachment-medium size-medium\" alt=\"\" srcset=\"https:\/\/barcelona.euses.cat\/wp-content\/uploads\/2024\/04\/talent-day-2-300x189.png 300w, https:\/\/barcelona.euses.cat\/wp-content\/uploads\/2024\/04\/talent-day-2-1024x646.png 1024w, https:\/\/barcelona.euses.cat\/wp-content\/uploads\/2024\/04\/talent-day-2-768x484.png 768w, https:\/\/barcelona.euses.cat\/wp-content\/uploads\/2024\/04\/talent-day-2-317x200.png 317w, https:\/\/barcelona.euses.cat\/wp-content\/uploads\/2024\/04\/talent-day-2.png 1372w\" sizes=\"(max-width: 300px) 100vw, 300px\" \/><\/a>\n\t\t\t<\/dt><\/dl><dl class='gallery-item'>\n\t\t\t<dt class='gallery-icon landscape'>\n\t\t\t\t<a href='https:\/\/barcelona.euses.cat\/es\/el-talent-day-de-euses-cierra-su-cuarta-edicion-con-unas-cifras-optimas-y-todos-los-objetivos-logrados\/talent-day-3-2-2\/'><img loading=\"lazy\" decoding=\"async\" width=\"300\" height=\"225\" src=\"https:\/\/barcelona.euses.cat\/wp-content\/uploads\/2024\/04\/talent-day-3-300x225.jpg\" class=\"attachment-medium size-medium\" alt=\"\" srcset=\"https:\/\/barcelona.euses.cat\/wp-content\/uploads\/2024\/04\/talent-day-3-300x225.jpg 300w, https:\/\/barcelona.euses.cat\/wp-content\/uploads\/2024\/04\/talent-day-3-267x200.jpg 267w, https:\/\/barcelona.euses.cat\/wp-content\/uploads\/2024\/04\/talent-day-3.jpg 640w\" sizes=\"(max-width: 300px) 100vw, 300px\" \/><\/a>\n\t\t\t<\/dt><\/dl><dl class='gallery-item'>\n\t\t\t<dt class='gallery-icon landscape'>\n\t\t\t\t<a href='https:\/\/barcelona.euses.cat\/es\/el-talent-day-de-euses-cierra-su-cuarta-edicion-con-unas-cifras-optimas-y-todos-los-objetivos-logrados\/talent-day-3-3-2\/'><img loading=\"lazy\" decoding=\"async\" width=\"300\" height=\"164\" src=\"https:\/\/barcelona.euses.cat\/wp-content\/uploads\/2024\/04\/talent-day-3-300x164.png\" class=\"attachment-medium size-medium\" alt=\"\" srcset=\"https:\/\/barcelona.euses.cat\/wp-content\/uploads\/2024\/04\/talent-day-3-300x164.png 300w, https:\/\/barcelona.euses.cat\/wp-content\/uploads\/2024\/04\/talent-day-3-1024x559.png 1024w, https:\/\/barcelona.euses.cat\/wp-content\/uploads\/2024\/04\/talent-day-3-768x419.png 768w, https:\/\/barcelona.euses.cat\/wp-content\/uploads\/2024\/04\/talent-day-3-1536x838.png 1536w, https:\/\/barcelona.euses.cat\/wp-content\/uploads\/2024\/04\/talent-day-3-350x191.png 350w, https:\/\/barcelona.euses.cat\/wp-content\/uploads\/2024\/04\/talent-day-3.png 1726w\" sizes=\"(max-width: 300px) 100vw, 300px\" \/><\/a>\n\t\t\t<\/dt><\/dl><br style=\"clear: both\" \/><dl class='gallery-item'>\n\t\t\t<dt class='gallery-icon landscape'>\n\t\t\t\t<a href='https:\/\/barcelona.euses.cat\/es\/el-talent-day-de-euses-cierra-su-cuarta-edicion-con-unas-cifras-optimas-y-todos-los-objetivos-logrados\/talent-day-4-3-2\/'><img loading=\"lazy\" decoding=\"async\" width=\"300\" height=\"164\" src=\"https:\/\/barcelona.euses.cat\/wp-content\/uploads\/2024\/04\/talent-day-4-300x164.png\" class=\"attachment-medium size-medium\" alt=\"\" srcset=\"https:\/\/barcelona.euses.cat\/wp-content\/uploads\/2024\/04\/talent-day-4-300x164.png 300w, https:\/\/barcelona.euses.cat\/wp-content\/uploads\/2024\/04\/talent-day-4-1024x560.png 1024w, https:\/\/barcelona.euses.cat\/wp-content\/uploads\/2024\/04\/talent-day-4-768x420.png 768w, https:\/\/barcelona.euses.cat\/wp-content\/uploads\/2024\/04\/talent-day-4-1536x839.png 1536w, https:\/\/barcelona.euses.cat\/wp-content\/uploads\/2024\/04\/talent-day-4-350x191.png 350w, https:\/\/barcelona.euses.cat\/wp-content\/uploads\/2024\/04\/talent-day-4.png 1724w\" sizes=\"(max-width: 300px) 100vw, 300px\" \/><\/a>\n\t\t\t<\/dt><\/dl><dl class='gallery-item'>\n\t\t\t<dt class='gallery-icon landscape'>\n\t\t\t\t<a href='https:\/\/barcelona.euses.cat\/es\/el-talent-day-de-euses-cierra-su-cuarta-edicion-con-unas-cifras-optimas-y-todos-los-objetivos-logrados\/talent-day-5-2\/'><img loading=\"lazy\" decoding=\"async\" width=\"300\" height=\"225\" src=\"https:\/\/barcelona.euses.cat\/wp-content\/uploads\/2024\/04\/talent-day-5-300x225.jpg\" class=\"attachment-medium size-medium\" alt=\"\" srcset=\"https:\/\/barcelona.euses.cat\/wp-content\/uploads\/2024\/04\/talent-day-5-300x225.jpg 300w, https:\/\/barcelona.euses.cat\/wp-content\/uploads\/2024\/04\/talent-day-5-267x200.jpg 267w, https:\/\/barcelona.euses.cat\/wp-content\/uploads\/2024\/04\/talent-day-5.jpg 640w\" sizes=\"(max-width: 300px) 100vw, 300px\" \/><\/a>\n\t\t\t<\/dt><\/dl><dl class='gallery-item'>\n\t\t\t<dt class='gallery-icon landscape'>\n\t\t\t\t<a href='https:\/\/barcelona.euses.cat\/es\/el-talent-day-de-euses-cierra-su-cuarta-edicion-con-unas-cifras-optimas-y-todos-los-objetivos-logrados\/talent-day-5-2-2\/'><img loading=\"lazy\" decoding=\"async\" width=\"300\" height=\"117\" src=\"https:\/\/barcelona.euses.cat\/wp-content\/uploads\/2024\/04\/talent-day-5-300x117.png\" class=\"attachment-medium size-medium\" alt=\"\" srcset=\"https:\/\/barcelona.euses.cat\/wp-content\/uploads\/2024\/04\/talent-day-5-300x117.png 300w, https:\/\/barcelona.euses.cat\/wp-content\/uploads\/2024\/04\/talent-day-5-1024x398.png 1024w, https:\/\/barcelona.euses.cat\/wp-content\/uploads\/2024\/04\/talent-day-5-768x298.png 768w, https:\/\/barcelona.euses.cat\/wp-content\/uploads\/2024\/04\/talent-day-5-1536x597.png 1536w, https:\/\/barcelona.euses.cat\/wp-content\/uploads\/2024\/04\/talent-day-5-350x136.png 350w, https:\/\/barcelona.euses.cat\/wp-content\/uploads\/2024\/04\/talent-day-5.png 1828w\" sizes=\"(max-width: 300px) 100vw, 300px\" \/><\/a>\n\t\t\t<\/dt><\/dl><br style=\"clear: both\" \/><dl class='gallery-item'>\n\t\t\t<dt class='gallery-icon landscape'>\n\t\t\t\t<a href='https:\/\/barcelona.euses.cat\/es\/el-talent-day-de-euses-cierra-su-cuarta-edicion-con-unas-cifras-optimas-y-todos-los-objetivos-logrados\/talent-day-6-2\/'><img loading=\"lazy\" decoding=\"async\" width=\"300\" height=\"147\" src=\"https:\/\/barcelona.euses.cat\/wp-content\/uploads\/2024\/04\/talent-day-6-300x147.jpg\" class=\"attachment-medium size-medium\" alt=\"\" srcset=\"https:\/\/barcelona.euses.cat\/wp-content\/uploads\/2024\/04\/talent-day-6-300x147.jpg 300w, https:\/\/barcelona.euses.cat\/wp-content\/uploads\/2024\/04\/talent-day-6-1024x500.jpg 1024w, https:\/\/barcelona.euses.cat\/wp-content\/uploads\/2024\/04\/talent-day-6-768x375.jpg 768w, https:\/\/barcelona.euses.cat\/wp-content\/uploads\/2024\/04\/talent-day-6-350x171.jpg 350w, https:\/\/barcelona.euses.cat\/wp-content\/uploads\/2024\/04\/talent-day-6.jpg 1277w\" sizes=\"(max-width: 300px) 100vw, 300px\" \/><\/a>\n\t\t\t<\/dt><\/dl><dl class='gallery-item'>\n\t\t\t<dt class='gallery-icon landscape'>\n\t\t\t\t<a href='https:\/\/barcelona.euses.cat\/es\/el-talent-day-de-euses-cierra-su-cuarta-edicion-con-unas-cifras-optimas-y-todos-los-objetivos-logrados\/talent-day-6-2-2\/'><img loading=\"lazy\" decoding=\"async\" width=\"300\" height=\"103\" src=\"https:\/\/barcelona.euses.cat\/wp-content\/uploads\/2024\/04\/talent-day-6-300x103.png\" class=\"attachment-medium size-medium\" alt=\"\" srcset=\"https:\/\/barcelona.euses.cat\/wp-content\/uploads\/2024\/04\/talent-day-6-300x103.png 300w, https:\/\/barcelona.euses.cat\/wp-content\/uploads\/2024\/04\/talent-day-6-1024x353.png 1024w, https:\/\/barcelona.euses.cat\/wp-content\/uploads\/2024\/04\/talent-day-6-768x265.png 768w, https:\/\/barcelona.euses.cat\/wp-content\/uploads\/2024\/04\/talent-day-6-1536x530.png 1536w, https:\/\/barcelona.euses.cat\/wp-content\/uploads\/2024\/04\/talent-day-6-350x121.png 350w, https:\/\/barcelona.euses.cat\/wp-content\/uploads\/2024\/04\/talent-day-6.png 1908w\" sizes=\"(max-width: 300px) 100vw, 300px\" \/><\/a>\n\t\t\t<\/dt><\/dl><dl class='gallery-item'>\n\t\t\t<dt class='gallery-icon landscape'>\n\t\t\t\t<a href='https:\/\/barcelona.euses.cat\/es\/el-talent-day-de-euses-cierra-su-cuarta-edicion-con-unas-cifras-optimas-y-todos-los-objetivos-logrados\/talent-day-7-2-2\/'><img loading=\"lazy\" decoding=\"async\" width=\"300\" height=\"130\" src=\"https:\/\/barcelona.euses.cat\/wp-content\/uploads\/2024\/04\/talent-day-7-300x130.jpg\" class=\"attachment-medium size-medium\" alt=\"\" srcset=\"https:\/\/barcelona.euses.cat\/wp-content\/uploads\/2024\/04\/talent-day-7-300x130.jpg 300w, https:\/\/barcelona.euses.cat\/wp-content\/uploads\/2024\/04\/talent-day-7-1024x445.jpg 1024w, https:\/\/barcelona.euses.cat\/wp-content\/uploads\/2024\/04\/talent-day-7-768x333.jpg 768w, https:\/\/barcelona.euses.cat\/wp-content\/uploads\/2024\/04\/talent-day-7-350x152.jpg 350w, https:\/\/barcelona.euses.cat\/wp-content\/uploads\/2024\/04\/talent-day-7.jpg 1147w\" sizes=\"(max-width: 300px) 100vw, 300px\" \/><\/a>\n\t\t\t<\/dt><\/dl><br style=\"clear: both\" \/><dl class='gallery-item'>\n\t\t\t<dt class='gallery-icon landscape'>\n\t\t\t\t<a href='https:\/\/barcelona.euses.cat\/es\/el-talent-day-de-euses-cierra-su-cuarta-edicion-con-unas-cifras-optimas-y-todos-los-objetivos-logrados\/talent-day-7-3-2\/'><img loading=\"lazy\" decoding=\"async\" width=\"300\" height=\"155\" src=\"https:\/\/barcelona.euses.cat\/wp-content\/uploads\/2024\/04\/talent-day-7-300x155.png\" class=\"attachment-medium size-medium\" alt=\"\" srcset=\"https:\/\/barcelona.euses.cat\/wp-content\/uploads\/2024\/04\/talent-day-7-300x155.png 300w, https:\/\/barcelona.euses.cat\/wp-content\/uploads\/2024\/04\/talent-day-7-1024x530.png 1024w, https:\/\/barcelona.euses.cat\/wp-content\/uploads\/2024\/04\/talent-day-7-768x398.png 768w, https:\/\/barcelona.euses.cat\/wp-content\/uploads\/2024\/04\/talent-day-7-1536x795.png 1536w, https:\/\/barcelona.euses.cat\/wp-content\/uploads\/2024\/04\/talent-day-7-350x181.png 350w, https:\/\/barcelona.euses.cat\/wp-content\/uploads\/2024\/04\/talent-day-7.png 1814w\" sizes=\"(max-width: 300px) 100vw, 300px\" \/><\/a>\n\t\t\t<\/dt><\/dl><dl class='gallery-item'>\n\t\t\t<dt class='gallery-icon landscape'>\n\t\t\t\t<a href='https:\/\/barcelona.euses.cat\/es\/el-talent-day-de-euses-cierra-su-cuarta-edicion-con-unas-cifras-optimas-y-todos-los-objetivos-logrados\/talent-day-8-2\/'><img loading=\"lazy\" decoding=\"async\" width=\"300\" height=\"223\" src=\"https:\/\/barcelona.euses.cat\/wp-content\/uploads\/2024\/04\/talent-day-8-300x223.jpg\" class=\"attachment-medium size-medium\" alt=\"\" srcset=\"https:\/\/barcelona.euses.cat\/wp-content\/uploads\/2024\/04\/talent-day-8-300x223.jpg 300w, https:\/\/barcelona.euses.cat\/wp-content\/uploads\/2024\/04\/talent-day-8-1024x762.jpg 1024w, https:\/\/barcelona.euses.cat\/wp-content\/uploads\/2024\/04\/talent-day-8-768x571.jpg 768w, https:\/\/barcelona.euses.cat\/wp-content\/uploads\/2024\/04\/talent-day-8-269x200.jpg 269w, https:\/\/barcelona.euses.cat\/wp-content\/uploads\/2024\/04\/talent-day-8.jpg 1284w\" sizes=\"(max-width: 300px) 100vw, 300px\" \/><\/a>\n\t\t\t<\/dt><\/dl>\n\t\t\t<br style='clear: both' \/>\n\t\t<\/div>\n\n","protected":false},"excerpt":{"rendered":"<p>La Feria Virtual de la Ocupaci\u00f3n y Orientaci\u00f3n Profesional de la Escola Universit\u00e0ria de la Salut i l\u2019Esport puso punto y final a su cuarta edici\u00f3n habiendo logrado todos los objetivos marcados y con unas cifras \u00f3ptimas de participaci\u00f3n. El Talent Day, que ha tenido su centro neur\u00e1lgico en el Campus de Salt pero que [&hellip;]<\/p>\n","protected":false},"author":3,"featured_media":11783,"comment_status":"open","ping_status":"closed","sticky":false,"template":"","format":"standard","meta":{"_acf_changed":false,"inline_featured_image":false,"_joinchat":[],"footnotes":""},"categories":[1],"tags":[],"class_list":["post-11841","post","type-post","status-publish","format-standard","has-post-thumbnail","hentry","category-sin-categorizar"],"acf":[],"yoast_head":"<!-- This site is optimized with the Yoast SEO plugin v27.4 - https:\/\/yoast.com\/product\/yoast-seo-wordpress\/ -->\n<title>El Talent Day de EUSES cierra su cuarta edici\u00f3n con unas cifras \u00f3ptimas y todos los objetivos logrados | EUSES - Campus de Bellvitge (Barcelona)<\/title>\n<meta name=\"robots\" content=\"index, follow, max-snippet:-1, max-image-preview:large, max-video-preview:-1\" \/>\n<link rel=\"canonical\" href=\"https:\/\/barcelona.euses.cat\/es\/el-talent-day-de-euses-cierra-su-cuarta-edicion-con-unas-cifras-optimas-y-todos-los-objetivos-logrados\/\" \/>\n<meta property=\"og:locale\" content=\"es_ES\" \/>\n<meta property=\"og:type\" content=\"article\" \/>\n<meta property=\"og:title\" content=\"El Talent Day de EUSES cierra su cuarta edici\u00f3n con unas cifras \u00f3ptimas y todos los objetivos logrados | EUSES - Campus de Bellvitge (Barcelona)\" \/>\n<meta property=\"og:description\" content=\"La Feria Virtual de la Ocupaci\u00f3n y Orientaci\u00f3n Profesional de la Escola Universit\u00e0ria de la Salut i l\u2019Esport puso punto y final a su cuarta edici\u00f3n habiendo logrado todos los objetivos marcados y con unas cifras \u00f3ptimas de participaci\u00f3n. El Talent Day, que ha tenido su centro neur\u00e1lgico en el Campus de Salt pero que [&hellip;]\" \/>\n<meta property=\"og:url\" content=\"https:\/\/barcelona.euses.cat\/es\/el-talent-day-de-euses-cierra-su-cuarta-edicion-con-unas-cifras-optimas-y-todos-los-objetivos-logrados\/\" \/>\n<meta property=\"og:site_name\" content=\"EUSES - Campus de Bellvitge (Barcelona)\" \/>\n<meta property=\"article:publisher\" content=\"https:\/\/www.facebook.com\/PhysioBCN\/\" \/>\n<meta property=\"article:published_time\" content=\"2024-04-18T21:52:28+00:00\" \/>\n<meta property=\"og:image\" content=\"https:\/\/barcelona.euses.cat\/wp-content\/uploads\/2024\/04\/talent-day-4.jpg\" \/>\n\t<meta property=\"og:image:width\" content=\"640\" \/>\n\t<meta property=\"og:image:height\" content=\"480\" \/>\n\t<meta property=\"og:image:type\" content=\"image\/jpeg\" \/>\n<meta name=\"author\" content=\"Jordi Danes\" \/>\n<meta name=\"twitter:card\" content=\"summary_large_image\" \/>\n<meta name=\"twitter:label1\" content=\"Escrito por\" \/>\n\t<meta name=\"twitter:data1\" content=\"Jordi Danes\" \/>\n\t<meta name=\"twitter:label2\" content=\"Tiempo de lectura\" \/>\n\t<meta name=\"twitter:data2\" content=\"2 minutos\" \/>\n<script type=\"application\/ld+json\" class=\"yoast-schema-graph\">{\"@context\":\"https:\\\/\\\/schema.org\",\"@graph\":[{\"@type\":\"Article\",\"@id\":\"https:\\\/\\\/barcelona.euses.cat\\\/es\\\/el-talent-day-de-euses-cierra-su-cuarta-edicion-con-unas-cifras-optimas-y-todos-los-objetivos-logrados\\\/#article\",\"isPartOf\":{\"@id\":\"https:\\\/\\\/barcelona.euses.cat\\\/es\\\/el-talent-day-de-euses-cierra-su-cuarta-edicion-con-unas-cifras-optimas-y-todos-los-objetivos-logrados\\\/\"},\"author\":{\"name\":\"Jordi Danes\",\"@id\":\"https:\\\/\\\/barcelona.euses.cat\\\/ca\\\/#\\\/schema\\\/person\\\/8ab46080dfc4814fa59383db317735bd\"},\"headline\":\"El Talent Day de EUSES cierra su cuarta edici\u00f3n con unas cifras \u00f3ptimas y todos los objetivos logrados\",\"datePublished\":\"2024-04-18T21:52:28+00:00\",\"mainEntityOfPage\":{\"@id\":\"https:\\\/\\\/barcelona.euses.cat\\\/es\\\/el-talent-day-de-euses-cierra-su-cuarta-edicion-con-unas-cifras-optimas-y-todos-los-objetivos-logrados\\\/\"},\"wordCount\":365,\"commentCount\":0,\"image\":{\"@id\":\"https:\\\/\\\/barcelona.euses.cat\\\/es\\\/el-talent-day-de-euses-cierra-su-cuarta-edicion-con-unas-cifras-optimas-y-todos-los-objetivos-logrados\\\/#primaryimage\"},\"thumbnailUrl\":\"https:\\\/\\\/barcelona.euses.cat\\\/wp-content\\\/uploads\\\/2024\\\/04\\\/talent-day-4.jpg\",\"articleSection\":[\"Sin categorizar\"],\"inLanguage\":\"es\"},{\"@type\":\"WebPage\",\"@id\":\"https:\\\/\\\/barcelona.euses.cat\\\/es\\\/el-talent-day-de-euses-cierra-su-cuarta-edicion-con-unas-cifras-optimas-y-todos-los-objetivos-logrados\\\/\",\"url\":\"https:\\\/\\\/barcelona.euses.cat\\\/es\\\/el-talent-day-de-euses-cierra-su-cuarta-edicion-con-unas-cifras-optimas-y-todos-los-objetivos-logrados\\\/\",\"name\":\"El Talent Day de EUSES cierra su cuarta edici\u00f3n con unas cifras \u00f3ptimas y todos los objetivos logrados | EUSES - Campus de Bellvitge (Barcelona)\",\"isPartOf\":{\"@id\":\"https:\\\/\\\/barcelona.euses.cat\\\/ca\\\/#website\"},\"primaryImageOfPage\":{\"@id\":\"https:\\\/\\\/barcelona.euses.cat\\\/es\\\/el-talent-day-de-euses-cierra-su-cuarta-edicion-con-unas-cifras-optimas-y-todos-los-objetivos-logrados\\\/#primaryimage\"},\"image\":{\"@id\":\"https:\\\/\\\/barcelona.euses.cat\\\/es\\\/el-talent-day-de-euses-cierra-su-cuarta-edicion-con-unas-cifras-optimas-y-todos-los-objetivos-logrados\\\/#primaryimage\"},\"thumbnailUrl\":\"https:\\\/\\\/barcelona.euses.cat\\\/wp-content\\\/uploads\\\/2024\\\/04\\\/talent-day-4.jpg\",\"datePublished\":\"2024-04-18T21:52:28+00:00\",\"author\":{\"@id\":\"https:\\\/\\\/barcelona.euses.cat\\\/ca\\\/#\\\/schema\\\/person\\\/8ab46080dfc4814fa59383db317735bd\"},\"breadcrumb\":{\"@id\":\"https:\\\/\\\/barcelona.euses.cat\\\/es\\\/el-talent-day-de-euses-cierra-su-cuarta-edicion-con-unas-cifras-optimas-y-todos-los-objetivos-logrados\\\/#breadcrumb\"},\"inLanguage\":\"es\",\"potentialAction\":[{\"@type\":\"ReadAction\",\"target\":[\"https:\\\/\\\/barcelona.euses.cat\\\/es\\\/el-talent-day-de-euses-cierra-su-cuarta-edicion-con-unas-cifras-optimas-y-todos-los-objetivos-logrados\\\/\"]}]},{\"@type\":\"ImageObject\",\"inLanguage\":\"es\",\"@id\":\"https:\\\/\\\/barcelona.euses.cat\\\/es\\\/el-talent-day-de-euses-cierra-su-cuarta-edicion-con-unas-cifras-optimas-y-todos-los-objetivos-logrados\\\/#primaryimage\",\"url\":\"https:\\\/\\\/barcelona.euses.cat\\\/wp-content\\\/uploads\\\/2024\\\/04\\\/talent-day-4.jpg\",\"contentUrl\":\"https:\\\/\\\/barcelona.euses.cat\\\/wp-content\\\/uploads\\\/2024\\\/04\\\/talent-day-4.jpg\",\"width\":640,\"height\":480},{\"@type\":\"BreadcrumbList\",\"@id\":\"https:\\\/\\\/barcelona.euses.cat\\\/es\\\/el-talent-day-de-euses-cierra-su-cuarta-edicion-con-unas-cifras-optimas-y-todos-los-objetivos-logrados\\\/#breadcrumb\",\"itemListElement\":[{\"@type\":\"ListItem\",\"position\":1,\"name\":\"Portada\",\"item\":\"https:\\\/\\\/barcelona.euses.cat\\\/es\\\/\"},{\"@type\":\"ListItem\",\"position\":2,\"name\":\"El Talent Day de EUSES cierra su cuarta edici\u00f3n con unas cifras \u00f3ptimas y todos los objetivos logrados\"}]},{\"@type\":\"WebSite\",\"@id\":\"https:\\\/\\\/barcelona.euses.cat\\\/ca\\\/#website\",\"url\":\"https:\\\/\\\/barcelona.euses.cat\\\/ca\\\/\",\"name\":\"EUSES - Campus de Bellvitge (Barcelona)\",\"description\":\"EUSES, Escuela Universitaria de Fisioterapia Internacional en Barcelona\",\"potentialAction\":[{\"@type\":\"SearchAction\",\"target\":{\"@type\":\"EntryPoint\",\"urlTemplate\":\"https:\\\/\\\/barcelona.euses.cat\\\/ca\\\/?s={search_term_string}\"},\"query-input\":{\"@type\":\"PropertyValueSpecification\",\"valueRequired\":true,\"valueName\":\"search_term_string\"}}],\"inLanguage\":\"es\"},{\"@type\":\"Person\",\"@id\":\"https:\\\/\\\/barcelona.euses.cat\\\/ca\\\/#\\\/schema\\\/person\\\/8ab46080dfc4814fa59383db317735bd\",\"name\":\"Jordi Danes\",\"image\":{\"@type\":\"ImageObject\",\"inLanguage\":\"es\",\"@id\":\"https:\\\/\\\/secure.gravatar.com\\\/avatar\\\/a9e4f443b594af225625ee8cfa665e41b1e0740ea34fbe0515b4ca559f8570ef?s=96&d=mm&r=g\",\"url\":\"https:\\\/\\\/secure.gravatar.com\\\/avatar\\\/a9e4f443b594af225625ee8cfa665e41b1e0740ea34fbe0515b4ca559f8570ef?s=96&d=mm&r=g\",\"contentUrl\":\"https:\\\/\\\/secure.gravatar.com\\\/avatar\\\/a9e4f443b594af225625ee8cfa665e41b1e0740ea34fbe0515b4ca559f8570ef?s=96&d=mm&r=g\",\"caption\":\"Jordi Danes\"},\"url\":\"https:\\\/\\\/barcelona.euses.cat\\\/es\\\/author\\\/jordi-danes\\\/\"}]}<\/script>\n<!-- \/ Yoast SEO plugin. -->","yoast_head_json":{"title":"El Talent Day de EUSES cierra su cuarta edici\u00f3n con unas cifras \u00f3ptimas y todos los objetivos logrados | EUSES - Campus de Bellvitge (Barcelona)","robots":{"index":"index","follow":"follow","max-snippet":"max-snippet:-1","max-image-preview":"max-image-preview:large","max-video-preview":"max-video-preview:-1"},"canonical":"https:\/\/barcelona.euses.cat\/es\/el-talent-day-de-euses-cierra-su-cuarta-edicion-con-unas-cifras-optimas-y-todos-los-objetivos-logrados\/","og_locale":"es_ES","og_type":"article","og_title":"El Talent Day de EUSES cierra su cuarta edici\u00f3n con unas cifras \u00f3ptimas y todos los objetivos logrados | EUSES - Campus de Bellvitge (Barcelona)","og_description":"La Feria Virtual de la Ocupaci\u00f3n y Orientaci\u00f3n Profesional de la Escola Universit\u00e0ria de la Salut i l\u2019Esport puso punto y final a su cuarta edici\u00f3n habiendo logrado todos los objetivos marcados y con unas cifras \u00f3ptimas de participaci\u00f3n. El Talent Day, que ha tenido su centro neur\u00e1lgico en el Campus de Salt pero que [&hellip;]","og_url":"https:\/\/barcelona.euses.cat\/es\/el-talent-day-de-euses-cierra-su-cuarta-edicion-con-unas-cifras-optimas-y-todos-los-objetivos-logrados\/","og_site_name":"EUSES - Campus de Bellvitge (Barcelona)","article_publisher":"https:\/\/www.facebook.com\/PhysioBCN\/","article_published_time":"2024-04-18T21:52:28+00:00","og_image":[{"width":640,"height":480,"url":"https:\/\/barcelona.euses.cat\/wp-content\/uploads\/2024\/04\/talent-day-4.jpg","type":"image\/jpeg"}],"author":"Jordi Danes","twitter_card":"summary_large_image","twitter_misc":{"Escrito por":"Jordi Danes","Tiempo de lectura":"2 minutos"},"schema":{"@context":"https:\/\/schema.org","@graph":[{"@type":"Article","@id":"https:\/\/barcelona.euses.cat\/es\/el-talent-day-de-euses-cierra-su-cuarta-edicion-con-unas-cifras-optimas-y-todos-los-objetivos-logrados\/#article","isPartOf":{"@id":"https:\/\/barcelona.euses.cat\/es\/el-talent-day-de-euses-cierra-su-cuarta-edicion-con-unas-cifras-optimas-y-todos-los-objetivos-logrados\/"},"author":{"name":"Jordi Danes","@id":"https:\/\/barcelona.euses.cat\/ca\/#\/schema\/person\/8ab46080dfc4814fa59383db317735bd"},"headline":"El Talent Day de EUSES cierra su cuarta edici\u00f3n con unas cifras \u00f3ptimas y todos los objetivos logrados","datePublished":"2024-04-18T21:52:28+00:00","mainEntityOfPage":{"@id":"https:\/\/barcelona.euses.cat\/es\/el-talent-day-de-euses-cierra-su-cuarta-edicion-con-unas-cifras-optimas-y-todos-los-objetivos-logrados\/"},"wordCount":365,"commentCount":0,"image":{"@id":"https:\/\/barcelona.euses.cat\/es\/el-talent-day-de-euses-cierra-su-cuarta-edicion-con-unas-cifras-optimas-y-todos-los-objetivos-logrados\/#primaryimage"},"thumbnailUrl":"https:\/\/barcelona.euses.cat\/wp-content\/uploads\/2024\/04\/talent-day-4.jpg","articleSection":["Sin categorizar"],"inLanguage":"es"},{"@type":"WebPage","@id":"https:\/\/barcelona.euses.cat\/es\/el-talent-day-de-euses-cierra-su-cuarta-edicion-con-unas-cifras-optimas-y-todos-los-objetivos-logrados\/","url":"https:\/\/barcelona.euses.cat\/es\/el-talent-day-de-euses-cierra-su-cuarta-edicion-con-unas-cifras-optimas-y-todos-los-objetivos-logrados\/","name":"El Talent Day de EUSES cierra su cuarta edici\u00f3n con unas cifras \u00f3ptimas y todos los objetivos logrados | EUSES - Campus de Bellvitge (Barcelona)","isPartOf":{"@id":"https:\/\/barcelona.euses.cat\/ca\/#website"},"primaryImageOfPage":{"@id":"https:\/\/barcelona.euses.cat\/es\/el-talent-day-de-euses-cierra-su-cuarta-edicion-con-unas-cifras-optimas-y-todos-los-objetivos-logrados\/#primaryimage"},"image":{"@id":"https:\/\/barcelona.euses.cat\/es\/el-talent-day-de-euses-cierra-su-cuarta-edicion-con-unas-cifras-optimas-y-todos-los-objetivos-logrados\/#primaryimage"},"thumbnailUrl":"https:\/\/barcelona.euses.cat\/wp-content\/uploads\/2024\/04\/talent-day-4.jpg","datePublished":"2024-04-18T21:52:28+00:00","author":{"@id":"https:\/\/barcelona.euses.cat\/ca\/#\/schema\/person\/8ab46080dfc4814fa59383db317735bd"},"breadcrumb":{"@id":"https:\/\/barcelona.euses.cat\/es\/el-talent-day-de-euses-cierra-su-cuarta-edicion-con-unas-cifras-optimas-y-todos-los-objetivos-logrados\/#breadcrumb"},"inLanguage":"es","potentialAction":[{"@type":"ReadAction","target":["https:\/\/barcelona.euses.cat\/es\/el-talent-day-de-euses-cierra-su-cuarta-edicion-con-unas-cifras-optimas-y-todos-los-objetivos-logrados\/"]}]},{"@type":"ImageObject","inLanguage":"es","@id":"https:\/\/barcelona.euses.cat\/es\/el-talent-day-de-euses-cierra-su-cuarta-edicion-con-unas-cifras-optimas-y-todos-los-objetivos-logrados\/#primaryimage","url":"https:\/\/barcelona.euses.cat\/wp-content\/uploads\/2024\/04\/talent-day-4.jpg","contentUrl":"https:\/\/barcelona.euses.cat\/wp-content\/uploads\/2024\/04\/talent-day-4.jpg","width":640,"height":480},{"@type":"BreadcrumbList","@id":"https:\/\/barcelona.euses.cat\/es\/el-talent-day-de-euses-cierra-su-cuarta-edicion-con-unas-cifras-optimas-y-todos-los-objetivos-logrados\/#breadcrumb","itemListElement":[{"@type":"ListItem","position":1,"name":"Portada","item":"https:\/\/barcelona.euses.cat\/es\/"},{"@type":"ListItem","position":2,"name":"El Talent Day de EUSES cierra su cuarta edici\u00f3n con unas cifras \u00f3ptimas y todos los objetivos logrados"}]},{"@type":"WebSite","@id":"https:\/\/barcelona.euses.cat\/ca\/#website","url":"https:\/\/barcelona.euses.cat\/ca\/","name":"EUSES - Campus de Bellvitge (Barcelona)","description":"EUSES, Escuela Universitaria de Fisioterapia Internacional en Barcelona","potentialAction":[{"@type":"SearchAction","target":{"@type":"EntryPoint","urlTemplate":"https:\/\/barcelona.euses.cat\/ca\/?s={search_term_string}"},"query-input":{"@type":"PropertyValueSpecification","valueRequired":true,"valueName":"search_term_string"}}],"inLanguage":"es"},{"@type":"Person","@id":"https:\/\/barcelona.euses.cat\/ca\/#\/schema\/person\/8ab46080dfc4814fa59383db317735bd","name":"Jordi Danes","image":{"@type":"ImageObject","inLanguage":"es","@id":"https:\/\/secure.gravatar.com\/avatar\/a9e4f443b594af225625ee8cfa665e41b1e0740ea34fbe0515b4ca559f8570ef?s=96&d=mm&r=g","url":"https:\/\/secure.gravatar.com\/avatar\/a9e4f443b594af225625ee8cfa665e41b1e0740ea34fbe0515b4ca559f8570ef?s=96&d=mm&r=g","contentUrl":"https:\/\/secure.gravatar.com\/avatar\/a9e4f443b594af225625ee8cfa665e41b1e0740ea34fbe0515b4ca559f8570ef?s=96&d=mm&r=g","caption":"Jordi Danes"},"url":"https:\/\/barcelona.euses.cat\/es\/author\/jordi-danes\/"}]}},"_links":{"self":[{"href":"https:\/\/barcelona.euses.cat\/es\/wp-json\/wp\/v2\/posts\/11841","targetHints":{"allow":["GET"]}}],"collection":[{"href":"https:\/\/barcelona.euses.cat\/es\/wp-json\/wp\/v2\/posts"}],"about":[{"href":"https:\/\/barcelona.euses.cat\/es\/wp-json\/wp\/v2\/types\/post"}],"author":[{"embeddable":true,"href":"https:\/\/barcelona.euses.cat\/es\/wp-json\/wp\/v2\/users\/3"}],"replies":[{"embeddable":true,"href":"https:\/\/barcelona.euses.cat\/es\/wp-json\/wp\/v2\/comments?post=11841"}],"version-history":[{"count":1,"href":"https:\/\/barcelona.euses.cat\/es\/wp-json\/wp\/v2\/posts\/11841\/revisions"}],"predecessor-version":[{"id":11842,"href":"https:\/\/barcelona.euses.cat\/es\/wp-json\/wp\/v2\/posts\/11841\/revisions\/11842"}],"wp:featuredmedia":[{"embeddable":true,"href":"https:\/\/barcelona.euses.cat\/es\/wp-json\/wp\/v2\/media\/11783"}],"wp:attachment":[{"href":"https:\/\/barcelona.euses.cat\/es\/wp-json\/wp\/v2\/media?parent=11841"}],"wp:term":[{"taxonomy":"category","embeddable":true,"href":"https:\/\/barcelona.euses.cat\/es\/wp-json\/wp\/v2\/categories?post=11841"},{"taxonomy":"post_tag","embeddable":true,"href":"https:\/\/barcelona.euses.cat\/es\/wp-json\/wp\/v2\/tags?post=11841"}],"curies":[{"name":"wp","href":"https:\/\/api.w.org\/{rel}","templated":true}]}}