{"id":11702,"date":"2024-04-02T22:10:11","date_gmt":"2024-04-02T20:10:11","guid":{"rendered":"https:\/\/barcelona.euses.cat\/?p=11702"},"modified":"2024-04-02T22:10:11","modified_gmt":"2024-04-02T20:10:11","slug":"cuenta-atras-para-la-4a-edicion-del-talent-day-organizado-por-euses-alumni-que-tendra-lugar-los-dias-15-y-16-de-abril","status":"publish","type":"post","link":"https:\/\/barcelona.euses.cat\/es\/cuenta-atras-para-la-4a-edicion-del-talent-day-organizado-por-euses-alumni-que-tendra-lugar-los-dias-15-y-16-de-abril\/","title":{"rendered":"Cuenta atr\u00e1s para la 4\u00aa edici\u00f3n del Talent Day organizado por EUSES Alumni, que tendr\u00e1 lugar los d\u00edas 15 y 16 de abril"},"content":{"rendered":"<p style=\"font-weight: 400;\">El Talent Day 2024 ya ha iniciado la cuenta atr\u00e1s y se convertir\u00e1 en uno de los acontecimientos principales de este mes de abril. La Feria Virtual de la Ocupaci\u00f3n y Orientaci\u00f3n Profesional de la Escola Universit\u00e0ria de la Salut i l\u2019Esport se celebrar\u00e1 los pr\u00f3ximos d\u00edas 15 y 16 y llega, cada vez m\u00e1s consolidada, a su cuarta edici\u00f3n. El Talent Day, una iniciativa del equipo de EUSES Alumni que dirige S\u00edlvia Roche, tendr\u00e1 un total de 45 estands de empresas, centros y clubes, adem\u00e1s del estand de la organizaci\u00f3n, donde se publicaran ofertas de trabajo de empresas que no tengan estand.<\/p>\n<p style=\"font-weight: 400;\">Las inscripciones (gratuitas) ya est\u00e1n abiertas y, a pesar de que el p\u00fablico potencial son \u00a0los estudiantes de 4\u00ba curso de los grados en CAFyD y en Fisioterapia y los asociados a EUSES Alumni (de caras en la salida al mercado laboral o en busca de una oferta profesional que encaje en su perfil), el Talent Day tambi\u00e9n est\u00e1 abierto a los alumnos de 1\u00ba, 2\u00ba y 3\u00ba curso de los todos los Campus del grupo (Salt, Bellvitge y Terres de l\u2019Ebre).<\/p>\n<p style=\"font-weight: 400;\">En el Talent Day (desde el lunes d\u00eda 15 a las 10 de la ma\u00f1ana hasta el martes d\u00eda 16 a las 6 de la tarde de manera ininterrumpida), los estudiantes podr\u00e1n acceder de manera virtual a los estands de empresas (algunas de fuera del pa\u00eds) que colgar\u00e1n diferentes ofertas laborales a las cuales los estudiantes no solo podr\u00e1n acceder para ver las caracter\u00edsticas, sino que habr\u00e1 la posibilidad de plantear dudas, enviar el curr\u00edculum, chatear con los responsables de estas empresas e incluso realizar una entrevista de trabajo por videoconferencia. Tambi\u00e9n se podr\u00e1 hacer networging y actuar con otros visitantes de la feria para ampliar las redes de contacto.<\/p>\n<p><strong>Conferencias y mesas redondas<\/strong><br \/>\nAdem\u00e1s de los estands, durante el Talent Day se han programado seis conferencias y dos mesas redondas, siempre con el fin de ayudar a encaminar los alumnos hacia la salida laboral que m\u00e1s los encaje.<\/p>\n<p><em>Lunes d\u00eda 15:<\/em><\/p>\n<ul>\n<li>El EURES: ir a trabajar a la UE<\/li>\n<li>La Formaci\u00f3n continuada en EUSES<\/li>\n<li>Mesa redonda con nuestros Alumni sobre la \u201ccreaci\u00f3n de centro propio\u201d<\/li>\n<li>La homologaci\u00f3n del t\u00edtulo en Francia i el ERASMUS+<\/li>\n<\/ul>\n<p><em>Martes d\u00eda 16<\/em><\/p>\n<ul>\n<li>La Investigaci\u00f3n y el Doctorado<\/li>\n<li>El Perfil en Linkedin<\/li>\n<li>La Entrevista de Trabajo<\/li>\n<li>Mesa redonda con nuestros Alumni sobre \u201cvoluntariados\u201d<\/li>\n<\/ul>\n<p style=\"font-weight: 400;\">Todas las ponencias y mesas redondas se realizar\u00e1n por Zoom excepto la del perfil de Linkedin y la de la entrevista de trabajo, que ser\u00e1n presenciales en el campus de Salt y retransmitidas en streaming para los otros campus y para los alumni o alumnos que no puedan asistir en persona.<\/p>\n","protected":false},"excerpt":{"rendered":"<p>El Talent Day 2024 ya ha iniciado la cuenta atr\u00e1s y se convertir\u00e1 en uno de los acontecimientos principales de este mes de abril. La Feria Virtual de la Ocupaci\u00f3n y Orientaci\u00f3n Profesional de la Escola Universit\u00e0ria de la Salut i l\u2019Esport se celebrar\u00e1 los pr\u00f3ximos d\u00edas 15 y 16 y llega, cada vez m\u00e1s [&hellip;]<\/p>\n","protected":false},"author":3,"featured_media":11172,"comment_status":"open","ping_status":"closed","sticky":false,"template":"","format":"standard","meta":{"_acf_changed":false,"inline_featured_image":false,"_joinchat":[],"footnotes":""},"categories":[1],"tags":[],"class_list":["post-11702","post","type-post","status-publish","format-standard","has-post-thumbnail","hentry","category-sin-categorizar"],"acf":[],"yoast_head":"<!-- This site is optimized with the Yoast SEO plugin v27.4 - https:\/\/yoast.com\/product\/yoast-seo-wordpress\/ -->\n<title>Cuenta atr\u00e1s para la 4\u00aa edici\u00f3n del Talent Day organizado por EUSES Alumni, que tendr\u00e1 lugar los d\u00edas 15 y 16 de abril | EUSES - Campus de Bellvitge (Barcelona)<\/title>\n<meta name=\"robots\" content=\"index, follow, max-snippet:-1, max-image-preview:large, max-video-preview:-1\" \/>\n<link rel=\"canonical\" href=\"https:\/\/barcelona.euses.cat\/es\/cuenta-atras-para-la-4a-edicion-del-talent-day-organizado-por-euses-alumni-que-tendra-lugar-los-dias-15-y-16-de-abril\/\" \/>\n<meta property=\"og:locale\" content=\"es_ES\" \/>\n<meta property=\"og:type\" content=\"article\" \/>\n<meta property=\"og:title\" content=\"Cuenta atr\u00e1s para la 4\u00aa edici\u00f3n del Talent Day organizado por EUSES Alumni, que tendr\u00e1 lugar los d\u00edas 15 y 16 de abril | EUSES - Campus de Bellvitge (Barcelona)\" \/>\n<meta property=\"og:description\" content=\"El Talent Day 2024 ya ha iniciado la cuenta atr\u00e1s y se convertir\u00e1 en uno de los acontecimientos principales de este mes de abril. La Feria Virtual de la Ocupaci\u00f3n y Orientaci\u00f3n Profesional de la Escola Universit\u00e0ria de la Salut i l\u2019Esport se celebrar\u00e1 los pr\u00f3ximos d\u00edas 15 y 16 y llega, cada vez m\u00e1s [&hellip;]\" \/>\n<meta property=\"og:url\" content=\"https:\/\/barcelona.euses.cat\/es\/cuenta-atras-para-la-4a-edicion-del-talent-day-organizado-por-euses-alumni-que-tendra-lugar-los-dias-15-y-16-de-abril\/\" \/>\n<meta property=\"og:site_name\" content=\"EUSES - Campus de Bellvitge (Barcelona)\" \/>\n<meta property=\"article:publisher\" content=\"https:\/\/www.facebook.com\/PhysioBCN\/\" \/>\n<meta property=\"article:published_time\" content=\"2024-04-02T20:10:11+00:00\" \/>\n<meta property=\"og:image\" content=\"https:\/\/barcelona.euses.cat\/wp-content\/uploads\/2023\/04\/talent-day-2023-11.jpg\" \/>\n\t<meta property=\"og:image:width\" content=\"1920\" \/>\n\t<meta property=\"og:image:height\" content=\"1080\" \/>\n\t<meta property=\"og:image:type\" content=\"image\/jpeg\" \/>\n<meta name=\"author\" content=\"Jordi Danes\" \/>\n<meta name=\"twitter:card\" content=\"summary_large_image\" \/>\n<meta name=\"twitter:label1\" content=\"Escrito por\" \/>\n\t<meta name=\"twitter:data1\" content=\"Jordi Danes\" \/>\n\t<meta name=\"twitter:label2\" content=\"Tiempo de lectura\" \/>\n\t<meta name=\"twitter:data2\" content=\"3 minutos\" \/>\n<script type=\"application\/ld+json\" class=\"yoast-schema-graph\">{\"@context\":\"https:\\\/\\\/schema.org\",\"@graph\":[{\"@type\":\"Article\",\"@id\":\"https:\\\/\\\/barcelona.euses.cat\\\/es\\\/cuenta-atras-para-la-4a-edicion-del-talent-day-organizado-por-euses-alumni-que-tendra-lugar-los-dias-15-y-16-de-abril\\\/#article\",\"isPartOf\":{\"@id\":\"https:\\\/\\\/barcelona.euses.cat\\\/es\\\/cuenta-atras-para-la-4a-edicion-del-talent-day-organizado-por-euses-alumni-que-tendra-lugar-los-dias-15-y-16-de-abril\\\/\"},\"author\":{\"name\":\"Jordi Danes\",\"@id\":\"https:\\\/\\\/barcelona.euses.cat\\\/ca\\\/#\\\/schema\\\/person\\\/8ab46080dfc4814fa59383db317735bd\"},\"headline\":\"Cuenta atr\u00e1s para la 4\u00aa edici\u00f3n del Talent Day organizado por EUSES Alumni, que tendr\u00e1 lugar los d\u00edas 15 y 16 de abril\",\"datePublished\":\"2024-04-02T20:10:11+00:00\",\"mainEntityOfPage\":{\"@id\":\"https:\\\/\\\/barcelona.euses.cat\\\/es\\\/cuenta-atras-para-la-4a-edicion-del-talent-day-organizado-por-euses-alumni-que-tendra-lugar-los-dias-15-y-16-de-abril\\\/\"},\"wordCount\":490,\"commentCount\":0,\"image\":{\"@id\":\"https:\\\/\\\/barcelona.euses.cat\\\/es\\\/cuenta-atras-para-la-4a-edicion-del-talent-day-organizado-por-euses-alumni-que-tendra-lugar-los-dias-15-y-16-de-abril\\\/#primaryimage\"},\"thumbnailUrl\":\"https:\\\/\\\/barcelona.euses.cat\\\/wp-content\\\/uploads\\\/2023\\\/04\\\/talent-day-2023-11.jpg\",\"articleSection\":[\"Sin categorizar\"],\"inLanguage\":\"es\"},{\"@type\":\"WebPage\",\"@id\":\"https:\\\/\\\/barcelona.euses.cat\\\/es\\\/cuenta-atras-para-la-4a-edicion-del-talent-day-organizado-por-euses-alumni-que-tendra-lugar-los-dias-15-y-16-de-abril\\\/\",\"url\":\"https:\\\/\\\/barcelona.euses.cat\\\/es\\\/cuenta-atras-para-la-4a-edicion-del-talent-day-organizado-por-euses-alumni-que-tendra-lugar-los-dias-15-y-16-de-abril\\\/\",\"name\":\"Cuenta atr\u00e1s para la 4\u00aa edici\u00f3n del Talent Day organizado por EUSES Alumni, que tendr\u00e1 lugar los d\u00edas 15 y 16 de abril | EUSES - Campus de Bellvitge (Barcelona)\",\"isPartOf\":{\"@id\":\"https:\\\/\\\/barcelona.euses.cat\\\/ca\\\/#website\"},\"primaryImageOfPage\":{\"@id\":\"https:\\\/\\\/barcelona.euses.cat\\\/es\\\/cuenta-atras-para-la-4a-edicion-del-talent-day-organizado-por-euses-alumni-que-tendra-lugar-los-dias-15-y-16-de-abril\\\/#primaryimage\"},\"image\":{\"@id\":\"https:\\\/\\\/barcelona.euses.cat\\\/es\\\/cuenta-atras-para-la-4a-edicion-del-talent-day-organizado-por-euses-alumni-que-tendra-lugar-los-dias-15-y-16-de-abril\\\/#primaryimage\"},\"thumbnailUrl\":\"https:\\\/\\\/barcelona.euses.cat\\\/wp-content\\\/uploads\\\/2023\\\/04\\\/talent-day-2023-11.jpg\",\"datePublished\":\"2024-04-02T20:10:11+00:00\",\"author\":{\"@id\":\"https:\\\/\\\/barcelona.euses.cat\\\/ca\\\/#\\\/schema\\\/person\\\/8ab46080dfc4814fa59383db317735bd\"},\"breadcrumb\":{\"@id\":\"https:\\\/\\\/barcelona.euses.cat\\\/es\\\/cuenta-atras-para-la-4a-edicion-del-talent-day-organizado-por-euses-alumni-que-tendra-lugar-los-dias-15-y-16-de-abril\\\/#breadcrumb\"},\"inLanguage\":\"es\",\"potentialAction\":[{\"@type\":\"ReadAction\",\"target\":[\"https:\\\/\\\/barcelona.euses.cat\\\/es\\\/cuenta-atras-para-la-4a-edicion-del-talent-day-organizado-por-euses-alumni-que-tendra-lugar-los-dias-15-y-16-de-abril\\\/\"]}]},{\"@type\":\"ImageObject\",\"inLanguage\":\"es\",\"@id\":\"https:\\\/\\\/barcelona.euses.cat\\\/es\\\/cuenta-atras-para-la-4a-edicion-del-talent-day-organizado-por-euses-alumni-que-tendra-lugar-los-dias-15-y-16-de-abril\\\/#primaryimage\",\"url\":\"https:\\\/\\\/barcelona.euses.cat\\\/wp-content\\\/uploads\\\/2023\\\/04\\\/talent-day-2023-11.jpg\",\"contentUrl\":\"https:\\\/\\\/barcelona.euses.cat\\\/wp-content\\\/uploads\\\/2023\\\/04\\\/talent-day-2023-11.jpg\",\"width\":1920,\"height\":1080},{\"@type\":\"BreadcrumbList\",\"@id\":\"https:\\\/\\\/barcelona.euses.cat\\\/es\\\/cuenta-atras-para-la-4a-edicion-del-talent-day-organizado-por-euses-alumni-que-tendra-lugar-los-dias-15-y-16-de-abril\\\/#breadcrumb\",\"itemListElement\":[{\"@type\":\"ListItem\",\"position\":1,\"name\":\"Portada\",\"item\":\"https:\\\/\\\/barcelona.euses.cat\\\/es\\\/\"},{\"@type\":\"ListItem\",\"position\":2,\"name\":\"Cuenta atr\u00e1s para la 4\u00aa edici\u00f3n del Talent Day organizado por EUSES Alumni, que tendr\u00e1 lugar los d\u00edas 15 y 16 de abril\"}]},{\"@type\":\"WebSite\",\"@id\":\"https:\\\/\\\/barcelona.euses.cat\\\/ca\\\/#website\",\"url\":\"https:\\\/\\\/barcelona.euses.cat\\\/ca\\\/\",\"name\":\"EUSES - Campus de Bellvitge (Barcelona)\",\"description\":\"EUSES, Escuela Universitaria de Fisioterapia Internacional en Barcelona\",\"potentialAction\":[{\"@type\":\"SearchAction\",\"target\":{\"@type\":\"EntryPoint\",\"urlTemplate\":\"https:\\\/\\\/barcelona.euses.cat\\\/ca\\\/?s={search_term_string}\"},\"query-input\":{\"@type\":\"PropertyValueSpecification\",\"valueRequired\":true,\"valueName\":\"search_term_string\"}}],\"inLanguage\":\"es\"},{\"@type\":\"Person\",\"@id\":\"https:\\\/\\\/barcelona.euses.cat\\\/ca\\\/#\\\/schema\\\/person\\\/8ab46080dfc4814fa59383db317735bd\",\"name\":\"Jordi Danes\",\"image\":{\"@type\":\"ImageObject\",\"inLanguage\":\"es\",\"@id\":\"https:\\\/\\\/secure.gravatar.com\\\/avatar\\\/a9e4f443b594af225625ee8cfa665e41b1e0740ea34fbe0515b4ca559f8570ef?s=96&d=mm&r=g\",\"url\":\"https:\\\/\\\/secure.gravatar.com\\\/avatar\\\/a9e4f443b594af225625ee8cfa665e41b1e0740ea34fbe0515b4ca559f8570ef?s=96&d=mm&r=g\",\"contentUrl\":\"https:\\\/\\\/secure.gravatar.com\\\/avatar\\\/a9e4f443b594af225625ee8cfa665e41b1e0740ea34fbe0515b4ca559f8570ef?s=96&d=mm&r=g\",\"caption\":\"Jordi Danes\"},\"url\":\"https:\\\/\\\/barcelona.euses.cat\\\/es\\\/author\\\/jordi-danes\\\/\"}]}<\/script>\n<!-- \/ Yoast SEO plugin. -->","yoast_head_json":{"title":"Cuenta atr\u00e1s para la 4\u00aa edici\u00f3n del Talent Day organizado por EUSES Alumni, que tendr\u00e1 lugar los d\u00edas 15 y 16 de abril | EUSES - Campus de Bellvitge (Barcelona)","robots":{"index":"index","follow":"follow","max-snippet":"max-snippet:-1","max-image-preview":"max-image-preview:large","max-video-preview":"max-video-preview:-1"},"canonical":"https:\/\/barcelona.euses.cat\/es\/cuenta-atras-para-la-4a-edicion-del-talent-day-organizado-por-euses-alumni-que-tendra-lugar-los-dias-15-y-16-de-abril\/","og_locale":"es_ES","og_type":"article","og_title":"Cuenta atr\u00e1s para la 4\u00aa edici\u00f3n del Talent Day organizado por EUSES Alumni, que tendr\u00e1 lugar los d\u00edas 15 y 16 de abril | EUSES - Campus de Bellvitge (Barcelona)","og_description":"El Talent Day 2024 ya ha iniciado la cuenta atr\u00e1s y se convertir\u00e1 en uno de los acontecimientos principales de este mes de abril. La Feria Virtual de la Ocupaci\u00f3n y Orientaci\u00f3n Profesional de la Escola Universit\u00e0ria de la Salut i l\u2019Esport se celebrar\u00e1 los pr\u00f3ximos d\u00edas 15 y 16 y llega, cada vez m\u00e1s [&hellip;]","og_url":"https:\/\/barcelona.euses.cat\/es\/cuenta-atras-para-la-4a-edicion-del-talent-day-organizado-por-euses-alumni-que-tendra-lugar-los-dias-15-y-16-de-abril\/","og_site_name":"EUSES - Campus de Bellvitge (Barcelona)","article_publisher":"https:\/\/www.facebook.com\/PhysioBCN\/","article_published_time":"2024-04-02T20:10:11+00:00","og_image":[{"width":1920,"height":1080,"url":"https:\/\/barcelona.euses.cat\/wp-content\/uploads\/2023\/04\/talent-day-2023-11.jpg","type":"image\/jpeg"}],"author":"Jordi Danes","twitter_card":"summary_large_image","twitter_misc":{"Escrito por":"Jordi Danes","Tiempo de lectura":"3 minutos"},"schema":{"@context":"https:\/\/schema.org","@graph":[{"@type":"Article","@id":"https:\/\/barcelona.euses.cat\/es\/cuenta-atras-para-la-4a-edicion-del-talent-day-organizado-por-euses-alumni-que-tendra-lugar-los-dias-15-y-16-de-abril\/#article","isPartOf":{"@id":"https:\/\/barcelona.euses.cat\/es\/cuenta-atras-para-la-4a-edicion-del-talent-day-organizado-por-euses-alumni-que-tendra-lugar-los-dias-15-y-16-de-abril\/"},"author":{"name":"Jordi Danes","@id":"https:\/\/barcelona.euses.cat\/ca\/#\/schema\/person\/8ab46080dfc4814fa59383db317735bd"},"headline":"Cuenta atr\u00e1s para la 4\u00aa edici\u00f3n del Talent Day organizado por EUSES Alumni, que tendr\u00e1 lugar los d\u00edas 15 y 16 de abril","datePublished":"2024-04-02T20:10:11+00:00","mainEntityOfPage":{"@id":"https:\/\/barcelona.euses.cat\/es\/cuenta-atras-para-la-4a-edicion-del-talent-day-organizado-por-euses-alumni-que-tendra-lugar-los-dias-15-y-16-de-abril\/"},"wordCount":490,"commentCount":0,"image":{"@id":"https:\/\/barcelona.euses.cat\/es\/cuenta-atras-para-la-4a-edicion-del-talent-day-organizado-por-euses-alumni-que-tendra-lugar-los-dias-15-y-16-de-abril\/#primaryimage"},"thumbnailUrl":"https:\/\/barcelona.euses.cat\/wp-content\/uploads\/2023\/04\/talent-day-2023-11.jpg","articleSection":["Sin categorizar"],"inLanguage":"es"},{"@type":"WebPage","@id":"https:\/\/barcelona.euses.cat\/es\/cuenta-atras-para-la-4a-edicion-del-talent-day-organizado-por-euses-alumni-que-tendra-lugar-los-dias-15-y-16-de-abril\/","url":"https:\/\/barcelona.euses.cat\/es\/cuenta-atras-para-la-4a-edicion-del-talent-day-organizado-por-euses-alumni-que-tendra-lugar-los-dias-15-y-16-de-abril\/","name":"Cuenta atr\u00e1s para la 4\u00aa edici\u00f3n del Talent Day organizado por EUSES Alumni, que tendr\u00e1 lugar los d\u00edas 15 y 16 de abril | EUSES - Campus de Bellvitge (Barcelona)","isPartOf":{"@id":"https:\/\/barcelona.euses.cat\/ca\/#website"},"primaryImageOfPage":{"@id":"https:\/\/barcelona.euses.cat\/es\/cuenta-atras-para-la-4a-edicion-del-talent-day-organizado-por-euses-alumni-que-tendra-lugar-los-dias-15-y-16-de-abril\/#primaryimage"},"image":{"@id":"https:\/\/barcelona.euses.cat\/es\/cuenta-atras-para-la-4a-edicion-del-talent-day-organizado-por-euses-alumni-que-tendra-lugar-los-dias-15-y-16-de-abril\/#primaryimage"},"thumbnailUrl":"https:\/\/barcelona.euses.cat\/wp-content\/uploads\/2023\/04\/talent-day-2023-11.jpg","datePublished":"2024-04-02T20:10:11+00:00","author":{"@id":"https:\/\/barcelona.euses.cat\/ca\/#\/schema\/person\/8ab46080dfc4814fa59383db317735bd"},"breadcrumb":{"@id":"https:\/\/barcelona.euses.cat\/es\/cuenta-atras-para-la-4a-edicion-del-talent-day-organizado-por-euses-alumni-que-tendra-lugar-los-dias-15-y-16-de-abril\/#breadcrumb"},"inLanguage":"es","potentialAction":[{"@type":"ReadAction","target":["https:\/\/barcelona.euses.cat\/es\/cuenta-atras-para-la-4a-edicion-del-talent-day-organizado-por-euses-alumni-que-tendra-lugar-los-dias-15-y-16-de-abril\/"]}]},{"@type":"ImageObject","inLanguage":"es","@id":"https:\/\/barcelona.euses.cat\/es\/cuenta-atras-para-la-4a-edicion-del-talent-day-organizado-por-euses-alumni-que-tendra-lugar-los-dias-15-y-16-de-abril\/#primaryimage","url":"https:\/\/barcelona.euses.cat\/wp-content\/uploads\/2023\/04\/talent-day-2023-11.jpg","contentUrl":"https:\/\/barcelona.euses.cat\/wp-content\/uploads\/2023\/04\/talent-day-2023-11.jpg","width":1920,"height":1080},{"@type":"BreadcrumbList","@id":"https:\/\/barcelona.euses.cat\/es\/cuenta-atras-para-la-4a-edicion-del-talent-day-organizado-por-euses-alumni-que-tendra-lugar-los-dias-15-y-16-de-abril\/#breadcrumb","itemListElement":[{"@type":"ListItem","position":1,"name":"Portada","item":"https:\/\/barcelona.euses.cat\/es\/"},{"@type":"ListItem","position":2,"name":"Cuenta atr\u00e1s para la 4\u00aa edici\u00f3n del Talent Day organizado por EUSES Alumni, que tendr\u00e1 lugar los d\u00edas 15 y 16 de abril"}]},{"@type":"WebSite","@id":"https:\/\/barcelona.euses.cat\/ca\/#website","url":"https:\/\/barcelona.euses.cat\/ca\/","name":"EUSES - Campus de Bellvitge (Barcelona)","description":"EUSES, Escuela Universitaria de Fisioterapia Internacional en Barcelona","potentialAction":[{"@type":"SearchAction","target":{"@type":"EntryPoint","urlTemplate":"https:\/\/barcelona.euses.cat\/ca\/?s={search_term_string}"},"query-input":{"@type":"PropertyValueSpecification","valueRequired":true,"valueName":"search_term_string"}}],"inLanguage":"es"},{"@type":"Person","@id":"https:\/\/barcelona.euses.cat\/ca\/#\/schema\/person\/8ab46080dfc4814fa59383db317735bd","name":"Jordi Danes","image":{"@type":"ImageObject","inLanguage":"es","@id":"https:\/\/secure.gravatar.com\/avatar\/a9e4f443b594af225625ee8cfa665e41b1e0740ea34fbe0515b4ca559f8570ef?s=96&d=mm&r=g","url":"https:\/\/secure.gravatar.com\/avatar\/a9e4f443b594af225625ee8cfa665e41b1e0740ea34fbe0515b4ca559f8570ef?s=96&d=mm&r=g","contentUrl":"https:\/\/secure.gravatar.com\/avatar\/a9e4f443b594af225625ee8cfa665e41b1e0740ea34fbe0515b4ca559f8570ef?s=96&d=mm&r=g","caption":"Jordi Danes"},"url":"https:\/\/barcelona.euses.cat\/es\/author\/jordi-danes\/"}]}},"_links":{"self":[{"href":"https:\/\/barcelona.euses.cat\/es\/wp-json\/wp\/v2\/posts\/11702","targetHints":{"allow":["GET"]}}],"collection":[{"href":"https:\/\/barcelona.euses.cat\/es\/wp-json\/wp\/v2\/posts"}],"about":[{"href":"https:\/\/barcelona.euses.cat\/es\/wp-json\/wp\/v2\/types\/post"}],"author":[{"embeddable":true,"href":"https:\/\/barcelona.euses.cat\/es\/wp-json\/wp\/v2\/users\/3"}],"replies":[{"embeddable":true,"href":"https:\/\/barcelona.euses.cat\/es\/wp-json\/wp\/v2\/comments?post=11702"}],"version-history":[{"count":1,"href":"https:\/\/barcelona.euses.cat\/es\/wp-json\/wp\/v2\/posts\/11702\/revisions"}],"predecessor-version":[{"id":11703,"href":"https:\/\/barcelona.euses.cat\/es\/wp-json\/wp\/v2\/posts\/11702\/revisions\/11703"}],"wp:featuredmedia":[{"embeddable":true,"href":"https:\/\/barcelona.euses.cat\/es\/wp-json\/wp\/v2\/media\/11172"}],"wp:attachment":[{"href":"https:\/\/barcelona.euses.cat\/es\/wp-json\/wp\/v2\/media?parent=11702"}],"wp:term":[{"taxonomy":"category","embeddable":true,"href":"https:\/\/barcelona.euses.cat\/es\/wp-json\/wp\/v2\/categories?post=11702"},{"taxonomy":"post_tag","embeddable":true,"href":"https:\/\/barcelona.euses.cat\/es\/wp-json\/wp\/v2\/tags?post=11702"}],"curies":[{"name":"wp","href":"https:\/\/api.w.org\/{rel}","templated":true}]}}