{"id":11277,"date":"2023-07-14T14:13:50","date_gmt":"2023-07-14T12:13:50","guid":{"rendered":"https:\/\/barcelona.euses.cat\/?p=11277"},"modified":"2023-07-17T20:10:11","modified_gmt":"2023-07-17T18:10:11","slug":"abierto-el-periodo-de-matriculaciones-para-los-grados-universitarios-en-los-campus-de-salt-terres-de-lebre-y-bellvitge","status":"publish","type":"post","link":"https:\/\/barcelona.euses.cat\/es\/abierto-el-periodo-de-matriculaciones-para-los-grados-universitarios-en-los-campus-de-salt-terres-de-lebre-y-bellvitge\/","title":{"rendered":"Abierto el periodo de matriculaciones para los grados universitarios en los campus de Salt, Terres de l\u2019Ebre y Bellvitge"},"content":{"rendered":"<p>Este viernes se ha abierto el periodo de matriculaci\u00f3n para el curso acad\u00e9mico 2022\/23 en los campus de Salt, Terres de l\u2019Ebre y Bellvitge. En todas las sedes de la Escola Universit\u00e0ria de la Salut i l\u2019Esport, la actividad para la inscripci\u00f3n para los alumnos que se sumar\u00e1n a partir de septiembre a la familia de EUSES ha sido muy intensa. Adem\u00e1s de este viernes, los otros d\u00edas de matriculaciones asignados son el lunes 17, el martes 18 y el mi\u00e9rcoles 19. En el Campus de Salt y de Terres de l\u2019Ebre, los grados que se ofrecen son el de Fisioterapia, Ciencias de la Actividad F\u00edsica y del Deporte y la Doble Titulaci\u00f3n (CAFyD + Fisioterapia); mientras que en Bellvitge se imparte el Grado en Fisioterapia Internacional, que se hace \u00edntegramente en lengua inglesa.<\/p>\n","protected":false},"excerpt":{"rendered":"<p>Este viernes se ha abierto el periodo de matriculaci\u00f3n para el curso acad\u00e9mico 2022\/23 en los campus de Salt, Terres de l\u2019Ebre y Bellvitge. En todas las sedes de la Escola Universit\u00e0ria de la Salut i l\u2019Esport, la actividad para la inscripci\u00f3n para los alumnos que se sumar\u00e1n a partir de septiembre a la familia [&hellip;]<\/p>\n","protected":false},"author":3,"featured_media":11286,"comment_status":"open","ping_status":"closed","sticky":false,"template":"","format":"standard","meta":{"_acf_changed":false,"inline_featured_image":false,"_joinchat":[],"footnotes":""},"categories":[1],"tags":[],"class_list":["post-11277","post","type-post","status-publish","format-standard","has-post-thumbnail","hentry","category-sin-categorizar"],"acf":[],"yoast_head":"<!-- This site is optimized with the Yoast SEO plugin v27.4 - https:\/\/yoast.com\/product\/yoast-seo-wordpress\/ -->\n<title>Abierto el periodo de matriculaciones para los grados universitarios en los campus de Salt, Terres de l\u2019Ebre y Bellvitge | EUSES - Campus de Bellvitge (Barcelona)<\/title>\n<meta name=\"robots\" content=\"index, follow, max-snippet:-1, max-image-preview:large, max-video-preview:-1\" \/>\n<link rel=\"canonical\" href=\"https:\/\/barcelona.euses.cat\/es\/abierto-el-periodo-de-matriculaciones-para-los-grados-universitarios-en-los-campus-de-salt-terres-de-lebre-y-bellvitge\/\" \/>\n<meta property=\"og:locale\" content=\"es_ES\" \/>\n<meta property=\"og:type\" content=\"article\" \/>\n<meta property=\"og:title\" content=\"Abierto el periodo de matriculaciones para los grados universitarios en los campus de Salt, Terres de l\u2019Ebre y Bellvitge | EUSES - Campus de Bellvitge (Barcelona)\" \/>\n<meta property=\"og:description\" content=\"Este viernes se ha abierto el periodo de matriculaci\u00f3n para el curso acad\u00e9mico 2022\/23 en los campus de Salt, Terres de l\u2019Ebre y Bellvitge. En todas las sedes de la Escola Universit\u00e0ria de la Salut i l\u2019Esport, la actividad para la inscripci\u00f3n para los alumnos que se sumar\u00e1n a partir de septiembre a la familia [&hellip;]\" \/>\n<meta property=\"og:url\" content=\"https:\/\/barcelona.euses.cat\/es\/abierto-el-periodo-de-matriculaciones-para-los-grados-universitarios-en-los-campus-de-salt-terres-de-lebre-y-bellvitge\/\" \/>\n<meta property=\"og:site_name\" content=\"EUSES - Campus de Bellvitge (Barcelona)\" \/>\n<meta property=\"article:publisher\" content=\"https:\/\/www.facebook.com\/PhysioBCN\/\" \/>\n<meta property=\"article:published_time\" content=\"2023-07-14T12:13:50+00:00\" \/>\n<meta property=\"article:modified_time\" content=\"2023-07-17T18:10:11+00:00\" \/>\n<meta property=\"og:image\" content=\"https:\/\/barcelona.euses.cat\/wp-content\/uploads\/2023\/07\/bellvitge-2.jpeg\" \/>\n\t<meta property=\"og:image:width\" content=\"768\" \/>\n\t<meta property=\"og:image:height\" content=\"537\" \/>\n\t<meta property=\"og:image:type\" content=\"image\/jpeg\" \/>\n<meta name=\"author\" content=\"Jordi Danes\" \/>\n<meta name=\"twitter:card\" content=\"summary_large_image\" \/>\n<meta name=\"twitter:label1\" content=\"Escrito por\" \/>\n\t<meta name=\"twitter:data1\" content=\"Jordi Danes\" \/>\n\t<meta name=\"twitter:label2\" content=\"Tiempo de lectura\" \/>\n\t<meta name=\"twitter:data2\" content=\"1 minuto\" \/>\n<script type=\"application\/ld+json\" class=\"yoast-schema-graph\">{\"@context\":\"https:\\\/\\\/schema.org\",\"@graph\":[{\"@type\":\"Article\",\"@id\":\"https:\\\/\\\/barcelona.euses.cat\\\/es\\\/abierto-el-periodo-de-matriculaciones-para-los-grados-universitarios-en-los-campus-de-salt-terres-de-lebre-y-bellvitge\\\/#article\",\"isPartOf\":{\"@id\":\"https:\\\/\\\/barcelona.euses.cat\\\/es\\\/abierto-el-periodo-de-matriculaciones-para-los-grados-universitarios-en-los-campus-de-salt-terres-de-lebre-y-bellvitge\\\/\"},\"author\":{\"name\":\"Jordi Danes\",\"@id\":\"https:\\\/\\\/barcelona.euses.cat\\\/ca\\\/#\\\/schema\\\/person\\\/8ab46080dfc4814fa59383db317735bd\"},\"headline\":\"Abierto el periodo de matriculaciones para los grados universitarios en los campus de Salt, Terres de l\u2019Ebre y Bellvitge\",\"datePublished\":\"2023-07-14T12:13:50+00:00\",\"dateModified\":\"2023-07-17T18:10:11+00:00\",\"mainEntityOfPage\":{\"@id\":\"https:\\\/\\\/barcelona.euses.cat\\\/es\\\/abierto-el-periodo-de-matriculaciones-para-los-grados-universitarios-en-los-campus-de-salt-terres-de-lebre-y-bellvitge\\\/\"},\"wordCount\":162,\"commentCount\":0,\"image\":{\"@id\":\"https:\\\/\\\/barcelona.euses.cat\\\/es\\\/abierto-el-periodo-de-matriculaciones-para-los-grados-universitarios-en-los-campus-de-salt-terres-de-lebre-y-bellvitge\\\/#primaryimage\"},\"thumbnailUrl\":\"https:\\\/\\\/barcelona.euses.cat\\\/wp-content\\\/uploads\\\/2023\\\/07\\\/bellvitge-2.jpeg\",\"articleSection\":[\"Sin categorizar\"],\"inLanguage\":\"es\"},{\"@type\":\"WebPage\",\"@id\":\"https:\\\/\\\/barcelona.euses.cat\\\/es\\\/abierto-el-periodo-de-matriculaciones-para-los-grados-universitarios-en-los-campus-de-salt-terres-de-lebre-y-bellvitge\\\/\",\"url\":\"https:\\\/\\\/barcelona.euses.cat\\\/es\\\/abierto-el-periodo-de-matriculaciones-para-los-grados-universitarios-en-los-campus-de-salt-terres-de-lebre-y-bellvitge\\\/\",\"name\":\"Abierto el periodo de matriculaciones para los grados universitarios en los campus de Salt, Terres de l\u2019Ebre y Bellvitge | EUSES - Campus de Bellvitge (Barcelona)\",\"isPartOf\":{\"@id\":\"https:\\\/\\\/barcelona.euses.cat\\\/ca\\\/#website\"},\"primaryImageOfPage\":{\"@id\":\"https:\\\/\\\/barcelona.euses.cat\\\/es\\\/abierto-el-periodo-de-matriculaciones-para-los-grados-universitarios-en-los-campus-de-salt-terres-de-lebre-y-bellvitge\\\/#primaryimage\"},\"image\":{\"@id\":\"https:\\\/\\\/barcelona.euses.cat\\\/es\\\/abierto-el-periodo-de-matriculaciones-para-los-grados-universitarios-en-los-campus-de-salt-terres-de-lebre-y-bellvitge\\\/#primaryimage\"},\"thumbnailUrl\":\"https:\\\/\\\/barcelona.euses.cat\\\/wp-content\\\/uploads\\\/2023\\\/07\\\/bellvitge-2.jpeg\",\"datePublished\":\"2023-07-14T12:13:50+00:00\",\"dateModified\":\"2023-07-17T18:10:11+00:00\",\"author\":{\"@id\":\"https:\\\/\\\/barcelona.euses.cat\\\/ca\\\/#\\\/schema\\\/person\\\/8ab46080dfc4814fa59383db317735bd\"},\"breadcrumb\":{\"@id\":\"https:\\\/\\\/barcelona.euses.cat\\\/es\\\/abierto-el-periodo-de-matriculaciones-para-los-grados-universitarios-en-los-campus-de-salt-terres-de-lebre-y-bellvitge\\\/#breadcrumb\"},\"inLanguage\":\"es\",\"potentialAction\":[{\"@type\":\"ReadAction\",\"target\":[\"https:\\\/\\\/barcelona.euses.cat\\\/es\\\/abierto-el-periodo-de-matriculaciones-para-los-grados-universitarios-en-los-campus-de-salt-terres-de-lebre-y-bellvitge\\\/\"]}]},{\"@type\":\"ImageObject\",\"inLanguage\":\"es\",\"@id\":\"https:\\\/\\\/barcelona.euses.cat\\\/es\\\/abierto-el-periodo-de-matriculaciones-para-los-grados-universitarios-en-los-campus-de-salt-terres-de-lebre-y-bellvitge\\\/#primaryimage\",\"url\":\"https:\\\/\\\/barcelona.euses.cat\\\/wp-content\\\/uploads\\\/2023\\\/07\\\/bellvitge-2.jpeg\",\"contentUrl\":\"https:\\\/\\\/barcelona.euses.cat\\\/wp-content\\\/uploads\\\/2023\\\/07\\\/bellvitge-2.jpeg\",\"width\":768,\"height\":537},{\"@type\":\"BreadcrumbList\",\"@id\":\"https:\\\/\\\/barcelona.euses.cat\\\/es\\\/abierto-el-periodo-de-matriculaciones-para-los-grados-universitarios-en-los-campus-de-salt-terres-de-lebre-y-bellvitge\\\/#breadcrumb\",\"itemListElement\":[{\"@type\":\"ListItem\",\"position\":1,\"name\":\"Portada\",\"item\":\"https:\\\/\\\/barcelona.euses.cat\\\/es\\\/\"},{\"@type\":\"ListItem\",\"position\":2,\"name\":\"Abierto el periodo de matriculaciones para los grados universitarios en los campus de Salt, Terres de l\u2019Ebre y Bellvitge\"}]},{\"@type\":\"WebSite\",\"@id\":\"https:\\\/\\\/barcelona.euses.cat\\\/ca\\\/#website\",\"url\":\"https:\\\/\\\/barcelona.euses.cat\\\/ca\\\/\",\"name\":\"EUSES - Campus de Bellvitge (Barcelona)\",\"description\":\"EUSES, Escuela Universitaria de Fisioterapia Internacional en Barcelona\",\"potentialAction\":[{\"@type\":\"SearchAction\",\"target\":{\"@type\":\"EntryPoint\",\"urlTemplate\":\"https:\\\/\\\/barcelona.euses.cat\\\/ca\\\/?s={search_term_string}\"},\"query-input\":{\"@type\":\"PropertyValueSpecification\",\"valueRequired\":true,\"valueName\":\"search_term_string\"}}],\"inLanguage\":\"es\"},{\"@type\":\"Person\",\"@id\":\"https:\\\/\\\/barcelona.euses.cat\\\/ca\\\/#\\\/schema\\\/person\\\/8ab46080dfc4814fa59383db317735bd\",\"name\":\"Jordi Danes\",\"image\":{\"@type\":\"ImageObject\",\"inLanguage\":\"es\",\"@id\":\"https:\\\/\\\/secure.gravatar.com\\\/avatar\\\/a9e4f443b594af225625ee8cfa665e41b1e0740ea34fbe0515b4ca559f8570ef?s=96&d=mm&r=g\",\"url\":\"https:\\\/\\\/secure.gravatar.com\\\/avatar\\\/a9e4f443b594af225625ee8cfa665e41b1e0740ea34fbe0515b4ca559f8570ef?s=96&d=mm&r=g\",\"contentUrl\":\"https:\\\/\\\/secure.gravatar.com\\\/avatar\\\/a9e4f443b594af225625ee8cfa665e41b1e0740ea34fbe0515b4ca559f8570ef?s=96&d=mm&r=g\",\"caption\":\"Jordi Danes\"},\"url\":\"https:\\\/\\\/barcelona.euses.cat\\\/es\\\/author\\\/jordi-danes\\\/\"}]}<\/script>\n<!-- \/ Yoast SEO plugin. -->","yoast_head_json":{"title":"Abierto el periodo de matriculaciones para los grados universitarios en los campus de Salt, Terres de l\u2019Ebre y Bellvitge | EUSES - Campus de Bellvitge (Barcelona)","robots":{"index":"index","follow":"follow","max-snippet":"max-snippet:-1","max-image-preview":"max-image-preview:large","max-video-preview":"max-video-preview:-1"},"canonical":"https:\/\/barcelona.euses.cat\/es\/abierto-el-periodo-de-matriculaciones-para-los-grados-universitarios-en-los-campus-de-salt-terres-de-lebre-y-bellvitge\/","og_locale":"es_ES","og_type":"article","og_title":"Abierto el periodo de matriculaciones para los grados universitarios en los campus de Salt, Terres de l\u2019Ebre y Bellvitge | EUSES - Campus de Bellvitge (Barcelona)","og_description":"Este viernes se ha abierto el periodo de matriculaci\u00f3n para el curso acad\u00e9mico 2022\/23 en los campus de Salt, Terres de l\u2019Ebre y Bellvitge. En todas las sedes de la Escola Universit\u00e0ria de la Salut i l\u2019Esport, la actividad para la inscripci\u00f3n para los alumnos que se sumar\u00e1n a partir de septiembre a la familia [&hellip;]","og_url":"https:\/\/barcelona.euses.cat\/es\/abierto-el-periodo-de-matriculaciones-para-los-grados-universitarios-en-los-campus-de-salt-terres-de-lebre-y-bellvitge\/","og_site_name":"EUSES - Campus de Bellvitge (Barcelona)","article_publisher":"https:\/\/www.facebook.com\/PhysioBCN\/","article_published_time":"2023-07-14T12:13:50+00:00","article_modified_time":"2023-07-17T18:10:11+00:00","og_image":[{"width":768,"height":537,"url":"https:\/\/barcelona.euses.cat\/wp-content\/uploads\/2023\/07\/bellvitge-2.jpeg","type":"image\/jpeg"}],"author":"Jordi Danes","twitter_card":"summary_large_image","twitter_misc":{"Escrito por":"Jordi Danes","Tiempo de lectura":"1 minuto"},"schema":{"@context":"https:\/\/schema.org","@graph":[{"@type":"Article","@id":"https:\/\/barcelona.euses.cat\/es\/abierto-el-periodo-de-matriculaciones-para-los-grados-universitarios-en-los-campus-de-salt-terres-de-lebre-y-bellvitge\/#article","isPartOf":{"@id":"https:\/\/barcelona.euses.cat\/es\/abierto-el-periodo-de-matriculaciones-para-los-grados-universitarios-en-los-campus-de-salt-terres-de-lebre-y-bellvitge\/"},"author":{"name":"Jordi Danes","@id":"https:\/\/barcelona.euses.cat\/ca\/#\/schema\/person\/8ab46080dfc4814fa59383db317735bd"},"headline":"Abierto el periodo de matriculaciones para los grados universitarios en los campus de Salt, Terres de l\u2019Ebre y Bellvitge","datePublished":"2023-07-14T12:13:50+00:00","dateModified":"2023-07-17T18:10:11+00:00","mainEntityOfPage":{"@id":"https:\/\/barcelona.euses.cat\/es\/abierto-el-periodo-de-matriculaciones-para-los-grados-universitarios-en-los-campus-de-salt-terres-de-lebre-y-bellvitge\/"},"wordCount":162,"commentCount":0,"image":{"@id":"https:\/\/barcelona.euses.cat\/es\/abierto-el-periodo-de-matriculaciones-para-los-grados-universitarios-en-los-campus-de-salt-terres-de-lebre-y-bellvitge\/#primaryimage"},"thumbnailUrl":"https:\/\/barcelona.euses.cat\/wp-content\/uploads\/2023\/07\/bellvitge-2.jpeg","articleSection":["Sin categorizar"],"inLanguage":"es"},{"@type":"WebPage","@id":"https:\/\/barcelona.euses.cat\/es\/abierto-el-periodo-de-matriculaciones-para-los-grados-universitarios-en-los-campus-de-salt-terres-de-lebre-y-bellvitge\/","url":"https:\/\/barcelona.euses.cat\/es\/abierto-el-periodo-de-matriculaciones-para-los-grados-universitarios-en-los-campus-de-salt-terres-de-lebre-y-bellvitge\/","name":"Abierto el periodo de matriculaciones para los grados universitarios en los campus de Salt, Terres de l\u2019Ebre y Bellvitge | EUSES - Campus de Bellvitge (Barcelona)","isPartOf":{"@id":"https:\/\/barcelona.euses.cat\/ca\/#website"},"primaryImageOfPage":{"@id":"https:\/\/barcelona.euses.cat\/es\/abierto-el-periodo-de-matriculaciones-para-los-grados-universitarios-en-los-campus-de-salt-terres-de-lebre-y-bellvitge\/#primaryimage"},"image":{"@id":"https:\/\/barcelona.euses.cat\/es\/abierto-el-periodo-de-matriculaciones-para-los-grados-universitarios-en-los-campus-de-salt-terres-de-lebre-y-bellvitge\/#primaryimage"},"thumbnailUrl":"https:\/\/barcelona.euses.cat\/wp-content\/uploads\/2023\/07\/bellvitge-2.jpeg","datePublished":"2023-07-14T12:13:50+00:00","dateModified":"2023-07-17T18:10:11+00:00","author":{"@id":"https:\/\/barcelona.euses.cat\/ca\/#\/schema\/person\/8ab46080dfc4814fa59383db317735bd"},"breadcrumb":{"@id":"https:\/\/barcelona.euses.cat\/es\/abierto-el-periodo-de-matriculaciones-para-los-grados-universitarios-en-los-campus-de-salt-terres-de-lebre-y-bellvitge\/#breadcrumb"},"inLanguage":"es","potentialAction":[{"@type":"ReadAction","target":["https:\/\/barcelona.euses.cat\/es\/abierto-el-periodo-de-matriculaciones-para-los-grados-universitarios-en-los-campus-de-salt-terres-de-lebre-y-bellvitge\/"]}]},{"@type":"ImageObject","inLanguage":"es","@id":"https:\/\/barcelona.euses.cat\/es\/abierto-el-periodo-de-matriculaciones-para-los-grados-universitarios-en-los-campus-de-salt-terres-de-lebre-y-bellvitge\/#primaryimage","url":"https:\/\/barcelona.euses.cat\/wp-content\/uploads\/2023\/07\/bellvitge-2.jpeg","contentUrl":"https:\/\/barcelona.euses.cat\/wp-content\/uploads\/2023\/07\/bellvitge-2.jpeg","width":768,"height":537},{"@type":"BreadcrumbList","@id":"https:\/\/barcelona.euses.cat\/es\/abierto-el-periodo-de-matriculaciones-para-los-grados-universitarios-en-los-campus-de-salt-terres-de-lebre-y-bellvitge\/#breadcrumb","itemListElement":[{"@type":"ListItem","position":1,"name":"Portada","item":"https:\/\/barcelona.euses.cat\/es\/"},{"@type":"ListItem","position":2,"name":"Abierto el periodo de matriculaciones para los grados universitarios en los campus de Salt, Terres de l\u2019Ebre y Bellvitge"}]},{"@type":"WebSite","@id":"https:\/\/barcelona.euses.cat\/ca\/#website","url":"https:\/\/barcelona.euses.cat\/ca\/","name":"EUSES - Campus de Bellvitge (Barcelona)","description":"EUSES, Escuela Universitaria de Fisioterapia Internacional en Barcelona","potentialAction":[{"@type":"SearchAction","target":{"@type":"EntryPoint","urlTemplate":"https:\/\/barcelona.euses.cat\/ca\/?s={search_term_string}"},"query-input":{"@type":"PropertyValueSpecification","valueRequired":true,"valueName":"search_term_string"}}],"inLanguage":"es"},{"@type":"Person","@id":"https:\/\/barcelona.euses.cat\/ca\/#\/schema\/person\/8ab46080dfc4814fa59383db317735bd","name":"Jordi Danes","image":{"@type":"ImageObject","inLanguage":"es","@id":"https:\/\/secure.gravatar.com\/avatar\/a9e4f443b594af225625ee8cfa665e41b1e0740ea34fbe0515b4ca559f8570ef?s=96&d=mm&r=g","url":"https:\/\/secure.gravatar.com\/avatar\/a9e4f443b594af225625ee8cfa665e41b1e0740ea34fbe0515b4ca559f8570ef?s=96&d=mm&r=g","contentUrl":"https:\/\/secure.gravatar.com\/avatar\/a9e4f443b594af225625ee8cfa665e41b1e0740ea34fbe0515b4ca559f8570ef?s=96&d=mm&r=g","caption":"Jordi Danes"},"url":"https:\/\/barcelona.euses.cat\/es\/author\/jordi-danes\/"}]}},"_links":{"self":[{"href":"https:\/\/barcelona.euses.cat\/es\/wp-json\/wp\/v2\/posts\/11277","targetHints":{"allow":["GET"]}}],"collection":[{"href":"https:\/\/barcelona.euses.cat\/es\/wp-json\/wp\/v2\/posts"}],"about":[{"href":"https:\/\/barcelona.euses.cat\/es\/wp-json\/wp\/v2\/types\/post"}],"author":[{"embeddable":true,"href":"https:\/\/barcelona.euses.cat\/es\/wp-json\/wp\/v2\/users\/3"}],"replies":[{"embeddable":true,"href":"https:\/\/barcelona.euses.cat\/es\/wp-json\/wp\/v2\/comments?post=11277"}],"version-history":[{"count":1,"href":"https:\/\/barcelona.euses.cat\/es\/wp-json\/wp\/v2\/posts\/11277\/revisions"}],"predecessor-version":[{"id":11278,"href":"https:\/\/barcelona.euses.cat\/es\/wp-json\/wp\/v2\/posts\/11277\/revisions\/11278"}],"wp:featuredmedia":[{"embeddable":true,"href":"https:\/\/barcelona.euses.cat\/es\/wp-json\/wp\/v2\/media\/11286"}],"wp:attachment":[{"href":"https:\/\/barcelona.euses.cat\/es\/wp-json\/wp\/v2\/media?parent=11277"}],"wp:term":[{"taxonomy":"category","embeddable":true,"href":"https:\/\/barcelona.euses.cat\/es\/wp-json\/wp\/v2\/categories?post=11277"},{"taxonomy":"post_tag","embeddable":true,"href":"https:\/\/barcelona.euses.cat\/es\/wp-json\/wp\/v2\/tags?post=11277"}],"curies":[{"name":"wp","href":"https:\/\/api.w.org\/{rel}","templated":true}]}}