{"id":11261,"date":"2023-06-23T00:51:29","date_gmt":"2023-06-22T22:51:29","guid":{"rendered":"https:\/\/barcelona.euses.cat\/?p=11261"},"modified":"2023-06-23T00:51:29","modified_gmt":"2023-06-22T22:51:29","slug":"celebrado-el-acto-de-graduacion-de-la-5a-promocion-del-grado-en-fisioterapia-internacional-udg-ub-en-la-sala-paraninfo","status":"publish","type":"post","link":"https:\/\/barcelona.euses.cat\/es\/celebrado-el-acto-de-graduacion-de-la-5a-promocion-del-grado-en-fisioterapia-internacional-udg-ub-en-la-sala-paraninfo\/","title":{"rendered":"Celebrado el Acto de Graduaci\u00f3n de la 5\u00aa Promoci\u00f3n del Grado en Fisioterapia Internacional (UdG-UB) en la sala Paraninfo"},"content":{"rendered":"<p>La sala Paraninfo de la Universitat de Barcelona ha sido el escenario del Acto de Graduaci\u00f3n de la 5\u00aa Promoci\u00f3n del Grado en Fisioterapia Internacional (UdG-UB). De all\u00ed han salido m\u00e1s de cuarenta nuevos fisioterapeutas que iniciaron los estudios en el Campus de Bellvitge en 2019 y que este jueves han recibido el diploma que los acredita como profesionales despu\u00e9s de cuatro a\u00f1os de intenso esfuerzo.<\/p>\n<p>La ceremonia la ha abierto el Vicedecano acad\u00e9mico y Coordinador del Campus Bellvitge de la Facultad de Medicina y Ciencias de la Salud, Dr. Joan M. Nolla. El discurso inicial ha dado paso a los parlamentos del Director Acad\u00e9mico de ENTI-UB, Dr. \u00d2scar Garcia y del Director del Grado en Fisioterapia, Dr. Gerard Mu\u00f1oz. Todos ellos han elogiado la perseverancia, actitud y dedicaci\u00f3n de esta promoci\u00f3n (2019-2023) y han alentado a los nuevos graduados a adentrarse en el campo profesional con la misma firmeza y ambici\u00f3n que lo han hecho durante su etapa universitaria.<\/p>\n<p>Los discursos han precedido a la entrega de diplomas, que ha sido el momento m\u00e1s celebrado de la jornada. Despu\u00e9s de esta entrega ha tomado la palabra la delegada del rector para los centros adscritos de la UdG, Pilar Marqu\u00e9s, la cual ha dado otra vez la palabra al Dr. Joan M. Nolla para que cerrara oficialmente el acontecimiento antes de que sonara en la sala el himno universitario, Gaudeamus Igitur.<\/p>\n\n\t\t<style type=\"text\/css\">\n\t\t\t#gallery-1 {\n\t\t\t\tmargin: auto;\n\t\t\t}\n\t\t\t#gallery-1 .gallery-item {\n\t\t\t\tfloat: left;\n\t\t\t\tmargin-top: 10px;\n\t\t\t\ttext-align: center;\n\t\t\t\twidth: 33%;\n\t\t\t}\n\t\t\t#gallery-1 img {\n\t\t\t\tborder: 2px solid #cfcfcf;\n\t\t\t}\n\t\t\t#gallery-1 .gallery-caption {\n\t\t\t\tmargin-left: 0;\n\t\t\t}\n\t\t\t\/* see gallery_shortcode() in wp-includes\/media.php *\/\n\t\t<\/style>\n\t\t<div id='gallery-1' class='gallery galleryid-11261 gallery-columns-3 gallery-size-medium'><dl class='gallery-item'>\n\t\t\t<dt class='gallery-icon portrait'>\n\t\t\t\t<a href='https:\/\/barcelona.euses.cat\/es\/celebrado-el-acto-de-graduacion-de-la-5a-promocion-del-grado-en-fisioterapia-internacional-udg-ub-en-la-sala-paraninfo\/graduacio-2019_2023-1-2\/'><img fetchpriority=\"high\" decoding=\"async\" width=\"169\" height=\"300\" src=\"https:\/\/barcelona.euses.cat\/wp-content\/uploads\/2023\/06\/graduacio-2019_2023-1-169x300.jpeg\" class=\"attachment-medium size-medium\" alt=\"\" srcset=\"https:\/\/barcelona.euses.cat\/wp-content\/uploads\/2023\/06\/graduacio-2019_2023-1-169x300.jpeg 169w, https:\/\/barcelona.euses.cat\/wp-content\/uploads\/2023\/06\/graduacio-2019_2023-1-576x1024.jpeg 576w, https:\/\/barcelona.euses.cat\/wp-content\/uploads\/2023\/06\/graduacio-2019_2023-1-768x1365.jpeg 768w, https:\/\/barcelona.euses.cat\/wp-content\/uploads\/2023\/06\/graduacio-2019_2023-1-864x1536.jpeg 864w, https:\/\/barcelona.euses.cat\/wp-content\/uploads\/2023\/06\/graduacio-2019_2023-1-113x200.jpeg 113w, https:\/\/barcelona.euses.cat\/wp-content\/uploads\/2023\/06\/graduacio-2019_2023-1.jpeg 1152w\" sizes=\"(max-width: 169px) 100vw, 169px\" \/><\/a>\n\t\t\t<\/dt><\/dl><dl class='gallery-item'>\n\t\t\t<dt class='gallery-icon portrait'>\n\t\t\t\t<a href='https:\/\/barcelona.euses.cat\/es\/celebrado-el-acto-de-graduacion-de-la-5a-promocion-del-grado-en-fisioterapia-internacional-udg-ub-en-la-sala-paraninfo\/graduacio-2019_2023-3-2\/'><img decoding=\"async\" width=\"225\" height=\"300\" src=\"https:\/\/barcelona.euses.cat\/wp-content\/uploads\/2023\/06\/graduacio-2019_2023-3-225x300.jpeg\" class=\"attachment-medium size-medium\" alt=\"\" srcset=\"https:\/\/barcelona.euses.cat\/wp-content\/uploads\/2023\/06\/graduacio-2019_2023-3-225x300.jpeg 225w, https:\/\/barcelona.euses.cat\/wp-content\/uploads\/2023\/06\/graduacio-2019_2023-3-768x1024.jpeg 768w, https:\/\/barcelona.euses.cat\/wp-content\/uploads\/2023\/06\/graduacio-2019_2023-3-1152x1536.jpeg 1152w, https:\/\/barcelona.euses.cat\/wp-content\/uploads\/2023\/06\/graduacio-2019_2023-3-150x200.jpeg 150w, https:\/\/barcelona.euses.cat\/wp-content\/uploads\/2023\/06\/graduacio-2019_2023-3-290x385.jpeg 290w, https:\/\/barcelona.euses.cat\/wp-content\/uploads\/2023\/06\/graduacio-2019_2023-3-400x531.jpeg 400w, https:\/\/barcelona.euses.cat\/wp-content\/uploads\/2023\/06\/graduacio-2019_2023-3.jpeg 1536w\" sizes=\"(max-width: 225px) 100vw, 225px\" \/><\/a>\n\t\t\t<\/dt><\/dl><dl class='gallery-item'>\n\t\t\t<dt class='gallery-icon landscape'>\n\t\t\t\t<a href='https:\/\/barcelona.euses.cat\/es\/celebrado-el-acto-de-graduacion-de-la-5a-promocion-del-grado-en-fisioterapia-internacional-udg-ub-en-la-sala-paraninfo\/graduacio-2019_2023-4-2\/'><img decoding=\"async\" width=\"300\" height=\"225\" src=\"https:\/\/barcelona.euses.cat\/wp-content\/uploads\/2023\/06\/graduacio-2019_2023-4-300x225.jpeg\" class=\"attachment-medium size-medium\" alt=\"\" srcset=\"https:\/\/barcelona.euses.cat\/wp-content\/uploads\/2023\/06\/graduacio-2019_2023-4-300x225.jpeg 300w, https:\/\/barcelona.euses.cat\/wp-content\/uploads\/2023\/06\/graduacio-2019_2023-4-1024x768.jpeg 1024w, https:\/\/barcelona.euses.cat\/wp-content\/uploads\/2023\/06\/graduacio-2019_2023-4-768x576.jpeg 768w, https:\/\/barcelona.euses.cat\/wp-content\/uploads\/2023\/06\/graduacio-2019_2023-4-1536x1152.jpeg 1536w, https:\/\/barcelona.euses.cat\/wp-content\/uploads\/2023\/06\/graduacio-2019_2023-4-267x200.jpeg 267w, https:\/\/barcelona.euses.cat\/wp-content\/uploads\/2023\/06\/graduacio-2019_2023-4-700x525.jpeg 700w, https:\/\/barcelona.euses.cat\/wp-content\/uploads\/2023\/06\/graduacio-2019_2023-4.jpeg 2048w\" sizes=\"(max-width: 300px) 100vw, 300px\" \/><\/a>\n\t\t\t<\/dt><\/dl><br style=\"clear: both\" \/>\n\t\t<\/div>\n\n","protected":false},"excerpt":{"rendered":"<p>La sala Paraninfo de la Universitat de Barcelona ha sido el escenario del Acto de Graduaci\u00f3n de la 5\u00aa Promoci\u00f3n del Grado en Fisioterapia Internacional (UdG-UB). De all\u00ed han salido m\u00e1s de cuarenta nuevos fisioterapeutas que iniciaron los estudios en el Campus de Bellvitge en 2019 y que este jueves han recibido el diploma que [&hellip;]<\/p>\n","protected":false},"author":3,"featured_media":11247,"comment_status":"open","ping_status":"closed","sticky":false,"template":"","format":"standard","meta":{"_acf_changed":false,"inline_featured_image":false,"_joinchat":[],"footnotes":""},"categories":[1],"tags":[],"class_list":["post-11261","post","type-post","status-publish","format-standard","has-post-thumbnail","hentry","category-sin-categorizar"],"acf":[],"yoast_head":"<!-- This site is optimized with the Yoast SEO plugin v27.4 - https:\/\/yoast.com\/product\/yoast-seo-wordpress\/ -->\n<title>Celebrado el Acto de Graduaci\u00f3n de la 5\u00aa Promoci\u00f3n del Grado en Fisioterapia Internacional (UdG-UB) en la sala Paraninfo | EUSES - Campus de Bellvitge (Barcelona)<\/title>\n<meta name=\"robots\" content=\"index, follow, max-snippet:-1, max-image-preview:large, max-video-preview:-1\" \/>\n<link rel=\"canonical\" href=\"https:\/\/barcelona.euses.cat\/es\/celebrado-el-acto-de-graduacion-de-la-5a-promocion-del-grado-en-fisioterapia-internacional-udg-ub-en-la-sala-paraninfo\/\" \/>\n<meta property=\"og:locale\" content=\"es_ES\" \/>\n<meta property=\"og:type\" content=\"article\" \/>\n<meta property=\"og:title\" content=\"Celebrado el Acto de Graduaci\u00f3n de la 5\u00aa Promoci\u00f3n del Grado en Fisioterapia Internacional (UdG-UB) en la sala Paraninfo | EUSES - Campus de Bellvitge (Barcelona)\" \/>\n<meta property=\"og:description\" content=\"La sala Paraninfo de la Universitat de Barcelona ha sido el escenario del Acto de Graduaci\u00f3n de la 5\u00aa Promoci\u00f3n del Grado en Fisioterapia Internacional (UdG-UB). De all\u00ed han salido m\u00e1s de cuarenta nuevos fisioterapeutas que iniciaron los estudios en el Campus de Bellvitge en 2019 y que este jueves han recibido el diploma que [&hellip;]\" \/>\n<meta property=\"og:url\" content=\"https:\/\/barcelona.euses.cat\/es\/celebrado-el-acto-de-graduacion-de-la-5a-promocion-del-grado-en-fisioterapia-internacional-udg-ub-en-la-sala-paraninfo\/\" \/>\n<meta property=\"og:site_name\" content=\"EUSES - Campus de Bellvitge (Barcelona)\" \/>\n<meta property=\"article:publisher\" content=\"https:\/\/www.facebook.com\/PhysioBCN\/\" \/>\n<meta property=\"article:published_time\" content=\"2023-06-22T22:51:29+00:00\" \/>\n<meta property=\"og:image\" content=\"https:\/\/barcelona.euses.cat\/wp-content\/uploads\/2023\/06\/graduacio-2019_2023-2.jpeg\" \/>\n\t<meta property=\"og:image:width\" content=\"2048\" \/>\n\t<meta property=\"og:image:height\" content=\"1152\" \/>\n\t<meta property=\"og:image:type\" content=\"image\/jpeg\" \/>\n<meta name=\"author\" content=\"Jordi Danes\" \/>\n<meta name=\"twitter:card\" content=\"summary_large_image\" \/>\n<meta name=\"twitter:label1\" content=\"Escrito por\" \/>\n\t<meta name=\"twitter:data1\" content=\"Jordi Danes\" \/>\n\t<meta name=\"twitter:label2\" content=\"Tiempo de lectura\" \/>\n\t<meta name=\"twitter:data2\" content=\"2 minutos\" \/>\n<script type=\"application\/ld+json\" class=\"yoast-schema-graph\">{\"@context\":\"https:\\\/\\\/schema.org\",\"@graph\":[{\"@type\":\"Article\",\"@id\":\"https:\\\/\\\/barcelona.euses.cat\\\/es\\\/celebrado-el-acto-de-graduacion-de-la-5a-promocion-del-grado-en-fisioterapia-internacional-udg-ub-en-la-sala-paraninfo\\\/#article\",\"isPartOf\":{\"@id\":\"https:\\\/\\\/barcelona.euses.cat\\\/es\\\/celebrado-el-acto-de-graduacion-de-la-5a-promocion-del-grado-en-fisioterapia-internacional-udg-ub-en-la-sala-paraninfo\\\/\"},\"author\":{\"name\":\"Jordi Danes\",\"@id\":\"https:\\\/\\\/barcelona.euses.cat\\\/ca\\\/#\\\/schema\\\/person\\\/8ab46080dfc4814fa59383db317735bd\"},\"headline\":\"Celebrado el Acto de Graduaci\u00f3n de la 5\u00aa Promoci\u00f3n del Grado en Fisioterapia Internacional (UdG-UB) en la sala Paraninfo\",\"datePublished\":\"2023-06-22T22:51:29+00:00\",\"mainEntityOfPage\":{\"@id\":\"https:\\\/\\\/barcelona.euses.cat\\\/es\\\/celebrado-el-acto-de-graduacion-de-la-5a-promocion-del-grado-en-fisioterapia-internacional-udg-ub-en-la-sala-paraninfo\\\/\"},\"wordCount\":267,\"commentCount\":0,\"image\":{\"@id\":\"https:\\\/\\\/barcelona.euses.cat\\\/es\\\/celebrado-el-acto-de-graduacion-de-la-5a-promocion-del-grado-en-fisioterapia-internacional-udg-ub-en-la-sala-paraninfo\\\/#primaryimage\"},\"thumbnailUrl\":\"https:\\\/\\\/barcelona.euses.cat\\\/wp-content\\\/uploads\\\/2023\\\/06\\\/graduacio-2019_2023-2.jpeg\",\"articleSection\":[\"Sin categorizar\"],\"inLanguage\":\"es\"},{\"@type\":\"WebPage\",\"@id\":\"https:\\\/\\\/barcelona.euses.cat\\\/es\\\/celebrado-el-acto-de-graduacion-de-la-5a-promocion-del-grado-en-fisioterapia-internacional-udg-ub-en-la-sala-paraninfo\\\/\",\"url\":\"https:\\\/\\\/barcelona.euses.cat\\\/es\\\/celebrado-el-acto-de-graduacion-de-la-5a-promocion-del-grado-en-fisioterapia-internacional-udg-ub-en-la-sala-paraninfo\\\/\",\"name\":\"Celebrado el Acto de Graduaci\u00f3n de la 5\u00aa Promoci\u00f3n del Grado en Fisioterapia Internacional (UdG-UB) en la sala Paraninfo | EUSES - Campus de Bellvitge (Barcelona)\",\"isPartOf\":{\"@id\":\"https:\\\/\\\/barcelona.euses.cat\\\/ca\\\/#website\"},\"primaryImageOfPage\":{\"@id\":\"https:\\\/\\\/barcelona.euses.cat\\\/es\\\/celebrado-el-acto-de-graduacion-de-la-5a-promocion-del-grado-en-fisioterapia-internacional-udg-ub-en-la-sala-paraninfo\\\/#primaryimage\"},\"image\":{\"@id\":\"https:\\\/\\\/barcelona.euses.cat\\\/es\\\/celebrado-el-acto-de-graduacion-de-la-5a-promocion-del-grado-en-fisioterapia-internacional-udg-ub-en-la-sala-paraninfo\\\/#primaryimage\"},\"thumbnailUrl\":\"https:\\\/\\\/barcelona.euses.cat\\\/wp-content\\\/uploads\\\/2023\\\/06\\\/graduacio-2019_2023-2.jpeg\",\"datePublished\":\"2023-06-22T22:51:29+00:00\",\"author\":{\"@id\":\"https:\\\/\\\/barcelona.euses.cat\\\/ca\\\/#\\\/schema\\\/person\\\/8ab46080dfc4814fa59383db317735bd\"},\"breadcrumb\":{\"@id\":\"https:\\\/\\\/barcelona.euses.cat\\\/es\\\/celebrado-el-acto-de-graduacion-de-la-5a-promocion-del-grado-en-fisioterapia-internacional-udg-ub-en-la-sala-paraninfo\\\/#breadcrumb\"},\"inLanguage\":\"es\",\"potentialAction\":[{\"@type\":\"ReadAction\",\"target\":[\"https:\\\/\\\/barcelona.euses.cat\\\/es\\\/celebrado-el-acto-de-graduacion-de-la-5a-promocion-del-grado-en-fisioterapia-internacional-udg-ub-en-la-sala-paraninfo\\\/\"]}]},{\"@type\":\"ImageObject\",\"inLanguage\":\"es\",\"@id\":\"https:\\\/\\\/barcelona.euses.cat\\\/es\\\/celebrado-el-acto-de-graduacion-de-la-5a-promocion-del-grado-en-fisioterapia-internacional-udg-ub-en-la-sala-paraninfo\\\/#primaryimage\",\"url\":\"https:\\\/\\\/barcelona.euses.cat\\\/wp-content\\\/uploads\\\/2023\\\/06\\\/graduacio-2019_2023-2.jpeg\",\"contentUrl\":\"https:\\\/\\\/barcelona.euses.cat\\\/wp-content\\\/uploads\\\/2023\\\/06\\\/graduacio-2019_2023-2.jpeg\",\"width\":2048,\"height\":1152},{\"@type\":\"BreadcrumbList\",\"@id\":\"https:\\\/\\\/barcelona.euses.cat\\\/es\\\/celebrado-el-acto-de-graduacion-de-la-5a-promocion-del-grado-en-fisioterapia-internacional-udg-ub-en-la-sala-paraninfo\\\/#breadcrumb\",\"itemListElement\":[{\"@type\":\"ListItem\",\"position\":1,\"name\":\"Portada\",\"item\":\"https:\\\/\\\/barcelona.euses.cat\\\/es\\\/\"},{\"@type\":\"ListItem\",\"position\":2,\"name\":\"Celebrado el Acto de Graduaci\u00f3n de la 5\u00aa Promoci\u00f3n del Grado en Fisioterapia Internacional (UdG-UB) en la sala Paraninfo\"}]},{\"@type\":\"WebSite\",\"@id\":\"https:\\\/\\\/barcelona.euses.cat\\\/ca\\\/#website\",\"url\":\"https:\\\/\\\/barcelona.euses.cat\\\/ca\\\/\",\"name\":\"EUSES - Campus de Bellvitge (Barcelona)\",\"description\":\"EUSES, Escuela Universitaria de Fisioterapia Internacional en Barcelona\",\"potentialAction\":[{\"@type\":\"SearchAction\",\"target\":{\"@type\":\"EntryPoint\",\"urlTemplate\":\"https:\\\/\\\/barcelona.euses.cat\\\/ca\\\/?s={search_term_string}\"},\"query-input\":{\"@type\":\"PropertyValueSpecification\",\"valueRequired\":true,\"valueName\":\"search_term_string\"}}],\"inLanguage\":\"es\"},{\"@type\":\"Person\",\"@id\":\"https:\\\/\\\/barcelona.euses.cat\\\/ca\\\/#\\\/schema\\\/person\\\/8ab46080dfc4814fa59383db317735bd\",\"name\":\"Jordi Danes\",\"image\":{\"@type\":\"ImageObject\",\"inLanguage\":\"es\",\"@id\":\"https:\\\/\\\/secure.gravatar.com\\\/avatar\\\/a9e4f443b594af225625ee8cfa665e41b1e0740ea34fbe0515b4ca559f8570ef?s=96&d=mm&r=g\",\"url\":\"https:\\\/\\\/secure.gravatar.com\\\/avatar\\\/a9e4f443b594af225625ee8cfa665e41b1e0740ea34fbe0515b4ca559f8570ef?s=96&d=mm&r=g\",\"contentUrl\":\"https:\\\/\\\/secure.gravatar.com\\\/avatar\\\/a9e4f443b594af225625ee8cfa665e41b1e0740ea34fbe0515b4ca559f8570ef?s=96&d=mm&r=g\",\"caption\":\"Jordi Danes\"},\"url\":\"https:\\\/\\\/barcelona.euses.cat\\\/es\\\/author\\\/jordi-danes\\\/\"}]}<\/script>\n<!-- \/ Yoast SEO plugin. -->","yoast_head_json":{"title":"Celebrado el Acto de Graduaci\u00f3n de la 5\u00aa Promoci\u00f3n del Grado en Fisioterapia Internacional (UdG-UB) en la sala Paraninfo | EUSES - Campus de Bellvitge (Barcelona)","robots":{"index":"index","follow":"follow","max-snippet":"max-snippet:-1","max-image-preview":"max-image-preview:large","max-video-preview":"max-video-preview:-1"},"canonical":"https:\/\/barcelona.euses.cat\/es\/celebrado-el-acto-de-graduacion-de-la-5a-promocion-del-grado-en-fisioterapia-internacional-udg-ub-en-la-sala-paraninfo\/","og_locale":"es_ES","og_type":"article","og_title":"Celebrado el Acto de Graduaci\u00f3n de la 5\u00aa Promoci\u00f3n del Grado en Fisioterapia Internacional (UdG-UB) en la sala Paraninfo | EUSES - Campus de Bellvitge (Barcelona)","og_description":"La sala Paraninfo de la Universitat de Barcelona ha sido el escenario del Acto de Graduaci\u00f3n de la 5\u00aa Promoci\u00f3n del Grado en Fisioterapia Internacional (UdG-UB). De all\u00ed han salido m\u00e1s de cuarenta nuevos fisioterapeutas que iniciaron los estudios en el Campus de Bellvitge en 2019 y que este jueves han recibido el diploma que [&hellip;]","og_url":"https:\/\/barcelona.euses.cat\/es\/celebrado-el-acto-de-graduacion-de-la-5a-promocion-del-grado-en-fisioterapia-internacional-udg-ub-en-la-sala-paraninfo\/","og_site_name":"EUSES - Campus de Bellvitge (Barcelona)","article_publisher":"https:\/\/www.facebook.com\/PhysioBCN\/","article_published_time":"2023-06-22T22:51:29+00:00","og_image":[{"width":2048,"height":1152,"url":"https:\/\/barcelona.euses.cat\/wp-content\/uploads\/2023\/06\/graduacio-2019_2023-2.jpeg","type":"image\/jpeg"}],"author":"Jordi Danes","twitter_card":"summary_large_image","twitter_misc":{"Escrito por":"Jordi Danes","Tiempo de lectura":"2 minutos"},"schema":{"@context":"https:\/\/schema.org","@graph":[{"@type":"Article","@id":"https:\/\/barcelona.euses.cat\/es\/celebrado-el-acto-de-graduacion-de-la-5a-promocion-del-grado-en-fisioterapia-internacional-udg-ub-en-la-sala-paraninfo\/#article","isPartOf":{"@id":"https:\/\/barcelona.euses.cat\/es\/celebrado-el-acto-de-graduacion-de-la-5a-promocion-del-grado-en-fisioterapia-internacional-udg-ub-en-la-sala-paraninfo\/"},"author":{"name":"Jordi Danes","@id":"https:\/\/barcelona.euses.cat\/ca\/#\/schema\/person\/8ab46080dfc4814fa59383db317735bd"},"headline":"Celebrado el Acto de Graduaci\u00f3n de la 5\u00aa Promoci\u00f3n del Grado en Fisioterapia Internacional (UdG-UB) en la sala Paraninfo","datePublished":"2023-06-22T22:51:29+00:00","mainEntityOfPage":{"@id":"https:\/\/barcelona.euses.cat\/es\/celebrado-el-acto-de-graduacion-de-la-5a-promocion-del-grado-en-fisioterapia-internacional-udg-ub-en-la-sala-paraninfo\/"},"wordCount":267,"commentCount":0,"image":{"@id":"https:\/\/barcelona.euses.cat\/es\/celebrado-el-acto-de-graduacion-de-la-5a-promocion-del-grado-en-fisioterapia-internacional-udg-ub-en-la-sala-paraninfo\/#primaryimage"},"thumbnailUrl":"https:\/\/barcelona.euses.cat\/wp-content\/uploads\/2023\/06\/graduacio-2019_2023-2.jpeg","articleSection":["Sin categorizar"],"inLanguage":"es"},{"@type":"WebPage","@id":"https:\/\/barcelona.euses.cat\/es\/celebrado-el-acto-de-graduacion-de-la-5a-promocion-del-grado-en-fisioterapia-internacional-udg-ub-en-la-sala-paraninfo\/","url":"https:\/\/barcelona.euses.cat\/es\/celebrado-el-acto-de-graduacion-de-la-5a-promocion-del-grado-en-fisioterapia-internacional-udg-ub-en-la-sala-paraninfo\/","name":"Celebrado el Acto de Graduaci\u00f3n de la 5\u00aa Promoci\u00f3n del Grado en Fisioterapia Internacional (UdG-UB) en la sala Paraninfo | EUSES - Campus de Bellvitge (Barcelona)","isPartOf":{"@id":"https:\/\/barcelona.euses.cat\/ca\/#website"},"primaryImageOfPage":{"@id":"https:\/\/barcelona.euses.cat\/es\/celebrado-el-acto-de-graduacion-de-la-5a-promocion-del-grado-en-fisioterapia-internacional-udg-ub-en-la-sala-paraninfo\/#primaryimage"},"image":{"@id":"https:\/\/barcelona.euses.cat\/es\/celebrado-el-acto-de-graduacion-de-la-5a-promocion-del-grado-en-fisioterapia-internacional-udg-ub-en-la-sala-paraninfo\/#primaryimage"},"thumbnailUrl":"https:\/\/barcelona.euses.cat\/wp-content\/uploads\/2023\/06\/graduacio-2019_2023-2.jpeg","datePublished":"2023-06-22T22:51:29+00:00","author":{"@id":"https:\/\/barcelona.euses.cat\/ca\/#\/schema\/person\/8ab46080dfc4814fa59383db317735bd"},"breadcrumb":{"@id":"https:\/\/barcelona.euses.cat\/es\/celebrado-el-acto-de-graduacion-de-la-5a-promocion-del-grado-en-fisioterapia-internacional-udg-ub-en-la-sala-paraninfo\/#breadcrumb"},"inLanguage":"es","potentialAction":[{"@type":"ReadAction","target":["https:\/\/barcelona.euses.cat\/es\/celebrado-el-acto-de-graduacion-de-la-5a-promocion-del-grado-en-fisioterapia-internacional-udg-ub-en-la-sala-paraninfo\/"]}]},{"@type":"ImageObject","inLanguage":"es","@id":"https:\/\/barcelona.euses.cat\/es\/celebrado-el-acto-de-graduacion-de-la-5a-promocion-del-grado-en-fisioterapia-internacional-udg-ub-en-la-sala-paraninfo\/#primaryimage","url":"https:\/\/barcelona.euses.cat\/wp-content\/uploads\/2023\/06\/graduacio-2019_2023-2.jpeg","contentUrl":"https:\/\/barcelona.euses.cat\/wp-content\/uploads\/2023\/06\/graduacio-2019_2023-2.jpeg","width":2048,"height":1152},{"@type":"BreadcrumbList","@id":"https:\/\/barcelona.euses.cat\/es\/celebrado-el-acto-de-graduacion-de-la-5a-promocion-del-grado-en-fisioterapia-internacional-udg-ub-en-la-sala-paraninfo\/#breadcrumb","itemListElement":[{"@type":"ListItem","position":1,"name":"Portada","item":"https:\/\/barcelona.euses.cat\/es\/"},{"@type":"ListItem","position":2,"name":"Celebrado el Acto de Graduaci\u00f3n de la 5\u00aa Promoci\u00f3n del Grado en Fisioterapia Internacional (UdG-UB) en la sala Paraninfo"}]},{"@type":"WebSite","@id":"https:\/\/barcelona.euses.cat\/ca\/#website","url":"https:\/\/barcelona.euses.cat\/ca\/","name":"EUSES - Campus de Bellvitge (Barcelona)","description":"EUSES, Escuela Universitaria de Fisioterapia Internacional en Barcelona","potentialAction":[{"@type":"SearchAction","target":{"@type":"EntryPoint","urlTemplate":"https:\/\/barcelona.euses.cat\/ca\/?s={search_term_string}"},"query-input":{"@type":"PropertyValueSpecification","valueRequired":true,"valueName":"search_term_string"}}],"inLanguage":"es"},{"@type":"Person","@id":"https:\/\/barcelona.euses.cat\/ca\/#\/schema\/person\/8ab46080dfc4814fa59383db317735bd","name":"Jordi Danes","image":{"@type":"ImageObject","inLanguage":"es","@id":"https:\/\/secure.gravatar.com\/avatar\/a9e4f443b594af225625ee8cfa665e41b1e0740ea34fbe0515b4ca559f8570ef?s=96&d=mm&r=g","url":"https:\/\/secure.gravatar.com\/avatar\/a9e4f443b594af225625ee8cfa665e41b1e0740ea34fbe0515b4ca559f8570ef?s=96&d=mm&r=g","contentUrl":"https:\/\/secure.gravatar.com\/avatar\/a9e4f443b594af225625ee8cfa665e41b1e0740ea34fbe0515b4ca559f8570ef?s=96&d=mm&r=g","caption":"Jordi Danes"},"url":"https:\/\/barcelona.euses.cat\/es\/author\/jordi-danes\/"}]}},"_links":{"self":[{"href":"https:\/\/barcelona.euses.cat\/es\/wp-json\/wp\/v2\/posts\/11261","targetHints":{"allow":["GET"]}}],"collection":[{"href":"https:\/\/barcelona.euses.cat\/es\/wp-json\/wp\/v2\/posts"}],"about":[{"href":"https:\/\/barcelona.euses.cat\/es\/wp-json\/wp\/v2\/types\/post"}],"author":[{"embeddable":true,"href":"https:\/\/barcelona.euses.cat\/es\/wp-json\/wp\/v2\/users\/3"}],"replies":[{"embeddable":true,"href":"https:\/\/barcelona.euses.cat\/es\/wp-json\/wp\/v2\/comments?post=11261"}],"version-history":[{"count":1,"href":"https:\/\/barcelona.euses.cat\/es\/wp-json\/wp\/v2\/posts\/11261\/revisions"}],"predecessor-version":[{"id":11262,"href":"https:\/\/barcelona.euses.cat\/es\/wp-json\/wp\/v2\/posts\/11261\/revisions\/11262"}],"wp:featuredmedia":[{"embeddable":true,"href":"https:\/\/barcelona.euses.cat\/es\/wp-json\/wp\/v2\/media\/11247"}],"wp:attachment":[{"href":"https:\/\/barcelona.euses.cat\/es\/wp-json\/wp\/v2\/media?parent=11261"}],"wp:term":[{"taxonomy":"category","embeddable":true,"href":"https:\/\/barcelona.euses.cat\/es\/wp-json\/wp\/v2\/categories?post=11261"},{"taxonomy":"post_tag","embeddable":true,"href":"https:\/\/barcelona.euses.cat\/es\/wp-json\/wp\/v2\/tags?post=11261"}],"curies":[{"name":"wp","href":"https:\/\/api.w.org\/{rel}","templated":true}]}}