{"id":11216,"date":"2023-05-23T16:41:27","date_gmt":"2023-05-23T14:41:27","guid":{"rendered":"https:\/\/barcelona.euses.cat\/?p=11216"},"modified":"2023-05-23T16:41:27","modified_gmt":"2023-05-23T14:41:27","slug":"el-fisioterapeuta-de-alumni-oscar-rego-supervisa-el-campeonato-catalan-de-gimnasia-ritmica-en-sant-just-desvern","status":"publish","type":"post","link":"https:\/\/barcelona.euses.cat\/es\/el-fisioterapeuta-de-alumni-oscar-rego-supervisa-el-campeonato-catalan-de-gimnasia-ritmica-en-sant-just-desvern\/","title":{"rendered":"El fisioterapeuta de Alumni Oscar Rego supervisa el campeonato catal\u00e1n de gimnasia r\u00edtmica en Sant Just Desvern"},"content":{"rendered":"<p>El asociado de EUSES Alumni \u00d2scar Rego ha dado cobertura fisioterap\u00e9utica en el campeonato de Catalunya individual de gimnasia r\u00edtmica que se ha celebrado este s\u00e1bado en Sant Just Desvern, en el Complejo Deportivo de La Bonaigua, y que ha sido organizado por la <a href=\"https:\/\/www.gimcat.com\/competicio.html?prova=1845\" target=\"_blank\" rel=\"noopener\">Federaci\u00f3n Catalana de Gimnasia<\/a>. \u00d2scar Rego ha realizado las actuaciones que han sido necesarias (masajes, estiramientos, vendajes musculares, valoraciones de lesiones\u2026) durante la jornada, que se ha iniciado a las 9 de la ma\u00f1ana y en la cual han competido numerosos participantes en las categor\u00edas alev\u00edn, benjam\u00edn, infantil, j\u00fanior y s\u00e9nior.<\/p>\n<p>&nbsp;<\/p>\n","protected":false},"excerpt":{"rendered":"<p>El asociado de EUSES Alumni \u00d2scar Rego ha dado cobertura fisioterap\u00e9utica en el campeonato de Catalunya individual de gimnasia r\u00edtmica que se ha celebrado este s\u00e1bado en Sant Just Desvern, en el Complejo Deportivo de La Bonaigua, y que ha sido organizado por la Federaci\u00f3n Catalana de Gimnasia. \u00d2scar Rego ha realizado las actuaciones que [&hellip;]<\/p>\n","protected":false},"author":3,"featured_media":11222,"comment_status":"open","ping_status":"closed","sticky":false,"template":"","format":"standard","meta":{"_acf_changed":false,"inline_featured_image":false,"_joinchat":[],"footnotes":""},"categories":[1],"tags":[],"class_list":["post-11216","post","type-post","status-publish","format-standard","has-post-thumbnail","hentry","category-sin-categorizar"],"acf":[],"yoast_head":"<!-- This site is optimized with the Yoast SEO plugin v27.4 - https:\/\/yoast.com\/product\/yoast-seo-wordpress\/ -->\n<title>El fisioterapeuta de Alumni Oscar Rego supervisa el campeonato catal\u00e1n de gimnasia r\u00edtmica en Sant Just Desvern | EUSES - Campus de Bellvitge (Barcelona)<\/title>\n<meta name=\"robots\" content=\"index, follow, max-snippet:-1, max-image-preview:large, max-video-preview:-1\" \/>\n<link rel=\"canonical\" href=\"https:\/\/barcelona.euses.cat\/es\/el-fisioterapeuta-de-alumni-oscar-rego-supervisa-el-campeonato-catalan-de-gimnasia-ritmica-en-sant-just-desvern\/\" \/>\n<meta property=\"og:locale\" content=\"es_ES\" \/>\n<meta property=\"og:type\" content=\"article\" \/>\n<meta property=\"og:title\" content=\"El fisioterapeuta de Alumni Oscar Rego supervisa el campeonato catal\u00e1n de gimnasia r\u00edtmica en Sant Just Desvern | EUSES - Campus de Bellvitge (Barcelona)\" \/>\n<meta property=\"og:description\" content=\"El asociado de EUSES Alumni \u00d2scar Rego ha dado cobertura fisioterap\u00e9utica en el campeonato de Catalunya individual de gimnasia r\u00edtmica que se ha celebrado este s\u00e1bado en Sant Just Desvern, en el Complejo Deportivo de La Bonaigua, y que ha sido organizado por la Federaci\u00f3n Catalana de Gimnasia. \u00d2scar Rego ha realizado las actuaciones que [&hellip;]\" \/>\n<meta property=\"og:url\" content=\"https:\/\/barcelona.euses.cat\/es\/el-fisioterapeuta-de-alumni-oscar-rego-supervisa-el-campeonato-catalan-de-gimnasia-ritmica-en-sant-just-desvern\/\" \/>\n<meta property=\"og:site_name\" content=\"EUSES - Campus de Bellvitge (Barcelona)\" \/>\n<meta property=\"article:publisher\" content=\"https:\/\/www.facebook.com\/PhysioBCN\/\" \/>\n<meta property=\"article:published_time\" content=\"2023-05-23T14:41:27+00:00\" \/>\n<meta property=\"og:image\" content=\"https:\/\/barcelona.euses.cat\/wp-content\/uploads\/2023\/05\/gimn-scaled.jpg\" \/>\n\t<meta property=\"og:image:width\" content=\"2560\" \/>\n\t<meta property=\"og:image:height\" content=\"1152\" \/>\n\t<meta property=\"og:image:type\" content=\"image\/jpeg\" \/>\n<meta name=\"author\" content=\"Jordi Danes\" \/>\n<meta name=\"twitter:card\" content=\"summary_large_image\" \/>\n<meta name=\"twitter:label1\" content=\"Escrito por\" \/>\n\t<meta name=\"twitter:data1\" content=\"Jordi Danes\" \/>\n\t<meta name=\"twitter:label2\" content=\"Tiempo de lectura\" \/>\n\t<meta name=\"twitter:data2\" content=\"1 minuto\" \/>\n<script type=\"application\/ld+json\" class=\"yoast-schema-graph\">{\"@context\":\"https:\\\/\\\/schema.org\",\"@graph\":[{\"@type\":\"Article\",\"@id\":\"https:\\\/\\\/barcelona.euses.cat\\\/es\\\/el-fisioterapeuta-de-alumni-oscar-rego-supervisa-el-campeonato-catalan-de-gimnasia-ritmica-en-sant-just-desvern\\\/#article\",\"isPartOf\":{\"@id\":\"https:\\\/\\\/barcelona.euses.cat\\\/es\\\/el-fisioterapeuta-de-alumni-oscar-rego-supervisa-el-campeonato-catalan-de-gimnasia-ritmica-en-sant-just-desvern\\\/\"},\"author\":{\"name\":\"Jordi Danes\",\"@id\":\"https:\\\/\\\/barcelona.euses.cat\\\/ca\\\/#\\\/schema\\\/person\\\/8ab46080dfc4814fa59383db317735bd\"},\"headline\":\"El fisioterapeuta de Alumni Oscar Rego supervisa el campeonato catal\u00e1n de gimnasia r\u00edtmica en Sant Just Desvern\",\"datePublished\":\"2023-05-23T14:41:27+00:00\",\"mainEntityOfPage\":{\"@id\":\"https:\\\/\\\/barcelona.euses.cat\\\/es\\\/el-fisioterapeuta-de-alumni-oscar-rego-supervisa-el-campeonato-catalan-de-gimnasia-ritmica-en-sant-just-desvern\\\/\"},\"wordCount\":124,\"commentCount\":0,\"image\":{\"@id\":\"https:\\\/\\\/barcelona.euses.cat\\\/es\\\/el-fisioterapeuta-de-alumni-oscar-rego-supervisa-el-campeonato-catalan-de-gimnasia-ritmica-en-sant-just-desvern\\\/#primaryimage\"},\"thumbnailUrl\":\"https:\\\/\\\/barcelona.euses.cat\\\/wp-content\\\/uploads\\\/2023\\\/05\\\/gimn-scaled.jpg\",\"articleSection\":[\"Sin categorizar\"],\"inLanguage\":\"es\"},{\"@type\":\"WebPage\",\"@id\":\"https:\\\/\\\/barcelona.euses.cat\\\/es\\\/el-fisioterapeuta-de-alumni-oscar-rego-supervisa-el-campeonato-catalan-de-gimnasia-ritmica-en-sant-just-desvern\\\/\",\"url\":\"https:\\\/\\\/barcelona.euses.cat\\\/es\\\/el-fisioterapeuta-de-alumni-oscar-rego-supervisa-el-campeonato-catalan-de-gimnasia-ritmica-en-sant-just-desvern\\\/\",\"name\":\"El fisioterapeuta de Alumni Oscar Rego supervisa el campeonato catal\u00e1n de gimnasia r\u00edtmica en Sant Just Desvern | EUSES - Campus de Bellvitge (Barcelona)\",\"isPartOf\":{\"@id\":\"https:\\\/\\\/barcelona.euses.cat\\\/ca\\\/#website\"},\"primaryImageOfPage\":{\"@id\":\"https:\\\/\\\/barcelona.euses.cat\\\/es\\\/el-fisioterapeuta-de-alumni-oscar-rego-supervisa-el-campeonato-catalan-de-gimnasia-ritmica-en-sant-just-desvern\\\/#primaryimage\"},\"image\":{\"@id\":\"https:\\\/\\\/barcelona.euses.cat\\\/es\\\/el-fisioterapeuta-de-alumni-oscar-rego-supervisa-el-campeonato-catalan-de-gimnasia-ritmica-en-sant-just-desvern\\\/#primaryimage\"},\"thumbnailUrl\":\"https:\\\/\\\/barcelona.euses.cat\\\/wp-content\\\/uploads\\\/2023\\\/05\\\/gimn-scaled.jpg\",\"datePublished\":\"2023-05-23T14:41:27+00:00\",\"author\":{\"@id\":\"https:\\\/\\\/barcelona.euses.cat\\\/ca\\\/#\\\/schema\\\/person\\\/8ab46080dfc4814fa59383db317735bd\"},\"breadcrumb\":{\"@id\":\"https:\\\/\\\/barcelona.euses.cat\\\/es\\\/el-fisioterapeuta-de-alumni-oscar-rego-supervisa-el-campeonato-catalan-de-gimnasia-ritmica-en-sant-just-desvern\\\/#breadcrumb\"},\"inLanguage\":\"es\",\"potentialAction\":[{\"@type\":\"ReadAction\",\"target\":[\"https:\\\/\\\/barcelona.euses.cat\\\/es\\\/el-fisioterapeuta-de-alumni-oscar-rego-supervisa-el-campeonato-catalan-de-gimnasia-ritmica-en-sant-just-desvern\\\/\"]}]},{\"@type\":\"ImageObject\",\"inLanguage\":\"es\",\"@id\":\"https:\\\/\\\/barcelona.euses.cat\\\/es\\\/el-fisioterapeuta-de-alumni-oscar-rego-supervisa-el-campeonato-catalan-de-gimnasia-ritmica-en-sant-just-desvern\\\/#primaryimage\",\"url\":\"https:\\\/\\\/barcelona.euses.cat\\\/wp-content\\\/uploads\\\/2023\\\/05\\\/gimn-scaled.jpg\",\"contentUrl\":\"https:\\\/\\\/barcelona.euses.cat\\\/wp-content\\\/uploads\\\/2023\\\/05\\\/gimn-scaled.jpg\",\"width\":2560,\"height\":1152},{\"@type\":\"BreadcrumbList\",\"@id\":\"https:\\\/\\\/barcelona.euses.cat\\\/es\\\/el-fisioterapeuta-de-alumni-oscar-rego-supervisa-el-campeonato-catalan-de-gimnasia-ritmica-en-sant-just-desvern\\\/#breadcrumb\",\"itemListElement\":[{\"@type\":\"ListItem\",\"position\":1,\"name\":\"Portada\",\"item\":\"https:\\\/\\\/barcelona.euses.cat\\\/es\\\/\"},{\"@type\":\"ListItem\",\"position\":2,\"name\":\"El fisioterapeuta de Alumni Oscar Rego supervisa el campeonato catal\u00e1n de gimnasia r\u00edtmica en Sant Just Desvern\"}]},{\"@type\":\"WebSite\",\"@id\":\"https:\\\/\\\/barcelona.euses.cat\\\/ca\\\/#website\",\"url\":\"https:\\\/\\\/barcelona.euses.cat\\\/ca\\\/\",\"name\":\"EUSES - Campus de Bellvitge (Barcelona)\",\"description\":\"EUSES, Escuela Universitaria de Fisioterapia Internacional en Barcelona\",\"potentialAction\":[{\"@type\":\"SearchAction\",\"target\":{\"@type\":\"EntryPoint\",\"urlTemplate\":\"https:\\\/\\\/barcelona.euses.cat\\\/ca\\\/?s={search_term_string}\"},\"query-input\":{\"@type\":\"PropertyValueSpecification\",\"valueRequired\":true,\"valueName\":\"search_term_string\"}}],\"inLanguage\":\"es\"},{\"@type\":\"Person\",\"@id\":\"https:\\\/\\\/barcelona.euses.cat\\\/ca\\\/#\\\/schema\\\/person\\\/8ab46080dfc4814fa59383db317735bd\",\"name\":\"Jordi Danes\",\"image\":{\"@type\":\"ImageObject\",\"inLanguage\":\"es\",\"@id\":\"https:\\\/\\\/secure.gravatar.com\\\/avatar\\\/a9e4f443b594af225625ee8cfa665e41b1e0740ea34fbe0515b4ca559f8570ef?s=96&d=mm&r=g\",\"url\":\"https:\\\/\\\/secure.gravatar.com\\\/avatar\\\/a9e4f443b594af225625ee8cfa665e41b1e0740ea34fbe0515b4ca559f8570ef?s=96&d=mm&r=g\",\"contentUrl\":\"https:\\\/\\\/secure.gravatar.com\\\/avatar\\\/a9e4f443b594af225625ee8cfa665e41b1e0740ea34fbe0515b4ca559f8570ef?s=96&d=mm&r=g\",\"caption\":\"Jordi Danes\"},\"url\":\"https:\\\/\\\/barcelona.euses.cat\\\/es\\\/author\\\/jordi-danes\\\/\"}]}<\/script>\n<!-- \/ Yoast SEO plugin. -->","yoast_head_json":{"title":"El fisioterapeuta de Alumni Oscar Rego supervisa el campeonato catal\u00e1n de gimnasia r\u00edtmica en Sant Just Desvern | EUSES - Campus de Bellvitge (Barcelona)","robots":{"index":"index","follow":"follow","max-snippet":"max-snippet:-1","max-image-preview":"max-image-preview:large","max-video-preview":"max-video-preview:-1"},"canonical":"https:\/\/barcelona.euses.cat\/es\/el-fisioterapeuta-de-alumni-oscar-rego-supervisa-el-campeonato-catalan-de-gimnasia-ritmica-en-sant-just-desvern\/","og_locale":"es_ES","og_type":"article","og_title":"El fisioterapeuta de Alumni Oscar Rego supervisa el campeonato catal\u00e1n de gimnasia r\u00edtmica en Sant Just Desvern | EUSES - Campus de Bellvitge (Barcelona)","og_description":"El asociado de EUSES Alumni \u00d2scar Rego ha dado cobertura fisioterap\u00e9utica en el campeonato de Catalunya individual de gimnasia r\u00edtmica que se ha celebrado este s\u00e1bado en Sant Just Desvern, en el Complejo Deportivo de La Bonaigua, y que ha sido organizado por la Federaci\u00f3n Catalana de Gimnasia. \u00d2scar Rego ha realizado las actuaciones que [&hellip;]","og_url":"https:\/\/barcelona.euses.cat\/es\/el-fisioterapeuta-de-alumni-oscar-rego-supervisa-el-campeonato-catalan-de-gimnasia-ritmica-en-sant-just-desvern\/","og_site_name":"EUSES - Campus de Bellvitge (Barcelona)","article_publisher":"https:\/\/www.facebook.com\/PhysioBCN\/","article_published_time":"2023-05-23T14:41:27+00:00","og_image":[{"width":2560,"height":1152,"url":"https:\/\/barcelona.euses.cat\/wp-content\/uploads\/2023\/05\/gimn-scaled.jpg","type":"image\/jpeg"}],"author":"Jordi Danes","twitter_card":"summary_large_image","twitter_misc":{"Escrito por":"Jordi Danes","Tiempo de lectura":"1 minuto"},"schema":{"@context":"https:\/\/schema.org","@graph":[{"@type":"Article","@id":"https:\/\/barcelona.euses.cat\/es\/el-fisioterapeuta-de-alumni-oscar-rego-supervisa-el-campeonato-catalan-de-gimnasia-ritmica-en-sant-just-desvern\/#article","isPartOf":{"@id":"https:\/\/barcelona.euses.cat\/es\/el-fisioterapeuta-de-alumni-oscar-rego-supervisa-el-campeonato-catalan-de-gimnasia-ritmica-en-sant-just-desvern\/"},"author":{"name":"Jordi Danes","@id":"https:\/\/barcelona.euses.cat\/ca\/#\/schema\/person\/8ab46080dfc4814fa59383db317735bd"},"headline":"El fisioterapeuta de Alumni Oscar Rego supervisa el campeonato catal\u00e1n de gimnasia r\u00edtmica en Sant Just Desvern","datePublished":"2023-05-23T14:41:27+00:00","mainEntityOfPage":{"@id":"https:\/\/barcelona.euses.cat\/es\/el-fisioterapeuta-de-alumni-oscar-rego-supervisa-el-campeonato-catalan-de-gimnasia-ritmica-en-sant-just-desvern\/"},"wordCount":124,"commentCount":0,"image":{"@id":"https:\/\/barcelona.euses.cat\/es\/el-fisioterapeuta-de-alumni-oscar-rego-supervisa-el-campeonato-catalan-de-gimnasia-ritmica-en-sant-just-desvern\/#primaryimage"},"thumbnailUrl":"https:\/\/barcelona.euses.cat\/wp-content\/uploads\/2023\/05\/gimn-scaled.jpg","articleSection":["Sin categorizar"],"inLanguage":"es"},{"@type":"WebPage","@id":"https:\/\/barcelona.euses.cat\/es\/el-fisioterapeuta-de-alumni-oscar-rego-supervisa-el-campeonato-catalan-de-gimnasia-ritmica-en-sant-just-desvern\/","url":"https:\/\/barcelona.euses.cat\/es\/el-fisioterapeuta-de-alumni-oscar-rego-supervisa-el-campeonato-catalan-de-gimnasia-ritmica-en-sant-just-desvern\/","name":"El fisioterapeuta de Alumni Oscar Rego supervisa el campeonato catal\u00e1n de gimnasia r\u00edtmica en Sant Just Desvern | EUSES - Campus de Bellvitge (Barcelona)","isPartOf":{"@id":"https:\/\/barcelona.euses.cat\/ca\/#website"},"primaryImageOfPage":{"@id":"https:\/\/barcelona.euses.cat\/es\/el-fisioterapeuta-de-alumni-oscar-rego-supervisa-el-campeonato-catalan-de-gimnasia-ritmica-en-sant-just-desvern\/#primaryimage"},"image":{"@id":"https:\/\/barcelona.euses.cat\/es\/el-fisioterapeuta-de-alumni-oscar-rego-supervisa-el-campeonato-catalan-de-gimnasia-ritmica-en-sant-just-desvern\/#primaryimage"},"thumbnailUrl":"https:\/\/barcelona.euses.cat\/wp-content\/uploads\/2023\/05\/gimn-scaled.jpg","datePublished":"2023-05-23T14:41:27+00:00","author":{"@id":"https:\/\/barcelona.euses.cat\/ca\/#\/schema\/person\/8ab46080dfc4814fa59383db317735bd"},"breadcrumb":{"@id":"https:\/\/barcelona.euses.cat\/es\/el-fisioterapeuta-de-alumni-oscar-rego-supervisa-el-campeonato-catalan-de-gimnasia-ritmica-en-sant-just-desvern\/#breadcrumb"},"inLanguage":"es","potentialAction":[{"@type":"ReadAction","target":["https:\/\/barcelona.euses.cat\/es\/el-fisioterapeuta-de-alumni-oscar-rego-supervisa-el-campeonato-catalan-de-gimnasia-ritmica-en-sant-just-desvern\/"]}]},{"@type":"ImageObject","inLanguage":"es","@id":"https:\/\/barcelona.euses.cat\/es\/el-fisioterapeuta-de-alumni-oscar-rego-supervisa-el-campeonato-catalan-de-gimnasia-ritmica-en-sant-just-desvern\/#primaryimage","url":"https:\/\/barcelona.euses.cat\/wp-content\/uploads\/2023\/05\/gimn-scaled.jpg","contentUrl":"https:\/\/barcelona.euses.cat\/wp-content\/uploads\/2023\/05\/gimn-scaled.jpg","width":2560,"height":1152},{"@type":"BreadcrumbList","@id":"https:\/\/barcelona.euses.cat\/es\/el-fisioterapeuta-de-alumni-oscar-rego-supervisa-el-campeonato-catalan-de-gimnasia-ritmica-en-sant-just-desvern\/#breadcrumb","itemListElement":[{"@type":"ListItem","position":1,"name":"Portada","item":"https:\/\/barcelona.euses.cat\/es\/"},{"@type":"ListItem","position":2,"name":"El fisioterapeuta de Alumni Oscar Rego supervisa el campeonato catal\u00e1n de gimnasia r\u00edtmica en Sant Just Desvern"}]},{"@type":"WebSite","@id":"https:\/\/barcelona.euses.cat\/ca\/#website","url":"https:\/\/barcelona.euses.cat\/ca\/","name":"EUSES - Campus de Bellvitge (Barcelona)","description":"EUSES, Escuela Universitaria de Fisioterapia Internacional en Barcelona","potentialAction":[{"@type":"SearchAction","target":{"@type":"EntryPoint","urlTemplate":"https:\/\/barcelona.euses.cat\/ca\/?s={search_term_string}"},"query-input":{"@type":"PropertyValueSpecification","valueRequired":true,"valueName":"search_term_string"}}],"inLanguage":"es"},{"@type":"Person","@id":"https:\/\/barcelona.euses.cat\/ca\/#\/schema\/person\/8ab46080dfc4814fa59383db317735bd","name":"Jordi Danes","image":{"@type":"ImageObject","inLanguage":"es","@id":"https:\/\/secure.gravatar.com\/avatar\/a9e4f443b594af225625ee8cfa665e41b1e0740ea34fbe0515b4ca559f8570ef?s=96&d=mm&r=g","url":"https:\/\/secure.gravatar.com\/avatar\/a9e4f443b594af225625ee8cfa665e41b1e0740ea34fbe0515b4ca559f8570ef?s=96&d=mm&r=g","contentUrl":"https:\/\/secure.gravatar.com\/avatar\/a9e4f443b594af225625ee8cfa665e41b1e0740ea34fbe0515b4ca559f8570ef?s=96&d=mm&r=g","caption":"Jordi Danes"},"url":"https:\/\/barcelona.euses.cat\/es\/author\/jordi-danes\/"}]}},"_links":{"self":[{"href":"https:\/\/barcelona.euses.cat\/es\/wp-json\/wp\/v2\/posts\/11216","targetHints":{"allow":["GET"]}}],"collection":[{"href":"https:\/\/barcelona.euses.cat\/es\/wp-json\/wp\/v2\/posts"}],"about":[{"href":"https:\/\/barcelona.euses.cat\/es\/wp-json\/wp\/v2\/types\/post"}],"author":[{"embeddable":true,"href":"https:\/\/barcelona.euses.cat\/es\/wp-json\/wp\/v2\/users\/3"}],"replies":[{"embeddable":true,"href":"https:\/\/barcelona.euses.cat\/es\/wp-json\/wp\/v2\/comments?post=11216"}],"version-history":[{"count":1,"href":"https:\/\/barcelona.euses.cat\/es\/wp-json\/wp\/v2\/posts\/11216\/revisions"}],"predecessor-version":[{"id":11217,"href":"https:\/\/barcelona.euses.cat\/es\/wp-json\/wp\/v2\/posts\/11216\/revisions\/11217"}],"wp:featuredmedia":[{"embeddable":true,"href":"https:\/\/barcelona.euses.cat\/es\/wp-json\/wp\/v2\/media\/11222"}],"wp:attachment":[{"href":"https:\/\/barcelona.euses.cat\/es\/wp-json\/wp\/v2\/media?parent=11216"}],"wp:term":[{"taxonomy":"category","embeddable":true,"href":"https:\/\/barcelona.euses.cat\/es\/wp-json\/wp\/v2\/categories?post=11216"},{"taxonomy":"post_tag","embeddable":true,"href":"https:\/\/barcelona.euses.cat\/es\/wp-json\/wp\/v2\/tags?post=11216"}],"curies":[{"name":"wp","href":"https:\/\/api.w.org\/{rel}","templated":true}]}}