{"id":11179,"date":"2023-04-26T09:55:45","date_gmt":"2023-04-26T07:55:45","guid":{"rendered":"https:\/\/barcelona.euses.cat\/?p=11179"},"modified":"2023-04-26T09:55:45","modified_gmt":"2023-04-26T07:55:45","slug":"la-3a-edicion-del-talent-day-de-euses-bate-records-de-clubes-empresas-entidades-colaboradoras-y-ofertas-de-trabajo","status":"publish","type":"post","link":"https:\/\/barcelona.euses.cat\/es\/la-3a-edicion-del-talent-day-de-euses-bate-records-de-clubes-empresas-entidades-colaboradoras-y-ofertas-de-trabajo\/","title":{"rendered":"La 3\u00aa edici\u00f3n del Talent Day de EUSES bate r\u00e9cords de clubes, empresas, entidades colaboradoras y ofertas de trabajo"},"content":{"rendered":"<p>Por tercer a\u00f1o consecutivo, la Feria Virtual de la Ocupaci\u00f3n y Orientaci\u00f3n Profesional de la Escola Universit\u00e0ria de la Salut i l\u2019Esport mejor\u00f3 los n\u00fameros de las pasadas ediciones y cerr\u00f3 el acontecimiento con unas cifras \u00f3ptimas (40 estands entre clubes, empresas y entidades colaboradoras, y m\u00e1s de 230 ofertas de trabajo) que hacen pensar que el \u201cTalent Day\u201d ya se ha convertido en uno de los principales activos de EUSES Alumni y en una herramienta imprescindible para sus asociados \u00a0(tanto del Grado en Fisioterapia como en el de CAFyD) en el objetivo de adentrarse en el mercado laboral despu\u00e9s de la graduaci\u00f3n.<\/p>\n<p>El Talent Day, que se ha desarrollado con mucha agilidad (virtualmente y presencialmente) el lunes 24 y el martes 25 de abril, ha permitido a toda la comunidad de EUSES (principalmente a los Alumnis y a los estudiantes de 4\u00ba curso de los Campus de Salt, Terres de l\u2019Ebre y Bellvitge) acceder a todas las conferencias y mesas redondas que la organizaci\u00f3n ha dise\u00f1ado, pero tambi\u00e9n visitar la cuarentena de estands donde clubes, empresas y centros, tanto del pa\u00eds como del extranjero, se han dado a conocer y han presentado ofertas de trabajo. Precisamente, estas ofertas han sido el destino m\u00e1s concurrido por parte de los estudiantes, que han podido presentar curr\u00edculums y realizar entrevistas de trabajo por videoconferencia.<\/p>\n<p>Adem\u00e1s de las ofertas de trabajo, hay que destacar las ponencias y tres mesas redondas que EUSES Alumni ha organizado. Todas han sido confeccionadas pensando en el futuro inmediato de sus graduados. De hecho, la Escola Universit\u00e0ria de la Salut i l\u2019Esport es uno de los centros donde la inserci\u00f3n laboral de sus graduados supera el 95%, cosa que consolida el centro como una de las plataformas m\u00e1s fiables de caras a hacer el salto del mundo educativo al profesional.<\/p>\n\n\t\t<style type=\"text\/css\">\n\t\t\t#gallery-1 {\n\t\t\t\tmargin: auto;\n\t\t\t}\n\t\t\t#gallery-1 .gallery-item {\n\t\t\t\tfloat: left;\n\t\t\t\tmargin-top: 10px;\n\t\t\t\ttext-align: center;\n\t\t\t\twidth: 33%;\n\t\t\t}\n\t\t\t#gallery-1 img {\n\t\t\t\tborder: 2px solid #cfcfcf;\n\t\t\t}\n\t\t\t#gallery-1 .gallery-caption {\n\t\t\t\tmargin-left: 0;\n\t\t\t}\n\t\t\t\/* see gallery_shortcode() in wp-includes\/media.php *\/\n\t\t<\/style>\n\t\t<div id='gallery-1' class='gallery galleryid-11179 gallery-columns-3 gallery-size-medium'><dl class='gallery-item'>\n\t\t\t<dt class='gallery-icon landscape'>\n\t\t\t\t<a href='https:\/\/barcelona.euses.cat\/es\/la-3a-edicion-del-talent-day-de-euses-bate-records-de-clubes-empresas-entidades-colaboradoras-y-ofertas-de-trabajo\/talent-day-2023-6-2\/'><img fetchpriority=\"high\" decoding=\"async\" width=\"300\" height=\"225\" src=\"https:\/\/barcelona.euses.cat\/wp-content\/uploads\/2023\/04\/talent-day-2023-6-300x225.jpg\" class=\"attachment-medium size-medium\" alt=\"\" srcset=\"https:\/\/barcelona.euses.cat\/wp-content\/uploads\/2023\/04\/talent-day-2023-6-300x225.jpg 300w, https:\/\/barcelona.euses.cat\/wp-content\/uploads\/2023\/04\/talent-day-2023-6-1024x768.jpg 1024w, https:\/\/barcelona.euses.cat\/wp-content\/uploads\/2023\/04\/talent-day-2023-6-768x576.jpg 768w, https:\/\/barcelona.euses.cat\/wp-content\/uploads\/2023\/04\/talent-day-2023-6-1536x1152.jpg 1536w, https:\/\/barcelona.euses.cat\/wp-content\/uploads\/2023\/04\/talent-day-2023-6-2048x1536.jpg 2048w, https:\/\/barcelona.euses.cat\/wp-content\/uploads\/2023\/04\/talent-day-2023-6-267x200.jpg 267w, https:\/\/barcelona.euses.cat\/wp-content\/uploads\/2023\/04\/talent-day-2023-6-700x525.jpg 700w\" sizes=\"(max-width: 300px) 100vw, 300px\" \/><\/a>\n\t\t\t<\/dt><\/dl><dl class='gallery-item'>\n\t\t\t<dt class='gallery-icon landscape'>\n\t\t\t\t<a href='https:\/\/barcelona.euses.cat\/es\/la-3a-edicion-del-talent-day-de-euses-bate-records-de-clubes-empresas-entidades-colaboradoras-y-ofertas-de-trabajo\/talent-day-2023-11-2\/'><img decoding=\"async\" width=\"300\" height=\"169\" src=\"https:\/\/barcelona.euses.cat\/wp-content\/uploads\/2023\/04\/talent-day-2023-11-300x169.jpg\" class=\"attachment-medium size-medium\" alt=\"\" srcset=\"https:\/\/barcelona.euses.cat\/wp-content\/uploads\/2023\/04\/talent-day-2023-11-300x169.jpg 300w, https:\/\/barcelona.euses.cat\/wp-content\/uploads\/2023\/04\/talent-day-2023-11-1024x576.jpg 1024w, https:\/\/barcelona.euses.cat\/wp-content\/uploads\/2023\/04\/talent-day-2023-11-768x432.jpg 768w, https:\/\/barcelona.euses.cat\/wp-content\/uploads\/2023\/04\/talent-day-2023-11-1536x864.jpg 1536w, https:\/\/barcelona.euses.cat\/wp-content\/uploads\/2023\/04\/talent-day-2023-11-350x197.jpg 350w, https:\/\/barcelona.euses.cat\/wp-content\/uploads\/2023\/04\/talent-day-2023-11.jpg 1920w\" sizes=\"(max-width: 300px) 100vw, 300px\" \/><\/a>\n\t\t\t<\/dt><\/dl><dl class='gallery-item'>\n\t\t\t<dt class='gallery-icon landscape'>\n\t\t\t\t<a href='https:\/\/barcelona.euses.cat\/es\/la-3a-edicion-del-talent-day-de-euses-bate-records-de-clubes-empresas-entidades-colaboradoras-y-ofertas-de-trabajo\/talent-day-2023-12-2\/'><img decoding=\"async\" width=\"300\" height=\"232\" src=\"https:\/\/barcelona.euses.cat\/wp-content\/uploads\/2023\/04\/talent-day-2023-12-300x232.jpg\" class=\"attachment-medium size-medium\" alt=\"\" srcset=\"https:\/\/barcelona.euses.cat\/wp-content\/uploads\/2023\/04\/talent-day-2023-12-300x232.jpg 300w, https:\/\/barcelona.euses.cat\/wp-content\/uploads\/2023\/04\/talent-day-2023-12-1024x793.jpg 1024w, https:\/\/barcelona.euses.cat\/wp-content\/uploads\/2023\/04\/talent-day-2023-12-768x594.jpg 768w, https:\/\/barcelona.euses.cat\/wp-content\/uploads\/2023\/04\/talent-day-2023-12-258x200.jpg 258w, https:\/\/barcelona.euses.cat\/wp-content\/uploads\/2023\/04\/talent-day-2023-12.jpg 1071w\" sizes=\"(max-width: 300px) 100vw, 300px\" \/><\/a>\n\t\t\t<\/dt><\/dl><br style=\"clear: both\" \/>\n\t\t<\/div>\n\n<p>&nbsp;<\/p>\n","protected":false},"excerpt":{"rendered":"<p>Por tercer a\u00f1o consecutivo, la Feria Virtual de la Ocupaci\u00f3n y Orientaci\u00f3n Profesional de la Escola Universit\u00e0ria de la Salut i l\u2019Esport mejor\u00f3 los n\u00fameros de las pasadas ediciones y cerr\u00f3 el acontecimiento con unas cifras \u00f3ptimas (40 estands entre clubes, empresas y entidades colaboradoras, y m\u00e1s de 230 ofertas de trabajo) que hacen pensar [&hellip;]<\/p>\n","protected":false},"author":3,"featured_media":11164,"comment_status":"open","ping_status":"closed","sticky":false,"template":"","format":"standard","meta":{"_acf_changed":false,"inline_featured_image":false,"_joinchat":[],"footnotes":""},"categories":[1],"tags":[],"class_list":["post-11179","post","type-post","status-publish","format-standard","has-post-thumbnail","hentry","category-sin-categorizar"],"acf":[],"yoast_head":"<!-- This site is optimized with the Yoast SEO plugin v27.4 - https:\/\/yoast.com\/product\/yoast-seo-wordpress\/ -->\n<title>La 3\u00aa edici\u00f3n del Talent Day de EUSES bate r\u00e9cords de clubes, empresas, entidades colaboradoras y ofertas de trabajo | EUSES - Campus de Bellvitge (Barcelona)<\/title>\n<meta name=\"robots\" content=\"index, follow, max-snippet:-1, max-image-preview:large, max-video-preview:-1\" \/>\n<link rel=\"canonical\" href=\"https:\/\/barcelona.euses.cat\/es\/la-3a-edicion-del-talent-day-de-euses-bate-records-de-clubes-empresas-entidades-colaboradoras-y-ofertas-de-trabajo\/\" \/>\n<meta property=\"og:locale\" content=\"es_ES\" \/>\n<meta property=\"og:type\" content=\"article\" \/>\n<meta property=\"og:title\" content=\"La 3\u00aa edici\u00f3n del Talent Day de EUSES bate r\u00e9cords de clubes, empresas, entidades colaboradoras y ofertas de trabajo | EUSES - Campus de Bellvitge (Barcelona)\" \/>\n<meta property=\"og:description\" content=\"Por tercer a\u00f1o consecutivo, la Feria Virtual de la Ocupaci\u00f3n y Orientaci\u00f3n Profesional de la Escola Universit\u00e0ria de la Salut i l\u2019Esport mejor\u00f3 los n\u00fameros de las pasadas ediciones y cerr\u00f3 el acontecimiento con unas cifras \u00f3ptimas (40 estands entre clubes, empresas y entidades colaboradoras, y m\u00e1s de 230 ofertas de trabajo) que hacen pensar [&hellip;]\" \/>\n<meta property=\"og:url\" content=\"https:\/\/barcelona.euses.cat\/es\/la-3a-edicion-del-talent-day-de-euses-bate-records-de-clubes-empresas-entidades-colaboradoras-y-ofertas-de-trabajo\/\" \/>\n<meta property=\"og:site_name\" content=\"EUSES - Campus de Bellvitge (Barcelona)\" \/>\n<meta property=\"article:publisher\" content=\"https:\/\/www.facebook.com\/PhysioBCN\/\" \/>\n<meta property=\"article:published_time\" content=\"2023-04-26T07:55:45+00:00\" \/>\n<meta property=\"og:image\" content=\"https:\/\/barcelona.euses.cat\/wp-content\/uploads\/2023\/04\/talent-day-2023-4-scaled.jpg\" \/>\n\t<meta property=\"og:image:width\" content=\"2560\" \/>\n\t<meta property=\"og:image:height\" content=\"1920\" \/>\n\t<meta property=\"og:image:type\" content=\"image\/jpeg\" \/>\n<meta name=\"author\" content=\"Jordi Danes\" \/>\n<meta name=\"twitter:card\" content=\"summary_large_image\" \/>\n<meta name=\"twitter:label1\" content=\"Escrito por\" \/>\n\t<meta name=\"twitter:data1\" content=\"Jordi Danes\" \/>\n\t<meta name=\"twitter:label2\" content=\"Tiempo de lectura\" \/>\n\t<meta name=\"twitter:data2\" content=\"2 minutos\" \/>\n<script type=\"application\/ld+json\" class=\"yoast-schema-graph\">{\"@context\":\"https:\\\/\\\/schema.org\",\"@graph\":[{\"@type\":\"Article\",\"@id\":\"https:\\\/\\\/barcelona.euses.cat\\\/es\\\/la-3a-edicion-del-talent-day-de-euses-bate-records-de-clubes-empresas-entidades-colaboradoras-y-ofertas-de-trabajo\\\/#article\",\"isPartOf\":{\"@id\":\"https:\\\/\\\/barcelona.euses.cat\\\/es\\\/la-3a-edicion-del-talent-day-de-euses-bate-records-de-clubes-empresas-entidades-colaboradoras-y-ofertas-de-trabajo\\\/\"},\"author\":{\"name\":\"Jordi Danes\",\"@id\":\"https:\\\/\\\/barcelona.euses.cat\\\/ca\\\/#\\\/schema\\\/person\\\/8ab46080dfc4814fa59383db317735bd\"},\"headline\":\"La 3\u00aa edici\u00f3n del Talent Day de EUSES bate r\u00e9cords de clubes, empresas, entidades colaboradoras y ofertas de trabajo\",\"datePublished\":\"2023-04-26T07:55:45+00:00\",\"mainEntityOfPage\":{\"@id\":\"https:\\\/\\\/barcelona.euses.cat\\\/es\\\/la-3a-edicion-del-talent-day-de-euses-bate-records-de-clubes-empresas-entidades-colaboradoras-y-ofertas-de-trabajo\\\/\"},\"wordCount\":342,\"commentCount\":0,\"image\":{\"@id\":\"https:\\\/\\\/barcelona.euses.cat\\\/es\\\/la-3a-edicion-del-talent-day-de-euses-bate-records-de-clubes-empresas-entidades-colaboradoras-y-ofertas-de-trabajo\\\/#primaryimage\"},\"thumbnailUrl\":\"https:\\\/\\\/barcelona.euses.cat\\\/wp-content\\\/uploads\\\/2023\\\/04\\\/talent-day-2023-4-scaled.jpg\",\"articleSection\":[\"Sin categorizar\"],\"inLanguage\":\"es\"},{\"@type\":\"WebPage\",\"@id\":\"https:\\\/\\\/barcelona.euses.cat\\\/es\\\/la-3a-edicion-del-talent-day-de-euses-bate-records-de-clubes-empresas-entidades-colaboradoras-y-ofertas-de-trabajo\\\/\",\"url\":\"https:\\\/\\\/barcelona.euses.cat\\\/es\\\/la-3a-edicion-del-talent-day-de-euses-bate-records-de-clubes-empresas-entidades-colaboradoras-y-ofertas-de-trabajo\\\/\",\"name\":\"La 3\u00aa edici\u00f3n del Talent Day de EUSES bate r\u00e9cords de clubes, empresas, entidades colaboradoras y ofertas de trabajo | EUSES - Campus de Bellvitge (Barcelona)\",\"isPartOf\":{\"@id\":\"https:\\\/\\\/barcelona.euses.cat\\\/ca\\\/#website\"},\"primaryImageOfPage\":{\"@id\":\"https:\\\/\\\/barcelona.euses.cat\\\/es\\\/la-3a-edicion-del-talent-day-de-euses-bate-records-de-clubes-empresas-entidades-colaboradoras-y-ofertas-de-trabajo\\\/#primaryimage\"},\"image\":{\"@id\":\"https:\\\/\\\/barcelona.euses.cat\\\/es\\\/la-3a-edicion-del-talent-day-de-euses-bate-records-de-clubes-empresas-entidades-colaboradoras-y-ofertas-de-trabajo\\\/#primaryimage\"},\"thumbnailUrl\":\"https:\\\/\\\/barcelona.euses.cat\\\/wp-content\\\/uploads\\\/2023\\\/04\\\/talent-day-2023-4-scaled.jpg\",\"datePublished\":\"2023-04-26T07:55:45+00:00\",\"author\":{\"@id\":\"https:\\\/\\\/barcelona.euses.cat\\\/ca\\\/#\\\/schema\\\/person\\\/8ab46080dfc4814fa59383db317735bd\"},\"breadcrumb\":{\"@id\":\"https:\\\/\\\/barcelona.euses.cat\\\/es\\\/la-3a-edicion-del-talent-day-de-euses-bate-records-de-clubes-empresas-entidades-colaboradoras-y-ofertas-de-trabajo\\\/#breadcrumb\"},\"inLanguage\":\"es\",\"potentialAction\":[{\"@type\":\"ReadAction\",\"target\":[\"https:\\\/\\\/barcelona.euses.cat\\\/es\\\/la-3a-edicion-del-talent-day-de-euses-bate-records-de-clubes-empresas-entidades-colaboradoras-y-ofertas-de-trabajo\\\/\"]}]},{\"@type\":\"ImageObject\",\"inLanguage\":\"es\",\"@id\":\"https:\\\/\\\/barcelona.euses.cat\\\/es\\\/la-3a-edicion-del-talent-day-de-euses-bate-records-de-clubes-empresas-entidades-colaboradoras-y-ofertas-de-trabajo\\\/#primaryimage\",\"url\":\"https:\\\/\\\/barcelona.euses.cat\\\/wp-content\\\/uploads\\\/2023\\\/04\\\/talent-day-2023-4-scaled.jpg\",\"contentUrl\":\"https:\\\/\\\/barcelona.euses.cat\\\/wp-content\\\/uploads\\\/2023\\\/04\\\/talent-day-2023-4-scaled.jpg\",\"width\":2560,\"height\":1920},{\"@type\":\"BreadcrumbList\",\"@id\":\"https:\\\/\\\/barcelona.euses.cat\\\/es\\\/la-3a-edicion-del-talent-day-de-euses-bate-records-de-clubes-empresas-entidades-colaboradoras-y-ofertas-de-trabajo\\\/#breadcrumb\",\"itemListElement\":[{\"@type\":\"ListItem\",\"position\":1,\"name\":\"Portada\",\"item\":\"https:\\\/\\\/barcelona.euses.cat\\\/es\\\/\"},{\"@type\":\"ListItem\",\"position\":2,\"name\":\"La 3\u00aa edici\u00f3n del Talent Day de EUSES bate r\u00e9cords de clubes, empresas, entidades colaboradoras y ofertas de trabajo\"}]},{\"@type\":\"WebSite\",\"@id\":\"https:\\\/\\\/barcelona.euses.cat\\\/ca\\\/#website\",\"url\":\"https:\\\/\\\/barcelona.euses.cat\\\/ca\\\/\",\"name\":\"EUSES - Campus de Bellvitge (Barcelona)\",\"description\":\"EUSES, Escuela Universitaria de Fisioterapia Internacional en Barcelona\",\"potentialAction\":[{\"@type\":\"SearchAction\",\"target\":{\"@type\":\"EntryPoint\",\"urlTemplate\":\"https:\\\/\\\/barcelona.euses.cat\\\/ca\\\/?s={search_term_string}\"},\"query-input\":{\"@type\":\"PropertyValueSpecification\",\"valueRequired\":true,\"valueName\":\"search_term_string\"}}],\"inLanguage\":\"es\"},{\"@type\":\"Person\",\"@id\":\"https:\\\/\\\/barcelona.euses.cat\\\/ca\\\/#\\\/schema\\\/person\\\/8ab46080dfc4814fa59383db317735bd\",\"name\":\"Jordi Danes\",\"image\":{\"@type\":\"ImageObject\",\"inLanguage\":\"es\",\"@id\":\"https:\\\/\\\/secure.gravatar.com\\\/avatar\\\/a9e4f443b594af225625ee8cfa665e41b1e0740ea34fbe0515b4ca559f8570ef?s=96&d=mm&r=g\",\"url\":\"https:\\\/\\\/secure.gravatar.com\\\/avatar\\\/a9e4f443b594af225625ee8cfa665e41b1e0740ea34fbe0515b4ca559f8570ef?s=96&d=mm&r=g\",\"contentUrl\":\"https:\\\/\\\/secure.gravatar.com\\\/avatar\\\/a9e4f443b594af225625ee8cfa665e41b1e0740ea34fbe0515b4ca559f8570ef?s=96&d=mm&r=g\",\"caption\":\"Jordi Danes\"},\"url\":\"https:\\\/\\\/barcelona.euses.cat\\\/es\\\/author\\\/jordi-danes\\\/\"}]}<\/script>\n<!-- \/ Yoast SEO plugin. -->","yoast_head_json":{"title":"La 3\u00aa edici\u00f3n del Talent Day de EUSES bate r\u00e9cords de clubes, empresas, entidades colaboradoras y ofertas de trabajo | EUSES - Campus de Bellvitge (Barcelona)","robots":{"index":"index","follow":"follow","max-snippet":"max-snippet:-1","max-image-preview":"max-image-preview:large","max-video-preview":"max-video-preview:-1"},"canonical":"https:\/\/barcelona.euses.cat\/es\/la-3a-edicion-del-talent-day-de-euses-bate-records-de-clubes-empresas-entidades-colaboradoras-y-ofertas-de-trabajo\/","og_locale":"es_ES","og_type":"article","og_title":"La 3\u00aa edici\u00f3n del Talent Day de EUSES bate r\u00e9cords de clubes, empresas, entidades colaboradoras y ofertas de trabajo | EUSES - Campus de Bellvitge (Barcelona)","og_description":"Por tercer a\u00f1o consecutivo, la Feria Virtual de la Ocupaci\u00f3n y Orientaci\u00f3n Profesional de la Escola Universit\u00e0ria de la Salut i l\u2019Esport mejor\u00f3 los n\u00fameros de las pasadas ediciones y cerr\u00f3 el acontecimiento con unas cifras \u00f3ptimas (40 estands entre clubes, empresas y entidades colaboradoras, y m\u00e1s de 230 ofertas de trabajo) que hacen pensar [&hellip;]","og_url":"https:\/\/barcelona.euses.cat\/es\/la-3a-edicion-del-talent-day-de-euses-bate-records-de-clubes-empresas-entidades-colaboradoras-y-ofertas-de-trabajo\/","og_site_name":"EUSES - Campus de Bellvitge (Barcelona)","article_publisher":"https:\/\/www.facebook.com\/PhysioBCN\/","article_published_time":"2023-04-26T07:55:45+00:00","og_image":[{"width":2560,"height":1920,"url":"https:\/\/barcelona.euses.cat\/wp-content\/uploads\/2023\/04\/talent-day-2023-4-scaled.jpg","type":"image\/jpeg"}],"author":"Jordi Danes","twitter_card":"summary_large_image","twitter_misc":{"Escrito por":"Jordi Danes","Tiempo de lectura":"2 minutos"},"schema":{"@context":"https:\/\/schema.org","@graph":[{"@type":"Article","@id":"https:\/\/barcelona.euses.cat\/es\/la-3a-edicion-del-talent-day-de-euses-bate-records-de-clubes-empresas-entidades-colaboradoras-y-ofertas-de-trabajo\/#article","isPartOf":{"@id":"https:\/\/barcelona.euses.cat\/es\/la-3a-edicion-del-talent-day-de-euses-bate-records-de-clubes-empresas-entidades-colaboradoras-y-ofertas-de-trabajo\/"},"author":{"name":"Jordi Danes","@id":"https:\/\/barcelona.euses.cat\/ca\/#\/schema\/person\/8ab46080dfc4814fa59383db317735bd"},"headline":"La 3\u00aa edici\u00f3n del Talent Day de EUSES bate r\u00e9cords de clubes, empresas, entidades colaboradoras y ofertas de trabajo","datePublished":"2023-04-26T07:55:45+00:00","mainEntityOfPage":{"@id":"https:\/\/barcelona.euses.cat\/es\/la-3a-edicion-del-talent-day-de-euses-bate-records-de-clubes-empresas-entidades-colaboradoras-y-ofertas-de-trabajo\/"},"wordCount":342,"commentCount":0,"image":{"@id":"https:\/\/barcelona.euses.cat\/es\/la-3a-edicion-del-talent-day-de-euses-bate-records-de-clubes-empresas-entidades-colaboradoras-y-ofertas-de-trabajo\/#primaryimage"},"thumbnailUrl":"https:\/\/barcelona.euses.cat\/wp-content\/uploads\/2023\/04\/talent-day-2023-4-scaled.jpg","articleSection":["Sin categorizar"],"inLanguage":"es"},{"@type":"WebPage","@id":"https:\/\/barcelona.euses.cat\/es\/la-3a-edicion-del-talent-day-de-euses-bate-records-de-clubes-empresas-entidades-colaboradoras-y-ofertas-de-trabajo\/","url":"https:\/\/barcelona.euses.cat\/es\/la-3a-edicion-del-talent-day-de-euses-bate-records-de-clubes-empresas-entidades-colaboradoras-y-ofertas-de-trabajo\/","name":"La 3\u00aa edici\u00f3n del Talent Day de EUSES bate r\u00e9cords de clubes, empresas, entidades colaboradoras y ofertas de trabajo | EUSES - Campus de Bellvitge (Barcelona)","isPartOf":{"@id":"https:\/\/barcelona.euses.cat\/ca\/#website"},"primaryImageOfPage":{"@id":"https:\/\/barcelona.euses.cat\/es\/la-3a-edicion-del-talent-day-de-euses-bate-records-de-clubes-empresas-entidades-colaboradoras-y-ofertas-de-trabajo\/#primaryimage"},"image":{"@id":"https:\/\/barcelona.euses.cat\/es\/la-3a-edicion-del-talent-day-de-euses-bate-records-de-clubes-empresas-entidades-colaboradoras-y-ofertas-de-trabajo\/#primaryimage"},"thumbnailUrl":"https:\/\/barcelona.euses.cat\/wp-content\/uploads\/2023\/04\/talent-day-2023-4-scaled.jpg","datePublished":"2023-04-26T07:55:45+00:00","author":{"@id":"https:\/\/barcelona.euses.cat\/ca\/#\/schema\/person\/8ab46080dfc4814fa59383db317735bd"},"breadcrumb":{"@id":"https:\/\/barcelona.euses.cat\/es\/la-3a-edicion-del-talent-day-de-euses-bate-records-de-clubes-empresas-entidades-colaboradoras-y-ofertas-de-trabajo\/#breadcrumb"},"inLanguage":"es","potentialAction":[{"@type":"ReadAction","target":["https:\/\/barcelona.euses.cat\/es\/la-3a-edicion-del-talent-day-de-euses-bate-records-de-clubes-empresas-entidades-colaboradoras-y-ofertas-de-trabajo\/"]}]},{"@type":"ImageObject","inLanguage":"es","@id":"https:\/\/barcelona.euses.cat\/es\/la-3a-edicion-del-talent-day-de-euses-bate-records-de-clubes-empresas-entidades-colaboradoras-y-ofertas-de-trabajo\/#primaryimage","url":"https:\/\/barcelona.euses.cat\/wp-content\/uploads\/2023\/04\/talent-day-2023-4-scaled.jpg","contentUrl":"https:\/\/barcelona.euses.cat\/wp-content\/uploads\/2023\/04\/talent-day-2023-4-scaled.jpg","width":2560,"height":1920},{"@type":"BreadcrumbList","@id":"https:\/\/barcelona.euses.cat\/es\/la-3a-edicion-del-talent-day-de-euses-bate-records-de-clubes-empresas-entidades-colaboradoras-y-ofertas-de-trabajo\/#breadcrumb","itemListElement":[{"@type":"ListItem","position":1,"name":"Portada","item":"https:\/\/barcelona.euses.cat\/es\/"},{"@type":"ListItem","position":2,"name":"La 3\u00aa edici\u00f3n del Talent Day de EUSES bate r\u00e9cords de clubes, empresas, entidades colaboradoras y ofertas de trabajo"}]},{"@type":"WebSite","@id":"https:\/\/barcelona.euses.cat\/ca\/#website","url":"https:\/\/barcelona.euses.cat\/ca\/","name":"EUSES - Campus de Bellvitge (Barcelona)","description":"EUSES, Escuela Universitaria de Fisioterapia Internacional en Barcelona","potentialAction":[{"@type":"SearchAction","target":{"@type":"EntryPoint","urlTemplate":"https:\/\/barcelona.euses.cat\/ca\/?s={search_term_string}"},"query-input":{"@type":"PropertyValueSpecification","valueRequired":true,"valueName":"search_term_string"}}],"inLanguage":"es"},{"@type":"Person","@id":"https:\/\/barcelona.euses.cat\/ca\/#\/schema\/person\/8ab46080dfc4814fa59383db317735bd","name":"Jordi Danes","image":{"@type":"ImageObject","inLanguage":"es","@id":"https:\/\/secure.gravatar.com\/avatar\/a9e4f443b594af225625ee8cfa665e41b1e0740ea34fbe0515b4ca559f8570ef?s=96&d=mm&r=g","url":"https:\/\/secure.gravatar.com\/avatar\/a9e4f443b594af225625ee8cfa665e41b1e0740ea34fbe0515b4ca559f8570ef?s=96&d=mm&r=g","contentUrl":"https:\/\/secure.gravatar.com\/avatar\/a9e4f443b594af225625ee8cfa665e41b1e0740ea34fbe0515b4ca559f8570ef?s=96&d=mm&r=g","caption":"Jordi Danes"},"url":"https:\/\/barcelona.euses.cat\/es\/author\/jordi-danes\/"}]}},"_links":{"self":[{"href":"https:\/\/barcelona.euses.cat\/es\/wp-json\/wp\/v2\/posts\/11179","targetHints":{"allow":["GET"]}}],"collection":[{"href":"https:\/\/barcelona.euses.cat\/es\/wp-json\/wp\/v2\/posts"}],"about":[{"href":"https:\/\/barcelona.euses.cat\/es\/wp-json\/wp\/v2\/types\/post"}],"author":[{"embeddable":true,"href":"https:\/\/barcelona.euses.cat\/es\/wp-json\/wp\/v2\/users\/3"}],"replies":[{"embeddable":true,"href":"https:\/\/barcelona.euses.cat\/es\/wp-json\/wp\/v2\/comments?post=11179"}],"version-history":[{"count":1,"href":"https:\/\/barcelona.euses.cat\/es\/wp-json\/wp\/v2\/posts\/11179\/revisions"}],"predecessor-version":[{"id":11180,"href":"https:\/\/barcelona.euses.cat\/es\/wp-json\/wp\/v2\/posts\/11179\/revisions\/11180"}],"wp:featuredmedia":[{"embeddable":true,"href":"https:\/\/barcelona.euses.cat\/es\/wp-json\/wp\/v2\/media\/11164"}],"wp:attachment":[{"href":"https:\/\/barcelona.euses.cat\/es\/wp-json\/wp\/v2\/media?parent=11179"}],"wp:term":[{"taxonomy":"category","embeddable":true,"href":"https:\/\/barcelona.euses.cat\/es\/wp-json\/wp\/v2\/categories?post=11179"},{"taxonomy":"post_tag","embeddable":true,"href":"https:\/\/barcelona.euses.cat\/es\/wp-json\/wp\/v2\/tags?post=11179"}],"curies":[{"name":"wp","href":"https:\/\/api.w.org\/{rel}","templated":true}]}}